{"id":868,"date":"2016-04-13T11:45:26","date_gmt":"2016-04-13T11:45:26","guid":{"rendered":"http:\/\/skoda-rowery.pl\/?p=868"},"modified":"2016-12-05T09:54:01","modified_gmt":"2016-12-05T09:54:01","slug":"najwazniejsze-kobiety-w-swiecie-kolarstwa","status":"publish","type":"post","link":"https:\/\/www.welovecycling.com\/pl\/2016\/04\/13\/najwazniejsze-kobiety-w-swiecie-kolarstwa\/","title":{"rendered":"Najwa\u017cniejsze kobiety w \u015bwiecie kolarstwa"},"content":{"rendered":"<p style=\"text-align: justify\">Rower zawsze cieszy\u0142 si\u0119 szczeg\u00f3ln\u0105 sympati\u0105 kobiet. Pocz\u0105tkowo by\u0142 to dla nich symbol niezale\u017cnego transportu w momencie gdy najbardziej pr\u0119\u017cnie dzia\u0142a\u0142 ruch wyzwolenia kobiet, a w dzisiejszych czasach kolarki s\u0105 jednymi z najbardziej inspiruj\u0105cych sportowc\u00f3w \u015bwiata. <!--more-->W rzeczywisto\u015bci popularno\u015b\u0107 kolarstwa kobiet na wszystkich poziomach wzros\u0142a znacz\u0105co w ostatnich dziesi\u0119cioleciach, dlatego chcieli\u015bmy po\u015bwi\u0119ci\u0107 chwil\u0119, aby wspomnie\u0107 niekt\u00f3re z najwa\u017cniejszych jak dot\u0105d kobiet w \u015bwiecie kolarstwa&#8230;<\/p>\n<p style=\"text-align: justify\"><strong>Poszukiwaczka przyg\u00f3d \u2013 Annie Londonderry<\/strong><\/p>\n<p style=\"text-align: justify\"><img loading=\"lazy\" decoding=\"async\" class=\"alignnone size-full wp-image-869\" src=\"http:\/\/skoda-rowery.pl\/wp-content\/uploads\/2016\/04\/2.jpg\" alt=\"2\" width=\"600\" height=\"610\" srcset=\"https:\/\/d2p6e6u75xmxt8.cloudfront.net\/5\/2016\/04\/2.jpg 600w, https:\/\/d2p6e6u75xmxt8.cloudfront.net\/5\/2016\/04\/2-295x300.jpg 295w\" sizes=\"auto, (max-width: 600px) 100vw, 600px\" \/><br \/>\nJej niesamowita historia mog\u0142aby s\u0142u\u017cy\u0107 za kanw\u0119 powie\u015bci. Annie Londonderry by\u0142a pierwsz\u0105 kobiet\u0105, kt\u00f3ra przejecha\u0142a na rowerze dooko\u0142a \u015bwiata. Wyruszy\u0142a z Bostonu w 1894 roku w odpowiedzi na zak\u0142ad dw\u00f3ch m\u0119\u017cczyzn, kt\u00f3rzy uwa\u017cali, \u017ce kobieta nie podo\u0142a takiemu wyzwaniu. Po drodze stan\u0119\u0142a w obliczu dodatkowych wyzwa\u0144 &#8211; mo\u017cliwo\u015bci zarobienia 5.000 dolar\u00f3w (by\u0142 to pow\u00f3d zmiany nazwiska z Kopchovsky na Londonderry dla sponsoruj\u0105cej j\u0105 firmy) i pokonania trasy podr\u00f3\u017cy w mniej ni\u017c po\u0142ow\u0119 czasu osi\u0105gni\u0119tego przez Thomasa Stevensa dziesi\u0119\u0107 lat wcze\u015bniej. Po epizodzie w chi\u0144skim wi\u0119zieniu, okradziona przez rabusia we Francji i pomimo innych przyg\u00f3d przyby\u0142a do Chicago dok\u0142adnie 15 miesi\u0119cy p\u00f3\u017aniej, czym wygra\u0142a zak\u0142ad i wnios\u0142a ogromny wk\u0142ad w walk\u0119 o r\u00f3wnouprawnienie kobiet, a do tego zarobi\u0142a 10.000 dolar\u00f3w.<\/p>\n<p style=\"text-align: justify\"><strong>Rekordzistka \u2013 Billie Fleming<\/strong><\/p>\n<p style=\"text-align: justify\"><img loading=\"lazy\" decoding=\"async\" class=\"alignnone wp-image-870\" src=\"http:\/\/skoda-rowery.pl\/wp-content\/uploads\/2016\/04\/billie-fleming-8.jpg\" alt=\"billie-fleming-8\" width=\"859\" height=\"572\" srcset=\"https:\/\/d2p6e6u75xmxt8.cloudfront.net\/5\/2016\/04\/billie-fleming-8.jpg 1000w, https:\/\/d2p6e6u75xmxt8.cloudfront.net\/5\/2016\/04\/billie-fleming-8-300x200.jpg 300w, https:\/\/d2p6e6u75xmxt8.cloudfront.net\/5\/2016\/04\/billie-fleming-8-768x511.jpg 768w, https:\/\/d2p6e6u75xmxt8.cloudfront.net\/5\/2016\/04\/billie-fleming-8-272x182.jpg 272w\" sizes=\"auto, (max-width: 859px) 100vw, 859px\" \/><br \/>\nPochodz\u0105ca z Londynu Billie Fleming by\u0142a wy\u015bmiewana przez konkurent\u00f3w za fakt bycia kobiet\u0105. W 1938 roku ustanowi\u0142a rekord odleg\u0142o\u015bci pokonanej na rowerze w ci\u0105gu 12 miesi\u0119cy &#8211; 29.600 mil. Jedyn\u0105 pomoc\u0105, jak\u0105 otrzyma\u0142a by\u0142 rower od Rudge Whitworth i troch\u0119 czekolady od Cadbury\u2019s. Kiedy ustanawia\u0142a r\u00f3wnie\u017c rekordy w pr\u00f3bie czasowej na tricyklu na 25, 50 i 100 mil Stowarzyszenie Rower\u00f3w Tr\u00f3jko\u0142owych wci\u0105\u017c odrzuca\u0142o jej pro\u015bb\u0119, aby dopu\u015bci\u0107 do cz\u0142onkostwa kobiety. Wychodzi jednak na to, \u017ce to ona \u015bmia\u0142a si\u0119 ostatnia, gdy\u017c nie tylko zainspirowa\u0142a ponad 1000 kolarek do powt\u00f3rzenia jej rekordu dla 365 dni, ale tak\u017ce pokaza\u0142a, zgodnie ze swoim zamierzeniem, \u017ce rower mo\u017ce pomaga\u0107 w utrzymaniu dobrego stanu zdrowia, co potwierdzi\u0142a, do\u017cywaj\u0105c s\u0119dziwego wieku 100 lat.<\/p>\n<p style=\"text-align: justify\"><strong>Najlepsza kolarka Wielkiej Brytanii? \u2013 Beryl Burton<\/strong><\/p>\n<p style=\"text-align: justify\"><img loading=\"lazy\" decoding=\"async\" class=\"alignnone wp-image-871\" src=\"http:\/\/skoda-rowery.pl\/wp-content\/uploads\/2016\/04\/Beryl-Burton.jpg\" alt=\"Beryl-Burton\" width=\"863\" height=\"611\" srcset=\"https:\/\/d2p6e6u75xmxt8.cloudfront.net\/5\/2016\/04\/Beryl-Burton.jpg 620w, https:\/\/d2p6e6u75xmxt8.cloudfront.net\/5\/2016\/04\/Beryl-Burton-300x212.jpg 300w\" sizes=\"auto, (max-width: 863px) 100vw, 863px\" \/><\/p>\n<p style=\"text-align: justify\">Beryl Burton nie tylko zdoby\u0142a a\u017c 72 krajowe tytu\u0142y w je\u017adzie na czas, b\u0119d\u0105c najbardziej wszechstronn\u0105 kolark\u0105 Wielkiej Brytanii na wszystkich dystansach w je\u017adzie na czas przez ponad 25 kolejnych lat, ale nale\u017ca\u0142 do niej nawet rekord \u015bwiata m\u0119\u017cczyzn w 12-godzinnej je\u017adzie na czas w latach 1967-1969. Spo\u015br\u00f3d jej licznych osi\u0105gni\u0119\u0107 mo\u017cna wymieni\u0107 przejechanie 600 mil w tydzie\u0144 w ramach trening\u00f3w, jednak nie chcia\u0142a przej\u015b\u0107 na zawodowstwo i nie uczestniczy\u0142a w Igrzyskach Olimpijskich, poniewa\u017c kolarstwo damskie nie zosta\u0142o do nich dopuszczone a\u017c do 1984 roku, gdy mia\u0142a 47 lat.<\/p>\n<p style=\"text-align: justify\"><strong>Legenda d\u0142ugich dystans\u00f3w \u2013 Marianne Martin<\/strong><\/p>\n<p style=\"text-align: justify\"><img loading=\"lazy\" decoding=\"async\" class=\" wp-image-872\" src=\"http:\/\/skoda-rowery.pl\/wp-content\/uploads\/2016\/04\/20120926__27cdsss2_300.jpg\" alt=\"mariannemartin.jpg Marianne Martin reacts after winning the first women's Tour de France in 1984. Martin will be inducted into the Boulder Sports Hall of Fame on Saturday, Sep. 29. Courtesy photo\" width=\"543\" height=\"822\" srcset=\"https:\/\/d2p6e6u75xmxt8.cloudfront.net\/5\/2016\/04\/20120926__27cdsss2_300.jpg 300w, https:\/\/d2p6e6u75xmxt8.cloudfront.net\/5\/2016\/04\/20120926__27cdsss2_300-198x300.jpg 198w\" sizes=\"auto, (max-width: 543px) 100vw, 543px\" \/><br \/>\nW 1984 roku Amerykanka Marianne Martin wygra\u0142a pierwszy kobiecy Tour de France, chyba najbardziej znany ze wszystkich wy\u015bcig\u00f3w kolarskich. Nigdy nie rwa\u0142a si\u0119 do kolarstwa, wola\u0142a bieganie &#8211; a\u017c do momentu, gdy kontuzja plec\u00f3w zmusi\u0142a j\u0105 do zmiany dyscypliny. Francuscy dziennikarze prognozowali, \u017ce \u017cadna kobieta nie zdo\u0142a nawet uko\u0144czy\u0107 wy\u015bcigu, ale Marianne Martin przejecha\u0142a dystans 616 mil w 29 godzin i 39 minut.<\/p>\n<p style=\"text-align: justify\"><strong>Moc nie do powstrzymania \u2013 Victoria Pendleton, CBE<\/strong><\/p>\n<p style=\"text-align: justify\"><img loading=\"lazy\" decoding=\"async\" class=\" wp-image-873\" src=\"http:\/\/skoda-rowery.pl\/wp-content\/uploads\/2016\/04\/profimedia-0278587723-1024x931.jpg\" alt=\"Victoria Pendleton riding Pacha du Polder finishes fifth in the St. James's Place Foxhunter Chase at Cheltenham. Material must be credited &quot;The Times\/News Syndication&quot; unless otherwise agreed. 100% surcharge if not credited. Online rights need to be cleared separately. Strictly one time use only subject to agreement with News Syndication, Image: 278587723, License: Rights-managed, Restrictions: Usage is subject to our terms and conditions. Electronic storage is prohibited., Model Release: no, Credit line: Profimedia, News Corporation\" width=\"868\" height=\"789\" srcset=\"https:\/\/d2p6e6u75xmxt8.cloudfront.net\/5\/2016\/04\/profimedia-0278587723-1024x931.jpg 1024w, https:\/\/d2p6e6u75xmxt8.cloudfront.net\/5\/2016\/04\/profimedia-0278587723-300x273.jpg 300w, https:\/\/d2p6e6u75xmxt8.cloudfront.net\/5\/2016\/04\/profimedia-0278587723-768x698.jpg 768w, https:\/\/d2p6e6u75xmxt8.cloudfront.net\/5\/2016\/04\/profimedia-0278587723.jpg 1250w\" sizes=\"auto, (max-width: 868px) 100vw, 868px\" \/><\/p>\n<p style=\"text-align: justify\">Victoria Pendleton, cho\u0107 ma obecnie tylko 35 lat, mo\u017ce pochwali\u0107 si\u0119 karier\u0105 sportow\u0105 ju\u017c w drugiej dyscyplinie &#8211; je\u017adzie konnej. S\u0142aw\u0119 zdoby\u0142a jednak jako brytyjska kolarka torowa specjalizuj\u0105ca si\u0119 w sprincie, sprincie dru\u017cynowym i keirin. Pendleton reprezentowa\u0142a Wielk\u0105 Brytani\u0119 w wielu zawodach, by\u0142a jednocze\u015bnie mistrzyni\u0105 Europy i Wsp\u00f3lnoty Narod\u00f3w. W 2012 r. zdoby\u0142a z\u0142oty i srebrny medal olimpijski, a w 2013 r. zosta\u0142a Komandorem Orderu Imperium Brytyjskiego (CBE). Jest r\u00f3wnie\u017c cz\u0142onkiem Galerii S\u0142awy Europejskiej Unii Kolarskiej. Znana jest z determinacji i robi ju\u017c zamieszanie tak\u017ce w \u015bwiecie wy\u015bcig\u00f3w konnych.<br \/>\nMy jeste\u015bmy pod wra\u017ceniem tych kobiet. Mamy nadziej\u0119, \u017ce wy tak\u017ce. By\u0107 mo\u017ce nied\u0142ugo do tego grona do\u0142\u0105czy jaka\u015b Polka. Na pewno wam o tym powiemy. Zagl\u0105dajcie tu cz\u0119\u015bciej po nowe informacje!<\/p>\n<p style=\"text-align: justify\">\n<p style=\"text-align: justify\">(\u017ar\u00f3d\u0142o zdj\u0119\u0107: welovecycling.com)<\/p>\n","protected":false},"excerpt":{"rendered":"<p>Rower zawsze cieszy\u0142 si\u0119 szczeg\u00f3ln\u0105 sympati\u0105 kobiet. Pocz\u0105tkowo by\u0142 to dla nich symbol niezale\u017cnego transportu w momencie gdy najbardziej pr\u0119\u017cnie [&hellip;]<\/p>\n","protected":false},"author":1,"featured_media":874,"comment_status":"closed","ping_status":"closed","sticky":false,"template":"","format":"standard","meta":{"footnotes":""},"categories":[6],"tags":[],"global-categories":[],"class_list":["post-868","post","type-post","status-publish","format-standard","has-post-thumbnail","hentry","category-kolarstwo-szosowe"],"yoast_head":"<!-- This site is optimized with the Yoast SEO Premium plugin v25.3 (Yoast SEO v25.9) - https:\/\/yoast.com\/wordpress\/plugins\/seo\/ -->\n<title>Najwa\u017cniejsze kobiety w \u015bwiecie kolarstwa - \u0160koda We Love Cycling - Poland<\/title>\n<meta name=\"robots\" content=\"index, follow, max-snippet:-1, max-image-preview:large, max-video-preview:-1\" \/>\n<link rel=\"canonical\" href=\"https:\/\/www.welovecycling.com\/pl\/2016\/04\/13\/najwazniejsze-kobiety-w-swiecie-kolarstwa\/\" \/>\n<meta property=\"og:locale\" content=\"pl_PL\" \/>\n<meta property=\"og:type\" content=\"article\" \/>\n<meta property=\"og:title\" content=\"Najwa\u017cniejsze kobiety w \u015bwiecie kolarstwa\" \/>\n<meta property=\"og:description\" content=\"Rower zawsze cieszy\u0142 si\u0119 szczeg\u00f3ln\u0105 sympati\u0105 kobiet. Pocz\u0105tkowo by\u0142 to dla nich symbol niezale\u017cnego transportu w momencie gdy najbardziej pr\u0119\u017cnie [&hellip;]\" \/>\n<meta property=\"og:url\" content=\"https:\/\/www.welovecycling.com\/pl\/2016\/04\/13\/najwazniejsze-kobiety-w-swiecie-kolarstwa\/\" \/>\n<meta property=\"og:site_name\" content=\"\u0160koda We Love Cycling - Poland\" \/>\n<meta property=\"article:published_time\" content=\"2016-04-13T11:45:26+00:00\" \/>\n<meta property=\"article:modified_time\" content=\"2016-12-05T09:54:01+00:00\" \/>\n<meta property=\"og:image\" content=\"https:\/\/d2p6e6u75xmxt8.cloudfront.net\/5\/2016\/04\/224241331_422323113.jpg\" \/>\n\t<meta property=\"og:image:width\" content=\"1600\" \/>\n\t<meta property=\"og:image:height\" content=\"589\" \/>\n\t<meta property=\"og:image:type\" content=\"image\/jpeg\" \/>\n<meta name=\"author\" content=\"WeLoveCycling\" \/>\n<meta name=\"twitter:card\" content=\"summary_large_image\" \/>\n<meta name=\"twitter:label1\" content=\"Written by\" \/>\n\t<meta name=\"twitter:data1\" content=\"WeLoveCycling\" \/>\n\t<meta name=\"twitter:label2\" content=\"Est. reading time\" \/>\n\t<meta name=\"twitter:data2\" content=\"4 minutes\" \/>\n<script type=\"application\/ld+json\" class=\"yoast-schema-graph\">{\"@context\":\"https:\/\/schema.org\",\"@graph\":[{\"@type\":\"WebPage\",\"@id\":\"https:\/\/www.welovecycling.com\/pl\/2016\/04\/13\/najwazniejsze-kobiety-w-swiecie-kolarstwa\/\",\"url\":\"https:\/\/www.welovecycling.com\/pl\/2016\/04\/13\/najwazniejsze-kobiety-w-swiecie-kolarstwa\/\",\"name\":\"Najwa\u017cniejsze kobiety w \u015bwiecie kolarstwa - \u0160koda We Love Cycling - Poland\",\"isPartOf\":{\"@id\":\"https:\/\/www.welovecycling.com\/pl\/#website\"},\"primaryImageOfPage\":{\"@id\":\"https:\/\/www.welovecycling.com\/pl\/2016\/04\/13\/najwazniejsze-kobiety-w-swiecie-kolarstwa\/#primaryimage\"},\"image\":{\"@id\":\"https:\/\/www.welovecycling.com\/pl\/2016\/04\/13\/najwazniejsze-kobiety-w-swiecie-kolarstwa\/#primaryimage\"},\"thumbnailUrl\":\"https:\/\/d2p6e6u75xmxt8.cloudfront.net\/5\/2016\/04\/224241331_422323113.jpg\",\"datePublished\":\"2016-04-13T11:45:26+00:00\",\"dateModified\":\"2016-12-05T09:54:01+00:00\",\"author\":{\"@id\":\"https:\/\/www.welovecycling.com\/pl\/#\/schema\/person\/e5187c9cac8dd619ebc7b41bd73c2fd9\"},\"breadcrumb\":{\"@id\":\"https:\/\/www.welovecycling.com\/pl\/2016\/04\/13\/najwazniejsze-kobiety-w-swiecie-kolarstwa\/#breadcrumb\"},\"inLanguage\":\"pl-PL\",\"potentialAction\":[{\"@type\":\"ReadAction\",\"target\":[\"https:\/\/www.welovecycling.com\/pl\/2016\/04\/13\/najwazniejsze-kobiety-w-swiecie-kolarstwa\/\"]}]},{\"@type\":\"ImageObject\",\"inLanguage\":\"pl-PL\",\"@id\":\"https:\/\/www.welovecycling.com\/pl\/2016\/04\/13\/najwazniejsze-kobiety-w-swiecie-kolarstwa\/#primaryimage\",\"url\":\"https:\/\/d2p6e6u75xmxt8.cloudfront.net\/5\/2016\/04\/224241331_422323113.jpg\",\"contentUrl\":\"https:\/\/d2p6e6u75xmxt8.cloudfront.net\/5\/2016\/04\/224241331_422323113.jpg\",\"width\":1600,\"height\":589},{\"@type\":\"BreadcrumbList\",\"@id\":\"https:\/\/www.welovecycling.com\/pl\/2016\/04\/13\/najwazniejsze-kobiety-w-swiecie-kolarstwa\/#breadcrumb\",\"itemListElement\":[{\"@type\":\"ListItem\",\"position\":1,\"name\":\"Home\",\"item\":\"https:\/\/www.welovecycling.com\/pl\/\"},{\"@type\":\"ListItem\",\"position\":2,\"name\":\"Najwa\u017cniejsze kobiety w \u015bwiecie kolarstwa\"}]},{\"@type\":\"WebSite\",\"@id\":\"https:\/\/www.welovecycling.com\/pl\/#website\",\"url\":\"https:\/\/www.welovecycling.com\/pl\/\",\"name\":\"\u0160koda We Love Cycling - Poland\",\"description\":\"\",\"potentialAction\":[{\"@type\":\"SearchAction\",\"target\":{\"@type\":\"EntryPoint\",\"urlTemplate\":\"https:\/\/www.welovecycling.com\/pl\/?s={search_term_string}\"},\"query-input\":{\"@type\":\"PropertyValueSpecification\",\"valueRequired\":true,\"valueName\":\"search_term_string\"}}],\"inLanguage\":\"pl-PL\"},{\"@type\":\"Person\",\"@id\":\"https:\/\/www.welovecycling.com\/pl\/#\/schema\/person\/e5187c9cac8dd619ebc7b41bd73c2fd9\",\"name\":\"WeLoveCycling\",\"image\":{\"@type\":\"ImageObject\",\"inLanguage\":\"pl-PL\",\"@id\":\"https:\/\/www.welovecycling.com\/pl\/#\/schema\/person\/image\/\",\"url\":\"https:\/\/secure.gravatar.com\/avatar\/7e1ee0ecc5e294b19ef32b9f6086e0afbb9da00c3cb0d465ba4695331f4a9187?s=96&d=mm&r=g\",\"contentUrl\":\"https:\/\/secure.gravatar.com\/avatar\/7e1ee0ecc5e294b19ef32b9f6086e0afbb9da00c3cb0d465ba4695331f4a9187?s=96&d=mm&r=g\",\"caption\":\"WeLoveCycling\"},\"url\":\"https:\/\/www.welovecycling.com\/pl\/author\/lukascech\/\"}]}<\/script>\n<!-- \/ Yoast SEO Premium plugin. -->","yoast_head_json":{"title":"Najwa\u017cniejsze kobiety w \u015bwiecie kolarstwa - \u0160koda We Love Cycling - Poland","robots":{"index":"index","follow":"follow","max-snippet":"max-snippet:-1","max-image-preview":"max-image-preview:large","max-video-preview":"max-video-preview:-1"},"canonical":"https:\/\/www.welovecycling.com\/pl\/2016\/04\/13\/najwazniejsze-kobiety-w-swiecie-kolarstwa\/","og_locale":"pl_PL","og_type":"article","og_title":"Najwa\u017cniejsze kobiety w \u015bwiecie kolarstwa","og_description":"Rower zawsze cieszy\u0142 si\u0119 szczeg\u00f3ln\u0105 sympati\u0105 kobiet. Pocz\u0105tkowo by\u0142 to dla nich symbol niezale\u017cnego transportu w momencie gdy najbardziej pr\u0119\u017cnie [&hellip;]","og_url":"https:\/\/www.welovecycling.com\/pl\/2016\/04\/13\/najwazniejsze-kobiety-w-swiecie-kolarstwa\/","og_site_name":"\u0160koda We Love Cycling - Poland","article_published_time":"2016-04-13T11:45:26+00:00","article_modified_time":"2016-12-05T09:54:01+00:00","og_image":[{"width":1600,"height":589,"url":"https:\/\/d2p6e6u75xmxt8.cloudfront.net\/5\/2016\/04\/224241331_422323113.jpg","type":"image\/jpeg"}],"author":"WeLoveCycling","twitter_card":"summary_large_image","twitter_misc":{"Written by":"WeLoveCycling","Est. reading time":"4 minutes"},"schema":{"@context":"https:\/\/schema.org","@graph":[{"@type":"WebPage","@id":"https:\/\/www.welovecycling.com\/pl\/2016\/04\/13\/najwazniejsze-kobiety-w-swiecie-kolarstwa\/","url":"https:\/\/www.welovecycling.com\/pl\/2016\/04\/13\/najwazniejsze-kobiety-w-swiecie-kolarstwa\/","name":"Najwa\u017cniejsze kobiety w \u015bwiecie kolarstwa - \u0160koda We Love Cycling - Poland","isPartOf":{"@id":"https:\/\/www.welovecycling.com\/pl\/#website"},"primaryImageOfPage":{"@id":"https:\/\/www.welovecycling.com\/pl\/2016\/04\/13\/najwazniejsze-kobiety-w-swiecie-kolarstwa\/#primaryimage"},"image":{"@id":"https:\/\/www.welovecycling.com\/pl\/2016\/04\/13\/najwazniejsze-kobiety-w-swiecie-kolarstwa\/#primaryimage"},"thumbnailUrl":"https:\/\/d2p6e6u75xmxt8.cloudfront.net\/5\/2016\/04\/224241331_422323113.jpg","datePublished":"2016-04-13T11:45:26+00:00","dateModified":"2016-12-05T09:54:01+00:00","author":{"@id":"https:\/\/www.welovecycling.com\/pl\/#\/schema\/person\/e5187c9cac8dd619ebc7b41bd73c2fd9"},"breadcrumb":{"@id":"https:\/\/www.welovecycling.com\/pl\/2016\/04\/13\/najwazniejsze-kobiety-w-swiecie-kolarstwa\/#breadcrumb"},"inLanguage":"pl-PL","potentialAction":[{"@type":"ReadAction","target":["https:\/\/www.welovecycling.com\/pl\/2016\/04\/13\/najwazniejsze-kobiety-w-swiecie-kolarstwa\/"]}]},{"@type":"ImageObject","inLanguage":"pl-PL","@id":"https:\/\/www.welovecycling.com\/pl\/2016\/04\/13\/najwazniejsze-kobiety-w-swiecie-kolarstwa\/#primaryimage","url":"https:\/\/d2p6e6u75xmxt8.cloudfront.net\/5\/2016\/04\/224241331_422323113.jpg","contentUrl":"https:\/\/d2p6e6u75xmxt8.cloudfront.net\/5\/2016\/04\/224241331_422323113.jpg","width":1600,"height":589},{"@type":"BreadcrumbList","@id":"https:\/\/www.welovecycling.com\/pl\/2016\/04\/13\/najwazniejsze-kobiety-w-swiecie-kolarstwa\/#breadcrumb","itemListElement":[{"@type":"ListItem","position":1,"name":"Home","item":"https:\/\/www.welovecycling.com\/pl\/"},{"@type":"ListItem","position":2,"name":"Najwa\u017cniejsze kobiety w \u015bwiecie kolarstwa"}]},{"@type":"WebSite","@id":"https:\/\/www.welovecycling.com\/pl\/#website","url":"https:\/\/www.welovecycling.com\/pl\/","name":"\u0160koda We Love Cycling - Poland","description":"","potentialAction":[{"@type":"SearchAction","target":{"@type":"EntryPoint","urlTemplate":"https:\/\/www.welovecycling.com\/pl\/?s={search_term_string}"},"query-input":{"@type":"PropertyValueSpecification","valueRequired":true,"valueName":"search_term_string"}}],"inLanguage":"pl-PL"},{"@type":"Person","@id":"https:\/\/www.welovecycling.com\/pl\/#\/schema\/person\/e5187c9cac8dd619ebc7b41bd73c2fd9","name":"WeLoveCycling","image":{"@type":"ImageObject","inLanguage":"pl-PL","@id":"https:\/\/www.welovecycling.com\/pl\/#\/schema\/person\/image\/","url":"https:\/\/secure.gravatar.com\/avatar\/7e1ee0ecc5e294b19ef32b9f6086e0afbb9da00c3cb0d465ba4695331f4a9187?s=96&d=mm&r=g","contentUrl":"https:\/\/secure.gravatar.com\/avatar\/7e1ee0ecc5e294b19ef32b9f6086e0afbb9da00c3cb0d465ba4695331f4a9187?s=96&d=mm&r=g","caption":"WeLoveCycling"},"url":"https:\/\/www.welovecycling.com\/pl\/author\/lukascech\/"}]}},"_links":{"self":[{"href":"https:\/\/www.welovecycling.com\/pl\/wp-json\/wp\/v2\/posts\/868","targetHints":{"allow":["GET"]}}],"collection":[{"href":"https:\/\/www.welovecycling.com\/pl\/wp-json\/wp\/v2\/posts"}],"about":[{"href":"https:\/\/www.welovecycling.com\/pl\/wp-json\/wp\/v2\/types\/post"}],"author":[{"embeddable":true,"href":"https:\/\/www.welovecycling.com\/pl\/wp-json\/wp\/v2\/users\/1"}],"replies":[{"embeddable":true,"href":"https:\/\/www.welovecycling.com\/pl\/wp-json\/wp\/v2\/comments?post=868"}],"version-history":[{"count":1,"href":"https:\/\/www.welovecycling.com\/pl\/wp-json\/wp\/v2\/posts\/868\/revisions"}],"predecessor-version":[{"id":2475,"href":"https:\/\/www.welovecycling.com\/pl\/wp-json\/wp\/v2\/posts\/868\/revisions\/2475"}],"wp:featuredmedia":[{"embeddable":true,"href":"https:\/\/www.welovecycling.com\/pl\/wp-json\/wp\/v2\/media\/874"}],"wp:attachment":[{"href":"https:\/\/www.welovecycling.com\/pl\/wp-json\/wp\/v2\/media?parent=868"}],"wp:term":[{"taxonomy":"category","embeddable":true,"href":"https:\/\/www.welovecycling.com\/pl\/wp-json\/wp\/v2\/categories?post=868"},{"taxonomy":"post_tag","embeddable":true,"href":"https:\/\/www.welovecycling.com\/pl\/wp-json\/wp\/v2\/tags?post=868"},{"taxonomy":"global-categories","embeddable":true,"href":"https:\/\/www.welovecycling.com\/pl\/wp-json\/wp\/v2\/global-categories?post=868"}],"curies":[{"name":"wp","href":"https:\/\/api.w.org\/{rel}","templated":true}]}}