{"id":8662,"date":"2019-03-12T16:59:35","date_gmt":"2019-03-12T16:59:35","guid":{"rendered":"https:\/\/www.welovecycling.com\/pl\/?p=8662"},"modified":"2019-03-13T17:05:55","modified_gmt":"2019-03-13T17:05:55","slug":"10-zaskakujacych-faktow-dotyczacych-profesjonalnego-kolarstwa-z-ktorych-zdajesz-sobie-sprawe-dopiero-wtedy-gdy-stajesz-sie-zawodowcem","status":"publish","type":"post","link":"https:\/\/www.welovecycling.com\/pl\/2019\/03\/12\/10-zaskakujacych-faktow-dotyczacych-profesjonalnego-kolarstwa-z-ktorych-zdajesz-sobie-sprawe-dopiero-wtedy-gdy-stajesz-sie-zawodowcem\/","title":{"rendered":"10 zaskakuj\u0105cych fakt\u00f3w dotycz\u0105cych profesjonalnego kolarstwa, z kt\u00f3rych zdajesz sobie spraw\u0119 dopiero wtedy, gdy stajesz si\u0119 zawodowcem"},"content":{"rendered":"<p><strong>W prosty spos\u00f3b wyja\u015bni\u0142 wszystko by\u0142y czeski zawodowy kolarz Michael Moure\u010dek, kt\u00f3ry zaczyna\u0142 z garstk\u0105 w\u0142oskich dru\u017cyn w latach 90., by sko\u0144czy\u0107 w rodzimym teamie Dukla Prague. Teraz jest wsp\u00f3\u0142w\u0142a\u015bcicielem czeskiej marki rower\u00f3w hi-end Festka.<\/strong><\/p>\n<p>&nbsp;<\/p>\n<ol>\n<li><span style=\"font-size: 18pt;\"><strong>To si\u0119 prawdopodobnie (nie) stanie<\/strong><\/span><\/li>\n<\/ol>\n<p>Pierwsza niespodzianka jest najbardziej rozczarowuj\u0105ca: twoje marzenie o staniu si\u0119 zawodowym kolarzem prawdopodobnie si\u0119 nie spe\u0142ni. To, czy zostaniesz profesjonalist\u0105, nie jest wynikiem wewn\u0119trznej decyzji, ale raczej korzystnego zbiegu okoliczno\u015bci. Twoje pragnienia i ch\u0119ci s\u0105 oczywi\u015bcie na samym pocz\u0105tku kluczowe, ale potem b\u0119dziesz zaskoczony, jak wymagaj\u0105ce jest to ca\u0142e przedsi\u0119wzi\u0119cie. Mo\u017cesz by\u0107 niesamowicie dobry i wygrywa\u0107 lokalne wy\u015bcigi, ale jak trudnym krokiem jest przej\u015bcie na prawdziwe zawodowstwo, wiedz\u0105 tylko profesjonali\u015bci. Da si\u0119 to por\u00f3wna\u0107 do rynku muzycznego. Masz \u015bwietny zesp\u00f3\u0142, wyst\u0119pujecie z powodzeniem na koncertach, osi\u0105gacie sukcesy i postrzegacie samych siebie jako profesjonalist\u00f3w, ale ma\u0142e s\u0105 szanse na to, \u017ce staniecie si\u0119 now\u0105 Metallic\u0105.<\/p>\n<p><img decoding=\"async\" src=\"https:\/\/d2p6e6u75xmxt8.cloudfront.net\/2\/2017\/07\/profimedia-0342797202jpg.jpg\" \/><\/p>\n<ol start=\"2\">\n<li><strong><span style=\"font-size: 18pt;\">O wiele za kr\u00f3tko<\/span><\/strong><\/li>\n<\/ol>\n<p>Kiedy do\u0142\u0105czysz do profesjonalnego zespo\u0142u, b\u0119dziesz zaskoczony, jak szybko twoja kariera si\u0119 sko\u0144czy. \u015arednia wieku kolarzy bior\u0105cych udzia\u0142 w du\u017cych wy\u015bcigach to oko\u0142o 25 lat i jest tylko kilku, kt\u00f3rzy jeszcze \u015bcigaj\u0105 si\u0119 po trzydziestce. To nie fair w por\u00f3wnaniu z innymi zawodami. The Rolling Stones nie graj\u0105 a\u017c tak cz\u0119sto jak za m\u0142odu, ale wci\u0105\u017c podr\u00f3\u017cuj\u0105 po ca\u0142ym \u015bwiecie. Kolarze tacy jak Erik Zabel, kt\u00f3ry wygrywa\u0142 etapy po czterdziestce, s\u0105 wyj\u0105tkiem. Karier\u0119 kolarza pod wzgl\u0119dem czasu jej trwania mo\u017cna por\u00f3wna\u0107 z karier\u0105 tancerza baletowego. Jest pi\u0119kny, jest \u015bwietny, ale jak tylko opadnie kurtyna, on znika.<\/p>\n<p>&nbsp;<\/p>\n<ol start=\"3\">\n<li><strong><span style=\"font-size: 18pt;\">Zwyci\u0119stwa s\u0105 rzadkie<\/span><\/strong><\/li>\n<\/ol>\n<p>Podczas gdy amatorzy patrz\u0105 na ten sport tylko przez pryzmat wynik\u00f3w, zawodowcom czasami p\u0142aci si\u0119 za inne rzeczy. Niekt\u00f3rzy z nich s\u0105 chwaleni, po\u017c\u0105dani i dobrze zarabiaj\u0105, chocia\u017c nie wygrywaj\u0105 ani jednego wielkiego wy\u015bcigu w ca\u0142ej swojej karierze. Maj\u0105 inne okre\u015blone zadania w zespole, na przyk\u0142ad wspieranie pozosta\u0142ych zawodnik\u00f3w w ich pr\u00f3bach zdobycia tytu\u0142u. Oczywi\u015bcie nie ka\u017cdy sobie z czym\u015b takim poradzi, ale w \u015bwiecie zawodowej jazdy na rowerze zachowanie to jest uwa\u017cane za ca\u0142kiem normalne. Profesjonali\u015bci s\u0105 cz\u0119sto pytani o to, czy uwa\u017caj\u0105, \u017ce tytu\u0142 zwyci\u0119zcy zosta\u0142 im zabrany przez innego cz\u0142onka zespo\u0142u. Tak naprawd\u0119 jest to cz\u0119\u015b\u0107 ich pracy, podobnie jak w korporacji, w kt\u00f3rej na sukces pracuj\u0105 wszyscy.<\/p>\n<p><img decoding=\"async\" src=\"https:\/\/d2p6e6u75xmxt8.cloudfront.net\/2\/2017\/07\/profimedia-0342457855.jpg\" \/><\/p>\n<ol start=\"4\">\n<li><span style=\"font-size: 18pt;\"><strong>To si\u0119 nigdy nie ko\u0144czy<\/strong><\/span><\/li>\n<\/ol>\n<p>Profesjonalne kolarstwo to przede wszystkim wy\u015bcigi. Podczas gdy sportowcy w pi\u0119cioboju nowoczesnym zazwyczaj bior\u0105 udzia\u0142 w oko\u0142o pi\u0119ciu du\u017cych imprezach rocznie, kolarze mog\u0105 mie\u0107 nawet do stu start\u00f3w w jednym sezonie. Tenisi\u015bci, gdy nie uda im si\u0119 awansowa\u0107 na French Open, po prostu pakuj\u0105 si\u0119 i wracaj\u0105 do domu. Natomiast kolarze musz\u0105 walczy\u0107 na ka\u017cdym etapie od pocz\u0105tku do ko\u0144ca, co mo\u017ce trwa\u0107 nawet kilka tygodni.<\/p>\n<p>&nbsp;<\/p>\n<ol start=\"5\">\n<li><span style=\"font-size: 18pt;\"><strong>Jeste\u015b samotny<\/strong><\/span><\/li>\n<\/ol>\n<p>Nie jeste\u015b samotny w dos\u0142ownym znaczeniu, poniewa\u017c wok\u00f3\u0142 ciebie o ka\u017cdej porze dnia jest wielu innych zawodnik\u00f3w, ale jednocze\u015bnie mo\u017cesz czu\u0107 ogromn\u0105 t\u0119sknot\u0119, kiedy nie widzisz swojej rodziny przez d\u0142ugi czas. Kolarze nie maj\u0105 czasu na spotkania ze swoimi partnerami w trakcie imprez, wi\u0119c ci ostatni pozostaj\u0105 w domu. Chocia\u017c pi\u0142karze mog\u0105 podr\u00f3\u017cowa\u0107 przez ca\u0142y kontynent, aby zagra\u0107 mecz na przyk\u0142ad w Brazylii, to, opr\u00f3cz mistrzostw \u015bwiata odbywaj\u0105cych si\u0119 raz na dwa lata, maj\u0105 czas, \u017ceby wr\u00f3ci\u0107 do domu na kilka dni i przytuli\u0107 swoich bliskich. To zupe\u0142nie inaczej ni\u017c w przypadku du\u017cych imprez rowerowych, kt\u00f3re trwaj\u0105 czasem nawet 3 tygodnie. Jest to dostatecznie d\u0142ugi czas, \u017ceby zacz\u0105\u0107 rozwa\u017ca\u0107 rozw\u00f3d.<\/p>\n<p><img decoding=\"async\" src=\"https:\/\/d2p6e6u75xmxt8.cloudfront.net\/2\/2017\/07\/profimedia-0340369750jpg.jpg\" \/><\/p>\n<ol start=\"6\">\n<li><span style=\"font-size: 18pt;\"><strong>Nie zarabiasz adekwatnie do podj\u0119tych wysi\u0142k\u00f3w<\/strong><\/span><\/li>\n<\/ol>\n<p>Mimo \u017ce profesjonalne kolarstwo jest wspania\u0142ym do\u015bwiadczeniem, to tylko nieliczni rodz\u0105 si\u0119 po to,\u00a0 \u017ceby wygrywa\u0107 takie wydarzenia jak Tour de France. Szanse na zwyci\u0119stwo s\u0105 r\u00f3wnie ma\u0142e jak na to, \u017ce staniesz si\u0119 drug\u0105 Madonn\u0105. Nawet je\u015bli dobrze sobie radzisz i zostajesz gwiazd\u0105 wy\u015bcig\u00f3w kolarskich, twoja pensja jest por\u00f3wnywalna z tym, co zawodowi tenisi\u015bci otrzymuj\u0105, gdy zostan\u0105 wyeliminowani w trakcie prowincjonalnego turnieju. Zawodowi kolarze mog\u0105 by\u0107 utalentowani i wybitni jak Madonna, ale i tak dostaj\u0105 wynagrodzenie \u015bpiewak\u00f3w operowych. I nie m\u00f3wimy tu ani o Bocellim, ani Pavarottim.<\/p>\n<p>&nbsp;<\/p>\n<ol start=\"7\">\n<li><span style=\"font-size: 18pt;\"><strong>Musisz dba\u0107 o siebie sam<\/strong><\/span><\/li>\n<\/ol>\n<p>Kiedy jeste\u015b zawodowym pi\u0142karzem, jeste\u015b op\u0142acany zawsze, nawet gdy stajesz si\u0119 bezu\u017cyteczny, poniewa\u017c tw\u00f3j mened\u017cer, je\u015bli chce si\u0119 ciebie pozby\u0107, musi zap\u0142aci\u0107 niewiarygodn\u0105 sum\u0119 pieni\u0119dzy. W kolarstwie jest zupe\u0142nie inaczej. Zwykle otrzymujesz kontrakt na dwa lata, a je\u015bli nie spe\u0142nisz oczekiwa\u0144, zostaniesz zwolniony bez odszkodowania.<\/p>\n<p><strong><img decoding=\"async\" src=\"https:\/\/d2p6e6u75xmxt8.cloudfront.net\/2\/2017\/07\/cover1-1.jpg\" \/><\/strong><\/p>\n<ol start=\"8\">\n<li><span style=\"font-size: 18pt;\"><strong>Nie podejmujesz decyzji<\/strong><\/span><\/li>\n<\/ol>\n<p>Tenisi\u015bci sami mog\u0105 decydowa\u0107 o tym, w kt\u00f3rym turnieju wezm\u0105 udzia\u0142 i czy podpisz\u0105 umow\u0119 z Nike lub Adidasem. W przypadku dru\u017cyny kolarskiej to dyrektor sportowy podejmuje wszystkie decyzje, a ty jeste\u015b tylko \u017co\u0142nierzem, kt\u00f3ry wykonuje rozkazy.<\/p>\n<ol start=\"9\">\n<li><span style=\"font-size: 18pt;\"><strong>Pustka po zako\u0144czeniu kariery<\/strong><\/span><\/li>\n<\/ol>\n<p>Kiedy ko\u0144czysz karier\u0119, przestajesz si\u0119 liczy\u0107, nawet je\u015bli nale\u017ca\u0142e\u015b do najlepszych. W innych dyscyplinach sportowych mo\u017cesz otrzyma\u0107 prac\u0119 trenera m\u0142odzie\u017cowego lub przewodnictwo w komitecie sportowym, ale w przypadku kolarstwa rzadko ma to miejsce. Z drugiej strony typowe jest, \u017ce kolarze z powodzeniem robi\u0105 kariery w zupe\u0142nie innych biznesach.<\/p>\n<p><img decoding=\"async\" src=\"https:\/\/d2p6e6u75xmxt8.cloudfront.net\/2\/2019\/02\/841285_10200345879717474_295645156_o.jpg\" \/><\/p>\n<ol start=\"10\">\n<li><span style=\"font-size: 18pt;\"><strong>Tylko nieliczni \u017ca\u0142uj\u0105<\/strong><\/span><\/li>\n<\/ol>\n<p>Mimo tego wszystkiego, co zosta\u0142o tu powiedziane, tylko nieliczni \u017ca\u0142uj\u0105 tego, kim zostali. Wi\u0119kszo\u015b\u0107 by\u0142ych kolarzy nie zamieni\u0142aby swojej profesji na \u017cadn\u0105 inn\u0105. Bycie zawodowym kolarzem to wielkie wyzwanie. Dla tych, kt\u00f3rzy je podj\u0119li, stanowi\u0142o ono wspania\u0142y rozdzia\u0142 w \u017cyciu. Pewien W\u0142och powiedzia\u0142 mi na wy\u015bcigu, podczas kt\u00f3rego kibice spali w namiotach przy drodze, co\u015b takiego: \u201eFani nie kibicuj\u0105 kolarzom, oni oddaj\u0105 im ho\u0142d. I to jest r\u00f3\u017cnica pomi\u0119dzy kolarstwem a innymi sportami. Podczas gdy po meczu pi\u0142karskim po\u0142owa ludzi zawsze opuszcza stadion ze z\u0142o\u015bci\u0105 i \u0142zami, z jazdy na rowerze p\u0142ynie sama rado\u015b\u0107. Bez wzgl\u0119du na przynale\u017cno\u015b\u0107 pa\u0144stwow\u0105 lub miejsce, w kt\u00f3rym zesp\u00f3\u0142 si\u0119 znajduje, ludzie oklaskuj\u0105 wszystkich. Nie zobaczysz tego w \u017cadnym innym sporcie\u201d.<\/p>\n<style type=\"text\/css\"><!--td {border: 1px solid #ccc;}br {mso-data-placement:same-cell;}--><\/style>\n<p><span data-sheets-value=\"{&quot;1&quot;:2,&quot;2&quot;:&quot;Artyku\u0142 powsta\u0142 we wsp\u00f3\u0142pracy ze skoda-auto.pl&quot;}\" data-sheets-userformat=\"{&quot;2&quot;:1,&quot;3&quot;:{&quot;1&quot;:0}}\"><a class=\"in-cell-link\" href=\"http:\/\/www.skoda-auto.pl\/\" target=\"_blank\" rel=\"noopener\">Artyku\u0142 powsta\u0142 we wsp\u00f3\u0142pracy ze skoda-auto.pl<\/a><\/span><\/p>\n","protected":false},"excerpt":{"rendered":"<p>W prosty spos\u00f3b wyja\u015bni\u0142 wszystko by\u0142y czeski zawodowy kolarz Michael Moure\u010dek, kt\u00f3ry zaczyna\u0142 z garstk\u0105 w\u0142oskich dru\u017cyn w latach 90., [&hellip;]<\/p>\n","protected":false},"author":76,"featured_media":8663,"comment_status":"open","ping_status":"open","sticky":false,"template":"","format":"standard","meta":{"footnotes":""},"categories":[226,231],"tags":[],"global-categories":[],"class_list":["post-8662","post","type-post","status-publish","format-standard","has-post-thumbnail","hentry","category-ciekawostki","category-dlatego-jezdzimy"],"yoast_head":"<!-- This site is optimized with the Yoast SEO Premium plugin v25.3 (Yoast SEO v25.9) - https:\/\/yoast.com\/wordpress\/plugins\/seo\/ -->\n<title>10 zaskakuj\u0105cych fakt\u00f3w dotycz\u0105cych profesjonalnego kolarstwa, z kt\u00f3rych zdajesz sobie spraw\u0119 dopiero wtedy, gdy stajesz si\u0119 zawodowcem - \u0160koda We Love Cycling - Poland<\/title>\n<meta name=\"robots\" content=\"index, follow, max-snippet:-1, max-image-preview:large, max-video-preview:-1\" \/>\n<link rel=\"canonical\" href=\"https:\/\/www.welovecycling.com\/pl\/2019\/03\/12\/10-zaskakujacych-faktow-dotyczacych-profesjonalnego-kolarstwa-z-ktorych-zdajesz-sobie-sprawe-dopiero-wtedy-gdy-stajesz-sie-zawodowcem\/\" \/>\n<meta property=\"og:locale\" content=\"pl_PL\" \/>\n<meta property=\"og:type\" content=\"article\" \/>\n<meta property=\"og:title\" content=\"10 zaskakuj\u0105cych fakt\u00f3w dotycz\u0105cych profesjonalnego kolarstwa, z kt\u00f3rych zdajesz sobie spraw\u0119 dopiero wtedy, gdy stajesz si\u0119 zawodowcem\" \/>\n<meta property=\"og:description\" content=\"W prosty spos\u00f3b wyja\u015bni\u0142 wszystko by\u0142y czeski zawodowy kolarz Michael Moure\u010dek, kt\u00f3ry zaczyna\u0142 z garstk\u0105 w\u0142oskich dru\u017cyn w latach 90., [&hellip;]\" \/>\n<meta property=\"og:url\" content=\"https:\/\/www.welovecycling.com\/pl\/2019\/03\/12\/10-zaskakujacych-faktow-dotyczacych-profesjonalnego-kolarstwa-z-ktorych-zdajesz-sobie-sprawe-dopiero-wtedy-gdy-stajesz-sie-zawodowcem\/\" \/>\n<meta property=\"og:site_name\" content=\"\u0160koda We Love Cycling - Poland\" \/>\n<meta property=\"article:published_time\" content=\"2019-03-12T16:59:35+00:00\" \/>\n<meta property=\"article:modified_time\" content=\"2019-03-13T17:05:55+00:00\" \/>\n<meta property=\"og:image\" content=\"https:\/\/d2p6e6u75xmxt8.cloudfront.net\/5\/2019\/03\/pelotn-CVR-profimedia-0253849200-1024x450.jpg\" \/>\n\t<meta property=\"og:image:width\" content=\"1024\" \/>\n\t<meta property=\"og:image:height\" content=\"450\" \/>\n\t<meta property=\"og:image:type\" content=\"image\/jpeg\" \/>\n<meta name=\"author\" content=\"piotrboczkowski\" \/>\n<meta name=\"twitter:card\" content=\"summary_large_image\" \/>\n<meta name=\"twitter:label1\" content=\"Written by\" \/>\n\t<meta name=\"twitter:data1\" content=\"Adam Marsal\" \/>\n\t<meta name=\"twitter:label2\" content=\"Est. reading time\" \/>\n\t<meta name=\"twitter:data2\" content=\"6\" \/>\n<script type=\"application\/ld+json\" class=\"yoast-schema-graph\">{\"@context\":\"https:\/\/schema.org\",\"@graph\":[{\"@type\":\"WebPage\",\"@id\":\"https:\/\/www.welovecycling.com\/pl\/2019\/03\/12\/10-zaskakujacych-faktow-dotyczacych-profesjonalnego-kolarstwa-z-ktorych-zdajesz-sobie-sprawe-dopiero-wtedy-gdy-stajesz-sie-zawodowcem\/\",\"url\":\"https:\/\/www.welovecycling.com\/pl\/2019\/03\/12\/10-zaskakujacych-faktow-dotyczacych-profesjonalnego-kolarstwa-z-ktorych-zdajesz-sobie-sprawe-dopiero-wtedy-gdy-stajesz-sie-zawodowcem\/\",\"name\":\"10 zaskakuj\u0105cych fakt\u00f3w dotycz\u0105cych profesjonalnego kolarstwa, z kt\u00f3rych zdajesz sobie spraw\u0119 dopiero wtedy, gdy stajesz si\u0119 zawodowcem - \u0160koda We Love Cycling - Poland\",\"isPartOf\":{\"@id\":\"https:\/\/www.welovecycling.com\/pl\/#website\"},\"primaryImageOfPage\":{\"@id\":\"https:\/\/www.welovecycling.com\/pl\/2019\/03\/12\/10-zaskakujacych-faktow-dotyczacych-profesjonalnego-kolarstwa-z-ktorych-zdajesz-sobie-sprawe-dopiero-wtedy-gdy-stajesz-sie-zawodowcem\/#primaryimage\"},\"image\":{\"@id\":\"https:\/\/www.welovecycling.com\/pl\/2019\/03\/12\/10-zaskakujacych-faktow-dotyczacych-profesjonalnego-kolarstwa-z-ktorych-zdajesz-sobie-sprawe-dopiero-wtedy-gdy-stajesz-sie-zawodowcem\/#primaryimage\"},\"thumbnailUrl\":\"https:\/\/d2p6e6u75xmxt8.cloudfront.net\/5\/2019\/03\/pelotn-CVR-profimedia-0253849200-1024x450.jpg\",\"datePublished\":\"2019-03-12T16:59:35+00:00\",\"dateModified\":\"2019-03-13T17:05:55+00:00\",\"author\":{\"@id\":\"https:\/\/www.welovecycling.com\/pl\/#\/schema\/person\/0dba2d39da943db9df3fd8f4687e7f23\"},\"breadcrumb\":{\"@id\":\"https:\/\/www.welovecycling.com\/pl\/2019\/03\/12\/10-zaskakujacych-faktow-dotyczacych-profesjonalnego-kolarstwa-z-ktorych-zdajesz-sobie-sprawe-dopiero-wtedy-gdy-stajesz-sie-zawodowcem\/#breadcrumb\"},\"inLanguage\":\"pl-PL\",\"potentialAction\":[{\"@type\":\"ReadAction\",\"target\":[\"https:\/\/www.welovecycling.com\/pl\/2019\/03\/12\/10-zaskakujacych-faktow-dotyczacych-profesjonalnego-kolarstwa-z-ktorych-zdajesz-sobie-sprawe-dopiero-wtedy-gdy-stajesz-sie-zawodowcem\/\"]}]},{\"@type\":\"ImageObject\",\"inLanguage\":\"pl-PL\",\"@id\":\"https:\/\/www.welovecycling.com\/pl\/2019\/03\/12\/10-zaskakujacych-faktow-dotyczacych-profesjonalnego-kolarstwa-z-ktorych-zdajesz-sobie-sprawe-dopiero-wtedy-gdy-stajesz-sie-zawodowcem\/#primaryimage\",\"url\":\"https:\/\/d2p6e6u75xmxt8.cloudfront.net\/5\/2019\/03\/pelotn-CVR-profimedia-0253849200-1024x450.jpg\",\"contentUrl\":\"https:\/\/d2p6e6u75xmxt8.cloudfront.net\/5\/2019\/03\/pelotn-CVR-profimedia-0253849200-1024x450.jpg\",\"width\":1024,\"height\":450},{\"@type\":\"BreadcrumbList\",\"@id\":\"https:\/\/www.welovecycling.com\/pl\/2019\/03\/12\/10-zaskakujacych-faktow-dotyczacych-profesjonalnego-kolarstwa-z-ktorych-zdajesz-sobie-sprawe-dopiero-wtedy-gdy-stajesz-sie-zawodowcem\/#breadcrumb\",\"itemListElement\":[{\"@type\":\"ListItem\",\"position\":1,\"name\":\"Home\",\"item\":\"https:\/\/www.welovecycling.com\/pl\/\"},{\"@type\":\"ListItem\",\"position\":2,\"name\":\"10 zaskakuj\u0105cych fakt\u00f3w dotycz\u0105cych profesjonalnego kolarstwa, z kt\u00f3rych zdajesz sobie spraw\u0119 dopiero wtedy, gdy stajesz si\u0119 zawodowcem\"}]},{\"@type\":\"WebSite\",\"@id\":\"https:\/\/www.welovecycling.com\/pl\/#website\",\"url\":\"https:\/\/www.welovecycling.com\/pl\/\",\"name\":\"\u0160koda We Love Cycling - Poland\",\"description\":\"\",\"potentialAction\":[{\"@type\":\"SearchAction\",\"target\":{\"@type\":\"EntryPoint\",\"urlTemplate\":\"https:\/\/www.welovecycling.com\/pl\/?s={search_term_string}\"},\"query-input\":{\"@type\":\"PropertyValueSpecification\",\"valueRequired\":true,\"valueName\":\"search_term_string\"}}],\"inLanguage\":\"pl-PL\"},{\"@type\":\"Person\",\"@id\":\"https:\/\/www.welovecycling.com\/pl\/#\/schema\/person\/0dba2d39da943db9df3fd8f4687e7f23\",\"name\":\"piotrboczkowski\",\"image\":{\"@type\":\"ImageObject\",\"inLanguage\":\"pl-PL\",\"@id\":\"https:\/\/www.welovecycling.com\/pl\/#\/schema\/person\/image\/\",\"url\":\"https:\/\/secure.gravatar.com\/avatar\/533caccae14752e03a2ce2d3fd62d1b98b93e1393c3195c27819e53344ca1ace?s=96&d=mm&r=g\",\"contentUrl\":\"https:\/\/secure.gravatar.com\/avatar\/533caccae14752e03a2ce2d3fd62d1b98b93e1393c3195c27819e53344ca1ace?s=96&d=mm&r=g\",\"caption\":\"piotrboczkowski\"},\"url\":\"https:\/\/www.welovecycling.com\/pl\/author\/piotrboczkowski\/\"}]}<\/script>\n<!-- \/ Yoast SEO Premium plugin. -->","yoast_head_json":{"title":"10 zaskakuj\u0105cych fakt\u00f3w dotycz\u0105cych profesjonalnego kolarstwa, z kt\u00f3rych zdajesz sobie spraw\u0119 dopiero wtedy, gdy stajesz si\u0119 zawodowcem - \u0160koda We Love Cycling - Poland","robots":{"index":"index","follow":"follow","max-snippet":"max-snippet:-1","max-image-preview":"max-image-preview:large","max-video-preview":"max-video-preview:-1"},"canonical":"https:\/\/www.welovecycling.com\/pl\/2019\/03\/12\/10-zaskakujacych-faktow-dotyczacych-profesjonalnego-kolarstwa-z-ktorych-zdajesz-sobie-sprawe-dopiero-wtedy-gdy-stajesz-sie-zawodowcem\/","og_locale":"pl_PL","og_type":"article","og_title":"10 zaskakuj\u0105cych fakt\u00f3w dotycz\u0105cych profesjonalnego kolarstwa, z kt\u00f3rych zdajesz sobie spraw\u0119 dopiero wtedy, gdy stajesz si\u0119 zawodowcem","og_description":"W prosty spos\u00f3b wyja\u015bni\u0142 wszystko by\u0142y czeski zawodowy kolarz Michael Moure\u010dek, kt\u00f3ry zaczyna\u0142 z garstk\u0105 w\u0142oskich dru\u017cyn w latach 90., [&hellip;]","og_url":"https:\/\/www.welovecycling.com\/pl\/2019\/03\/12\/10-zaskakujacych-faktow-dotyczacych-profesjonalnego-kolarstwa-z-ktorych-zdajesz-sobie-sprawe-dopiero-wtedy-gdy-stajesz-sie-zawodowcem\/","og_site_name":"\u0160koda We Love Cycling - Poland","article_published_time":"2019-03-12T16:59:35+00:00","article_modified_time":"2019-03-13T17:05:55+00:00","og_image":[{"width":1024,"height":450,"url":"https:\/\/d2p6e6u75xmxt8.cloudfront.net\/5\/2019\/03\/pelotn-CVR-profimedia-0253849200-1024x450.jpg","type":"image\/jpeg"}],"author":"piotrboczkowski","twitter_card":"summary_large_image","twitter_misc":{"Written by":"Adam Marsal","Est. reading time":"6"},"schema":{"@context":"https:\/\/schema.org","@graph":[{"@type":"WebPage","@id":"https:\/\/www.welovecycling.com\/pl\/2019\/03\/12\/10-zaskakujacych-faktow-dotyczacych-profesjonalnego-kolarstwa-z-ktorych-zdajesz-sobie-sprawe-dopiero-wtedy-gdy-stajesz-sie-zawodowcem\/","url":"https:\/\/www.welovecycling.com\/pl\/2019\/03\/12\/10-zaskakujacych-faktow-dotyczacych-profesjonalnego-kolarstwa-z-ktorych-zdajesz-sobie-sprawe-dopiero-wtedy-gdy-stajesz-sie-zawodowcem\/","name":"10 zaskakuj\u0105cych fakt\u00f3w dotycz\u0105cych profesjonalnego kolarstwa, z kt\u00f3rych zdajesz sobie spraw\u0119 dopiero wtedy, gdy stajesz si\u0119 zawodowcem - \u0160koda We Love Cycling - Poland","isPartOf":{"@id":"https:\/\/www.welovecycling.com\/pl\/#website"},"primaryImageOfPage":{"@id":"https:\/\/www.welovecycling.com\/pl\/2019\/03\/12\/10-zaskakujacych-faktow-dotyczacych-profesjonalnego-kolarstwa-z-ktorych-zdajesz-sobie-sprawe-dopiero-wtedy-gdy-stajesz-sie-zawodowcem\/#primaryimage"},"image":{"@id":"https:\/\/www.welovecycling.com\/pl\/2019\/03\/12\/10-zaskakujacych-faktow-dotyczacych-profesjonalnego-kolarstwa-z-ktorych-zdajesz-sobie-sprawe-dopiero-wtedy-gdy-stajesz-sie-zawodowcem\/#primaryimage"},"thumbnailUrl":"https:\/\/d2p6e6u75xmxt8.cloudfront.net\/5\/2019\/03\/pelotn-CVR-profimedia-0253849200-1024x450.jpg","datePublished":"2019-03-12T16:59:35+00:00","dateModified":"2019-03-13T17:05:55+00:00","author":{"@id":"https:\/\/www.welovecycling.com\/pl\/#\/schema\/person\/0dba2d39da943db9df3fd8f4687e7f23"},"breadcrumb":{"@id":"https:\/\/www.welovecycling.com\/pl\/2019\/03\/12\/10-zaskakujacych-faktow-dotyczacych-profesjonalnego-kolarstwa-z-ktorych-zdajesz-sobie-sprawe-dopiero-wtedy-gdy-stajesz-sie-zawodowcem\/#breadcrumb"},"inLanguage":"pl-PL","potentialAction":[{"@type":"ReadAction","target":["https:\/\/www.welovecycling.com\/pl\/2019\/03\/12\/10-zaskakujacych-faktow-dotyczacych-profesjonalnego-kolarstwa-z-ktorych-zdajesz-sobie-sprawe-dopiero-wtedy-gdy-stajesz-sie-zawodowcem\/"]}]},{"@type":"ImageObject","inLanguage":"pl-PL","@id":"https:\/\/www.welovecycling.com\/pl\/2019\/03\/12\/10-zaskakujacych-faktow-dotyczacych-profesjonalnego-kolarstwa-z-ktorych-zdajesz-sobie-sprawe-dopiero-wtedy-gdy-stajesz-sie-zawodowcem\/#primaryimage","url":"https:\/\/d2p6e6u75xmxt8.cloudfront.net\/5\/2019\/03\/pelotn-CVR-profimedia-0253849200-1024x450.jpg","contentUrl":"https:\/\/d2p6e6u75xmxt8.cloudfront.net\/5\/2019\/03\/pelotn-CVR-profimedia-0253849200-1024x450.jpg","width":1024,"height":450},{"@type":"BreadcrumbList","@id":"https:\/\/www.welovecycling.com\/pl\/2019\/03\/12\/10-zaskakujacych-faktow-dotyczacych-profesjonalnego-kolarstwa-z-ktorych-zdajesz-sobie-sprawe-dopiero-wtedy-gdy-stajesz-sie-zawodowcem\/#breadcrumb","itemListElement":[{"@type":"ListItem","position":1,"name":"Home","item":"https:\/\/www.welovecycling.com\/pl\/"},{"@type":"ListItem","position":2,"name":"10 zaskakuj\u0105cych fakt\u00f3w dotycz\u0105cych profesjonalnego kolarstwa, z kt\u00f3rych zdajesz sobie spraw\u0119 dopiero wtedy, gdy stajesz si\u0119 zawodowcem"}]},{"@type":"WebSite","@id":"https:\/\/www.welovecycling.com\/pl\/#website","url":"https:\/\/www.welovecycling.com\/pl\/","name":"\u0160koda We Love Cycling - Poland","description":"","potentialAction":[{"@type":"SearchAction","target":{"@type":"EntryPoint","urlTemplate":"https:\/\/www.welovecycling.com\/pl\/?s={search_term_string}"},"query-input":{"@type":"PropertyValueSpecification","valueRequired":true,"valueName":"search_term_string"}}],"inLanguage":"pl-PL"},{"@type":"Person","@id":"https:\/\/www.welovecycling.com\/pl\/#\/schema\/person\/0dba2d39da943db9df3fd8f4687e7f23","name":"piotrboczkowski","image":{"@type":"ImageObject","inLanguage":"pl-PL","@id":"https:\/\/www.welovecycling.com\/pl\/#\/schema\/person\/image\/","url":"https:\/\/secure.gravatar.com\/avatar\/533caccae14752e03a2ce2d3fd62d1b98b93e1393c3195c27819e53344ca1ace?s=96&d=mm&r=g","contentUrl":"https:\/\/secure.gravatar.com\/avatar\/533caccae14752e03a2ce2d3fd62d1b98b93e1393c3195c27819e53344ca1ace?s=96&d=mm&r=g","caption":"piotrboczkowski"},"url":"https:\/\/www.welovecycling.com\/pl\/author\/piotrboczkowski\/"}]}},"_links":{"self":[{"href":"https:\/\/www.welovecycling.com\/pl\/wp-json\/wp\/v2\/posts\/8662","targetHints":{"allow":["GET"]}}],"collection":[{"href":"https:\/\/www.welovecycling.com\/pl\/wp-json\/wp\/v2\/posts"}],"about":[{"href":"https:\/\/www.welovecycling.com\/pl\/wp-json\/wp\/v2\/types\/post"}],"author":[{"embeddable":true,"href":"https:\/\/www.welovecycling.com\/pl\/wp-json\/wp\/v2\/users\/76"}],"replies":[{"embeddable":true,"href":"https:\/\/www.welovecycling.com\/pl\/wp-json\/wp\/v2\/comments?post=8662"}],"version-history":[{"count":1,"href":"https:\/\/www.welovecycling.com\/pl\/wp-json\/wp\/v2\/posts\/8662\/revisions"}],"predecessor-version":[{"id":8664,"href":"https:\/\/www.welovecycling.com\/pl\/wp-json\/wp\/v2\/posts\/8662\/revisions\/8664"}],"wp:featuredmedia":[{"embeddable":true,"href":"https:\/\/www.welovecycling.com\/pl\/wp-json\/wp\/v2\/media\/8663"}],"wp:attachment":[{"href":"https:\/\/www.welovecycling.com\/pl\/wp-json\/wp\/v2\/media?parent=8662"}],"wp:term":[{"taxonomy":"category","embeddable":true,"href":"https:\/\/www.welovecycling.com\/pl\/wp-json\/wp\/v2\/categories?post=8662"},{"taxonomy":"post_tag","embeddable":true,"href":"https:\/\/www.welovecycling.com\/pl\/wp-json\/wp\/v2\/tags?post=8662"},{"taxonomy":"global-categories","embeddable":true,"href":"https:\/\/www.welovecycling.com\/pl\/wp-json\/wp\/v2\/global-categories?post=8662"}],"curies":[{"name":"wp","href":"https:\/\/api.w.org\/{rel}","templated":true}]}}