{"id":8649,"date":"2019-03-11T12:19:04","date_gmt":"2019-03-11T12:19:04","guid":{"rendered":"https:\/\/www.welovecycling.com\/pl\/?p=8649"},"modified":"2019-03-11T07:24:54","modified_gmt":"2019-03-11T07:24:54","slug":"5-wschodzacych-gwiazd-kobiecego-kolarstwa-do-ktorych-moze-nalezec-2019-rok","status":"publish","type":"post","link":"https:\/\/www.welovecycling.com\/pl\/2019\/03\/11\/5-wschodzacych-gwiazd-kobiecego-kolarstwa-do-ktorych-moze-nalezec-2019-rok\/","title":{"rendered":"5 wschodz\u0105cych gwiazd kobiecego kolarstwa, do kt\u00f3rych mo\u017ce nale\u017ce\u0107 2019 rok"},"content":{"rendered":"<p><strong>W 2019 roku w kolarstwie \u017ce\u0144skim zdecydowanie nie zabraknie talent\u00f3w. Z niecierpliwo\u015bci\u0105 b\u0119dziemy \u015bledzi\u0107 wielkie i dobrze znane nazwiska, ale chcemy te\u017c zwr\u00f3ci\u0107 Wasz\u0105 uwag\u0119 na wschodz\u0105ce gwiazdy, kt\u00f3re mog\u0105 zagrozi\u0107 do\u015bwiadczonym kole\u017cankom i sta\u0107 si\u0119 sensacj\u0105.<\/strong><\/p>\n<p>&nbsp;<\/p>\n<p><span style=\"font-size: 18pt;\"><strong>Tanja Erath (29 lat), Canyon-SRAM Racing<\/strong><\/span><\/p>\n<p>https:\/\/www.instagram.com\/p\/BsF671EFeOY\/?utm_source=ig_embed&#038;utm_campaign=embed_locale_test<\/p>\n<p>Cho\u0107 jej wiek mo\u017ce wydawa\u0107 si\u0119 zaskakuj\u0105cy jak na list\u0119 pocz\u0105tkuj\u0105cych, to Erath dopiero drugi sezon je\u017adzi jako zawodowa kolarka. Dla mieszkaj\u0105cej w Niemczech i zajmuj\u0105cej si\u0119 medycyn\u0105 Tanji 2018 rok okaza\u0142 si\u0119 rewolucyjny: wygra\u0142a w Zwifth Academy Women i podpisa\u0142a kontrakt z Canyon-SRAM. Opu\u015bci\u0142a dom rodzinny, przenios\u0142a si\u0119 do kolarskiego zag\u0142\u0119bia, Girony, i udowodni\u0142a, \u017ce zas\u0142uguje na swoje miejsce w dru\u017cynie \u2013 jej kontrakt przed\u0142u\u017cono na 2019 rok. Jej kole\u017canka z dru\u017cyny, Tiffany Cromwell, okre\u015bli\u0142a j\u0105 jako \u201ezawsze ch\u0119tn\u0105 do nauki, zadawania pyta\u0144 i przyjmowania wszelkich opinii \u2013 zar\u00f3wno pozytywnych, jak i negatywnych \u2013 i niezadawalaj\u0105c\u0105 si\u0119 siedzeniem i byciem przeci\u0119tn\u0105\u201d. Pomimo nier\u00f3wnej formy w pierwszym sezonie wida\u0107, \u017ce ma niesamowite zasoby si\u0142, kt\u00f3re potrafi w odpowiednim momencie wykorzysta\u0107. Ma wi\u0119c potencja\u0142, \u017ceby wyr\u00f3\u017cni\u0107 si\u0119 jako sprinterka, gdy nadejdzie jej czas.<\/p>\n<p>&nbsp;<\/p>\n<p><strong><span style=\"font-size: 18pt;\">Grace Brown (26 lat), Mitchelton-SCOTT<\/span><\/strong><\/p>\n<blockquote class=\"twitter-tweet\" data-lang=\"en\">\n<p dir=\"ltr\" lang=\"en\">????????????????????\u23f0 8pm AEST<br \/>\n??\u200d\u2640\ufe0f Grace Brown, Brodie Chapman, Tiffany Cromwell, Shara Gillow, Lucy Kennedy, Sarah Roy, Amanda Spratt ? <a href=\"https:\/\/twitter.com\/ibk_tirol2018?ref_src=twsrc%5Etfw\">@ibk_tirol2018<\/a> road race<br \/>\n??LIVE via <a href=\"https:\/\/twitter.com\/CyclingCentral?ref_src=twsrc%5Etfw\">@CyclingCentral<\/a> or <a href=\"https:\/\/twitter.com\/SBS?ref_src=twsrc%5Etfw\">@SBS<\/a> On Demand <a href=\"https:\/\/twitter.com\/hashtag\/InnsbruckTirol2018?src=hash&amp;ref_src=twsrc%5Etfw\">#InnsbruckTirol2018<\/a> <a href=\"https:\/\/twitter.com\/hashtag\/AusCyclingTeam?src=hash&amp;ref_src=twsrc%5Etfw\">#AusCyclingTeam<\/a> <a href=\"https:\/\/t.co\/dlciEf8v73\">pic.twitter.com\/dlciEf8v73<\/a><\/p>\n<p>\u2014 AusCyclingTeam (@AusCyclingTeam) <a href=\"https:\/\/twitter.com\/AusCyclingTeam\/status\/1045863219921735682?ref_src=twsrc%5Etfw\">September 29, 2018<\/a><\/p><\/blockquote>\n<p><script async src=\"https:\/\/platform.twitter.com\/widgets.js\" charset=\"utf-8\"><\/script><\/p>\n<p>Grace Brown, kolejna zawodniczka, kt\u00f3ra zacz\u0119\u0142a karier\u0119 w stosunkowo p\u00f3\u017anym wieku jak na t\u0119 dyscyplin\u0119, nie marnowa\u0142a czasu i ostro pracowa\u0142a na w\u0142asn\u0105 mark\u0119. Trzy lata temu nie je\u017adzi\u0142a jeszcze na rowerze, a teraz Australijka jest jedn\u0105 z nowych kobiet zarejestrowanych w Mitchelton-SCOTT. Zosta\u0142a zauwa\u017cona po wyst\u0119pie w 2018 roku i oficjalnie do\u0142\u0105czy\u0142a do europejskiego zawodowego peletonu. Wcze\u015bniejsze lata sp\u0119dza\u0142a na bieganiu, ale po serii kontuzji i za podszeptem ojca, kt\u00f3ry uwa\u017ca\u0142, \u017ce lepiej nadaje si\u0119 do kolarstwa, zdecydowa\u0142a si\u0119 na rower. Od tego czasu uczy si\u0119 i doskonali, a 2018 rok, kt\u00f3ry okaza\u0142 si\u0119 prze\u0142omowy, zako\u0144czy\u0142a, wspieraj\u0105c Amand\u0119 Spratt w zdobyciu srebrnego medalu na mistrzostwach \u015bwiata. Ma nadziej\u0119, \u017ce rok 2019 b\u0119dzie okazj\u0105 do dalszego rozwoju, a sw\u00f3j entuzjazm wyrazi\u0142a w komunikacie prasowym zespo\u0142u, kt\u00f3ry brzmia\u0142 nast\u0119puj\u0105co: \u201eJestem naprawd\u0119 podekscytowana tym, \u017ce znalaz\u0142am si\u0119 w profesjonalnym zespole Mitchelton-SCOTT. Czeka mnie wiele nauki, ale nie mog\u0119 si\u0119 ju\u017c doczeka\u0107 wyzwa\u0144, kt\u00f3re s\u0105 przede mn\u0105\u201d. Dyrektor sportowy zespo\u0142u, Martin Vestby, okre\u015bli\u0142 Brown jako \u201ezawodniczk\u0119, kt\u00f3rej pomagamy si\u0119 rozwin\u0105\u0107, doskonali\u0107 umiej\u0119tno\u015bci, jeszcze bardziej wzmacnia\u0107 jej silne strony, tak \u017ceby czu\u0142a si\u0119 coraz pewniej w najbli\u017cszych latach\u201d.<\/p>\n<p><span style=\"font-size: 18pt;\"><strong>Skylar Schneider (20 lat), Boels-Dolmans<\/strong><\/span><\/p>\n<p>&nbsp;<\/p>\n<blockquote class=\"twitter-tweet\" data-lang=\"en\">\n<p dir=\"ltr\" lang=\"en\">Back to business tmrw this time in the heart of London. Crit style with a start time of 5pm (sleeping in!) &amp; 12 little laps passing the one &amp; only Buckingham Palace. 1st place wins \u20ac25,000. Watch live on Eurosport in Europe or NBC Sports Gold. Vamos a <a href=\"https:\/\/twitter.com\/RideLondonWT?ref_src=twsrc%5Etfw\">@RideLondonWT<\/a> ? Shane Orr <a href=\"https:\/\/t.co\/PNA83LkAKU\">pic.twitter.com\/PNA83LkAKU<\/a><\/p>\n<p>\u2014 Skylar Schneider (@skylar_mars24) <a href=\"https:\/\/twitter.com\/skylar_mars24\/status\/1022952143597314048?ref_src=twsrc%5Etfw\">July 27, 2018<\/a><\/p><\/blockquote>\n<p><script async src=\"https:\/\/platform.twitter.com\/widgets.js\" charset=\"utf-8\"><\/script><\/p>\n<p>Przez lata Skylar Schneider by\u0142a znana jako ta m\u0142odsza z duetu Schneider Sisters. Wcze\u015bniej to jej starsza siostra, Samantha, dominowa\u0142a na ameryka\u0144skiej scenie. Sytuacja zacz\u0119\u0142a si\u0119 zmienia\u0107 w 2016 roku, kiedy Skylar zdoby\u0142a srebrny medal w wy\u015bcigu juniorek i by\u0142a czwarta w pr\u00f3bie czasowej juniorek na mistrzostwach \u015bwiata. W 2017 roku wygra\u0142a 6. etap Internationale Lotto Th\u00fcringen Ladies Tour. W ubieg\u0142ym roku, w wieku zaledwie 19 lat, Amerykanka otrzyma\u0142a telefon, o kt\u00f3rym marz\u0105 wszystkie ambitne zawodniczki. Zaproponowano jej do\u0142\u0105czenie do Boels-Dolmans, jednego z najwi\u0119kszych zawodowych \u017ce\u0144skich team\u00f3w na \u015bwiecie. Kontrakt przed\u0142u\u017cono jej na kolejny rok, i cho\u0107 Schneider mia\u0142a problemy z uwzgl\u0119dnieniem jej w finale podczas wy\u015bcigu World Tour w 2018 roku, to w tym roku mo\u017ce si\u0119 to zmieni\u0107, kiedy pojedzie w kolarskiej sztafecie. Schneider udowodni\u0142a, \u017ce jest szybka na finiszu, wi\u0119c gdy tylko zbuduje wytrzyma\u0142o\u015b\u0107 na d\u0142u\u017cszych dystansach, prawdopodobnie b\u0119dzie mia\u0142a wszystko, czego potrzeba, aby zwyci\u0119\u017ca\u0107.<\/p>\n<p>&nbsp;<\/p>\n<p><span style=\"font-size: 18pt;\"><strong>Cecilie Uttrup-Ludwig (23 lata), Cerv\u00e9lo-Bigla<\/strong><\/span><\/p>\n<div class=\"embed-controller-wrapper\">\n<div class=\"embed-wrapper\"><iframe title=\"UCI Women&#039;s WorldTour - Cecilie Uttrup Ludwig\" width=\"500\" height=\"281\" data-src=\"https:\/\/www.youtube.com\/embed\/XJko-9CJaV8?feature=oembed\" frameborder=\"0\" allow=\"accelerometer; autoplay; clipboard-write; encrypted-media; gyroscope; picture-in-picture; web-share\" referrerpolicy=\"strict-origin-when-cross-origin\" allowfullscreen><\/iframe><\/div>\n<\/div>\n<p>Cecilie Uttrup-Ludwig ze swoj\u0105 wyrazist\u0105 osobowo\u015bci\u0105 i sportowym zapa\u0142em sta\u0142a si\u0119 zawodniczk\u0105, z kt\u00f3r\u0105 trzeba si\u0119 liczy\u0107. Chocia\u017c Dunka ma zaledwie 23 lata, to na kolarskiej scenie jest ju\u017c od jakiego\u015b czasu i wci\u0105\u017c chce wygra\u0107 sw\u00f3j pierwszy wy\u015bcig World Tour. Jej osi\u0105gi i postawa wzbudzi\u0142y du\u017ce zainteresowanie w \u015brodowisku kolarskim, a dzi\u0119ki pasji, kt\u00f3r\u0105 wykazywa\u0142a na zesz\u0142orocznym La Course, zdoby\u0142a serca mi\u0142o\u015bnik\u00f3w kolarstwa. Ch\u0119tnie przyznaje si\u0119 do b\u0142\u0119d\u00f3w i uczy si\u0119 na nich, cechuje j\u0105 po\u015bwi\u0119cenie, profesjonalizm, entuzjazm i oczywi\u015bcie talent, dzi\u0119ki czemu \u2013 miejmy nadziej\u0119 \u2013 zajdzie bardzo daleko. Jej pozytywne nastawienie i gorliwo\u015b\u0107 budz\u0105 uznanie. Kiedy Cerv\u00e9lo-Bigla przed\u0142u\u017cy\u0142o z ni\u0105 umow\u0119 na 2019 rok, z rado\u015bci\u0105 og\u0142osi\u0142a: \u201eJestem tak zmotywowana i szcz\u0119\u015bliwa, \u017ce na pewno wykorzystam swoj\u0105 szans\u0119. To wyj\u0105tkowy projekt, kt\u00f3ry prowadz\u0105 prawdziwi pasjonaci i zarazem bardzo kompetentni ludzie\u201d. Jej g\u0142\u00f3d zwyci\u0119stwa, zaanga\u017cowanie i prawdziwa mi\u0142o\u015b\u0107 do kolarstwa to wystarczaj\u0105ce powody, \u017ceby mie\u0107 na ni\u0105 oko w tym roku.<\/p>\n<p>&nbsp;<\/p>\n<p><span style=\"font-size: 18pt;\"><strong>Letizia Paternoster (19 lat), Trek-Segafredo Women<\/strong><\/span><\/p>\n<div class=\"embed-controller-wrapper\">\n<blockquote class=\"twitter-tweet\" data-width=\"500\" data-dnt=\"true\">\n<p lang=\"en\" dir=\"ltr\">Meet <a href=\"https:\/\/twitter.com\/LetyPaternoster?ref_src=twsrc%5Etfw\">@LetyPaternoster<\/a>.  <br \/>Curious to know more about this \ud83c\uddee\ud83c\uddf9 19-year-old speedster? <br \/>Follow this thread! <a href=\"https:\/\/t.co\/NuGZvB4E2V\">pic.twitter.com\/NuGZvB4E2V<\/a><\/p>\n<p>&mdash; Lidl-Trek (@LidlTrek) <a href=\"https:\/\/twitter.com\/LidlTrek\/status\/1085187105230340096?ref_src=twsrc%5Etfw\">January 15, 2019<\/a><\/p><\/blockquote>\n<p><script async data-src=\"https:\/\/platform.twitter.com\/widgets.js\" charset=\"utf-8\"><\/script><\/div>\n<p>Ta m\u0142oda i utalentowana W\u0142oszka rozpocz\u0119\u0142a sezon mocnym akcentem: zdoby\u0142a pierwsze zwyci\u0119stwo dla nowego \u017ce\u0144skiego teamu Trek-Segafredo i otworzy\u0142a pierwszy etap Santos Women\u2019s Down Under. Kiedy og\u0142oszono, \u017ce do\u0142\u0105czy do gwiazdorskiego zespo\u0142u World Tour obok takich zawodniczek jak Lizzie Deignan, Ellen Van Dijk, Elisa Longo Borghini i Trixi Worrack, Paternoster skomentowa\u0142a to kr\u00f3tko: \u201eTeraz mam szans\u0119, aby nadal si\u0119 rozwija\u0107 i uczy\u0107 od silnych zawodniczek z dru\u017cyny\u201d. Jest ju\u017c wielokrotn\u0105 mistrzyni\u0105 Europy i \u015bwiata na torze, zdoby\u0142a tytu\u0142y w wielu konkurencjach. Teraz, \u015bcigaj\u0105c si\u0119 w zespole prowadzonym przez dwie by\u0142e sprinterki, In\u0119 Teutenberg i Giorgi\u0119 Bronzini, ma szans\u0119 kontynuowa\u0107 szlifowanie swoich umiej\u0119tno\u015bci pod okiem jednych z najlepszych zawodniczek.<\/p>\n<style type=\"text\/css\"><!--td {border: 1px solid #ccc;}br {mso-data-placement:same-cell;}--><\/style>\n<p><span data-sheets-value=\"{&quot;1&quot;:2,&quot;2&quot;:&quot;Artyku\u0142 powsta\u0142 we wsp\u00f3\u0142pracy ze skoda-auto.pl&quot;}\" data-sheets-userformat=\"{&quot;2&quot;:1,&quot;3&quot;:{&quot;1&quot;:0}}\"><a class=\"in-cell-link\" href=\"http:\/\/www.skoda-auto.pl\/\" target=\"_blank\" rel=\"noopener\">Artyku\u0142 powsta\u0142 we wsp\u00f3\u0142pracy ze skoda-auto.pl<\/a><\/span><\/p>\n","protected":false},"excerpt":{"rendered":"<p>W 2019 roku w kolarstwie \u017ce\u0144skim zdecydowanie nie zabraknie talent\u00f3w. Z niecierpliwo\u015bci\u0105 b\u0119dziemy \u015bledzi\u0107 wielkie i dobrze znane nazwiska, ale [&hellip;]<\/p>\n","protected":false},"author":76,"featured_media":8653,"comment_status":"open","ping_status":"open","sticky":false,"template":"","format":"standard","meta":{"footnotes":""},"categories":[226],"tags":[],"global-categories":[],"class_list":["post-8649","post","type-post","status-publish","format-standard","has-post-thumbnail","hentry","category-ciekawostki"],"yoast_head":"<!-- This site is optimized with the Yoast SEO Premium plugin v25.3 (Yoast SEO v25.9) - https:\/\/yoast.com\/wordpress\/plugins\/seo\/ -->\n<title>5 wschodz\u0105cych gwiazd kobiecego kolarstwa, do kt\u00f3rych mo\u017ce nale\u017ce\u0107 2019 rok - \u0160koda We Love Cycling - Poland<\/title>\n<meta name=\"robots\" content=\"index, follow, max-snippet:-1, max-image-preview:large, max-video-preview:-1\" \/>\n<link rel=\"canonical\" href=\"https:\/\/www.welovecycling.com\/pl\/2019\/03\/11\/5-wschodzacych-gwiazd-kobiecego-kolarstwa-do-ktorych-moze-nalezec-2019-rok\/\" \/>\n<meta property=\"og:locale\" content=\"pl_PL\" \/>\n<meta property=\"og:type\" content=\"article\" \/>\n<meta property=\"og:title\" content=\"5 wschodz\u0105cych gwiazd kobiecego kolarstwa, do kt\u00f3rych mo\u017ce nale\u017ce\u0107 2019 rok\" \/>\n<meta property=\"og:description\" content=\"W 2019 roku w kolarstwie \u017ce\u0144skim zdecydowanie nie zabraknie talent\u00f3w. Z niecierpliwo\u015bci\u0105 b\u0119dziemy \u015bledzi\u0107 wielkie i dobrze znane nazwiska, ale [&hellip;]\" \/>\n<meta property=\"og:url\" content=\"https:\/\/www.welovecycling.com\/pl\/2019\/03\/11\/5-wschodzacych-gwiazd-kobiecego-kolarstwa-do-ktorych-moze-nalezec-2019-rok\/\" \/>\n<meta property=\"og:site_name\" content=\"\u0160koda We Love Cycling - Poland\" \/>\n<meta property=\"article:published_time\" content=\"2019-03-11T12:19:04+00:00\" \/>\n<meta property=\"og:image\" content=\"https:\/\/d2p6e6u75xmxt8.cloudfront.net\/5\/2019\/03\/Cecilie-Uttrup-Ludwig-profimedia-0300166460-1024x450.jpg\" \/>\n\t<meta property=\"og:image:width\" content=\"1024\" \/>\n\t<meta property=\"og:image:height\" content=\"450\" \/>\n\t<meta property=\"og:image:type\" content=\"image\/jpeg\" \/>\n<meta name=\"author\" content=\"piotrboczkowski\" \/>\n<meta name=\"twitter:card\" content=\"summary_large_image\" \/>\n<meta name=\"twitter:label1\" content=\"Written by\" \/>\n\t<meta name=\"twitter:data1\" content=\"Megan Flottorp\" \/>\n\t<meta name=\"twitter:label2\" content=\"Est. reading time\" \/>\n\t<meta name=\"twitter:data2\" content=\"4\" \/>\n<script type=\"application\/ld+json\" class=\"yoast-schema-graph\">{\"@context\":\"https:\/\/schema.org\",\"@graph\":[{\"@type\":\"WebPage\",\"@id\":\"https:\/\/www.welovecycling.com\/pl\/2019\/03\/11\/5-wschodzacych-gwiazd-kobiecego-kolarstwa-do-ktorych-moze-nalezec-2019-rok\/\",\"url\":\"https:\/\/www.welovecycling.com\/pl\/2019\/03\/11\/5-wschodzacych-gwiazd-kobiecego-kolarstwa-do-ktorych-moze-nalezec-2019-rok\/\",\"name\":\"5 wschodz\u0105cych gwiazd kobiecego kolarstwa, do kt\u00f3rych mo\u017ce nale\u017ce\u0107 2019 rok - \u0160koda We Love Cycling - Poland\",\"isPartOf\":{\"@id\":\"https:\/\/www.welovecycling.com\/pl\/#website\"},\"primaryImageOfPage\":{\"@id\":\"https:\/\/www.welovecycling.com\/pl\/2019\/03\/11\/5-wschodzacych-gwiazd-kobiecego-kolarstwa-do-ktorych-moze-nalezec-2019-rok\/#primaryimage\"},\"image\":{\"@id\":\"https:\/\/www.welovecycling.com\/pl\/2019\/03\/11\/5-wschodzacych-gwiazd-kobiecego-kolarstwa-do-ktorych-moze-nalezec-2019-rok\/#primaryimage\"},\"thumbnailUrl\":\"https:\/\/d2p6e6u75xmxt8.cloudfront.net\/5\/2019\/03\/Cecilie-Uttrup-Ludwig-profimedia-0300166460-1024x450.jpg\",\"datePublished\":\"2019-03-11T12:19:04+00:00\",\"author\":{\"@id\":\"https:\/\/www.welovecycling.com\/pl\/#\/schema\/person\/0dba2d39da943db9df3fd8f4687e7f23\"},\"breadcrumb\":{\"@id\":\"https:\/\/www.welovecycling.com\/pl\/2019\/03\/11\/5-wschodzacych-gwiazd-kobiecego-kolarstwa-do-ktorych-moze-nalezec-2019-rok\/#breadcrumb\"},\"inLanguage\":\"pl-PL\",\"potentialAction\":[{\"@type\":\"ReadAction\",\"target\":[\"https:\/\/www.welovecycling.com\/pl\/2019\/03\/11\/5-wschodzacych-gwiazd-kobiecego-kolarstwa-do-ktorych-moze-nalezec-2019-rok\/\"]}]},{\"@type\":\"ImageObject\",\"inLanguage\":\"pl-PL\",\"@id\":\"https:\/\/www.welovecycling.com\/pl\/2019\/03\/11\/5-wschodzacych-gwiazd-kobiecego-kolarstwa-do-ktorych-moze-nalezec-2019-rok\/#primaryimage\",\"url\":\"https:\/\/d2p6e6u75xmxt8.cloudfront.net\/5\/2019\/03\/Cecilie-Uttrup-Ludwig-profimedia-0300166460-1024x450.jpg\",\"contentUrl\":\"https:\/\/d2p6e6u75xmxt8.cloudfront.net\/5\/2019\/03\/Cecilie-Uttrup-Ludwig-profimedia-0300166460-1024x450.jpg\",\"width\":1024,\"height\":450},{\"@type\":\"BreadcrumbList\",\"@id\":\"https:\/\/www.welovecycling.com\/pl\/2019\/03\/11\/5-wschodzacych-gwiazd-kobiecego-kolarstwa-do-ktorych-moze-nalezec-2019-rok\/#breadcrumb\",\"itemListElement\":[{\"@type\":\"ListItem\",\"position\":1,\"name\":\"Home\",\"item\":\"https:\/\/www.welovecycling.com\/pl\/\"},{\"@type\":\"ListItem\",\"position\":2,\"name\":\"5 wschodz\u0105cych gwiazd kobiecego kolarstwa, do kt\u00f3rych mo\u017ce nale\u017ce\u0107 2019 rok\"}]},{\"@type\":\"WebSite\",\"@id\":\"https:\/\/www.welovecycling.com\/pl\/#website\",\"url\":\"https:\/\/www.welovecycling.com\/pl\/\",\"name\":\"\u0160koda We Love Cycling - Poland\",\"description\":\"\",\"potentialAction\":[{\"@type\":\"SearchAction\",\"target\":{\"@type\":\"EntryPoint\",\"urlTemplate\":\"https:\/\/www.welovecycling.com\/pl\/?s={search_term_string}\"},\"query-input\":{\"@type\":\"PropertyValueSpecification\",\"valueRequired\":true,\"valueName\":\"search_term_string\"}}],\"inLanguage\":\"pl-PL\"},{\"@type\":\"Person\",\"@id\":\"https:\/\/www.welovecycling.com\/pl\/#\/schema\/person\/0dba2d39da943db9df3fd8f4687e7f23\",\"name\":\"piotrboczkowski\",\"image\":{\"@type\":\"ImageObject\",\"inLanguage\":\"pl-PL\",\"@id\":\"https:\/\/www.welovecycling.com\/pl\/#\/schema\/person\/image\/\",\"url\":\"https:\/\/secure.gravatar.com\/avatar\/533caccae14752e03a2ce2d3fd62d1b98b93e1393c3195c27819e53344ca1ace?s=96&d=mm&r=g\",\"contentUrl\":\"https:\/\/secure.gravatar.com\/avatar\/533caccae14752e03a2ce2d3fd62d1b98b93e1393c3195c27819e53344ca1ace?s=96&d=mm&r=g\",\"caption\":\"piotrboczkowski\"},\"url\":\"https:\/\/www.welovecycling.com\/pl\/author\/piotrboczkowski\/\"}]}<\/script>\n<!-- \/ Yoast SEO Premium plugin. -->","yoast_head_json":{"title":"5 wschodz\u0105cych gwiazd kobiecego kolarstwa, do kt\u00f3rych mo\u017ce nale\u017ce\u0107 2019 rok - \u0160koda We Love Cycling - Poland","robots":{"index":"index","follow":"follow","max-snippet":"max-snippet:-1","max-image-preview":"max-image-preview:large","max-video-preview":"max-video-preview:-1"},"canonical":"https:\/\/www.welovecycling.com\/pl\/2019\/03\/11\/5-wschodzacych-gwiazd-kobiecego-kolarstwa-do-ktorych-moze-nalezec-2019-rok\/","og_locale":"pl_PL","og_type":"article","og_title":"5 wschodz\u0105cych gwiazd kobiecego kolarstwa, do kt\u00f3rych mo\u017ce nale\u017ce\u0107 2019 rok","og_description":"W 2019 roku w kolarstwie \u017ce\u0144skim zdecydowanie nie zabraknie talent\u00f3w. Z niecierpliwo\u015bci\u0105 b\u0119dziemy \u015bledzi\u0107 wielkie i dobrze znane nazwiska, ale [&hellip;]","og_url":"https:\/\/www.welovecycling.com\/pl\/2019\/03\/11\/5-wschodzacych-gwiazd-kobiecego-kolarstwa-do-ktorych-moze-nalezec-2019-rok\/","og_site_name":"\u0160koda We Love Cycling - Poland","article_published_time":"2019-03-11T12:19:04+00:00","og_image":[{"width":1024,"height":450,"url":"https:\/\/d2p6e6u75xmxt8.cloudfront.net\/5\/2019\/03\/Cecilie-Uttrup-Ludwig-profimedia-0300166460-1024x450.jpg","type":"image\/jpeg"}],"author":"piotrboczkowski","twitter_card":"summary_large_image","twitter_misc":{"Written by":"Megan Flottorp","Est. reading time":"4"},"schema":{"@context":"https:\/\/schema.org","@graph":[{"@type":"WebPage","@id":"https:\/\/www.welovecycling.com\/pl\/2019\/03\/11\/5-wschodzacych-gwiazd-kobiecego-kolarstwa-do-ktorych-moze-nalezec-2019-rok\/","url":"https:\/\/www.welovecycling.com\/pl\/2019\/03\/11\/5-wschodzacych-gwiazd-kobiecego-kolarstwa-do-ktorych-moze-nalezec-2019-rok\/","name":"5 wschodz\u0105cych gwiazd kobiecego kolarstwa, do kt\u00f3rych mo\u017ce nale\u017ce\u0107 2019 rok - \u0160koda We Love Cycling - Poland","isPartOf":{"@id":"https:\/\/www.welovecycling.com\/pl\/#website"},"primaryImageOfPage":{"@id":"https:\/\/www.welovecycling.com\/pl\/2019\/03\/11\/5-wschodzacych-gwiazd-kobiecego-kolarstwa-do-ktorych-moze-nalezec-2019-rok\/#primaryimage"},"image":{"@id":"https:\/\/www.welovecycling.com\/pl\/2019\/03\/11\/5-wschodzacych-gwiazd-kobiecego-kolarstwa-do-ktorych-moze-nalezec-2019-rok\/#primaryimage"},"thumbnailUrl":"https:\/\/d2p6e6u75xmxt8.cloudfront.net\/5\/2019\/03\/Cecilie-Uttrup-Ludwig-profimedia-0300166460-1024x450.jpg","datePublished":"2019-03-11T12:19:04+00:00","author":{"@id":"https:\/\/www.welovecycling.com\/pl\/#\/schema\/person\/0dba2d39da943db9df3fd8f4687e7f23"},"breadcrumb":{"@id":"https:\/\/www.welovecycling.com\/pl\/2019\/03\/11\/5-wschodzacych-gwiazd-kobiecego-kolarstwa-do-ktorych-moze-nalezec-2019-rok\/#breadcrumb"},"inLanguage":"pl-PL","potentialAction":[{"@type":"ReadAction","target":["https:\/\/www.welovecycling.com\/pl\/2019\/03\/11\/5-wschodzacych-gwiazd-kobiecego-kolarstwa-do-ktorych-moze-nalezec-2019-rok\/"]}]},{"@type":"ImageObject","inLanguage":"pl-PL","@id":"https:\/\/www.welovecycling.com\/pl\/2019\/03\/11\/5-wschodzacych-gwiazd-kobiecego-kolarstwa-do-ktorych-moze-nalezec-2019-rok\/#primaryimage","url":"https:\/\/d2p6e6u75xmxt8.cloudfront.net\/5\/2019\/03\/Cecilie-Uttrup-Ludwig-profimedia-0300166460-1024x450.jpg","contentUrl":"https:\/\/d2p6e6u75xmxt8.cloudfront.net\/5\/2019\/03\/Cecilie-Uttrup-Ludwig-profimedia-0300166460-1024x450.jpg","width":1024,"height":450},{"@type":"BreadcrumbList","@id":"https:\/\/www.welovecycling.com\/pl\/2019\/03\/11\/5-wschodzacych-gwiazd-kobiecego-kolarstwa-do-ktorych-moze-nalezec-2019-rok\/#breadcrumb","itemListElement":[{"@type":"ListItem","position":1,"name":"Home","item":"https:\/\/www.welovecycling.com\/pl\/"},{"@type":"ListItem","position":2,"name":"5 wschodz\u0105cych gwiazd kobiecego kolarstwa, do kt\u00f3rych mo\u017ce nale\u017ce\u0107 2019 rok"}]},{"@type":"WebSite","@id":"https:\/\/www.welovecycling.com\/pl\/#website","url":"https:\/\/www.welovecycling.com\/pl\/","name":"\u0160koda We Love Cycling - Poland","description":"","potentialAction":[{"@type":"SearchAction","target":{"@type":"EntryPoint","urlTemplate":"https:\/\/www.welovecycling.com\/pl\/?s={search_term_string}"},"query-input":{"@type":"PropertyValueSpecification","valueRequired":true,"valueName":"search_term_string"}}],"inLanguage":"pl-PL"},{"@type":"Person","@id":"https:\/\/www.welovecycling.com\/pl\/#\/schema\/person\/0dba2d39da943db9df3fd8f4687e7f23","name":"piotrboczkowski","image":{"@type":"ImageObject","inLanguage":"pl-PL","@id":"https:\/\/www.welovecycling.com\/pl\/#\/schema\/person\/image\/","url":"https:\/\/secure.gravatar.com\/avatar\/533caccae14752e03a2ce2d3fd62d1b98b93e1393c3195c27819e53344ca1ace?s=96&d=mm&r=g","contentUrl":"https:\/\/secure.gravatar.com\/avatar\/533caccae14752e03a2ce2d3fd62d1b98b93e1393c3195c27819e53344ca1ace?s=96&d=mm&r=g","caption":"piotrboczkowski"},"url":"https:\/\/www.welovecycling.com\/pl\/author\/piotrboczkowski\/"}]}},"_links":{"self":[{"href":"https:\/\/www.welovecycling.com\/pl\/wp-json\/wp\/v2\/posts\/8649","targetHints":{"allow":["GET"]}}],"collection":[{"href":"https:\/\/www.welovecycling.com\/pl\/wp-json\/wp\/v2\/posts"}],"about":[{"href":"https:\/\/www.welovecycling.com\/pl\/wp-json\/wp\/v2\/types\/post"}],"author":[{"embeddable":true,"href":"https:\/\/www.welovecycling.com\/pl\/wp-json\/wp\/v2\/users\/76"}],"replies":[{"embeddable":true,"href":"https:\/\/www.welovecycling.com\/pl\/wp-json\/wp\/v2\/comments?post=8649"}],"version-history":[{"count":1,"href":"https:\/\/www.welovecycling.com\/pl\/wp-json\/wp\/v2\/posts\/8649\/revisions"}],"predecessor-version":[{"id":8654,"href":"https:\/\/www.welovecycling.com\/pl\/wp-json\/wp\/v2\/posts\/8649\/revisions\/8654"}],"wp:featuredmedia":[{"embeddable":true,"href":"https:\/\/www.welovecycling.com\/pl\/wp-json\/wp\/v2\/media\/8653"}],"wp:attachment":[{"href":"https:\/\/www.welovecycling.com\/pl\/wp-json\/wp\/v2\/media?parent=8649"}],"wp:term":[{"taxonomy":"category","embeddable":true,"href":"https:\/\/www.welovecycling.com\/pl\/wp-json\/wp\/v2\/categories?post=8649"},{"taxonomy":"post_tag","embeddable":true,"href":"https:\/\/www.welovecycling.com\/pl\/wp-json\/wp\/v2\/tags?post=8649"},{"taxonomy":"global-categories","embeddable":true,"href":"https:\/\/www.welovecycling.com\/pl\/wp-json\/wp\/v2\/global-categories?post=8649"}],"curies":[{"name":"wp","href":"https:\/\/api.w.org\/{rel}","templated":true}]}}