{"id":8643,"date":"2019-03-08T06:50:08","date_gmt":"2019-03-08T06:50:08","guid":{"rendered":"https:\/\/www.welovecycling.com\/pl\/?p=8643"},"modified":"2019-03-11T06:59:23","modified_gmt":"2019-03-11T06:59:23","slug":"polska-na-rowerowej-mapie-europy-gdzie-warto-pojechac","status":"publish","type":"post","link":"https:\/\/www.welovecycling.com\/pl\/2019\/03\/08\/polska-na-rowerowej-mapie-europy-gdzie-warto-pojechac\/","title":{"rendered":"Polska na rowerowej mapie Europy. Gdzie warto pojecha\u0107?"},"content":{"rendered":"<p><strong>To trasa, kt\u00f3ra szczeg\u00f3lnie powinna zainteresowa\u0107 polskich rowerzyst\u00f3w, nie maj\u0105cych czasu na podr\u00f3\u017cowanie po ca\u0142ej Europie. Pi\u0119kne widoki, ekscytuj\u0105ce miasta oraz wiele turystycznych i historycznych atrakcji \u2013 tak reklamowany jest rowerowy przejazd przez Polsk\u0119, kt\u00f3ry stanowi cz\u0119\u015b\u0107 europejskiej trasy EuroVelo2, nazwanej Szlakiem Stolic.<\/strong><\/p>\n<p>To kolejna z tras, kt\u00f3re prowadz\u0105 przez ca\u0142\u0105 Europ\u0119 i propaguj\u0105 jazd\u0119 na rowerze. \u0141\u0105czy Dublin z Moskw\u0105, a jej tw\u00f3rcy uznali, \u017ce nie mo\u017ce omin\u0105\u0107 Polski. Dzi\u0119ki temu rowerzy\u015bci otrzymuj\u0105 gotowy plan na d\u0142ug\u0105 rowerow\u0105 wypraw\u0119 lub kr\u00f3tsz\u0105, kt\u00f3ra prowadzi przez ma\u0142y fragment polskiego EuroVelo2.<\/p>\n<p><a href=\"https:\/\/d2p6e6u75xmxt8.cloudfront.net\/5\/2019\/03\/download.jpg\"><img loading=\"lazy\" decoding=\"async\" class=\"aligncenter size-full wp-image-8644\" src=\"https:\/\/d2p6e6u75xmxt8.cloudfront.net\/5\/2019\/03\/download.jpg\" alt=\"\" width=\"400\" height=\"126\" srcset=\"https:\/\/d2p6e6u75xmxt8.cloudfront.net\/5\/2019\/03\/download.jpg 400w, https:\/\/d2p6e6u75xmxt8.cloudfront.net\/5\/2019\/03\/download-300x95.jpg 300w\" sizes=\"auto, (max-width: 400px) 100vw, 400px\" \/><\/a><\/p>\n<p><strong>Polska od zachodu po wsch\u00f3d<\/strong><\/p>\n<p>Polski odcinek zaczyna si\u0119 w wojew\u00f3dztwie lubuskim, p\u00f3\u017aniej kieruje rowerzyst\u00f3w w okolice Poznania, nast\u0119pnie W\u0142oc\u0142awka i oczywi\u015bcie nie mo\u017ce omin\u0105\u0107 Warszawy. Zako\u0144czenie polskiego etapu nast\u0119puje w Bia\u0142owie\u017cy, na granicy polsko-bia\u0142oruskiej.<\/p>\n<p>\u201eTrasa prowadzi przez kilka park\u00f3w narodowych, w tym przez bia\u0142owieski, gdzie ci\u0105gle mo\u017cemy spotka\u0107 w\u0119druj\u0105ce \u017cubry. Do tego ca\u0142a trasa oferuje pi\u0119kne widoki, ekscytuj\u0105ce miasta oraz wiele turystycznych i historycznych atrakcji\u201d \u2013 reklamuj\u0105 tw\u00f3rcy EuroVelo.<\/p>\n<p>Z miast wyr\u00f3\u017cniono Warszaw\u0119 i Bydgoszcz, do kt\u00f3rej z trasy trzeba jednak troch\u0119 zboczy\u0107. Stolica opisywana jest jako miejsce z bolesn\u0105 histori\u0105 II wojny \u015bwiatowej, kt\u00f3re jednak podnios\u0142o si\u0119 i dzi\u015b jest miastem z \u201epi\u0119knym centrum, pa\u0142acami, ogrodami i parkami\u201d.<\/p>\n<p>Z kolei Bydgoszcz nazwana jest miastem wody i muzyki. \u201eJe\u017cd\u017c\u0105c tam na rowerze mo\u017cna odkrywa\u0107 muzea, pi\u0119kne budynki, mi\u0119dzynarodowe festiwale i imprezy sportowe oraz cudowne \u0142odzie p\u0142ywaj\u0105ce po rzekach. Bydgoszczy nie mo\u017cna omin\u0105\u0107! Szczeg\u00f3lnie, \u017ce dost\u0119p do niej jest u\u0142atwiony dzi\u0119ki dogodnym po\u0142\u0105czeniom kolejowym, a baza hotelowo-restauracyjna zadowoli najbardziej wybrednych turyst\u00f3w\u201d.<\/p>\n<p><strong>Stolice przyjazne rowerzystom<\/strong><\/p>\n<p>Na trasie EuroVelo2 polskie miasta maj\u0105 jednak spor\u0105 konkurencj\u0119. Rowerzy\u015bci, kt\u00f3rzy zdecyduj\u0105 si\u0119 przejecha\u0107 j\u0105 w ca\u0142o\u015bci (5,5 tys. km) mog\u0105 przebiera\u0107 we wspania\u0142ych miejscach, a szczeg\u00f3lnie w stolicach. Pierwsza to irlandzki Dublin z niezapomnianymi ko\u015bcio\u0142ami i katedrami, a tak\u017ce uniwersytetami. Za to wieczorem rowerzy\u015bci mog\u0105 tu odpocz\u0105\u0107 przy kuflu wybornego irlandzkiego piwa w jednym z kultowych pub\u00f3w.<\/p>\n<p>Podobne atrakcje, tylko znacznie wi\u0119cej, czekaj\u0105 w Londynie. \u201eW tym wielkim mie\u015bcie kultura i infrastruktura rowerowa mocno si\u0119 rozwijaj\u0105, wi\u0119c jest to doskona\u0142y spos\u00f3b na zwiedzeniu wielu atrakcji\u201d \u2013 zapewniaj\u0105 tw\u00f3rcy EuroVelo.<\/p>\n<p>Z mi\u0142o\u015bci do rower\u00f3w znani s\u0105 Holendrzy, a ta mi\u0142o\u015b\u0107 w Hadze \u2013 stolicy administracyjnej tego kraju \u2013 a\u017c kipi. \u201eTrasy zosta\u0142y zaprojektowane w taki spos\u00f3b, by rowerem mo\u017cna by\u0142o odkry\u0107 wszystkie zabytki uroczego nadmorskiego miasta, w tym pa\u0142ace, siedzib\u0119 Mi\u0119dzynarodowego Trybuna\u0142u Sprawiedliwo\u015bci, a tak\u017ce posiad\u0142o\u015b\u0107, w kt\u00f3rej mieszka holenderska rodzina kr\u00f3lewska\u201d.<\/p>\n<p>Po Hadze udajemy si\u0119 w stron\u0119 Niemiec, ale to pa\u0144stwo to nie tylko Berlin, ale r\u00f3wnie\u017c po\u0142o\u017cony w Nadrenii Munster. To uniwersyteckie miasto, wi\u0119c t\u0119tni \u017cyciem 24 godziny na dob\u0119. Wed\u0142ug tw\u00f3rc\u00f3w EuroVelo jest to r\u00f3wnie\u017c jedno z najbardziej przyjaznych dla rowerzyst\u00f3w miast w Niemczech.<\/p>\n<p><strong>Start i meta na Placu Czerwonym<\/strong><\/p>\n<p>Po przejechaniu polskiego fragmentu rowerzy\u015bci podr\u00f3\u017cuj\u0105 po Bia\u0142orusi, gdzie nie zapomniano o akcentach historycznych. Opr\u00f3cz Mi\u0144ska wyr\u00f3\u017cniono tu bowiem Katy\u0144, gdzie w 1940 r. NKWD dokona\u0142a masowej zbrodni na Polakach, w tym oficerach wojska i policji.<\/p>\n<p><a href=\"https:\/\/d2p6e6u75xmxt8.cloudfront.net\/5\/2019\/03\/ev2.png\"><img loading=\"lazy\" decoding=\"async\" class=\"aligncenter size-large wp-image-8646\" src=\"https:\/\/d2p6e6u75xmxt8.cloudfront.net\/5\/2019\/03\/ev2-903x1024.png\" alt=\"\" width=\"903\" height=\"1024\" srcset=\"https:\/\/d2p6e6u75xmxt8.cloudfront.net\/5\/2019\/03\/ev2-903x1024.png 903w, https:\/\/d2p6e6u75xmxt8.cloudfront.net\/5\/2019\/03\/ev2-264x300.png 264w, https:\/\/d2p6e6u75xmxt8.cloudfront.net\/5\/2019\/03\/ev2-768x871.png 768w, https:\/\/d2p6e6u75xmxt8.cloudfront.net\/5\/2019\/03\/ev2.png 1184w\" sizes=\"auto, (max-width: 903px) 100vw, 903px\" \/><\/a><\/p>\n<p>EuroVelo2 ko\u0144czy si\u0119 w Moskwie. \u201eOstatnia, ale na pewno nie najmniej atrakcyjna stolica na mapie przejazdu, gdzie idealnym miejscem na start i zako\u0144czenie rowerowej wyprawy jest Plac Czerwony\u201d \u2013 proponuj\u0105 tw\u00f3rcy EuroVelo2.<\/p>\n<p>***<\/p>\n<p>EuroVelo to og\u00f3lnoeuropejska sie\u0107 tras rowerowych. Wiod\u0105 one przez 43 pa\u0144stwa i \u0142\u0105cznie maj\u0105 ponad 70 tys. km d\u0142ugo\u015bci. To projekt Europejskiej Federacji Cyklist\u00f3w, wsp\u00f3\u0142finansowany przez Uni\u0119 Europejsk\u0105. Ca\u0142o\u015b\u0107 ma by\u0107 uko\u0144czona w 2020 r.<\/p>\n<p><span data-sheets-value=\"{&quot;1&quot;:2,&quot;2&quot;:&quot;Artyku\u0142 powsta\u0142 we wsp\u00f3\u0142pracy ze skoda-auto.pl&quot;}\" data-sheets-userformat=\"{&quot;2&quot;:1,&quot;3&quot;:{&quot;1&quot;:0}}\"><a class=\"in-cell-link\" href=\"http:\/\/www.skoda-auto.pl\/\" target=\"_blank\" rel=\"noopener\">Artyku\u0142 powsta\u0142 we wsp\u00f3\u0142pracy ze skoda-auto.pl<\/a><\/span><\/p>\n","protected":false},"excerpt":{"rendered":"<p>To trasa, kt\u00f3ra szczeg\u00f3lnie powinna zainteresowa\u0107 polskich rowerzyst\u00f3w, nie maj\u0105cych czasu na podr\u00f3\u017cowanie po ca\u0142ej Europie. Pi\u0119kne widoki, ekscytuj\u0105ce miasta [&hellip;]<\/p>\n","protected":false},"author":76,"featured_media":8646,"comment_status":"open","ping_status":"open","sticky":false,"template":"","format":"standard","meta":{"footnotes":""},"categories":[226,6],"tags":[],"global-categories":[],"class_list":["post-8643","post","type-post","status-publish","format-standard","has-post-thumbnail","hentry","category-ciekawostki","category-kolarstwo-szosowe"],"yoast_head":"<!-- This site is optimized with the Yoast SEO Premium plugin v25.3 (Yoast SEO v25.9) - https:\/\/yoast.com\/wordpress\/plugins\/seo\/ -->\n<title>Polska na rowerowej mapie Europy. Gdzie warto pojecha\u0107? - \u0160koda We Love Cycling - Poland<\/title>\n<meta name=\"robots\" content=\"index, follow, max-snippet:-1, max-image-preview:large, max-video-preview:-1\" \/>\n<link rel=\"canonical\" href=\"https:\/\/www.welovecycling.com\/pl\/2019\/03\/08\/polska-na-rowerowej-mapie-europy-gdzie-warto-pojechac\/\" \/>\n<meta property=\"og:locale\" content=\"pl_PL\" \/>\n<meta property=\"og:type\" content=\"article\" \/>\n<meta property=\"og:title\" content=\"Polska na rowerowej mapie Europy. Gdzie warto pojecha\u0107?\" \/>\n<meta property=\"og:description\" content=\"To trasa, kt\u00f3ra szczeg\u00f3lnie powinna zainteresowa\u0107 polskich rowerzyst\u00f3w, nie maj\u0105cych czasu na podr\u00f3\u017cowanie po ca\u0142ej Europie. Pi\u0119kne widoki, ekscytuj\u0105ce miasta [&hellip;]\" \/>\n<meta property=\"og:url\" content=\"https:\/\/www.welovecycling.com\/pl\/2019\/03\/08\/polska-na-rowerowej-mapie-europy-gdzie-warto-pojechac\/\" \/>\n<meta property=\"og:site_name\" content=\"\u0160koda We Love Cycling - Poland\" \/>\n<meta property=\"article:published_time\" content=\"2019-03-08T06:50:08+00:00\" \/>\n<meta property=\"article:modified_time\" content=\"2019-03-11T06:59:23+00:00\" \/>\n<meta property=\"og:image\" content=\"https:\/\/d2p6e6u75xmxt8.cloudfront.net\/5\/2019\/03\/ev2.png\" \/>\n\t<meta property=\"og:image:width\" content=\"1184\" \/>\n\t<meta property=\"og:image:height\" content=\"1343\" \/>\n\t<meta property=\"og:image:type\" content=\"image\/png\" \/>\n<meta name=\"author\" content=\"piotrboczkowski\" \/>\n<meta name=\"twitter:card\" content=\"summary_large_image\" \/>\n<meta name=\"twitter:label1\" content=\"Written by\" \/>\n\t<meta name=\"twitter:data1\" content=\"Piotr Jawor\" \/>\n\t<meta name=\"twitter:label2\" content=\"Est. reading time\" \/>\n\t<meta name=\"twitter:data2\" content=\"4\" \/>\n<script type=\"application\/ld+json\" class=\"yoast-schema-graph\">{\"@context\":\"https:\/\/schema.org\",\"@graph\":[{\"@type\":\"WebPage\",\"@id\":\"https:\/\/www.welovecycling.com\/pl\/2019\/03\/08\/polska-na-rowerowej-mapie-europy-gdzie-warto-pojechac\/\",\"url\":\"https:\/\/www.welovecycling.com\/pl\/2019\/03\/08\/polska-na-rowerowej-mapie-europy-gdzie-warto-pojechac\/\",\"name\":\"Polska na rowerowej mapie Europy. Gdzie warto pojecha\u0107? - \u0160koda We Love Cycling - Poland\",\"isPartOf\":{\"@id\":\"https:\/\/www.welovecycling.com\/pl\/#website\"},\"primaryImageOfPage\":{\"@id\":\"https:\/\/www.welovecycling.com\/pl\/2019\/03\/08\/polska-na-rowerowej-mapie-europy-gdzie-warto-pojechac\/#primaryimage\"},\"image\":{\"@id\":\"https:\/\/www.welovecycling.com\/pl\/2019\/03\/08\/polska-na-rowerowej-mapie-europy-gdzie-warto-pojechac\/#primaryimage\"},\"thumbnailUrl\":\"https:\/\/d2p6e6u75xmxt8.cloudfront.net\/5\/2019\/03\/ev2.png\",\"datePublished\":\"2019-03-08T06:50:08+00:00\",\"dateModified\":\"2019-03-11T06:59:23+00:00\",\"author\":{\"@id\":\"https:\/\/www.welovecycling.com\/pl\/#\/schema\/person\/0dba2d39da943db9df3fd8f4687e7f23\"},\"breadcrumb\":{\"@id\":\"https:\/\/www.welovecycling.com\/pl\/2019\/03\/08\/polska-na-rowerowej-mapie-europy-gdzie-warto-pojechac\/#breadcrumb\"},\"inLanguage\":\"pl-PL\",\"potentialAction\":[{\"@type\":\"ReadAction\",\"target\":[\"https:\/\/www.welovecycling.com\/pl\/2019\/03\/08\/polska-na-rowerowej-mapie-europy-gdzie-warto-pojechac\/\"]}]},{\"@type\":\"ImageObject\",\"inLanguage\":\"pl-PL\",\"@id\":\"https:\/\/www.welovecycling.com\/pl\/2019\/03\/08\/polska-na-rowerowej-mapie-europy-gdzie-warto-pojechac\/#primaryimage\",\"url\":\"https:\/\/d2p6e6u75xmxt8.cloudfront.net\/5\/2019\/03\/ev2.png\",\"contentUrl\":\"https:\/\/d2p6e6u75xmxt8.cloudfront.net\/5\/2019\/03\/ev2.png\",\"width\":1184,\"height\":1343},{\"@type\":\"BreadcrumbList\",\"@id\":\"https:\/\/www.welovecycling.com\/pl\/2019\/03\/08\/polska-na-rowerowej-mapie-europy-gdzie-warto-pojechac\/#breadcrumb\",\"itemListElement\":[{\"@type\":\"ListItem\",\"position\":1,\"name\":\"Home\",\"item\":\"https:\/\/www.welovecycling.com\/pl\/\"},{\"@type\":\"ListItem\",\"position\":2,\"name\":\"Polska na rowerowej mapie Europy. Gdzie warto pojecha\u0107?\"}]},{\"@type\":\"WebSite\",\"@id\":\"https:\/\/www.welovecycling.com\/pl\/#website\",\"url\":\"https:\/\/www.welovecycling.com\/pl\/\",\"name\":\"\u0160koda We Love Cycling - Poland\",\"description\":\"\",\"potentialAction\":[{\"@type\":\"SearchAction\",\"target\":{\"@type\":\"EntryPoint\",\"urlTemplate\":\"https:\/\/www.welovecycling.com\/pl\/?s={search_term_string}\"},\"query-input\":{\"@type\":\"PropertyValueSpecification\",\"valueRequired\":true,\"valueName\":\"search_term_string\"}}],\"inLanguage\":\"pl-PL\"},{\"@type\":\"Person\",\"@id\":\"https:\/\/www.welovecycling.com\/pl\/#\/schema\/person\/0dba2d39da943db9df3fd8f4687e7f23\",\"name\":\"piotrboczkowski\",\"image\":{\"@type\":\"ImageObject\",\"inLanguage\":\"pl-PL\",\"@id\":\"https:\/\/www.welovecycling.com\/pl\/#\/schema\/person\/image\/\",\"url\":\"https:\/\/secure.gravatar.com\/avatar\/533caccae14752e03a2ce2d3fd62d1b98b93e1393c3195c27819e53344ca1ace?s=96&d=mm&r=g\",\"contentUrl\":\"https:\/\/secure.gravatar.com\/avatar\/533caccae14752e03a2ce2d3fd62d1b98b93e1393c3195c27819e53344ca1ace?s=96&d=mm&r=g\",\"caption\":\"piotrboczkowski\"},\"url\":\"https:\/\/www.welovecycling.com\/pl\/author\/piotrboczkowski\/\"}]}<\/script>\n<!-- \/ Yoast SEO Premium plugin. -->","yoast_head_json":{"title":"Polska na rowerowej mapie Europy. Gdzie warto pojecha\u0107? - \u0160koda We Love Cycling - Poland","robots":{"index":"index","follow":"follow","max-snippet":"max-snippet:-1","max-image-preview":"max-image-preview:large","max-video-preview":"max-video-preview:-1"},"canonical":"https:\/\/www.welovecycling.com\/pl\/2019\/03\/08\/polska-na-rowerowej-mapie-europy-gdzie-warto-pojechac\/","og_locale":"pl_PL","og_type":"article","og_title":"Polska na rowerowej mapie Europy. Gdzie warto pojecha\u0107?","og_description":"To trasa, kt\u00f3ra szczeg\u00f3lnie powinna zainteresowa\u0107 polskich rowerzyst\u00f3w, nie maj\u0105cych czasu na podr\u00f3\u017cowanie po ca\u0142ej Europie. Pi\u0119kne widoki, ekscytuj\u0105ce miasta [&hellip;]","og_url":"https:\/\/www.welovecycling.com\/pl\/2019\/03\/08\/polska-na-rowerowej-mapie-europy-gdzie-warto-pojechac\/","og_site_name":"\u0160koda We Love Cycling - Poland","article_published_time":"2019-03-08T06:50:08+00:00","article_modified_time":"2019-03-11T06:59:23+00:00","og_image":[{"width":1184,"height":1343,"url":"https:\/\/d2p6e6u75xmxt8.cloudfront.net\/5\/2019\/03\/ev2.png","type":"image\/png"}],"author":"piotrboczkowski","twitter_card":"summary_large_image","twitter_misc":{"Written by":"Piotr Jawor","Est. reading time":"4"},"schema":{"@context":"https:\/\/schema.org","@graph":[{"@type":"WebPage","@id":"https:\/\/www.welovecycling.com\/pl\/2019\/03\/08\/polska-na-rowerowej-mapie-europy-gdzie-warto-pojechac\/","url":"https:\/\/www.welovecycling.com\/pl\/2019\/03\/08\/polska-na-rowerowej-mapie-europy-gdzie-warto-pojechac\/","name":"Polska na rowerowej mapie Europy. Gdzie warto pojecha\u0107? - \u0160koda We Love Cycling - Poland","isPartOf":{"@id":"https:\/\/www.welovecycling.com\/pl\/#website"},"primaryImageOfPage":{"@id":"https:\/\/www.welovecycling.com\/pl\/2019\/03\/08\/polska-na-rowerowej-mapie-europy-gdzie-warto-pojechac\/#primaryimage"},"image":{"@id":"https:\/\/www.welovecycling.com\/pl\/2019\/03\/08\/polska-na-rowerowej-mapie-europy-gdzie-warto-pojechac\/#primaryimage"},"thumbnailUrl":"https:\/\/d2p6e6u75xmxt8.cloudfront.net\/5\/2019\/03\/ev2.png","datePublished":"2019-03-08T06:50:08+00:00","dateModified":"2019-03-11T06:59:23+00:00","author":{"@id":"https:\/\/www.welovecycling.com\/pl\/#\/schema\/person\/0dba2d39da943db9df3fd8f4687e7f23"},"breadcrumb":{"@id":"https:\/\/www.welovecycling.com\/pl\/2019\/03\/08\/polska-na-rowerowej-mapie-europy-gdzie-warto-pojechac\/#breadcrumb"},"inLanguage":"pl-PL","potentialAction":[{"@type":"ReadAction","target":["https:\/\/www.welovecycling.com\/pl\/2019\/03\/08\/polska-na-rowerowej-mapie-europy-gdzie-warto-pojechac\/"]}]},{"@type":"ImageObject","inLanguage":"pl-PL","@id":"https:\/\/www.welovecycling.com\/pl\/2019\/03\/08\/polska-na-rowerowej-mapie-europy-gdzie-warto-pojechac\/#primaryimage","url":"https:\/\/d2p6e6u75xmxt8.cloudfront.net\/5\/2019\/03\/ev2.png","contentUrl":"https:\/\/d2p6e6u75xmxt8.cloudfront.net\/5\/2019\/03\/ev2.png","width":1184,"height":1343},{"@type":"BreadcrumbList","@id":"https:\/\/www.welovecycling.com\/pl\/2019\/03\/08\/polska-na-rowerowej-mapie-europy-gdzie-warto-pojechac\/#breadcrumb","itemListElement":[{"@type":"ListItem","position":1,"name":"Home","item":"https:\/\/www.welovecycling.com\/pl\/"},{"@type":"ListItem","position":2,"name":"Polska na rowerowej mapie Europy. Gdzie warto pojecha\u0107?"}]},{"@type":"WebSite","@id":"https:\/\/www.welovecycling.com\/pl\/#website","url":"https:\/\/www.welovecycling.com\/pl\/","name":"\u0160koda We Love Cycling - Poland","description":"","potentialAction":[{"@type":"SearchAction","target":{"@type":"EntryPoint","urlTemplate":"https:\/\/www.welovecycling.com\/pl\/?s={search_term_string}"},"query-input":{"@type":"PropertyValueSpecification","valueRequired":true,"valueName":"search_term_string"}}],"inLanguage":"pl-PL"},{"@type":"Person","@id":"https:\/\/www.welovecycling.com\/pl\/#\/schema\/person\/0dba2d39da943db9df3fd8f4687e7f23","name":"piotrboczkowski","image":{"@type":"ImageObject","inLanguage":"pl-PL","@id":"https:\/\/www.welovecycling.com\/pl\/#\/schema\/person\/image\/","url":"https:\/\/secure.gravatar.com\/avatar\/533caccae14752e03a2ce2d3fd62d1b98b93e1393c3195c27819e53344ca1ace?s=96&d=mm&r=g","contentUrl":"https:\/\/secure.gravatar.com\/avatar\/533caccae14752e03a2ce2d3fd62d1b98b93e1393c3195c27819e53344ca1ace?s=96&d=mm&r=g","caption":"piotrboczkowski"},"url":"https:\/\/www.welovecycling.com\/pl\/author\/piotrboczkowski\/"}]}},"_links":{"self":[{"href":"https:\/\/www.welovecycling.com\/pl\/wp-json\/wp\/v2\/posts\/8643","targetHints":{"allow":["GET"]}}],"collection":[{"href":"https:\/\/www.welovecycling.com\/pl\/wp-json\/wp\/v2\/posts"}],"about":[{"href":"https:\/\/www.welovecycling.com\/pl\/wp-json\/wp\/v2\/types\/post"}],"author":[{"embeddable":true,"href":"https:\/\/www.welovecycling.com\/pl\/wp-json\/wp\/v2\/users\/76"}],"replies":[{"embeddable":true,"href":"https:\/\/www.welovecycling.com\/pl\/wp-json\/wp\/v2\/comments?post=8643"}],"version-history":[{"count":2,"href":"https:\/\/www.welovecycling.com\/pl\/wp-json\/wp\/v2\/posts\/8643\/revisions"}],"predecessor-version":[{"id":8648,"href":"https:\/\/www.welovecycling.com\/pl\/wp-json\/wp\/v2\/posts\/8643\/revisions\/8648"}],"wp:featuredmedia":[{"embeddable":true,"href":"https:\/\/www.welovecycling.com\/pl\/wp-json\/wp\/v2\/media\/8646"}],"wp:attachment":[{"href":"https:\/\/www.welovecycling.com\/pl\/wp-json\/wp\/v2\/media?parent=8643"}],"wp:term":[{"taxonomy":"category","embeddable":true,"href":"https:\/\/www.welovecycling.com\/pl\/wp-json\/wp\/v2\/categories?post=8643"},{"taxonomy":"post_tag","embeddable":true,"href":"https:\/\/www.welovecycling.com\/pl\/wp-json\/wp\/v2\/tags?post=8643"},{"taxonomy":"global-categories","embeddable":true,"href":"https:\/\/www.welovecycling.com\/pl\/wp-json\/wp\/v2\/global-categories?post=8643"}],"curies":[{"name":"wp","href":"https:\/\/api.w.org\/{rel}","templated":true}]}}