{"id":8626,"date":"2019-03-04T07:17:31","date_gmt":"2019-03-04T07:17:31","guid":{"rendered":"https:\/\/www.welovecycling.com\/pl\/?p=8626"},"modified":"2019-03-05T07:21:15","modified_gmt":"2019-03-05T07:21:15","slug":"oto-pomysl-na-rowerowa-wyprawe-zycia","status":"publish","type":"post","link":"https:\/\/www.welovecycling.com\/pl\/2019\/03\/04\/oto-pomysl-na-rowerowa-wyprawe-zycia\/","title":{"rendered":"Oto pomys\u0142 na rowerow\u0105 wypraw\u0119 \u017cycia"},"content":{"rendered":"<p><strong>Mo\u017cliwo\u015b\u0107 przejechania 9 tys. kilometr\u00f3w na rowerze brzmi jak marzenie, ale jak marzenie wygl\u0105da te\u017c ta trasa. Fiordy, wyspy, urokliwe miasteczka, ziele\u0144, pla\u017ce. Je\u015bli fan kolarstwa nie wie, co zrobi\u0107 z nadmiarem wolnego czasu, to w\u0142a\u015bnie znalaz\u0142 odpowied\u017a.<\/strong><\/p>\n<p>To pierwsza z pi\u0119tnastu tras w ramach europejskiego programu Eurovelo i chyba nieprzypadkowo zosta\u0142a oznaczona numerem \u201e1\u201d, bo przejazd z norweskiego Przyl\u0105dka P\u00f3\u0142nocy a\u017c w okolice Lizbony to wizyt\u00f3wka europejskiej turystyki rowerowej.<\/p>\n<p><a href=\"https:\/\/d2p6e6u75xmxt8.cloudfront.net\/5\/2019\/03\/imageMap.jpg\"><img loading=\"lazy\" decoding=\"async\" class=\"aligncenter size-full wp-image-8629\" src=\"https:\/\/d2p6e6u75xmxt8.cloudfront.net\/5\/2019\/03\/imageMap.jpg\" alt=\"\" width=\"450\" height=\"736\" srcset=\"https:\/\/d2p6e6u75xmxt8.cloudfront.net\/5\/2019\/03\/imageMap.jpg 450w, https:\/\/d2p6e6u75xmxt8.cloudfront.net\/5\/2019\/03\/imageMap-183x300.jpg 183w\" sizes=\"auto, (max-width: 450px) 100vw, 450px\" \/><\/a><\/p>\n<p>Trasa ma a\u017c 9100 km, wi\u0119c na jej spokojne pokonanie nale\u017ca\u0142oby zarezerwowa\u0107 nawet\u2026 p\u00f3\u0142 roku. Co prawda s\u0105 tacy, kt\u00f3rzy na rowerze sp\u0119dzaj\u0105 znacznie wi\u0119cej czasu, ale Eurovelo zosta\u0142y skonstruowane w taki spos\u00f3b, by m\u00f3c je przeje\u017cd\u017ca\u0107 tak\u017ce fragmentami. \u201eTo trasy na d\u0142ugie wycieczki dla rowerowych turyst\u00f3w, ale te\u017c kr\u00f3tkie, jednodniowe przeja\u017cd\u017cki po okolicy\u201d \u2013 pisz\u0105 pomys\u0142odawcy europejskiego raju dla rowerzyst\u00f3w.<\/p>\n<p>&nbsp;<\/p>\n<p><strong>Przekroczy\u0107 \u201eBram\u0119 Fiord\u00f3w\u201d<\/strong><\/p>\n<p>Eurovelo1 zaczyna si\u0119 w okolicach Nordkapp, czyli Przyl\u0105dka P\u00f3\u0142nocy. To pi\u0119kny, wysoki na ponad 300 metr\u00f3w klif. Mo\u017cna by\u0142oby go uzna\u0107 nawet za zjawiskowy, gdyby nie olbrzymia konkurencja, kt\u00f3ra wyst\u0119puj\u0105 w dalszej cz\u0119\u015bci trasy.<\/p>\n<p>Cho\u0107by irlandzkie Klify Moheru. \u201eTo jedne z najbardziej imponuj\u0105cych klif\u00f3w na \u015bwiecie. Wzd\u0142u\u017c 8-kilometrowej kraw\u0119dzi rowerzysta odkrywa zapieraj\u0105ce dech w piersiach naturalne miejsce, wznosz\u0105ce si\u0119 ponad 200 metr\u00f3w nad oceanem\u201d \u2013 zach\u0119caj\u0105 tw\u00f3rcy Eurovelo.<\/p>\n<p>Zanim jednak dotrzemy na wyspy, warto pozachwyca\u0107 si\u0119 Skandynawi\u0105. Szczeg\u00f3lnie polecane jest Bergen, drugie najwi\u0119ksze miasto Norwegii, na styku Morze P\u00f3\u0142nocnego i Norweskiego. Nazywane jest \u201eBram\u0105 Fiord\u00f3w\u201d. To w\u0142a\u015bnie tutaj mog\u0105 przyjecha\u0107 rowerowi entuzja\u015bci, kt\u00f3rzy na eksploracje maj\u0105 raptem kilka dni. Bergen to dobra baza wypadowa, a w regionie mo\u017cna spodziewa\u0107 r\u00f3wnie\u017c trudniejszych tras. W ko\u0144cu nieprzypadkowo to w\u0142a\u015bnie tutaj w 2017 r. zosta\u0142y rozegrane mistrzostwa \u015bwiata w kolarstwie szosowym (Micha\u0142 Kwiatkowski zdoby\u0142 br\u0105zowy medal w je\u017adzie dru\u017cynowej na czas z Team Sky).<\/p>\n<p>Z kolei na wyspach fan\u00f3w kolarstwa maj\u0105 urzec m.in. szkockie zamki. \u201ePrzejazd Eurovelo1 to doskona\u0142a okazja, by zwiedzi\u0107 te pi\u0119kne budowle. Przed dotarciem do Glasgow warto odwiedzi\u0107 Rowallan Castle, Dundonald Castle lub Culzean Castle. Je\u015bli jednak je przegapisz, to na swojej drodze spotkasz wiele innych\u201d \u2013 reklamuj\u0105 pomys\u0142odawcy trasy.<\/p>\n<p><strong>Pi\u0142at, czyli najwi\u0119ksza wydma Europy<\/strong><\/p>\n<p>Dalsza cz\u0119\u015b\u0107 Eurovelo1 to bramy raju dla rowerzyst\u00f3w, kt\u00f3rzy lubi\u0105 ciep\u0142o. We Francji szczeg\u00f3lnie polecanym miejscem jest Arcachon Bay, zatoka Oceanu Atlantyckiego w po\u0142udniowo-zachodniej cz\u0119\u015bci kraju, wpisana na list\u0119 UNESCO. Rozwini\u0119ta jest tu hodowla ostryg, rybo\u0142\u00f3wstwo, a przede wszystkim turystyka, dzi\u0119ki czemu to miejsce jest idealnym punktem startowym na kr\u00f3tsze i d\u0142u\u017csze wyprawy.<\/p>\n<p>Rowerowym rarytasem jest wycieczka do Wielkiej Wydmy Pi\u0142ata (Dune du Pilat), najwi\u0119kszej pod wzgl\u0119dem obj\u0119to\u015bci i wysoko\u015bci wydmy w Europie. Ma ona blisko 3 km d\u0142ugo\u015bci, 500 m szeroko\u015bci, 110 m wysoko\u015bci \u00a0i sk\u0142ada si\u0119 z\u2026 60 mln m3 piasku.<\/p>\n<p>Ciep\u0142o, cieplej, Hiszpania! A w niej nie spos\u00f3b nie zajecha\u0107 do Salamanki. \u201eRowerem mo\u017cna si\u0119 tu pokr\u0119ci\u0107 po pi\u0119knych uliczkach, placach, odwiedzi\u0107 jeden z najstarszych uniwersytet\u00f3w w Europie, a tak\u017ce katedry. Wizyta w Salamance to \u015bwietny wyb\u00f3r\u201d \u2013 zapewniaj\u0105 tw\u00f3rcy Eurovelo.<\/p>\n<p>R\u00f3wnie mocno polecaj\u0105 rzymskie ruiny w Meridzie z olbrzymim staro\u017cytnym teatrem, mostem na rzece Gwadiana i niezwykle interesuj\u0105cym system nawadniania ca\u0142ej okolicy.<\/p>\n<p><strong>Tygodnie, miesi\u0105ce, a nawet lata\u2026<\/strong><\/p>\n<p>Trasa Eurovelo1 ko\u0144czy si\u0119 w Portugalii. Regionu Algarve rowerzystom nie musimy reklamowa\u0107, bo zrobili\u015bmy to ju\u017c <a href=\"https:\/\/www.welovecycling.com\/pl\/2019\/01\/21\/to-cos-wiecej-niz-wyprawa-odkryj-marzenie-wielu-rowerzystow\"><strong>TUTAJ<\/strong><\/a>.<br \/>\nPodobnie jak pi\u0119knej nadmorskiej trasy z Lizbony do Porto.<\/p>\n<p>Je\u015bli jednak komu\u015b jakim\u015b cudem ju\u017c uda\u0142o si\u0119 znale\u017a\u0107 wolne p\u00f3\u0142 roku na przejechanie Eurovelo1, to mamy z\u0142\u0105 wiadomo\u015b\u0107, bo przyda\u0142oby si\u0119\u2026 co najmniej drugiej tyle na sam\u0105 Portugali\u0119.<\/p>\n<p>\u201eNa zwiedzaniu pla\u017c Algarve mo\u017cna sp\u0119dzi\u0107 tygodnie, miesi\u0105ca, a nawet lata. Trasa prowadzi przez wydmy, skaliste zatoki, rozleg\u0142e pla\u017ce, p\u0142ytkie laguny i widoki fal Atlantyku rozbijaj\u0105cych si\u0119 o wybrze\u017ce. A to wszystko w miejscu, gdzie s\u0142o\u0144ce \u015bwiecie ponad 300 dni w roku. To wybrze\u017ce jest niesamowite\u201d \u2013 zachwycaj\u0105 si\u0119 tw\u00f3rcy Eurovelo1.<\/p>\n<p>***<\/p>\n<p>Eurovelo to og\u00f3lnoeuropejska sie\u0107 tras rowerowych. Wiod\u0105 one przez 43 pa\u0144stwa i \u0142\u0105cznie maj\u0105 ponad 70 tys. km d\u0142ugo\u015bci. To projekt Europejskiej Federacji Cyklist\u00f3w, wsp\u00f3\u0142finansowany przez Uni\u0119 Europejsk\u0105. Ca\u0142o\u015b\u0107 ma by\u0107 uko\u0144czona w 2020 r.<\/p>\n","protected":false},"excerpt":{"rendered":"<p>Mo\u017cliwo\u015b\u0107 przejechania 9 tys. kilometr\u00f3w na rowerze brzmi jak marzenie, ale jak marzenie wygl\u0105da te\u017c ta trasa. Fiordy, wyspy, urokliwe [&hellip;]<\/p>\n","protected":false},"author":76,"featured_media":8627,"comment_status":"open","ping_status":"open","sticky":false,"template":"","format":"standard","meta":{"footnotes":""},"categories":[226,6],"tags":[],"global-categories":[],"class_list":["post-8626","post","type-post","status-publish","format-standard","has-post-thumbnail","hentry","category-ciekawostki","category-kolarstwo-szosowe"],"yoast_head":"<!-- This site is optimized with the Yoast SEO Premium plugin v25.3 (Yoast SEO v25.9) - https:\/\/yoast.com\/wordpress\/plugins\/seo\/ -->\n<title>Oto pomys\u0142 na rowerow\u0105 wypraw\u0119 \u017cycia - \u0160koda We Love Cycling - Poland<\/title>\n<meta name=\"robots\" content=\"index, follow, max-snippet:-1, max-image-preview:large, max-video-preview:-1\" \/>\n<link rel=\"canonical\" href=\"https:\/\/www.welovecycling.com\/pl\/2019\/03\/04\/oto-pomysl-na-rowerowa-wyprawe-zycia\/\" \/>\n<meta property=\"og:locale\" content=\"pl_PL\" \/>\n<meta property=\"og:type\" content=\"article\" \/>\n<meta property=\"og:title\" content=\"Oto pomys\u0142 na rowerow\u0105 wypraw\u0119 \u017cycia\" \/>\n<meta property=\"og:description\" content=\"Mo\u017cliwo\u015b\u0107 przejechania 9 tys. kilometr\u00f3w na rowerze brzmi jak marzenie, ale jak marzenie wygl\u0105da te\u017c ta trasa. Fiordy, wyspy, urokliwe [&hellip;]\" \/>\n<meta property=\"og:url\" content=\"https:\/\/www.welovecycling.com\/pl\/2019\/03\/04\/oto-pomysl-na-rowerowa-wyprawe-zycia\/\" \/>\n<meta property=\"og:site_name\" content=\"\u0160koda We Love Cycling - Poland\" \/>\n<meta property=\"article:published_time\" content=\"2019-03-04T07:17:31+00:00\" \/>\n<meta property=\"article:modified_time\" content=\"2019-03-05T07:21:15+00:00\" \/>\n<meta property=\"og:image\" content=\"https:\/\/d2p6e6u75xmxt8.cloudfront.net\/5\/2019\/03\/image3.jpg\" \/>\n\t<meta property=\"og:image:width\" content=\"990\" \/>\n\t<meta property=\"og:image:height\" content=\"350\" \/>\n\t<meta property=\"og:image:type\" content=\"image\/jpeg\" \/>\n<meta name=\"author\" content=\"piotrboczkowski\" \/>\n<meta name=\"twitter:card\" content=\"summary_large_image\" \/>\n<meta name=\"twitter:label1\" content=\"Written by\" \/>\n\t<meta name=\"twitter:data1\" content=\"Piotr Jawor\" \/>\n\t<meta name=\"twitter:label2\" content=\"Est. reading time\" \/>\n\t<meta name=\"twitter:data2\" content=\"4 minutes\" \/>\n<script type=\"application\/ld+json\" class=\"yoast-schema-graph\">{\"@context\":\"https:\/\/schema.org\",\"@graph\":[{\"@type\":\"WebPage\",\"@id\":\"https:\/\/www.welovecycling.com\/pl\/2019\/03\/04\/oto-pomysl-na-rowerowa-wyprawe-zycia\/\",\"url\":\"https:\/\/www.welovecycling.com\/pl\/2019\/03\/04\/oto-pomysl-na-rowerowa-wyprawe-zycia\/\",\"name\":\"Oto pomys\u0142 na rowerow\u0105 wypraw\u0119 \u017cycia - \u0160koda We Love Cycling - Poland\",\"isPartOf\":{\"@id\":\"https:\/\/www.welovecycling.com\/pl\/#website\"},\"primaryImageOfPage\":{\"@id\":\"https:\/\/www.welovecycling.com\/pl\/2019\/03\/04\/oto-pomysl-na-rowerowa-wyprawe-zycia\/#primaryimage\"},\"image\":{\"@id\":\"https:\/\/www.welovecycling.com\/pl\/2019\/03\/04\/oto-pomysl-na-rowerowa-wyprawe-zycia\/#primaryimage\"},\"thumbnailUrl\":\"https:\/\/d2p6e6u75xmxt8.cloudfront.net\/5\/2019\/03\/image3.jpg\",\"datePublished\":\"2019-03-04T07:17:31+00:00\",\"dateModified\":\"2019-03-05T07:21:15+00:00\",\"author\":{\"@id\":\"https:\/\/www.welovecycling.com\/pl\/#\/schema\/person\/0dba2d39da943db9df3fd8f4687e7f23\"},\"breadcrumb\":{\"@id\":\"https:\/\/www.welovecycling.com\/pl\/2019\/03\/04\/oto-pomysl-na-rowerowa-wyprawe-zycia\/#breadcrumb\"},\"inLanguage\":\"pl-PL\",\"potentialAction\":[{\"@type\":\"ReadAction\",\"target\":[\"https:\/\/www.welovecycling.com\/pl\/2019\/03\/04\/oto-pomysl-na-rowerowa-wyprawe-zycia\/\"]}]},{\"@type\":\"ImageObject\",\"inLanguage\":\"pl-PL\",\"@id\":\"https:\/\/www.welovecycling.com\/pl\/2019\/03\/04\/oto-pomysl-na-rowerowa-wyprawe-zycia\/#primaryimage\",\"url\":\"https:\/\/d2p6e6u75xmxt8.cloudfront.net\/5\/2019\/03\/image3.jpg\",\"contentUrl\":\"https:\/\/d2p6e6u75xmxt8.cloudfront.net\/5\/2019\/03\/image3.jpg\",\"width\":990,\"height\":350,\"caption\":\"http:\/\/www.eurovelo.com\/en\/eurovelos\/eurovelo-1\"},{\"@type\":\"BreadcrumbList\",\"@id\":\"https:\/\/www.welovecycling.com\/pl\/2019\/03\/04\/oto-pomysl-na-rowerowa-wyprawe-zycia\/#breadcrumb\",\"itemListElement\":[{\"@type\":\"ListItem\",\"position\":1,\"name\":\"Home\",\"item\":\"https:\/\/www.welovecycling.com\/pl\/\"},{\"@type\":\"ListItem\",\"position\":2,\"name\":\"Oto pomys\u0142 na rowerow\u0105 wypraw\u0119 \u017cycia\"}]},{\"@type\":\"WebSite\",\"@id\":\"https:\/\/www.welovecycling.com\/pl\/#website\",\"url\":\"https:\/\/www.welovecycling.com\/pl\/\",\"name\":\"\u0160koda We Love Cycling - Poland\",\"description\":\"\",\"potentialAction\":[{\"@type\":\"SearchAction\",\"target\":{\"@type\":\"EntryPoint\",\"urlTemplate\":\"https:\/\/www.welovecycling.com\/pl\/?s={search_term_string}\"},\"query-input\":{\"@type\":\"PropertyValueSpecification\",\"valueRequired\":true,\"valueName\":\"search_term_string\"}}],\"inLanguage\":\"pl-PL\"},{\"@type\":\"Person\",\"@id\":\"https:\/\/www.welovecycling.com\/pl\/#\/schema\/person\/0dba2d39da943db9df3fd8f4687e7f23\",\"name\":\"piotrboczkowski\",\"image\":{\"@type\":\"ImageObject\",\"inLanguage\":\"pl-PL\",\"@id\":\"https:\/\/www.welovecycling.com\/pl\/#\/schema\/person\/image\/\",\"url\":\"https:\/\/secure.gravatar.com\/avatar\/533caccae14752e03a2ce2d3fd62d1b98b93e1393c3195c27819e53344ca1ace?s=96&d=mm&r=g\",\"contentUrl\":\"https:\/\/secure.gravatar.com\/avatar\/533caccae14752e03a2ce2d3fd62d1b98b93e1393c3195c27819e53344ca1ace?s=96&d=mm&r=g\",\"caption\":\"piotrboczkowski\"},\"url\":\"https:\/\/www.welovecycling.com\/pl\/author\/piotrboczkowski\/\"}]}<\/script>\n<!-- \/ Yoast SEO Premium plugin. -->","yoast_head_json":{"title":"Oto pomys\u0142 na rowerow\u0105 wypraw\u0119 \u017cycia - \u0160koda We Love Cycling - Poland","robots":{"index":"index","follow":"follow","max-snippet":"max-snippet:-1","max-image-preview":"max-image-preview:large","max-video-preview":"max-video-preview:-1"},"canonical":"https:\/\/www.welovecycling.com\/pl\/2019\/03\/04\/oto-pomysl-na-rowerowa-wyprawe-zycia\/","og_locale":"pl_PL","og_type":"article","og_title":"Oto pomys\u0142 na rowerow\u0105 wypraw\u0119 \u017cycia","og_description":"Mo\u017cliwo\u015b\u0107 przejechania 9 tys. kilometr\u00f3w na rowerze brzmi jak marzenie, ale jak marzenie wygl\u0105da te\u017c ta trasa. Fiordy, wyspy, urokliwe [&hellip;]","og_url":"https:\/\/www.welovecycling.com\/pl\/2019\/03\/04\/oto-pomysl-na-rowerowa-wyprawe-zycia\/","og_site_name":"\u0160koda We Love Cycling - Poland","article_published_time":"2019-03-04T07:17:31+00:00","article_modified_time":"2019-03-05T07:21:15+00:00","og_image":[{"width":990,"height":350,"url":"https:\/\/d2p6e6u75xmxt8.cloudfront.net\/5\/2019\/03\/image3.jpg","type":"image\/jpeg"}],"author":"piotrboczkowski","twitter_card":"summary_large_image","twitter_misc":{"Written by":"Piotr Jawor","Est. reading time":"4 minutes"},"schema":{"@context":"https:\/\/schema.org","@graph":[{"@type":"WebPage","@id":"https:\/\/www.welovecycling.com\/pl\/2019\/03\/04\/oto-pomysl-na-rowerowa-wyprawe-zycia\/","url":"https:\/\/www.welovecycling.com\/pl\/2019\/03\/04\/oto-pomysl-na-rowerowa-wyprawe-zycia\/","name":"Oto pomys\u0142 na rowerow\u0105 wypraw\u0119 \u017cycia - \u0160koda We Love Cycling - Poland","isPartOf":{"@id":"https:\/\/www.welovecycling.com\/pl\/#website"},"primaryImageOfPage":{"@id":"https:\/\/www.welovecycling.com\/pl\/2019\/03\/04\/oto-pomysl-na-rowerowa-wyprawe-zycia\/#primaryimage"},"image":{"@id":"https:\/\/www.welovecycling.com\/pl\/2019\/03\/04\/oto-pomysl-na-rowerowa-wyprawe-zycia\/#primaryimage"},"thumbnailUrl":"https:\/\/d2p6e6u75xmxt8.cloudfront.net\/5\/2019\/03\/image3.jpg","datePublished":"2019-03-04T07:17:31+00:00","dateModified":"2019-03-05T07:21:15+00:00","author":{"@id":"https:\/\/www.welovecycling.com\/pl\/#\/schema\/person\/0dba2d39da943db9df3fd8f4687e7f23"},"breadcrumb":{"@id":"https:\/\/www.welovecycling.com\/pl\/2019\/03\/04\/oto-pomysl-na-rowerowa-wyprawe-zycia\/#breadcrumb"},"inLanguage":"pl-PL","potentialAction":[{"@type":"ReadAction","target":["https:\/\/www.welovecycling.com\/pl\/2019\/03\/04\/oto-pomysl-na-rowerowa-wyprawe-zycia\/"]}]},{"@type":"ImageObject","inLanguage":"pl-PL","@id":"https:\/\/www.welovecycling.com\/pl\/2019\/03\/04\/oto-pomysl-na-rowerowa-wyprawe-zycia\/#primaryimage","url":"https:\/\/d2p6e6u75xmxt8.cloudfront.net\/5\/2019\/03\/image3.jpg","contentUrl":"https:\/\/d2p6e6u75xmxt8.cloudfront.net\/5\/2019\/03\/image3.jpg","width":990,"height":350,"caption":"http:\/\/www.eurovelo.com\/en\/eurovelos\/eurovelo-1"},{"@type":"BreadcrumbList","@id":"https:\/\/www.welovecycling.com\/pl\/2019\/03\/04\/oto-pomysl-na-rowerowa-wyprawe-zycia\/#breadcrumb","itemListElement":[{"@type":"ListItem","position":1,"name":"Home","item":"https:\/\/www.welovecycling.com\/pl\/"},{"@type":"ListItem","position":2,"name":"Oto pomys\u0142 na rowerow\u0105 wypraw\u0119 \u017cycia"}]},{"@type":"WebSite","@id":"https:\/\/www.welovecycling.com\/pl\/#website","url":"https:\/\/www.welovecycling.com\/pl\/","name":"\u0160koda We Love Cycling - Poland","description":"","potentialAction":[{"@type":"SearchAction","target":{"@type":"EntryPoint","urlTemplate":"https:\/\/www.welovecycling.com\/pl\/?s={search_term_string}"},"query-input":{"@type":"PropertyValueSpecification","valueRequired":true,"valueName":"search_term_string"}}],"inLanguage":"pl-PL"},{"@type":"Person","@id":"https:\/\/www.welovecycling.com\/pl\/#\/schema\/person\/0dba2d39da943db9df3fd8f4687e7f23","name":"piotrboczkowski","image":{"@type":"ImageObject","inLanguage":"pl-PL","@id":"https:\/\/www.welovecycling.com\/pl\/#\/schema\/person\/image\/","url":"https:\/\/secure.gravatar.com\/avatar\/533caccae14752e03a2ce2d3fd62d1b98b93e1393c3195c27819e53344ca1ace?s=96&d=mm&r=g","contentUrl":"https:\/\/secure.gravatar.com\/avatar\/533caccae14752e03a2ce2d3fd62d1b98b93e1393c3195c27819e53344ca1ace?s=96&d=mm&r=g","caption":"piotrboczkowski"},"url":"https:\/\/www.welovecycling.com\/pl\/author\/piotrboczkowski\/"}]}},"_links":{"self":[{"href":"https:\/\/www.welovecycling.com\/pl\/wp-json\/wp\/v2\/posts\/8626","targetHints":{"allow":["GET"]}}],"collection":[{"href":"https:\/\/www.welovecycling.com\/pl\/wp-json\/wp\/v2\/posts"}],"about":[{"href":"https:\/\/www.welovecycling.com\/pl\/wp-json\/wp\/v2\/types\/post"}],"author":[{"embeddable":true,"href":"https:\/\/www.welovecycling.com\/pl\/wp-json\/wp\/v2\/users\/76"}],"replies":[{"embeddable":true,"href":"https:\/\/www.welovecycling.com\/pl\/wp-json\/wp\/v2\/comments?post=8626"}],"version-history":[{"count":1,"href":"https:\/\/www.welovecycling.com\/pl\/wp-json\/wp\/v2\/posts\/8626\/revisions"}],"predecessor-version":[{"id":8630,"href":"https:\/\/www.welovecycling.com\/pl\/wp-json\/wp\/v2\/posts\/8626\/revisions\/8630"}],"wp:featuredmedia":[{"embeddable":true,"href":"https:\/\/www.welovecycling.com\/pl\/wp-json\/wp\/v2\/media\/8627"}],"wp:attachment":[{"href":"https:\/\/www.welovecycling.com\/pl\/wp-json\/wp\/v2\/media?parent=8626"}],"wp:term":[{"taxonomy":"category","embeddable":true,"href":"https:\/\/www.welovecycling.com\/pl\/wp-json\/wp\/v2\/categories?post=8626"},{"taxonomy":"post_tag","embeddable":true,"href":"https:\/\/www.welovecycling.com\/pl\/wp-json\/wp\/v2\/tags?post=8626"},{"taxonomy":"global-categories","embeddable":true,"href":"https:\/\/www.welovecycling.com\/pl\/wp-json\/wp\/v2\/global-categories?post=8626"}],"curies":[{"name":"wp","href":"https:\/\/api.w.org\/{rel}","templated":true}]}}