{"id":8589,"date":"2019-02-26T09:04:06","date_gmt":"2019-02-26T09:04:06","guid":{"rendered":"https:\/\/www.welovecycling.com\/pl\/?p=8589"},"modified":"2019-02-28T09:12:23","modified_gmt":"2019-02-28T09:12:23","slug":"to-najwiekszy-oryginal-w-historii-kolarstwa-nieprawdopodobna-zawartosc-zawodniczej-koszulki","status":"publish","type":"post","link":"https:\/\/www.welovecycling.com\/pl\/2019\/02\/26\/to-najwiekszy-oryginal-w-historii-kolarstwa-nieprawdopodobna-zawartosc-zawodniczej-koszulki\/","title":{"rendered":"To najwi\u0119kszy orygina\u0142 w historii kolarstwa? Nieprawdopodobna zawarto\u015b\u0107 zawodniczej koszulki!"},"content":{"rendered":"<p><strong>W kieszeni mia\u0142 wod\u0119 kolo\u0144sk\u0105 i grzebie\u0144, a na mecie prezentowa\u0142 si\u0119 jak model, a nie zawodnik, kt\u00f3ry w\u0142a\u015bnie przejecha\u0142 200 kilometr\u00f3w. Taki w\u0142a\u015bnie by\u0142 Szwajcar Hugo Koblet, zwyci\u0119zca Tour de France z 1951 roku, kt\u00f3ry rozkocha\u0142 w sobie tysi\u0105ce kobiet.<\/strong><\/p>\n<p>David Beckham wzrokiem chirurga przygl\u0105da\u0142 si\u0119 ka\u017cdej kresce tatua\u017cu rysowanego na jego ciele. Cristiano Ronaldo na moment niedoskona\u0142o\u015bci nie pozwala nawet jednemu z dziesi\u0105tek tysi\u0119cy swoich w\u0142os\u00f3w. \u017baden z nich nie wpada\u0142 jednak na pomys\u0142, by w trakcie meczu uk\u0142ada\u0107 fryzur\u0119 lub skrapia\u0107 si\u0119 perfumami. Dla Hugo Kobleta nie stanowi\u0142o to jednak \u017cadnego problemu, a wr\u0119cz przeciwnie \u2013 w pewnym momencie sta\u0142o si\u0119 rytua\u0142em.<\/p>\n<figure style=\"width: 443px\" class=\"wp-caption alignnone\"><img loading=\"lazy\" decoding=\"async\" src=\"http:\/\/1.bp.blogspot.com\/_atrK-jBKJKY\/TRiWeaqN1kI\/AAAAAAAAOUI\/pUMho2Co6v0\/s1600\/Lo_Sport_Illustrato_061550.jpg\" alt=\"Znalezione obrazy dla zapytania hugo koblet\" width=\"443\" height=\"604\" \/><figcaption class=\"wp-caption-text\">http:\/\/italiancyclingjournal.blogspot.com\/2010\/09\/hugo-koblet-first-foreign-winner-of.html<\/figcaption><\/figure>\n<p>&nbsp;<\/p>\n<p><span style=\"font-size: 14pt;\"><strong>Wielki gniew W\u0142och\u00f3w<\/strong><\/span><\/p>\n<p>Nie pochodzi\u0142 z rodziny, w kt\u00f3r\u0105 wycelowane by\u0142y blaski fleszy. Matka szybko owdowia\u0142a i sama musia\u0142a wychowa\u0107 dw\u00f3ch syn\u00f3w. Starszy wypieka\u0142 chleb i ciastka, a m\u0142odszy \u2013 Hugo \u2013 sprz\u0105ta\u0142 i rozwozi\u0142 wypieki na rowerze. Powiedzia\u0142 do\u015b\u0107 w wieku 17 lat i rozpocz\u0105\u0142 pracowa\u0107 jako serwisant rowerowy.<\/p>\n<p>Zawodowo naprawia\u0142 rowery, a amatorsko na nich je\u017adzi\u0142. Szybko jednak okaza\u0142o si\u0119, \u017ce talent i umiej\u0119tno\u015bci wykraczaj\u0105 daleko poza rekreacyjn\u0105 rywalizacj\u0119. W wieku 20 lat zosta\u0142 mistrzem Szwajcarii amator\u00f3w, a rok p\u00f3\u017aniej do\u0142\u0105czy\u0142 ju\u017c do zawodowc\u00f3w.<\/p>\n<p>W 1950 r. znienawidzi\u0142a go m\u0119ska cz\u0119\u015b\u0107 W\u0142och. Nie do\u015b\u0107, \u017ce zosta\u0142 pierwszym zwyci\u0119zc\u0105 Giro d\u2019Italia nie pochodz\u0105cym z tego kraju, to jeszcze skrad\u0142 serca wielu W\u0142oszek. Ju\u017c wtedy Koblet na rowerze zachwyca\u0142 nienagann\u0105 postur\u0105, a i tak by\u0142 to tylko przedsmak tego, jak prezentowa\u0142 si\u0119 na mecie.<\/p>\n<p>Do fotoreporter\u00f3w nigdy nie wyszed\u0142 spocony. Przed met\u0105 starannie przeciera\u0142 twarz zwil\u017con\u0105 g\u0105bk\u0105, a je\u015bli nie mia\u0142 jej przy sobie, to zaraz po zako\u0144czeniu wy\u015bcigu znika\u0142 gdzie\u015b na chwil\u0119, by za moment stan\u0105\u0107 przed dziennikarzami jak model, kt\u00f3ry w\u0142a\u015bnie na moment przerwa\u0142 sesj\u0119 zdj\u0119ciow\u0105.<\/p>\n<p>W kieszeni koszulki obowi\u0105zkowo wozi\u0142 grzebie\u0144, a tak\u017ce wod\u0119 kolo\u0144sk\u0105. W\u0142osy uk\u0142ada\u0142 przed przekroczeniem mety, a zapach cia\u0142u nadawa\u0142 tu\u017c po przekroczeniu mety.<\/p>\n<p>I by\u0107 mo\u017ce rywale za taki styl nie zostawiliby na nim suchej nitki, gdyby nie fakt, \u017ce w peletonie by\u0142 bardzo lubiany. \u201eTo by\u0142 najbardziej czaruj\u0105cy m\u0119\u017cczyzna, z jakim dane by\u0142o mi rozmawia\u0107\u201d \u2013 tak opisywa\u0142 Kobleta brytyjski dziennikarz Jock Wadley, kt\u00f3ry relacjonowa\u0142 18 wy\u015bcig\u00f3w Tour de France.<\/p>\n<p><strong>Wielkie cierpienie<\/strong><\/p>\n<p>To w\u0142a\u015bnie wygranie Wielkiej P\u0119tli by\u0142o najwi\u0119kszym osi\u0105gni\u0119ciem w karierze Szwajcara. W 1951 r. wygra\u0142 pi\u0119\u0107 etap\u00f3w, pokazuj\u0105c przy tym niespotykan\u0105 wszechstronno\u015b\u0107. Triumfowa\u0142 bowiem w dw\u00f3ch czas\u00f3wkach, ale zgarn\u0105\u0142 te\u017c zwyci\u0119stwo w g\u00f3rach. Prowadzenie w klasyfikacji generalnej obj\u0105\u0142 po 14. etapie i nie odda\u0142 go ju\u017c do mety w Pary\u017cu.<\/p>\n<p>Nienagannie prezentuj\u0105cy si\u0119 Koblet triumfowa\u0142 w stolicy Francji, a gdy wchodzi\u0142 na podium, kobiety wzdycha\u0142y na jego widok. Gdy jednak \u015bwi\u0119towanie zako\u0144czy\u0142o si\u0119, a Szwajcar \u015bci\u0105gn\u0105\u0142 z siebie \u017c\u00f3\u0142t\u0105 koszulk\u0119 lidera, to jakby wraz z ni\u0105 uciek\u0142a jego moc. Nigdy p\u00f3\u017aniej nie by\u0142o ju\u017c bowiem tak dobrym kolarzem.<\/p>\n<p>Je\u017cd\u017cenie zacz\u0119\u0142o go m\u0119czy\u0107, a kilkaset metrowy pojazd urasta\u0142 do rangi wspinaczki na Mont Ventoux. Cierpia\u0142 Koblet, cierpieli jego kibice, a dwa lata p\u00f3\u017aniej zacz\u0119\u0142y cierpie\u0107 r\u00f3wnie\u017c fanki, poniewa\u017c Szwajcar o\u017ceni\u0142 si\u0119 z 22-letni\u0105 modelk\u0105 Sonj\u0105 Buhl.<\/p>\n<p><strong>Tajemnicza \u015bmier\u0107<\/strong><\/p>\n<p>Do dzi\u015b spekuluje si\u0119, \u017ce nieudane ma\u0142\u017ce\u0144stwo mia\u0142o wp\u0142yw na \u015bmier\u0107 \u015bwietnego kolarza. Ale tylko spekuluje, bo nikt nie jest pewny, \u017ce Koblet rzeczywi\u015bcie pope\u0142ni\u0142 samob\u00f3jstwo. Pewne jest za to, \u017ce rozsta\u0142 si\u0119 z Sonj\u0105 Buhl, a do tego by\u0142 powa\u017cnie zad\u0142u\u017cony.<\/p>\n<p>Wierzyciele nie chcieli umorzy\u0107 d\u0142ug\u00f3w, a wybranka serca, mimo nam\u00f3w by\u0142ego ju\u017c w\u00f3wczas kolarza, nie zgodzi\u0142a si\u0119 do niego wr\u00f3ci\u0107. Pewnego dnia Koblet wyjecha\u0142 wi\u0119c na drog\u0119 szybkiego ruchu i p\u0119dzi\u0142 grubo ponad 100 km\/h, co ponad p\u00f3\u0142 wieku temu by\u0142o niemal zawrotn\u0105 pr\u0119dko\u015bci\u0105.<\/p>\n<p>Warunki do jazdy by\u0142y dobre, ale \u015bwiadkowie twierdz\u0105, \u017ce Szwajcar zachowywa\u0142 si\u0119 bardzo nerwowo \u2013 ca\u0142y czas nawraca\u0142, mija\u0142 kolejne auta i zn\u00f3w nawraca\u0142. W ko\u0144cu jego samoch\u00f3d znaleziono roztrzaskany na drzewie. Koblet zmar\u0142 cztery dni p\u00f3\u017aniej w szpitalu.<\/p>\n<p>Sta\u0142o si\u0119 to w 1964 r., gdy Szwajcar mia\u0142 zaledwie 39 lat. W 2010 roku powsta\u0142 o nim film \u201eKoblet i kobiety\u201d. Jego trailer zaczyna si\u0119 od sceny, gdy wycie\u0144czony kolarz wyciera twarz i uk\u0142ada w\u0142osy\u2026<\/p>\n<p>Artyku\u0142 powsta\u0142 we wsp\u00f3\u0142pracy ze\u00a0<a href=\"http:\/\/www.skoda-auto.pl\/\">skoda-auto.pl<\/a><\/p>\n","protected":false},"excerpt":{"rendered":"<p>W kieszeni mia\u0142 wod\u0119 kolo\u0144sk\u0105 i grzebie\u0144, a na mecie prezentowa\u0142 si\u0119 jak model, a nie zawodnik, kt\u00f3ry w\u0142a\u015bnie przejecha\u0142 [&hellip;]<\/p>\n","protected":false},"author":76,"featured_media":8590,"comment_status":"open","ping_status":"open","sticky":false,"template":"","format":"standard","meta":{"footnotes":""},"categories":[226],"tags":[],"global-categories":[],"class_list":["post-8589","post","type-post","status-publish","format-standard","has-post-thumbnail","hentry","category-ciekawostki"],"yoast_head":"<!-- This site is optimized with the Yoast SEO Premium plugin v25.3 (Yoast SEO v25.9) - https:\/\/yoast.com\/wordpress\/plugins\/seo\/ -->\n<title>To najwi\u0119kszy orygina\u0142 w historii kolarstwa? Nieprawdopodobna zawarto\u015b\u0107 zawodniczej koszulki! - \u0160koda We Love Cycling - Poland<\/title>\n<meta name=\"robots\" content=\"index, follow, max-snippet:-1, max-image-preview:large, max-video-preview:-1\" \/>\n<link rel=\"canonical\" href=\"https:\/\/www.welovecycling.com\/pl\/2019\/02\/26\/to-najwiekszy-oryginal-w-historii-kolarstwa-nieprawdopodobna-zawartosc-zawodniczej-koszulki\/\" \/>\n<meta property=\"og:locale\" content=\"pl_PL\" \/>\n<meta property=\"og:type\" content=\"article\" \/>\n<meta property=\"og:title\" content=\"To najwi\u0119kszy orygina\u0142 w historii kolarstwa? Nieprawdopodobna zawarto\u015b\u0107 zawodniczej koszulki!\" \/>\n<meta property=\"og:description\" content=\"W kieszeni mia\u0142 wod\u0119 kolo\u0144sk\u0105 i grzebie\u0144, a na mecie prezentowa\u0142 si\u0119 jak model, a nie zawodnik, kt\u00f3ry w\u0142a\u015bnie przejecha\u0142 [&hellip;]\" \/>\n<meta property=\"og:url\" content=\"https:\/\/www.welovecycling.com\/pl\/2019\/02\/26\/to-najwiekszy-oryginal-w-historii-kolarstwa-nieprawdopodobna-zawartosc-zawodniczej-koszulki\/\" \/>\n<meta property=\"og:site_name\" content=\"\u0160koda We Love Cycling - Poland\" \/>\n<meta property=\"article:published_time\" content=\"2019-02-26T09:04:06+00:00\" \/>\n<meta property=\"article:modified_time\" content=\"2019-02-28T09:12:23+00:00\" \/>\n<meta property=\"og:image\" content=\"https:\/\/d2p6e6u75xmxt8.cloudfront.net\/5\/2019\/02\/www.bythelake.chhugo-koblet-legende-suisse-du-tour-de-france.jpg\" \/>\n\t<meta property=\"og:image:width\" content=\"780\" \/>\n\t<meta property=\"og:image:height\" content=\"360\" \/>\n\t<meta property=\"og:image:type\" content=\"image\/jpeg\" \/>\n<meta name=\"author\" content=\"piotrboczkowski\" \/>\n<meta name=\"twitter:card\" content=\"summary_large_image\" \/>\n<meta name=\"twitter:label1\" content=\"Written by\" \/>\n\t<meta name=\"twitter:data1\" content=\"Piotr Jawor\" \/>\n\t<meta name=\"twitter:label2\" content=\"Est. reading time\" \/>\n\t<meta name=\"twitter:data2\" content=\"4\" \/>\n<script type=\"application\/ld+json\" class=\"yoast-schema-graph\">{\"@context\":\"https:\/\/schema.org\",\"@graph\":[{\"@type\":\"WebPage\",\"@id\":\"https:\/\/www.welovecycling.com\/pl\/2019\/02\/26\/to-najwiekszy-oryginal-w-historii-kolarstwa-nieprawdopodobna-zawartosc-zawodniczej-koszulki\/\",\"url\":\"https:\/\/www.welovecycling.com\/pl\/2019\/02\/26\/to-najwiekszy-oryginal-w-historii-kolarstwa-nieprawdopodobna-zawartosc-zawodniczej-koszulki\/\",\"name\":\"To najwi\u0119kszy orygina\u0142 w historii kolarstwa? Nieprawdopodobna zawarto\u015b\u0107 zawodniczej koszulki! - \u0160koda We Love Cycling - Poland\",\"isPartOf\":{\"@id\":\"https:\/\/www.welovecycling.com\/pl\/#website\"},\"primaryImageOfPage\":{\"@id\":\"https:\/\/www.welovecycling.com\/pl\/2019\/02\/26\/to-najwiekszy-oryginal-w-historii-kolarstwa-nieprawdopodobna-zawartosc-zawodniczej-koszulki\/#primaryimage\"},\"image\":{\"@id\":\"https:\/\/www.welovecycling.com\/pl\/2019\/02\/26\/to-najwiekszy-oryginal-w-historii-kolarstwa-nieprawdopodobna-zawartosc-zawodniczej-koszulki\/#primaryimage\"},\"thumbnailUrl\":\"https:\/\/d2p6e6u75xmxt8.cloudfront.net\/5\/2019\/02\/www.bythelake.chhugo-koblet-legende-suisse-du-tour-de-france.jpg\",\"datePublished\":\"2019-02-26T09:04:06+00:00\",\"dateModified\":\"2019-02-28T09:12:23+00:00\",\"author\":{\"@id\":\"https:\/\/www.welovecycling.com\/pl\/#\/schema\/person\/0dba2d39da943db9df3fd8f4687e7f23\"},\"breadcrumb\":{\"@id\":\"https:\/\/www.welovecycling.com\/pl\/2019\/02\/26\/to-najwiekszy-oryginal-w-historii-kolarstwa-nieprawdopodobna-zawartosc-zawodniczej-koszulki\/#breadcrumb\"},\"inLanguage\":\"pl-PL\",\"potentialAction\":[{\"@type\":\"ReadAction\",\"target\":[\"https:\/\/www.welovecycling.com\/pl\/2019\/02\/26\/to-najwiekszy-oryginal-w-historii-kolarstwa-nieprawdopodobna-zawartosc-zawodniczej-koszulki\/\"]}]},{\"@type\":\"ImageObject\",\"inLanguage\":\"pl-PL\",\"@id\":\"https:\/\/www.welovecycling.com\/pl\/2019\/02\/26\/to-najwiekszy-oryginal-w-historii-kolarstwa-nieprawdopodobna-zawartosc-zawodniczej-koszulki\/#primaryimage\",\"url\":\"https:\/\/d2p6e6u75xmxt8.cloudfront.net\/5\/2019\/02\/www.bythelake.chhugo-koblet-legende-suisse-du-tour-de-france.jpg\",\"contentUrl\":\"https:\/\/d2p6e6u75xmxt8.cloudfront.net\/5\/2019\/02\/www.bythelake.chhugo-koblet-legende-suisse-du-tour-de-france.jpg\",\"width\":780,\"height\":360,\"caption\":\"httpswww.bythelake.chhugo-koblet-legende-suisse-du-tour-de-france\"},{\"@type\":\"BreadcrumbList\",\"@id\":\"https:\/\/www.welovecycling.com\/pl\/2019\/02\/26\/to-najwiekszy-oryginal-w-historii-kolarstwa-nieprawdopodobna-zawartosc-zawodniczej-koszulki\/#breadcrumb\",\"itemListElement\":[{\"@type\":\"ListItem\",\"position\":1,\"name\":\"Home\",\"item\":\"https:\/\/www.welovecycling.com\/pl\/\"},{\"@type\":\"ListItem\",\"position\":2,\"name\":\"To najwi\u0119kszy orygina\u0142 w historii kolarstwa? Nieprawdopodobna zawarto\u015b\u0107 zawodniczej koszulki!\"}]},{\"@type\":\"WebSite\",\"@id\":\"https:\/\/www.welovecycling.com\/pl\/#website\",\"url\":\"https:\/\/www.welovecycling.com\/pl\/\",\"name\":\"\u0160koda We Love Cycling - Poland\",\"description\":\"\",\"potentialAction\":[{\"@type\":\"SearchAction\",\"target\":{\"@type\":\"EntryPoint\",\"urlTemplate\":\"https:\/\/www.welovecycling.com\/pl\/?s={search_term_string}\"},\"query-input\":{\"@type\":\"PropertyValueSpecification\",\"valueRequired\":true,\"valueName\":\"search_term_string\"}}],\"inLanguage\":\"pl-PL\"},{\"@type\":\"Person\",\"@id\":\"https:\/\/www.welovecycling.com\/pl\/#\/schema\/person\/0dba2d39da943db9df3fd8f4687e7f23\",\"name\":\"piotrboczkowski\",\"image\":{\"@type\":\"ImageObject\",\"inLanguage\":\"pl-PL\",\"@id\":\"https:\/\/www.welovecycling.com\/pl\/#\/schema\/person\/image\/\",\"url\":\"https:\/\/secure.gravatar.com\/avatar\/533caccae14752e03a2ce2d3fd62d1b98b93e1393c3195c27819e53344ca1ace?s=96&d=mm&r=g\",\"contentUrl\":\"https:\/\/secure.gravatar.com\/avatar\/533caccae14752e03a2ce2d3fd62d1b98b93e1393c3195c27819e53344ca1ace?s=96&d=mm&r=g\",\"caption\":\"piotrboczkowski\"},\"url\":\"https:\/\/www.welovecycling.com\/pl\/author\/piotrboczkowski\/\"}]}<\/script>\n<!-- \/ Yoast SEO Premium plugin. -->","yoast_head_json":{"title":"To najwi\u0119kszy orygina\u0142 w historii kolarstwa? Nieprawdopodobna zawarto\u015b\u0107 zawodniczej koszulki! - \u0160koda We Love Cycling - Poland","robots":{"index":"index","follow":"follow","max-snippet":"max-snippet:-1","max-image-preview":"max-image-preview:large","max-video-preview":"max-video-preview:-1"},"canonical":"https:\/\/www.welovecycling.com\/pl\/2019\/02\/26\/to-najwiekszy-oryginal-w-historii-kolarstwa-nieprawdopodobna-zawartosc-zawodniczej-koszulki\/","og_locale":"pl_PL","og_type":"article","og_title":"To najwi\u0119kszy orygina\u0142 w historii kolarstwa? Nieprawdopodobna zawarto\u015b\u0107 zawodniczej koszulki!","og_description":"W kieszeni mia\u0142 wod\u0119 kolo\u0144sk\u0105 i grzebie\u0144, a na mecie prezentowa\u0142 si\u0119 jak model, a nie zawodnik, kt\u00f3ry w\u0142a\u015bnie przejecha\u0142 [&hellip;]","og_url":"https:\/\/www.welovecycling.com\/pl\/2019\/02\/26\/to-najwiekszy-oryginal-w-historii-kolarstwa-nieprawdopodobna-zawartosc-zawodniczej-koszulki\/","og_site_name":"\u0160koda We Love Cycling - Poland","article_published_time":"2019-02-26T09:04:06+00:00","article_modified_time":"2019-02-28T09:12:23+00:00","og_image":[{"width":780,"height":360,"url":"https:\/\/d2p6e6u75xmxt8.cloudfront.net\/5\/2019\/02\/www.bythelake.chhugo-koblet-legende-suisse-du-tour-de-france.jpg","type":"image\/jpeg"}],"author":"piotrboczkowski","twitter_card":"summary_large_image","twitter_misc":{"Written by":"Piotr Jawor","Est. reading time":"4"},"schema":{"@context":"https:\/\/schema.org","@graph":[{"@type":"WebPage","@id":"https:\/\/www.welovecycling.com\/pl\/2019\/02\/26\/to-najwiekszy-oryginal-w-historii-kolarstwa-nieprawdopodobna-zawartosc-zawodniczej-koszulki\/","url":"https:\/\/www.welovecycling.com\/pl\/2019\/02\/26\/to-najwiekszy-oryginal-w-historii-kolarstwa-nieprawdopodobna-zawartosc-zawodniczej-koszulki\/","name":"To najwi\u0119kszy orygina\u0142 w historii kolarstwa? Nieprawdopodobna zawarto\u015b\u0107 zawodniczej koszulki! - \u0160koda We Love Cycling - Poland","isPartOf":{"@id":"https:\/\/www.welovecycling.com\/pl\/#website"},"primaryImageOfPage":{"@id":"https:\/\/www.welovecycling.com\/pl\/2019\/02\/26\/to-najwiekszy-oryginal-w-historii-kolarstwa-nieprawdopodobna-zawartosc-zawodniczej-koszulki\/#primaryimage"},"image":{"@id":"https:\/\/www.welovecycling.com\/pl\/2019\/02\/26\/to-najwiekszy-oryginal-w-historii-kolarstwa-nieprawdopodobna-zawartosc-zawodniczej-koszulki\/#primaryimage"},"thumbnailUrl":"https:\/\/d2p6e6u75xmxt8.cloudfront.net\/5\/2019\/02\/www.bythelake.chhugo-koblet-legende-suisse-du-tour-de-france.jpg","datePublished":"2019-02-26T09:04:06+00:00","dateModified":"2019-02-28T09:12:23+00:00","author":{"@id":"https:\/\/www.welovecycling.com\/pl\/#\/schema\/person\/0dba2d39da943db9df3fd8f4687e7f23"},"breadcrumb":{"@id":"https:\/\/www.welovecycling.com\/pl\/2019\/02\/26\/to-najwiekszy-oryginal-w-historii-kolarstwa-nieprawdopodobna-zawartosc-zawodniczej-koszulki\/#breadcrumb"},"inLanguage":"pl-PL","potentialAction":[{"@type":"ReadAction","target":["https:\/\/www.welovecycling.com\/pl\/2019\/02\/26\/to-najwiekszy-oryginal-w-historii-kolarstwa-nieprawdopodobna-zawartosc-zawodniczej-koszulki\/"]}]},{"@type":"ImageObject","inLanguage":"pl-PL","@id":"https:\/\/www.welovecycling.com\/pl\/2019\/02\/26\/to-najwiekszy-oryginal-w-historii-kolarstwa-nieprawdopodobna-zawartosc-zawodniczej-koszulki\/#primaryimage","url":"https:\/\/d2p6e6u75xmxt8.cloudfront.net\/5\/2019\/02\/www.bythelake.chhugo-koblet-legende-suisse-du-tour-de-france.jpg","contentUrl":"https:\/\/d2p6e6u75xmxt8.cloudfront.net\/5\/2019\/02\/www.bythelake.chhugo-koblet-legende-suisse-du-tour-de-france.jpg","width":780,"height":360,"caption":"httpswww.bythelake.chhugo-koblet-legende-suisse-du-tour-de-france"},{"@type":"BreadcrumbList","@id":"https:\/\/www.welovecycling.com\/pl\/2019\/02\/26\/to-najwiekszy-oryginal-w-historii-kolarstwa-nieprawdopodobna-zawartosc-zawodniczej-koszulki\/#breadcrumb","itemListElement":[{"@type":"ListItem","position":1,"name":"Home","item":"https:\/\/www.welovecycling.com\/pl\/"},{"@type":"ListItem","position":2,"name":"To najwi\u0119kszy orygina\u0142 w historii kolarstwa? Nieprawdopodobna zawarto\u015b\u0107 zawodniczej koszulki!"}]},{"@type":"WebSite","@id":"https:\/\/www.welovecycling.com\/pl\/#website","url":"https:\/\/www.welovecycling.com\/pl\/","name":"\u0160koda We Love Cycling - Poland","description":"","potentialAction":[{"@type":"SearchAction","target":{"@type":"EntryPoint","urlTemplate":"https:\/\/www.welovecycling.com\/pl\/?s={search_term_string}"},"query-input":{"@type":"PropertyValueSpecification","valueRequired":true,"valueName":"search_term_string"}}],"inLanguage":"pl-PL"},{"@type":"Person","@id":"https:\/\/www.welovecycling.com\/pl\/#\/schema\/person\/0dba2d39da943db9df3fd8f4687e7f23","name":"piotrboczkowski","image":{"@type":"ImageObject","inLanguage":"pl-PL","@id":"https:\/\/www.welovecycling.com\/pl\/#\/schema\/person\/image\/","url":"https:\/\/secure.gravatar.com\/avatar\/533caccae14752e03a2ce2d3fd62d1b98b93e1393c3195c27819e53344ca1ace?s=96&d=mm&r=g","contentUrl":"https:\/\/secure.gravatar.com\/avatar\/533caccae14752e03a2ce2d3fd62d1b98b93e1393c3195c27819e53344ca1ace?s=96&d=mm&r=g","caption":"piotrboczkowski"},"url":"https:\/\/www.welovecycling.com\/pl\/author\/piotrboczkowski\/"}]}},"_links":{"self":[{"href":"https:\/\/www.welovecycling.com\/pl\/wp-json\/wp\/v2\/posts\/8589","targetHints":{"allow":["GET"]}}],"collection":[{"href":"https:\/\/www.welovecycling.com\/pl\/wp-json\/wp\/v2\/posts"}],"about":[{"href":"https:\/\/www.welovecycling.com\/pl\/wp-json\/wp\/v2\/types\/post"}],"author":[{"embeddable":true,"href":"https:\/\/www.welovecycling.com\/pl\/wp-json\/wp\/v2\/users\/76"}],"replies":[{"embeddable":true,"href":"https:\/\/www.welovecycling.com\/pl\/wp-json\/wp\/v2\/comments?post=8589"}],"version-history":[{"count":1,"href":"https:\/\/www.welovecycling.com\/pl\/wp-json\/wp\/v2\/posts\/8589\/revisions"}],"predecessor-version":[{"id":8593,"href":"https:\/\/www.welovecycling.com\/pl\/wp-json\/wp\/v2\/posts\/8589\/revisions\/8593"}],"wp:featuredmedia":[{"embeddable":true,"href":"https:\/\/www.welovecycling.com\/pl\/wp-json\/wp\/v2\/media\/8590"}],"wp:attachment":[{"href":"https:\/\/www.welovecycling.com\/pl\/wp-json\/wp\/v2\/media?parent=8589"}],"wp:term":[{"taxonomy":"category","embeddable":true,"href":"https:\/\/www.welovecycling.com\/pl\/wp-json\/wp\/v2\/categories?post=8589"},{"taxonomy":"post_tag","embeddable":true,"href":"https:\/\/www.welovecycling.com\/pl\/wp-json\/wp\/v2\/tags?post=8589"},{"taxonomy":"global-categories","embeddable":true,"href":"https:\/\/www.welovecycling.com\/pl\/wp-json\/wp\/v2\/global-categories?post=8589"}],"curies":[{"name":"wp","href":"https:\/\/api.w.org\/{rel}","templated":true}]}}