{"id":8583,"date":"2019-02-28T09:26:04","date_gmt":"2019-02-28T09:26:04","guid":{"rendered":"https:\/\/www.welovecycling.com\/pl\/?p=8583"},"modified":"2019-02-28T13:26:06","modified_gmt":"2019-02-28T13:26:06","slug":"piotr-szwedowski-andrzejowka-kolarstwo-gorskie-w-srodku-zimy","status":"publish","type":"post","link":"https:\/\/www.welovecycling.com\/pl\/2019\/02\/28\/piotr-szwedowski-andrzejowka-kolarstwo-gorskie-w-srodku-zimy\/","title":{"rendered":"Piotr Szwedowski: Andrzej\u00f3wka &#8211; kolarstwo g\u00f3rskie w \u015brodku zimy"},"content":{"rendered":"<p><span style=\"font-size: 14pt;\"><strong>Zima nie odpuszcza a g\u0142\u00f3d \u201erowerowania\u201d jest coraz silniejszy, w naszym kraju w sezonie zimowym nie jest \u0142atwo o dobre warunki do uprawiania kolarstwa g\u00f3rskiego.\u00a0<\/strong><\/span><\/p>\n<p><a href=\"https:\/\/d2p6e6u75xmxt8.cloudfront.net\/5\/2019\/02\/1.jpg\"><img loading=\"lazy\" decoding=\"async\" class=\"aligncenter size-large wp-image-8595\" src=\"https:\/\/d2p6e6u75xmxt8.cloudfront.net\/5\/2019\/02\/1-1024x683.jpg\" alt=\"\" width=\"1024\" height=\"683\" srcset=\"https:\/\/d2p6e6u75xmxt8.cloudfront.net\/5\/2019\/02\/1-1024x683.jpg 1024w, https:\/\/d2p6e6u75xmxt8.cloudfront.net\/5\/2019\/02\/1-300x200.jpg 300w, https:\/\/d2p6e6u75xmxt8.cloudfront.net\/5\/2019\/02\/1-768x512.jpg 768w, https:\/\/d2p6e6u75xmxt8.cloudfront.net\/5\/2019\/02\/1-1920x1281.jpg 1920w, https:\/\/d2p6e6u75xmxt8.cloudfront.net\/5\/2019\/02\/1-272x182.jpg 272w, https:\/\/d2p6e6u75xmxt8.cloudfront.net\/5\/2019\/02\/1-1920x1281.jpg 1920w\" sizes=\"auto, (max-width: 1024px) 100vw, 1024px\" \/><\/a><\/p>\n<p>Zim\u0105 trasy wybieramy nieco inaczej ni\u017c latem. Jest wi\u0119cej ogranicze\u0144 \u2013 zimny wiatr, niska temperatura, odleg\u0142o\u015bci powoduj\u0105ce szybki opadanie z si\u0142.. To wszystko powoduje, \u017ce szukaj\u0105c miejsc do g\u00f3rskiej jazdy na rowerze zim\u0105 trzeba zastanowi\u0107 si\u0119 dwa razy d\u0142u\u017cej ni\u017c zwykle, a najlepiej poczyta\u0107 poradniki i skorzysta\u0107 z do\u015bwiadczenia ludzi zajmuj\u0105cych si\u0119 zwiedzaniem g\u00f3r na rowerze od wielu lat. Dlatego postanowi\u0142em u\u0142atwi\u0107 Wam nieco spraw\u0119.<\/p>\n<p>Kolarstwo G\u00f3rskie to moje g\u0142\u00f3wne zaj\u0119cie od blisko dwudziestu pi\u0119ciu lat. Mia\u0142em przyjemno\u015b\u0107 je\u017adzi\u0107 w wielu wspania\u0142ych miejscach i musz\u0119 przyzna\u0107, \u017ce w Polsce nie ma pi\u0119kniejszych g\u00f3r pod wzgl\u0119dem MTB od pasma G\u00f3r Kamiennych po\u0142o\u017conych w blisko Wa\u0142brzycha. Miejsce to jest wr\u0119cz idealne na g\u00f3rsk\u0105 wycieczk\u0119 rowerow\u0105 zimow\u0105 por\u0105.<\/p>\n<p>Do dyspozycji mamy wiele bardzo mocno zr\u00f3\u017cnicowanych tras, od odcink\u00f3w dla ka\u017cdego, kt\u00f3re s\u0105 prostsze technicznie oznaczone w systemie \u201eStrefa MTB Sudety\u201d\u00a0 <a href=\"http:\/\/www.strefamtbsudety.pl\/tt\/mapy\/\">http:\/\/www.strefamtbsudety.pl\/tt\/mapy\/<\/a> a\u017c po niebieski szlak z Andrzej\u00f3wki do \u015blaskiego Davos czyli niezwykle charakterystycznego Soko\u0142owska. Andrzej\u00f3wka znajduje si\u0119 w\u0142a\u015bnie w G\u00f3rach Kamiennych, kt\u00f3re to nale\u017c\u0105 do pasma G\u00f3r Suchych le\u017c\u0105cych w Sudetach \u015arodkowych. Bez problemu dostaniecie si\u0119 tam autem \u2013 trasa zajmie Wam oko\u0142o 1,5h od Wroc\u0142awia. Baza noclegowa jest tam rozwini\u0119ta na tyle, \u017ce \u0142atwo znajdziecie miejsca noclegowe.<\/p>\n<p>Andrzej\u00f3wka to bardzo klimatyczne schronisko w bliskim s\u0105siedztwie\u00a0 Rybnicy Le\u015bnej i Wa\u0142brzycha. Miejsce to z pewno\u015bci\u0105 kojarzy si\u0119 wielu z du\u017cym wydarzeniem narciarskim czyli Biegiem Gwark\u00f3w, kt\u00f3ry przez wiele lat organizowany by\u0142 w\u0142a\u015bnie tam.<\/p>\n<p><a href=\"https:\/\/d2p6e6u75xmxt8.cloudfront.net\/5\/2019\/02\/8.jpg\"><img loading=\"lazy\" decoding=\"async\" class=\"aligncenter size-large wp-image-8601\" src=\"https:\/\/d2p6e6u75xmxt8.cloudfront.net\/5\/2019\/02\/8-1024x683.jpg\" alt=\"\" width=\"1024\" height=\"683\" srcset=\"https:\/\/d2p6e6u75xmxt8.cloudfront.net\/5\/2019\/02\/8-1024x683.jpg 1024w, https:\/\/d2p6e6u75xmxt8.cloudfront.net\/5\/2019\/02\/8-300x200.jpg 300w, https:\/\/d2p6e6u75xmxt8.cloudfront.net\/5\/2019\/02\/8-768x512.jpg 768w, https:\/\/d2p6e6u75xmxt8.cloudfront.net\/5\/2019\/02\/8-1920x1280.jpg 1920w, https:\/\/d2p6e6u75xmxt8.cloudfront.net\/5\/2019\/02\/8-272x182.jpg 272w, https:\/\/d2p6e6u75xmxt8.cloudfront.net\/5\/2019\/02\/8.jpg 2048w, https:\/\/d2p6e6u75xmxt8.cloudfront.net\/5\/2019\/02\/8-1920x1280.jpg 1920w\" sizes=\"auto, (max-width: 1024px) 100vw, 1024px\" \/><\/a><\/p>\n<p>Kolejnym powodem dla kt\u00f3rego warto na rowerze zawita\u0107 w G\u00f3ry Kamienne jest ich malowniczo\u015b\u0107. Je\u017adzi\u0142em tam wiele razy ale cz\u0119sto \u0142api\u0119 si\u0119 na tym, \u017ce\u00a0 jak zahipnotyzowany patrz\u0119 si\u0119 d\u0142u\u017cszy czas przed siebie podziwiaj\u0105c widoki. Po prostu g\u00f3ry te maj\u0105 jaki\u015b specyficzny dla siebie pi\u0119kny klimat i charakter.<\/p>\n<p><a href=\"https:\/\/d2p6e6u75xmxt8.cloudfront.net\/5\/2019\/02\/2.jpg\"><img loading=\"lazy\" decoding=\"async\" class=\"aligncenter size-large wp-image-8596\" src=\"https:\/\/d2p6e6u75xmxt8.cloudfront.net\/5\/2019\/02\/2-1024x683.jpg\" alt=\"\" width=\"1024\" height=\"683\" srcset=\"https:\/\/d2p6e6u75xmxt8.cloudfront.net\/5\/2019\/02\/2-1024x683.jpg 1024w, https:\/\/d2p6e6u75xmxt8.cloudfront.net\/5\/2019\/02\/2-300x200.jpg 300w, https:\/\/d2p6e6u75xmxt8.cloudfront.net\/5\/2019\/02\/2-768x512.jpg 768w, https:\/\/d2p6e6u75xmxt8.cloudfront.net\/5\/2019\/02\/2-1920x1281.jpg 1920w, https:\/\/d2p6e6u75xmxt8.cloudfront.net\/5\/2019\/02\/2-272x182.jpg 272w, https:\/\/d2p6e6u75xmxt8.cloudfront.net\/5\/2019\/02\/2-1920x1281.jpg 1920w\" sizes=\"auto, (max-width: 1024px) 100vw, 1024px\" \/><\/a><\/p>\n<p>Trasa niebieskim szlakiem z malowniczej Andrzej\u00f3wki poprzez szczyty Suchawy, Kostrzyny i W\u0142ostowej wprost do Soko\u0142owska jest tras\u0105 wr\u0119cz kultow\u0105 a wielu uwa\u017ca j\u0105 za najpi\u0119kniejsz\u0105 w Polsce. Tereny te w sezonie zimowym znam z jazdy na desce w puchu, rowerem nie je\u017adzi\u0142em jeszcze\u00a0 w tym miejscu po \u015bniegu. St\u0105d tym mocniej by\u0142em zaskoczony, \u017ce zim\u0105 b\u0119d\u0119 w stanie z przyjemno\u015bci\u0105 je\u017adzi\u0107 po tak pi\u0119knej \u015bcie\u017cce.<\/p>\n<p><a href=\"https:\/\/d2p6e6u75xmxt8.cloudfront.net\/5\/2019\/02\/5.jpg\"><img loading=\"lazy\" decoding=\"async\" class=\"aligncenter size-large wp-image-8598\" src=\"https:\/\/d2p6e6u75xmxt8.cloudfront.net\/5\/2019\/02\/5-1024x683.jpg\" alt=\"\" width=\"1024\" height=\"683\" srcset=\"https:\/\/d2p6e6u75xmxt8.cloudfront.net\/5\/2019\/02\/5-1024x683.jpg 1024w, https:\/\/d2p6e6u75xmxt8.cloudfront.net\/5\/2019\/02\/5-300x200.jpg 300w, https:\/\/d2p6e6u75xmxt8.cloudfront.net\/5\/2019\/02\/5-768x512.jpg 768w, https:\/\/d2p6e6u75xmxt8.cloudfront.net\/5\/2019\/02\/5-1920x1281.jpg 1920w, https:\/\/d2p6e6u75xmxt8.cloudfront.net\/5\/2019\/02\/5-272x182.jpg 272w, https:\/\/d2p6e6u75xmxt8.cloudfront.net\/5\/2019\/02\/5-1920x1281.jpg 1920w\" sizes=\"auto, (max-width: 1024px) 100vw, 1024px\" \/><\/a><\/p>\n<p style=\"text-align: left;\">Musz\u0119 w tym miejscu poinformowa\u0107, \u017ce trasa ta jest trudna i niezale\u017cnie od pory roku przejazd po niej zarezerwowany jest tylko dla do\u015bwiadczonych kolarzy g\u00f3rskich przygotowanych te\u017c sprz\u0119towo.<\/p>\n<p><a href=\"https:\/\/d2p6e6u75xmxt8.cloudfront.net\/5\/2019\/02\/3.jpg\"><img loading=\"lazy\" decoding=\"async\" class=\"size-large wp-image-8597 aligncenter\" src=\"https:\/\/d2p6e6u75xmxt8.cloudfront.net\/5\/2019\/02\/3-1024x683.jpg\" alt=\"\" width=\"1024\" height=\"683\" srcset=\"https:\/\/d2p6e6u75xmxt8.cloudfront.net\/5\/2019\/02\/3-1024x683.jpg 1024w, https:\/\/d2p6e6u75xmxt8.cloudfront.net\/5\/2019\/02\/3-300x200.jpg 300w, https:\/\/d2p6e6u75xmxt8.cloudfront.net\/5\/2019\/02\/3-768x512.jpg 768w, https:\/\/d2p6e6u75xmxt8.cloudfront.net\/5\/2019\/02\/3-1920x1281.jpg 1920w, https:\/\/d2p6e6u75xmxt8.cloudfront.net\/5\/2019\/02\/3-272x182.jpg 272w, https:\/\/d2p6e6u75xmxt8.cloudfront.net\/5\/2019\/02\/3-1920x1281.jpg 1920w\" sizes=\"auto, (max-width: 1024px) 100vw, 1024px\" \/><\/a><\/p>\n<p><a href=\"https:\/\/d2p6e6u75xmxt8.cloudfront.net\/5\/2019\/02\/7.jpg\"><img loading=\"lazy\" decoding=\"async\" class=\"size-large wp-image-8600 aligncenter\" src=\"https:\/\/d2p6e6u75xmxt8.cloudfront.net\/5\/2019\/02\/7-1024x683.jpg\" alt=\"\" width=\"1024\" height=\"683\" srcset=\"https:\/\/d2p6e6u75xmxt8.cloudfront.net\/5\/2019\/02\/7-1024x683.jpg 1024w, https:\/\/d2p6e6u75xmxt8.cloudfront.net\/5\/2019\/02\/7-300x200.jpg 300w, https:\/\/d2p6e6u75xmxt8.cloudfront.net\/5\/2019\/02\/7-768x512.jpg 768w, https:\/\/d2p6e6u75xmxt8.cloudfront.net\/5\/2019\/02\/7-1920x1281.jpg 1920w, https:\/\/d2p6e6u75xmxt8.cloudfront.net\/5\/2019\/02\/7-272x182.jpg 272w, https:\/\/d2p6e6u75xmxt8.cloudfront.net\/5\/2019\/02\/7-1920x1281.jpg 1920w\" sizes=\"auto, (max-width: 1024px) 100vw, 1024px\" \/><\/a><\/p>\n<p>Obecna zima w pasmach g\u00f3rskich jest bardzo \u015bnie\u017cna,\u00a0 natomiast pod wp\u0142ywem silnego i ciep\u0142ego wiatru fenowego \u015bnieg osiad\u0142, zrobi\u0142 si\u0119 twardy i do\u015b\u0107 przyczepny co umo\u017cliwi\u0142o mi bardzo przyjemn\u0105 jazd\u0119 po jednym z sudeckich rowerowych klasyk\u00f3w. Fen z pewno\u015bci\u0105 nie sprzyja dobremu samopoczuciu, ale potrzeba poje\u017cd\u017cenia jest du\u017co silniejsza.<\/p>\n<p>Nast\u0119pna cecha regionu sprzyjaj\u0105ca rowerowi g\u00f3rskiemu to relatywnie ma\u0142y obszar na, kt\u00f3rym \u201eupakowanych\u201d jest sporo szczyt\u00f3w i \u015bcie\u017cek. Osoby o \u015bredniej kondycji jednego dnia s\u0105 wstanie zje\u017adzi\u0107 du\u017c\u0105 cz\u0119\u015b\u0107 najlepszych tras. Prze\u0142\u0119cz Trzech Dolin (wspomniana wy\u017cej Andrzej\u00f3wka) czyli miejsce gdzie najlepiej zaparkowa\u0107 le\u017cy do\u015b\u0107 wysoko (810 m n.p.m.) to w po\u0142\u0105czeniu z wygodnymi le\u015bnymi drogami, kt\u00f3rymi poprowadzone s\u0105 do\u015b\u0107 p\u0142askie podjazdy powoduje, \u017ce g\u00f3ry te s\u0105 \u0142atwo dost\u0119pne. Nie zmienia to faktu, \u017ce b\u0119d\u0105c w regionie pierwszy raz do\u015b\u0107 \u0142atwo si\u0119 pogubi\u0107 dlatego mapa i gps s\u0105 bardzo wskazane.<\/p>\n<p><a href=\"https:\/\/d2p6e6u75xmxt8.cloudfront.net\/5\/2019\/02\/6.jpg\"><img loading=\"lazy\" decoding=\"async\" class=\"aligncenter size-large wp-image-8599\" src=\"https:\/\/d2p6e6u75xmxt8.cloudfront.net\/5\/2019\/02\/6-1024x683.jpg\" alt=\"\" width=\"1024\" height=\"683\" srcset=\"https:\/\/d2p6e6u75xmxt8.cloudfront.net\/5\/2019\/02\/6-1024x683.jpg 1024w, https:\/\/d2p6e6u75xmxt8.cloudfront.net\/5\/2019\/02\/6-300x200.jpg 300w, https:\/\/d2p6e6u75xmxt8.cloudfront.net\/5\/2019\/02\/6-768x512.jpg 768w, https:\/\/d2p6e6u75xmxt8.cloudfront.net\/5\/2019\/02\/6-1920x1281.jpg 1920w, https:\/\/d2p6e6u75xmxt8.cloudfront.net\/5\/2019\/02\/6-272x182.jpg 272w, https:\/\/d2p6e6u75xmxt8.cloudfront.net\/5\/2019\/02\/6-1920x1281.jpg 1920w\" sizes=\"auto, (max-width: 1024px) 100vw, 1024px\" \/><\/a><br \/>\nPisz\u0105c ten tekst jestem nadal pod wra\u017ceniem jak fajnie mo\u017cna poje\u017adzi\u0107 w g\u00f3rach w \u015brodku zimy. Kilka dni wcze\u015bniej jazda taka nie by\u0142aby mo\u017cliwa, gdy\u017c rower zapada\u0142by si\u0119 w \u015bniegu po piasty. Po dzisiejszym intensywnym dniu \u00a0mam wra\u017cenie, \u017ce przy pewnych czynnikach atmosferycznych nawet w lutym mo\u017cemy mie\u0107 \u015bwietny dzie\u0144 na rowerze w g\u00f3rach.<\/p>\n<p>Cierpliwie \u015bledz\u0105c prognozy pogody i dobrze dobieraj\u0105c tras\u0119 mo\u017cemy z powodzeniem solidnie poje\u017adzi\u0107 nawet w \u015brodku polskiej zimy.<\/p>\n<p>Do zobaczenia na \u015bcie\u017ckach!<\/p>\n<p>&nbsp;<\/p>\n<p>Piotr Szwed Szwedowski<\/p>\n<p>Zdj\u0119cia: frontrear<\/p>\n<p>Artyku\u0142 powsta\u0142 we wsp\u00f3\u0142pracy ze\u00a0<a href=\"http:\/\/www.skoda-auto.pl\/\">skoda-auto.pl<\/a><\/p>\n","protected":false},"excerpt":{"rendered":"<p>Zima nie odpuszcza a g\u0142\u00f3d \u201erowerowania\u201d jest coraz silniejszy, w naszym kraju w sezonie zimowym nie jest \u0142atwo o dobre [&hellip;]<\/p>\n","protected":false},"author":76,"featured_media":8602,"comment_status":"open","ping_status":"open","sticky":false,"template":"","format":"standard","meta":{"footnotes":""},"categories":[3],"tags":[],"global-categories":[],"class_list":["post-8583","post","type-post","status-publish","format-standard","has-post-thumbnail","hentry","category-adrenalina"],"yoast_head":"<!-- This site is optimized with the Yoast SEO Premium plugin v25.3 (Yoast SEO v25.9) - https:\/\/yoast.com\/wordpress\/plugins\/seo\/ -->\n<title>Piotr Szwedowski: Andrzej\u00f3wka - kolarstwo g\u00f3rskie w \u015brodku zimy - \u0160koda We Love Cycling - Poland<\/title>\n<meta name=\"robots\" content=\"index, follow, max-snippet:-1, max-image-preview:large, max-video-preview:-1\" \/>\n<link rel=\"canonical\" href=\"https:\/\/www.welovecycling.com\/pl\/2019\/02\/28\/piotr-szwedowski-andrzejowka-kolarstwo-gorskie-w-srodku-zimy\/\" \/>\n<meta property=\"og:locale\" content=\"pl_PL\" \/>\n<meta property=\"og:type\" content=\"article\" \/>\n<meta property=\"og:title\" content=\"Piotr Szwedowski: Andrzej\u00f3wka - kolarstwo g\u00f3rskie w \u015brodku zimy\" \/>\n<meta property=\"og:description\" content=\"Zima nie odpuszcza a g\u0142\u00f3d \u201erowerowania\u201d jest coraz silniejszy, w naszym kraju w sezonie zimowym nie jest \u0142atwo o dobre [&hellip;]\" \/>\n<meta property=\"og:url\" content=\"https:\/\/www.welovecycling.com\/pl\/2019\/02\/28\/piotr-szwedowski-andrzejowka-kolarstwo-gorskie-w-srodku-zimy\/\" \/>\n<meta property=\"og:site_name\" content=\"\u0160koda We Love Cycling - Poland\" \/>\n<meta property=\"article:published_time\" content=\"2019-02-28T09:26:04+00:00\" \/>\n<meta property=\"article:modified_time\" content=\"2019-02-28T13:26:06+00:00\" \/>\n<meta property=\"og:image\" content=\"https:\/\/d2p6e6u75xmxt8.cloudfront.net\/5\/2019\/02\/tytu\u0142owe.jpg\" \/>\n\t<meta property=\"og:image:width\" content=\"3000\" \/>\n\t<meta property=\"og:image:height\" content=\"2001\" \/>\n\t<meta property=\"og:image:type\" content=\"image\/jpeg\" \/>\n<meta name=\"author\" content=\"piotrboczkowski\" \/>\n<meta name=\"twitter:card\" content=\"summary_large_image\" \/>\n<meta name=\"twitter:label1\" content=\"Written by\" \/>\n\t<meta name=\"twitter:data1\" content=\"Piotr Szwedowski\" \/>\n\t<meta name=\"twitter:label2\" content=\"Est. reading time\" \/>\n\t<meta name=\"twitter:data2\" content=\"4 minutes\" \/>\n<script type=\"application\/ld+json\" class=\"yoast-schema-graph\">{\"@context\":\"https:\/\/schema.org\",\"@graph\":[{\"@type\":\"WebPage\",\"@id\":\"https:\/\/www.welovecycling.com\/pl\/2019\/02\/28\/piotr-szwedowski-andrzejowka-kolarstwo-gorskie-w-srodku-zimy\/\",\"url\":\"https:\/\/www.welovecycling.com\/pl\/2019\/02\/28\/piotr-szwedowski-andrzejowka-kolarstwo-gorskie-w-srodku-zimy\/\",\"name\":\"Piotr Szwedowski: Andrzej\u00f3wka - kolarstwo g\u00f3rskie w \u015brodku zimy - \u0160koda We Love Cycling - Poland\",\"isPartOf\":{\"@id\":\"https:\/\/www.welovecycling.com\/pl\/#website\"},\"primaryImageOfPage\":{\"@id\":\"https:\/\/www.welovecycling.com\/pl\/2019\/02\/28\/piotr-szwedowski-andrzejowka-kolarstwo-gorskie-w-srodku-zimy\/#primaryimage\"},\"image\":{\"@id\":\"https:\/\/www.welovecycling.com\/pl\/2019\/02\/28\/piotr-szwedowski-andrzejowka-kolarstwo-gorskie-w-srodku-zimy\/#primaryimage\"},\"thumbnailUrl\":\"https:\/\/d2p6e6u75xmxt8.cloudfront.net\/5\/2019\/02\/tytu\u0142owe.jpg\",\"datePublished\":\"2019-02-28T09:26:04+00:00\",\"dateModified\":\"2019-02-28T13:26:06+00:00\",\"author\":{\"@id\":\"https:\/\/www.welovecycling.com\/pl\/#\/schema\/person\/0dba2d39da943db9df3fd8f4687e7f23\"},\"breadcrumb\":{\"@id\":\"https:\/\/www.welovecycling.com\/pl\/2019\/02\/28\/piotr-szwedowski-andrzejowka-kolarstwo-gorskie-w-srodku-zimy\/#breadcrumb\"},\"inLanguage\":\"pl-PL\",\"potentialAction\":[{\"@type\":\"ReadAction\",\"target\":[\"https:\/\/www.welovecycling.com\/pl\/2019\/02\/28\/piotr-szwedowski-andrzejowka-kolarstwo-gorskie-w-srodku-zimy\/\"]}]},{\"@type\":\"ImageObject\",\"inLanguage\":\"pl-PL\",\"@id\":\"https:\/\/www.welovecycling.com\/pl\/2019\/02\/28\/piotr-szwedowski-andrzejowka-kolarstwo-gorskie-w-srodku-zimy\/#primaryimage\",\"url\":\"https:\/\/d2p6e6u75xmxt8.cloudfront.net\/5\/2019\/02\/tytu\u0142owe.jpg\",\"contentUrl\":\"https:\/\/d2p6e6u75xmxt8.cloudfront.net\/5\/2019\/02\/tytu\u0142owe.jpg\",\"width\":3000,\"height\":2001},{\"@type\":\"BreadcrumbList\",\"@id\":\"https:\/\/www.welovecycling.com\/pl\/2019\/02\/28\/piotr-szwedowski-andrzejowka-kolarstwo-gorskie-w-srodku-zimy\/#breadcrumb\",\"itemListElement\":[{\"@type\":\"ListItem\",\"position\":1,\"name\":\"Home\",\"item\":\"https:\/\/www.welovecycling.com\/pl\/\"},{\"@type\":\"ListItem\",\"position\":2,\"name\":\"Piotr Szwedowski: Andrzej\u00f3wka &#8211; kolarstwo g\u00f3rskie w \u015brodku zimy\"}]},{\"@type\":\"WebSite\",\"@id\":\"https:\/\/www.welovecycling.com\/pl\/#website\",\"url\":\"https:\/\/www.welovecycling.com\/pl\/\",\"name\":\"\u0160koda We Love Cycling - Poland\",\"description\":\"\",\"potentialAction\":[{\"@type\":\"SearchAction\",\"target\":{\"@type\":\"EntryPoint\",\"urlTemplate\":\"https:\/\/www.welovecycling.com\/pl\/?s={search_term_string}\"},\"query-input\":{\"@type\":\"PropertyValueSpecification\",\"valueRequired\":true,\"valueName\":\"search_term_string\"}}],\"inLanguage\":\"pl-PL\"},{\"@type\":\"Person\",\"@id\":\"https:\/\/www.welovecycling.com\/pl\/#\/schema\/person\/0dba2d39da943db9df3fd8f4687e7f23\",\"name\":\"piotrboczkowski\",\"image\":{\"@type\":\"ImageObject\",\"inLanguage\":\"pl-PL\",\"@id\":\"https:\/\/www.welovecycling.com\/pl\/#\/schema\/person\/image\/\",\"url\":\"https:\/\/secure.gravatar.com\/avatar\/533caccae14752e03a2ce2d3fd62d1b98b93e1393c3195c27819e53344ca1ace?s=96&d=mm&r=g\",\"contentUrl\":\"https:\/\/secure.gravatar.com\/avatar\/533caccae14752e03a2ce2d3fd62d1b98b93e1393c3195c27819e53344ca1ace?s=96&d=mm&r=g\",\"caption\":\"piotrboczkowski\"},\"url\":\"https:\/\/www.welovecycling.com\/pl\/author\/piotrboczkowski\/\"}]}<\/script>\n<!-- \/ Yoast SEO Premium plugin. -->","yoast_head_json":{"title":"Piotr Szwedowski: Andrzej\u00f3wka - kolarstwo g\u00f3rskie w \u015brodku zimy - \u0160koda We Love Cycling - Poland","robots":{"index":"index","follow":"follow","max-snippet":"max-snippet:-1","max-image-preview":"max-image-preview:large","max-video-preview":"max-video-preview:-1"},"canonical":"https:\/\/www.welovecycling.com\/pl\/2019\/02\/28\/piotr-szwedowski-andrzejowka-kolarstwo-gorskie-w-srodku-zimy\/","og_locale":"pl_PL","og_type":"article","og_title":"Piotr Szwedowski: Andrzej\u00f3wka - kolarstwo g\u00f3rskie w \u015brodku zimy","og_description":"Zima nie odpuszcza a g\u0142\u00f3d \u201erowerowania\u201d jest coraz silniejszy, w naszym kraju w sezonie zimowym nie jest \u0142atwo o dobre [&hellip;]","og_url":"https:\/\/www.welovecycling.com\/pl\/2019\/02\/28\/piotr-szwedowski-andrzejowka-kolarstwo-gorskie-w-srodku-zimy\/","og_site_name":"\u0160koda We Love Cycling - Poland","article_published_time":"2019-02-28T09:26:04+00:00","article_modified_time":"2019-02-28T13:26:06+00:00","og_image":[{"width":3000,"height":2001,"url":"https:\/\/d2p6e6u75xmxt8.cloudfront.net\/5\/2019\/02\/tytu\u0142owe.jpg","type":"image\/jpeg"}],"author":"piotrboczkowski","twitter_card":"summary_large_image","twitter_misc":{"Written by":"Piotr Szwedowski","Est. reading time":"4 minutes"},"schema":{"@context":"https:\/\/schema.org","@graph":[{"@type":"WebPage","@id":"https:\/\/www.welovecycling.com\/pl\/2019\/02\/28\/piotr-szwedowski-andrzejowka-kolarstwo-gorskie-w-srodku-zimy\/","url":"https:\/\/www.welovecycling.com\/pl\/2019\/02\/28\/piotr-szwedowski-andrzejowka-kolarstwo-gorskie-w-srodku-zimy\/","name":"Piotr Szwedowski: Andrzej\u00f3wka - kolarstwo g\u00f3rskie w \u015brodku zimy - \u0160koda We Love Cycling - Poland","isPartOf":{"@id":"https:\/\/www.welovecycling.com\/pl\/#website"},"primaryImageOfPage":{"@id":"https:\/\/www.welovecycling.com\/pl\/2019\/02\/28\/piotr-szwedowski-andrzejowka-kolarstwo-gorskie-w-srodku-zimy\/#primaryimage"},"image":{"@id":"https:\/\/www.welovecycling.com\/pl\/2019\/02\/28\/piotr-szwedowski-andrzejowka-kolarstwo-gorskie-w-srodku-zimy\/#primaryimage"},"thumbnailUrl":"https:\/\/d2p6e6u75xmxt8.cloudfront.net\/5\/2019\/02\/tytu\u0142owe.jpg","datePublished":"2019-02-28T09:26:04+00:00","dateModified":"2019-02-28T13:26:06+00:00","author":{"@id":"https:\/\/www.welovecycling.com\/pl\/#\/schema\/person\/0dba2d39da943db9df3fd8f4687e7f23"},"breadcrumb":{"@id":"https:\/\/www.welovecycling.com\/pl\/2019\/02\/28\/piotr-szwedowski-andrzejowka-kolarstwo-gorskie-w-srodku-zimy\/#breadcrumb"},"inLanguage":"pl-PL","potentialAction":[{"@type":"ReadAction","target":["https:\/\/www.welovecycling.com\/pl\/2019\/02\/28\/piotr-szwedowski-andrzejowka-kolarstwo-gorskie-w-srodku-zimy\/"]}]},{"@type":"ImageObject","inLanguage":"pl-PL","@id":"https:\/\/www.welovecycling.com\/pl\/2019\/02\/28\/piotr-szwedowski-andrzejowka-kolarstwo-gorskie-w-srodku-zimy\/#primaryimage","url":"https:\/\/d2p6e6u75xmxt8.cloudfront.net\/5\/2019\/02\/tytu\u0142owe.jpg","contentUrl":"https:\/\/d2p6e6u75xmxt8.cloudfront.net\/5\/2019\/02\/tytu\u0142owe.jpg","width":3000,"height":2001},{"@type":"BreadcrumbList","@id":"https:\/\/www.welovecycling.com\/pl\/2019\/02\/28\/piotr-szwedowski-andrzejowka-kolarstwo-gorskie-w-srodku-zimy\/#breadcrumb","itemListElement":[{"@type":"ListItem","position":1,"name":"Home","item":"https:\/\/www.welovecycling.com\/pl\/"},{"@type":"ListItem","position":2,"name":"Piotr Szwedowski: Andrzej\u00f3wka &#8211; kolarstwo g\u00f3rskie w \u015brodku zimy"}]},{"@type":"WebSite","@id":"https:\/\/www.welovecycling.com\/pl\/#website","url":"https:\/\/www.welovecycling.com\/pl\/","name":"\u0160koda We Love Cycling - Poland","description":"","potentialAction":[{"@type":"SearchAction","target":{"@type":"EntryPoint","urlTemplate":"https:\/\/www.welovecycling.com\/pl\/?s={search_term_string}"},"query-input":{"@type":"PropertyValueSpecification","valueRequired":true,"valueName":"search_term_string"}}],"inLanguage":"pl-PL"},{"@type":"Person","@id":"https:\/\/www.welovecycling.com\/pl\/#\/schema\/person\/0dba2d39da943db9df3fd8f4687e7f23","name":"piotrboczkowski","image":{"@type":"ImageObject","inLanguage":"pl-PL","@id":"https:\/\/www.welovecycling.com\/pl\/#\/schema\/person\/image\/","url":"https:\/\/secure.gravatar.com\/avatar\/533caccae14752e03a2ce2d3fd62d1b98b93e1393c3195c27819e53344ca1ace?s=96&d=mm&r=g","contentUrl":"https:\/\/secure.gravatar.com\/avatar\/533caccae14752e03a2ce2d3fd62d1b98b93e1393c3195c27819e53344ca1ace?s=96&d=mm&r=g","caption":"piotrboczkowski"},"url":"https:\/\/www.welovecycling.com\/pl\/author\/piotrboczkowski\/"}]}},"_links":{"self":[{"href":"https:\/\/www.welovecycling.com\/pl\/wp-json\/wp\/v2\/posts\/8583","targetHints":{"allow":["GET"]}}],"collection":[{"href":"https:\/\/www.welovecycling.com\/pl\/wp-json\/wp\/v2\/posts"}],"about":[{"href":"https:\/\/www.welovecycling.com\/pl\/wp-json\/wp\/v2\/types\/post"}],"author":[{"embeddable":true,"href":"https:\/\/www.welovecycling.com\/pl\/wp-json\/wp\/v2\/users\/76"}],"replies":[{"embeddable":true,"href":"https:\/\/www.welovecycling.com\/pl\/wp-json\/wp\/v2\/comments?post=8583"}],"version-history":[{"count":2,"href":"https:\/\/www.welovecycling.com\/pl\/wp-json\/wp\/v2\/posts\/8583\/revisions"}],"predecessor-version":[{"id":8604,"href":"https:\/\/www.welovecycling.com\/pl\/wp-json\/wp\/v2\/posts\/8583\/revisions\/8604"}],"wp:featuredmedia":[{"embeddable":true,"href":"https:\/\/www.welovecycling.com\/pl\/wp-json\/wp\/v2\/media\/8602"}],"wp:attachment":[{"href":"https:\/\/www.welovecycling.com\/pl\/wp-json\/wp\/v2\/media?parent=8583"}],"wp:term":[{"taxonomy":"category","embeddable":true,"href":"https:\/\/www.welovecycling.com\/pl\/wp-json\/wp\/v2\/categories?post=8583"},{"taxonomy":"post_tag","embeddable":true,"href":"https:\/\/www.welovecycling.com\/pl\/wp-json\/wp\/v2\/tags?post=8583"},{"taxonomy":"global-categories","embeddable":true,"href":"https:\/\/www.welovecycling.com\/pl\/wp-json\/wp\/v2\/global-categories?post=8583"}],"curies":[{"name":"wp","href":"https:\/\/api.w.org\/{rel}","templated":true}]}}