{"id":8581,"date":"2019-02-25T15:11:49","date_gmt":"2019-02-25T15:11:49","guid":{"rendered":"https:\/\/www.welovecycling.com\/pl\/?p=8581"},"modified":"2019-02-25T15:11:49","modified_gmt":"2019-02-25T15:11:49","slug":"bitwa-o-rowerowy-kask-zawodowcow-zmusila-tragedia-a-co-z-amatorami","status":"publish","type":"post","link":"https:\/\/www.welovecycling.com\/pl\/2019\/02\/25\/bitwa-o-rowerowy-kask-zawodowcow-zmusila-tragedia-a-co-z-amatorami\/","title":{"rendered":"Bitwa o rowerowy kask! Zawodowc\u00f3w zmusi\u0142a tragedia, a co z amatorami?"},"content":{"rendered":"<p><strong>Musia\u0142a wydarzy\u0107 si\u0119 tragedia, by zawodowi kolarze obowi\u0105zkowo zacz\u0119li zak\u0142ada\u0107 kaski. \u2013 A moim zdaniem to powinien by\u0107 obowi\u0105zek wszystkich rowerzyst\u00f3w \u2013 uwa\u017ca Gerain Thomas, zwyci\u0119zca Tour de France. Tej opinii wielu rowerzyst\u00f3w jednak nie podziela.<\/strong><\/p>\n<p>Najpierw z ich w\u0142a\u015bcicieli peleton si\u0119 nabija\u0142. Na pocz\u0105tku XX wieku bardziej liczy\u0142a si\u0119 misternie u\u0142o\u017cona fryzura ni\u017c ochrona g\u0142owy. Czasem zawodnicy zak\u0142adali czapki, ale tylko po to, by chroni\u0107 si\u0119 przed mrozem. O ochronie g\u0142owy nikt g\u0142o\u015bnio nie m\u00f3wi\u0142, bo zosta\u0142by uznany za mi\u0119czaka. A w ko\u0144cu kolarstwo to sport dla twardzieli.<\/p>\n<p><strong>Czasy si\u0119 zmienia\u0142y, przepisy nie<\/strong><\/p>\n<p>Ta sytuacja trwa\u0142a przez dziesi\u0105tki lat. Rowery stawa\u0142y si\u0119 coraz l\u017cejsze i szybsze, stroje kolarzy bardziej aerodynamiczne, a technika jazdy i mo\u017cliwo\u015bci zawodnik\u00f3w przyspiesza\u0142y peleton. Nie zmienia\u0142o si\u0119 tylko jedno \u2013 g\u0142owa kolarza ca\u0142y czas nie by\u0142a chroniona.<\/p>\n<p>I tak by\u0142o a\u017c do pocz\u0105tku XXI wieku! Pi\u0142karze grali w ochraniaczach na golenie, bokserzy walczyli w ochraniaczach na szcz\u0119ki, str\u00f3j hokeisty przypomina\u0142 jeden wielki ochraniacz, a peleton ci\u0105gle mkn\u0105\u0142 z rozwianymi w\u0142osami.<\/p>\n<p>Nie zmieni\u0142 tego nawet wypadek Fabio Casartelliego podczas Tour de France w 1995 r. 25-letni mistrz olimpijski z Barcelony by\u0142 wschodz\u0105c\u0105 gwiazd\u0105 kolarstwa, ale nigdy nie dowiemy si\u0119 jak wiele m\u00f3g\u0142 osi\u0105gn\u0105\u0107, poniewa\u017c podczas zjazdu z\u00a0 Col de Portet d&#8217;Aspet uderzy\u0142 w betonowe bariery. Lekarze byli ko\u0142o niego w kilkana\u015bcie sekund, na miejscu zjawi\u0142 si\u0119 te\u017c helikopter, ale w trakcie transportu do szpitala zawodnik zmar\u0142. Lekarze twierdzili, \u017ce prze\u017cy\u0142by nawet tak gro\u017an\u0105 kraks\u0119, gdyby mia\u0142 za\u0142o\u017cony kask.<\/p>\n<p><strong>Prze\u0142omowy rok<\/strong><\/p>\n<p>Mimo tego wypadku ochrona g\u0142owy podczas wy\u015bcig\u00f3w wci\u0105\u017c nie by\u0142a obowi\u0105zkowa. Co prawda cz\u0119\u015b\u0107 zawodnik\u00f3w ju\u017c zak\u0142ada\u0142a kaski, ale wielu nie przywi\u0105zywa\u0142o do tego wi\u0119kszej wagi. Nawet je\u015bli mieli je na g\u0142owie, to cz\u0119sto wybierali te l\u017cejsze i gorzej dopasowane, bo najwa\u017cniejsza by\u0142a wygoda. Do tego zak\u0142adali je na og\u00f3\u0142 podczas p\u0142askich i szybkich etapach, bo podczas g\u00f3rskich podjazd\u00f3w czuli si\u0119 w nich ma\u0142o komfortowo. Tyle \u017ce je\u015bli jest podjazd, to cz\u0119sto jest te\u017c zjazd\u2026<\/p>\n<p>Wszystko zmieni\u0142o si\u0119 w 2003 r. i niestety zn\u00f3w sta\u0142a za tym \u015bmier\u0107 kolarza. Andriej Kiwiliew podczas wy\u015bcigu Pary\u017c \u2013 Nicea uderzy\u0142 twarz\u0105 o jezdni\u0119, dozna\u0142\u00a0 p\u0119kni\u0119cia ko\u015bci czo\u0142owej, wyst\u0105pi\u0142 tak\u017ce obrz\u0119k m\u00f3zgu. Kazacha nie uda\u0142o si\u0119 ju\u017c uratowa\u0107. Opinia lekarzy? Gdyby mia\u0142 kask, jego szanse na prze\u017cycie znacz\u0105co by wzros\u0142y.<\/p>\n<p>Kilka miesi\u0119cy p\u00f3\u017aniej odwrotu ju\u017c nie by\u0142o \u2013 wprowadzono przepis, \u017ce ka\u017cdy zawodowy kolarz musi je\u017adzi\u0107 w kasku.<\/p>\n<p><strong>Mistrz jest \u201eza\u201d<\/strong><\/p>\n<p>Teraz poszerzenia tych przepis\u00f3w chce Gerain Thomas, zwyci\u0119zca ostatniego Tour de France. \u2013 Wed\u0142ug mnie kaski powinny by\u0107 obowi\u0105zkowe dla wszystkich rowerzyst\u00f3w. Ja zawsze nosz\u0119 kask. Zak\u0142ada\u0142em go w \u017cyciu wi\u0119cej razy ni\u017c zapina\u0142em pasy w samochodzie. Dzi\u015b kaski s\u0105 wygodne, dobrze wentylowane i nie wygl\u0105da si\u0119 w nich g\u0142upio \u2013 powiedzia\u0142 gazecie \u201eThe Times\u201d, czym zyska\u0142 zwolennik\u00f3w, ale te\u017c wielu przeciwnik\u00f3w.<\/p>\n<p>Dyskusja dotycz\u0105ca kask\u00f3w w Wielkiej Brytanii rozgorza\u0142a po tym, gdy p\u00f3\u0142 roku temu zgin\u0105\u0142 Peter Fisher, lekarz kr\u00f3lowej El\u017cbiety II. Zosta\u0142 on potr\u0105cony przez ci\u0119\u017car\u00f3wk\u0119. Jecha\u0142 na rowerze i nie mia\u0142 kasku.<\/p>\n<p>Podobnego zdania do Thomasa jest tak\u017ce Bartosz Huzarski, kt\u00f3ry pisze:<\/p>\n<p><em>Swoj\u0105 przygod\u0119 z rowerem zaczyna\u0142em gdy kaski nie by\u0142y obowi\u0105zkowe, wi\u0119c przeszed\u0142em przez proces zmian. Faktycznie jako nastolatek, do osi\u0105gni\u0119cia pe\u0142noletno\u015bci mia\u0142em obowi\u0105zek jazdy w kasku (wewn\u0119trzne przepisy klubowe). Wi\u0119c ka\u017cdy z nas &#8222;m\u0142odych&#8221; czeka\u0142 na ten dzie\u0144 pe\u0142noletno\u015bci by przyjecha\u0107 na trening bez kasku &#8211; bo tak robili starsi. I wydaje mi si\u0119, \u017ce w\u0142a\u015bnie pewna moda i wzorce by\u0142y hamulcem przed wprowadzeniem zmian czy te\u017c zmian\u0105 \u015bwiadomo\u015bci rowerzysty. <\/em><\/p>\n<p><em>Obecnie kask zak\u0142adam zawsze. Moje dzieci s\u0105 tak nauczone, \u017ce nawet je\u017cd\u017c\u0105c po domu na rowerku biegowym m\u00f3j najm\u0142odszy trzyletni syn zak\u0142ada kask. Na osiedlu na kt\u00f3rym mieszkam coraz wi\u0119cej dzieciak\u00f3w u\u017cywa kask\u00f3w. To dobrze, \u017cycie pokazuje, \u017ce nawet zawodowcy pope\u0142niaj\u0105 \u015bmiertelne w skutkach b\u0142\u0119dy, to gdzie dopiero amatorzy. I nie zawsze chodzi o pr\u0119dko\u015b\u0107 gdy\u017c taki Andriej Kikiliew nie jecha\u0142 szybko, tylko upad\u0142 pechowo. <\/em><\/p>\n<p>Po drugiej stronie barykady znajduje si\u0119 np. Chris Boardman, mistrz olimpijski z Barcelony. &#8211; My\u015bl\u0119, \u017ce zak\u0142adanie kasku nie jest nawet w pierwszej \u201edziesi\u0105tce\u201d rzeczy, kt\u00f3re powinien robi\u0107 rowerzysta, by by\u0107 bezpiecznym na drodze \u2013 powiedzia\u0142 portalowi road.cc.<\/p>\n<p>Naukowcy i rowerowi entuzja\u015bci od lat spieraj\u0105 si\u0119 o to, czy kask rowerowy powinien by\u0107 obowi\u0105zkowy, pisali\u015bmy o tym tutaj: <a href=\"https:\/\/www.welovecycling.com\/pl\/2018\/12\/12\/najwazniejsze-pytanie-w-kasku-czy-bez-kasku\/\">https:\/\/www.welovecycling.com\/pl\/2018\/12\/12\/najwazniejsze-pytanie-w-kasku-czy-bez-kasku\/<\/a><\/p>\n<p>Do tej pory obowi\u0105zek noszenia kasku wprowadzono w Finlandii, Argentynie, Nowej Zelandii, RPA, Australii i cz\u0119\u015bci Kanady. Wi\u0119cej pa\u0144stw wymaga, by w kasku je\u017adzi\u0142y dzieci.<\/p>\n<p>Dla zwolennik\u00f3w kask\u00f3w We Love Cycling przygotowa\u0142 zestawienie porz\u0105dnych, ale niedrogich kask\u00f3w rowerowych, kt\u00f3re znajdziecie poni\u017cej: <a href=\"https:\/\/www.welovecycling.com\/pl\/2018\/06\/05\/pogodzic-jakosc-i-cene-czyli-porzadne-ale-niedrogie-kaski-rowerowe\/\">https:\/\/www.welovecycling.com\/pl\/2018\/06\/05\/pogodzic-jakosc-i-cene-czyli-porzadne-ale-niedrogie-kaski-rowerowe\/<\/a><\/p>\n<p>Artyku\u0142 powsta\u0142 we wsp\u00f3\u0142pracy ze\u00a0<a href=\"http:\/\/www.skoda-auto.pl\/\">skoda-auto.pl<\/a><\/p>\n","protected":false},"excerpt":{"rendered":"<p>Musia\u0142a wydarzy\u0107 si\u0119 tragedia, by zawodowi kolarze obowi\u0105zkowo zacz\u0119li zak\u0142ada\u0107 kaski. \u2013 A moim zdaniem to powinien by\u0107 obowi\u0105zek wszystkich [&hellip;]<\/p>\n","protected":false},"author":76,"featured_media":8551,"comment_status":"open","ping_status":"open","sticky":false,"template":"","format":"standard","meta":{"footnotes":""},"categories":[7],"tags":[],"global-categories":[],"class_list":["post-8581","post","type-post","status-publish","format-standard","has-post-thumbnail","hentry","category-bezpieczenstwo"],"yoast_head":"<!-- This site is optimized with the Yoast SEO Premium plugin v25.3 (Yoast SEO v25.9) - https:\/\/yoast.com\/wordpress\/plugins\/seo\/ -->\n<title>Bitwa o rowerowy kask! Zawodowc\u00f3w zmusi\u0142a tragedia, a co z amatorami? - \u0160koda We Love Cycling - Poland<\/title>\n<meta name=\"robots\" content=\"index, follow, max-snippet:-1, max-image-preview:large, max-video-preview:-1\" \/>\n<link rel=\"canonical\" href=\"https:\/\/www.welovecycling.com\/pl\/2019\/02\/25\/bitwa-o-rowerowy-kask-zawodowcow-zmusila-tragedia-a-co-z-amatorami\/\" \/>\n<meta property=\"og:locale\" content=\"pl_PL\" \/>\n<meta property=\"og:type\" content=\"article\" \/>\n<meta property=\"og:title\" content=\"Bitwa o rowerowy kask! Zawodowc\u00f3w zmusi\u0142a tragedia, a co z amatorami?\" \/>\n<meta property=\"og:description\" content=\"Musia\u0142a wydarzy\u0107 si\u0119 tragedia, by zawodowi kolarze obowi\u0105zkowo zacz\u0119li zak\u0142ada\u0107 kaski. \u2013 A moim zdaniem to powinien by\u0107 obowi\u0105zek wszystkich [&hellip;]\" \/>\n<meta property=\"og:url\" content=\"https:\/\/www.welovecycling.com\/pl\/2019\/02\/25\/bitwa-o-rowerowy-kask-zawodowcow-zmusila-tragedia-a-co-z-amatorami\/\" \/>\n<meta property=\"og:site_name\" content=\"\u0160koda We Love Cycling - Poland\" \/>\n<meta property=\"article:published_time\" content=\"2019-02-25T15:11:49+00:00\" \/>\n<meta property=\"og:image\" content=\"https:\/\/d2p6e6u75xmxt8.cloudfront.net\/5\/2019\/02\/cycling-crash-profimedia-0381915990-1024x450.jpg\" \/>\n\t<meta property=\"og:image:width\" content=\"1024\" \/>\n\t<meta property=\"og:image:height\" content=\"450\" \/>\n\t<meta property=\"og:image:type\" content=\"image\/jpeg\" \/>\n<meta name=\"author\" content=\"piotrboczkowski\" \/>\n<meta name=\"twitter:card\" content=\"summary_large_image\" \/>\n<meta name=\"twitter:label1\" content=\"Written by\" \/>\n\t<meta name=\"twitter:data1\" content=\"Piotr Jawor\" \/>\n\t<meta name=\"twitter:label2\" content=\"Est. reading time\" \/>\n\t<meta name=\"twitter:data2\" content=\"4\" \/>\n<script type=\"application\/ld+json\" class=\"yoast-schema-graph\">{\"@context\":\"https:\/\/schema.org\",\"@graph\":[{\"@type\":\"WebPage\",\"@id\":\"https:\/\/www.welovecycling.com\/pl\/2019\/02\/25\/bitwa-o-rowerowy-kask-zawodowcow-zmusila-tragedia-a-co-z-amatorami\/\",\"url\":\"https:\/\/www.welovecycling.com\/pl\/2019\/02\/25\/bitwa-o-rowerowy-kask-zawodowcow-zmusila-tragedia-a-co-z-amatorami\/\",\"name\":\"Bitwa o rowerowy kask! Zawodowc\u00f3w zmusi\u0142a tragedia, a co z amatorami? - \u0160koda We Love Cycling - Poland\",\"isPartOf\":{\"@id\":\"https:\/\/www.welovecycling.com\/pl\/#website\"},\"primaryImageOfPage\":{\"@id\":\"https:\/\/www.welovecycling.com\/pl\/2019\/02\/25\/bitwa-o-rowerowy-kask-zawodowcow-zmusila-tragedia-a-co-z-amatorami\/#primaryimage\"},\"image\":{\"@id\":\"https:\/\/www.welovecycling.com\/pl\/2019\/02\/25\/bitwa-o-rowerowy-kask-zawodowcow-zmusila-tragedia-a-co-z-amatorami\/#primaryimage\"},\"thumbnailUrl\":\"https:\/\/d2p6e6u75xmxt8.cloudfront.net\/5\/2019\/02\/cycling-crash-profimedia-0381915990-1024x450.jpg\",\"datePublished\":\"2019-02-25T15:11:49+00:00\",\"author\":{\"@id\":\"https:\/\/www.welovecycling.com\/pl\/#\/schema\/person\/0dba2d39da943db9df3fd8f4687e7f23\"},\"breadcrumb\":{\"@id\":\"https:\/\/www.welovecycling.com\/pl\/2019\/02\/25\/bitwa-o-rowerowy-kask-zawodowcow-zmusila-tragedia-a-co-z-amatorami\/#breadcrumb\"},\"inLanguage\":\"pl-PL\",\"potentialAction\":[{\"@type\":\"ReadAction\",\"target\":[\"https:\/\/www.welovecycling.com\/pl\/2019\/02\/25\/bitwa-o-rowerowy-kask-zawodowcow-zmusila-tragedia-a-co-z-amatorami\/\"]}]},{\"@type\":\"ImageObject\",\"inLanguage\":\"pl-PL\",\"@id\":\"https:\/\/www.welovecycling.com\/pl\/2019\/02\/25\/bitwa-o-rowerowy-kask-zawodowcow-zmusila-tragedia-a-co-z-amatorami\/#primaryimage\",\"url\":\"https:\/\/d2p6e6u75xmxt8.cloudfront.net\/5\/2019\/02\/cycling-crash-profimedia-0381915990-1024x450.jpg\",\"contentUrl\":\"https:\/\/d2p6e6u75xmxt8.cloudfront.net\/5\/2019\/02\/cycling-crash-profimedia-0381915990-1024x450.jpg\",\"width\":1024,\"height\":450},{\"@type\":\"BreadcrumbList\",\"@id\":\"https:\/\/www.welovecycling.com\/pl\/2019\/02\/25\/bitwa-o-rowerowy-kask-zawodowcow-zmusila-tragedia-a-co-z-amatorami\/#breadcrumb\",\"itemListElement\":[{\"@type\":\"ListItem\",\"position\":1,\"name\":\"Home\",\"item\":\"https:\/\/www.welovecycling.com\/pl\/\"},{\"@type\":\"ListItem\",\"position\":2,\"name\":\"Bitwa o rowerowy kask! Zawodowc\u00f3w zmusi\u0142a tragedia, a co z amatorami?\"}]},{\"@type\":\"WebSite\",\"@id\":\"https:\/\/www.welovecycling.com\/pl\/#website\",\"url\":\"https:\/\/www.welovecycling.com\/pl\/\",\"name\":\"\u0160koda We Love Cycling - Poland\",\"description\":\"\",\"potentialAction\":[{\"@type\":\"SearchAction\",\"target\":{\"@type\":\"EntryPoint\",\"urlTemplate\":\"https:\/\/www.welovecycling.com\/pl\/?s={search_term_string}\"},\"query-input\":{\"@type\":\"PropertyValueSpecification\",\"valueRequired\":true,\"valueName\":\"search_term_string\"}}],\"inLanguage\":\"pl-PL\"},{\"@type\":\"Person\",\"@id\":\"https:\/\/www.welovecycling.com\/pl\/#\/schema\/person\/0dba2d39da943db9df3fd8f4687e7f23\",\"name\":\"piotrboczkowski\",\"image\":{\"@type\":\"ImageObject\",\"inLanguage\":\"pl-PL\",\"@id\":\"https:\/\/www.welovecycling.com\/pl\/#\/schema\/person\/image\/\",\"url\":\"https:\/\/secure.gravatar.com\/avatar\/533caccae14752e03a2ce2d3fd62d1b98b93e1393c3195c27819e53344ca1ace?s=96&d=mm&r=g\",\"contentUrl\":\"https:\/\/secure.gravatar.com\/avatar\/533caccae14752e03a2ce2d3fd62d1b98b93e1393c3195c27819e53344ca1ace?s=96&d=mm&r=g\",\"caption\":\"piotrboczkowski\"},\"url\":\"https:\/\/www.welovecycling.com\/pl\/author\/piotrboczkowski\/\"}]}<\/script>\n<!-- \/ Yoast SEO Premium plugin. -->","yoast_head_json":{"title":"Bitwa o rowerowy kask! Zawodowc\u00f3w zmusi\u0142a tragedia, a co z amatorami? - \u0160koda We Love Cycling - Poland","robots":{"index":"index","follow":"follow","max-snippet":"max-snippet:-1","max-image-preview":"max-image-preview:large","max-video-preview":"max-video-preview:-1"},"canonical":"https:\/\/www.welovecycling.com\/pl\/2019\/02\/25\/bitwa-o-rowerowy-kask-zawodowcow-zmusila-tragedia-a-co-z-amatorami\/","og_locale":"pl_PL","og_type":"article","og_title":"Bitwa o rowerowy kask! Zawodowc\u00f3w zmusi\u0142a tragedia, a co z amatorami?","og_description":"Musia\u0142a wydarzy\u0107 si\u0119 tragedia, by zawodowi kolarze obowi\u0105zkowo zacz\u0119li zak\u0142ada\u0107 kaski. \u2013 A moim zdaniem to powinien by\u0107 obowi\u0105zek wszystkich [&hellip;]","og_url":"https:\/\/www.welovecycling.com\/pl\/2019\/02\/25\/bitwa-o-rowerowy-kask-zawodowcow-zmusila-tragedia-a-co-z-amatorami\/","og_site_name":"\u0160koda We Love Cycling - Poland","article_published_time":"2019-02-25T15:11:49+00:00","og_image":[{"width":1024,"height":450,"url":"https:\/\/d2p6e6u75xmxt8.cloudfront.net\/5\/2019\/02\/cycling-crash-profimedia-0381915990-1024x450.jpg","type":"image\/jpeg"}],"author":"piotrboczkowski","twitter_card":"summary_large_image","twitter_misc":{"Written by":"Piotr Jawor","Est. reading time":"4"},"schema":{"@context":"https:\/\/schema.org","@graph":[{"@type":"WebPage","@id":"https:\/\/www.welovecycling.com\/pl\/2019\/02\/25\/bitwa-o-rowerowy-kask-zawodowcow-zmusila-tragedia-a-co-z-amatorami\/","url":"https:\/\/www.welovecycling.com\/pl\/2019\/02\/25\/bitwa-o-rowerowy-kask-zawodowcow-zmusila-tragedia-a-co-z-amatorami\/","name":"Bitwa o rowerowy kask! Zawodowc\u00f3w zmusi\u0142a tragedia, a co z amatorami? - \u0160koda We Love Cycling - Poland","isPartOf":{"@id":"https:\/\/www.welovecycling.com\/pl\/#website"},"primaryImageOfPage":{"@id":"https:\/\/www.welovecycling.com\/pl\/2019\/02\/25\/bitwa-o-rowerowy-kask-zawodowcow-zmusila-tragedia-a-co-z-amatorami\/#primaryimage"},"image":{"@id":"https:\/\/www.welovecycling.com\/pl\/2019\/02\/25\/bitwa-o-rowerowy-kask-zawodowcow-zmusila-tragedia-a-co-z-amatorami\/#primaryimage"},"thumbnailUrl":"https:\/\/d2p6e6u75xmxt8.cloudfront.net\/5\/2019\/02\/cycling-crash-profimedia-0381915990-1024x450.jpg","datePublished":"2019-02-25T15:11:49+00:00","author":{"@id":"https:\/\/www.welovecycling.com\/pl\/#\/schema\/person\/0dba2d39da943db9df3fd8f4687e7f23"},"breadcrumb":{"@id":"https:\/\/www.welovecycling.com\/pl\/2019\/02\/25\/bitwa-o-rowerowy-kask-zawodowcow-zmusila-tragedia-a-co-z-amatorami\/#breadcrumb"},"inLanguage":"pl-PL","potentialAction":[{"@type":"ReadAction","target":["https:\/\/www.welovecycling.com\/pl\/2019\/02\/25\/bitwa-o-rowerowy-kask-zawodowcow-zmusila-tragedia-a-co-z-amatorami\/"]}]},{"@type":"ImageObject","inLanguage":"pl-PL","@id":"https:\/\/www.welovecycling.com\/pl\/2019\/02\/25\/bitwa-o-rowerowy-kask-zawodowcow-zmusila-tragedia-a-co-z-amatorami\/#primaryimage","url":"https:\/\/d2p6e6u75xmxt8.cloudfront.net\/5\/2019\/02\/cycling-crash-profimedia-0381915990-1024x450.jpg","contentUrl":"https:\/\/d2p6e6u75xmxt8.cloudfront.net\/5\/2019\/02\/cycling-crash-profimedia-0381915990-1024x450.jpg","width":1024,"height":450},{"@type":"BreadcrumbList","@id":"https:\/\/www.welovecycling.com\/pl\/2019\/02\/25\/bitwa-o-rowerowy-kask-zawodowcow-zmusila-tragedia-a-co-z-amatorami\/#breadcrumb","itemListElement":[{"@type":"ListItem","position":1,"name":"Home","item":"https:\/\/www.welovecycling.com\/pl\/"},{"@type":"ListItem","position":2,"name":"Bitwa o rowerowy kask! Zawodowc\u00f3w zmusi\u0142a tragedia, a co z amatorami?"}]},{"@type":"WebSite","@id":"https:\/\/www.welovecycling.com\/pl\/#website","url":"https:\/\/www.welovecycling.com\/pl\/","name":"\u0160koda We Love Cycling - Poland","description":"","potentialAction":[{"@type":"SearchAction","target":{"@type":"EntryPoint","urlTemplate":"https:\/\/www.welovecycling.com\/pl\/?s={search_term_string}"},"query-input":{"@type":"PropertyValueSpecification","valueRequired":true,"valueName":"search_term_string"}}],"inLanguage":"pl-PL"},{"@type":"Person","@id":"https:\/\/www.welovecycling.com\/pl\/#\/schema\/person\/0dba2d39da943db9df3fd8f4687e7f23","name":"piotrboczkowski","image":{"@type":"ImageObject","inLanguage":"pl-PL","@id":"https:\/\/www.welovecycling.com\/pl\/#\/schema\/person\/image\/","url":"https:\/\/secure.gravatar.com\/avatar\/533caccae14752e03a2ce2d3fd62d1b98b93e1393c3195c27819e53344ca1ace?s=96&d=mm&r=g","contentUrl":"https:\/\/secure.gravatar.com\/avatar\/533caccae14752e03a2ce2d3fd62d1b98b93e1393c3195c27819e53344ca1ace?s=96&d=mm&r=g","caption":"piotrboczkowski"},"url":"https:\/\/www.welovecycling.com\/pl\/author\/piotrboczkowski\/"}]}},"_links":{"self":[{"href":"https:\/\/www.welovecycling.com\/pl\/wp-json\/wp\/v2\/posts\/8581","targetHints":{"allow":["GET"]}}],"collection":[{"href":"https:\/\/www.welovecycling.com\/pl\/wp-json\/wp\/v2\/posts"}],"about":[{"href":"https:\/\/www.welovecycling.com\/pl\/wp-json\/wp\/v2\/types\/post"}],"author":[{"embeddable":true,"href":"https:\/\/www.welovecycling.com\/pl\/wp-json\/wp\/v2\/users\/76"}],"replies":[{"embeddable":true,"href":"https:\/\/www.welovecycling.com\/pl\/wp-json\/wp\/v2\/comments?post=8581"}],"version-history":[{"count":1,"href":"https:\/\/www.welovecycling.com\/pl\/wp-json\/wp\/v2\/posts\/8581\/revisions"}],"predecessor-version":[{"id":8582,"href":"https:\/\/www.welovecycling.com\/pl\/wp-json\/wp\/v2\/posts\/8581\/revisions\/8582"}],"wp:featuredmedia":[{"embeddable":true,"href":"https:\/\/www.welovecycling.com\/pl\/wp-json\/wp\/v2\/media\/8551"}],"wp:attachment":[{"href":"https:\/\/www.welovecycling.com\/pl\/wp-json\/wp\/v2\/media?parent=8581"}],"wp:term":[{"taxonomy":"category","embeddable":true,"href":"https:\/\/www.welovecycling.com\/pl\/wp-json\/wp\/v2\/categories?post=8581"},{"taxonomy":"post_tag","embeddable":true,"href":"https:\/\/www.welovecycling.com\/pl\/wp-json\/wp\/v2\/tags?post=8581"},{"taxonomy":"global-categories","embeddable":true,"href":"https:\/\/www.welovecycling.com\/pl\/wp-json\/wp\/v2\/global-categories?post=8581"}],"curies":[{"name":"wp","href":"https:\/\/api.w.org\/{rel}","templated":true}]}}