{"id":8553,"date":"2019-02-22T12:12:05","date_gmt":"2019-02-22T12:12:05","guid":{"rendered":"https:\/\/www.welovecycling.com\/pl\/?p=8553"},"modified":"2019-02-25T07:43:47","modified_gmt":"2019-02-25T07:43:47","slug":"sluchawki-a-jazda-na-rowerze","status":"publish","type":"post","link":"https:\/\/www.welovecycling.com\/pl\/2019\/02\/22\/sluchawki-a-jazda-na-rowerze\/","title":{"rendered":"S\u0142uchawki a jazda na rowerze"},"content":{"rendered":"<p><strong>Zawodowi kolarze u\u017cywaj\u0105 s\u0142uchawek, kiedy jad\u0105 w peletonie. Czy powiniene\u015b bra\u0107 z nich przyk\u0142ad? Sprawd\u017amy to.<\/strong><\/p>\n<p>&nbsp;<\/p>\n<p><strong><span style=\"font-size: 18pt;\">D\u017awi\u0119ki to cz\u0119\u015b\u0107 do\u015bwiadczenia<\/span><\/strong><\/p>\n<p>Jest lato, sz\u00f3sta rano, wybra\u0142e\u015b si\u0119 na rower, \u017ceby cieszy\u0107 si\u0119 samotn\u0105 przeja\u017cd\u017ck\u0105. Tw\u00f3j oddech \u0142\u0105czy si\u0119 z delikatnym szumem czystego i \u015bwie\u017co nasmarowanego \u0142a\u0144cucha, a przerywane jest to sporadycznymi, charakterystycznymi klikni\u0119ciami zmiany bieg\u00f3w. Cieszysz si\u0119 tak\u0105 porann\u0105 \u201emuzyk\u0105\u201d?<\/p>\n<div class=\"embed-controller-wrapper\">\n<div class=\"embed-wrapper\"><iframe title=\"#PackLightTravelFar | Man\u2019s encounter with mountains\" width=\"500\" height=\"281\" data-src=\"https:\/\/www.youtube.com\/embed\/6kQGpDSD_94?feature=oembed\" frameborder=\"0\" allow=\"accelerometer; autoplay; clipboard-write; encrypted-media; gyroscope; picture-in-picture; web-share\" referrerpolicy=\"strict-origin-when-cross-origin\" allowfullscreen><\/iframe><\/div>\n<\/div>\n<p>Wideo firmy Raphy przypuszczalnie brzmia\u0142oby lepiej bez tego zap\u0119tlonego motywu fortepianowego, ale reszta si\u0119 zgadza: jazda na rowerze brzmi dobrze i warto otworzy\u0107 si\u0119 na te magiczne momenty, gdy s\u0142yszysz rytm jazdy prawie tak mocno, jak go czujesz. S\u0142uchawki nie s\u0105 tutaj potrzebne.<\/p>\n<p>&nbsp;<\/p>\n<p><span style=\"font-size: 18pt;\"><strong>A co z Twoim bezpiecze\u0144stwem?<\/strong><\/span><\/p>\n<p>Kolejnym argumentem przeciwko s\u0142uchawkom jest to, \u017ce ich brak poprawia bezpiecze\u0144stwo. Je\u015bli je\u017adzisz rowerem po mie\u015bcie, powiniene\u015b mie\u0107 oczy i uszy otwarte na wszystko, co dzieje si\u0119 wok\u00f3\u0142 Ciebie. Muzyka w s\u0142uchawkach mo\u017ce Ci w tym przeszkadza\u0107. W ko\u0144cu nie siedzisz w nowoczesnym i bezpiecznym samochodzie, wi\u0119c po co ryzykowa\u0107?<\/p>\n<p>https:\/\/youtu.be\/j4A-w5HkrZA<\/p>\n<p>Firma Pearl Izumi argumentuje, \u017ce s\u0142uchanie muzyki podczas jazdy na rowerze spowalnia czas reakcji i zmniejsza \u015bwiadomo\u015b\u0107 zbli\u017caj\u0105cych si\u0119 samochod\u00f3w. Twierdzi te\u017c, \u017ce niepokoi\u0107 powinni nas zar\u00f3wno roztargnieni kierowcy, jak i rowerzy\u015bci \u2013 i trudno nie przyzna\u0107 tu racji.<\/p>\n<p>&nbsp;<\/p>\n<p><span style=\"font-size: 18pt;\"><strong>By\u0107 w kontakcie<\/strong><\/span><\/p>\n<p>Osobi\u015bcie nie umiem peda\u0142owa\u0107 i jednocze\u015bnie s\u0142ucha\u0107 muzyki, bo od razu pr\u00f3buj\u0119 dostosowa\u0107 swoj\u0105 pr\u0119dko\u015b\u0107 do rytmu, ale zdaj\u0119 sobie spraw\u0119, \u017ce nie ka\u017cdemu muzyka przeszkadza w je\u017adzie. Mimo to lubi\u0119 nosi\u0107 s\u0142uchawki. Kiedy zadzwoni moja \u017cona, odbieram po\u0142\u0105czenie i rozmawiam z ni\u0105 za pomoc\u0105 zestawu s\u0142uchawkowego z Bluetooth.<\/p>\n<div class=\"embed-controller-wrapper\">\n<div class=\"embed-wrapper\"><iframe title=\"BEST Cycling Headphones 2017 Summer Edition \/ For every budget!\" width=\"500\" height=\"281\" data-src=\"https:\/\/www.youtube.com\/embed\/dmZ7wTciFj0?feature=oembed\" frameborder=\"0\" allow=\"accelerometer; autoplay; clipboard-write; encrypted-media; gyroscope; picture-in-picture; web-share\" referrerpolicy=\"strict-origin-when-cross-origin\" allowfullscreen><\/iframe><\/div>\n<\/div>\n<p>Wiem, \u017ce s\u0142uchawki mog\u0105 ogranicza\u0107 moj\u0105 uwa\u017cno\u015b\u0107, wi\u0119c kiedy z nich korzystam, to zwracam uwag\u0119 na to, co dzieje si\u0119 wok\u00f3\u0142 mnie. Muzyki mo\u017cna przecie\u017c s\u0142ucha\u0107 nie tylko na rowerze.<\/p>\n<p><span style=\"font-size: 18pt;\"><strong>Jazda na rowerze to ryzyko dla Twojego s\u0142uchu<\/strong><\/span><\/p>\n<p>Szum wiatru wzrasta proporcjonalnie do pr\u0119dko\u015bci, jak\u0105 rozwijasz na rowerze. I tak przy zaledwie 15 km\/h Twoje uszy nara\u017cone s\u0105 a\u017c na 85 decybeli, a je\u015bli poruszasz si\u0119 w stron\u0119 przeciwn\u0105 do kierunku wiatru \u2013 nawet wi\u0119cej. Tak\u0105 sam\u0105 skal\u0119 g\u0142o\u015bno\u015bci ma na przyk\u0142ad Boeing 737 l\u0105duj\u0105cy w odleg\u0142o\u015bci mili.<\/p>\n<p>https:\/\/youtu.be\/1XUovxiTpVA<\/p>\n<p>Gdy jedziesz rowerem, d\u017awi\u0119ki s\u0142yszysz non stop, a ha\u0142as ro\u015bnie wraz z pr\u0119dko\u015bci\u0105. Rowerzy\u015bci podczas Tour de France s\u0142ysz\u0105 120 dB przy 60-procentowym spadku. Wi\u0119cej na temat zdrowotnych skutk\u00f3w ha\u0142asu przeczytasz <a href=\"https:\/\/www.henryford.com\/news\/2016\/09\/wind-related-noise-experienced-by-cyclists-can-contribute-to-noise-induced-hearing-loss\">tutaj<\/a>.<\/p>\n<p>Reasumuj\u0105c, niezale\u017cnie od tego, czy wybierasz jazd\u0119 ze s\u0142uchawkami, czy bez, zadbaj o swoje bezpiecze\u0144stwo i zdrowie!<\/p>\n<p>Artyku\u0142 powsta\u0142 we wsp\u00f3\u0142pracy ze\u00a0<a href=\"http:\/\/www.skoda-auto.pl\/\">skoda-auto.pl<\/a><\/p>\n","protected":false},"excerpt":{"rendered":"<p>Zawodowi kolarze u\u017cywaj\u0105 s\u0142uchawek, kiedy jad\u0105 w peletonie. Czy powiniene\u015b bra\u0107 z nich przyk\u0142ad? Sprawd\u017amy to. &nbsp; D\u017awi\u0119ki to cz\u0119\u015b\u0107 [&hellip;]<\/p>\n","protected":false},"author":76,"featured_media":8558,"comment_status":"open","ping_status":"open","sticky":false,"template":"","format":"standard","meta":{"footnotes":""},"categories":[7],"tags":[],"global-categories":[],"class_list":["post-8553","post","type-post","status-publish","format-standard","has-post-thumbnail","hentry","category-bezpieczenstwo"],"yoast_head":"<!-- This site is optimized with the Yoast SEO Premium plugin v25.3 (Yoast SEO v25.9) - https:\/\/yoast.com\/wordpress\/plugins\/seo\/ -->\n<title>S\u0142uchawki a jazda na rowerze - \u0160koda We Love Cycling - Poland<\/title>\n<meta name=\"robots\" content=\"index, follow, max-snippet:-1, max-image-preview:large, max-video-preview:-1\" \/>\n<link rel=\"canonical\" href=\"https:\/\/www.welovecycling.com\/pl\/2019\/02\/22\/sluchawki-a-jazda-na-rowerze\/\" \/>\n<meta property=\"og:locale\" content=\"pl_PL\" \/>\n<meta property=\"og:type\" content=\"article\" \/>\n<meta property=\"og:title\" content=\"S\u0142uchawki a jazda na rowerze\" \/>\n<meta property=\"og:description\" content=\"Zawodowi kolarze u\u017cywaj\u0105 s\u0142uchawek, kiedy jad\u0105 w peletonie. Czy powiniene\u015b bra\u0107 z nich przyk\u0142ad? Sprawd\u017amy to. &nbsp; D\u017awi\u0119ki to cz\u0119\u015b\u0107 [&hellip;]\" \/>\n<meta property=\"og:url\" content=\"https:\/\/www.welovecycling.com\/pl\/2019\/02\/22\/sluchawki-a-jazda-na-rowerze\/\" \/>\n<meta property=\"og:site_name\" content=\"\u0160koda We Love Cycling - Poland\" \/>\n<meta property=\"article:published_time\" content=\"2019-02-22T12:12:05+00:00\" \/>\n<meta property=\"article:modified_time\" content=\"2019-02-25T07:43:47+00:00\" \/>\n<meta property=\"og:image\" content=\"https:\/\/d2p6e6u75xmxt8.cloudfront.net\/5\/2019\/02\/Headphones-profimedia-03163753951-1024x450.jpg\" \/>\n\t<meta property=\"og:image:width\" content=\"1024\" \/>\n\t<meta property=\"og:image:height\" content=\"450\" \/>\n\t<meta property=\"og:image:type\" content=\"image\/jpeg\" \/>\n<meta name=\"author\" content=\"piotrboczkowski\" \/>\n<meta name=\"twitter:card\" content=\"summary_large_image\" \/>\n<meta name=\"twitter:label1\" content=\"Written by\" \/>\n\t<meta name=\"twitter:data1\" content=\"Christopher Ashley\" \/>\n\t<meta name=\"twitter:label2\" content=\"Est. reading time\" \/>\n\t<meta name=\"twitter:data2\" content=\"5\" \/>\n<script type=\"application\/ld+json\" class=\"yoast-schema-graph\">{\"@context\":\"https:\/\/schema.org\",\"@graph\":[{\"@type\":\"WebPage\",\"@id\":\"https:\/\/www.welovecycling.com\/pl\/2019\/02\/22\/sluchawki-a-jazda-na-rowerze\/\",\"url\":\"https:\/\/www.welovecycling.com\/pl\/2019\/02\/22\/sluchawki-a-jazda-na-rowerze\/\",\"name\":\"S\u0142uchawki a jazda na rowerze - \u0160koda We Love Cycling - Poland\",\"isPartOf\":{\"@id\":\"https:\/\/www.welovecycling.com\/pl\/#website\"},\"primaryImageOfPage\":{\"@id\":\"https:\/\/www.welovecycling.com\/pl\/2019\/02\/22\/sluchawki-a-jazda-na-rowerze\/#primaryimage\"},\"image\":{\"@id\":\"https:\/\/www.welovecycling.com\/pl\/2019\/02\/22\/sluchawki-a-jazda-na-rowerze\/#primaryimage\"},\"thumbnailUrl\":\"https:\/\/d2p6e6u75xmxt8.cloudfront.net\/5\/2019\/02\/Headphones-profimedia-03163753951-1024x450.jpg\",\"datePublished\":\"2019-02-22T12:12:05+00:00\",\"dateModified\":\"2019-02-25T07:43:47+00:00\",\"author\":{\"@id\":\"https:\/\/www.welovecycling.com\/pl\/#\/schema\/person\/0dba2d39da943db9df3fd8f4687e7f23\"},\"breadcrumb\":{\"@id\":\"https:\/\/www.welovecycling.com\/pl\/2019\/02\/22\/sluchawki-a-jazda-na-rowerze\/#breadcrumb\"},\"inLanguage\":\"pl-PL\",\"potentialAction\":[{\"@type\":\"ReadAction\",\"target\":[\"https:\/\/www.welovecycling.com\/pl\/2019\/02\/22\/sluchawki-a-jazda-na-rowerze\/\"]}]},{\"@type\":\"ImageObject\",\"inLanguage\":\"pl-PL\",\"@id\":\"https:\/\/www.welovecycling.com\/pl\/2019\/02\/22\/sluchawki-a-jazda-na-rowerze\/#primaryimage\",\"url\":\"https:\/\/d2p6e6u75xmxt8.cloudfront.net\/5\/2019\/02\/Headphones-profimedia-03163753951-1024x450.jpg\",\"contentUrl\":\"https:\/\/d2p6e6u75xmxt8.cloudfront.net\/5\/2019\/02\/Headphones-profimedia-03163753951-1024x450.jpg\",\"width\":1024,\"height\":450},{\"@type\":\"BreadcrumbList\",\"@id\":\"https:\/\/www.welovecycling.com\/pl\/2019\/02\/22\/sluchawki-a-jazda-na-rowerze\/#breadcrumb\",\"itemListElement\":[{\"@type\":\"ListItem\",\"position\":1,\"name\":\"Home\",\"item\":\"https:\/\/www.welovecycling.com\/pl\/\"},{\"@type\":\"ListItem\",\"position\":2,\"name\":\"S\u0142uchawki a jazda na rowerze\"}]},{\"@type\":\"WebSite\",\"@id\":\"https:\/\/www.welovecycling.com\/pl\/#website\",\"url\":\"https:\/\/www.welovecycling.com\/pl\/\",\"name\":\"\u0160koda We Love Cycling - Poland\",\"description\":\"\",\"potentialAction\":[{\"@type\":\"SearchAction\",\"target\":{\"@type\":\"EntryPoint\",\"urlTemplate\":\"https:\/\/www.welovecycling.com\/pl\/?s={search_term_string}\"},\"query-input\":{\"@type\":\"PropertyValueSpecification\",\"valueRequired\":true,\"valueName\":\"search_term_string\"}}],\"inLanguage\":\"pl-PL\"},{\"@type\":\"Person\",\"@id\":\"https:\/\/www.welovecycling.com\/pl\/#\/schema\/person\/0dba2d39da943db9df3fd8f4687e7f23\",\"name\":\"piotrboczkowski\",\"image\":{\"@type\":\"ImageObject\",\"inLanguage\":\"pl-PL\",\"@id\":\"https:\/\/www.welovecycling.com\/pl\/#\/schema\/person\/image\/\",\"url\":\"https:\/\/secure.gravatar.com\/avatar\/533caccae14752e03a2ce2d3fd62d1b98b93e1393c3195c27819e53344ca1ace?s=96&d=mm&r=g\",\"contentUrl\":\"https:\/\/secure.gravatar.com\/avatar\/533caccae14752e03a2ce2d3fd62d1b98b93e1393c3195c27819e53344ca1ace?s=96&d=mm&r=g\",\"caption\":\"piotrboczkowski\"},\"url\":\"https:\/\/www.welovecycling.com\/pl\/author\/piotrboczkowski\/\"}]}<\/script>\n<!-- \/ Yoast SEO Premium plugin. -->","yoast_head_json":{"title":"S\u0142uchawki a jazda na rowerze - \u0160koda We Love Cycling - Poland","robots":{"index":"index","follow":"follow","max-snippet":"max-snippet:-1","max-image-preview":"max-image-preview:large","max-video-preview":"max-video-preview:-1"},"canonical":"https:\/\/www.welovecycling.com\/pl\/2019\/02\/22\/sluchawki-a-jazda-na-rowerze\/","og_locale":"pl_PL","og_type":"article","og_title":"S\u0142uchawki a jazda na rowerze","og_description":"Zawodowi kolarze u\u017cywaj\u0105 s\u0142uchawek, kiedy jad\u0105 w peletonie. Czy powiniene\u015b bra\u0107 z nich przyk\u0142ad? Sprawd\u017amy to. &nbsp; D\u017awi\u0119ki to cz\u0119\u015b\u0107 [&hellip;]","og_url":"https:\/\/www.welovecycling.com\/pl\/2019\/02\/22\/sluchawki-a-jazda-na-rowerze\/","og_site_name":"\u0160koda We Love Cycling - Poland","article_published_time":"2019-02-22T12:12:05+00:00","article_modified_time":"2019-02-25T07:43:47+00:00","og_image":[{"width":1024,"height":450,"url":"https:\/\/d2p6e6u75xmxt8.cloudfront.net\/5\/2019\/02\/Headphones-profimedia-03163753951-1024x450.jpg","type":"image\/jpeg"}],"author":"piotrboczkowski","twitter_card":"summary_large_image","twitter_misc":{"Written by":"Christopher Ashley","Est. reading time":"5"},"schema":{"@context":"https:\/\/schema.org","@graph":[{"@type":"WebPage","@id":"https:\/\/www.welovecycling.com\/pl\/2019\/02\/22\/sluchawki-a-jazda-na-rowerze\/","url":"https:\/\/www.welovecycling.com\/pl\/2019\/02\/22\/sluchawki-a-jazda-na-rowerze\/","name":"S\u0142uchawki a jazda na rowerze - \u0160koda We Love Cycling - Poland","isPartOf":{"@id":"https:\/\/www.welovecycling.com\/pl\/#website"},"primaryImageOfPage":{"@id":"https:\/\/www.welovecycling.com\/pl\/2019\/02\/22\/sluchawki-a-jazda-na-rowerze\/#primaryimage"},"image":{"@id":"https:\/\/www.welovecycling.com\/pl\/2019\/02\/22\/sluchawki-a-jazda-na-rowerze\/#primaryimage"},"thumbnailUrl":"https:\/\/d2p6e6u75xmxt8.cloudfront.net\/5\/2019\/02\/Headphones-profimedia-03163753951-1024x450.jpg","datePublished":"2019-02-22T12:12:05+00:00","dateModified":"2019-02-25T07:43:47+00:00","author":{"@id":"https:\/\/www.welovecycling.com\/pl\/#\/schema\/person\/0dba2d39da943db9df3fd8f4687e7f23"},"breadcrumb":{"@id":"https:\/\/www.welovecycling.com\/pl\/2019\/02\/22\/sluchawki-a-jazda-na-rowerze\/#breadcrumb"},"inLanguage":"pl-PL","potentialAction":[{"@type":"ReadAction","target":["https:\/\/www.welovecycling.com\/pl\/2019\/02\/22\/sluchawki-a-jazda-na-rowerze\/"]}]},{"@type":"ImageObject","inLanguage":"pl-PL","@id":"https:\/\/www.welovecycling.com\/pl\/2019\/02\/22\/sluchawki-a-jazda-na-rowerze\/#primaryimage","url":"https:\/\/d2p6e6u75xmxt8.cloudfront.net\/5\/2019\/02\/Headphones-profimedia-03163753951-1024x450.jpg","contentUrl":"https:\/\/d2p6e6u75xmxt8.cloudfront.net\/5\/2019\/02\/Headphones-profimedia-03163753951-1024x450.jpg","width":1024,"height":450},{"@type":"BreadcrumbList","@id":"https:\/\/www.welovecycling.com\/pl\/2019\/02\/22\/sluchawki-a-jazda-na-rowerze\/#breadcrumb","itemListElement":[{"@type":"ListItem","position":1,"name":"Home","item":"https:\/\/www.welovecycling.com\/pl\/"},{"@type":"ListItem","position":2,"name":"S\u0142uchawki a jazda na rowerze"}]},{"@type":"WebSite","@id":"https:\/\/www.welovecycling.com\/pl\/#website","url":"https:\/\/www.welovecycling.com\/pl\/","name":"\u0160koda We Love Cycling - Poland","description":"","potentialAction":[{"@type":"SearchAction","target":{"@type":"EntryPoint","urlTemplate":"https:\/\/www.welovecycling.com\/pl\/?s={search_term_string}"},"query-input":{"@type":"PropertyValueSpecification","valueRequired":true,"valueName":"search_term_string"}}],"inLanguage":"pl-PL"},{"@type":"Person","@id":"https:\/\/www.welovecycling.com\/pl\/#\/schema\/person\/0dba2d39da943db9df3fd8f4687e7f23","name":"piotrboczkowski","image":{"@type":"ImageObject","inLanguage":"pl-PL","@id":"https:\/\/www.welovecycling.com\/pl\/#\/schema\/person\/image\/","url":"https:\/\/secure.gravatar.com\/avatar\/533caccae14752e03a2ce2d3fd62d1b98b93e1393c3195c27819e53344ca1ace?s=96&d=mm&r=g","contentUrl":"https:\/\/secure.gravatar.com\/avatar\/533caccae14752e03a2ce2d3fd62d1b98b93e1393c3195c27819e53344ca1ace?s=96&d=mm&r=g","caption":"piotrboczkowski"},"url":"https:\/\/www.welovecycling.com\/pl\/author\/piotrboczkowski\/"}]}},"_links":{"self":[{"href":"https:\/\/www.welovecycling.com\/pl\/wp-json\/wp\/v2\/posts\/8553","targetHints":{"allow":["GET"]}}],"collection":[{"href":"https:\/\/www.welovecycling.com\/pl\/wp-json\/wp\/v2\/posts"}],"about":[{"href":"https:\/\/www.welovecycling.com\/pl\/wp-json\/wp\/v2\/types\/post"}],"author":[{"embeddable":true,"href":"https:\/\/www.welovecycling.com\/pl\/wp-json\/wp\/v2\/users\/76"}],"replies":[{"embeddable":true,"href":"https:\/\/www.welovecycling.com\/pl\/wp-json\/wp\/v2\/comments?post=8553"}],"version-history":[{"count":2,"href":"https:\/\/www.welovecycling.com\/pl\/wp-json\/wp\/v2\/posts\/8553\/revisions"}],"predecessor-version":[{"id":8580,"href":"https:\/\/www.welovecycling.com\/pl\/wp-json\/wp\/v2\/posts\/8553\/revisions\/8580"}],"wp:featuredmedia":[{"embeddable":true,"href":"https:\/\/www.welovecycling.com\/pl\/wp-json\/wp\/v2\/media\/8558"}],"wp:attachment":[{"href":"https:\/\/www.welovecycling.com\/pl\/wp-json\/wp\/v2\/media?parent=8553"}],"wp:term":[{"taxonomy":"category","embeddable":true,"href":"https:\/\/www.welovecycling.com\/pl\/wp-json\/wp\/v2\/categories?post=8553"},{"taxonomy":"post_tag","embeddable":true,"href":"https:\/\/www.welovecycling.com\/pl\/wp-json\/wp\/v2\/tags?post=8553"},{"taxonomy":"global-categories","embeddable":true,"href":"https:\/\/www.welovecycling.com\/pl\/wp-json\/wp\/v2\/global-categories?post=8553"}],"curies":[{"name":"wp","href":"https:\/\/api.w.org\/{rel}","templated":true}]}}