{"id":8545,"date":"2019-02-20T07:19:13","date_gmt":"2019-02-20T07:19:13","guid":{"rendered":"https:\/\/www.welovecycling.com\/pl\/?p=8545"},"modified":"2019-02-21T07:22:39","modified_gmt":"2019-02-21T07:22:39","slug":"podroz-w-czasie-kiedy-rowerzysci-w-afryce-byli-scigani-przez-lwy","status":"publish","type":"post","link":"https:\/\/www.welovecycling.com\/pl\/2019\/02\/20\/podroz-w-czasie-kiedy-rowerzysci-w-afryce-byli-scigani-przez-lwy\/","title":{"rendered":"Podr\u00f3\u017c w czasie: kiedy rowerzy\u015bci w Afryce byli \u015bcigani przez lwy"},"content":{"rendered":"<p><strong>12 listopada 1898 roku w \u201eIlustrowanych wiadomo\u015bciach policyjnych\u201d ukaza\u0142 si\u0119 sensacyjny artyku\u0142. Opisano w nim niebezpieczn\u0105 przygod\u0119, kt\u00f3ra spotka\u0142a zapalonego rowerzyst\u0119 w\u015br\u00f3d dzikiej przyrody Afryki. Ta historia zdumiewa r\u00f3wnie\u017c dzisiaj.<\/strong><\/p>\n<p>D.C. Robertson mieszka\u0142 na plantacji Gala Estate w Namazi, czyli w dzisiejszym Malawi. W poniedzia\u0142ek 22 sierpnia 1898 r. wraca\u0142 z miasta Blantyre i by\u0142 ju\u017c na ostatnim odcinku podr\u00f3\u017cy do domu. By\u0142o ciemno, \u015bwieci\u0142 tylko ksi\u0119\u017cyc. Robertson zjecha\u0142 z g\u0142\u00f3wnej drogi, zsiad\u0142 z roweru i szed\u0142 \u015bcie\u017ck\u0105 w kierunku swojej plantacji. Mia\u0142 do pokonania bardzo strome wzg\u00f3rze, na kt\u00f3re nie da\u0142o si\u0119 wjecha\u0107 rowerem. Kiedy Robertson pcha\u0142 pojazd pod g\u00f3r\u0119, us\u0142ysza\u0142, jak jakie\u015b zwierz\u0119 przedziera si\u0119 przez pobliskie krzaki. Pocz\u0105tkowo my\u015bla\u0142, \u017ce to antylopa lub baw\u00f3\u0142, ale mimo to czu\u0142 si\u0119 nieswojo. Wsiad\u0142 na rower i ruszy\u0142 z miejsca tak szybko, jak tylko m\u00f3g\u0142. Po kilku sekundach odwa\u017cy\u0142 si\u0119 spojrze\u0107 za siebie i zobaczy\u0142 na \u015bcie\u017cce lwa. Co gorsza, zwierz\u0119 ruszy\u0142o za nim w po\u015bcig. Robertson przyspieszy\u0142 i pr\u00f3bowa\u0142 wspi\u0105\u0107 si\u0119 na wzg\u00f3rze, ale dwukrotnie spad\u0142 z roweru. Zanim w ko\u0144cu uda\u0142o mu si\u0119 wsi\u0105\u015b\u0107 na siode\u0142ko, lew by\u0142 niebezpiecznie blisko niego.<\/p>\n<p><img decoding=\"async\" src=\"https:\/\/d2p6e6u75xmxt8.cloudfront.net\/2\/2019\/01\/The-British-Library-Board.png\" \/><\/p>\n<p>Na szcz\u0119\u015bcie gdy lew zacz\u0105\u0142 sw\u00f3j po\u015bcig, Robertson by\u0142 ju\u017c prawie na szczycie i zdo\u0142a\u0142 go pokona\u0107, zanim zwierz\u0119 go dopad\u0142o. Lew by\u0142 jednak ca\u0142y czas tu\u017c za nim, wi\u0119c kiedy w odleg\u0142o\u015bci oko\u0142o 200 jard\u00f3w Robertson zobaczy\u0142 otwarty przepust, nie mia\u0142 innego wyj\u015bcia, jak tylko tam wjecha\u0107. Si\u0142a uderzenia wyrzuci\u0142a Robertsona wysoko z siode\u0142ka, ale nie z roweru. Pechowemu rowerzy\u015bcie uda\u0142o si\u0119 w ko\u0144cu przedosta\u0107 na drug\u0105 stron\u0119.<\/p>\n<p>Przedni widelec, kt\u00f3ry przekr\u0119ci\u0142 si\u0119 po zderzeniu, utrudnia\u0142 jazd\u0119, ale plantator zignorowa\u0142 to i ruszy\u0142 dalej. Wkr\u00f3tce dotar\u0142 do prostej drogi i przyspieszy\u0142 z ca\u0142ych si\u0142. Odetchn\u0105\u0142 z ulg\u0105, bo odg\u0142osy wydawane przez lwa ucich\u0142y, a jemu uda\u0142o si\u0119 szcz\u0119\u015bliwie dotrze\u0107 do domu. Robertson wr\u00f3ci\u0142 nast\u0119pnego dnia, \u017ceby sprawdzi\u0107, kiedy dok\u0142adnie lew zrezygnowa\u0142 z pogoni. Jego zdaniem zwierz\u0119 bieg\u0142o za nim przez dwie mile i zatrzyma\u0142o si\u0119 zaraz po jego szalonym manewrze przy przepu\u015bcie.<\/p>\n<p>&nbsp;<\/p>\n<p>\u201eNigdy wi\u0119cej jazdy w blasku ksi\u0119\u017cyca\u201d, powiedzia\u0142 prasie ju\u017c po wszystkim Robertson.<\/p>\n<p>Artyku\u0142 powsta\u0142 we wsp\u00f3\u0142pracy ze\u00a0<a href=\"http:\/\/www.skoda-auto.pl\/\">skoda-auto.pl<\/a><\/p>\n","protected":false},"excerpt":{"rendered":"<p>12 listopada 1898 roku w \u201eIlustrowanych wiadomo\u015bciach policyjnych\u201d ukaza\u0142 si\u0119 sensacyjny artyku\u0142. Opisano w nim niebezpieczn\u0105 przygod\u0119, kt\u00f3ra spotka\u0142a zapalonego [&hellip;]<\/p>\n","protected":false},"author":76,"featured_media":8546,"comment_status":"open","ping_status":"open","sticky":false,"template":"","format":"standard","meta":{"footnotes":""},"categories":[226],"tags":[],"global-categories":[],"class_list":["post-8545","post","type-post","status-publish","format-standard","has-post-thumbnail","hentry","category-ciekawostki"],"yoast_head":"<!-- This site is optimized with the Yoast SEO Premium plugin v25.3 (Yoast SEO v25.9) - https:\/\/yoast.com\/wordpress\/plugins\/seo\/ -->\n<title>Podr\u00f3\u017c w czasie: kiedy rowerzy\u015bci w Afryce byli \u015bcigani przez lwy - \u0160koda We Love Cycling - Poland<\/title>\n<meta name=\"robots\" content=\"index, follow, max-snippet:-1, max-image-preview:large, max-video-preview:-1\" \/>\n<link rel=\"canonical\" href=\"https:\/\/www.welovecycling.com\/pl\/2019\/02\/20\/podroz-w-czasie-kiedy-rowerzysci-w-afryce-byli-scigani-przez-lwy\/\" \/>\n<meta property=\"og:locale\" content=\"pl_PL\" \/>\n<meta property=\"og:type\" content=\"article\" \/>\n<meta property=\"og:title\" content=\"Podr\u00f3\u017c w czasie: kiedy rowerzy\u015bci w Afryce byli \u015bcigani przez lwy\" \/>\n<meta property=\"og:description\" content=\"12 listopada 1898 roku w \u201eIlustrowanych wiadomo\u015bciach policyjnych\u201d ukaza\u0142 si\u0119 sensacyjny artyku\u0142. Opisano w nim niebezpieczn\u0105 przygod\u0119, kt\u00f3ra spotka\u0142a zapalonego [&hellip;]\" \/>\n<meta property=\"og:url\" content=\"https:\/\/www.welovecycling.com\/pl\/2019\/02\/20\/podroz-w-czasie-kiedy-rowerzysci-w-afryce-byli-scigani-przez-lwy\/\" \/>\n<meta property=\"og:site_name\" content=\"\u0160koda We Love Cycling - Poland\" \/>\n<meta property=\"article:published_time\" content=\"2019-02-20T07:19:13+00:00\" \/>\n<meta property=\"article:modified_time\" content=\"2019-02-21T07:22:39+00:00\" \/>\n<meta property=\"og:image\" content=\"https:\/\/d2p6e6u75xmxt8.cloudfront.net\/5\/2019\/02\/LionCVR-1024x450.jpg\" \/>\n\t<meta property=\"og:image:width\" content=\"1024\" \/>\n\t<meta property=\"og:image:height\" content=\"450\" \/>\n\t<meta property=\"og:image:type\" content=\"image\/jpeg\" \/>\n<meta name=\"author\" content=\"piotrboczkowski\" \/>\n<meta name=\"twitter:card\" content=\"summary_large_image\" \/>\n<meta name=\"twitter:label1\" content=\"Written by\" \/>\n\t<meta name=\"twitter:data1\" content=\"Monica Buck\" \/>\n\t<meta name=\"twitter:label2\" content=\"Est. reading time\" \/>\n\t<meta name=\"twitter:data2\" content=\"2 minutes\" \/>\n<script type=\"application\/ld+json\" class=\"yoast-schema-graph\">{\"@context\":\"https:\/\/schema.org\",\"@graph\":[{\"@type\":\"WebPage\",\"@id\":\"https:\/\/www.welovecycling.com\/pl\/2019\/02\/20\/podroz-w-czasie-kiedy-rowerzysci-w-afryce-byli-scigani-przez-lwy\/\",\"url\":\"https:\/\/www.welovecycling.com\/pl\/2019\/02\/20\/podroz-w-czasie-kiedy-rowerzysci-w-afryce-byli-scigani-przez-lwy\/\",\"name\":\"Podr\u00f3\u017c w czasie: kiedy rowerzy\u015bci w Afryce byli \u015bcigani przez lwy - \u0160koda We Love Cycling - Poland\",\"isPartOf\":{\"@id\":\"https:\/\/www.welovecycling.com\/pl\/#website\"},\"primaryImageOfPage\":{\"@id\":\"https:\/\/www.welovecycling.com\/pl\/2019\/02\/20\/podroz-w-czasie-kiedy-rowerzysci-w-afryce-byli-scigani-przez-lwy\/#primaryimage\"},\"image\":{\"@id\":\"https:\/\/www.welovecycling.com\/pl\/2019\/02\/20\/podroz-w-czasie-kiedy-rowerzysci-w-afryce-byli-scigani-przez-lwy\/#primaryimage\"},\"thumbnailUrl\":\"https:\/\/d2p6e6u75xmxt8.cloudfront.net\/5\/2019\/02\/LionCVR-1024x450.jpg\",\"datePublished\":\"2019-02-20T07:19:13+00:00\",\"dateModified\":\"2019-02-21T07:22:39+00:00\",\"author\":{\"@id\":\"https:\/\/www.welovecycling.com\/pl\/#\/schema\/person\/0dba2d39da943db9df3fd8f4687e7f23\"},\"breadcrumb\":{\"@id\":\"https:\/\/www.welovecycling.com\/pl\/2019\/02\/20\/podroz-w-czasie-kiedy-rowerzysci-w-afryce-byli-scigani-przez-lwy\/#breadcrumb\"},\"inLanguage\":\"pl-PL\",\"potentialAction\":[{\"@type\":\"ReadAction\",\"target\":[\"https:\/\/www.welovecycling.com\/pl\/2019\/02\/20\/podroz-w-czasie-kiedy-rowerzysci-w-afryce-byli-scigani-przez-lwy\/\"]}]},{\"@type\":\"ImageObject\",\"inLanguage\":\"pl-PL\",\"@id\":\"https:\/\/www.welovecycling.com\/pl\/2019\/02\/20\/podroz-w-czasie-kiedy-rowerzysci-w-afryce-byli-scigani-przez-lwy\/#primaryimage\",\"url\":\"https:\/\/d2p6e6u75xmxt8.cloudfront.net\/5\/2019\/02\/LionCVR-1024x450.jpg\",\"contentUrl\":\"https:\/\/d2p6e6u75xmxt8.cloudfront.net\/5\/2019\/02\/LionCVR-1024x450.jpg\",\"width\":1024,\"height\":450},{\"@type\":\"BreadcrumbList\",\"@id\":\"https:\/\/www.welovecycling.com\/pl\/2019\/02\/20\/podroz-w-czasie-kiedy-rowerzysci-w-afryce-byli-scigani-przez-lwy\/#breadcrumb\",\"itemListElement\":[{\"@type\":\"ListItem\",\"position\":1,\"name\":\"Home\",\"item\":\"https:\/\/www.welovecycling.com\/pl\/\"},{\"@type\":\"ListItem\",\"position\":2,\"name\":\"Podr\u00f3\u017c w czasie: kiedy rowerzy\u015bci w Afryce byli \u015bcigani przez lwy\"}]},{\"@type\":\"WebSite\",\"@id\":\"https:\/\/www.welovecycling.com\/pl\/#website\",\"url\":\"https:\/\/www.welovecycling.com\/pl\/\",\"name\":\"\u0160koda We Love Cycling - Poland\",\"description\":\"\",\"potentialAction\":[{\"@type\":\"SearchAction\",\"target\":{\"@type\":\"EntryPoint\",\"urlTemplate\":\"https:\/\/www.welovecycling.com\/pl\/?s={search_term_string}\"},\"query-input\":{\"@type\":\"PropertyValueSpecification\",\"valueRequired\":true,\"valueName\":\"search_term_string\"}}],\"inLanguage\":\"pl-PL\"},{\"@type\":\"Person\",\"@id\":\"https:\/\/www.welovecycling.com\/pl\/#\/schema\/person\/0dba2d39da943db9df3fd8f4687e7f23\",\"name\":\"piotrboczkowski\",\"image\":{\"@type\":\"ImageObject\",\"inLanguage\":\"pl-PL\",\"@id\":\"https:\/\/www.welovecycling.com\/pl\/#\/schema\/person\/image\/\",\"url\":\"https:\/\/secure.gravatar.com\/avatar\/533caccae14752e03a2ce2d3fd62d1b98b93e1393c3195c27819e53344ca1ace?s=96&d=mm&r=g\",\"contentUrl\":\"https:\/\/secure.gravatar.com\/avatar\/533caccae14752e03a2ce2d3fd62d1b98b93e1393c3195c27819e53344ca1ace?s=96&d=mm&r=g\",\"caption\":\"piotrboczkowski\"},\"url\":\"https:\/\/www.welovecycling.com\/pl\/author\/piotrboczkowski\/\"}]}<\/script>\n<!-- \/ Yoast SEO Premium plugin. -->","yoast_head_json":{"title":"Podr\u00f3\u017c w czasie: kiedy rowerzy\u015bci w Afryce byli \u015bcigani przez lwy - \u0160koda We Love Cycling - Poland","robots":{"index":"index","follow":"follow","max-snippet":"max-snippet:-1","max-image-preview":"max-image-preview:large","max-video-preview":"max-video-preview:-1"},"canonical":"https:\/\/www.welovecycling.com\/pl\/2019\/02\/20\/podroz-w-czasie-kiedy-rowerzysci-w-afryce-byli-scigani-przez-lwy\/","og_locale":"pl_PL","og_type":"article","og_title":"Podr\u00f3\u017c w czasie: kiedy rowerzy\u015bci w Afryce byli \u015bcigani przez lwy","og_description":"12 listopada 1898 roku w \u201eIlustrowanych wiadomo\u015bciach policyjnych\u201d ukaza\u0142 si\u0119 sensacyjny artyku\u0142. Opisano w nim niebezpieczn\u0105 przygod\u0119, kt\u00f3ra spotka\u0142a zapalonego [&hellip;]","og_url":"https:\/\/www.welovecycling.com\/pl\/2019\/02\/20\/podroz-w-czasie-kiedy-rowerzysci-w-afryce-byli-scigani-przez-lwy\/","og_site_name":"\u0160koda We Love Cycling - Poland","article_published_time":"2019-02-20T07:19:13+00:00","article_modified_time":"2019-02-21T07:22:39+00:00","og_image":[{"width":1024,"height":450,"url":"https:\/\/d2p6e6u75xmxt8.cloudfront.net\/5\/2019\/02\/LionCVR-1024x450.jpg","type":"image\/jpeg"}],"author":"piotrboczkowski","twitter_card":"summary_large_image","twitter_misc":{"Written by":"Monica Buck","Est. reading time":"2 minutes"},"schema":{"@context":"https:\/\/schema.org","@graph":[{"@type":"WebPage","@id":"https:\/\/www.welovecycling.com\/pl\/2019\/02\/20\/podroz-w-czasie-kiedy-rowerzysci-w-afryce-byli-scigani-przez-lwy\/","url":"https:\/\/www.welovecycling.com\/pl\/2019\/02\/20\/podroz-w-czasie-kiedy-rowerzysci-w-afryce-byli-scigani-przez-lwy\/","name":"Podr\u00f3\u017c w czasie: kiedy rowerzy\u015bci w Afryce byli \u015bcigani przez lwy - \u0160koda We Love Cycling - Poland","isPartOf":{"@id":"https:\/\/www.welovecycling.com\/pl\/#website"},"primaryImageOfPage":{"@id":"https:\/\/www.welovecycling.com\/pl\/2019\/02\/20\/podroz-w-czasie-kiedy-rowerzysci-w-afryce-byli-scigani-przez-lwy\/#primaryimage"},"image":{"@id":"https:\/\/www.welovecycling.com\/pl\/2019\/02\/20\/podroz-w-czasie-kiedy-rowerzysci-w-afryce-byli-scigani-przez-lwy\/#primaryimage"},"thumbnailUrl":"https:\/\/d2p6e6u75xmxt8.cloudfront.net\/5\/2019\/02\/LionCVR-1024x450.jpg","datePublished":"2019-02-20T07:19:13+00:00","dateModified":"2019-02-21T07:22:39+00:00","author":{"@id":"https:\/\/www.welovecycling.com\/pl\/#\/schema\/person\/0dba2d39da943db9df3fd8f4687e7f23"},"breadcrumb":{"@id":"https:\/\/www.welovecycling.com\/pl\/2019\/02\/20\/podroz-w-czasie-kiedy-rowerzysci-w-afryce-byli-scigani-przez-lwy\/#breadcrumb"},"inLanguage":"pl-PL","potentialAction":[{"@type":"ReadAction","target":["https:\/\/www.welovecycling.com\/pl\/2019\/02\/20\/podroz-w-czasie-kiedy-rowerzysci-w-afryce-byli-scigani-przez-lwy\/"]}]},{"@type":"ImageObject","inLanguage":"pl-PL","@id":"https:\/\/www.welovecycling.com\/pl\/2019\/02\/20\/podroz-w-czasie-kiedy-rowerzysci-w-afryce-byli-scigani-przez-lwy\/#primaryimage","url":"https:\/\/d2p6e6u75xmxt8.cloudfront.net\/5\/2019\/02\/LionCVR-1024x450.jpg","contentUrl":"https:\/\/d2p6e6u75xmxt8.cloudfront.net\/5\/2019\/02\/LionCVR-1024x450.jpg","width":1024,"height":450},{"@type":"BreadcrumbList","@id":"https:\/\/www.welovecycling.com\/pl\/2019\/02\/20\/podroz-w-czasie-kiedy-rowerzysci-w-afryce-byli-scigani-przez-lwy\/#breadcrumb","itemListElement":[{"@type":"ListItem","position":1,"name":"Home","item":"https:\/\/www.welovecycling.com\/pl\/"},{"@type":"ListItem","position":2,"name":"Podr\u00f3\u017c w czasie: kiedy rowerzy\u015bci w Afryce byli \u015bcigani przez lwy"}]},{"@type":"WebSite","@id":"https:\/\/www.welovecycling.com\/pl\/#website","url":"https:\/\/www.welovecycling.com\/pl\/","name":"\u0160koda We Love Cycling - Poland","description":"","potentialAction":[{"@type":"SearchAction","target":{"@type":"EntryPoint","urlTemplate":"https:\/\/www.welovecycling.com\/pl\/?s={search_term_string}"},"query-input":{"@type":"PropertyValueSpecification","valueRequired":true,"valueName":"search_term_string"}}],"inLanguage":"pl-PL"},{"@type":"Person","@id":"https:\/\/www.welovecycling.com\/pl\/#\/schema\/person\/0dba2d39da943db9df3fd8f4687e7f23","name":"piotrboczkowski","image":{"@type":"ImageObject","inLanguage":"pl-PL","@id":"https:\/\/www.welovecycling.com\/pl\/#\/schema\/person\/image\/","url":"https:\/\/secure.gravatar.com\/avatar\/533caccae14752e03a2ce2d3fd62d1b98b93e1393c3195c27819e53344ca1ace?s=96&d=mm&r=g","contentUrl":"https:\/\/secure.gravatar.com\/avatar\/533caccae14752e03a2ce2d3fd62d1b98b93e1393c3195c27819e53344ca1ace?s=96&d=mm&r=g","caption":"piotrboczkowski"},"url":"https:\/\/www.welovecycling.com\/pl\/author\/piotrboczkowski\/"}]}},"_links":{"self":[{"href":"https:\/\/www.welovecycling.com\/pl\/wp-json\/wp\/v2\/posts\/8545","targetHints":{"allow":["GET"]}}],"collection":[{"href":"https:\/\/www.welovecycling.com\/pl\/wp-json\/wp\/v2\/posts"}],"about":[{"href":"https:\/\/www.welovecycling.com\/pl\/wp-json\/wp\/v2\/types\/post"}],"author":[{"embeddable":true,"href":"https:\/\/www.welovecycling.com\/pl\/wp-json\/wp\/v2\/users\/76"}],"replies":[{"embeddable":true,"href":"https:\/\/www.welovecycling.com\/pl\/wp-json\/wp\/v2\/comments?post=8545"}],"version-history":[{"count":1,"href":"https:\/\/www.welovecycling.com\/pl\/wp-json\/wp\/v2\/posts\/8545\/revisions"}],"predecessor-version":[{"id":8547,"href":"https:\/\/www.welovecycling.com\/pl\/wp-json\/wp\/v2\/posts\/8545\/revisions\/8547"}],"wp:featuredmedia":[{"embeddable":true,"href":"https:\/\/www.welovecycling.com\/pl\/wp-json\/wp\/v2\/media\/8546"}],"wp:attachment":[{"href":"https:\/\/www.welovecycling.com\/pl\/wp-json\/wp\/v2\/media?parent=8545"}],"wp:term":[{"taxonomy":"category","embeddable":true,"href":"https:\/\/www.welovecycling.com\/pl\/wp-json\/wp\/v2\/categories?post=8545"},{"taxonomy":"post_tag","embeddable":true,"href":"https:\/\/www.welovecycling.com\/pl\/wp-json\/wp\/v2\/tags?post=8545"},{"taxonomy":"global-categories","embeddable":true,"href":"https:\/\/www.welovecycling.com\/pl\/wp-json\/wp\/v2\/global-categories?post=8545"}],"curies":[{"name":"wp","href":"https:\/\/api.w.org\/{rel}","templated":true}]}}