{"id":8515,"date":"2019-02-12T13:55:07","date_gmt":"2019-02-12T13:55:07","guid":{"rendered":"https:\/\/www.welovecycling.com\/pl\/?p=8515"},"modified":"2019-02-14T13:37:56","modified_gmt":"2019-02-14T13:37:56","slug":"wywiad-z-mario-stiehlem-zycie-fotografa-w-peletonie","status":"publish","type":"post","link":"https:\/\/www.welovecycling.com\/pl\/2019\/02\/12\/wywiad-z-mario-stiehlem-zycie-fotografa-w-peletonie\/","title":{"rendered":"WYWIAD z Mario Stiehlem: \u017bycie fotografa w peletonie"},"content":{"rendered":"<p><strong>Zastanawiali\u015bcie si\u0119 kiedy\u015b, jak to jest uczestniczy\u0107 w tak znanych wy\u015bcigach kolarskich, jak Tour de France, Giro d&#8217;Italia, Vuelta a Espa\u00f1a, Paris-Roubaix? Jest cz\u0142owiek, kt\u00f3ry zna to uczucie. Siedz\u0105c przez ca\u0142y dzie\u0144 na tylnym siedzeniu motocykla, robi niesamowite zdj\u0119cia z wy\u015bcigu i za ich pomoc\u0105 dostarcza fanom kolarstwa mn\u00f3stwo niesamowitych emocji i wra\u017ce\u0144. O jego ekscytuj\u0105cej pracy rozmawiamy z jednym z najbardziej utytu\u0142owanych fotograf\u00f3w dokumentuj\u0105cych najs\u0142ynniejsze zawody kolarskie.<\/strong><\/p>\n<p>&nbsp;<\/p>\n<p><strong>Jak wygl\u0105da\u0142 Tw\u00f3j debiut w \u015bwiecie kolarskiej fotografii?<\/strong><\/p>\n<p>Wszystko zacz\u0119\u0142o si\u0119 w 1994 roku. Pochodz\u0119 z Niemiec Wschodnich i kiedy by\u0142em dzieckiem, wszystko, co mieli\u015bmy, to Wy\u015bcig Pokoju. Pami\u0119tam, \u017ce wychodzili\u015bmy ze szko\u0142y i stawali\u015bmy po obu stronach drogi, \u017ceby dopingowa\u0107 zawodnik\u00f3w. To by\u0142o moje pierwsze spotkanie z kolarstwem. Potem zacz\u0105\u0142em \u015bledzi\u0107 w telewizji Tour de France i jednodniowe Spring Classics.<\/p>\n<p>&nbsp;<\/p>\n<p><strong>Czyli to nie fotografia by\u0142a Twoj\u0105 pierwsz\u0105 mi\u0142o\u015bci\u0105, tylko wy\u015bcigi?<\/strong><\/p>\n<p>Tak, zdecydowanie. W 1991 roku zainteresowa\u0142em si\u0119 sportem i sportowymi statystykami. Jednym z moich pierwszych cel\u00f3w by\u0142o napisanie o nich ksi\u0105\u017cki, poniewa\u017c we Wschodnich Niemczech nic nie by\u0142o dost\u0119pne na ten temat.<\/p>\n<p>Pojecha\u0142em do Francji i do Strasburga, \u017ceby poszuka\u0107 jakich\u015b materia\u0142\u00f3w. Chcia\u0142em napisa\u0107 ksi\u0105\u017ck\u0119 w j\u0119zyku niemieckim na temat tych statystyk. Kiedy zaanga\u017cowa\u0142em si\u0119 w projekt, zda\u0142em sobie spraw\u0119, \u017ce to, czego naprawd\u0119 chcia\u0142em i potrzebowa\u0142em, to by\u0142y\u2026 zdj\u0119cia.<\/p>\n<p><img decoding=\"async\" src=\"https:\/\/d2p6e6u75xmxt8.cloudfront.net\/2\/2018\/09\/mario1.jpg\" \/><\/p>\n<p><em>PMario (w \u015brodku) ze swoimi kolegami Scottem Mitchellem (Wielka Brytania) i Jamesem Startsem (USA)<\/em><\/p>\n<p>Skontaktowa\u0142em si\u0119 z najlepszymi fotografami kolarskimi w Niemczech w tym czasie. Kiedy zapyta\u0142em o to, ile kosztuj\u0105 ich zdj\u0119cia, nie mog\u0142em uwierzy\u0107, \u017ce a\u017c tak du\u017co! Zdecydowa\u0142em si\u0119 wi\u0119c na fotografi\u0119 rowerow\u0105, cho\u0107 nie by\u0142a ona wcze\u015bniej moj\u0105 pasj\u0105. Nawiasem m\u00f3wi\u0105c, nigdy nie sko\u0144czy\u0142em planowanej ksi\u0105\u017cki, poniewa\u017c zakocha\u0142em si\u0119 w robieniu zdj\u0119\u0107.<\/p>\n<p>Pami\u0119tasz Grahama Watsona, weterana fotografii kolarskiej? Przeszed\u0142 na emerytur\u0119 dwa lata temu. Kiedy zaczyna\u0142em swoj\u0105 prac\u0119, przegl\u0105da\u0142em jego ksi\u0105\u017cki, poniewa\u017c podoba\u0142 mi si\u0119 jego styl. Ma on na mnie wp\u0142yw do tej pory. Pi\u0119\u0107 lat temu sp\u0119dzi\u0142em z nim jeden sezon i by\u0142o to dla mnie wspania\u0142e prze\u017cycie.<\/p>\n<p>&nbsp;<\/p>\n<p><strong>Czy mo\u017cesz przybli\u017cy\u0107 nam sw\u00f3j rozk\u0142ad dnia podczas wy\u015bcigu?<\/strong><\/p>\n<p>Zale\u017cy to od etapu i czasu jego trwania. W przypadku niekt\u00f3rych Grand Tours dzie\u0144 mo\u017ce by\u0107 naprawd\u0119 d\u0142ugi. Zazwyczaj budz\u0119 si\u0119 mi\u0119dzy 6 a 7 rano, potem bior\u0119 prysznic i jem \u015bniadanie. Zwykle musz\u0119 by\u0107 na miejscu na dwie, trzy godziny przed startem, \u017ceby uzyska\u0107 wszystkie informacje na temat etapu przewidzianego na dany dzie\u0144.<\/p>\n<p>Nast\u0119pnie, na godzin\u0119 przed uroczyst\u0105 ceremoni\u0105 otwarcia, musz\u0119 by\u0107 na miejscu, \u017ceby robi\u0107 zdj\u0119cia dyrektorom sportowym, zawodnikom i pozosta\u0142ym zaanga\u017cowanych w wydarzenie ludziom. Wreszcie zaczyna si\u0119 wy\u015bcig, sp\u0119dzam na nim od czterech do sze\u015bciu godzin, przez oko\u0142o 80% czasu siedz\u0119 na motocyklu.<\/p>\n<p><img decoding=\"async\" src=\"https:\/\/d2p6e6u75xmxt8.cloudfront.net\/2\/2018\/09\/mario1-3.jpg\" \/><\/p>\n<p>Potem jest podium, ceremonia wr\u0119czania medali i inne zwi\u0105zane z tym rzeczy, kt\u00f3re trwaj\u0105 oko\u0142o p\u00f3\u0142 godziny po dotarciu zawodnik\u00f3w do mety. Nast\u0119pnie id\u0119 do centrum prasowego na dwie, trzy godziny i wysy\u0142am zdj\u0119cia do moich klient\u00f3w. Nawiasem m\u00f3wi\u0105c, nie jestem jedynym, kt\u00f3ry relacjonuje takie wydarzenia. Zawsze jest obecny Tim De Waele, profesjonalny fotograf z Belgii, kt\u00f3ry zostaje najd\u0142u\u017cej!<\/p>\n<p>Nast\u0119pnie wracam do hotelu, sk\u0105d zn\u00f3w wysy\u0142am zdj\u0119cia \u2013 klienci s\u0105 najwa\u017cniejsi. P\u0142ac\u0105 mi za ca\u0142y sezon i chc\u0105 mie\u0107 materia\u0142y jak najszybciej. Potem umawiam si\u0119 z moim kierowc\u0105, \u017ceby porozmawia\u0107 z nim na temat organizacji kolejnego dnia.<\/p>\n<p><img decoding=\"async\" src=\"https:\/\/d2p6e6u75xmxt8.cloudfront.net\/2\/2018\/09\/20180419_MS_TOC_012-1024x681.jpg\" \/><\/p>\n<p><img decoding=\"async\" src=\"https:\/\/d2p6e6u75xmxt8.cloudfront.net\/2\/2018\/09\/mario1-4-1024x681.jpg\" \/><\/p>\n<p>Prac\u0119 ko\u0144cz\u0119 o p\u00f3\u0142nocy, a czasem nawet o 2 nad ranem. Jak ju\u017c wspomina\u0142em, czasami mamy naprawd\u0119 d\u0142ugie dystanse do pokonania, szczeg\u00f3lnie na pocz\u0105tku i ko\u0144cu sezonu. Je\u017adzimy wtedy po ciemku, poniewa\u017c jest albo tak wcze\u015bnie, albo ju\u017c tak p\u00f3\u017ano. To nie jest \u0142atwa praca&#8230;<\/p>\n<p>&nbsp;<\/p>\n<p><strong>A jak wygl\u0105da Tw\u00f3j przyk\u0142adowy rok?<\/strong><\/p>\n<p>To skomplikowane pytanie&#8230; Chodzi o to, \u017ce moja firma si\u0119 rozrasta, wi\u0119c obecnie wsp\u00f3\u0142pracuj\u0119 z r\u00f3\u017cnymi partnerami. Najwa\u017cniejsze jest jednak to, \u017ce jestem poza domem oko\u0142o 260 dni w roku. Zaczynam od po\u0142owy stycznia i pracuj\u0119 do pa\u017adziernika. Poza sezonem jestem w domu. Ogl\u0105dam wtedy hokej na lodzie i koszyk\u00f3wk\u0119, poniewa\u017c naprawd\u0119 potrzebuj\u0119 przerwy od kolarstwa. Oczywi\u015bcie m\u00f3g\u0142bym wzi\u0105\u0107 udzia\u0142 w jesiennych zawodach cyklocrosowych, ale w tym czasie jestem ju\u017c znu\u017cony wy\u015bcigami.<\/p>\n<p><img decoding=\"async\" src=\"https:\/\/d2p6e6u75xmxt8.cloudfront.net\/2\/2018\/09\/mario1-5.jpg\" \/><\/p>\n<p><strong>Grand Tours. Kt\u00f3ry z nich najbardziej lubisz?<\/strong><\/p>\n<p>Zdecydowanie Giro. Jest najprzyjemniejszy, wiele os\u00f3b powie to samo. Kraj i kultura s\u0105 niesamowite, a ogarni\u0119cie go nie jest skomplikowane. Niekt\u00f3re etapy s\u0105 ci\u0119\u017ckie, jednak jest bardziej relaksuj\u0105cy ni\u017c Tour de France.<\/p>\n<p>Tour de France jest najtrudniejszy. Wiadomo, jest to najwi\u0119kszy wy\u015bcig kolarski, ale dla mnie to cyrk&#8230; Zbyt wielu ludzi, zbyt wielu dziennikarzy. Jak ju\u017c powiedzia\u0142em, obs\u0142uga zdj\u0119ciowa wy\u015bcigu nie jest skomplikowana, ale poniewa\u017c jest to twoja codzienna praca, wi\u0119c nie daje to ju\u017c a\u017c tak wielkiego fanu.<\/p>\n<p><img decoding=\"async\" src=\"https:\/\/d2p6e6u75xmxt8.cloudfront.net\/2\/2018\/09\/mario1-6.jpg\" \/><\/p>\n<p>Poza tym po atakach terrorystycznych we Francji \u015brodki bezpiecze\u0144stwa stosowane s\u0105 wsz\u0119dzie. To stresuj\u0105ce i m\u0119cz\u0105ce. Je\u017adzisz przed etapami i po nich, jest du\u017co przejazd\u00f3w. I du\u017co stresu.<\/p>\n<p>&nbsp;<\/p>\n<p><strong>Jakie s\u0105 Twoje ulubione wy\u015bcigi poza Grand Tours?<\/strong><\/p>\n<p>Wiele lat temu powiedzia\u0142bym, \u017ce Crit\u00e9rium du Dauphin\u00e9 i Tour of Switzerland. Te wy\u015bcigi s\u0105 naprawd\u0119 przyjemne i nie tak stresuj\u0105ce jak Grand Tours, a mo\u017cesz spotka\u0107 gwiazdy kolarstwa z Le Tour de France lub Giro d&#8217;Italia.<\/p>\n<p>Od jakich\u015b sze\u015bciu lat lubi\u0119 te\u017c norweskie wy\u015bcigi, takie jak Tour des Fjords, oraz wy\u015bcigi w Europie Wschodniej. Norwegia jest po prostu niesamowita ze wzgl\u0119du na zdj\u0119cia. Gdy jecha\u0142em z peletonem, mia\u0142em okazj\u0119 podziwia\u0107 niesamowite krajobrazy. Te doznania s\u0105 po prostu idealne.<\/p>\n<p><img decoding=\"async\" src=\"https:\/\/d2p6e6u75xmxt8.cloudfront.net\/2\/2018\/09\/mario1-7.jpg\" \/><\/p>\n<p>Obecnie mam kilka nowych ulubionych wy\u015bcig\u00f3w w Europie Wschodniej \u2013 Tour of Slovenia i Tour of Croatia, naprawd\u0119 je lubi\u0119. Ludzie s\u0105 tu bardzo mili. Nawet bardziej wol\u0119 Tour of Slovenia. Musz\u0119 powiedzie\u0107, \u017ce organizacja wy\u015bcig\u00f3w wschodnioeuropejskich jest coraz lepsza.<\/p>\n<p>Je\u015bli chodzi o jednodniowe wy\u015bcigi, nie mam ulubionego. Oczywi\u015bcie, jest Pary\u017c-Roubaix, Flanders, Milan-San Remo itd., ale nie jestem w stanie by\u0107 na ka\u017cdym z nich!<\/p>\n<p>Wi\u0119c kiedy planuj\u0119 sezon, musz\u0119 rozwa\u017cy\u0107, co jestem w stanie ogarn\u0105\u0107, poniewa\u017c czasami podobne wy\u015bcigi odbywaj\u0105 si\u0119 w tym samym czasie, np. Pary\u017c-Nicea i Tirreno-Adriatico. Musz\u0119 te\u017c porozmawia\u0107 na ten temat z moimi partnerami i co\u015b ustali\u0107.<\/p>\n<p><img decoding=\"async\" src=\"https:\/\/d2p6e6u75xmxt8.cloudfront.net\/2\/2018\/09\/mario1-11-1024x681.jpg\" \/><\/p>\n<p><img decoding=\"async\" src=\"https:\/\/d2p6e6u75xmxt8.cloudfront.net\/2\/2018\/09\/mario1-8-1024x681.jpg\" \/><\/p>\n<p>Wiesz, w mojej pracy nie mo\u017cna zrobi\u0107 tylko jednego wielkiego dealu z jednym du\u017cym klientem. Jako fotograf potrzebuj\u0119 kilku du\u017cych zlece\u0144 od kilku du\u017cych zespo\u0142\u00f3w. Jest to skomplikowane, ale wi\u0119kszo\u015b\u0107 moich klient\u00f3w wymaga ode mnie dostarczenia im wielu zdj\u0119\u0107 z oko\u0142o 90% wszystkich wy\u015bcig\u00f3w na \u015bwiecie.<\/p>\n<p>&nbsp;<\/p>\n<p><strong>Powiedz nam, kt\u00f3re swoje zdj\u0119cie uwa\u017casz za najlepsze. Kiedy czu\u0142e\u015b, \u017ce jeste\u015b we w\u0142a\u015bciwym miejscu i czasie?<\/strong><\/p>\n<p>Doskonale je pami\u0119tam, to by\u0142o dwa lata temu, zrobi\u0142em je na Tour des Fjords. Zawodnicy mijali wodospad i w tym momencie zawia\u0142 wiatr, kt\u00f3ry rozpryska\u0142 kropelki wody po ca\u0142ym peletonie. W tej samej chwili pojawi\u0142a si\u0119 t\u0119cza. Nigdy tego nie zapomn\u0119!<\/p>\n<p><img decoding=\"async\" src=\"https:\/\/d2p6e6u75xmxt8.cloudfront.net\/2\/2018\/09\/mario1-2.jpg\" \/><\/p>\n<p><strong>Jakie jest twoje najlepsze wspomnienie niezwi\u0105zane ju\u017c \u015bci\u015ble z fotografi\u0105? Jakiej trasy nigdy nie zapomnisz?<\/strong><\/p>\n<p>Mog\u0119 ci to dok\u0142adnie powiedzie\u0107! To by\u0142o pierwsze zwyci\u0119stwo Erika Zabela w wy\u015bcigu Milan-San Remo w 1997 roku. Erik pochodzi z Berlina, mojego rodzinnego miasta. Kiedy wygra\u0142 wy\u015bcig, zacz\u0119li\u015bmy p\u0142aka\u0107 razem \u2013 ja przed telewizorem, on na \u017cywo po wy\u015bcigu. Erik to naprawd\u0119 \u015bwietny go\u015b\u0107.<\/p>\n<p>&nbsp;<\/p>\n<p><strong>Mario, ostatnia cz\u0119\u015b\u0107 tego wywiadu to kilka szybkich pyta\u0144. Nazywamy je \u201estrza\u0142ami\u201d. Damy Ci kilka opcji, a Ty wybierz najbardziej odpowiedni\u0105.<\/strong><\/p>\n<p><strong>Pierwszy strza\u0142: Co robisz w wolnym czasie? 1) Je\u017adzisz na rowerze. 2) Odpoczywasz, siedz\u0105c na \u015bwie\u017cym powietrzu. 3) Pracujesz nad list\u0105 rzeczy do zrobienia, kt\u00f3r\u0105 przygotowa\u0142a dla Ciebie Twoja dziewczyna.<\/strong><\/p>\n<p>Zdecydowanie lista! Jest na niej r\u00f3wnie\u017c punkt o sp\u0119dzaniu wi\u0119cej czasu z ni\u0105 i nasz\u0105 c\u00f3rk\u0105.<\/p>\n<p><img decoding=\"async\" src=\"https:\/\/d2p6e6u75xmxt8.cloudfront.net\/2\/2018\/09\/mario1-9-1024x681.jpg\" \/><\/p>\n<p><strong>Drugi strza\u0142: Co pijesz po wy\u015bcigu? 1) Piwo. 2) Wino. 3) Smoothie. 4) Wod\u0119.<\/strong><\/p>\n<p>Belgijskie piwo!<\/p>\n<p>&nbsp;<\/p>\n<p><strong>Trzeci strza\u0142: Kt\u00f3ry dzie\u0144 jest dla Ciebie bardziej m\u0119cz\u0105cy? 1) Deszczowy i zimny wy\u015bcig w Norwegii. 2) Niezwykle upalny i suchy podczas Vuelty.<\/strong><\/p>\n<p>Wy\u015bcigi w zimnie. Upa\u0142 jest w porz\u0105dku, a zimno nie jest dobre ani dla cia\u0142a, ani dla kamer, ani dla wsp\u00f3\u0142pracownik\u00f3w. Ale w takich w\u0142a\u015bnie chwilach zdajesz sobie spraw\u0119, \u017ce to, co robisz, jest twoj\u0105 pasj\u0105, bo mimo \u017ce odczuwasz b\u00f3l, dzia\u0142asz!<\/p>\n<p><img decoding=\"async\" src=\"https:\/\/d2p6e6u75xmxt8.cloudfront.net\/2\/2018\/09\/mario1-12.jpg\" \/><\/p>\n<p><strong>Czwarty strza\u0142: Kiedy i gdzie zazwyczaj powstaj\u0105 Twoje najlepsze zdj\u0119cia? 1) Na finiszu. 2) Podczas g\u00f3rskiego etapu. 3) Podczas jazdy na czas.<\/strong><\/p>\n<p>Na finiszu! Widzisz wielu zawodnik\u00f3w, wszyscy s\u0105 ju\u017c bardzo wyczerpani jazd\u0105, na ich twarzach jest prawdziwe zm\u0119czenie.<\/p>\n<p><strong>Kolarstwo zawodowe to bardzo szybki sport, a my cz\u0119sto skupiamy si\u0119 na bohaterach i g\u0142\u00f3wnych wydarzeniach danego dnia \u2013 kto wygra\u0142, kto si\u0119 przewr\u00f3ci\u0142, kto zosta\u0142 w tyle. Niesamowite historie dziej\u0105 si\u0119 te\u017c poza g\u0142\u00f3wnym kadrem, a my cz\u0119sto je pomijamy. Mario i opowie\u015bci, kt\u00f3rymi si\u0119 z nami podzieli\u0142, s\u0105 dowodem na to, \u017ce nie powinni\u015bmy tego robi\u0107.<\/strong><\/p>\n<p>Artyku\u0142 powsta\u0142 we wsp\u00f3\u0142pracy ze\u00a0<a href=\"http:\/\/www.skoda-auto.pl\/\">skoda-auto.pl<\/a><\/p>\n","protected":false},"excerpt":{"rendered":"<p>Zastanawiali\u015bcie si\u0119 kiedy\u015b, jak to jest uczestniczy\u0107 w tak znanych wy\u015bcigach kolarskich, jak Tour de France, Giro d&#8217;Italia, Vuelta a [&hellip;]<\/p>\n","protected":false},"author":76,"featured_media":8516,"comment_status":"open","ping_status":"open","sticky":false,"template":"","format":"standard","meta":{"footnotes":""},"categories":[226],"tags":[],"global-categories":[],"class_list":["post-8515","post","type-post","status-publish","format-standard","has-post-thumbnail","hentry","category-ciekawostki"],"yoast_head":"<!-- This site is optimized with the Yoast SEO Premium plugin v25.3 (Yoast SEO v25.9) - https:\/\/yoast.com\/wordpress\/plugins\/seo\/ -->\n<title>WYWIAD z Mario Stiehlem: \u017bycie fotografa w peletonie - \u0160koda We Love Cycling - Poland<\/title>\n<meta name=\"robots\" content=\"index, follow, max-snippet:-1, max-image-preview:large, max-video-preview:-1\" \/>\n<link rel=\"canonical\" href=\"https:\/\/www.welovecycling.com\/pl\/2019\/02\/12\/wywiad-z-mario-stiehlem-zycie-fotografa-w-peletonie\/\" \/>\n<meta property=\"og:locale\" content=\"pl_PL\" \/>\n<meta property=\"og:type\" content=\"article\" \/>\n<meta property=\"og:title\" content=\"WYWIAD z Mario Stiehlem: \u017bycie fotografa w peletonie\" \/>\n<meta property=\"og:description\" content=\"Zastanawiali\u015bcie si\u0119 kiedy\u015b, jak to jest uczestniczy\u0107 w tak znanych wy\u015bcigach kolarskich, jak Tour de France, Giro d&#8217;Italia, Vuelta a [&hellip;]\" \/>\n<meta property=\"og:url\" content=\"https:\/\/www.welovecycling.com\/pl\/2019\/02\/12\/wywiad-z-mario-stiehlem-zycie-fotografa-w-peletonie\/\" \/>\n<meta property=\"og:site_name\" content=\"\u0160koda We Love Cycling - Poland\" \/>\n<meta property=\"article:published_time\" content=\"2019-02-12T13:55:07+00:00\" \/>\n<meta property=\"article:modified_time\" content=\"2019-02-14T13:37:56+00:00\" \/>\n<meta property=\"og:image\" content=\"https:\/\/d2p6e6u75xmxt8.cloudfront.net\/5\/2019\/02\/marioCVR-1024x450.jpg\" \/>\n\t<meta property=\"og:image:width\" content=\"1024\" \/>\n\t<meta property=\"og:image:height\" content=\"450\" \/>\n\t<meta property=\"og:image:type\" content=\"image\/jpeg\" \/>\n<meta name=\"author\" content=\"piotrboczkowski\" \/>\n<meta name=\"twitter:card\" content=\"summary_large_image\" \/>\n<meta name=\"twitter:label1\" content=\"Written by\" \/>\n\t<meta name=\"twitter:data1\" content=\"Jonathan Bouchard (Polska \u00e0 v\u00e9lo)\" \/>\n\t<meta name=\"twitter:label2\" content=\"Est. reading time\" \/>\n\t<meta name=\"twitter:data2\" content=\"9\" \/>\n<script type=\"application\/ld+json\" class=\"yoast-schema-graph\">{\"@context\":\"https:\/\/schema.org\",\"@graph\":[{\"@type\":\"WebPage\",\"@id\":\"https:\/\/www.welovecycling.com\/pl\/2019\/02\/12\/wywiad-z-mario-stiehlem-zycie-fotografa-w-peletonie\/\",\"url\":\"https:\/\/www.welovecycling.com\/pl\/2019\/02\/12\/wywiad-z-mario-stiehlem-zycie-fotografa-w-peletonie\/\",\"name\":\"WYWIAD z Mario Stiehlem: \u017bycie fotografa w peletonie - \u0160koda We Love Cycling - Poland\",\"isPartOf\":{\"@id\":\"https:\/\/www.welovecycling.com\/pl\/#website\"},\"primaryImageOfPage\":{\"@id\":\"https:\/\/www.welovecycling.com\/pl\/2019\/02\/12\/wywiad-z-mario-stiehlem-zycie-fotografa-w-peletonie\/#primaryimage\"},\"image\":{\"@id\":\"https:\/\/www.welovecycling.com\/pl\/2019\/02\/12\/wywiad-z-mario-stiehlem-zycie-fotografa-w-peletonie\/#primaryimage\"},\"thumbnailUrl\":\"https:\/\/d2p6e6u75xmxt8.cloudfront.net\/5\/2019\/02\/marioCVR-1024x450.jpg\",\"datePublished\":\"2019-02-12T13:55:07+00:00\",\"dateModified\":\"2019-02-14T13:37:56+00:00\",\"author\":{\"@id\":\"https:\/\/www.welovecycling.com\/pl\/#\/schema\/person\/0dba2d39da943db9df3fd8f4687e7f23\"},\"breadcrumb\":{\"@id\":\"https:\/\/www.welovecycling.com\/pl\/2019\/02\/12\/wywiad-z-mario-stiehlem-zycie-fotografa-w-peletonie\/#breadcrumb\"},\"inLanguage\":\"pl-PL\",\"potentialAction\":[{\"@type\":\"ReadAction\",\"target\":[\"https:\/\/www.welovecycling.com\/pl\/2019\/02\/12\/wywiad-z-mario-stiehlem-zycie-fotografa-w-peletonie\/\"]}]},{\"@type\":\"ImageObject\",\"inLanguage\":\"pl-PL\",\"@id\":\"https:\/\/www.welovecycling.com\/pl\/2019\/02\/12\/wywiad-z-mario-stiehlem-zycie-fotografa-w-peletonie\/#primaryimage\",\"url\":\"https:\/\/d2p6e6u75xmxt8.cloudfront.net\/5\/2019\/02\/marioCVR-1024x450.jpg\",\"contentUrl\":\"https:\/\/d2p6e6u75xmxt8.cloudfront.net\/5\/2019\/02\/marioCVR-1024x450.jpg\",\"width\":1024,\"height\":450},{\"@type\":\"BreadcrumbList\",\"@id\":\"https:\/\/www.welovecycling.com\/pl\/2019\/02\/12\/wywiad-z-mario-stiehlem-zycie-fotografa-w-peletonie\/#breadcrumb\",\"itemListElement\":[{\"@type\":\"ListItem\",\"position\":1,\"name\":\"Home\",\"item\":\"https:\/\/www.welovecycling.com\/pl\/\"},{\"@type\":\"ListItem\",\"position\":2,\"name\":\"WYWIAD z Mario Stiehlem: \u017bycie fotografa w peletonie\"}]},{\"@type\":\"WebSite\",\"@id\":\"https:\/\/www.welovecycling.com\/pl\/#website\",\"url\":\"https:\/\/www.welovecycling.com\/pl\/\",\"name\":\"\u0160koda We Love Cycling - Poland\",\"description\":\"\",\"potentialAction\":[{\"@type\":\"SearchAction\",\"target\":{\"@type\":\"EntryPoint\",\"urlTemplate\":\"https:\/\/www.welovecycling.com\/pl\/?s={search_term_string}\"},\"query-input\":{\"@type\":\"PropertyValueSpecification\",\"valueRequired\":true,\"valueName\":\"search_term_string\"}}],\"inLanguage\":\"pl-PL\"},{\"@type\":\"Person\",\"@id\":\"https:\/\/www.welovecycling.com\/pl\/#\/schema\/person\/0dba2d39da943db9df3fd8f4687e7f23\",\"name\":\"piotrboczkowski\",\"image\":{\"@type\":\"ImageObject\",\"inLanguage\":\"pl-PL\",\"@id\":\"https:\/\/www.welovecycling.com\/pl\/#\/schema\/person\/image\/\",\"url\":\"https:\/\/secure.gravatar.com\/avatar\/533caccae14752e03a2ce2d3fd62d1b98b93e1393c3195c27819e53344ca1ace?s=96&d=mm&r=g\",\"contentUrl\":\"https:\/\/secure.gravatar.com\/avatar\/533caccae14752e03a2ce2d3fd62d1b98b93e1393c3195c27819e53344ca1ace?s=96&d=mm&r=g\",\"caption\":\"piotrboczkowski\"},\"url\":\"https:\/\/www.welovecycling.com\/pl\/author\/piotrboczkowski\/\"}]}<\/script>\n<!-- \/ Yoast SEO Premium plugin. -->","yoast_head_json":{"title":"WYWIAD z Mario Stiehlem: \u017bycie fotografa w peletonie - \u0160koda We Love Cycling - Poland","robots":{"index":"index","follow":"follow","max-snippet":"max-snippet:-1","max-image-preview":"max-image-preview:large","max-video-preview":"max-video-preview:-1"},"canonical":"https:\/\/www.welovecycling.com\/pl\/2019\/02\/12\/wywiad-z-mario-stiehlem-zycie-fotografa-w-peletonie\/","og_locale":"pl_PL","og_type":"article","og_title":"WYWIAD z Mario Stiehlem: \u017bycie fotografa w peletonie","og_description":"Zastanawiali\u015bcie si\u0119 kiedy\u015b, jak to jest uczestniczy\u0107 w tak znanych wy\u015bcigach kolarskich, jak Tour de France, Giro d&#8217;Italia, Vuelta a [&hellip;]","og_url":"https:\/\/www.welovecycling.com\/pl\/2019\/02\/12\/wywiad-z-mario-stiehlem-zycie-fotografa-w-peletonie\/","og_site_name":"\u0160koda We Love Cycling - Poland","article_published_time":"2019-02-12T13:55:07+00:00","article_modified_time":"2019-02-14T13:37:56+00:00","og_image":[{"width":1024,"height":450,"url":"https:\/\/d2p6e6u75xmxt8.cloudfront.net\/5\/2019\/02\/marioCVR-1024x450.jpg","type":"image\/jpeg"}],"author":"piotrboczkowski","twitter_card":"summary_large_image","twitter_misc":{"Written by":"Jonathan Bouchard (Polska \u00e0 v\u00e9lo)","Est. reading time":"9"},"schema":{"@context":"https:\/\/schema.org","@graph":[{"@type":"WebPage","@id":"https:\/\/www.welovecycling.com\/pl\/2019\/02\/12\/wywiad-z-mario-stiehlem-zycie-fotografa-w-peletonie\/","url":"https:\/\/www.welovecycling.com\/pl\/2019\/02\/12\/wywiad-z-mario-stiehlem-zycie-fotografa-w-peletonie\/","name":"WYWIAD z Mario Stiehlem: \u017bycie fotografa w peletonie - \u0160koda We Love Cycling - Poland","isPartOf":{"@id":"https:\/\/www.welovecycling.com\/pl\/#website"},"primaryImageOfPage":{"@id":"https:\/\/www.welovecycling.com\/pl\/2019\/02\/12\/wywiad-z-mario-stiehlem-zycie-fotografa-w-peletonie\/#primaryimage"},"image":{"@id":"https:\/\/www.welovecycling.com\/pl\/2019\/02\/12\/wywiad-z-mario-stiehlem-zycie-fotografa-w-peletonie\/#primaryimage"},"thumbnailUrl":"https:\/\/d2p6e6u75xmxt8.cloudfront.net\/5\/2019\/02\/marioCVR-1024x450.jpg","datePublished":"2019-02-12T13:55:07+00:00","dateModified":"2019-02-14T13:37:56+00:00","author":{"@id":"https:\/\/www.welovecycling.com\/pl\/#\/schema\/person\/0dba2d39da943db9df3fd8f4687e7f23"},"breadcrumb":{"@id":"https:\/\/www.welovecycling.com\/pl\/2019\/02\/12\/wywiad-z-mario-stiehlem-zycie-fotografa-w-peletonie\/#breadcrumb"},"inLanguage":"pl-PL","potentialAction":[{"@type":"ReadAction","target":["https:\/\/www.welovecycling.com\/pl\/2019\/02\/12\/wywiad-z-mario-stiehlem-zycie-fotografa-w-peletonie\/"]}]},{"@type":"ImageObject","inLanguage":"pl-PL","@id":"https:\/\/www.welovecycling.com\/pl\/2019\/02\/12\/wywiad-z-mario-stiehlem-zycie-fotografa-w-peletonie\/#primaryimage","url":"https:\/\/d2p6e6u75xmxt8.cloudfront.net\/5\/2019\/02\/marioCVR-1024x450.jpg","contentUrl":"https:\/\/d2p6e6u75xmxt8.cloudfront.net\/5\/2019\/02\/marioCVR-1024x450.jpg","width":1024,"height":450},{"@type":"BreadcrumbList","@id":"https:\/\/www.welovecycling.com\/pl\/2019\/02\/12\/wywiad-z-mario-stiehlem-zycie-fotografa-w-peletonie\/#breadcrumb","itemListElement":[{"@type":"ListItem","position":1,"name":"Home","item":"https:\/\/www.welovecycling.com\/pl\/"},{"@type":"ListItem","position":2,"name":"WYWIAD z Mario Stiehlem: \u017bycie fotografa w peletonie"}]},{"@type":"WebSite","@id":"https:\/\/www.welovecycling.com\/pl\/#website","url":"https:\/\/www.welovecycling.com\/pl\/","name":"\u0160koda We Love Cycling - Poland","description":"","potentialAction":[{"@type":"SearchAction","target":{"@type":"EntryPoint","urlTemplate":"https:\/\/www.welovecycling.com\/pl\/?s={search_term_string}"},"query-input":{"@type":"PropertyValueSpecification","valueRequired":true,"valueName":"search_term_string"}}],"inLanguage":"pl-PL"},{"@type":"Person","@id":"https:\/\/www.welovecycling.com\/pl\/#\/schema\/person\/0dba2d39da943db9df3fd8f4687e7f23","name":"piotrboczkowski","image":{"@type":"ImageObject","inLanguage":"pl-PL","@id":"https:\/\/www.welovecycling.com\/pl\/#\/schema\/person\/image\/","url":"https:\/\/secure.gravatar.com\/avatar\/533caccae14752e03a2ce2d3fd62d1b98b93e1393c3195c27819e53344ca1ace?s=96&d=mm&r=g","contentUrl":"https:\/\/secure.gravatar.com\/avatar\/533caccae14752e03a2ce2d3fd62d1b98b93e1393c3195c27819e53344ca1ace?s=96&d=mm&r=g","caption":"piotrboczkowski"},"url":"https:\/\/www.welovecycling.com\/pl\/author\/piotrboczkowski\/"}]}},"_links":{"self":[{"href":"https:\/\/www.welovecycling.com\/pl\/wp-json\/wp\/v2\/posts\/8515","targetHints":{"allow":["GET"]}}],"collection":[{"href":"https:\/\/www.welovecycling.com\/pl\/wp-json\/wp\/v2\/posts"}],"about":[{"href":"https:\/\/www.welovecycling.com\/pl\/wp-json\/wp\/v2\/types\/post"}],"author":[{"embeddable":true,"href":"https:\/\/www.welovecycling.com\/pl\/wp-json\/wp\/v2\/users\/76"}],"replies":[{"embeddable":true,"href":"https:\/\/www.welovecycling.com\/pl\/wp-json\/wp\/v2\/comments?post=8515"}],"version-history":[{"count":2,"href":"https:\/\/www.welovecycling.com\/pl\/wp-json\/wp\/v2\/posts\/8515\/revisions"}],"predecessor-version":[{"id":8525,"href":"https:\/\/www.welovecycling.com\/pl\/wp-json\/wp\/v2\/posts\/8515\/revisions\/8525"}],"wp:featuredmedia":[{"embeddable":true,"href":"https:\/\/www.welovecycling.com\/pl\/wp-json\/wp\/v2\/media\/8516"}],"wp:attachment":[{"href":"https:\/\/www.welovecycling.com\/pl\/wp-json\/wp\/v2\/media?parent=8515"}],"wp:term":[{"taxonomy":"category","embeddable":true,"href":"https:\/\/www.welovecycling.com\/pl\/wp-json\/wp\/v2\/categories?post=8515"},{"taxonomy":"post_tag","embeddable":true,"href":"https:\/\/www.welovecycling.com\/pl\/wp-json\/wp\/v2\/tags?post=8515"},{"taxonomy":"global-categories","embeddable":true,"href":"https:\/\/www.welovecycling.com\/pl\/wp-json\/wp\/v2\/global-categories?post=8515"}],"curies":[{"name":"wp","href":"https:\/\/api.w.org\/{rel}","templated":true}]}}