{"id":8496,"date":"2019-02-07T15:38:49","date_gmt":"2019-02-07T15:38:49","guid":{"rendered":"https:\/\/www.welovecycling.com\/pl\/?p=8496"},"modified":"2019-03-26T17:17:13","modified_gmt":"2019-03-26T17:17:13","slug":"5-top-trendow-rowerowych-na-2019-rok","status":"publish","type":"post","link":"https:\/\/www.welovecycling.com\/pl\/2019\/02\/07\/5-top-trendow-rowerowych-na-2019-rok\/","title":{"rendered":"5 top trend\u00f3w rowerowych na 2019 rok"},"content":{"rendered":"<p><strong>Bran\u017ca rowerowa wyhamowuje? Nic bardziej mylnego. Poznaj trendy, kt\u00f3re b\u0119d\u0105 dominowa\u0142y w tym roku.<\/strong><br \/>\n<span style=\"font-size:18pt;\"><strong>Jeden rower do wielu rzeczy<\/strong><\/span><\/p>\n<p>Kilkoro moich znajomych, kt\u00f3rzy niedawno kupili nowe rowery, mieli co do nich konkretne wymagania i oczekiwania. Czy jest mo\u017cliwe, \u017ceby jeden rower zaspokoi\u0142 je wszystkie?<\/p>\n<div class=\"embed-controller-wrapper\">\n<div class=\"embed-wrapper\"><iframe title=\"Trek Checkpoint Gravel Bike Review-We Rode em&#039; 3500 Miles Across the USA\" width=\"500\" height=\"281\" data-src=\"https:\/\/www.youtube.com\/embed\/YBYZQUa9SNk?feature=oembed\" frameborder=\"0\" allow=\"accelerometer; autoplay; clipboard-write; encrypted-media; gyroscope; picture-in-picture; web-share\" referrerpolicy=\"strict-origin-when-cross-origin\" allowfullscreen><\/iframe><\/div>\n<\/div>\n<p>Producenci maj\u0105 coraz wi\u0119ksze mo\u017cliwo\u015bci konstruowania rower\u00f3w odpowiednich do uprawiania wi\u0119cej ni\u017c jednej dyscypliny. Trek Checkpoint, cho\u0107 przeznaczony jest g\u0142\u00f3wnie do jazdy po \u017cwirze, to dzi\u0119ki niskiemu prze\u0142o\u017ceniu u\u0142atwia jazd\u0119 pod g\u00f3rk\u0119, a tak\u017ce pokonywanie d\u0142ugich tras po asfalcie \u2013 widzieli\u015bmy wszystkie jego mo\u017cliwo\u015bci na powy\u017cszym filmie. Je\u015bli zamierzasz kupi\u0107 rower, upewnij si\u0119, \u017ce ma wszystko, czego potrzebujesz. W ko\u0144cu ruszy\u0107 w drog\u0119 mo\u017cesz tylko na jednym poje\u017adzie.<br \/>\n<span style=\"font-size:18pt;\"><strong>Telemetria<\/strong><\/span><\/p>\n<p>Czy telemetria upowszechni si\u0119 ju\u017c w tym roku? Je\u015bli jeste\u015b zadowolony ze swojego roweru, ale wierzysz w to, \u017ce mo\u017cesz wycisn\u0105\u0107 z niego jeszcze wi\u0119cej przy pomocy porz\u0105dnego tuningowania, to telemetria mo\u017ce by\u0107 rozwi\u0105zaniem, kt\u00f3rego szukasz. Profesjonalny system telemetryczny znajdziesz na stronie <a href=\"https:\/\/www.kickstarter.com\/projects\/810309052\/byb-telemetry-the-professional-telemetry-system-fo\">BYB\u2019s Kickstarter<\/a><\/p>\n<p>https:\/\/youtu.be\/h9ZjI5P2kyY<\/p>\n<p>Na pewno jest to droga technologia, ale pomy\u015bl, czy nie warto w ni\u0105 zainwestowa\u0107, bo telemetria mo\u017ce \u201epowiedzie\u0107\u201d co\u015b wa\u017cnego na temat Twojej jazdy, czego by\u0107 mo\u017ce wcze\u015bniej nie bra\u0142e\u015b pod uwag\u0119. Korzy\u015bci z dobrego stuningowania roweru s\u0105 zazwyczaj proporcjonalne do pieni\u0119dzy, kt\u00f3re na niego wyda\u0142e\u015b.<br \/>\n<span style=\"font-size:18pt;\"><strong>Wypo\u017cyczalnie przerzucaj\u0105 si\u0119 na rowery elektryczne<\/strong><\/span><\/p>\n<p>Coraz wi\u0119ksza liczba rower\u00f3w elektrycznych w wypo\u017cyczalniach miejskich to ruch w dobrym kierunku. Ameryka\u0144ski Uber ochoczo wprowadza swoj\u0105 sie\u0107 wypo\u017cyczalni e-rower\u00f3w Jump do Europy. Ich popularno\u015b\u0107 b\u0119dzie zapewne wzrasta\u0107 zar\u00f3wno w\u015br\u00f3d turyst\u00f3w, jak i mieszka\u0144c\u00f3w miast, szczeg\u00f3lnie w\u015br\u00f3d os\u00f3b, kt\u00f3re nie lubi\u0105 si\u0119 poci\u0107.<\/p>\n<div class=\"embed-controller-wrapper\">\n<div class=\"embed-wrapper\"><iframe title=\"Chargin\u2019 at San Francisco Hills with electric Jump Bikes\" width=\"500\" height=\"281\" data-src=\"https:\/\/www.youtube.com\/embed\/_KwJD2XzP4Q?feature=oembed\" frameborder=\"0\" allow=\"accelerometer; autoplay; clipboard-write; encrypted-media; gyroscope; picture-in-picture; web-share\" referrerpolicy=\"strict-origin-when-cross-origin\" allowfullscreen><\/iframe><\/div>\n<\/div>\n<p>Zanim zawita do innych miast, us\u0142uga ta zostanie uruchomiona pilota\u017cowo w Berlinie i jej zadaniem b\u0119dzie poprawa p\u0142ynno\u015bci ruchu drogowego, co powinno wp\u0142yn\u0105\u0107 korzystnie r\u00f3wnie\u017c na us\u0142ugi samochodowe Ubera. Cieszy fakt, \u017ce nowa CEO firmy, Dara Khosrowshahi, my\u015bli o tym, jak rozwija\u0107 strategie przemieszczania si\u0119 we wsp\u00f3\u0142czesnych miastach.<br \/>\n<span style=\"font-size:18pt;\"><strong>Koniec dyskryminacji e-rower\u00f3w?<\/strong><\/span><\/p>\n<p>\u015amia\u0142o mo\u017cna powiedzie\u0107, \u017ce jeszcze niedawno e-rowery nie mia\u0142y dobrego PR-u i nie by\u0142y cool. Ich mocno wyeksponowane wspomaganie budzi\u0142o w\u015br\u00f3d \u201eprawdziwych\u201d rowerzyst\u00f3w u\u015bmieszki. Zobacz, jak bardzo zmieni\u0142 si\u0119 ich wygl\u0105d. Prawda, \u017ce teraz wygl\u0105daj\u0105 \u015bwietnie?<\/p>\n<div class=\"embed-controller-wrapper\">\n<div class=\"embed-wrapper\"><iframe title=\"Bianchi Impulso E-Road Electric Road Bike: First Ride\" width=\"500\" height=\"281\" data-src=\"https:\/\/www.youtube.com\/embed\/uX2T7rFaJmM?feature=oembed\" frameborder=\"0\" allow=\"accelerometer; autoplay; clipboard-write; encrypted-media; gyroscope; picture-in-picture; web-share\" referrerpolicy=\"strict-origin-when-cross-origin\" allowfullscreen><\/iframe><\/div>\n<\/div>\n<p>Wi\u0119kszo\u015b\u0107 os\u00f3b na e-rowerach pokonuje do\u015b\u0107 kr\u00f3tkie dystanse, wi\u0119c maj\u0105 one opini\u0119 leniwych. Dlaczego tego nie zmieni\u0107 i nie traktowa\u0107 e-bike\u2019\u00f3w jak zwyk\u0142ych rower\u00f3w? Po kilku miesi\u0105cach regularnych trening\u00f3w b\u0119dziesz sprawny i wysportowany. By\u0107 mo\u017ce rok 2019 stanie si\u0119 tym, w kt\u00f3rym przestaniemy krzywo patrze\u0107 na u\u017cytkownik\u00f3w e-rower\u00f3w.<br \/>\n<span style=\"font-size:18pt;\"><strong>Integracja elektroniczna \u2013 b\u0105d\u017a smart<\/strong><\/span><\/p>\n<p>Wybieraj\u0105c nowy rower, we\u017a pod uwag\u0119 wszystko: od zintegrowanych miernik\u00f3w mocy, kt\u00f3re ma na przyk\u0142ad pi\u0119kny, nowy Giant Defy Advanced Pro 0, po bezprzewodowe kokpity MTB, stanowiska do dropper\u00f3w i wiele innych\u2026<\/p>\n<div class=\"embed-controller-wrapper\">\n<div class=\"embed-wrapper\"><iframe title=\"Clutterless MTB Cockpit with Wireless Shifting and Dropper! | Barspin Ready\" width=\"500\" height=\"281\" data-src=\"https:\/\/www.youtube.com\/embed\/k4z4SnHDCpo?feature=oembed\" frameborder=\"0\" allow=\"accelerometer; autoplay; clipboard-write; encrypted-media; gyroscope; picture-in-picture; web-share\" referrerpolicy=\"strict-origin-when-cross-origin\" allowfullscreen><\/iframe><\/div>\n<\/div>\n<p>Artyku\u0142 powsta\u0142 we wsp\u00f3\u0142pracy ze <a href=\"http:\/\/www.skoda-auto.pl\/\">skoda-auto.pl<\/a><\/p>\n","protected":false},"excerpt":{"rendered":"<p>Bran\u017ca rowerowa wyhamowuje? Nic bardziej mylnego. Poznaj trendy, kt\u00f3re b\u0119d\u0105 dominowa\u0142y w tym roku. Jeden rower do wielu rzeczy Kilkoro [&hellip;]<\/p>\n","protected":false},"author":76,"featured_media":8502,"comment_status":"open","ping_status":"open","sticky":false,"template":"","format":"standard","meta":{"footnotes":""},"categories":[226],"tags":[],"global-categories":[],"class_list":["post-8496","post","type-post","status-publish","format-standard","has-post-thumbnail","hentry","category-ciekawostki"],"yoast_head":"<!-- This site is optimized with the Yoast SEO Premium plugin v25.3 (Yoast SEO v25.9) - https:\/\/yoast.com\/wordpress\/plugins\/seo\/ -->\n<title>5 top trend\u00f3w rowerowych na 2019 rok - \u0160koda We Love Cycling - Poland<\/title>\n<meta name=\"robots\" content=\"index, follow, max-snippet:-1, max-image-preview:large, max-video-preview:-1\" \/>\n<link rel=\"canonical\" href=\"https:\/\/www.welovecycling.com\/pl\/2019\/02\/07\/5-top-trendow-rowerowych-na-2019-rok\/\" \/>\n<meta property=\"og:locale\" content=\"pl_PL\" \/>\n<meta property=\"og:type\" content=\"article\" \/>\n<meta property=\"og:title\" content=\"5 top trend\u00f3w rowerowych na 2019 rok\" \/>\n<meta property=\"og:description\" content=\"Bran\u017ca rowerowa wyhamowuje? Nic bardziej mylnego. Poznaj trendy, kt\u00f3re b\u0119d\u0105 dominowa\u0142y w tym roku. Jeden rower do wielu rzeczy Kilkoro [&hellip;]\" \/>\n<meta property=\"og:url\" content=\"https:\/\/www.welovecycling.com\/pl\/2019\/02\/07\/5-top-trendow-rowerowych-na-2019-rok\/\" \/>\n<meta property=\"og:site_name\" content=\"\u0160koda We Love Cycling - Poland\" \/>\n<meta property=\"article:published_time\" content=\"2019-02-07T15:38:49+00:00\" \/>\n<meta property=\"article:modified_time\" content=\"2019-03-26T17:17:13+00:00\" \/>\n<meta property=\"og:image\" content=\"https:\/\/d2p6e6u75xmxt8.cloudfront.net\/5\/2019\/02\/BYB-Telemetry-CVR-1024x450.jpg\" \/>\n\t<meta property=\"og:image:width\" content=\"1024\" \/>\n\t<meta property=\"og:image:height\" content=\"450\" \/>\n\t<meta property=\"og:image:type\" content=\"image\/jpeg\" \/>\n<meta name=\"author\" content=\"piotrboczkowski\" \/>\n<meta name=\"twitter:card\" content=\"summary_large_image\" \/>\n<meta name=\"twitter:label1\" content=\"Written by\" \/>\n\t<meta name=\"twitter:data1\" content=\"Christopher Ashley\" \/>\n\t<meta name=\"twitter:label2\" content=\"Est. reading time\" \/>\n\t<meta name=\"twitter:data2\" content=\"4\" \/>\n<script type=\"application\/ld+json\" class=\"yoast-schema-graph\">{\"@context\":\"https:\/\/schema.org\",\"@graph\":[{\"@type\":\"WebPage\",\"@id\":\"https:\/\/www.welovecycling.com\/pl\/2019\/02\/07\/5-top-trendow-rowerowych-na-2019-rok\/\",\"url\":\"https:\/\/www.welovecycling.com\/pl\/2019\/02\/07\/5-top-trendow-rowerowych-na-2019-rok\/\",\"name\":\"5 top trend\u00f3w rowerowych na 2019 rok - \u0160koda We Love Cycling - Poland\",\"isPartOf\":{\"@id\":\"https:\/\/www.welovecycling.com\/pl\/#website\"},\"primaryImageOfPage\":{\"@id\":\"https:\/\/www.welovecycling.com\/pl\/2019\/02\/07\/5-top-trendow-rowerowych-na-2019-rok\/#primaryimage\"},\"image\":{\"@id\":\"https:\/\/www.welovecycling.com\/pl\/2019\/02\/07\/5-top-trendow-rowerowych-na-2019-rok\/#primaryimage\"},\"thumbnailUrl\":\"https:\/\/d2p6e6u75xmxt8.cloudfront.net\/5\/2019\/02\/BYB-Telemetry-CVR-1024x450.jpg\",\"datePublished\":\"2019-02-07T15:38:49+00:00\",\"dateModified\":\"2019-03-26T17:17:13+00:00\",\"author\":{\"@id\":\"https:\/\/www.welovecycling.com\/pl\/#\/schema\/person\/0dba2d39da943db9df3fd8f4687e7f23\"},\"breadcrumb\":{\"@id\":\"https:\/\/www.welovecycling.com\/pl\/2019\/02\/07\/5-top-trendow-rowerowych-na-2019-rok\/#breadcrumb\"},\"inLanguage\":\"pl-PL\",\"potentialAction\":[{\"@type\":\"ReadAction\",\"target\":[\"https:\/\/www.welovecycling.com\/pl\/2019\/02\/07\/5-top-trendow-rowerowych-na-2019-rok\/\"]}]},{\"@type\":\"ImageObject\",\"inLanguage\":\"pl-PL\",\"@id\":\"https:\/\/www.welovecycling.com\/pl\/2019\/02\/07\/5-top-trendow-rowerowych-na-2019-rok\/#primaryimage\",\"url\":\"https:\/\/d2p6e6u75xmxt8.cloudfront.net\/5\/2019\/02\/BYB-Telemetry-CVR-1024x450.jpg\",\"contentUrl\":\"https:\/\/d2p6e6u75xmxt8.cloudfront.net\/5\/2019\/02\/BYB-Telemetry-CVR-1024x450.jpg\",\"width\":1024,\"height\":450},{\"@type\":\"BreadcrumbList\",\"@id\":\"https:\/\/www.welovecycling.com\/pl\/2019\/02\/07\/5-top-trendow-rowerowych-na-2019-rok\/#breadcrumb\",\"itemListElement\":[{\"@type\":\"ListItem\",\"position\":1,\"name\":\"Home\",\"item\":\"https:\/\/www.welovecycling.com\/pl\/\"},{\"@type\":\"ListItem\",\"position\":2,\"name\":\"5 top trend\u00f3w rowerowych na 2019 rok\"}]},{\"@type\":\"WebSite\",\"@id\":\"https:\/\/www.welovecycling.com\/pl\/#website\",\"url\":\"https:\/\/www.welovecycling.com\/pl\/\",\"name\":\"\u0160koda We Love Cycling - Poland\",\"description\":\"\",\"potentialAction\":[{\"@type\":\"SearchAction\",\"target\":{\"@type\":\"EntryPoint\",\"urlTemplate\":\"https:\/\/www.welovecycling.com\/pl\/?s={search_term_string}\"},\"query-input\":{\"@type\":\"PropertyValueSpecification\",\"valueRequired\":true,\"valueName\":\"search_term_string\"}}],\"inLanguage\":\"pl-PL\"},{\"@type\":\"Person\",\"@id\":\"https:\/\/www.welovecycling.com\/pl\/#\/schema\/person\/0dba2d39da943db9df3fd8f4687e7f23\",\"name\":\"piotrboczkowski\",\"image\":{\"@type\":\"ImageObject\",\"inLanguage\":\"pl-PL\",\"@id\":\"https:\/\/www.welovecycling.com\/pl\/#\/schema\/person\/image\/\",\"url\":\"https:\/\/secure.gravatar.com\/avatar\/533caccae14752e03a2ce2d3fd62d1b98b93e1393c3195c27819e53344ca1ace?s=96&d=mm&r=g\",\"contentUrl\":\"https:\/\/secure.gravatar.com\/avatar\/533caccae14752e03a2ce2d3fd62d1b98b93e1393c3195c27819e53344ca1ace?s=96&d=mm&r=g\",\"caption\":\"piotrboczkowski\"},\"url\":\"https:\/\/www.welovecycling.com\/pl\/author\/piotrboczkowski\/\"}]}<\/script>\n<!-- \/ Yoast SEO Premium plugin. -->","yoast_head_json":{"title":"5 top trend\u00f3w rowerowych na 2019 rok - \u0160koda We Love Cycling - Poland","robots":{"index":"index","follow":"follow","max-snippet":"max-snippet:-1","max-image-preview":"max-image-preview:large","max-video-preview":"max-video-preview:-1"},"canonical":"https:\/\/www.welovecycling.com\/pl\/2019\/02\/07\/5-top-trendow-rowerowych-na-2019-rok\/","og_locale":"pl_PL","og_type":"article","og_title":"5 top trend\u00f3w rowerowych na 2019 rok","og_description":"Bran\u017ca rowerowa wyhamowuje? Nic bardziej mylnego. Poznaj trendy, kt\u00f3re b\u0119d\u0105 dominowa\u0142y w tym roku. Jeden rower do wielu rzeczy Kilkoro [&hellip;]","og_url":"https:\/\/www.welovecycling.com\/pl\/2019\/02\/07\/5-top-trendow-rowerowych-na-2019-rok\/","og_site_name":"\u0160koda We Love Cycling - Poland","article_published_time":"2019-02-07T15:38:49+00:00","article_modified_time":"2019-03-26T17:17:13+00:00","og_image":[{"width":1024,"height":450,"url":"https:\/\/d2p6e6u75xmxt8.cloudfront.net\/5\/2019\/02\/BYB-Telemetry-CVR-1024x450.jpg","type":"image\/jpeg"}],"author":"piotrboczkowski","twitter_card":"summary_large_image","twitter_misc":{"Written by":"Christopher Ashley","Est. reading time":"4"},"schema":{"@context":"https:\/\/schema.org","@graph":[{"@type":"WebPage","@id":"https:\/\/www.welovecycling.com\/pl\/2019\/02\/07\/5-top-trendow-rowerowych-na-2019-rok\/","url":"https:\/\/www.welovecycling.com\/pl\/2019\/02\/07\/5-top-trendow-rowerowych-na-2019-rok\/","name":"5 top trend\u00f3w rowerowych na 2019 rok - \u0160koda We Love Cycling - Poland","isPartOf":{"@id":"https:\/\/www.welovecycling.com\/pl\/#website"},"primaryImageOfPage":{"@id":"https:\/\/www.welovecycling.com\/pl\/2019\/02\/07\/5-top-trendow-rowerowych-na-2019-rok\/#primaryimage"},"image":{"@id":"https:\/\/www.welovecycling.com\/pl\/2019\/02\/07\/5-top-trendow-rowerowych-na-2019-rok\/#primaryimage"},"thumbnailUrl":"https:\/\/d2p6e6u75xmxt8.cloudfront.net\/5\/2019\/02\/BYB-Telemetry-CVR-1024x450.jpg","datePublished":"2019-02-07T15:38:49+00:00","dateModified":"2019-03-26T17:17:13+00:00","author":{"@id":"https:\/\/www.welovecycling.com\/pl\/#\/schema\/person\/0dba2d39da943db9df3fd8f4687e7f23"},"breadcrumb":{"@id":"https:\/\/www.welovecycling.com\/pl\/2019\/02\/07\/5-top-trendow-rowerowych-na-2019-rok\/#breadcrumb"},"inLanguage":"pl-PL","potentialAction":[{"@type":"ReadAction","target":["https:\/\/www.welovecycling.com\/pl\/2019\/02\/07\/5-top-trendow-rowerowych-na-2019-rok\/"]}]},{"@type":"ImageObject","inLanguage":"pl-PL","@id":"https:\/\/www.welovecycling.com\/pl\/2019\/02\/07\/5-top-trendow-rowerowych-na-2019-rok\/#primaryimage","url":"https:\/\/d2p6e6u75xmxt8.cloudfront.net\/5\/2019\/02\/BYB-Telemetry-CVR-1024x450.jpg","contentUrl":"https:\/\/d2p6e6u75xmxt8.cloudfront.net\/5\/2019\/02\/BYB-Telemetry-CVR-1024x450.jpg","width":1024,"height":450},{"@type":"BreadcrumbList","@id":"https:\/\/www.welovecycling.com\/pl\/2019\/02\/07\/5-top-trendow-rowerowych-na-2019-rok\/#breadcrumb","itemListElement":[{"@type":"ListItem","position":1,"name":"Home","item":"https:\/\/www.welovecycling.com\/pl\/"},{"@type":"ListItem","position":2,"name":"5 top trend\u00f3w rowerowych na 2019 rok"}]},{"@type":"WebSite","@id":"https:\/\/www.welovecycling.com\/pl\/#website","url":"https:\/\/www.welovecycling.com\/pl\/","name":"\u0160koda We Love Cycling - Poland","description":"","potentialAction":[{"@type":"SearchAction","target":{"@type":"EntryPoint","urlTemplate":"https:\/\/www.welovecycling.com\/pl\/?s={search_term_string}"},"query-input":{"@type":"PropertyValueSpecification","valueRequired":true,"valueName":"search_term_string"}}],"inLanguage":"pl-PL"},{"@type":"Person","@id":"https:\/\/www.welovecycling.com\/pl\/#\/schema\/person\/0dba2d39da943db9df3fd8f4687e7f23","name":"piotrboczkowski","image":{"@type":"ImageObject","inLanguage":"pl-PL","@id":"https:\/\/www.welovecycling.com\/pl\/#\/schema\/person\/image\/","url":"https:\/\/secure.gravatar.com\/avatar\/533caccae14752e03a2ce2d3fd62d1b98b93e1393c3195c27819e53344ca1ace?s=96&d=mm&r=g","contentUrl":"https:\/\/secure.gravatar.com\/avatar\/533caccae14752e03a2ce2d3fd62d1b98b93e1393c3195c27819e53344ca1ace?s=96&d=mm&r=g","caption":"piotrboczkowski"},"url":"https:\/\/www.welovecycling.com\/pl\/author\/piotrboczkowski\/"}]}},"_links":{"self":[{"href":"https:\/\/www.welovecycling.com\/pl\/wp-json\/wp\/v2\/posts\/8496","targetHints":{"allow":["GET"]}}],"collection":[{"href":"https:\/\/www.welovecycling.com\/pl\/wp-json\/wp\/v2\/posts"}],"about":[{"href":"https:\/\/www.welovecycling.com\/pl\/wp-json\/wp\/v2\/types\/post"}],"author":[{"embeddable":true,"href":"https:\/\/www.welovecycling.com\/pl\/wp-json\/wp\/v2\/users\/76"}],"replies":[{"embeddable":true,"href":"https:\/\/www.welovecycling.com\/pl\/wp-json\/wp\/v2\/comments?post=8496"}],"version-history":[{"count":2,"href":"https:\/\/www.welovecycling.com\/pl\/wp-json\/wp\/v2\/posts\/8496\/revisions"}],"predecessor-version":[{"id":8728,"href":"https:\/\/www.welovecycling.com\/pl\/wp-json\/wp\/v2\/posts\/8496\/revisions\/8728"}],"wp:featuredmedia":[{"embeddable":true,"href":"https:\/\/www.welovecycling.com\/pl\/wp-json\/wp\/v2\/media\/8502"}],"wp:attachment":[{"href":"https:\/\/www.welovecycling.com\/pl\/wp-json\/wp\/v2\/media?parent=8496"}],"wp:term":[{"taxonomy":"category","embeddable":true,"href":"https:\/\/www.welovecycling.com\/pl\/wp-json\/wp\/v2\/categories?post=8496"},{"taxonomy":"post_tag","embeddable":true,"href":"https:\/\/www.welovecycling.com\/pl\/wp-json\/wp\/v2\/tags?post=8496"},{"taxonomy":"global-categories","embeddable":true,"href":"https:\/\/www.welovecycling.com\/pl\/wp-json\/wp\/v2\/global-categories?post=8496"}],"curies":[{"name":"wp","href":"https:\/\/api.w.org\/{rel}","templated":true}]}}