{"id":849,"date":"2016-04-01T15:00:21","date_gmt":"2016-04-01T15:00:21","guid":{"rendered":"http:\/\/skoda-rowery.pl\/?p=849"},"modified":"2016-12-05T09:54:15","modified_gmt":"2016-12-05T09:54:15","slug":"wez-udzial-w-wyscigu-velo-torun","status":"publish","type":"post","link":"https:\/\/www.welovecycling.com\/pl\/2016\/04\/01\/wez-udzial-w-wyscigu-velo-torun\/","title":{"rendered":"We\u017a udzia\u0142 w wy\u015bcigu Velo Toru\u0144"},"content":{"rendered":"<p style=\"text-align: justify\">Ruszy\u0142y zapisy na kolejn\u0105 edycj\u0119 wielkiego wy\u015bcigu kolarskiego Velo Toru\u0144, kt\u00f3ry odb\u0119dzie si\u0119 tym razem 8 maja. Start na ulicy Bema.<!--more--><\/p>\n<p style=\"text-align: justify\">Je\u017adzisz na rowerze? Je\u015bli tak, to koniecznie zarejestruj si\u0119 na wy\u015bcig. Toru\u0144ski event rowerowy to \u015bwietna okazja do sprawdzenia si\u0119 na wybranym przez siebie dystansie oraz pretekst do wsp\u00f3lnej zabawy razem ze \u0160KOD\u0104. Co wi\u0119cej, udzia\u0142 w wy\u015bcigu potwierdzi\u0142 sam Micha\u0142 Kwiatkowski.<\/p>\n<p style=\"text-align: justify\">Nie musisz by\u0107 profesjonalnym zawodnikiem, \u017ceby wzi\u0105\u0107 udzia\u0142 w Velo Toru\u0144. W tym roku organizatorzy przygotowali cztery trasy \u2013 kt\u00f3r\u0105 z nich wybierzesz? Dla os\u00f3b ze starszymi dzie\u0107mi polecamy dystans rodzinny \u2013 \u0160koda Family Challenge (15 km) rozgrywany w formie gry miejskiej. Natomiast dla tych, kt\u00f3rzy zaczynaj\u0105 przygod\u0119 z kolarstwem na powa\u017cnie odpowiedni b\u0119dzie dystans MINI (30 km).<\/p>\n<p style=\"text-align: justify\">Je\u015bli je\u017adzisz profesjonalnie wybierz dystans MEGA (60 km) lub GIGA (100 km). Pami\u0119taj jednak, \u017ce do wystartowania w tym drugim potrzebny Ci b\u0119dzie rower szosowy. UWAGA: ka\u017cdy zawodnik wy\u015bcigu musi startowa\u0107 w kasku rowerowym.<\/p>\n<p style=\"text-align: justify\"><img loading=\"lazy\" decoding=\"async\" class=\"alignnone size-large wp-image-851\" src=\"http:\/\/skoda-rowery.pl\/wp-content\/uploads\/2016\/04\/Velo-Torun-2015_193_O0C7250_frqzan-1024x682.jpeg\" alt=\"Velo Torun 2015_193_O0C7250_frqzan\" width=\"1024\" height=\"682\" srcset=\"https:\/\/d2p6e6u75xmxt8.cloudfront.net\/5\/2016\/04\/Velo-Torun-2015_193_O0C7250_frqzan-1024x682.jpeg 1024w, https:\/\/d2p6e6u75xmxt8.cloudfront.net\/5\/2016\/04\/Velo-Torun-2015_193_O0C7250_frqzan-300x200.jpeg 300w, https:\/\/d2p6e6u75xmxt8.cloudfront.net\/5\/2016\/04\/Velo-Torun-2015_193_O0C7250_frqzan-768x512.jpeg 768w, https:\/\/d2p6e6u75xmxt8.cloudfront.net\/5\/2016\/04\/Velo-Torun-2015_193_O0C7250_frqzan-272x182.jpeg 272w, https:\/\/d2p6e6u75xmxt8.cloudfront.net\/5\/2016\/04\/Velo-Torun-2015_193_O0C7250_frqzan.jpeg 2000w\" sizes=\"auto, (max-width: 1024px) 100vw, 1024px\" \/><\/p>\n<p style=\"text-align: justify\">Podczas wy\u015bcigu i w strefach dla kibic\u00f3w nie zabraknie atrakcji dla doros\u0142ych i dla dzieci. Dodatkowo, w miasteczku kibica, Akademia Copernicus przygotuje wy\u015bcigi dla najm\u0142odszych na kr\u00f3tkich, kilkusetmetrowych dystansach. Zobacz jak by\u0142o rok temu i nie zastanawiaj si\u0119 d\u0142u\u017cej!<\/p>\n<p style=\"text-align: justify\">\n<p style=\"text-align: justify\">To jak, widzimy si\u0119 w Toruniu? Zapraszamy! \u0160koda Nap\u0119dza Rowery w czasie Velo Toru\u0144.<\/p>\n<p style=\"text-align: justify\">Zapisy: www.velotorun.com\/<\/p>\n<p style=\"text-align: justify\">\n","protected":false},"excerpt":{"rendered":"<p>Ruszy\u0142y zapisy na kolejn\u0105 edycj\u0119 wielkiego wy\u015bcigu kolarskiego Velo Toru\u0144, kt\u00f3ry odb\u0119dzie si\u0119 tym razem 8 maja. Start na ulicy [&hellip;]<\/p>\n","protected":false},"author":1,"featured_media":850,"comment_status":"closed","ping_status":"closed","sticky":false,"template":"","format":"standard","meta":{"footnotes":""},"categories":[1],"tags":[],"global-categories":[],"class_list":["post-849","post","type-post","status-publish","format-standard","has-post-thumbnail","hentry","category-uncategorized"],"yoast_head":"<!-- This site is optimized with the Yoast SEO Premium plugin v25.3 (Yoast SEO v25.9) - https:\/\/yoast.com\/wordpress\/plugins\/seo\/ -->\n<title>We\u017a udzia\u0142 w wy\u015bcigu Velo Toru\u0144 - \u0160koda We Love Cycling - Poland<\/title>\n<meta name=\"robots\" content=\"index, follow, max-snippet:-1, max-image-preview:large, max-video-preview:-1\" \/>\n<link rel=\"canonical\" href=\"https:\/\/www.welovecycling.com\/pl\/2016\/04\/01\/wez-udzial-w-wyscigu-velo-torun\/\" \/>\n<meta property=\"og:locale\" content=\"pl_PL\" \/>\n<meta property=\"og:type\" content=\"article\" \/>\n<meta property=\"og:title\" content=\"We\u017a udzia\u0142 w wy\u015bcigu Velo Toru\u0144\" \/>\n<meta property=\"og:description\" content=\"Ruszy\u0142y zapisy na kolejn\u0105 edycj\u0119 wielkiego wy\u015bcigu kolarskiego Velo Toru\u0144, kt\u00f3ry odb\u0119dzie si\u0119 tym razem 8 maja. Start na ulicy [&hellip;]\" \/>\n<meta property=\"og:url\" content=\"https:\/\/www.welovecycling.com\/pl\/2016\/04\/01\/wez-udzial-w-wyscigu-velo-torun\/\" \/>\n<meta property=\"og:site_name\" content=\"\u0160koda We Love Cycling - Poland\" \/>\n<meta property=\"article:published_time\" content=\"2016-04-01T15:00:21+00:00\" \/>\n<meta property=\"article:modified_time\" content=\"2016-12-05T09:54:15+00:00\" \/>\n<meta property=\"og:image\" content=\"https:\/\/d2p6e6u75xmxt8.cloudfront.net\/5\/2016\/04\/Velo-Torun-2015_130_EZ3A2475_wzwbry.jpeg\" \/>\n\t<meta property=\"og:image:width\" content=\"2000\" \/>\n\t<meta property=\"og:image:height\" content=\"1333\" \/>\n\t<meta property=\"og:image:type\" content=\"image\/jpeg\" \/>\n<meta name=\"author\" content=\"WeLoveCycling\" \/>\n<meta name=\"twitter:card\" content=\"summary_large_image\" \/>\n<meta name=\"twitter:label1\" content=\"Written by\" \/>\n\t<meta name=\"twitter:data1\" content=\"WeLoveCycling\" \/>\n\t<meta name=\"twitter:label2\" content=\"Est. reading time\" \/>\n\t<meta name=\"twitter:data2\" content=\"1 minute\" \/>\n<script type=\"application\/ld+json\" class=\"yoast-schema-graph\">{\"@context\":\"https:\/\/schema.org\",\"@graph\":[{\"@type\":\"WebPage\",\"@id\":\"https:\/\/www.welovecycling.com\/pl\/2016\/04\/01\/wez-udzial-w-wyscigu-velo-torun\/\",\"url\":\"https:\/\/www.welovecycling.com\/pl\/2016\/04\/01\/wez-udzial-w-wyscigu-velo-torun\/\",\"name\":\"We\u017a udzia\u0142 w wy\u015bcigu Velo Toru\u0144 - \u0160koda We Love Cycling - Poland\",\"isPartOf\":{\"@id\":\"https:\/\/www.welovecycling.com\/pl\/#website\"},\"primaryImageOfPage\":{\"@id\":\"https:\/\/www.welovecycling.com\/pl\/2016\/04\/01\/wez-udzial-w-wyscigu-velo-torun\/#primaryimage\"},\"image\":{\"@id\":\"https:\/\/www.welovecycling.com\/pl\/2016\/04\/01\/wez-udzial-w-wyscigu-velo-torun\/#primaryimage\"},\"thumbnailUrl\":\"https:\/\/d2p6e6u75xmxt8.cloudfront.net\/5\/2016\/04\/Velo-Torun-2015_130_EZ3A2475_wzwbry.jpeg\",\"datePublished\":\"2016-04-01T15:00:21+00:00\",\"dateModified\":\"2016-12-05T09:54:15+00:00\",\"author\":{\"@id\":\"https:\/\/www.welovecycling.com\/pl\/#\/schema\/person\/e5187c9cac8dd619ebc7b41bd73c2fd9\"},\"breadcrumb\":{\"@id\":\"https:\/\/www.welovecycling.com\/pl\/2016\/04\/01\/wez-udzial-w-wyscigu-velo-torun\/#breadcrumb\"},\"inLanguage\":\"pl-PL\",\"potentialAction\":[{\"@type\":\"ReadAction\",\"target\":[\"https:\/\/www.welovecycling.com\/pl\/2016\/04\/01\/wez-udzial-w-wyscigu-velo-torun\/\"]}]},{\"@type\":\"ImageObject\",\"inLanguage\":\"pl-PL\",\"@id\":\"https:\/\/www.welovecycling.com\/pl\/2016\/04\/01\/wez-udzial-w-wyscigu-velo-torun\/#primaryimage\",\"url\":\"https:\/\/d2p6e6u75xmxt8.cloudfront.net\/5\/2016\/04\/Velo-Torun-2015_130_EZ3A2475_wzwbry.jpeg\",\"contentUrl\":\"https:\/\/d2p6e6u75xmxt8.cloudfront.net\/5\/2016\/04\/Velo-Torun-2015_130_EZ3A2475_wzwbry.jpeg\",\"width\":2000,\"height\":1333},{\"@type\":\"BreadcrumbList\",\"@id\":\"https:\/\/www.welovecycling.com\/pl\/2016\/04\/01\/wez-udzial-w-wyscigu-velo-torun\/#breadcrumb\",\"itemListElement\":[{\"@type\":\"ListItem\",\"position\":1,\"name\":\"Home\",\"item\":\"https:\/\/www.welovecycling.com\/pl\/\"},{\"@type\":\"ListItem\",\"position\":2,\"name\":\"We\u017a udzia\u0142 w wy\u015bcigu Velo Toru\u0144\"}]},{\"@type\":\"WebSite\",\"@id\":\"https:\/\/www.welovecycling.com\/pl\/#website\",\"url\":\"https:\/\/www.welovecycling.com\/pl\/\",\"name\":\"\u0160koda We Love Cycling - Poland\",\"description\":\"\",\"potentialAction\":[{\"@type\":\"SearchAction\",\"target\":{\"@type\":\"EntryPoint\",\"urlTemplate\":\"https:\/\/www.welovecycling.com\/pl\/?s={search_term_string}\"},\"query-input\":{\"@type\":\"PropertyValueSpecification\",\"valueRequired\":true,\"valueName\":\"search_term_string\"}}],\"inLanguage\":\"pl-PL\"},{\"@type\":\"Person\",\"@id\":\"https:\/\/www.welovecycling.com\/pl\/#\/schema\/person\/e5187c9cac8dd619ebc7b41bd73c2fd9\",\"name\":\"WeLoveCycling\",\"image\":{\"@type\":\"ImageObject\",\"inLanguage\":\"pl-PL\",\"@id\":\"https:\/\/www.welovecycling.com\/pl\/#\/schema\/person\/image\/\",\"url\":\"https:\/\/secure.gravatar.com\/avatar\/7e1ee0ecc5e294b19ef32b9f6086e0afbb9da00c3cb0d465ba4695331f4a9187?s=96&d=mm&r=g\",\"contentUrl\":\"https:\/\/secure.gravatar.com\/avatar\/7e1ee0ecc5e294b19ef32b9f6086e0afbb9da00c3cb0d465ba4695331f4a9187?s=96&d=mm&r=g\",\"caption\":\"WeLoveCycling\"},\"url\":\"https:\/\/www.welovecycling.com\/pl\/author\/lukascech\/\"}]}<\/script>\n<!-- \/ Yoast SEO Premium plugin. -->","yoast_head_json":{"title":"We\u017a udzia\u0142 w wy\u015bcigu Velo Toru\u0144 - \u0160koda We Love Cycling - Poland","robots":{"index":"index","follow":"follow","max-snippet":"max-snippet:-1","max-image-preview":"max-image-preview:large","max-video-preview":"max-video-preview:-1"},"canonical":"https:\/\/www.welovecycling.com\/pl\/2016\/04\/01\/wez-udzial-w-wyscigu-velo-torun\/","og_locale":"pl_PL","og_type":"article","og_title":"We\u017a udzia\u0142 w wy\u015bcigu Velo Toru\u0144","og_description":"Ruszy\u0142y zapisy na kolejn\u0105 edycj\u0119 wielkiego wy\u015bcigu kolarskiego Velo Toru\u0144, kt\u00f3ry odb\u0119dzie si\u0119 tym razem 8 maja. Start na ulicy [&hellip;]","og_url":"https:\/\/www.welovecycling.com\/pl\/2016\/04\/01\/wez-udzial-w-wyscigu-velo-torun\/","og_site_name":"\u0160koda We Love Cycling - Poland","article_published_time":"2016-04-01T15:00:21+00:00","article_modified_time":"2016-12-05T09:54:15+00:00","og_image":[{"width":2000,"height":1333,"url":"https:\/\/d2p6e6u75xmxt8.cloudfront.net\/5\/2016\/04\/Velo-Torun-2015_130_EZ3A2475_wzwbry.jpeg","type":"image\/jpeg"}],"author":"WeLoveCycling","twitter_card":"summary_large_image","twitter_misc":{"Written by":"WeLoveCycling","Est. reading time":"1 minute"},"schema":{"@context":"https:\/\/schema.org","@graph":[{"@type":"WebPage","@id":"https:\/\/www.welovecycling.com\/pl\/2016\/04\/01\/wez-udzial-w-wyscigu-velo-torun\/","url":"https:\/\/www.welovecycling.com\/pl\/2016\/04\/01\/wez-udzial-w-wyscigu-velo-torun\/","name":"We\u017a udzia\u0142 w wy\u015bcigu Velo Toru\u0144 - \u0160koda We Love Cycling - Poland","isPartOf":{"@id":"https:\/\/www.welovecycling.com\/pl\/#website"},"primaryImageOfPage":{"@id":"https:\/\/www.welovecycling.com\/pl\/2016\/04\/01\/wez-udzial-w-wyscigu-velo-torun\/#primaryimage"},"image":{"@id":"https:\/\/www.welovecycling.com\/pl\/2016\/04\/01\/wez-udzial-w-wyscigu-velo-torun\/#primaryimage"},"thumbnailUrl":"https:\/\/d2p6e6u75xmxt8.cloudfront.net\/5\/2016\/04\/Velo-Torun-2015_130_EZ3A2475_wzwbry.jpeg","datePublished":"2016-04-01T15:00:21+00:00","dateModified":"2016-12-05T09:54:15+00:00","author":{"@id":"https:\/\/www.welovecycling.com\/pl\/#\/schema\/person\/e5187c9cac8dd619ebc7b41bd73c2fd9"},"breadcrumb":{"@id":"https:\/\/www.welovecycling.com\/pl\/2016\/04\/01\/wez-udzial-w-wyscigu-velo-torun\/#breadcrumb"},"inLanguage":"pl-PL","potentialAction":[{"@type":"ReadAction","target":["https:\/\/www.welovecycling.com\/pl\/2016\/04\/01\/wez-udzial-w-wyscigu-velo-torun\/"]}]},{"@type":"ImageObject","inLanguage":"pl-PL","@id":"https:\/\/www.welovecycling.com\/pl\/2016\/04\/01\/wez-udzial-w-wyscigu-velo-torun\/#primaryimage","url":"https:\/\/d2p6e6u75xmxt8.cloudfront.net\/5\/2016\/04\/Velo-Torun-2015_130_EZ3A2475_wzwbry.jpeg","contentUrl":"https:\/\/d2p6e6u75xmxt8.cloudfront.net\/5\/2016\/04\/Velo-Torun-2015_130_EZ3A2475_wzwbry.jpeg","width":2000,"height":1333},{"@type":"BreadcrumbList","@id":"https:\/\/www.welovecycling.com\/pl\/2016\/04\/01\/wez-udzial-w-wyscigu-velo-torun\/#breadcrumb","itemListElement":[{"@type":"ListItem","position":1,"name":"Home","item":"https:\/\/www.welovecycling.com\/pl\/"},{"@type":"ListItem","position":2,"name":"We\u017a udzia\u0142 w wy\u015bcigu Velo Toru\u0144"}]},{"@type":"WebSite","@id":"https:\/\/www.welovecycling.com\/pl\/#website","url":"https:\/\/www.welovecycling.com\/pl\/","name":"\u0160koda We Love Cycling - Poland","description":"","potentialAction":[{"@type":"SearchAction","target":{"@type":"EntryPoint","urlTemplate":"https:\/\/www.welovecycling.com\/pl\/?s={search_term_string}"},"query-input":{"@type":"PropertyValueSpecification","valueRequired":true,"valueName":"search_term_string"}}],"inLanguage":"pl-PL"},{"@type":"Person","@id":"https:\/\/www.welovecycling.com\/pl\/#\/schema\/person\/e5187c9cac8dd619ebc7b41bd73c2fd9","name":"WeLoveCycling","image":{"@type":"ImageObject","inLanguage":"pl-PL","@id":"https:\/\/www.welovecycling.com\/pl\/#\/schema\/person\/image\/","url":"https:\/\/secure.gravatar.com\/avatar\/7e1ee0ecc5e294b19ef32b9f6086e0afbb9da00c3cb0d465ba4695331f4a9187?s=96&d=mm&r=g","contentUrl":"https:\/\/secure.gravatar.com\/avatar\/7e1ee0ecc5e294b19ef32b9f6086e0afbb9da00c3cb0d465ba4695331f4a9187?s=96&d=mm&r=g","caption":"WeLoveCycling"},"url":"https:\/\/www.welovecycling.com\/pl\/author\/lukascech\/"}]}},"_links":{"self":[{"href":"https:\/\/www.welovecycling.com\/pl\/wp-json\/wp\/v2\/posts\/849","targetHints":{"allow":["GET"]}}],"collection":[{"href":"https:\/\/www.welovecycling.com\/pl\/wp-json\/wp\/v2\/posts"}],"about":[{"href":"https:\/\/www.welovecycling.com\/pl\/wp-json\/wp\/v2\/types\/post"}],"author":[{"embeddable":true,"href":"https:\/\/www.welovecycling.com\/pl\/wp-json\/wp\/v2\/users\/1"}],"replies":[{"embeddable":true,"href":"https:\/\/www.welovecycling.com\/pl\/wp-json\/wp\/v2\/comments?post=849"}],"version-history":[{"count":1,"href":"https:\/\/www.welovecycling.com\/pl\/wp-json\/wp\/v2\/posts\/849\/revisions"}],"predecessor-version":[{"id":2477,"href":"https:\/\/www.welovecycling.com\/pl\/wp-json\/wp\/v2\/posts\/849\/revisions\/2477"}],"wp:featuredmedia":[{"embeddable":true,"href":"https:\/\/www.welovecycling.com\/pl\/wp-json\/wp\/v2\/media\/850"}],"wp:attachment":[{"href":"https:\/\/www.welovecycling.com\/pl\/wp-json\/wp\/v2\/media?parent=849"}],"wp:term":[{"taxonomy":"category","embeddable":true,"href":"https:\/\/www.welovecycling.com\/pl\/wp-json\/wp\/v2\/categories?post=849"},{"taxonomy":"post_tag","embeddable":true,"href":"https:\/\/www.welovecycling.com\/pl\/wp-json\/wp\/v2\/tags?post=849"},{"taxonomy":"global-categories","embeddable":true,"href":"https:\/\/www.welovecycling.com\/pl\/wp-json\/wp\/v2\/global-categories?post=849"}],"curies":[{"name":"wp","href":"https:\/\/api.w.org\/{rel}","templated":true}]}}