{"id":8452,"date":"2019-01-31T19:05:00","date_gmt":"2019-01-31T19:05:00","guid":{"rendered":"https:\/\/www.welovecycling.com\/pl\/?p=8452"},"modified":"2019-02-03T19:48:07","modified_gmt":"2019-02-03T19:48:07","slug":"rowery-z-recyklingu-sa-bardziej-niz-cool","status":"publish","type":"post","link":"https:\/\/www.welovecycling.com\/pl\/2019\/01\/31\/rowery-z-recyklingu-sa-bardziej-niz-cool\/","title":{"rendered":"Rowery z recyklingu s\u0105 bardziej ni\u017c cool"},"content":{"rendered":"<p><strong>Recykling to wa\u017cna sprawa! Je\u015bli nie chcesz przyczynia\u0107 si\u0119 do \u015bmierci wieloryb\u00f3w, kt\u00f3re gin\u0105, bo ich \u017co\u0142\u0105dki pe\u0142ne s\u0105 zu\u017cytych opon i plastikowych butelek, to mo\u017ce warto si\u0119ga\u0107 po rzeczy z drugiej r\u0119ki, na przyk\u0142ad po u\u017cywany rower.<\/strong><\/p>\n<p>&nbsp;<\/p>\n<p>Nie wida\u0107 tego na pierwszy rzut oka, ale porzucone rowery stanowi\u0105 powa\u017cny problem. W kilku chi\u0144skich miastach tysi\u0105cami bezpa\u0144skich rower\u00f3w musia\u0142 zaj\u0105\u0107 si\u0119 rz\u0105d, poniewa\u017c blokowa\u0142y one drogi i chodniki. Zamiast odsy\u0142a\u0107 je do wypo\u017cyczalni, u\u017cywane rowery znalaz\u0142y swoje miejsce w magazynach.<\/p>\n<p><a href=\"https:\/\/d2p6e6u75xmxt8.cloudfront.net\/5\/2019\/02\/2666-768x461.jpg\"><img loading=\"lazy\" decoding=\"async\" class=\"aligncenter size-full wp-image-8455\" src=\"https:\/\/d2p6e6u75xmxt8.cloudfront.net\/5\/2019\/02\/2666-768x461.jpg\" alt=\"\" width=\"768\" height=\"461\" srcset=\"https:\/\/d2p6e6u75xmxt8.cloudfront.net\/5\/2019\/02\/2666-768x461.jpg 768w, https:\/\/d2p6e6u75xmxt8.cloudfront.net\/5\/2019\/02\/2666-768x461-300x180.jpg 300w\" sizes=\"auto, (max-width: 768px) 100vw, 768px\" \/><\/a><\/p>\n<p>Nawet agencje non-profit, na przyk\u0142ad Bikes for the World, kt\u00f3re zbieraj\u0105 stary sprz\u0119t i dostarczaj\u0105 go do takich kraj\u00f3w jak Ghana, Filipiny czy Sierra Leone, zwracaj\u0105 uwag\u0119 na to, \u017ce recykling jest skomplikowany, poniewa\u017c wi\u0119kszo\u015b\u0107 z tych rower\u00f3w zbudowana jest z cz\u0119\u015bci, kt\u00f3re s\u0105 prawnie zastrze\u017cone, i sk\u0142adanie ich przez niezale\u017cnych mechanik\u00f3w staje si\u0119 praktycznie niemo\u017cliwe.<\/p>\n<p>Na szcz\u0119\u015bcie wida\u0107 jakie\u015b \u015bwiate\u0142ko w tunelu. Jedna z najwi\u0119kszych chi\u0144skich sp\u00f3\u0142ek w bran\u017cy rowerowej przekaza\u0142a 600 u\u017cywanych rower\u00f3w nowym w\u0142a\u015bcicielom w Puerto Rico po tym, jak huragan Maria nawiedzi\u0142 wysp\u0119.<\/p>\n<div class=\"embed-controller-wrapper\">\n<div class=\"embed-wrapper\"><iframe title=\"Ofo, JJ Barea Foundation donate 600 bikes to Puerto Rico\" width=\"500\" height=\"281\" data-src=\"https:\/\/www.youtube.com\/embed\/d4EICr3r9-E?feature=oembed\" frameborder=\"0\" allow=\"accelerometer; autoplay; clipboard-write; encrypted-media; gyroscope; picture-in-picture; web-share\" referrerpolicy=\"strict-origin-when-cross-origin\" allowfullscreen><\/iframe><\/div>\n<\/div>\n<p>Porzucone rowery to nie tylko chi\u0144ski problem. W Amsterdamie oko\u0142o 54\u00a0000 rower\u00f3w rocznie konfiskowanych jest przez policj\u0119, kt\u00f3ra zabiera je do centralnej bazy rowerowej. Niekt\u00f3re z nich ostatecznie odbieraj\u0105 w\u0142a\u015bciciele, jednak wi\u0119kszo\u015b\u0107 jest rozbierana na cz\u0119\u015bci, a ramy ci\u0119te na kawa\u0142ki.<\/p>\n<p>W Niemczech recykling rower\u00f3w cieszy si\u0119 coraz wi\u0119ksz\u0105 popularno\u015bci\u0105 \u2013 niemal w ka\u017cdym wi\u0119kszym mie\u015bcie mo\u017cna znale\u017a\u0107 wiele ma\u0142ych warsztat\u00f3w lub gara\u017cy, kt\u00f3re zajmuj\u0105 si\u0119 odnawianiem i odsprzedawaniem u\u017cywanych i niechcianych rower\u00f3w. Firmy takie jak The New Bikes from the Last Millennium z Melle lub Recycling Bikes Berlin gromadz\u0105 porzucone rowery, \u017ceby wyremontowa\u0107 je w przysz\u0142o\u015bci.<\/p>\n<p><a href=\"https:\/\/d2p6e6u75xmxt8.cloudfront.net\/5\/2019\/02\/bicycles-recycling-bikes-were-old-gathered-to-recycle-32369986-768x512.jpg\"><img loading=\"lazy\" decoding=\"async\" class=\"aligncenter size-full wp-image-8454\" src=\"https:\/\/d2p6e6u75xmxt8.cloudfront.net\/5\/2019\/02\/bicycles-recycling-bikes-were-old-gathered-to-recycle-32369986-768x512.jpg\" alt=\"\" width=\"768\" height=\"512\" srcset=\"https:\/\/d2p6e6u75xmxt8.cloudfront.net\/5\/2019\/02\/bicycles-recycling-bikes-were-old-gathered-to-recycle-32369986-768x512.jpg 768w, https:\/\/d2p6e6u75xmxt8.cloudfront.net\/5\/2019\/02\/bicycles-recycling-bikes-were-old-gathered-to-recycle-32369986-768x512-300x200.jpg 300w, https:\/\/d2p6e6u75xmxt8.cloudfront.net\/5\/2019\/02\/bicycles-recycling-bikes-were-old-gathered-to-recycle-32369986-768x512-272x182.jpg 272w\" sizes=\"auto, (max-width: 768px) 100vw, 768px\" \/><\/a><\/p>\n<p>Jak dok\u0142adnie wygl\u0105da recykling rower\u00f3w? Najpierw s\u0105 czyszczone i rozbierane na cz\u0119\u015bci, potem usuwa si\u0119 z nich rdz\u0119 i odmalowuje. Cz\u0119\u015bci, kt\u00f3re mo\u017cna b\u0119dzie jeszcze ponownie wykorzysta\u0107, zostawia si\u0119, a te uszkodzone \u2013 zast\u0119puje nowymi. Po ponownym z\u0142o\u017ceniu rowery jad\u0105 do swoich nowych w\u0142a\u015bcicieli. Cz\u0119\u015bci, kt\u00f3rych nie da si\u0119 ju\u017c w \u017caden spos\u00f3b naprawi\u0107, mo\u017cna u\u017cy\u0107 do wykonania lub ozdobienia r\u0119cznie robionych oryginalnych mebli.<\/p>\n<p>&nbsp;<\/p>\n<p>Artyku\u0142 powsta\u0142 we wsp\u00f3\u0142pracy ze\u00a0<a href=\"http:\/\/www.skoda-auto.pl\/\">skoda-auto.pl<\/a><\/p>\n","protected":false},"excerpt":{"rendered":"<p>Recykling to wa\u017cna sprawa! Je\u015bli nie chcesz przyczynia\u0107 si\u0119 do \u015bmierci wieloryb\u00f3w, kt\u00f3re gin\u0105, bo ich \u017co\u0142\u0105dki pe\u0142ne s\u0105 zu\u017cytych [&hellip;]<\/p>\n","protected":false},"author":76,"featured_media":8453,"comment_status":"open","ping_status":"open","sticky":false,"template":"","format":"standard","meta":{"footnotes":""},"categories":[226],"tags":[],"global-categories":[],"class_list":["post-8452","post","type-post","status-publish","format-standard","has-post-thumbnail","hentry","category-ciekawostki"],"yoast_head":"<!-- This site is optimized with the Yoast SEO Premium plugin v25.3 (Yoast SEO v25.9) - https:\/\/yoast.com\/wordpress\/plugins\/seo\/ -->\n<title>Rowery z recyklingu s\u0105 bardziej ni\u017c cool - \u0160koda We Love Cycling - Poland<\/title>\n<meta name=\"robots\" content=\"index, follow, max-snippet:-1, max-image-preview:large, max-video-preview:-1\" \/>\n<link rel=\"canonical\" href=\"https:\/\/www.welovecycling.com\/pl\/2019\/01\/31\/rowery-z-recyklingu-sa-bardziej-niz-cool\/\" \/>\n<meta property=\"og:locale\" content=\"pl_PL\" \/>\n<meta property=\"og:type\" content=\"article\" \/>\n<meta property=\"og:title\" content=\"Rowery z recyklingu s\u0105 bardziej ni\u017c cool\" \/>\n<meta property=\"og:description\" content=\"Recykling to wa\u017cna sprawa! Je\u015bli nie chcesz przyczynia\u0107 si\u0119 do \u015bmierci wieloryb\u00f3w, kt\u00f3re gin\u0105, bo ich \u017co\u0142\u0105dki pe\u0142ne s\u0105 zu\u017cytych [&hellip;]\" \/>\n<meta property=\"og:url\" content=\"https:\/\/www.welovecycling.com\/pl\/2019\/01\/31\/rowery-z-recyklingu-sa-bardziej-niz-cool\/\" \/>\n<meta property=\"og:site_name\" content=\"\u0160koda We Love Cycling - Poland\" \/>\n<meta property=\"article:published_time\" content=\"2019-01-31T19:05:00+00:00\" \/>\n<meta property=\"article:modified_time\" content=\"2019-02-03T19:48:07+00:00\" \/>\n<meta property=\"og:image\" content=\"https:\/\/d2p6e6u75xmxt8.cloudfront.net\/5\/2019\/02\/recCVR-1024x450.jpg\" \/>\n\t<meta property=\"og:image:width\" content=\"1024\" \/>\n\t<meta property=\"og:image:height\" content=\"450\" \/>\n\t<meta property=\"og:image:type\" content=\"image\/jpeg\" \/>\n<meta name=\"author\" content=\"piotrboczkowski\" \/>\n<meta name=\"twitter:card\" content=\"summary_large_image\" \/>\n<meta name=\"twitter:label1\" content=\"Written by\" \/>\n\t<meta name=\"twitter:data1\" content=\"Adam Marsal\" \/>\n\t<meta name=\"twitter:label2\" content=\"Est. reading time\" \/>\n\t<meta name=\"twitter:data2\" content=\"4\" \/>\n<script type=\"application\/ld+json\" class=\"yoast-schema-graph\">{\"@context\":\"https:\/\/schema.org\",\"@graph\":[{\"@type\":\"WebPage\",\"@id\":\"https:\/\/www.welovecycling.com\/pl\/2019\/01\/31\/rowery-z-recyklingu-sa-bardziej-niz-cool\/\",\"url\":\"https:\/\/www.welovecycling.com\/pl\/2019\/01\/31\/rowery-z-recyklingu-sa-bardziej-niz-cool\/\",\"name\":\"Rowery z recyklingu s\u0105 bardziej ni\u017c cool - \u0160koda We Love Cycling - Poland\",\"isPartOf\":{\"@id\":\"https:\/\/www.welovecycling.com\/pl\/#website\"},\"primaryImageOfPage\":{\"@id\":\"https:\/\/www.welovecycling.com\/pl\/2019\/01\/31\/rowery-z-recyklingu-sa-bardziej-niz-cool\/#primaryimage\"},\"image\":{\"@id\":\"https:\/\/www.welovecycling.com\/pl\/2019\/01\/31\/rowery-z-recyklingu-sa-bardziej-niz-cool\/#primaryimage\"},\"thumbnailUrl\":\"https:\/\/d2p6e6u75xmxt8.cloudfront.net\/5\/2019\/02\/recCVR-1024x450.jpg\",\"datePublished\":\"2019-01-31T19:05:00+00:00\",\"dateModified\":\"2019-02-03T19:48:07+00:00\",\"author\":{\"@id\":\"https:\/\/www.welovecycling.com\/pl\/#\/schema\/person\/0dba2d39da943db9df3fd8f4687e7f23\"},\"breadcrumb\":{\"@id\":\"https:\/\/www.welovecycling.com\/pl\/2019\/01\/31\/rowery-z-recyklingu-sa-bardziej-niz-cool\/#breadcrumb\"},\"inLanguage\":\"pl-PL\",\"potentialAction\":[{\"@type\":\"ReadAction\",\"target\":[\"https:\/\/www.welovecycling.com\/pl\/2019\/01\/31\/rowery-z-recyklingu-sa-bardziej-niz-cool\/\"]}]},{\"@type\":\"ImageObject\",\"inLanguage\":\"pl-PL\",\"@id\":\"https:\/\/www.welovecycling.com\/pl\/2019\/01\/31\/rowery-z-recyklingu-sa-bardziej-niz-cool\/#primaryimage\",\"url\":\"https:\/\/d2p6e6u75xmxt8.cloudfront.net\/5\/2019\/02\/recCVR-1024x450.jpg\",\"contentUrl\":\"https:\/\/d2p6e6u75xmxt8.cloudfront.net\/5\/2019\/02\/recCVR-1024x450.jpg\",\"width\":1024,\"height\":450},{\"@type\":\"BreadcrumbList\",\"@id\":\"https:\/\/www.welovecycling.com\/pl\/2019\/01\/31\/rowery-z-recyklingu-sa-bardziej-niz-cool\/#breadcrumb\",\"itemListElement\":[{\"@type\":\"ListItem\",\"position\":1,\"name\":\"Home\",\"item\":\"https:\/\/www.welovecycling.com\/pl\/\"},{\"@type\":\"ListItem\",\"position\":2,\"name\":\"Rowery z recyklingu s\u0105 bardziej ni\u017c cool\"}]},{\"@type\":\"WebSite\",\"@id\":\"https:\/\/www.welovecycling.com\/pl\/#website\",\"url\":\"https:\/\/www.welovecycling.com\/pl\/\",\"name\":\"\u0160koda We Love Cycling - Poland\",\"description\":\"\",\"potentialAction\":[{\"@type\":\"SearchAction\",\"target\":{\"@type\":\"EntryPoint\",\"urlTemplate\":\"https:\/\/www.welovecycling.com\/pl\/?s={search_term_string}\"},\"query-input\":{\"@type\":\"PropertyValueSpecification\",\"valueRequired\":true,\"valueName\":\"search_term_string\"}}],\"inLanguage\":\"pl-PL\"},{\"@type\":\"Person\",\"@id\":\"https:\/\/www.welovecycling.com\/pl\/#\/schema\/person\/0dba2d39da943db9df3fd8f4687e7f23\",\"name\":\"piotrboczkowski\",\"image\":{\"@type\":\"ImageObject\",\"inLanguage\":\"pl-PL\",\"@id\":\"https:\/\/www.welovecycling.com\/pl\/#\/schema\/person\/image\/\",\"url\":\"https:\/\/secure.gravatar.com\/avatar\/533caccae14752e03a2ce2d3fd62d1b98b93e1393c3195c27819e53344ca1ace?s=96&d=mm&r=g\",\"contentUrl\":\"https:\/\/secure.gravatar.com\/avatar\/533caccae14752e03a2ce2d3fd62d1b98b93e1393c3195c27819e53344ca1ace?s=96&d=mm&r=g\",\"caption\":\"piotrboczkowski\"},\"url\":\"https:\/\/www.welovecycling.com\/pl\/author\/piotrboczkowski\/\"}]}<\/script>\n<!-- \/ Yoast SEO Premium plugin. -->","yoast_head_json":{"title":"Rowery z recyklingu s\u0105 bardziej ni\u017c cool - \u0160koda We Love Cycling - Poland","robots":{"index":"index","follow":"follow","max-snippet":"max-snippet:-1","max-image-preview":"max-image-preview:large","max-video-preview":"max-video-preview:-1"},"canonical":"https:\/\/www.welovecycling.com\/pl\/2019\/01\/31\/rowery-z-recyklingu-sa-bardziej-niz-cool\/","og_locale":"pl_PL","og_type":"article","og_title":"Rowery z recyklingu s\u0105 bardziej ni\u017c cool","og_description":"Recykling to wa\u017cna sprawa! Je\u015bli nie chcesz przyczynia\u0107 si\u0119 do \u015bmierci wieloryb\u00f3w, kt\u00f3re gin\u0105, bo ich \u017co\u0142\u0105dki pe\u0142ne s\u0105 zu\u017cytych [&hellip;]","og_url":"https:\/\/www.welovecycling.com\/pl\/2019\/01\/31\/rowery-z-recyklingu-sa-bardziej-niz-cool\/","og_site_name":"\u0160koda We Love Cycling - Poland","article_published_time":"2019-01-31T19:05:00+00:00","article_modified_time":"2019-02-03T19:48:07+00:00","og_image":[{"width":1024,"height":450,"url":"https:\/\/d2p6e6u75xmxt8.cloudfront.net\/5\/2019\/02\/recCVR-1024x450.jpg","type":"image\/jpeg"}],"author":"piotrboczkowski","twitter_card":"summary_large_image","twitter_misc":{"Written by":"Adam Marsal","Est. reading time":"4"},"schema":{"@context":"https:\/\/schema.org","@graph":[{"@type":"WebPage","@id":"https:\/\/www.welovecycling.com\/pl\/2019\/01\/31\/rowery-z-recyklingu-sa-bardziej-niz-cool\/","url":"https:\/\/www.welovecycling.com\/pl\/2019\/01\/31\/rowery-z-recyklingu-sa-bardziej-niz-cool\/","name":"Rowery z recyklingu s\u0105 bardziej ni\u017c cool - \u0160koda We Love Cycling - Poland","isPartOf":{"@id":"https:\/\/www.welovecycling.com\/pl\/#website"},"primaryImageOfPage":{"@id":"https:\/\/www.welovecycling.com\/pl\/2019\/01\/31\/rowery-z-recyklingu-sa-bardziej-niz-cool\/#primaryimage"},"image":{"@id":"https:\/\/www.welovecycling.com\/pl\/2019\/01\/31\/rowery-z-recyklingu-sa-bardziej-niz-cool\/#primaryimage"},"thumbnailUrl":"https:\/\/d2p6e6u75xmxt8.cloudfront.net\/5\/2019\/02\/recCVR-1024x450.jpg","datePublished":"2019-01-31T19:05:00+00:00","dateModified":"2019-02-03T19:48:07+00:00","author":{"@id":"https:\/\/www.welovecycling.com\/pl\/#\/schema\/person\/0dba2d39da943db9df3fd8f4687e7f23"},"breadcrumb":{"@id":"https:\/\/www.welovecycling.com\/pl\/2019\/01\/31\/rowery-z-recyklingu-sa-bardziej-niz-cool\/#breadcrumb"},"inLanguage":"pl-PL","potentialAction":[{"@type":"ReadAction","target":["https:\/\/www.welovecycling.com\/pl\/2019\/01\/31\/rowery-z-recyklingu-sa-bardziej-niz-cool\/"]}]},{"@type":"ImageObject","inLanguage":"pl-PL","@id":"https:\/\/www.welovecycling.com\/pl\/2019\/01\/31\/rowery-z-recyklingu-sa-bardziej-niz-cool\/#primaryimage","url":"https:\/\/d2p6e6u75xmxt8.cloudfront.net\/5\/2019\/02\/recCVR-1024x450.jpg","contentUrl":"https:\/\/d2p6e6u75xmxt8.cloudfront.net\/5\/2019\/02\/recCVR-1024x450.jpg","width":1024,"height":450},{"@type":"BreadcrumbList","@id":"https:\/\/www.welovecycling.com\/pl\/2019\/01\/31\/rowery-z-recyklingu-sa-bardziej-niz-cool\/#breadcrumb","itemListElement":[{"@type":"ListItem","position":1,"name":"Home","item":"https:\/\/www.welovecycling.com\/pl\/"},{"@type":"ListItem","position":2,"name":"Rowery z recyklingu s\u0105 bardziej ni\u017c cool"}]},{"@type":"WebSite","@id":"https:\/\/www.welovecycling.com\/pl\/#website","url":"https:\/\/www.welovecycling.com\/pl\/","name":"\u0160koda We Love Cycling - Poland","description":"","potentialAction":[{"@type":"SearchAction","target":{"@type":"EntryPoint","urlTemplate":"https:\/\/www.welovecycling.com\/pl\/?s={search_term_string}"},"query-input":{"@type":"PropertyValueSpecification","valueRequired":true,"valueName":"search_term_string"}}],"inLanguage":"pl-PL"},{"@type":"Person","@id":"https:\/\/www.welovecycling.com\/pl\/#\/schema\/person\/0dba2d39da943db9df3fd8f4687e7f23","name":"piotrboczkowski","image":{"@type":"ImageObject","inLanguage":"pl-PL","@id":"https:\/\/www.welovecycling.com\/pl\/#\/schema\/person\/image\/","url":"https:\/\/secure.gravatar.com\/avatar\/533caccae14752e03a2ce2d3fd62d1b98b93e1393c3195c27819e53344ca1ace?s=96&d=mm&r=g","contentUrl":"https:\/\/secure.gravatar.com\/avatar\/533caccae14752e03a2ce2d3fd62d1b98b93e1393c3195c27819e53344ca1ace?s=96&d=mm&r=g","caption":"piotrboczkowski"},"url":"https:\/\/www.welovecycling.com\/pl\/author\/piotrboczkowski\/"}]}},"_links":{"self":[{"href":"https:\/\/www.welovecycling.com\/pl\/wp-json\/wp\/v2\/posts\/8452","targetHints":{"allow":["GET"]}}],"collection":[{"href":"https:\/\/www.welovecycling.com\/pl\/wp-json\/wp\/v2\/posts"}],"about":[{"href":"https:\/\/www.welovecycling.com\/pl\/wp-json\/wp\/v2\/types\/post"}],"author":[{"embeddable":true,"href":"https:\/\/www.welovecycling.com\/pl\/wp-json\/wp\/v2\/users\/76"}],"replies":[{"embeddable":true,"href":"https:\/\/www.welovecycling.com\/pl\/wp-json\/wp\/v2\/comments?post=8452"}],"version-history":[{"count":2,"href":"https:\/\/www.welovecycling.com\/pl\/wp-json\/wp\/v2\/posts\/8452\/revisions"}],"predecessor-version":[{"id":8469,"href":"https:\/\/www.welovecycling.com\/pl\/wp-json\/wp\/v2\/posts\/8452\/revisions\/8469"}],"wp:featuredmedia":[{"embeddable":true,"href":"https:\/\/www.welovecycling.com\/pl\/wp-json\/wp\/v2\/media\/8453"}],"wp:attachment":[{"href":"https:\/\/www.welovecycling.com\/pl\/wp-json\/wp\/v2\/media?parent=8452"}],"wp:term":[{"taxonomy":"category","embeddable":true,"href":"https:\/\/www.welovecycling.com\/pl\/wp-json\/wp\/v2\/categories?post=8452"},{"taxonomy":"post_tag","embeddable":true,"href":"https:\/\/www.welovecycling.com\/pl\/wp-json\/wp\/v2\/tags?post=8452"},{"taxonomy":"global-categories","embeddable":true,"href":"https:\/\/www.welovecycling.com\/pl\/wp-json\/wp\/v2\/global-categories?post=8452"}],"curies":[{"name":"wp","href":"https:\/\/api.w.org\/{rel}","templated":true}]}}