{"id":8435,"date":"2019-01-29T15:05:14","date_gmt":"2019-01-29T15:05:14","guid":{"rendered":"https:\/\/www.welovecycling.com\/pl\/?p=8435"},"modified":"2019-01-29T15:58:58","modified_gmt":"2019-01-29T15:58:58","slug":"klaun-w-peletonie-takich-kolarzy-juz-nie-ma","status":"publish","type":"post","link":"https:\/\/www.welovecycling.com\/pl\/2019\/01\/29\/klaun-w-peletonie-takich-kolarzy-juz-nie-ma\/","title":{"rendered":"Klaun w peletonie! Takich kolarzy ju\u017c nie ma\u2026"},"content":{"rendered":"<p><strong>Niekt\u00f3rzy mieli go za kolarskiego klauna, ale u wi\u0119kszo\u015bci wzbudza\u0142 podziw. Nic w tym jednak dziwnego, skoro do dzi\u015b jego rekord w Tour de France nie zosta\u0142 pobity. Inna sprawa, \u017ce dla Wielkiej P\u0119tli chcia\u0142by te\u017c cofn\u0105\u0107 czas\u2026 Oto Mario Cipollini \u2013 cz\u0142owiek, kt\u00f3ry kolarstwem bawi\u0142 si\u0119 na swoich zasadach.<\/strong><\/p>\n<p>Niewielu zawodnik\u00f3w jest w stanie sprawi\u0107, \u017ce kibice w kolorowym peletonie poszukuj\u0105 kogo\u015b innego ni\u017c zawodnika w \u017c\u00f3\u0142tej koszulce. Cipollini m\u00f3g\u0142 jednak ci\u0105gn\u0105\u0107 si\u0119 na szarym ko\u0144cu, a i tak zbiera\u0142 ogromne brawa. Pow\u00f3d? Niesamowite stroje, w jakich je\u017adzi\u0142 w wielkich tourach.<\/p>\n<p><strong>W si\u0142owni wisia\u0142 taki plakat\u2026<\/strong><\/p>\n<p>Gdyby zorganizowa\u0107 konkurs na jego najbardziej oryginalny str\u00f3j, to chyba wygra\u0142by ten imituj\u0105cy muskulatur\u0119 cz\u0142owieka<\/p>\n<p>https:\/\/www.instagram.com\/p\/BrkEj_lFILA\/<\/p>\n<p>&#8211; Wpad\u0142em na ten pomys\u0142, gdy \u0107wiczy\u0142em na si\u0142owni. Wisia\u0142 tam plakat anatomii cz\u0142owieka, z zaznaczonymi wszystkimi mi\u0119\u015bniami i uk\u0142adem nerwowym. Skopiowa\u0142em go, a niekt\u00f3rzy m\u00f3wili, \u017ce to skandal. Tymczasem ja uwa\u017cam, \u017ce to by\u0142 zabawny i g\u0142upkowaty pomys\u0142, jak wiele innych.\u00a0 Nie dosta\u0142em nawet za to kary. Mo\u017ce dlatego, \u017ce by\u0142 to pierwszy taki str\u00f3j w oficjalnym wy\u015bcigu i organizatorzy nie wiedzieli jak zareagowa\u0107? \u2013 opowiada\u0142 Cipollini w wywiadzie dla portalu Roleur.<\/p>\n<p>Do historii kolarstwa przeszed\u0142 te\u017c jego str\u00f3j Juliusza Cezara podczas Tour de France. Poza tym przebiera\u0142 si\u0119 za zebry, tygrysy, a tak\u017ce je\u017adzi\u0142 w barwach papieskich. Gdy jednak nasta\u0142a era medi\u00f3w spo\u0142eczno\u015bciowych, Cipollini najwi\u0119cej polubie\u0144 otrzyma\u0142 za str\u00f3j, kt\u00f3rego\u2026 w sumie nie by\u0142o.<\/p>\n<p>W\u0142och za\u0142o\u017cy\u0142 buty, skarpetki, kask i nic poza tym. To by\u0142a jego odpowied\u017a na zarzuty kibic\u00f3w, \u017ce trenuje bez ochrony g\u0142owy. Cipollini w ten spos\u00f3b zyska\u0142 nie tylko tysi\u0105ce polubie\u0144, ale tak\u017ce \u2013 jak sam podkre\u015bla\u0142 \u2013 zainteresowanie kobiet. Cho\u0107 inna sprawa, \u017ce na to nigdy nie m\u00f3g\u0142 narzeka\u0107.<\/p>\n<p>https:\/\/www.instagram.com\/p\/BB5_-72H2y7\/<\/p>\n<p><strong>Nie dogoni\u0142 go jeszcze nikt<\/strong><\/p>\n<p>W\u0142och na swoich zasadach nie tylko si\u0119 bawi\u0142, ale te\u017c uprawia\u0142 kolarstwo. By\u0142 \u015bwietnym sprinterem\u00a0 w latach 90. i na pocz\u0105tku XXI w., w pewnym momencie w finiszu z peletonu nie mia\u0142 sobie r\u00f3wnych. Dzi\u0119ki temu wygra\u0142 42 etapy Giro d\u2019Italia, 12 Tour de France i 3 Vuelta a Espana.<\/p>\n<p>Gdy jednak wy\u015bcig wje\u017cd\u017ca\u0142 w g\u00f3ry, Cipollini ko\u0144czy\u0142 zabaw\u0119. To nie by\u0142a jego bajka, wi\u0119c nie zamierza\u0142 w niej uczestniczy\u0107. Zdarza\u0142o si\u0119, \u017ce gdy rywale rozpoczynali mordercz\u0105 walk\u0119 na szczytach, W\u0142och \u015bwiadomie rezygnowa\u0142 z rywalizacji, a pras\u0119 obiega\u0142y jego zdj\u0119cia\u2026 wypoczywaj\u0105cego na pla\u017cy.<\/p>\n<p>Z Cipolliniego mo\u017cna si\u0119 nabija\u0107 i nie traktowa\u0107 go serio, ale od lat nikt nie jest w stanie odebra\u0107 mu jednego &#8211; rekordu Tour de France. W 1999 roku przejecha\u0142 194-kilometrowy etap z pr\u0119dko\u015bci\u0105 50,39 km\/h, a tak szybko nigdy wcze\u015bniej i nigdy p\u00f3\u017aniej \u017caden zawodnik nie przejecha\u0142 etapu Wielkiej P\u0119tli (nie licz\u0105c tzw. \u201eczas\u00f3wek\u201d). W\u0142och jest te\u017c w absolutnej czo\u0142\u00f3wce pod wzgl\u0119dem wygranych etap\u00f3w z rz\u0119du \u2013 w 1999 roku triumfowa\u0142 w czterech.<\/p>\n<p><strong>\u201eZdoby\u0107 Pary\u017c. Dla nich. Dla mnie. Dla kultury rowerowej\u201d<\/strong><\/p>\n<p>Dzi\u015b Cipollini podkre\u015bla, \u017ce niczego w \u017cyciu nie \u017ca\u0142uje, bo jest przekonany, \u017ce wszystko mu si\u0119 uda\u0142o. Gdyby jednak m\u00f3g\u0142 cofn\u0105\u0107 czas, to zrobi\u0142by jedn\u0105 rzecz wi\u0119cej, a mianowicie \u2013 uko\u0144czy\u0142by chocia\u017c jedn\u0105 Wielk\u0105 P\u0119tl\u0119.<\/p>\n<p>&#8211; W 2014 r. wr\u00f3ci\u0142em na Tour de France jako widz. I \u017cy\u0142em nim nie jako sportowiec czy dziennikarz, ale jak ci wszyscy kibice. I zauwa\u017cy\u0142em, \u017ce oni w zawodnikach, kt\u00f3rzy uko\u0144cz\u0105 Tour de France widz\u0105 prawdziwych bohater\u00f3w. Wtedy zrobi\u0142o mi si\u0119 przykro. Dzi\u015b wiem, \u017ce powinienem by\u0142 dojecha\u0107 do Pary\u017ca. Dla nich. Dla mnie. Dla kultury rowerowej \u2013 przyzna\u0142 kontrowersyjny W\u0142och w rozmowie z Roleur.<\/p>\n<p>&nbsp;<\/p>\n<p>Artyku\u0142 powsta\u0142 we wsp\u00f3\u0142pracy ze\u00a0<a href=\"http:\/\/www.skoda-auto.pl\/\">skoda-auto.pl<\/a><\/p>\n","protected":false},"excerpt":{"rendered":"<p>Niekt\u00f3rzy mieli go za kolarskiego klauna, ale u wi\u0119kszo\u015bci wzbudza\u0142 podziw. Nic w tym jednak dziwnego, skoro do dzi\u015b jego [&hellip;]<\/p>\n","protected":false},"author":76,"featured_media":8441,"comment_status":"open","ping_status":"open","sticky":false,"template":"","format":"standard","meta":{"footnotes":""},"categories":[226],"tags":[],"global-categories":[],"class_list":["post-8435","post","type-post","status-publish","format-standard","has-post-thumbnail","hentry","category-ciekawostki"],"yoast_head":"<!-- This site is optimized with the Yoast SEO Premium plugin v25.3 (Yoast SEO v25.9) - https:\/\/yoast.com\/wordpress\/plugins\/seo\/ -->\n<title>Klaun w peletonie! Takich kolarzy ju\u017c nie ma\u2026 - \u0160koda We Love Cycling - Poland<\/title>\n<meta name=\"robots\" content=\"index, follow, max-snippet:-1, max-image-preview:large, max-video-preview:-1\" \/>\n<link rel=\"canonical\" href=\"https:\/\/www.welovecycling.com\/pl\/2019\/01\/29\/klaun-w-peletonie-takich-kolarzy-juz-nie-ma\/\" \/>\n<meta property=\"og:locale\" content=\"pl_PL\" \/>\n<meta property=\"og:type\" content=\"article\" \/>\n<meta property=\"og:title\" content=\"Klaun w peletonie! Takich kolarzy ju\u017c nie ma\u2026\" \/>\n<meta property=\"og:description\" content=\"Niekt\u00f3rzy mieli go za kolarskiego klauna, ale u wi\u0119kszo\u015bci wzbudza\u0142 podziw. Nic w tym jednak dziwnego, skoro do dzi\u015b jego [&hellip;]\" \/>\n<meta property=\"og:url\" content=\"https:\/\/www.welovecycling.com\/pl\/2019\/01\/29\/klaun-w-peletonie-takich-kolarzy-juz-nie-ma\/\" \/>\n<meta property=\"og:site_name\" content=\"\u0160koda We Love Cycling - Poland\" \/>\n<meta property=\"article:published_time\" content=\"2019-01-29T15:05:14+00:00\" \/>\n<meta property=\"article:modified_time\" content=\"2019-01-29T15:58:58+00:00\" \/>\n<meta property=\"og:image\" content=\"https:\/\/d2p6e6u75xmxt8.cloudfront.net\/5\/2019\/01\/47583405_275044579825484_7138380100501794235_n.jpg\" \/>\n\t<meta property=\"og:image:width\" content=\"640\" \/>\n\t<meta property=\"og:image:height\" content=\"640\" \/>\n\t<meta property=\"og:image:type\" content=\"image\/jpeg\" \/>\n<meta name=\"author\" content=\"piotrboczkowski\" \/>\n<meta name=\"twitter:card\" content=\"summary_large_image\" \/>\n<meta name=\"twitter:label1\" content=\"Written by\" \/>\n\t<meta name=\"twitter:data1\" content=\"Piotr Jawor\" \/>\n\t<meta name=\"twitter:label2\" content=\"Est. reading time\" \/>\n\t<meta name=\"twitter:data2\" content=\"5\" \/>\n<script type=\"application\/ld+json\" class=\"yoast-schema-graph\">{\"@context\":\"https:\/\/schema.org\",\"@graph\":[{\"@type\":\"WebPage\",\"@id\":\"https:\/\/www.welovecycling.com\/pl\/2019\/01\/29\/klaun-w-peletonie-takich-kolarzy-juz-nie-ma\/\",\"url\":\"https:\/\/www.welovecycling.com\/pl\/2019\/01\/29\/klaun-w-peletonie-takich-kolarzy-juz-nie-ma\/\",\"name\":\"Klaun w peletonie! Takich kolarzy ju\u017c nie ma\u2026 - \u0160koda We Love Cycling - Poland\",\"isPartOf\":{\"@id\":\"https:\/\/www.welovecycling.com\/pl\/#website\"},\"primaryImageOfPage\":{\"@id\":\"https:\/\/www.welovecycling.com\/pl\/2019\/01\/29\/klaun-w-peletonie-takich-kolarzy-juz-nie-ma\/#primaryimage\"},\"image\":{\"@id\":\"https:\/\/www.welovecycling.com\/pl\/2019\/01\/29\/klaun-w-peletonie-takich-kolarzy-juz-nie-ma\/#primaryimage\"},\"thumbnailUrl\":\"https:\/\/d2p6e6u75xmxt8.cloudfront.net\/5\/2019\/01\/47583405_275044579825484_7138380100501794235_n.jpg\",\"datePublished\":\"2019-01-29T15:05:14+00:00\",\"dateModified\":\"2019-01-29T15:58:58+00:00\",\"author\":{\"@id\":\"https:\/\/www.welovecycling.com\/pl\/#\/schema\/person\/0dba2d39da943db9df3fd8f4687e7f23\"},\"breadcrumb\":{\"@id\":\"https:\/\/www.welovecycling.com\/pl\/2019\/01\/29\/klaun-w-peletonie-takich-kolarzy-juz-nie-ma\/#breadcrumb\"},\"inLanguage\":\"pl-PL\",\"potentialAction\":[{\"@type\":\"ReadAction\",\"target\":[\"https:\/\/www.welovecycling.com\/pl\/2019\/01\/29\/klaun-w-peletonie-takich-kolarzy-juz-nie-ma\/\"]}]},{\"@type\":\"ImageObject\",\"inLanguage\":\"pl-PL\",\"@id\":\"https:\/\/www.welovecycling.com\/pl\/2019\/01\/29\/klaun-w-peletonie-takich-kolarzy-juz-nie-ma\/#primaryimage\",\"url\":\"https:\/\/d2p6e6u75xmxt8.cloudfront.net\/5\/2019\/01\/47583405_275044579825484_7138380100501794235_n.jpg\",\"contentUrl\":\"https:\/\/d2p6e6u75xmxt8.cloudfront.net\/5\/2019\/01\/47583405_275044579825484_7138380100501794235_n.jpg\",\"width\":640,\"height\":640},{\"@type\":\"BreadcrumbList\",\"@id\":\"https:\/\/www.welovecycling.com\/pl\/2019\/01\/29\/klaun-w-peletonie-takich-kolarzy-juz-nie-ma\/#breadcrumb\",\"itemListElement\":[{\"@type\":\"ListItem\",\"position\":1,\"name\":\"Home\",\"item\":\"https:\/\/www.welovecycling.com\/pl\/\"},{\"@type\":\"ListItem\",\"position\":2,\"name\":\"Klaun w peletonie! Takich kolarzy ju\u017c nie ma\u2026\"}]},{\"@type\":\"WebSite\",\"@id\":\"https:\/\/www.welovecycling.com\/pl\/#website\",\"url\":\"https:\/\/www.welovecycling.com\/pl\/\",\"name\":\"\u0160koda We Love Cycling - Poland\",\"description\":\"\",\"potentialAction\":[{\"@type\":\"SearchAction\",\"target\":{\"@type\":\"EntryPoint\",\"urlTemplate\":\"https:\/\/www.welovecycling.com\/pl\/?s={search_term_string}\"},\"query-input\":{\"@type\":\"PropertyValueSpecification\",\"valueRequired\":true,\"valueName\":\"search_term_string\"}}],\"inLanguage\":\"pl-PL\"},{\"@type\":\"Person\",\"@id\":\"https:\/\/www.welovecycling.com\/pl\/#\/schema\/person\/0dba2d39da943db9df3fd8f4687e7f23\",\"name\":\"piotrboczkowski\",\"image\":{\"@type\":\"ImageObject\",\"inLanguage\":\"pl-PL\",\"@id\":\"https:\/\/www.welovecycling.com\/pl\/#\/schema\/person\/image\/\",\"url\":\"https:\/\/secure.gravatar.com\/avatar\/533caccae14752e03a2ce2d3fd62d1b98b93e1393c3195c27819e53344ca1ace?s=96&d=mm&r=g\",\"contentUrl\":\"https:\/\/secure.gravatar.com\/avatar\/533caccae14752e03a2ce2d3fd62d1b98b93e1393c3195c27819e53344ca1ace?s=96&d=mm&r=g\",\"caption\":\"piotrboczkowski\"},\"url\":\"https:\/\/www.welovecycling.com\/pl\/author\/piotrboczkowski\/\"}]}<\/script>\n<!-- \/ Yoast SEO Premium plugin. -->","yoast_head_json":{"title":"Klaun w peletonie! Takich kolarzy ju\u017c nie ma\u2026 - \u0160koda We Love Cycling - Poland","robots":{"index":"index","follow":"follow","max-snippet":"max-snippet:-1","max-image-preview":"max-image-preview:large","max-video-preview":"max-video-preview:-1"},"canonical":"https:\/\/www.welovecycling.com\/pl\/2019\/01\/29\/klaun-w-peletonie-takich-kolarzy-juz-nie-ma\/","og_locale":"pl_PL","og_type":"article","og_title":"Klaun w peletonie! Takich kolarzy ju\u017c nie ma\u2026","og_description":"Niekt\u00f3rzy mieli go za kolarskiego klauna, ale u wi\u0119kszo\u015bci wzbudza\u0142 podziw. Nic w tym jednak dziwnego, skoro do dzi\u015b jego [&hellip;]","og_url":"https:\/\/www.welovecycling.com\/pl\/2019\/01\/29\/klaun-w-peletonie-takich-kolarzy-juz-nie-ma\/","og_site_name":"\u0160koda We Love Cycling - Poland","article_published_time":"2019-01-29T15:05:14+00:00","article_modified_time":"2019-01-29T15:58:58+00:00","og_image":[{"width":640,"height":640,"url":"https:\/\/d2p6e6u75xmxt8.cloudfront.net\/5\/2019\/01\/47583405_275044579825484_7138380100501794235_n.jpg","type":"image\/jpeg"}],"author":"piotrboczkowski","twitter_card":"summary_large_image","twitter_misc":{"Written by":"Piotr Jawor","Est. reading time":"5"},"schema":{"@context":"https:\/\/schema.org","@graph":[{"@type":"WebPage","@id":"https:\/\/www.welovecycling.com\/pl\/2019\/01\/29\/klaun-w-peletonie-takich-kolarzy-juz-nie-ma\/","url":"https:\/\/www.welovecycling.com\/pl\/2019\/01\/29\/klaun-w-peletonie-takich-kolarzy-juz-nie-ma\/","name":"Klaun w peletonie! Takich kolarzy ju\u017c nie ma\u2026 - \u0160koda We Love Cycling - Poland","isPartOf":{"@id":"https:\/\/www.welovecycling.com\/pl\/#website"},"primaryImageOfPage":{"@id":"https:\/\/www.welovecycling.com\/pl\/2019\/01\/29\/klaun-w-peletonie-takich-kolarzy-juz-nie-ma\/#primaryimage"},"image":{"@id":"https:\/\/www.welovecycling.com\/pl\/2019\/01\/29\/klaun-w-peletonie-takich-kolarzy-juz-nie-ma\/#primaryimage"},"thumbnailUrl":"https:\/\/d2p6e6u75xmxt8.cloudfront.net\/5\/2019\/01\/47583405_275044579825484_7138380100501794235_n.jpg","datePublished":"2019-01-29T15:05:14+00:00","dateModified":"2019-01-29T15:58:58+00:00","author":{"@id":"https:\/\/www.welovecycling.com\/pl\/#\/schema\/person\/0dba2d39da943db9df3fd8f4687e7f23"},"breadcrumb":{"@id":"https:\/\/www.welovecycling.com\/pl\/2019\/01\/29\/klaun-w-peletonie-takich-kolarzy-juz-nie-ma\/#breadcrumb"},"inLanguage":"pl-PL","potentialAction":[{"@type":"ReadAction","target":["https:\/\/www.welovecycling.com\/pl\/2019\/01\/29\/klaun-w-peletonie-takich-kolarzy-juz-nie-ma\/"]}]},{"@type":"ImageObject","inLanguage":"pl-PL","@id":"https:\/\/www.welovecycling.com\/pl\/2019\/01\/29\/klaun-w-peletonie-takich-kolarzy-juz-nie-ma\/#primaryimage","url":"https:\/\/d2p6e6u75xmxt8.cloudfront.net\/5\/2019\/01\/47583405_275044579825484_7138380100501794235_n.jpg","contentUrl":"https:\/\/d2p6e6u75xmxt8.cloudfront.net\/5\/2019\/01\/47583405_275044579825484_7138380100501794235_n.jpg","width":640,"height":640},{"@type":"BreadcrumbList","@id":"https:\/\/www.welovecycling.com\/pl\/2019\/01\/29\/klaun-w-peletonie-takich-kolarzy-juz-nie-ma\/#breadcrumb","itemListElement":[{"@type":"ListItem","position":1,"name":"Home","item":"https:\/\/www.welovecycling.com\/pl\/"},{"@type":"ListItem","position":2,"name":"Klaun w peletonie! Takich kolarzy ju\u017c nie ma\u2026"}]},{"@type":"WebSite","@id":"https:\/\/www.welovecycling.com\/pl\/#website","url":"https:\/\/www.welovecycling.com\/pl\/","name":"\u0160koda We Love Cycling - Poland","description":"","potentialAction":[{"@type":"SearchAction","target":{"@type":"EntryPoint","urlTemplate":"https:\/\/www.welovecycling.com\/pl\/?s={search_term_string}"},"query-input":{"@type":"PropertyValueSpecification","valueRequired":true,"valueName":"search_term_string"}}],"inLanguage":"pl-PL"},{"@type":"Person","@id":"https:\/\/www.welovecycling.com\/pl\/#\/schema\/person\/0dba2d39da943db9df3fd8f4687e7f23","name":"piotrboczkowski","image":{"@type":"ImageObject","inLanguage":"pl-PL","@id":"https:\/\/www.welovecycling.com\/pl\/#\/schema\/person\/image\/","url":"https:\/\/secure.gravatar.com\/avatar\/533caccae14752e03a2ce2d3fd62d1b98b93e1393c3195c27819e53344ca1ace?s=96&d=mm&r=g","contentUrl":"https:\/\/secure.gravatar.com\/avatar\/533caccae14752e03a2ce2d3fd62d1b98b93e1393c3195c27819e53344ca1ace?s=96&d=mm&r=g","caption":"piotrboczkowski"},"url":"https:\/\/www.welovecycling.com\/pl\/author\/piotrboczkowski\/"}]}},"_links":{"self":[{"href":"https:\/\/www.welovecycling.com\/pl\/wp-json\/wp\/v2\/posts\/8435","targetHints":{"allow":["GET"]}}],"collection":[{"href":"https:\/\/www.welovecycling.com\/pl\/wp-json\/wp\/v2\/posts"}],"about":[{"href":"https:\/\/www.welovecycling.com\/pl\/wp-json\/wp\/v2\/types\/post"}],"author":[{"embeddable":true,"href":"https:\/\/www.welovecycling.com\/pl\/wp-json\/wp\/v2\/users\/76"}],"replies":[{"embeddable":true,"href":"https:\/\/www.welovecycling.com\/pl\/wp-json\/wp\/v2\/comments?post=8435"}],"version-history":[{"count":2,"href":"https:\/\/www.welovecycling.com\/pl\/wp-json\/wp\/v2\/posts\/8435\/revisions"}],"predecessor-version":[{"id":8443,"href":"https:\/\/www.welovecycling.com\/pl\/wp-json\/wp\/v2\/posts\/8435\/revisions\/8443"}],"wp:featuredmedia":[{"embeddable":true,"href":"https:\/\/www.welovecycling.com\/pl\/wp-json\/wp\/v2\/media\/8441"}],"wp:attachment":[{"href":"https:\/\/www.welovecycling.com\/pl\/wp-json\/wp\/v2\/media?parent=8435"}],"wp:term":[{"taxonomy":"category","embeddable":true,"href":"https:\/\/www.welovecycling.com\/pl\/wp-json\/wp\/v2\/categories?post=8435"},{"taxonomy":"post_tag","embeddable":true,"href":"https:\/\/www.welovecycling.com\/pl\/wp-json\/wp\/v2\/tags?post=8435"},{"taxonomy":"global-categories","embeddable":true,"href":"https:\/\/www.welovecycling.com\/pl\/wp-json\/wp\/v2\/global-categories?post=8435"}],"curies":[{"name":"wp","href":"https:\/\/api.w.org\/{rel}","templated":true}]}}