{"id":8426,"date":"2019-01-28T17:49:20","date_gmt":"2019-01-28T17:49:20","guid":{"rendered":"https:\/\/www.welovecycling.com\/pl\/?p=8426"},"modified":"2019-01-29T12:11:13","modified_gmt":"2019-01-29T12:11:13","slug":"ccc-team-2019-pawel-bernas-i-jego-droga-od-pro-continental-do-world-tour","status":"publish","type":"post","link":"https:\/\/www.welovecycling.com\/pl\/2019\/01\/28\/ccc-team-2019-pawel-bernas-i-jego-droga-od-pro-continental-do-world-tour\/","title":{"rendered":"CCC Team 2019: Pawe\u0142 Bernas i jego droga od Pro-Continental do World Tour"},"content":{"rendered":"<p><strong>Jedn\u0105 ze spraw, o kt\u00f3rej a\u017c hucza\u0142o w sezonie 2018, by\u0142o odej\u015bcie g\u0142\u00f3wnego sponsora zespo\u0142u BMC Racing Team, szwajcarskiego producenta rower\u00f3w BMC. Nowym tytularnym sponsorem Continuum Sports zosta\u0142a firma CCC i w zwi\u0105zku z tym siedzib\u0119 zespo\u0142u przeniesiono do Polski.<\/strong><\/p>\n<p>&nbsp;<\/p>\n<p>Mniej wi\u0119cej w po\u0142owie 2018 roku po wielu ci\u0119\u017ckich miesi\u0105cach dyrektor generalny BMC Racing Team, Jim Ochowicz, znalaz\u0142 wreszcie swojego wybawc\u0119 w postaci polskiej firmy CCC. Sprzedaje ona buty, torebki i inne akcesoria g\u0142\u00f3wnie na rynkach w\u0142oskim i niemieckim, ale znana jest w ca\u0142ej Europie \u015arodkowo-Wschodniej.<\/p>\n<p>Warto wspomnie\u0107, \u017ce za\u0142o\u017cycielem i prezesem CCC jest polski biznesmen i zapalony amator kolarstwa, kt\u00f3ry przez wiele lat bra\u0142 udzia\u0142 w wy\u015bcigach o r\u00f3\u017cnych stopniach trudno\u015bci i wygrywa\u0142 je. To w zwi\u0105zku ze swoj\u0105 pasj\u0105 wspiera\u0142 finansowo CCC Sprandi-Polkowice, a teraz jego CCC Team b\u0119dzie wystartuje w presti\u017cowym World Tour.<\/p>\n<p>&nbsp;<\/p>\n<p><strong>Pierwszy polski World Tour Team<\/strong><\/p>\n<p>Zesp\u00f3\u0142 CCC b\u0119dzie przede wszystkim koncentrowa\u0142 si\u0119 na belgijskim mistrzu Gregu Van Avermaetcie, ale w jego sk\u0142adzie znajduj\u0105 si\u0119 te\u017c inni \u015bwietni zawodnicy, tacy jak Alessandro De Marchi (zesp\u00f3\u0142 BMC Racing Team), Simon Geschke, Laurens ten Dam (obaj to byli zawodnicy Sunweb) i by\u0142y cz\u0142onek Team Sky \u0141ukasz Wi\u015bniowski z Polski. W sk\u0142adzie CCC Team jest te\u017c kilku zawodnik\u00f3w reprezentuj\u0105cych barwy CCC Sprandi-Polkowice.<\/p>\n<p>Zapytali\u015bmy polskiego zawodnika Paw\u0142a Bernasa, kt\u00f3ry wszed\u0142 w sk\u0142ad CCC Team, o jego opini\u0119 na temat nowego zespo\u0142u, przej\u015bcia z poziomu Pro-Continental na poziom World Tour i sezonu 2019.<\/p>\n<p><a href=\"https:\/\/d2p6e6u75xmxt8.cloudfront.net\/5\/2019\/01\/CCC-Team-Bernas-1.jpg\"><img loading=\"lazy\" decoding=\"async\" class=\"aligncenter size-large wp-image-8427\" src=\"https:\/\/d2p6e6u75xmxt8.cloudfront.net\/5\/2019\/01\/CCC-Team-Bernas-1-1024x683.jpg\" alt=\"\" width=\"1024\" height=\"683\" srcset=\"https:\/\/d2p6e6u75xmxt8.cloudfront.net\/5\/2019\/01\/CCC-Team-Bernas-1-1024x683.jpg 1024w, https:\/\/d2p6e6u75xmxt8.cloudfront.net\/5\/2019\/01\/CCC-Team-Bernas-1-300x200.jpg 300w, https:\/\/d2p6e6u75xmxt8.cloudfront.net\/5\/2019\/01\/CCC-Team-Bernas-1-768x512.jpg 768w, https:\/\/d2p6e6u75xmxt8.cloudfront.net\/5\/2019\/01\/CCC-Team-Bernas-1-272x182.jpg 272w, https:\/\/d2p6e6u75xmxt8.cloudfront.net\/5\/2019\/01\/CCC-Team-Bernas-1.jpg 1377w\" sizes=\"auto, (max-width: 1024px) 100vw, 1024px\" \/><\/a><\/p>\n<p><strong>Gratulujemy podpisania umowy z CCC, a tym samym przej\u015bcia na poziom World Tour. W po\u0142owie grudnia mia\u0142e\u015b sw\u00f3j ob\u00f3z inauguracyjny w Deni (Hiszpania). Z nowymi cz\u0142onkami dru\u017cyny, nowym personelem pomocniczym i kierownictwem. To wszystko musia\u0142o by\u0107 ekscytuj\u0105ce?<\/strong><\/p>\n<p>Musz\u0119 przyzna\u0107, \u017ce by\u0142o to nie tylko bardzo ekscytuj\u0105ce, ale r\u00f3wnie\u017c troch\u0119 stresuj\u0105ce z powodu tylu nieznanych mi ludzi, tak wielu nowych twarzy i imion do zapami\u0119tania. Na pocz\u0105tku potrzebowali\u015bmy identyfikator\u00f3w z naszym imieniem, nazwiskiem i tym, kim jeste\u015bmy (zawodnikiem, kierownictwem, personelem pomocniczym itp.). My\u015bl\u0119, \u017ce pierwszego dnia wypowiedzia\u0142em s\u0142owo \u201ecze\u015b\u0107\u201d jakie\u015b 80 razy. Generalnie my wszyscy, i zawodnicy, i kierownictwo BMC Racing Team odczuwali\u015bmy te pozytywne wibracje i p\u0142yn\u0105c\u0105 zewsz\u0105d now\u0105 energi\u0119.<\/p>\n<p>Po inauguracji w Deni zrobi\u0142em sobie 8-dniow\u0105 przerw\u0119 i spotka\u0142em si\u0119 ze swoj\u0105 rodzin\u0105 w Polsce. 26 grudnia wr\u00f3ci\u0142em do rezydencji na Majorce, bo wola\u0142em tutaj sp\u0119dzi\u0107 zim\u0119, i zosta\u0142em a\u017c do 13 stycznia. Potem zn\u00f3w polecia\u0142em do Polski na szybkie, tygodniowe wakacje.<\/p>\n<p>26 stycznia rusza drugi ob\u00f3z treningowy w Deni, cz\u0119\u015b\u0107 koleg\u00f3w ju\u017c tam trenuje, mi\u0119dzy innymi zawodnicy z Belgii.<\/p>\n<blockquote class=\"twitter-tweet\" data-lang=\"en\">\n<p dir=\"ltr\" lang=\"en\">It was a solid hit out for <a href=\"https:\/\/twitter.com\/CCCProTeam?ref_src=twsrc%5Etfw\">@CCCProTeam<\/a> on day one at <a href=\"https:\/\/twitter.com\/tourdownunder?ref_src=twsrc%5Etfw\">@tourdownunder<\/a> ??<a href=\"https:\/\/twitter.com\/hashtag\/RideForMore?src=hash&amp;ref_src=twsrc%5Etfw\">#RideForMore<\/a> ? <a href=\"https:\/\/twitter.com\/ChrisAuldPhoto?ref_src=twsrc%5Etfw\">@ChrisAuldPhoto<\/a> <a href=\"https:\/\/t.co\/wyNx1jDyoQ\">pic.twitter.com\/wyNx1jDyoQ<\/a><\/p>\n<p>\u2014 CCC Team (@CCCProTeam) <a href=\"https:\/\/twitter.com\/CCCProTeam\/status\/1085095550612049921?ref_src=twsrc%5Etfw\">January 15, 2019<\/a><\/p><\/blockquote>\n<p><script async src=\"https:\/\/platform.twitter.com\/widgets.js\" charset=\"utf-8\"><\/script><br \/>\n<strong>Opowiedz nam o obozie treningowym w Deni, poprzedzaj\u0105cym Spring Classic.<\/strong><\/p>\n<p>Na pewno b\u0119dzie to kontynuacja tego, co teraz robi\u0119 sam na Majorce, ale kiedy spotkam si\u0119 z innymi zawodnikami, treningi b\u0119d\u0105 na pewno trudniejsze.<\/p>\n<p>Wydaje si\u0119 to zabawne, ale \u0142atwiej jest nam ci\u0119\u017cko trenowa\u0107, poniewa\u017c mamy wok\u00f3\u0142 siebie ca\u0142y sztab ludzi, kt\u00f3rzy s\u0105 do naszej dyspozycji non-stop. Dzi\u0119ki temu my, zawodnicy, koncentrujemy si\u0119 tylko na samej je\u017adzie i niczym innym. Czeka nas osiem naprawd\u0119 ci\u0119\u017ckich sesji treningowych.<\/p>\n<p>Nie mog\u0119 si\u0119 te\u017c doczeka\u0107, kiedy wsi\u0105d\u0119 na rower TT, nie mia\u0142em jeszcze do tego okazji, a zale\u017cy mi na jak najszybszym dopasowaniu si\u0119 do niego i wypracowaniu optymalnej pozycji do jazdy. Reszta b\u0119dzie wygl\u0105da\u0142a tak, jak na wszystkich tego typu obozach: ci\u0119\u017cki trening, potem porz\u0105dna regeneracja, no i licz\u0119 na wspania\u0142\u0105 atmosfer\u0119 w zespole!<\/p>\n<p><a href=\"https:\/\/d2p6e6u75xmxt8.cloudfront.net\/5\/2019\/01\/CCC-Team-Bernas-3.jpg\"><img loading=\"lazy\" decoding=\"async\" class=\"aligncenter size-large wp-image-8428\" src=\"https:\/\/d2p6e6u75xmxt8.cloudfront.net\/5\/2019\/01\/CCC-Team-Bernas-3-1024x683.jpg\" alt=\"\" width=\"1024\" height=\"683\" srcset=\"https:\/\/d2p6e6u75xmxt8.cloudfront.net\/5\/2019\/01\/CCC-Team-Bernas-3-1024x683.jpg 1024w, https:\/\/d2p6e6u75xmxt8.cloudfront.net\/5\/2019\/01\/CCC-Team-Bernas-3-300x200.jpg 300w, https:\/\/d2p6e6u75xmxt8.cloudfront.net\/5\/2019\/01\/CCC-Team-Bernas-3-768x512.jpg 768w, https:\/\/d2p6e6u75xmxt8.cloudfront.net\/5\/2019\/01\/CCC-Team-Bernas-3-272x182.jpg 272w, https:\/\/d2p6e6u75xmxt8.cloudfront.net\/5\/2019\/01\/CCC-Team-Bernas-3.jpg 1377w\" sizes=\"auto, (max-width: 1024px) 100vw, 1024px\" \/><\/a><\/p>\n<p><strong>Przenios\u0142e\u015b si\u0119 z odnosz\u0105cego sukcesy Pro-Continental Teamu (CCC Sprandi-Polkowice) do CCC, kt\u00f3ry startuje w zawodach World Tour. Jakie widzisz r\u00f3\u017cnice, je\u015bli chodzi o wsparcie ze strony sztabu pomocniczego w por\u00f3wnaniu z tym, jakie mia\u0142e\u015b w Pro-Continentalu?<\/strong><\/p>\n<p>G\u0142\u00f3wn\u0105 r\u00f3\u017cnic\u0105 jest liczba ludzi, kt\u00f3r\u0105 CCC Team m\u00f3g\u0142 zatrudni\u0107 w zwi\u0105zku z ogromnym bud\u017cetem, jakim dysponuje. Mamy specjalist\u00f3w, kt\u00f3rzy pomagaj\u0105 nam w codziennych treningach.<\/p>\n<p>Jest to nie tyle zmiana jako\u015bciowa, ile ilo\u015bciowa. Na przyk\u0142ad w zesz\u0142ym roku, kiedy by\u0142em jeszcze w CCC Sprandi-Polkowice, mieli\u015bmy tylko jednego fizjoterapeut\u0119 (chc\u0119 podkre\u015bli\u0107, \u017ce wykonywa\u0142 on naprawd\u0119 \u015bwietn\u0105 robot\u0119), a teraz mamy trzech, nie wspominaj\u0105c o liczbie masa\u017cyst\u00f3w, asystent\u00f3w itp. Ca\u0142y sztab pomocniczy mo\u017ce pracowa\u0107 z nami wszystkimi na bardziej indywidualnym poziomie i poszczeg\u00f3lni zawodnicy otrzymuj\u0105 od nich wi\u0119cej czasu i uwagi.<\/p>\n<p>Z perspektywy czasu oceniam, \u017ce m\u00f3j dawny zesp\u00f3\u0142, Pro-Continental, by\u0142 dobrze zorganizowany i uporz\u0105dkowany. Z kolei obecny zesp\u00f3\u0142, kt\u00f3ry wyr\u00f3s\u0142 z BMC Racing, wydaje si\u0119 by\u0107 naprawd\u0119 bardzo otwarty. Ten team to legenda \u2013 ma na koncie tak wiele \u015bwietnych wynik\u00f3w oraz ugruntowany i bardzo sprawnie dzia\u0142aj\u0105cy system, a jednocze\u015bnie nie s\u0105 skostniali i nie m\u00f3wi\u0105 nam \u201etak powinno by\u0107 i koniec\u201d. My\u015bl\u0119, \u017ce dobre jest te\u017c to, \u017ce do obecnego sztabu, kt\u00f3ry si\u0119 nam zajmuje, do\u0142\u0105czyli te\u017c ludzie z poprzedniego.<\/p>\n<blockquote class=\"twitter-tweet\" data-lang=\"en\">\n<p dir=\"ltr\" lang=\"en\"><a href=\"https:\/\/twitter.com\/hashtag\/TDU?src=hash&amp;ref_src=twsrc%5Etfw\">#TDU<\/a> look at all those <a href=\"https:\/\/twitter.com\/CCCProTeam?ref_src=twsrc%5Etfw\">@CCCProTeam<\/a> jerseys! Taking a group ride to the next level ?? <a href=\"https:\/\/twitter.com\/GoZwift?ref_src=twsrc%5Etfw\">@GoZwift<\/a> <a href=\"https:\/\/t.co\/gsJtzhppnc\">pic.twitter.com\/gsJtzhppnc<\/a><\/p>\n<p>\u2014 CCC Team (@CCCProTeam) <a href=\"https:\/\/twitter.com\/CCCProTeam\/status\/1083962330013147136?ref_src=twsrc%5Etfw\">January 12, 2019<\/a><\/p><\/blockquote>\n<p><script async src=\"https:\/\/platform.twitter.com\/widgets.js\" charset=\"utf-8\"><\/script><br \/>\n<strong>Nie jest \u017cadn\u0105 tajemnic\u0105, \u017ce BMC Racing Team by\u0142 niezwykle mocny w pr\u00f3bach czasowych. Czy uwa\u017casz, \u017ce pozostanie to nadal w centrum uwagi obecnego zespo\u0142u, czy w tym roku nast\u0105pi jaka\u015b zmiana?<\/strong><\/p>\n<p>Nowy zesp\u00f3\u0142 korzysta ju\u017c ze wszystkich wcze\u015bniejszych \u201eTeam Time Trial Protocols\u201d, wi\u0119c nam, nowym zawodnikom, pozostaje oswojenie si\u0119 z rowerami TT. Jak wiadomo, CCC Sprandi-Polkowice r\u00f3wnie\u017c mia\u0142o bardzo siln\u0105 dru\u017cyn\u0119 w pr\u00f3bach czasowych. My\u015bl\u0119 wi\u0119c, \u017ce nadal mo\u017cemy robi\u0107 bardzo dobr\u0105 robot\u0119 na tym polu.<\/p>\n<p>Nie wiem, czy b\u0119dziemy tak dobrzy jak zesp\u00f3\u0142 BMC Racing, poniewa\u017c oni byli na samym szczycie, ale nie jest tak, \u017ce m\u00f3wimy sobie, \u017ce to ju\u017c przesz\u0142o\u015b\u0107, kt\u00f3ra si\u0119 nie powt\u00f3rzy. Wierzymy w siebie i swoje mo\u017cliwo\u015bci.<\/p>\n<p>Musz\u0119 powiedzie\u0107, \u017ce ludzie z zespo\u0142u BMC Racing s\u0105 wyj\u0105tkowi. Kiedy siedz\u0119 z nimi przy stole, a oni rozmawiaj\u0105 ze sob\u0105 i m\u00f3wi\u0105 na przyk\u0142ad: \u201ePami\u0119tasz ten wy\u015bcig z Cadelem Evansem?\u201d to my\u015bl\u0119 sobie: \u201eJa ogl\u0105da\u0142em to tylko w telewizji, a oni przecie\u017c tam byli!\u201d. Mam nadziej\u0119, \u017ce nie b\u0119d\u0119 mia\u0142 trudno\u015bci z odnalezieniem si\u0119 w\u015br\u00f3d tak niesamowitych ludzi!<\/p>\n<p><a href=\"https:\/\/d2p6e6u75xmxt8.cloudfront.net\/5\/2019\/01\/CCC-Team-Bernas-4.jpg\"><img loading=\"lazy\" decoding=\"async\" class=\"aligncenter size-large wp-image-8429\" src=\"https:\/\/d2p6e6u75xmxt8.cloudfront.net\/5\/2019\/01\/CCC-Team-Bernas-4-1024x683.jpg\" alt=\"\" width=\"1024\" height=\"683\" srcset=\"https:\/\/d2p6e6u75xmxt8.cloudfront.net\/5\/2019\/01\/CCC-Team-Bernas-4-1024x683.jpg 1024w, https:\/\/d2p6e6u75xmxt8.cloudfront.net\/5\/2019\/01\/CCC-Team-Bernas-4-300x200.jpg 300w, https:\/\/d2p6e6u75xmxt8.cloudfront.net\/5\/2019\/01\/CCC-Team-Bernas-4-768x512.jpg 768w, https:\/\/d2p6e6u75xmxt8.cloudfront.net\/5\/2019\/01\/CCC-Team-Bernas-4-272x182.jpg 272w, https:\/\/d2p6e6u75xmxt8.cloudfront.net\/5\/2019\/01\/CCC-Team-Bernas-4.jpg 1377w\" sizes=\"auto, (max-width: 1024px) 100vw, 1024px\" \/><\/a><\/p>\n<p><strong>Porozmawiajmy teraz troch\u0119 o sprz\u0119cie. Przej\u015bcie do nowego zespo\u0142u wymaga przyzwyczajenia si\u0119 do wielu nowych rzeczy, proces\u00f3w, ludzi itp. Rozmawiali\u015bmy wcze\u015bniej o personelu pomocniczym, ale masz te\u017c do czynienia z mn\u00f3stwem nowych technologii i sprz\u0119tu. Czy tutaj zauwa\u017casz jakie\u015b wielkie r\u00f3\u017cnice?<\/strong><\/p>\n<p>Zawsze znajd\u0105 si\u0119 jakie\u015b r\u00f3\u017cnice! Je\u015bli m\u00f3wimy na przyk\u0142ad o rowerach, to wszyscy wiemy, \u017ce Giant jest dobrze znan\u0105, wysokiej jako\u015bci firm\u0105, kt\u00f3ra produkuje rowery od wczesnych lat siedemdziesi\u0105tych. Dlatego jestem przekonany, \u017ce oni wiedz\u0105, co robi\u0105, je\u015bli chodzi o przygotowanie teamu do World Tour.<\/p>\n<p>Ju\u017c teraz widz\u0119, jak du\u017co do\u015bwiadczenia i wsparcia potrafi\u0105 da\u0107 zespo\u0142owi. I nie chodzi mi o to, \u017ce nie dostali\u015bmy tego wszystkiego od naszego \u00f3wczesnego sponsora na poziomie Pro-Continental, bo dostali\u015bmy. Chodzi po prostu o to, \u017ce oni maj\u0105 do\u015bwiadczenie we wsp\u00f3\u0142pracy z r\u00f3\u017cnymi zespo\u0142ami ju\u017c od oko\u0142o 25 lat.<\/p>\n<p>Do\u015bwiadczy\u0142em tego ju\u017c podczas rozmowy ze swoim sztabem specjalist\u00f3w \u2013 ich poziom przywi\u0105zywania uwagi do detali jest niesamowity. Ale jeszcze raz powt\u00f3rz\u0119, \u017ce wynika to te\u017c z liczby\u00a0 zatrudnionych w zespole os\u00f3b.<\/p>\n<p>Je\u015bli chodzi o rower i jego geometri\u0119, to musz\u0119 powiedzie\u0107, \u017ce do\u015b\u0107 \u0142atwo by\u0142o mi przesi\u0105\u015b\u0107 si\u0119 z poprzedniego w\u0142oskiego Guerciotti, na kt\u00f3rym je\u017adzi\u0142em w Pro-Continental, na nowego Gianta.<\/p>\n<p>Pracujemy nad tym, \u017ceby moja pozycja na siode\u0142ku stawa\u0142a si\u0119 coraz bardziej agresywna, co wi\u0105\u017ce si\u0119 z prac\u0105 nad mi\u0119\u015bniami plec\u00f3w.<\/p>\n<p>Generalnie musz\u0119 powiedzie\u0107, \u017ce na tym rowerze je\u017adzi si\u0119 naprawd\u0119 dobrze. Jest bardzo responsywny, ale przy tym, co jest bardzo wa\u017cne, nie \u201enerwowy\u201d. Jest te\u017c sztywny i szybki, ale jednocze\u015bnie na ciasnych zakr\u0119tach nie tracisz nad nim kontroli, poniewa\u017c nie trz\u0119sie si\u0119 tak, jak inne rowery.<\/p>\n<p>&nbsp;<\/p>\n<p><strong>Kalendarz na rok 2019 i twoje osobiste cele<\/strong><\/p>\n<p>Kalendarz 2019 dla zespo\u0142u CCC jest ju\u017c zape\u0142niony wa\u017cnymi wy\u015bcigami, pocz\u0105wszy od startu lidera zespo\u0142u (Greg Van Avermaet) w Spring Classic, przez wy\u015bcigi na trasach Omloop Het Nieuwsblad i Kuurne-Brussel-Kuurne w Belgii, a na Strade Bianche we W\u0142oszech ko\u0144cz\u0105c. Dalej b\u0119dzie Tirreno-Adriatico we W\u0142oszech, nast\u0119pnie Tour of Flanders i w ko\u0144cu niezwykle wymagaj\u0105cy Paris-Roubaix.<\/p>\n<p>&nbsp;<\/p>\n<p><strong>Jak wygl\u0105da Tw\u00f3j kalendarz? Czy wiadomo ju\u017c, w kt\u00f3rych wy\u015bcigach w sezonie 2019 we\u017amiesz udzia\u0142? <\/strong><\/p>\n<p>Rozpoczn\u0119 sw\u00f3j sezon 16 lutego w Hiszpanii, startuj\u0105c w Vuelta a Murcia, potem zrobi\u0119 Vuelta al Meria, a nast\u0119pnie przenios\u0119 si\u0119 do Portugalii, \u017ceby wzi\u0105\u0107 udzia\u0142 w Volta ao Algarve, kt\u00f3re odb\u0119dzie si\u0119 w terminie 20-24 lutego.<\/p>\n<p>I wreszcie nadejdzie czas na Spring Classics! Jestem bardzo podekscytowany, poniewa\u017c to jest m\u00f3j g\u0142\u00f3wny cel na pocz\u0105tku tegorocznego sezonu. Oznacza to, \u017ce pod koniec marca i na pocz\u0105tku kwietnia musz\u0119 by\u0107 w szczytowej formie, poniewa\u017c to wtedy odbywaj\u0105 si\u0119 najwa\u017cniejsze zawody Classic.<\/p>\n<p>Moim pierwszym wy\u015bcigiem b\u0119dzie Kuurne-Bruksela-Kuurne w Belgii, 3 marca, potem mi\u0119dzy 10 a 17 marca Pary\u017c-Nicea, a potem zacznie si\u0119 normalny blok Classic \u2013 zobaczymy, gdzie mnie wy\u015bl\u0105.<\/p>\n<p><a href=\"https:\/\/d2p6e6u75xmxt8.cloudfront.net\/5\/2019\/01\/CCC-Team-Bernas-2.jpg\"><img loading=\"lazy\" decoding=\"async\" class=\"aligncenter size-large wp-image-8430\" src=\"https:\/\/d2p6e6u75xmxt8.cloudfront.net\/5\/2019\/01\/CCC-Team-Bernas-2-1024x683.jpg\" alt=\"\" width=\"1024\" height=\"683\" srcset=\"https:\/\/d2p6e6u75xmxt8.cloudfront.net\/5\/2019\/01\/CCC-Team-Bernas-2-1024x683.jpg 1024w, https:\/\/d2p6e6u75xmxt8.cloudfront.net\/5\/2019\/01\/CCC-Team-Bernas-2-300x200.jpg 300w, https:\/\/d2p6e6u75xmxt8.cloudfront.net\/5\/2019\/01\/CCC-Team-Bernas-2-768x512.jpg 768w, https:\/\/d2p6e6u75xmxt8.cloudfront.net\/5\/2019\/01\/CCC-Team-Bernas-2-272x182.jpg 272w, https:\/\/d2p6e6u75xmxt8.cloudfront.net\/5\/2019\/01\/CCC-Team-Bernas-2.jpg 1377w\" sizes=\"auto, (max-width: 1024px) 100vw, 1024px\" \/><\/a><\/p>\n<p>Kierownictwo m\u00f3wi nam, \u017ceby\u015bmy wszyscy byli przygotowani do wy\u015bcig\u00f3w Classic, a potem na bie\u017c\u0105co zdecyduje, kto i gdzie wyst\u0105pi. Zawsze mog\u0105 przerzuci\u0107 nas z jednej trasy na drug\u0105. Mam tylko nadziej\u0119, \u017ce wykorzystaj\u0105 moj\u0105 szczytow\u0105 form\u0119 maksymalnie, jak to b\u0119dzie mo\u017cliwe!<\/p>\n<p>Potem b\u0119d\u0119 mia\u0142 troch\u0119 wolnego. W maju powinienem tak\u017ce zaliczy\u0107 kilka wy\u015bcig\u00f3w etapowych i wtedy te\u017c zobaczymy, jak mi p\u00f3jdzie.<\/p>\n<p>&nbsp;<\/p>\n<p><strong>A co z Grand Tours? Oczywi\u015bcie zosta\u0142o do nich jeszcze sporo czasu, ale czy widzisz siebie jako cz\u0142onka zespo\u0142u startuj\u0105cego w jednym lub kilku z nich? Kt\u00f3ry ci\u0119 najbardziej interesuje i z jakiego powodu?<\/strong><\/p>\n<p>Na razie nie zosta\u0142o to jeszcze zaplanowane. Oczywi\u015bcie moim marzeniem jest wyst\u0105pi\u0107 w Tour de France, marzy o tym chyba ka\u017cdy zawodnik. Jest to cel, kt\u00f3ry chcia\u0142bym osi\u0105gn\u0105\u0107 w najbli\u017cszych latach, niekoniecznie ju\u017c w tym roku. Je\u015bli chodzi o bie\u017c\u0105cy rok, to by\u0142bym szcz\u0119\u015bliwy, mog\u0105c uczestniczy\u0107 w jednym z trzech Grand Tours. Chcia\u0142bym pokaza\u0107 mojej dru\u017cynie, \u017ce mimo i\u017c do\u0142\u0105czy\u0142em do niej z poziomu Pro-Continental, to jestem gotowy podj\u0105\u0107 takie wyzwanie na poziomie World Tour.<\/p>\n<p>Mo\u017ce w tym roku b\u0119dzie to La Vuelta? Zrobi\u0119 co w mojej mocy, \u017ceby mnie wybrano do La Vuelta 2019, poniewa\u017c, tak jak powiedzia\u0142em na pocz\u0105tku, start w kt\u00f3rym\u015b Grand Tourze jeszcze w tym roku jest moim celem. Wszystko, co musz\u0119 zrobi\u0107, to udowodni\u0107 zespo\u0142owi, \u017ce zas\u0142uguj\u0119 na to, \u017ceby dali mi szans\u0119.<\/p>\n<blockquote class=\"twitter-tweet\" data-lang=\"en\">\n<p dir=\"ltr\" lang=\"en\">A new chapter with endless opportunities in 2019! Happy New Year, everyone!! <a href=\"https:\/\/twitter.com\/CCCProTeam?ref_src=twsrc%5Etfw\">@CCCProTeam<\/a> <a href=\"https:\/\/twitter.com\/hashtag\/RideForMore?src=hash&amp;ref_src=twsrc%5Etfw\">#RideForMore<\/a> <a href=\"https:\/\/twitter.com\/hashtag\/RideGiant?src=hash&amp;ref_src=twsrc%5Etfw\">#RideGiant<\/a> <a href=\"https:\/\/twitter.com\/hashtag\/RideLife?src=hash&amp;ref_src=twsrc%5Etfw\">#RideLife<\/a> <a href=\"https:\/\/twitter.com\/hashtag\/OverAchieve?src=hash&amp;ref_src=twsrc%5Etfw\">#OverAchieve<\/a> <a href=\"https:\/\/twitter.com\/hashtag\/HelpingRiderstoFly?src=hash&amp;ref_src=twsrc%5Etfw\">#HelpingRiderstoFly<\/a> (c) Chris Auld Photograpy <a href=\"https:\/\/t.co\/APXemWzYXe\">pic.twitter.com\/APXemWzYXe<\/a><\/p>\n<p>\u2014 Serge Pauwels (@sergepauwels) <a href=\"https:\/\/twitter.com\/sergepauwels\/status\/1080217506810335233?ref_src=twsrc%5Etfw\">January 1, 2019<\/a><\/p><\/blockquote>\n<p><script async src=\"https:\/\/platform.twitter.com\/widgets.js\" charset=\"utf-8\"><\/script><br \/>\n<strong>Wszyscy wiemy, \u017ce CCC Team ma wielkie oczekiwania wobec swoich zawodnik\u00f3w w tym roku. Wasz dyrektor generalny, Jim Ochowicz, og\u0142osi\u0142, \u017ce wasz cel to 20 zwyci\u0119stw w wy\u015bcigach. W zwi\u0105zku z tym nasze pytanie do ciebie brzmi: jak widzisz rozw\u00f3j waszego zespo\u0142u w ci\u0105gu najbli\u017cszych dw\u00f3ch-trzech lat? Czy powsta\u0142y ju\u017c konkretne, d\u0142ugoterminowe cele?<\/strong><\/p>\n<p>To dobre pytanie. Na temat d\u0142ugofalowych cel\u00f3w rozmawia kierownictwo najwy\u017cszego szczebla ze sponsorami. Kiedy nowy sponsor wchodzi do gry, zawsze opracowuje si\u0119 d\u0142ugoletni plan dzia\u0142a\u0144. Z mojej perspektywy bardziej istotne s\u0105 kr\u00f3tkoterminowe cele. Poniewa\u017c jest to pierwszy rok dru\u017cyny w nowej formule, my, zawodnicy, musimy skupi\u0107 si\u0119 na Gregu Van Avermaecie, wygrywaniu etap\u00f3w, zwyci\u0119stw w wy\u015bcigach jednodniowych i tak dalej.<\/p>\n<p>Artyku\u0142 powsta\u0142 we wsp\u00f3\u0142pracy ze\u00a0<a href=\"http:\/\/www.skoda-auto.pl\/\">skoda-auto.pl<\/a><\/p>\n<p>&nbsp;<\/p>\n<p>&nbsp;<\/p>\n","protected":false},"excerpt":{"rendered":"<p>Jedn\u0105 ze spraw, o kt\u00f3rej a\u017c hucza\u0142o w sezonie 2018, by\u0142o odej\u015bcie g\u0142\u00f3wnego sponsora zespo\u0142u BMC Racing Team, szwajcarskiego producenta [&hellip;]<\/p>\n","protected":false},"author":76,"featured_media":8429,"comment_status":"open","ping_status":"open","sticky":false,"template":"","format":"standard","meta":{"footnotes":""},"categories":[226],"tags":[],"global-categories":[],"class_list":["post-8426","post","type-post","status-publish","format-standard","has-post-thumbnail","hentry","category-ciekawostki"],"yoast_head":"<!-- This site is optimized with the Yoast SEO Premium plugin v25.3 (Yoast SEO v25.9) - https:\/\/yoast.com\/wordpress\/plugins\/seo\/ -->\n<title>CCC Team 2019: Pawe\u0142 Bernas i jego droga od Pro-Continental do World Tour - \u0160koda We Love Cycling - Poland<\/title>\n<meta name=\"robots\" content=\"index, follow, max-snippet:-1, max-image-preview:large, max-video-preview:-1\" \/>\n<link rel=\"canonical\" href=\"https:\/\/www.welovecycling.com\/pl\/2019\/01\/28\/ccc-team-2019-pawel-bernas-i-jego-droga-od-pro-continental-do-world-tour\/\" \/>\n<meta property=\"og:locale\" content=\"pl_PL\" \/>\n<meta property=\"og:type\" content=\"article\" \/>\n<meta property=\"og:title\" content=\"CCC Team 2019: Pawe\u0142 Bernas i jego droga od Pro-Continental do World Tour\" \/>\n<meta property=\"og:description\" content=\"Jedn\u0105 ze spraw, o kt\u00f3rej a\u017c hucza\u0142o w sezonie 2018, by\u0142o odej\u015bcie g\u0142\u00f3wnego sponsora zespo\u0142u BMC Racing Team, szwajcarskiego producenta [&hellip;]\" \/>\n<meta property=\"og:url\" content=\"https:\/\/www.welovecycling.com\/pl\/2019\/01\/28\/ccc-team-2019-pawel-bernas-i-jego-droga-od-pro-continental-do-world-tour\/\" \/>\n<meta property=\"og:site_name\" content=\"\u0160koda We Love Cycling - Poland\" \/>\n<meta property=\"article:published_time\" content=\"2019-01-28T17:49:20+00:00\" \/>\n<meta property=\"article:modified_time\" content=\"2019-01-29T12:11:13+00:00\" \/>\n<meta property=\"og:image\" content=\"https:\/\/d2p6e6u75xmxt8.cloudfront.net\/5\/2019\/01\/CCC-Team-Bernas-4.jpg\" \/>\n\t<meta property=\"og:image:width\" content=\"1377\" \/>\n\t<meta property=\"og:image:height\" content=\"918\" \/>\n\t<meta property=\"og:image:type\" content=\"image\/jpeg\" \/>\n<meta name=\"author\" content=\"piotrboczkowski\" \/>\n<meta name=\"twitter:card\" content=\"summary_large_image\" \/>\n<meta name=\"twitter:label1\" content=\"Written by\" \/>\n\t<meta name=\"twitter:data1\" content=\"Jonathan Bouchard (Polska \u00e0 v\u00e9lo)\" \/>\n\t<meta name=\"twitter:label2\" content=\"Est. reading time\" \/>\n\t<meta name=\"twitter:data2\" content=\"6\" \/>\n<script type=\"application\/ld+json\" class=\"yoast-schema-graph\">{\"@context\":\"https:\/\/schema.org\",\"@graph\":[{\"@type\":\"WebPage\",\"@id\":\"https:\/\/www.welovecycling.com\/pl\/2019\/01\/28\/ccc-team-2019-pawel-bernas-i-jego-droga-od-pro-continental-do-world-tour\/\",\"url\":\"https:\/\/www.welovecycling.com\/pl\/2019\/01\/28\/ccc-team-2019-pawel-bernas-i-jego-droga-od-pro-continental-do-world-tour\/\",\"name\":\"CCC Team 2019: Pawe\u0142 Bernas i jego droga od Pro-Continental do World Tour - \u0160koda We Love Cycling - Poland\",\"isPartOf\":{\"@id\":\"https:\/\/www.welovecycling.com\/pl\/#website\"},\"primaryImageOfPage\":{\"@id\":\"https:\/\/www.welovecycling.com\/pl\/2019\/01\/28\/ccc-team-2019-pawel-bernas-i-jego-droga-od-pro-continental-do-world-tour\/#primaryimage\"},\"image\":{\"@id\":\"https:\/\/www.welovecycling.com\/pl\/2019\/01\/28\/ccc-team-2019-pawel-bernas-i-jego-droga-od-pro-continental-do-world-tour\/#primaryimage\"},\"thumbnailUrl\":\"https:\/\/d2p6e6u75xmxt8.cloudfront.net\/5\/2019\/01\/CCC-Team-Bernas-4.jpg\",\"datePublished\":\"2019-01-28T17:49:20+00:00\",\"dateModified\":\"2019-01-29T12:11:13+00:00\",\"author\":{\"@id\":\"https:\/\/www.welovecycling.com\/pl\/#\/schema\/person\/0dba2d39da943db9df3fd8f4687e7f23\"},\"breadcrumb\":{\"@id\":\"https:\/\/www.welovecycling.com\/pl\/2019\/01\/28\/ccc-team-2019-pawel-bernas-i-jego-droga-od-pro-continental-do-world-tour\/#breadcrumb\"},\"inLanguage\":\"pl-PL\",\"potentialAction\":[{\"@type\":\"ReadAction\",\"target\":[\"https:\/\/www.welovecycling.com\/pl\/2019\/01\/28\/ccc-team-2019-pawel-bernas-i-jego-droga-od-pro-continental-do-world-tour\/\"]}]},{\"@type\":\"ImageObject\",\"inLanguage\":\"pl-PL\",\"@id\":\"https:\/\/www.welovecycling.com\/pl\/2019\/01\/28\/ccc-team-2019-pawel-bernas-i-jego-droga-od-pro-continental-do-world-tour\/#primaryimage\",\"url\":\"https:\/\/d2p6e6u75xmxt8.cloudfront.net\/5\/2019\/01\/CCC-Team-Bernas-4.jpg\",\"contentUrl\":\"https:\/\/d2p6e6u75xmxt8.cloudfront.net\/5\/2019\/01\/CCC-Team-Bernas-4.jpg\",\"width\":1377,\"height\":918},{\"@type\":\"BreadcrumbList\",\"@id\":\"https:\/\/www.welovecycling.com\/pl\/2019\/01\/28\/ccc-team-2019-pawel-bernas-i-jego-droga-od-pro-continental-do-world-tour\/#breadcrumb\",\"itemListElement\":[{\"@type\":\"ListItem\",\"position\":1,\"name\":\"Home\",\"item\":\"https:\/\/www.welovecycling.com\/pl\/\"},{\"@type\":\"ListItem\",\"position\":2,\"name\":\"CCC Team 2019: Pawe\u0142 Bernas i jego droga od Pro-Continental do World Tour\"}]},{\"@type\":\"WebSite\",\"@id\":\"https:\/\/www.welovecycling.com\/pl\/#website\",\"url\":\"https:\/\/www.welovecycling.com\/pl\/\",\"name\":\"\u0160koda We Love Cycling - Poland\",\"description\":\"\",\"potentialAction\":[{\"@type\":\"SearchAction\",\"target\":{\"@type\":\"EntryPoint\",\"urlTemplate\":\"https:\/\/www.welovecycling.com\/pl\/?s={search_term_string}\"},\"query-input\":{\"@type\":\"PropertyValueSpecification\",\"valueRequired\":true,\"valueName\":\"search_term_string\"}}],\"inLanguage\":\"pl-PL\"},{\"@type\":\"Person\",\"@id\":\"https:\/\/www.welovecycling.com\/pl\/#\/schema\/person\/0dba2d39da943db9df3fd8f4687e7f23\",\"name\":\"piotrboczkowski\",\"image\":{\"@type\":\"ImageObject\",\"inLanguage\":\"pl-PL\",\"@id\":\"https:\/\/www.welovecycling.com\/pl\/#\/schema\/person\/image\/\",\"url\":\"https:\/\/secure.gravatar.com\/avatar\/533caccae14752e03a2ce2d3fd62d1b98b93e1393c3195c27819e53344ca1ace?s=96&d=mm&r=g\",\"contentUrl\":\"https:\/\/secure.gravatar.com\/avatar\/533caccae14752e03a2ce2d3fd62d1b98b93e1393c3195c27819e53344ca1ace?s=96&d=mm&r=g\",\"caption\":\"piotrboczkowski\"},\"url\":\"https:\/\/www.welovecycling.com\/pl\/author\/piotrboczkowski\/\"}]}<\/script>\n<!-- \/ Yoast SEO Premium plugin. -->","yoast_head_json":{"title":"CCC Team 2019: Pawe\u0142 Bernas i jego droga od Pro-Continental do World Tour - \u0160koda We Love Cycling - Poland","robots":{"index":"index","follow":"follow","max-snippet":"max-snippet:-1","max-image-preview":"max-image-preview:large","max-video-preview":"max-video-preview:-1"},"canonical":"https:\/\/www.welovecycling.com\/pl\/2019\/01\/28\/ccc-team-2019-pawel-bernas-i-jego-droga-od-pro-continental-do-world-tour\/","og_locale":"pl_PL","og_type":"article","og_title":"CCC Team 2019: Pawe\u0142 Bernas i jego droga od Pro-Continental do World Tour","og_description":"Jedn\u0105 ze spraw, o kt\u00f3rej a\u017c hucza\u0142o w sezonie 2018, by\u0142o odej\u015bcie g\u0142\u00f3wnego sponsora zespo\u0142u BMC Racing Team, szwajcarskiego producenta [&hellip;]","og_url":"https:\/\/www.welovecycling.com\/pl\/2019\/01\/28\/ccc-team-2019-pawel-bernas-i-jego-droga-od-pro-continental-do-world-tour\/","og_site_name":"\u0160koda We Love Cycling - Poland","article_published_time":"2019-01-28T17:49:20+00:00","article_modified_time":"2019-01-29T12:11:13+00:00","og_image":[{"width":1377,"height":918,"url":"https:\/\/d2p6e6u75xmxt8.cloudfront.net\/5\/2019\/01\/CCC-Team-Bernas-4.jpg","type":"image\/jpeg"}],"author":"piotrboczkowski","twitter_card":"summary_large_image","twitter_misc":{"Written by":"Jonathan Bouchard (Polska \u00e0 v\u00e9lo)","Est. reading time":"6"},"schema":{"@context":"https:\/\/schema.org","@graph":[{"@type":"WebPage","@id":"https:\/\/www.welovecycling.com\/pl\/2019\/01\/28\/ccc-team-2019-pawel-bernas-i-jego-droga-od-pro-continental-do-world-tour\/","url":"https:\/\/www.welovecycling.com\/pl\/2019\/01\/28\/ccc-team-2019-pawel-bernas-i-jego-droga-od-pro-continental-do-world-tour\/","name":"CCC Team 2019: Pawe\u0142 Bernas i jego droga od Pro-Continental do World Tour - \u0160koda We Love Cycling - Poland","isPartOf":{"@id":"https:\/\/www.welovecycling.com\/pl\/#website"},"primaryImageOfPage":{"@id":"https:\/\/www.welovecycling.com\/pl\/2019\/01\/28\/ccc-team-2019-pawel-bernas-i-jego-droga-od-pro-continental-do-world-tour\/#primaryimage"},"image":{"@id":"https:\/\/www.welovecycling.com\/pl\/2019\/01\/28\/ccc-team-2019-pawel-bernas-i-jego-droga-od-pro-continental-do-world-tour\/#primaryimage"},"thumbnailUrl":"https:\/\/d2p6e6u75xmxt8.cloudfront.net\/5\/2019\/01\/CCC-Team-Bernas-4.jpg","datePublished":"2019-01-28T17:49:20+00:00","dateModified":"2019-01-29T12:11:13+00:00","author":{"@id":"https:\/\/www.welovecycling.com\/pl\/#\/schema\/person\/0dba2d39da943db9df3fd8f4687e7f23"},"breadcrumb":{"@id":"https:\/\/www.welovecycling.com\/pl\/2019\/01\/28\/ccc-team-2019-pawel-bernas-i-jego-droga-od-pro-continental-do-world-tour\/#breadcrumb"},"inLanguage":"pl-PL","potentialAction":[{"@type":"ReadAction","target":["https:\/\/www.welovecycling.com\/pl\/2019\/01\/28\/ccc-team-2019-pawel-bernas-i-jego-droga-od-pro-continental-do-world-tour\/"]}]},{"@type":"ImageObject","inLanguage":"pl-PL","@id":"https:\/\/www.welovecycling.com\/pl\/2019\/01\/28\/ccc-team-2019-pawel-bernas-i-jego-droga-od-pro-continental-do-world-tour\/#primaryimage","url":"https:\/\/d2p6e6u75xmxt8.cloudfront.net\/5\/2019\/01\/CCC-Team-Bernas-4.jpg","contentUrl":"https:\/\/d2p6e6u75xmxt8.cloudfront.net\/5\/2019\/01\/CCC-Team-Bernas-4.jpg","width":1377,"height":918},{"@type":"BreadcrumbList","@id":"https:\/\/www.welovecycling.com\/pl\/2019\/01\/28\/ccc-team-2019-pawel-bernas-i-jego-droga-od-pro-continental-do-world-tour\/#breadcrumb","itemListElement":[{"@type":"ListItem","position":1,"name":"Home","item":"https:\/\/www.welovecycling.com\/pl\/"},{"@type":"ListItem","position":2,"name":"CCC Team 2019: Pawe\u0142 Bernas i jego droga od Pro-Continental do World Tour"}]},{"@type":"WebSite","@id":"https:\/\/www.welovecycling.com\/pl\/#website","url":"https:\/\/www.welovecycling.com\/pl\/","name":"\u0160koda We Love Cycling - Poland","description":"","potentialAction":[{"@type":"SearchAction","target":{"@type":"EntryPoint","urlTemplate":"https:\/\/www.welovecycling.com\/pl\/?s={search_term_string}"},"query-input":{"@type":"PropertyValueSpecification","valueRequired":true,"valueName":"search_term_string"}}],"inLanguage":"pl-PL"},{"@type":"Person","@id":"https:\/\/www.welovecycling.com\/pl\/#\/schema\/person\/0dba2d39da943db9df3fd8f4687e7f23","name":"piotrboczkowski","image":{"@type":"ImageObject","inLanguage":"pl-PL","@id":"https:\/\/www.welovecycling.com\/pl\/#\/schema\/person\/image\/","url":"https:\/\/secure.gravatar.com\/avatar\/533caccae14752e03a2ce2d3fd62d1b98b93e1393c3195c27819e53344ca1ace?s=96&d=mm&r=g","contentUrl":"https:\/\/secure.gravatar.com\/avatar\/533caccae14752e03a2ce2d3fd62d1b98b93e1393c3195c27819e53344ca1ace?s=96&d=mm&r=g","caption":"piotrboczkowski"},"url":"https:\/\/www.welovecycling.com\/pl\/author\/piotrboczkowski\/"}]}},"_links":{"self":[{"href":"https:\/\/www.welovecycling.com\/pl\/wp-json\/wp\/v2\/posts\/8426","targetHints":{"allow":["GET"]}}],"collection":[{"href":"https:\/\/www.welovecycling.com\/pl\/wp-json\/wp\/v2\/posts"}],"about":[{"href":"https:\/\/www.welovecycling.com\/pl\/wp-json\/wp\/v2\/types\/post"}],"author":[{"embeddable":true,"href":"https:\/\/www.welovecycling.com\/pl\/wp-json\/wp\/v2\/users\/76"}],"replies":[{"embeddable":true,"href":"https:\/\/www.welovecycling.com\/pl\/wp-json\/wp\/v2\/comments?post=8426"}],"version-history":[{"count":2,"href":"https:\/\/www.welovecycling.com\/pl\/wp-json\/wp\/v2\/posts\/8426\/revisions"}],"predecessor-version":[{"id":8434,"href":"https:\/\/www.welovecycling.com\/pl\/wp-json\/wp\/v2\/posts\/8426\/revisions\/8434"}],"wp:featuredmedia":[{"embeddable":true,"href":"https:\/\/www.welovecycling.com\/pl\/wp-json\/wp\/v2\/media\/8429"}],"wp:attachment":[{"href":"https:\/\/www.welovecycling.com\/pl\/wp-json\/wp\/v2\/media?parent=8426"}],"wp:term":[{"taxonomy":"category","embeddable":true,"href":"https:\/\/www.welovecycling.com\/pl\/wp-json\/wp\/v2\/categories?post=8426"},{"taxonomy":"post_tag","embeddable":true,"href":"https:\/\/www.welovecycling.com\/pl\/wp-json\/wp\/v2\/tags?post=8426"},{"taxonomy":"global-categories","embeddable":true,"href":"https:\/\/www.welovecycling.com\/pl\/wp-json\/wp\/v2\/global-categories?post=8426"}],"curies":[{"name":"wp","href":"https:\/\/api.w.org\/{rel}","templated":true}]}}