{"id":8411,"date":"2019-01-23T08:26:51","date_gmt":"2019-01-23T08:26:51","guid":{"rendered":"https:\/\/www.welovecycling.com\/pl\/?p=8411"},"modified":"2019-01-24T12:26:04","modified_gmt":"2019-01-24T12:26:04","slug":"grochy-zielen-biel-skad-wziely-sie-kolory-koszulek-na-tour-de-france","status":"publish","type":"post","link":"https:\/\/www.welovecycling.com\/pl\/2019\/01\/23\/grochy-zielen-biel-skad-wziely-sie-kolory-koszulek-na-tour-de-france\/","title":{"rendered":"Grochy, ziele\u0144, biel. Sk\u0105d wzi\u0119\u0142y si\u0119 kolory koszulek na Tour de France?"},"content":{"rendered":"<p><strong>Tour de France wygl\u0105da\u0142oby inaczej, gdyby nie\u2026 czekolady i kosiarki do trawy<\/strong><\/p>\n<p>Jedn\u0105 wprowadzono, bo Tour de France grozi\u0142 bojkot. Kolejna do dzi\u015b przypomina o pysznych francuskich czekoladkach, a jeszcze inna o tragicznym wypadku. W tym roku \u017c\u00f3\u0142ta koszulka lidera klasyfikacji Tour de France obchodzi 100. urodziny, wi\u0119c z tej okazji poznajcie jej siostry.<\/p>\n<p>W\u0142och Fausto Coppi w pewnym momencie sta\u0142 si\u0119 kolarzem znienawidzonym. Cz\u0119\u015b\u0107 rodak\u00f3w pot\u0119pi\u0142a go za zostawienie \u017cony dla innej kobiety, za to kibic\u00f3w kolarstwa interesowa\u0142o co innego \u2013 czy ten cz\u0142owiek na dobre odbierze emocje Tour de France?<\/p>\n<p><strong>Kosiarki do trawy wje\u017cd\u017caj\u0105 do gry<\/strong><\/p>\n<p>W 1952 roku Coppi znokautowa\u0142 konkurencj\u0119. Niekt\u00f3rzy gorzko \u017cartowali, \u017ce zwyci\u0119\u017cy\u0142by nawet jad\u0105c na jednym kole i nie ma w tym nic dziwnego, bo W\u0142och w drugiej cz\u0119\u015bci wy\u015bcigu wygra\u0142 13 z 14 etap\u00f3w!<\/p>\n<p>Oklaski dla fenomena? Mo\u017ce od kibic\u00f3w, ale nie od rywali i organizator\u00f3w. Przeciwnicy Coppiego zacz\u0119li narzeka\u0107 na jego dominacj\u0119 i pojawi\u0142y si\u0119 g\u0142osy, \u017ce w tej sytuacji nie ma sensu startowa\u0107 w wy\u015bcigu, bo jedyny laur, czyli \u017c\u00f3\u0142ta koszulka, przypadnie w\u0142a\u015bnie W\u0142ochowi.<\/p>\n<p>Dlatego organizatorzy Wielkiej P\u0119tli wpadli na pomys\u0142, by skusi\u0107 zawodnik\u00f3w dodatkow\u0105 koszulk\u0105. Klucz wybierania koloru by\u0142 taki sam jak w przypadku \u017c\u00f3\u0142tego trykotu, a wi\u0119c barw\u0119 nadawa\u0142 sponsor. \u017b\u00f3\u0142ta koszulka mia\u0142a taki sam kolor jak papier, na kt\u00f3rym wydawano gazet\u0119 \u201eL\u2019Auto\u201d (organizator Tour de France), a trykot dla sprintera by\u0142 zielony, poniewa\u017c jego sponsorem zosta\u0142 producent kosiarek do trawy.<\/p>\n<p>I tak w 1953 r., czyli na 50-lecie Tour de France, zawodnicy zacz\u0119li rywalizowa\u0107 w klasyfikacji sprinterskiej. Jej zwyci\u0119zc\u0105 jest zawodnik, kt\u00f3ry zgarnie najwi\u0119ksz\u0105 liczb\u0119 punkt\u00f3w na tzw. lotnych premiach. Do tej pory rekordzistami pod wzgl\u0119dem zwyci\u0119stw w tej klasyfikacji s\u0105 Niemiec Erik Zabel oraz S\u0142owak Peter Sagan, kt\u00f3rzy wygrali j\u0105 sze\u015bciokrotnie, ale 28-letni Sagan ma szans\u0119 jeszcze poprawi\u0107 ten wynik.<\/p>\n<p>Zielona koszulka by\u0142a sponsorowana m.in. przez firmy: Michelin, BP, Castelli, Panasonic, PMU, a od 2015 roku przez \u0160kod\u0119.<\/p>\n<p><strong>Kr\u00f3l G\u00f3r i\u2026 czekolady<\/strong><\/p>\n<p>M\u0142odsz\u0105 siostr\u0105 zielonej koszulki jest koszulka w grochy dla zwyci\u0119zcy klasyfikacji g\u00f3rskiej. Cho\u0107 jest m\u0142odsza, to jednak mo\u017ce uwa\u017ca\u0107 si\u0119 za bardziej do\u015bwiadczon\u0105. Dlaczego? Poniewa\u017c klasyfikacja g\u00f3rska by\u0142a prowadzona od 1933 r., ale Kr\u00f3l G\u00f3r po raz pierwszy otrzyma\u0142 koszulk\u0119 w 1975 r. Cho\u0107 akurat ten trykot wygl\u0105da raczej ma\u0142o kr\u00f3lewsko, bo bia\u0142a koszulka pokryta jest czerwonymi grochami.<\/p>\n<p>O wygl\u0105dzie zn\u00f3w jednak zdecydowa\u0142 sponsor. Tym razem by\u0142 to Chocolat Poulain, firma produkuj\u0105ca czekolady i batony, kt\u00f3re by\u0142y pokryte w\u0142a\u015bnie charakterystycznymi okr\u0119gami.<\/p>\n<p>Pierwszym zwyci\u0119zc\u0105 klasyfikacji g\u00f3rskiej zosta\u0142 Hiszpan Vicente Trueba, ale najstarsza koszulka w grochy znajduje si\u0119 w kolekcji Belga Luciena Van Impe, kt\u00f3ry \u0142\u0105cznie zdoby\u0142 j\u0105 a\u017c sze\u015b\u0107 razy. Kr\u00f3lem G\u00f3r wszech czas\u00f3w Tour de France jest jednak Francuz Richard Virenque, kt\u00f3ry na prze\u0142omie wiek\u00f3w wygra\u0142 klasyfikacj\u0119 siedmiokrotnie.<\/p>\n<p><strong>Koszulka ci\u0105g\u0142ych zmian<\/strong><\/p>\n<p>O ile o ka\u017cdej z tych koszulek ka\u017cdy kolarz mo\u017ce \u015bni\u0107 niemal do ko\u0144ca kariery, to marzenia o bia\u0142ym trykocie pryskaj\u0105 w wieku 26 lat, bo ten nale\u017cy si\u0119 najlepszemu m\u0142odemu zawodnikowi.<\/p>\n<p>Ta klasyfikacja zosta\u0142a wprowadzona w 1975 roku, a wcze\u015bniej bia\u0142\u0105 koszulk\u0119 zak\u0142adali najlepsi kombinatorzy, czyli kolarze, kt\u00f3rzy \u0142\u0105cznie uzyskali najlepszy wynik w klasyfikacji generalnej, punktowej i g\u00f3rskiej.<\/p>\n<p>Bia\u0142a koszulka przechodzi\u0142a jednak wiele zmian. W po\u0142owie lat 80. przyznawano j\u0105 nie najlepszemu m\u0142odemu zawodnikowi, ale najlepszemu debiutantowi w Tour de France. Po czterech latach z tego pomys\u0142u si\u0119 jednak wycofano. W latach 90. klasyfikacja m\u0142odzie\u017cowc\u00f3w ci\u0105gle istnia\u0142a, ale do 2000 roku nie przyznawano koszulek.<\/p>\n<p>Dzi\u015b najlepszy m\u0142odzie\u017cowiec dumnie jedzie w bia\u0142ym trykocie, a klasyfikacja oficjalnie nazywa si\u0119 \u201eSouvenir Fabio Casartelli\u201d na cze\u015b\u0107 w\u0142oskiego kolarza, kt\u00f3ry w 1995 roku zgin\u0105\u0142 na trasie Tour de France, podczas zjazdu w Pirenejach. Casartelli mia\u0142 25 lat.<\/p>\n<p>Najcenniejszy trykot nie tylko w Tour de France, ale w ca\u0142ym kolarskim \u015bwiecie ma jednak kolor \u017c\u00f3\u0142ty. W tym roku ta koszulka obchodzi 100-lecie, cho\u0107 na pocz\u0105tku\u2026 nikt nie chcia\u0142 zak\u0142ada\u0107. Wi\u0119cej o tym przeczytacie <a href=\"https:\/\/www.welovecycling.com\/pl\/2018\/11\/22\/nikt-jej-nie-chcial-niesamowita-historia-zoltej-koszulki\/\">TUTAJ<\/a>\u00a0.<\/p>\n<p>&nbsp;<\/p>\n<p>Artyku\u0142 powsta\u0142 we wsp\u00f3\u0142pracy ze\u00a0<a href=\"http:\/\/www.skoda-auto.pl\/\">skoda-auto.pl<\/a><\/p>\n<p>&nbsp;<\/p>\n","protected":false},"excerpt":{"rendered":"<p>Tour de France wygl\u0105da\u0142oby inaczej, gdyby nie\u2026 czekolady i kosiarki do trawy Jedn\u0105 wprowadzono, bo Tour de France grozi\u0142 bojkot. [&hellip;]<\/p>\n","protected":false},"author":76,"featured_media":8412,"comment_status":"open","ping_status":"open","sticky":false,"template":"","format":"standard","meta":{"footnotes":""},"categories":[226],"tags":[],"global-categories":[],"class_list":["post-8411","post","type-post","status-publish","format-standard","has-post-thumbnail","hentry","category-ciekawostki"],"yoast_head":"<!-- This site is optimized with the Yoast SEO Premium plugin v25.3 (Yoast SEO v25.9) - https:\/\/yoast.com\/wordpress\/plugins\/seo\/ -->\n<title>Grochy, ziele\u0144, biel. Sk\u0105d wzi\u0119\u0142y si\u0119 kolory koszulek na Tour de France? - \u0160koda We Love Cycling - Poland<\/title>\n<meta name=\"robots\" content=\"index, follow, max-snippet:-1, max-image-preview:large, max-video-preview:-1\" \/>\n<link rel=\"canonical\" href=\"https:\/\/www.welovecycling.com\/pl\/2019\/01\/23\/grochy-zielen-biel-skad-wziely-sie-kolory-koszulek-na-tour-de-france\/\" \/>\n<meta property=\"og:locale\" content=\"pl_PL\" \/>\n<meta property=\"og:type\" content=\"article\" \/>\n<meta property=\"og:title\" content=\"Grochy, ziele\u0144, biel. Sk\u0105d wzi\u0119\u0142y si\u0119 kolory koszulek na Tour de France?\" \/>\n<meta property=\"og:description\" content=\"Tour de France wygl\u0105da\u0142oby inaczej, gdyby nie\u2026 czekolady i kosiarki do trawy Jedn\u0105 wprowadzono, bo Tour de France grozi\u0142 bojkot. [&hellip;]\" \/>\n<meta property=\"og:url\" content=\"https:\/\/www.welovecycling.com\/pl\/2019\/01\/23\/grochy-zielen-biel-skad-wziely-sie-kolory-koszulek-na-tour-de-france\/\" \/>\n<meta property=\"og:site_name\" content=\"\u0160koda We Love Cycling - Poland\" \/>\n<meta property=\"article:published_time\" content=\"2019-01-23T08:26:51+00:00\" \/>\n<meta property=\"article:modified_time\" content=\"2019-01-24T12:26:04+00:00\" \/>\n<meta property=\"og:image\" content=\"https:\/\/d2p6e6u75xmxt8.cloudfront.net\/5\/2019\/01\/profimedia-0294287736.jpg\" \/>\n\t<meta property=\"og:image:width\" content=\"1250\" \/>\n\t<meta property=\"og:image:height\" content=\"833\" \/>\n\t<meta property=\"og:image:type\" content=\"image\/jpeg\" \/>\n<meta name=\"author\" content=\"piotrboczkowski\" \/>\n<meta name=\"twitter:card\" content=\"summary_large_image\" \/>\n<meta name=\"twitter:label1\" content=\"Written by\" \/>\n\t<meta name=\"twitter:data1\" content=\"Piotr Jawor\" \/>\n\t<meta name=\"twitter:label2\" content=\"Est. reading time\" \/>\n\t<meta name=\"twitter:data2\" content=\"4\" \/>\n<script type=\"application\/ld+json\" class=\"yoast-schema-graph\">{\"@context\":\"https:\/\/schema.org\",\"@graph\":[{\"@type\":\"WebPage\",\"@id\":\"https:\/\/www.welovecycling.com\/pl\/2019\/01\/23\/grochy-zielen-biel-skad-wziely-sie-kolory-koszulek-na-tour-de-france\/\",\"url\":\"https:\/\/www.welovecycling.com\/pl\/2019\/01\/23\/grochy-zielen-biel-skad-wziely-sie-kolory-koszulek-na-tour-de-france\/\",\"name\":\"Grochy, ziele\u0144, biel. Sk\u0105d wzi\u0119\u0142y si\u0119 kolory koszulek na Tour de France? - \u0160koda We Love Cycling - Poland\",\"isPartOf\":{\"@id\":\"https:\/\/www.welovecycling.com\/pl\/#website\"},\"primaryImageOfPage\":{\"@id\":\"https:\/\/www.welovecycling.com\/pl\/2019\/01\/23\/grochy-zielen-biel-skad-wziely-sie-kolory-koszulek-na-tour-de-france\/#primaryimage\"},\"image\":{\"@id\":\"https:\/\/www.welovecycling.com\/pl\/2019\/01\/23\/grochy-zielen-biel-skad-wziely-sie-kolory-koszulek-na-tour-de-france\/#primaryimage\"},\"thumbnailUrl\":\"https:\/\/d2p6e6u75xmxt8.cloudfront.net\/5\/2019\/01\/profimedia-0294287736.jpg\",\"datePublished\":\"2019-01-23T08:26:51+00:00\",\"dateModified\":\"2019-01-24T12:26:04+00:00\",\"author\":{\"@id\":\"https:\/\/www.welovecycling.com\/pl\/#\/schema\/person\/0dba2d39da943db9df3fd8f4687e7f23\"},\"breadcrumb\":{\"@id\":\"https:\/\/www.welovecycling.com\/pl\/2019\/01\/23\/grochy-zielen-biel-skad-wziely-sie-kolory-koszulek-na-tour-de-france\/#breadcrumb\"},\"inLanguage\":\"pl-PL\",\"potentialAction\":[{\"@type\":\"ReadAction\",\"target\":[\"https:\/\/www.welovecycling.com\/pl\/2019\/01\/23\/grochy-zielen-biel-skad-wziely-sie-kolory-koszulek-na-tour-de-france\/\"]}]},{\"@type\":\"ImageObject\",\"inLanguage\":\"pl-PL\",\"@id\":\"https:\/\/www.welovecycling.com\/pl\/2019\/01\/23\/grochy-zielen-biel-skad-wziely-sie-kolory-koszulek-na-tour-de-france\/#primaryimage\",\"url\":\"https:\/\/d2p6e6u75xmxt8.cloudfront.net\/5\/2019\/01\/profimedia-0294287736.jpg\",\"contentUrl\":\"https:\/\/d2p6e6u75xmxt8.cloudfront.net\/5\/2019\/01\/profimedia-0294287736.jpg\",\"width\":1250,\"height\":833,\"caption\":\"Chris Froome and Peter Sagan chat before the stage start. (13th July, 2016)\"},{\"@type\":\"BreadcrumbList\",\"@id\":\"https:\/\/www.welovecycling.com\/pl\/2019\/01\/23\/grochy-zielen-biel-skad-wziely-sie-kolory-koszulek-na-tour-de-france\/#breadcrumb\",\"itemListElement\":[{\"@type\":\"ListItem\",\"position\":1,\"name\":\"Home\",\"item\":\"https:\/\/www.welovecycling.com\/pl\/\"},{\"@type\":\"ListItem\",\"position\":2,\"name\":\"Grochy, ziele\u0144, biel. Sk\u0105d wzi\u0119\u0142y si\u0119 kolory koszulek na Tour de France?\"}]},{\"@type\":\"WebSite\",\"@id\":\"https:\/\/www.welovecycling.com\/pl\/#website\",\"url\":\"https:\/\/www.welovecycling.com\/pl\/\",\"name\":\"\u0160koda We Love Cycling - Poland\",\"description\":\"\",\"potentialAction\":[{\"@type\":\"SearchAction\",\"target\":{\"@type\":\"EntryPoint\",\"urlTemplate\":\"https:\/\/www.welovecycling.com\/pl\/?s={search_term_string}\"},\"query-input\":{\"@type\":\"PropertyValueSpecification\",\"valueRequired\":true,\"valueName\":\"search_term_string\"}}],\"inLanguage\":\"pl-PL\"},{\"@type\":\"Person\",\"@id\":\"https:\/\/www.welovecycling.com\/pl\/#\/schema\/person\/0dba2d39da943db9df3fd8f4687e7f23\",\"name\":\"piotrboczkowski\",\"image\":{\"@type\":\"ImageObject\",\"inLanguage\":\"pl-PL\",\"@id\":\"https:\/\/www.welovecycling.com\/pl\/#\/schema\/person\/image\/\",\"url\":\"https:\/\/secure.gravatar.com\/avatar\/533caccae14752e03a2ce2d3fd62d1b98b93e1393c3195c27819e53344ca1ace?s=96&d=mm&r=g\",\"contentUrl\":\"https:\/\/secure.gravatar.com\/avatar\/533caccae14752e03a2ce2d3fd62d1b98b93e1393c3195c27819e53344ca1ace?s=96&d=mm&r=g\",\"caption\":\"piotrboczkowski\"},\"url\":\"https:\/\/www.welovecycling.com\/pl\/author\/piotrboczkowski\/\"}]}<\/script>\n<!-- \/ Yoast SEO Premium plugin. -->","yoast_head_json":{"title":"Grochy, ziele\u0144, biel. Sk\u0105d wzi\u0119\u0142y si\u0119 kolory koszulek na Tour de France? - \u0160koda We Love Cycling - Poland","robots":{"index":"index","follow":"follow","max-snippet":"max-snippet:-1","max-image-preview":"max-image-preview:large","max-video-preview":"max-video-preview:-1"},"canonical":"https:\/\/www.welovecycling.com\/pl\/2019\/01\/23\/grochy-zielen-biel-skad-wziely-sie-kolory-koszulek-na-tour-de-france\/","og_locale":"pl_PL","og_type":"article","og_title":"Grochy, ziele\u0144, biel. Sk\u0105d wzi\u0119\u0142y si\u0119 kolory koszulek na Tour de France?","og_description":"Tour de France wygl\u0105da\u0142oby inaczej, gdyby nie\u2026 czekolady i kosiarki do trawy Jedn\u0105 wprowadzono, bo Tour de France grozi\u0142 bojkot. [&hellip;]","og_url":"https:\/\/www.welovecycling.com\/pl\/2019\/01\/23\/grochy-zielen-biel-skad-wziely-sie-kolory-koszulek-na-tour-de-france\/","og_site_name":"\u0160koda We Love Cycling - Poland","article_published_time":"2019-01-23T08:26:51+00:00","article_modified_time":"2019-01-24T12:26:04+00:00","og_image":[{"width":1250,"height":833,"url":"https:\/\/d2p6e6u75xmxt8.cloudfront.net\/5\/2019\/01\/profimedia-0294287736.jpg","type":"image\/jpeg"}],"author":"piotrboczkowski","twitter_card":"summary_large_image","twitter_misc":{"Written by":"Piotr Jawor","Est. reading time":"4"},"schema":{"@context":"https:\/\/schema.org","@graph":[{"@type":"WebPage","@id":"https:\/\/www.welovecycling.com\/pl\/2019\/01\/23\/grochy-zielen-biel-skad-wziely-sie-kolory-koszulek-na-tour-de-france\/","url":"https:\/\/www.welovecycling.com\/pl\/2019\/01\/23\/grochy-zielen-biel-skad-wziely-sie-kolory-koszulek-na-tour-de-france\/","name":"Grochy, ziele\u0144, biel. Sk\u0105d wzi\u0119\u0142y si\u0119 kolory koszulek na Tour de France? - \u0160koda We Love Cycling - Poland","isPartOf":{"@id":"https:\/\/www.welovecycling.com\/pl\/#website"},"primaryImageOfPage":{"@id":"https:\/\/www.welovecycling.com\/pl\/2019\/01\/23\/grochy-zielen-biel-skad-wziely-sie-kolory-koszulek-na-tour-de-france\/#primaryimage"},"image":{"@id":"https:\/\/www.welovecycling.com\/pl\/2019\/01\/23\/grochy-zielen-biel-skad-wziely-sie-kolory-koszulek-na-tour-de-france\/#primaryimage"},"thumbnailUrl":"https:\/\/d2p6e6u75xmxt8.cloudfront.net\/5\/2019\/01\/profimedia-0294287736.jpg","datePublished":"2019-01-23T08:26:51+00:00","dateModified":"2019-01-24T12:26:04+00:00","author":{"@id":"https:\/\/www.welovecycling.com\/pl\/#\/schema\/person\/0dba2d39da943db9df3fd8f4687e7f23"},"breadcrumb":{"@id":"https:\/\/www.welovecycling.com\/pl\/2019\/01\/23\/grochy-zielen-biel-skad-wziely-sie-kolory-koszulek-na-tour-de-france\/#breadcrumb"},"inLanguage":"pl-PL","potentialAction":[{"@type":"ReadAction","target":["https:\/\/www.welovecycling.com\/pl\/2019\/01\/23\/grochy-zielen-biel-skad-wziely-sie-kolory-koszulek-na-tour-de-france\/"]}]},{"@type":"ImageObject","inLanguage":"pl-PL","@id":"https:\/\/www.welovecycling.com\/pl\/2019\/01\/23\/grochy-zielen-biel-skad-wziely-sie-kolory-koszulek-na-tour-de-france\/#primaryimage","url":"https:\/\/d2p6e6u75xmxt8.cloudfront.net\/5\/2019\/01\/profimedia-0294287736.jpg","contentUrl":"https:\/\/d2p6e6u75xmxt8.cloudfront.net\/5\/2019\/01\/profimedia-0294287736.jpg","width":1250,"height":833,"caption":"Chris Froome and Peter Sagan chat before the stage start. (13th July, 2016)"},{"@type":"BreadcrumbList","@id":"https:\/\/www.welovecycling.com\/pl\/2019\/01\/23\/grochy-zielen-biel-skad-wziely-sie-kolory-koszulek-na-tour-de-france\/#breadcrumb","itemListElement":[{"@type":"ListItem","position":1,"name":"Home","item":"https:\/\/www.welovecycling.com\/pl\/"},{"@type":"ListItem","position":2,"name":"Grochy, ziele\u0144, biel. Sk\u0105d wzi\u0119\u0142y si\u0119 kolory koszulek na Tour de France?"}]},{"@type":"WebSite","@id":"https:\/\/www.welovecycling.com\/pl\/#website","url":"https:\/\/www.welovecycling.com\/pl\/","name":"\u0160koda We Love Cycling - Poland","description":"","potentialAction":[{"@type":"SearchAction","target":{"@type":"EntryPoint","urlTemplate":"https:\/\/www.welovecycling.com\/pl\/?s={search_term_string}"},"query-input":{"@type":"PropertyValueSpecification","valueRequired":true,"valueName":"search_term_string"}}],"inLanguage":"pl-PL"},{"@type":"Person","@id":"https:\/\/www.welovecycling.com\/pl\/#\/schema\/person\/0dba2d39da943db9df3fd8f4687e7f23","name":"piotrboczkowski","image":{"@type":"ImageObject","inLanguage":"pl-PL","@id":"https:\/\/www.welovecycling.com\/pl\/#\/schema\/person\/image\/","url":"https:\/\/secure.gravatar.com\/avatar\/533caccae14752e03a2ce2d3fd62d1b98b93e1393c3195c27819e53344ca1ace?s=96&d=mm&r=g","contentUrl":"https:\/\/secure.gravatar.com\/avatar\/533caccae14752e03a2ce2d3fd62d1b98b93e1393c3195c27819e53344ca1ace?s=96&d=mm&r=g","caption":"piotrboczkowski"},"url":"https:\/\/www.welovecycling.com\/pl\/author\/piotrboczkowski\/"}]}},"_links":{"self":[{"href":"https:\/\/www.welovecycling.com\/pl\/wp-json\/wp\/v2\/posts\/8411","targetHints":{"allow":["GET"]}}],"collection":[{"href":"https:\/\/www.welovecycling.com\/pl\/wp-json\/wp\/v2\/posts"}],"about":[{"href":"https:\/\/www.welovecycling.com\/pl\/wp-json\/wp\/v2\/types\/post"}],"author":[{"embeddable":true,"href":"https:\/\/www.welovecycling.com\/pl\/wp-json\/wp\/v2\/users\/76"}],"replies":[{"embeddable":true,"href":"https:\/\/www.welovecycling.com\/pl\/wp-json\/wp\/v2\/comments?post=8411"}],"version-history":[{"count":2,"href":"https:\/\/www.welovecycling.com\/pl\/wp-json\/wp\/v2\/posts\/8411\/revisions"}],"predecessor-version":[{"id":8416,"href":"https:\/\/www.welovecycling.com\/pl\/wp-json\/wp\/v2\/posts\/8411\/revisions\/8416"}],"wp:featuredmedia":[{"embeddable":true,"href":"https:\/\/www.welovecycling.com\/pl\/wp-json\/wp\/v2\/media\/8412"}],"wp:attachment":[{"href":"https:\/\/www.welovecycling.com\/pl\/wp-json\/wp\/v2\/media?parent=8411"}],"wp:term":[{"taxonomy":"category","embeddable":true,"href":"https:\/\/www.welovecycling.com\/pl\/wp-json\/wp\/v2\/categories?post=8411"},{"taxonomy":"post_tag","embeddable":true,"href":"https:\/\/www.welovecycling.com\/pl\/wp-json\/wp\/v2\/tags?post=8411"},{"taxonomy":"global-categories","embeddable":true,"href":"https:\/\/www.welovecycling.com\/pl\/wp-json\/wp\/v2\/global-categories?post=8411"}],"curies":[{"name":"wp","href":"https:\/\/api.w.org\/{rel}","templated":true}]}}