{"id":8405,"date":"2019-01-22T19:14:51","date_gmt":"2019-01-22T19:14:51","guid":{"rendered":"https:\/\/www.welovecycling.com\/pl\/?p=8405"},"modified":"2019-01-23T08:48:52","modified_gmt":"2019-01-23T08:48:52","slug":"jazda-na-rowerze-zima-jasne-ze-dasz-rade","status":"publish","type":"post","link":"https:\/\/www.welovecycling.com\/pl\/2019\/01\/22\/jazda-na-rowerze-zima-jasne-ze-dasz-rade\/","title":{"rendered":"Jazda na rowerze zim\u0105? Jasne, \u017ce dasz rad\u0119!"},"content":{"rendered":"<p><strong>Cho\u0107 zmiany klimatyczne s\u0105 faktem, a nasza planeta stale si\u0119 ociepla, wci\u0105\u017c mamy do czynienia z urokami zimy w postaci \u015bniegu, lodowatego wiatru czy silnego mrozu. Jednak niech Ci\u0119 to nie powstrzymuje przed wybraniem si\u0119 na rower jeszcze w styczniu lub w lutym. Nie b\u0119dzie to oczywi\u015bcie takie proste jak latem, ale chcie\u0107 to m\u00f3c, wi\u0119c je\u015bli b\u0119dziesz dostatecznie zmotywowany, to dasz rad\u0119.<\/strong><\/p>\n<p>Przygotuj si\u0119 odpowiednio do jazdy w warunkach zimowych, \u017ceby by\u0142a ona przyjemno\u015bci\u0105. Zadbaj o sw\u00f3j komfort i bezpiecze\u0144stwo oraz o odpowiedni str\u00f3j. Najlepsze b\u0119d\u0105 lekkie i ciep\u0142e ubrania, kt\u00f3re chroni\u0105 przed zimnem, nie ograniczaj\u0105c przy tym swobody ruch\u00f3w. Je\u015bli wybierasz si\u0119 na d\u0142u\u017csz\u0105 przeja\u017cd\u017ck\u0119, koniecznie we\u017a ze sob\u0105 termos z gor\u0105c\u0105 czekolad\u0105, kaw\u0105 lub herbat\u0105 \u2013 przyda si\u0119, kiedy niska temperatura da Ci w ko\u015b\u0107 i b\u0119dziesz chcia\u0142 si\u0119 rozgrza\u0107.<\/p>\n<p><a href=\"https:\/\/d2p6e6u75xmxt8.cloudfront.net\/5\/2019\/01\/Copenhagen-Winter-Cycling-The-Bridge-Winter-Traffic_5340523586_o-581f07ff8f102__880.jpg\"><img loading=\"lazy\" decoding=\"async\" class=\"aligncenter size-full wp-image-8408\" src=\"https:\/\/d2p6e6u75xmxt8.cloudfront.net\/5\/2019\/01\/Copenhagen-Winter-Cycling-The-Bridge-Winter-Traffic_5340523586_o-581f07ff8f102__880.jpg\" alt=\"\" width=\"880\" height=\"494\" srcset=\"https:\/\/d2p6e6u75xmxt8.cloudfront.net\/5\/2019\/01\/Copenhagen-Winter-Cycling-The-Bridge-Winter-Traffic_5340523586_o-581f07ff8f102__880.jpg 880w, https:\/\/d2p6e6u75xmxt8.cloudfront.net\/5\/2019\/01\/Copenhagen-Winter-Cycling-The-Bridge-Winter-Traffic_5340523586_o-581f07ff8f102__880-300x168.jpg 300w, https:\/\/d2p6e6u75xmxt8.cloudfront.net\/5\/2019\/01\/Copenhagen-Winter-Cycling-The-Bridge-Winter-Traffic_5340523586_o-581f07ff8f102__880-768x431.jpg 768w\" sizes=\"auto, (max-width: 880px) 100vw, 880px\" \/><\/a><\/p>\n<p>Kolejna sprawa to odpowiednie przygotowanie roweru do zimowej jazdy. Poruszanie si\u0119 po drogach asfaltowych, a nawet i po \u015bcie\u017ckach rowerowych mo\u017ce by\u0107 wyzwaniem, zw\u0142aszcza przy du\u017cej ilo\u015bci zalegaj\u0105cego \u015bniegu. Pami\u0119taj o b\u0142otnikach \u2013 poprawi\u0105 komfort jazdy i ogranicz\u0105 chlapanie oraz brudzenie si\u0119. B\u0119d\u0105 chroni\u0107 zar\u00f3wno Ciebie, jak i jad\u0105ce z Tob\u0105 osoby.<\/p>\n<p>Wiele rower\u00f3w jest tak zbudowanych, \u017ceby pasowa\u0142y do nich r\u00f3\u017cne b\u0142otniki. Je\u015bli masz rower szosowy lub crossowy, sugerujemy zakup b\u0142otnik\u00f3w Crud Roadracer Mk3. Ich zak\u0142adanie i zdejmowanie odbywa si\u0119 bez u\u017cycia narz\u0119dzi i zajmuje tylko kilkana\u015bcie sekund. Polecamy te\u017c b\u0142otniki Ass Savers (co za adekwatna nazwa!) \u2013 s\u0105 minimalistyczne, niedrogie i po prostu fajne.<\/p>\n<p>Rozwa\u017c zmian\u0119 opon na zimowe. Cho\u0107 obni\u017caj\u0105 one troch\u0119 pr\u0119dko\u015b\u0107, to umo\u017cliwiaj\u0105 d\u0142u\u017csz\u0105 jazd\u0119 i zmniejszaj\u0105 ryzyko z\u0142apania gumy. Konieczno\u015b\u0107 zatrzymania si\u0119 w celu zmiany czy naprawy d\u0119tki to nic przyjemnego, zw\u0142aszcza zim\u0105.<\/p>\n<p>Szersze opony daj\u0105 lepsz\u0105 przyczepno\u015b\u0107. Polecamy zw\u0142aszcza Bontrager AW3 Hard-Case Lites 28 mm. Kiedy s\u0105 odpowiednio mocno napompowane, to \u2013 wed\u0142ug opinii rowerzyst\u00f3w \u2013 zapewniaj\u0105 lepsze w\u0142a\u015bciwo\u015bci aerodynamiczne. Dobrze spisuj\u0105 si\u0119 te\u017c przy \u0142adnej pogodzie, wi\u0119c mo\u017cliwe, \u017ce b\u0119dziesz je\u017adzi\u0107 na nich przez ca\u0142y rok.<\/p>\n<figure id=\"attachment_8406\" aria-describedby=\"caption-attachment-8406\" style=\"width: 1024px\" class=\"wp-caption aligncenter\"><a href=\"https:\/\/d2p6e6u75xmxt8.cloudfront.net\/5\/2019\/01\/profimedia-0310247282.jpg\"><img loading=\"lazy\" decoding=\"async\" class=\"size-large wp-image-8406\" src=\"https:\/\/d2p6e6u75xmxt8.cloudfront.net\/5\/2019\/01\/profimedia-0310247282-1024x705.jpg\" alt=\"\" width=\"1024\" height=\"705\" srcset=\"https:\/\/d2p6e6u75xmxt8.cloudfront.net\/5\/2019\/01\/profimedia-0310247282-1024x705.jpg 1024w, https:\/\/d2p6e6u75xmxt8.cloudfront.net\/5\/2019\/01\/profimedia-0310247282-300x207.jpg 300w, https:\/\/d2p6e6u75xmxt8.cloudfront.net\/5\/2019\/01\/profimedia-0310247282-768x529.jpg 768w, https:\/\/d2p6e6u75xmxt8.cloudfront.net\/5\/2019\/01\/profimedia-0310247282.jpg 1800w\" sizes=\"auto, (max-width: 1024px) 100vw, 1024px\" \/><\/a><figcaption id=\"caption-attachment-8406\" class=\"wp-caption-text\"><\/p>\n<p> A participant of Winter bicycle parade named &#8222;Let&#8217;s bike it!&#8221; cycles along an embankment in Moscow on January 8, 2017.<\/figcaption><\/figure>\n<p>Poniewa\u017c zim\u0105 jest ma\u0142o s\u0142o\u0144ca i szybko zapada zmrok, odpowiednie o\u015bwietlenie ma znaczenie. Niezb\u0119dne jest migaj\u0105ce \u015bwiat\u0142o z ty\u0142u i silne o\u015bwietlenie LED z przodu. Nie zaszkodzi zamocowa\u0107 dodatkowego \u017ar\u00f3d\u0142a \u015bwiat\u0142a, na przyk\u0142ad kierunkowskaz\u00f3w Wing Lights firmy CYCL na obu ko\u0144cach kierownicy. Zapewni\u0105 jeszcze lepsz\u0105 widoczno\u015b\u0107 nawet w najtrudniejszych warunkach pogodowych, a skr\u0119t zasygnalizujesz migaj\u0105cymi \u015bwiat\u0142ami przy pomocy jednego przycisku. Pomy\u015bl te\u017c o  \u201einteligentnym\u201d kasku Lumos integruj\u0105cym \u015bwiat\u0142o oraz porz\u0105dnych hamulcach.<\/p>\n<p>Warto r\u00f3wnie\u017c przyczepi\u0107 do roweru sakw\u0119 i w\u0142o\u017cy\u0107 do niej zapasow\u0105 d\u0119tk\u0119, dodatkowe ciep\u0142e ubranie oraz zestaw naprawczy w postaci \u0142atek samoprzylepnych, d\u017awigni do \u0142atwego zdejmowania opon oraz kluczy.<\/p>\n<p>Regularne czyszczenie i konserwacja roweru jest najwa\u017cniejszym, cho\u0107 zarazem najmniej przyjemnym przygotowaniem si\u0119 do jazdy zim\u0105. Myd\u0142o i woda wystarcz\u0105, ale mo\u017cesz te\u017c zrobi\u0107 to, u\u017cywaj\u0105c specjalnego odt\u0142uszczacza, \u0142a\u0144cuch za\u015b dok\u0142adnie oczy\u015b\u0107 i umyj. Przy okazji rzu\u0107 okiem na jego stopie\u0144 zu\u017cycia i nasmaruj go odpowiednim olejem. Sprawd\u017a te\u017c ca\u0142y osprz\u0119t pod k\u0105tem ewentualnych uszkodze\u0144. Pami\u0119taj, \u017ce regularne czyszczenie roweru oznacza, \u017ce jednorazowo nie b\u0119dziesz musia\u0142 po\u015bwi\u0119ca\u0107 tej czynno\u015bci du\u017co czasu.<\/p>\n<p>I wreszcie ostatnia kwestia, kiedy jedziesz po zamarzni\u0119tym \u015bniegu, b\u0142ocie lub po mokrym asfalcie, zwracaj uwag\u0119 na potencjalnie niebezpieczne elementy: tory tramwajowe, pokrywy w\u0142az\u00f3w, a tak\u017ce kraw\u0119\u017cniki \u2013 wszystko to mo\u017ce by\u0107 bardzo \u015bliskie, a wtedy nietrudno o upadek.<\/p>\n<p>Reasumuj\u0105c, je\u015bli ka\u017cdorazowo po\u015bwi\u0119cisz troch\u0119 czasu i w\u0142o\u017cysz odrobin\u0119 wysi\u0142ku w konserwacj\u0119 roweru i odpowiednie przygotowanie si\u0119 do jazdy, bezpiecznie przeje\u017adzisz ca\u0142\u0105 zim\u0119. Chyba warto, prawda?<br \/>\n<span style=\"color:rgb(31,73,125); font-family:Calibri,sans-serif; font-size:14.6667px; font-style:normal; font-variant-ligatures:normal; font-variant-caps:normal; font-weight:400; letter-spacing:normal; orphans:2text-indent:0px; text-transform:none; white-space:normal; widows:2; word-spacing:0px; -webkit-text-stroke-width:0px; text-decoration-style:initial; text-decoration-color:initial; display:inline!important; float:none; text-align:left;\">Artyku\u0142 powsta\u0142 we wsp\u00f3\u0142pracy ze<span> <\/span><\/span><a href=\"http:\/\/www.skoda-auto.pl\/\" style=\"color: rgb(0, 114, 198); font-family: Calibri, sans-serif; font-size: 14.6667px; font-style: normal; font-variant-ligatures: normal; font-variant-caps: normal; font-weight: 400; letter-spacing: normal; orphans: 2; text-align: start; text-indent: 0px; text-transform: none; white-space: normal; widows: 2; word-spacing: 0px; -webkit-text-stroke-width: 0px;\">skoda-auto.pl<\/a><\/p>\n","protected":false},"excerpt":{"rendered":"<p>Cho\u0107 zmiany klimatyczne s\u0105 faktem, a nasza planeta stale si\u0119 ociepla, wci\u0105\u017c mamy do czynienia z urokami zimy w postaci [&hellip;]<\/p>\n","protected":false},"author":76,"featured_media":8407,"comment_status":"open","ping_status":"open","sticky":false,"template":"","format":"standard","meta":{"footnotes":""},"categories":[226],"tags":[],"global-categories":[],"class_list":["post-8405","post","type-post","status-publish","format-standard","has-post-thumbnail","hentry","category-ciekawostki"],"yoast_head":"<!-- This site is optimized with the Yoast SEO Premium plugin v25.3 (Yoast SEO v25.9) - https:\/\/yoast.com\/wordpress\/plugins\/seo\/ -->\n<title>Jazda na rowerze zim\u0105? Jasne, \u017ce dasz rad\u0119! - \u0160koda We Love Cycling - Poland<\/title>\n<meta name=\"robots\" content=\"index, follow, max-snippet:-1, max-image-preview:large, max-video-preview:-1\" \/>\n<link rel=\"canonical\" href=\"https:\/\/www.welovecycling.com\/pl\/2019\/01\/22\/jazda-na-rowerze-zima-jasne-ze-dasz-rade\/\" \/>\n<meta property=\"og:locale\" content=\"pl_PL\" \/>\n<meta property=\"og:type\" content=\"article\" \/>\n<meta property=\"og:title\" content=\"Jazda na rowerze zim\u0105? Jasne, \u017ce dasz rad\u0119!\" \/>\n<meta property=\"og:description\" content=\"Cho\u0107 zmiany klimatyczne s\u0105 faktem, a nasza planeta stale si\u0119 ociepla, wci\u0105\u017c mamy do czynienia z urokami zimy w postaci [&hellip;]\" \/>\n<meta property=\"og:url\" content=\"https:\/\/www.welovecycling.com\/pl\/2019\/01\/22\/jazda-na-rowerze-zima-jasne-ze-dasz-rade\/\" \/>\n<meta property=\"og:site_name\" content=\"\u0160koda We Love Cycling - Poland\" \/>\n<meta property=\"article:published_time\" content=\"2019-01-22T19:14:51+00:00\" \/>\n<meta property=\"article:modified_time\" content=\"2019-01-23T08:48:52+00:00\" \/>\n<meta property=\"og:image\" content=\"https:\/\/d2p6e6u75xmxt8.cloudfront.net\/5\/2019\/01\/coverwinter-1024x450.jpg\" \/>\n\t<meta property=\"og:image:width\" content=\"1024\" \/>\n\t<meta property=\"og:image:height\" content=\"450\" \/>\n\t<meta property=\"og:image:type\" content=\"image\/jpeg\" \/>\n<meta name=\"author\" content=\"piotrboczkowski\" \/>\n<meta name=\"twitter:card\" content=\"summary_large_image\" \/>\n<meta name=\"twitter:label1\" content=\"Written by\" \/>\n\t<meta name=\"twitter:data1\" content=\"Siegfried Mortkowitz\" \/>\n\t<meta name=\"twitter:label2\" content=\"Est. reading time\" \/>\n\t<meta name=\"twitter:data2\" content=\"3\" \/>\n<script type=\"application\/ld+json\" class=\"yoast-schema-graph\">{\"@context\":\"https:\/\/schema.org\",\"@graph\":[{\"@type\":\"WebPage\",\"@id\":\"https:\/\/www.welovecycling.com\/pl\/2019\/01\/22\/jazda-na-rowerze-zima-jasne-ze-dasz-rade\/\",\"url\":\"https:\/\/www.welovecycling.com\/pl\/2019\/01\/22\/jazda-na-rowerze-zima-jasne-ze-dasz-rade\/\",\"name\":\"Jazda na rowerze zim\u0105? Jasne, \u017ce dasz rad\u0119! - \u0160koda We Love Cycling - Poland\",\"isPartOf\":{\"@id\":\"https:\/\/www.welovecycling.com\/pl\/#website\"},\"primaryImageOfPage\":{\"@id\":\"https:\/\/www.welovecycling.com\/pl\/2019\/01\/22\/jazda-na-rowerze-zima-jasne-ze-dasz-rade\/#primaryimage\"},\"image\":{\"@id\":\"https:\/\/www.welovecycling.com\/pl\/2019\/01\/22\/jazda-na-rowerze-zima-jasne-ze-dasz-rade\/#primaryimage\"},\"thumbnailUrl\":\"https:\/\/d2p6e6u75xmxt8.cloudfront.net\/5\/2019\/01\/coverwinter-1024x450.jpg\",\"datePublished\":\"2019-01-22T19:14:51+00:00\",\"dateModified\":\"2019-01-23T08:48:52+00:00\",\"author\":{\"@id\":\"https:\/\/www.welovecycling.com\/pl\/#\/schema\/person\/0dba2d39da943db9df3fd8f4687e7f23\"},\"breadcrumb\":{\"@id\":\"https:\/\/www.welovecycling.com\/pl\/2019\/01\/22\/jazda-na-rowerze-zima-jasne-ze-dasz-rade\/#breadcrumb\"},\"inLanguage\":\"pl-PL\",\"potentialAction\":[{\"@type\":\"ReadAction\",\"target\":[\"https:\/\/www.welovecycling.com\/pl\/2019\/01\/22\/jazda-na-rowerze-zima-jasne-ze-dasz-rade\/\"]}]},{\"@type\":\"ImageObject\",\"inLanguage\":\"pl-PL\",\"@id\":\"https:\/\/www.welovecycling.com\/pl\/2019\/01\/22\/jazda-na-rowerze-zima-jasne-ze-dasz-rade\/#primaryimage\",\"url\":\"https:\/\/d2p6e6u75xmxt8.cloudfront.net\/5\/2019\/01\/coverwinter-1024x450.jpg\",\"contentUrl\":\"https:\/\/d2p6e6u75xmxt8.cloudfront.net\/5\/2019\/01\/coverwinter-1024x450.jpg\",\"width\":1024,\"height\":450},{\"@type\":\"BreadcrumbList\",\"@id\":\"https:\/\/www.welovecycling.com\/pl\/2019\/01\/22\/jazda-na-rowerze-zima-jasne-ze-dasz-rade\/#breadcrumb\",\"itemListElement\":[{\"@type\":\"ListItem\",\"position\":1,\"name\":\"Home\",\"item\":\"https:\/\/www.welovecycling.com\/pl\/\"},{\"@type\":\"ListItem\",\"position\":2,\"name\":\"Jazda na rowerze zim\u0105? Jasne, \u017ce dasz rad\u0119!\"}]},{\"@type\":\"WebSite\",\"@id\":\"https:\/\/www.welovecycling.com\/pl\/#website\",\"url\":\"https:\/\/www.welovecycling.com\/pl\/\",\"name\":\"\u0160koda We Love Cycling - Poland\",\"description\":\"\",\"potentialAction\":[{\"@type\":\"SearchAction\",\"target\":{\"@type\":\"EntryPoint\",\"urlTemplate\":\"https:\/\/www.welovecycling.com\/pl\/?s={search_term_string}\"},\"query-input\":{\"@type\":\"PropertyValueSpecification\",\"valueRequired\":true,\"valueName\":\"search_term_string\"}}],\"inLanguage\":\"pl-PL\"},{\"@type\":\"Person\",\"@id\":\"https:\/\/www.welovecycling.com\/pl\/#\/schema\/person\/0dba2d39da943db9df3fd8f4687e7f23\",\"name\":\"piotrboczkowski\",\"image\":{\"@type\":\"ImageObject\",\"inLanguage\":\"pl-PL\",\"@id\":\"https:\/\/www.welovecycling.com\/pl\/#\/schema\/person\/image\/\",\"url\":\"https:\/\/secure.gravatar.com\/avatar\/533caccae14752e03a2ce2d3fd62d1b98b93e1393c3195c27819e53344ca1ace?s=96&d=mm&r=g\",\"contentUrl\":\"https:\/\/secure.gravatar.com\/avatar\/533caccae14752e03a2ce2d3fd62d1b98b93e1393c3195c27819e53344ca1ace?s=96&d=mm&r=g\",\"caption\":\"piotrboczkowski\"},\"url\":\"https:\/\/www.welovecycling.com\/pl\/author\/piotrboczkowski\/\"}]}<\/script>\n<!-- \/ Yoast SEO Premium plugin. -->","yoast_head_json":{"title":"Jazda na rowerze zim\u0105? Jasne, \u017ce dasz rad\u0119! - \u0160koda We Love Cycling - Poland","robots":{"index":"index","follow":"follow","max-snippet":"max-snippet:-1","max-image-preview":"max-image-preview:large","max-video-preview":"max-video-preview:-1"},"canonical":"https:\/\/www.welovecycling.com\/pl\/2019\/01\/22\/jazda-na-rowerze-zima-jasne-ze-dasz-rade\/","og_locale":"pl_PL","og_type":"article","og_title":"Jazda na rowerze zim\u0105? Jasne, \u017ce dasz rad\u0119!","og_description":"Cho\u0107 zmiany klimatyczne s\u0105 faktem, a nasza planeta stale si\u0119 ociepla, wci\u0105\u017c mamy do czynienia z urokami zimy w postaci [&hellip;]","og_url":"https:\/\/www.welovecycling.com\/pl\/2019\/01\/22\/jazda-na-rowerze-zima-jasne-ze-dasz-rade\/","og_site_name":"\u0160koda We Love Cycling - Poland","article_published_time":"2019-01-22T19:14:51+00:00","article_modified_time":"2019-01-23T08:48:52+00:00","og_image":[{"width":1024,"height":450,"url":"https:\/\/d2p6e6u75xmxt8.cloudfront.net\/5\/2019\/01\/coverwinter-1024x450.jpg","type":"image\/jpeg"}],"author":"piotrboczkowski","twitter_card":"summary_large_image","twitter_misc":{"Written by":"Siegfried Mortkowitz","Est. reading time":"3"},"schema":{"@context":"https:\/\/schema.org","@graph":[{"@type":"WebPage","@id":"https:\/\/www.welovecycling.com\/pl\/2019\/01\/22\/jazda-na-rowerze-zima-jasne-ze-dasz-rade\/","url":"https:\/\/www.welovecycling.com\/pl\/2019\/01\/22\/jazda-na-rowerze-zima-jasne-ze-dasz-rade\/","name":"Jazda na rowerze zim\u0105? Jasne, \u017ce dasz rad\u0119! - \u0160koda We Love Cycling - Poland","isPartOf":{"@id":"https:\/\/www.welovecycling.com\/pl\/#website"},"primaryImageOfPage":{"@id":"https:\/\/www.welovecycling.com\/pl\/2019\/01\/22\/jazda-na-rowerze-zima-jasne-ze-dasz-rade\/#primaryimage"},"image":{"@id":"https:\/\/www.welovecycling.com\/pl\/2019\/01\/22\/jazda-na-rowerze-zima-jasne-ze-dasz-rade\/#primaryimage"},"thumbnailUrl":"https:\/\/d2p6e6u75xmxt8.cloudfront.net\/5\/2019\/01\/coverwinter-1024x450.jpg","datePublished":"2019-01-22T19:14:51+00:00","dateModified":"2019-01-23T08:48:52+00:00","author":{"@id":"https:\/\/www.welovecycling.com\/pl\/#\/schema\/person\/0dba2d39da943db9df3fd8f4687e7f23"},"breadcrumb":{"@id":"https:\/\/www.welovecycling.com\/pl\/2019\/01\/22\/jazda-na-rowerze-zima-jasne-ze-dasz-rade\/#breadcrumb"},"inLanguage":"pl-PL","potentialAction":[{"@type":"ReadAction","target":["https:\/\/www.welovecycling.com\/pl\/2019\/01\/22\/jazda-na-rowerze-zima-jasne-ze-dasz-rade\/"]}]},{"@type":"ImageObject","inLanguage":"pl-PL","@id":"https:\/\/www.welovecycling.com\/pl\/2019\/01\/22\/jazda-na-rowerze-zima-jasne-ze-dasz-rade\/#primaryimage","url":"https:\/\/d2p6e6u75xmxt8.cloudfront.net\/5\/2019\/01\/coverwinter-1024x450.jpg","contentUrl":"https:\/\/d2p6e6u75xmxt8.cloudfront.net\/5\/2019\/01\/coverwinter-1024x450.jpg","width":1024,"height":450},{"@type":"BreadcrumbList","@id":"https:\/\/www.welovecycling.com\/pl\/2019\/01\/22\/jazda-na-rowerze-zima-jasne-ze-dasz-rade\/#breadcrumb","itemListElement":[{"@type":"ListItem","position":1,"name":"Home","item":"https:\/\/www.welovecycling.com\/pl\/"},{"@type":"ListItem","position":2,"name":"Jazda na rowerze zim\u0105? Jasne, \u017ce dasz rad\u0119!"}]},{"@type":"WebSite","@id":"https:\/\/www.welovecycling.com\/pl\/#website","url":"https:\/\/www.welovecycling.com\/pl\/","name":"\u0160koda We Love Cycling - Poland","description":"","potentialAction":[{"@type":"SearchAction","target":{"@type":"EntryPoint","urlTemplate":"https:\/\/www.welovecycling.com\/pl\/?s={search_term_string}"},"query-input":{"@type":"PropertyValueSpecification","valueRequired":true,"valueName":"search_term_string"}}],"inLanguage":"pl-PL"},{"@type":"Person","@id":"https:\/\/www.welovecycling.com\/pl\/#\/schema\/person\/0dba2d39da943db9df3fd8f4687e7f23","name":"piotrboczkowski","image":{"@type":"ImageObject","inLanguage":"pl-PL","@id":"https:\/\/www.welovecycling.com\/pl\/#\/schema\/person\/image\/","url":"https:\/\/secure.gravatar.com\/avatar\/533caccae14752e03a2ce2d3fd62d1b98b93e1393c3195c27819e53344ca1ace?s=96&d=mm&r=g","contentUrl":"https:\/\/secure.gravatar.com\/avatar\/533caccae14752e03a2ce2d3fd62d1b98b93e1393c3195c27819e53344ca1ace?s=96&d=mm&r=g","caption":"piotrboczkowski"},"url":"https:\/\/www.welovecycling.com\/pl\/author\/piotrboczkowski\/"}]}},"_links":{"self":[{"href":"https:\/\/www.welovecycling.com\/pl\/wp-json\/wp\/v2\/posts\/8405","targetHints":{"allow":["GET"]}}],"collection":[{"href":"https:\/\/www.welovecycling.com\/pl\/wp-json\/wp\/v2\/posts"}],"about":[{"href":"https:\/\/www.welovecycling.com\/pl\/wp-json\/wp\/v2\/types\/post"}],"author":[{"embeddable":true,"href":"https:\/\/www.welovecycling.com\/pl\/wp-json\/wp\/v2\/users\/76"}],"replies":[{"embeddable":true,"href":"https:\/\/www.welovecycling.com\/pl\/wp-json\/wp\/v2\/comments?post=8405"}],"version-history":[{"count":2,"href":"https:\/\/www.welovecycling.com\/pl\/wp-json\/wp\/v2\/posts\/8405\/revisions"}],"predecessor-version":[{"id":8410,"href":"https:\/\/www.welovecycling.com\/pl\/wp-json\/wp\/v2\/posts\/8405\/revisions\/8410"}],"wp:featuredmedia":[{"embeddable":true,"href":"https:\/\/www.welovecycling.com\/pl\/wp-json\/wp\/v2\/media\/8407"}],"wp:attachment":[{"href":"https:\/\/www.welovecycling.com\/pl\/wp-json\/wp\/v2\/media?parent=8405"}],"wp:term":[{"taxonomy":"category","embeddable":true,"href":"https:\/\/www.welovecycling.com\/pl\/wp-json\/wp\/v2\/categories?post=8405"},{"taxonomy":"post_tag","embeddable":true,"href":"https:\/\/www.welovecycling.com\/pl\/wp-json\/wp\/v2\/tags?post=8405"},{"taxonomy":"global-categories","embeddable":true,"href":"https:\/\/www.welovecycling.com\/pl\/wp-json\/wp\/v2\/global-categories?post=8405"}],"curies":[{"name":"wp","href":"https:\/\/api.w.org\/{rel}","templated":true}]}}