{"id":840,"date":"2016-03-29T23:47:25","date_gmt":"2016-03-29T23:47:25","guid":{"rendered":"http:\/\/skoda-rowery.pl\/?p=840"},"modified":"2016-12-05T09:54:24","modified_gmt":"2016-12-05T09:54:24","slug":"tak-sie-wychowuje-zawodowcow-w-akademii-copernicus","status":"publish","type":"post","link":"https:\/\/www.welovecycling.com\/pl\/2016\/03\/29\/tak-sie-wychowuje-zawodowcow-w-akademii-copernicus\/","title":{"rendered":"Tak si\u0119 wychowuje zawodowc\u00f3w w Akademii Copernicus"},"content":{"rendered":"<p style=\"text-align: justify\">\u0106wiczenia cia\u0142a i umys\u0142u, treningi w idealnych warunkach i w pe\u0142ni profesjonalna opieka. W taki spos\u00f3b Akademia Copernicus Micha\u0142a Kwiatkowskiego wprowadza kandydat\u00f3w na m\u0142odych mistrz\u00f3w w \u017cycie profesjonalnego kolarza.\u00a035 dziewcz\u0105t i ch\u0142opc\u00f3w w\u0142a\u015bnie sko\u0144czy\u0142o drugie zgrupowanie w tym roku.<\/p>\n<p style=\"text-align: justify\"><!--more--><br \/>\nOstrzyce \u2013 wie\u015b po\u0142o\u017cna na Kaszubach, niespe\u0142na 500 mieszka\u0144c\u00f3w. Populacja ro\u015bnie jednak o jakie\u015b 10 proc., gdy na ob\u00f3z sportowy przyje\u017cd\u017ca ekipa Akademii Copernicus.Nie potrzebujemy trenowa\u0107 w Hiszpanii czy Chorwacji. Tu mamy wszystko, czego potrzeba. Dla m\u0142odych zawodnik\u00f3w trasy s\u0105 wystarczaj\u0105ce \u2013 podkre\u015bla Tomasz Owsian, trener\u00a0w akademii.\u00a0To ju\u017c drugi w tym roku ob\u00f3z Akademii Micha\u0142a Kwiatkowskiego w Ostrzycach. Pierwszy odby\u0142 si\u0119 w czasie ferii, drugi zako\u0144czy\u0142 23 marca. To oznacza, \u017ce m\u0142odzi zawodnicy opu\u015bcili kilka dni w szkole, ale tylko teoretycznie. Akademia dba bowiem nie tylko o kondycj\u0119 fizyczn\u0105, ale te\u017c wykszta\u0142cenie m\u0142odych sportowc\u00f3w. Dlatego po powrocie ze zgrupowania nadrabiaj\u0105 zaleg\u0142o\u015bci, a cz\u0119\u015b\u0107 ksi\u0105\u017cki i zeszyty bierze nawet do Ostrzyc. Zawodnicy jednak nie narzekaj\u0105, bo wiedz\u0105, \u017ce to dla ich dobra.<\/p>\n<p style=\"text-align: justify\"><img loading=\"lazy\" decoding=\"async\" class=\"alignnone size-full wp-image-842\" src=\"http:\/\/skoda-rowery.pl\/wp-content\/uploads\/2016\/03\/801.jpg\" alt=\"801\" width=\"807\" height=\"400\" srcset=\"https:\/\/d2p6e6u75xmxt8.cloudfront.net\/5\/2016\/03\/801.jpg 807w, https:\/\/d2p6e6u75xmxt8.cloudfront.net\/5\/2016\/03\/801-300x149.jpg 300w, https:\/\/d2p6e6u75xmxt8.cloudfront.net\/5\/2016\/03\/801-768x381.jpg 768w\" sizes=\"auto, (max-width: 807px) 100vw, 807px\" \/><\/p>\n<p style=\"text-align: justify\"><strong>Napi\u0119ty terminarz<\/strong><\/p>\n<p style=\"text-align: justify\">Na zgrupowaniach wszystko odbywa si\u0119 zgodnie z opracowanym planem. Pobudka o godz. 8, nast\u0119pnie p\u00f3\u0142 godziny \u0107wicze\u0144, \u015bniadanie i gar\u015b\u0107 wiadomo\u015bci dotycz\u0105cych celowo\u015bci\u00a0i metodyki treningu.\u00a0Nast\u0119pnie zaczyna si\u0119 trening rowerowy. Podczas takich zaj\u0119\u0107 najstarsi zawodnicy przeje\u017cd\u017caj\u0105 nawet 135 km, m\u0142odsi ok. 80 km, a dziewcz\u0119ta 50 km. Po takim treningu na obiad nikogo nie trzeba namawia\u0107.\u00a0Na zgrupowaniach zawodnicy maj\u0105 diet\u0119 przypisan\u0105 dla sportowc\u00f3w. Du\u017co ry\u017c\u00f3w, makaron\u00f3w, kasz i warzyw. Unikamy za to kie\u0142bas, grzyb\u00f3w i innych ci\u0119\u017ckostrawnych produkt\u00f3w \u2013 wyja\u015bnia trener Owsian i bardzo chwali kuchni\u0119 serwowan\u0105 w Ostrzycach.P\u00f3\u017aniej odpoczynek, podczas kt\u00f3rego wi\u0119kszo\u015b\u0107 zawodnik\u00f3w decyduje si\u0119 na regeneracyjn\u0105 drzemk\u0119. O godz. 15.30 zaczyna si\u0119 trening stacjonarny, po nim kolacja\u00a0i czas wolny.\u00a0Wieczorem kto\u015b si\u0119 uczy, kto\u015b zerka do laptopa, jeszcze inny ogl\u0105da telewizj\u0119. O godz. 22 nadchodzi pora odpoczynku i regeneracji si\u0119 przed kolejnym dniem.<\/p>\n<p style=\"text-align: justify\"><strong>Komfort jak u zawodowc\u00f3w<\/strong><\/p>\n<p style=\"text-align: justify\">Dzisiejsze zgrupowania to zupe\u0142nie inna bajka ni\u017c obozy nawet kilkana\u015bcie lat temu. W\u00f3wczas spa\u0142o si\u0119 w szko\u0142ach, ewentualnie internatach, a dzi\u015b m\u0142odzie\u017c ma warunki, jakimi nie wzgardziliby profesjonali\u015bci. Odpowiednia dieta, odpoczynek w jacuzzi, saunie, czy grocie solnej, do tego komfortowe pokoje. Wszystko jest na wysokim poziomie.<\/p>\n","protected":false},"excerpt":{"rendered":"<p>\u0106wiczenia cia\u0142a i umys\u0142u, treningi w idealnych warunkach i w pe\u0142ni profesjonalna opieka. W taki spos\u00f3b Akademia Copernicus Micha\u0142a Kwiatkowskiego [&hellip;]<\/p>\n","protected":false},"author":1,"featured_media":841,"comment_status":"closed","ping_status":"closed","sticky":false,"template":"","format":"standard","meta":{"footnotes":""},"categories":[1],"tags":[],"global-categories":[],"class_list":["post-840","post","type-post","status-publish","format-standard","has-post-thumbnail","hentry","category-uncategorized"],"yoast_head":"<!-- This site is optimized with the Yoast SEO Premium plugin v25.3 (Yoast SEO v25.9) - https:\/\/yoast.com\/wordpress\/plugins\/seo\/ -->\n<title>Tak si\u0119 wychowuje zawodowc\u00f3w w Akademii Copernicus - \u0160koda We Love Cycling - Poland<\/title>\n<meta name=\"robots\" content=\"index, follow, max-snippet:-1, max-image-preview:large, max-video-preview:-1\" \/>\n<link rel=\"canonical\" href=\"https:\/\/www.welovecycling.com\/pl\/2016\/03\/29\/tak-sie-wychowuje-zawodowcow-w-akademii-copernicus\/\" \/>\n<meta property=\"og:locale\" content=\"pl_PL\" \/>\n<meta property=\"og:type\" content=\"article\" \/>\n<meta property=\"og:title\" content=\"Tak si\u0119 wychowuje zawodowc\u00f3w w Akademii Copernicus\" \/>\n<meta property=\"og:description\" content=\"\u0106wiczenia cia\u0142a i umys\u0142u, treningi w idealnych warunkach i w pe\u0142ni profesjonalna opieka. W taki spos\u00f3b Akademia Copernicus Micha\u0142a Kwiatkowskiego [&hellip;]\" \/>\n<meta property=\"og:url\" content=\"https:\/\/www.welovecycling.com\/pl\/2016\/03\/29\/tak-sie-wychowuje-zawodowcow-w-akademii-copernicus\/\" \/>\n<meta property=\"og:site_name\" content=\"\u0160koda We Love Cycling - Poland\" \/>\n<meta property=\"article:published_time\" content=\"2016-03-29T23:47:25+00:00\" \/>\n<meta property=\"article:modified_time\" content=\"2016-12-05T09:54:24+00:00\" \/>\n<meta property=\"og:image\" content=\"https:\/\/d2p6e6u75xmxt8.cloudfront.net\/5\/2016\/03\/27235.jpg\" \/>\n\t<meta property=\"og:image:width\" content=\"807\" \/>\n\t<meta property=\"og:image:height\" content=\"400\" \/>\n\t<meta property=\"og:image:type\" content=\"image\/jpeg\" \/>\n<meta name=\"author\" content=\"WeLoveCycling\" \/>\n<meta name=\"twitter:card\" content=\"summary_large_image\" \/>\n<meta name=\"twitter:label1\" content=\"Written by\" \/>\n\t<meta name=\"twitter:data1\" content=\"WeLoveCycling\" \/>\n\t<meta name=\"twitter:label2\" content=\"Est. reading time\" \/>\n\t<meta name=\"twitter:data2\" content=\"2 minutes\" \/>\n<script type=\"application\/ld+json\" class=\"yoast-schema-graph\">{\"@context\":\"https:\/\/schema.org\",\"@graph\":[{\"@type\":\"WebPage\",\"@id\":\"https:\/\/www.welovecycling.com\/pl\/2016\/03\/29\/tak-sie-wychowuje-zawodowcow-w-akademii-copernicus\/\",\"url\":\"https:\/\/www.welovecycling.com\/pl\/2016\/03\/29\/tak-sie-wychowuje-zawodowcow-w-akademii-copernicus\/\",\"name\":\"Tak si\u0119 wychowuje zawodowc\u00f3w w Akademii Copernicus - \u0160koda We Love Cycling - Poland\",\"isPartOf\":{\"@id\":\"https:\/\/www.welovecycling.com\/pl\/#website\"},\"primaryImageOfPage\":{\"@id\":\"https:\/\/www.welovecycling.com\/pl\/2016\/03\/29\/tak-sie-wychowuje-zawodowcow-w-akademii-copernicus\/#primaryimage\"},\"image\":{\"@id\":\"https:\/\/www.welovecycling.com\/pl\/2016\/03\/29\/tak-sie-wychowuje-zawodowcow-w-akademii-copernicus\/#primaryimage\"},\"thumbnailUrl\":\"https:\/\/d2p6e6u75xmxt8.cloudfront.net\/5\/2016\/03\/27235.jpg\",\"datePublished\":\"2016-03-29T23:47:25+00:00\",\"dateModified\":\"2016-12-05T09:54:24+00:00\",\"author\":{\"@id\":\"https:\/\/www.welovecycling.com\/pl\/#\/schema\/person\/e5187c9cac8dd619ebc7b41bd73c2fd9\"},\"breadcrumb\":{\"@id\":\"https:\/\/www.welovecycling.com\/pl\/2016\/03\/29\/tak-sie-wychowuje-zawodowcow-w-akademii-copernicus\/#breadcrumb\"},\"inLanguage\":\"pl-PL\",\"potentialAction\":[{\"@type\":\"ReadAction\",\"target\":[\"https:\/\/www.welovecycling.com\/pl\/2016\/03\/29\/tak-sie-wychowuje-zawodowcow-w-akademii-copernicus\/\"]}]},{\"@type\":\"ImageObject\",\"inLanguage\":\"pl-PL\",\"@id\":\"https:\/\/www.welovecycling.com\/pl\/2016\/03\/29\/tak-sie-wychowuje-zawodowcow-w-akademii-copernicus\/#primaryimage\",\"url\":\"https:\/\/d2p6e6u75xmxt8.cloudfront.net\/5\/2016\/03\/27235.jpg\",\"contentUrl\":\"https:\/\/d2p6e6u75xmxt8.cloudfront.net\/5\/2016\/03\/27235.jpg\",\"width\":807,\"height\":400},{\"@type\":\"BreadcrumbList\",\"@id\":\"https:\/\/www.welovecycling.com\/pl\/2016\/03\/29\/tak-sie-wychowuje-zawodowcow-w-akademii-copernicus\/#breadcrumb\",\"itemListElement\":[{\"@type\":\"ListItem\",\"position\":1,\"name\":\"Home\",\"item\":\"https:\/\/www.welovecycling.com\/pl\/\"},{\"@type\":\"ListItem\",\"position\":2,\"name\":\"Tak si\u0119 wychowuje zawodowc\u00f3w w Akademii Copernicus\"}]},{\"@type\":\"WebSite\",\"@id\":\"https:\/\/www.welovecycling.com\/pl\/#website\",\"url\":\"https:\/\/www.welovecycling.com\/pl\/\",\"name\":\"\u0160koda We Love Cycling - Poland\",\"description\":\"\",\"potentialAction\":[{\"@type\":\"SearchAction\",\"target\":{\"@type\":\"EntryPoint\",\"urlTemplate\":\"https:\/\/www.welovecycling.com\/pl\/?s={search_term_string}\"},\"query-input\":{\"@type\":\"PropertyValueSpecification\",\"valueRequired\":true,\"valueName\":\"search_term_string\"}}],\"inLanguage\":\"pl-PL\"},{\"@type\":\"Person\",\"@id\":\"https:\/\/www.welovecycling.com\/pl\/#\/schema\/person\/e5187c9cac8dd619ebc7b41bd73c2fd9\",\"name\":\"WeLoveCycling\",\"image\":{\"@type\":\"ImageObject\",\"inLanguage\":\"pl-PL\",\"@id\":\"https:\/\/www.welovecycling.com\/pl\/#\/schema\/person\/image\/\",\"url\":\"https:\/\/secure.gravatar.com\/avatar\/7e1ee0ecc5e294b19ef32b9f6086e0afbb9da00c3cb0d465ba4695331f4a9187?s=96&d=mm&r=g\",\"contentUrl\":\"https:\/\/secure.gravatar.com\/avatar\/7e1ee0ecc5e294b19ef32b9f6086e0afbb9da00c3cb0d465ba4695331f4a9187?s=96&d=mm&r=g\",\"caption\":\"WeLoveCycling\"},\"url\":\"https:\/\/www.welovecycling.com\/pl\/author\/lukascech\/\"}]}<\/script>\n<!-- \/ Yoast SEO Premium plugin. -->","yoast_head_json":{"title":"Tak si\u0119 wychowuje zawodowc\u00f3w w Akademii Copernicus - \u0160koda We Love Cycling - Poland","robots":{"index":"index","follow":"follow","max-snippet":"max-snippet:-1","max-image-preview":"max-image-preview:large","max-video-preview":"max-video-preview:-1"},"canonical":"https:\/\/www.welovecycling.com\/pl\/2016\/03\/29\/tak-sie-wychowuje-zawodowcow-w-akademii-copernicus\/","og_locale":"pl_PL","og_type":"article","og_title":"Tak si\u0119 wychowuje zawodowc\u00f3w w Akademii Copernicus","og_description":"\u0106wiczenia cia\u0142a i umys\u0142u, treningi w idealnych warunkach i w pe\u0142ni profesjonalna opieka. W taki spos\u00f3b Akademia Copernicus Micha\u0142a Kwiatkowskiego [&hellip;]","og_url":"https:\/\/www.welovecycling.com\/pl\/2016\/03\/29\/tak-sie-wychowuje-zawodowcow-w-akademii-copernicus\/","og_site_name":"\u0160koda We Love Cycling - Poland","article_published_time":"2016-03-29T23:47:25+00:00","article_modified_time":"2016-12-05T09:54:24+00:00","og_image":[{"width":807,"height":400,"url":"https:\/\/d2p6e6u75xmxt8.cloudfront.net\/5\/2016\/03\/27235.jpg","type":"image\/jpeg"}],"author":"WeLoveCycling","twitter_card":"summary_large_image","twitter_misc":{"Written by":"WeLoveCycling","Est. reading time":"2 minutes"},"schema":{"@context":"https:\/\/schema.org","@graph":[{"@type":"WebPage","@id":"https:\/\/www.welovecycling.com\/pl\/2016\/03\/29\/tak-sie-wychowuje-zawodowcow-w-akademii-copernicus\/","url":"https:\/\/www.welovecycling.com\/pl\/2016\/03\/29\/tak-sie-wychowuje-zawodowcow-w-akademii-copernicus\/","name":"Tak si\u0119 wychowuje zawodowc\u00f3w w Akademii Copernicus - \u0160koda We Love Cycling - Poland","isPartOf":{"@id":"https:\/\/www.welovecycling.com\/pl\/#website"},"primaryImageOfPage":{"@id":"https:\/\/www.welovecycling.com\/pl\/2016\/03\/29\/tak-sie-wychowuje-zawodowcow-w-akademii-copernicus\/#primaryimage"},"image":{"@id":"https:\/\/www.welovecycling.com\/pl\/2016\/03\/29\/tak-sie-wychowuje-zawodowcow-w-akademii-copernicus\/#primaryimage"},"thumbnailUrl":"https:\/\/d2p6e6u75xmxt8.cloudfront.net\/5\/2016\/03\/27235.jpg","datePublished":"2016-03-29T23:47:25+00:00","dateModified":"2016-12-05T09:54:24+00:00","author":{"@id":"https:\/\/www.welovecycling.com\/pl\/#\/schema\/person\/e5187c9cac8dd619ebc7b41bd73c2fd9"},"breadcrumb":{"@id":"https:\/\/www.welovecycling.com\/pl\/2016\/03\/29\/tak-sie-wychowuje-zawodowcow-w-akademii-copernicus\/#breadcrumb"},"inLanguage":"pl-PL","potentialAction":[{"@type":"ReadAction","target":["https:\/\/www.welovecycling.com\/pl\/2016\/03\/29\/tak-sie-wychowuje-zawodowcow-w-akademii-copernicus\/"]}]},{"@type":"ImageObject","inLanguage":"pl-PL","@id":"https:\/\/www.welovecycling.com\/pl\/2016\/03\/29\/tak-sie-wychowuje-zawodowcow-w-akademii-copernicus\/#primaryimage","url":"https:\/\/d2p6e6u75xmxt8.cloudfront.net\/5\/2016\/03\/27235.jpg","contentUrl":"https:\/\/d2p6e6u75xmxt8.cloudfront.net\/5\/2016\/03\/27235.jpg","width":807,"height":400},{"@type":"BreadcrumbList","@id":"https:\/\/www.welovecycling.com\/pl\/2016\/03\/29\/tak-sie-wychowuje-zawodowcow-w-akademii-copernicus\/#breadcrumb","itemListElement":[{"@type":"ListItem","position":1,"name":"Home","item":"https:\/\/www.welovecycling.com\/pl\/"},{"@type":"ListItem","position":2,"name":"Tak si\u0119 wychowuje zawodowc\u00f3w w Akademii Copernicus"}]},{"@type":"WebSite","@id":"https:\/\/www.welovecycling.com\/pl\/#website","url":"https:\/\/www.welovecycling.com\/pl\/","name":"\u0160koda We Love Cycling - Poland","description":"","potentialAction":[{"@type":"SearchAction","target":{"@type":"EntryPoint","urlTemplate":"https:\/\/www.welovecycling.com\/pl\/?s={search_term_string}"},"query-input":{"@type":"PropertyValueSpecification","valueRequired":true,"valueName":"search_term_string"}}],"inLanguage":"pl-PL"},{"@type":"Person","@id":"https:\/\/www.welovecycling.com\/pl\/#\/schema\/person\/e5187c9cac8dd619ebc7b41bd73c2fd9","name":"WeLoveCycling","image":{"@type":"ImageObject","inLanguage":"pl-PL","@id":"https:\/\/www.welovecycling.com\/pl\/#\/schema\/person\/image\/","url":"https:\/\/secure.gravatar.com\/avatar\/7e1ee0ecc5e294b19ef32b9f6086e0afbb9da00c3cb0d465ba4695331f4a9187?s=96&d=mm&r=g","contentUrl":"https:\/\/secure.gravatar.com\/avatar\/7e1ee0ecc5e294b19ef32b9f6086e0afbb9da00c3cb0d465ba4695331f4a9187?s=96&d=mm&r=g","caption":"WeLoveCycling"},"url":"https:\/\/www.welovecycling.com\/pl\/author\/lukascech\/"}]}},"_links":{"self":[{"href":"https:\/\/www.welovecycling.com\/pl\/wp-json\/wp\/v2\/posts\/840","targetHints":{"allow":["GET"]}}],"collection":[{"href":"https:\/\/www.welovecycling.com\/pl\/wp-json\/wp\/v2\/posts"}],"about":[{"href":"https:\/\/www.welovecycling.com\/pl\/wp-json\/wp\/v2\/types\/post"}],"author":[{"embeddable":true,"href":"https:\/\/www.welovecycling.com\/pl\/wp-json\/wp\/v2\/users\/1"}],"replies":[{"embeddable":true,"href":"https:\/\/www.welovecycling.com\/pl\/wp-json\/wp\/v2\/comments?post=840"}],"version-history":[{"count":1,"href":"https:\/\/www.welovecycling.com\/pl\/wp-json\/wp\/v2\/posts\/840\/revisions"}],"predecessor-version":[{"id":2478,"href":"https:\/\/www.welovecycling.com\/pl\/wp-json\/wp\/v2\/posts\/840\/revisions\/2478"}],"wp:featuredmedia":[{"embeddable":true,"href":"https:\/\/www.welovecycling.com\/pl\/wp-json\/wp\/v2\/media\/841"}],"wp:attachment":[{"href":"https:\/\/www.welovecycling.com\/pl\/wp-json\/wp\/v2\/media?parent=840"}],"wp:term":[{"taxonomy":"category","embeddable":true,"href":"https:\/\/www.welovecycling.com\/pl\/wp-json\/wp\/v2\/categories?post=840"},{"taxonomy":"post_tag","embeddable":true,"href":"https:\/\/www.welovecycling.com\/pl\/wp-json\/wp\/v2\/tags?post=840"},{"taxonomy":"global-categories","embeddable":true,"href":"https:\/\/www.welovecycling.com\/pl\/wp-json\/wp\/v2\/global-categories?post=840"}],"curies":[{"name":"wp","href":"https:\/\/api.w.org\/{rel}","templated":true}]}}