{"id":8374,"date":"2019-01-21T15:51:28","date_gmt":"2019-01-21T15:51:28","guid":{"rendered":"https:\/\/www.welovecycling.com\/pl\/?p=8374"},"modified":"2019-01-22T13:56:51","modified_gmt":"2019-01-22T13:56:51","slug":"to-cos-wiecej-niz-wyprawa-odkryj-marzenie-wielu-rowerzystow","status":"publish","type":"post","link":"https:\/\/www.welovecycling.com\/pl\/2019\/01\/21\/to-cos-wiecej-niz-wyprawa-odkryj-marzenie-wielu-rowerzystow\/","title":{"rendered":"To co\u015b wi\u0119cej ni\u017c wyprawa \u2026 Odkryj marzenie wielu rowerzyst\u00f3w!"},"content":{"rendered":"<p><strong>Najbardziej na zach\u00f3d wysuni\u0119ty zak\u0105tek Europy, grota znana z poczt\u00f3wek lub przyl\u0105dek ko\u0144cz\u0105cy tras\u0119 rowerow\u0105 o d\u0142ugo\u015bci\u2026 9 tysi\u0119cy kilometr\u00f3w! Do tego kawa z tradycyjnym churrosem w uroczym miasteczku, a na zako\u0144czenie lampka wina przy s\u0142o\u0144cu chowaj\u0105cym si\u0119 za oceanem. Je\u015bli marzycie o czym\u015b wi\u0119cej ni\u017c zwyk\u0142ej wyprawie rowerowej, to Portugalia otwiera przed Wami drzwi na o\u015bcie\u017c.<\/strong><\/p>\n<p>Bez wzgl\u0119du na kt\u00f3r\u0105 tras\u0119 si\u0119 zdecydujecie, to mo\u017cecie by\u0107 pewni, \u017ce przyjdzie Wam stawi\u0107 czo\u0142a podjazdom. Czasem b\u0119d\u0105 to wzniesienia, z kt\u00f3rymi poradzi sobie nawet niedzielny rowerzysta, a czasem szczyty wymagaj\u0105ce kilku zatrzyma\u0144 i pe\u0142nego bidonu. Ca\u0142y wysi\u0142ek wynagradzaj\u0105 jednak widoki &#8211; na winnice, doliny, lasy czy otch\u0142a\u0144 oceanu. I w\u0142a\u015bnie ta r\u00f3\u017cnorodno\u015b\u0107, a momentami dziko\u015b\u0107 jest w Portugalii wyj\u0105tkowo zachwycaj\u0105ca.<\/p>\n<p><strong>Miejsca jak z obrazka<\/strong><\/p>\n<p>Rowerzy\u015bci szczeg\u00f3lnie upodobali sobie region Algarve, czyli samo po\u0142udnie Portugalii. I nic dziwnego, bo tu codziennie mo\u017cna podziwia\u0107 nadmorski wsch\u00f3d s\u0142o\u0144ca, nast\u0119pnie przemierza\u0107 kilometry w g\u0142\u0105b l\u0105du i wraca\u0107 wraz z zachodem.<\/p>\n<p>W Algarve mo\u017cna po prostu jecha\u0107 za dowolnie wybranym szlakiem lub zdecydowa\u0107 si\u0119 na kilka kr\u00f3tszych wycieczek. Celem mo\u017ce by\u0107 np. luksusowy kurort Quarteira, rezerwat Rio Lagartos z flamingami i r\u00f3\u017cowymi salinami czy przepi\u0119kne miasteczko Silves. \u201eZapraszamy na weekendowy wypad. Na rowerze poznacie zupe\u0142nie inne Algarve\u201d \u2013 pisz\u0105 mieszka\u0144cy i zach\u0119caj\u0105 np. takimi widokami<\/p>\n<blockquote class=\"twitter-tweet\" data-lang=\"en\">\n<p dir=\"ltr\" lang=\"es\">Planes brillantes para el fin de semana. Disfrutar de la costa del <a href=\"https:\/\/twitter.com\/hashtag\/Algarve?src=hash&amp;ref_src=twsrc%5Etfw\">#Algarve<\/a> en bicicleta. Descubre nuestra Ecov\u00eda del Litoral y vive otro Algarve \ud83d\ude09 <a href=\"https:\/\/t.co\/cT489ZM18d\">https:\/\/t.co\/cT489ZM18d<\/a> <a href=\"https:\/\/twitter.com\/hashtag\/Portugal?src=hash&amp;ref_src=twsrc%5Etfw\">#Portugal<\/a> <a href=\"https:\/\/twitter.com\/hashtag\/bici?src=hash&amp;ref_src=twsrc%5Etfw\">#bici<\/a> <a href=\"https:\/\/twitter.com\/hashtag\/cycling?src=hash&amp;ref_src=twsrc%5Etfw\">#cycling<\/a> <a href=\"https:\/\/twitter.com\/hashtag\/paisajes?src=hash&amp;ref_src=twsrc%5Etfw\">#paisajes<\/a> <a href=\"https:\/\/twitter.com\/hashtag\/naturaleza?src=hash&amp;ref_src=twsrc%5Etfw\">#naturaleza<\/a> <a href=\"https:\/\/twitter.com\/hashtag\/nature?src=hash&amp;ref_src=twsrc%5Etfw\">#nature<\/a> <a href=\"https:\/\/twitter.com\/hashtag\/travel?src=hash&amp;ref_src=twsrc%5Etfw\">#travel<\/a> <a href=\"https:\/\/t.co\/ZIExw25okr\">pic.twitter.com\/ZIExw25okr<\/a><\/p>\n<p>\u2014 VisitAlgarve_es (@visitalgarve_es) <a href=\"https:\/\/twitter.com\/visitalgarve_es\/status\/1063358550506917888?ref_src=twsrc%5Etfw\">November 16, 2018<\/a><\/p><\/blockquote>\n<p><script async src=\"https:\/\/platform.twitter.com\/widgets.js\" charset=\"utf-8\"><\/script><\/p>\n<p>Obowi\u0105zkowy punkt na mapie to tak\u017ce Przyl\u0105dek \u015bw. Wincentego z zapieraj\u0105cymi dech w piersiach widokami klif\u00f3w, pla\u017c i oceanu. Za to nagrod\u0105 za rowerowy wysi\u0142ek jest wizyta w grocie w Benagil. Zdj\u0119cie tego miejsca r\u00f3wnie cz\u0119sto reklamuje Portugali\u0119 co lizbo\u0144skie tramwaje, ale trzeba przyzna\u0107, \u017ce grota jest naprawd\u0119 magiczna.<\/p>\n<figure id=\"attachment_8377\" aria-describedby=\"caption-attachment-8377\" style=\"width: 960px\" class=\"wp-caption aligncenter\"><a href=\"https:\/\/d2p6e6u75xmxt8.cloudfront.net\/5\/2019\/01\/portugal-3029665_960_720.jpg\"><img loading=\"lazy\" decoding=\"async\" class=\"wp-image-8377 size-full\" src=\"https:\/\/d2p6e6u75xmxt8.cloudfront.net\/5\/2019\/01\/portugal-3029665_960_720.jpg\" alt=\"\" width=\"960\" height=\"547\" srcset=\"https:\/\/d2p6e6u75xmxt8.cloudfront.net\/5\/2019\/01\/portugal-3029665_960_720.jpg 960w, https:\/\/d2p6e6u75xmxt8.cloudfront.net\/5\/2019\/01\/portugal-3029665_960_720-300x171.jpg 300w, https:\/\/d2p6e6u75xmxt8.cloudfront.net\/5\/2019\/01\/portugal-3029665_960_720-768x438.jpg 768w\" sizes=\"auto, (max-width: 960px) 100vw, 960px\" \/><\/a><figcaption id=\"caption-attachment-8377\" class=\"wp-caption-text\">https:\/\/pixabay.com\/pl\/portugalia-algarve-benagil-caves-3029665\/<\/figcaption><\/figure>\n<p>&nbsp;<\/p>\n<p>Dla rowerzyst\u00f3w ma tylko jeden minus \u2013 o ile do samego Benagil dotrzemy rowerem, to do groty mo\u017cna dosta\u0107 si\u0119 ju\u017c tylko od strony oceanu, czyli motor\u00f3wk\u0105 lub kajakiem (cho\u0107 niekt\u00f3rzy robi\u0105 to nawet wp\u0142aw).<\/p>\n<p>Marzeniem wielu rowerowych turyst\u00f3w jest jednak przejechanie trasy Ecovia. To ok. 4-5 dniowy wypad po\u0142udniowym wybrze\u017cem Portugalii. Tras\u0119 licz\u0105c\u0105 214 km najlepiej zacz\u0105\u0107 w Vila Real de Santo Antonio (granica z Hiszpani\u0105), a nast\u0119pnie przejecha\u0107 przez Faro, Albufeir\u0119, Lagos i zako\u0144czy\u0107 w Sagres, na Przyl\u0105dku \u015bw. Wincentego.<\/p>\n<p>W trakcie rowerowej podr\u00f3\u017cy tras\u0105 Ecovia miniemy dziesi\u0105tki pla\u017c, park\u00f3w, jaski\u0144, wiosek rybackich, ale tak\u017ce klub\u00f3w nocnych (np. w Albufeirze).<\/p>\n<p>Zako\u0144czenie trasy to r\u00f3wnie\u017c meta EuroVelo1, czyli Szlaku Wybrze\u017cem Atlantyku, kt\u00f3ry zaczyna si\u0119 na p\u00f3\u0142nocy Norwegii (w Nordkap) i \u0142\u0105cznie ma a\u017c 9100 km!<\/p>\n<p><strong>A mo\u017ce z Lizbony do Porto?<\/strong><\/p>\n<p>Popularnym miejscem rowerowych wypraw jest r\u00f3wnie\u017c Cabo da Roca, najbardziej na zach\u00f3d wysuni\u0119ty punkt Europy. Skalisty brzeg znajduje si\u0119 150 metr\u00f3w nad oceanem, a wyjechania na niego to nie tylko odrobina m\u0119ki, ale przede wszystkim wielka przyjemno\u015b\u0107. Podobnie jak ogl\u0105danie roztaczaj\u0105cych si\u0119 widok\u00f3w \u2013 fale rozbijaj\u0105 si\u0119 o ska\u0142y, a nieopodal znajduje si\u0119 park narodowy.<\/p>\n<p>Dla tych, kt\u00f3rzy uwielbiaj\u0105 jazd\u0119 na rowerze, ale tak\u017ce klimat miast, dedykowana jest wyprawa z Lizbony do Porto. Co prawda trzeba mie\u0107 na ni\u0105 zarezerwowany co najmniej tydzie\u0144 (ok. 400 km), ale w taki spos\u00f3b mo\u017cna pozna\u0107 r\u00f3\u017cnorodno\u015b\u0107 Portugalii \u2013 zar\u00f3wno klimat najwi\u0119kszych miast, jak te\u017c niezapomniany urok miasteczek, a to wszystko z odczuwaln\u0105 ca\u0142y czas obecno\u015bci\u0105 oceanu (trasa w znacznej cz\u0119\u015bci prowadzi wybrze\u017cem). Droga \u2013 jak to w Portugalii \u2013 wiedzie zar\u00f3wno asfaltem, jak i szutrem, lasami i nawierzchni\u0105 gliniast\u0105.<\/p>\n<p><strong>Wieczna wiosna<\/strong><\/p>\n<p>Swoich zwolennik\u00f3w maj\u0105 te\u017c trasy na portugalskich wyspach, cho\u0107 tam trudniej dosta\u0107 si\u0119 ni\u017c do kontynentalnej cz\u0119\u015bci Portugalii. Rowerzyst\u00f3w przyci\u0105ga jednak pogoda, kt\u00f3ra umo\u017cliwia jazd\u0119 niemal przez ca\u0142y rok.<\/p>\n<p>Z archipelagu Azor\u00f3w najcz\u0119\u015bciej przez rowerzyst\u00f3w wybierana jest wyspa Sao Miguel. Mo\u017cna tam znale\u017a\u0107 kilkunastokilometrowe podjazdy, kt\u00f3re dadz\u0105 w ko\u015b\u0107 nawet bardziej wprawionym rowerzystom. Wielbiciele m\u0119cz\u0105cych wspinaczek cz\u0119sto wybieraj\u0105 te\u017c wyjazdy na Mader\u0119, gdzie widoki s\u0105 przepi\u0119kne, a wiosna trwa ca\u0142y rok.<\/p>\n<p><strong>Rowerem po Portugalii \u2013 to warto wiedzie\u0107<\/strong><\/p>\n<p>Przed wypraw\u0105 do Portugalii nale\u017cy pami\u0119ta\u0107, \u017ce nie jest to kraj tak rozwini\u0119ty rowerowo jak np. s\u0105siednia Hiszpania (<a href=\"https:\/\/www.welovecycling.com\/pl\/2019\/01\/17\/8363\/\">o kt\u00f3rej pisali\u015bmy TUTAJ<\/a>), bo Portugalczycy nie s\u0105 tak zapalonymi kolarzami. W ko\u0144cu sam Hiszpan Miguel Indurain wygra\u0142 Tour de France pi\u0119\u0107 razy, podczas gdy najwi\u0119kszym sukcesem Portugalczyk\u00f3w jest trzecie miejsce Joaquima Agostinho i to 40 lat temu. Nie zmienia to jednak faktu, \u017ce Portugalia potrafi zachwyci\u0107 nawet najbardziej wybrednych rowerzyst\u00f3w.<\/p>\n<p>Warto r\u00f3wnie\u017c zadba\u0107, by plan portugalskiej wyprawy nie by\u0142 zbyt napi\u0119ty. Tamtejsze wioski i miasteczka to bowiem ca\u0142e pi\u0119kno Portugalii, wi\u0119c warto po\u015bwi\u0119ci\u0107 na kaw\u0119 10 minut wi\u0119cej, a kilokalorie uzupe\u0142nia\u0107 nie napr\u0119dce zjedzonym bananem, ale np. tradycyjnymi churrossami (t\u0142uste ciastka) z czekolad\u0105.<\/p>\n<p>http:\/\/www.skoda-auto.pl\/<\/p>\n","protected":false},"excerpt":{"rendered":"<p>Najbardziej na zach\u00f3d wysuni\u0119ty zak\u0105tek Europy, grota znana z poczt\u00f3wek lub przyl\u0105dek ko\u0144cz\u0105cy tras\u0119 rowerow\u0105 o d\u0142ugo\u015bci\u2026 9 tysi\u0119cy kilometr\u00f3w! [&hellip;]<\/p>\n","protected":false},"author":76,"featured_media":3176,"comment_status":"open","ping_status":"open","sticky":false,"template":"","format":"standard","meta":{"footnotes":""},"categories":[226],"tags":[],"global-categories":[],"class_list":["post-8374","post","type-post","status-publish","format-standard","has-post-thumbnail","hentry","category-ciekawostki"],"yoast_head":"<!-- This site is optimized with the Yoast SEO Premium plugin v25.3 (Yoast SEO v25.9) - https:\/\/yoast.com\/wordpress\/plugins\/seo\/ -->\n<title>To co\u015b wi\u0119cej ni\u017c wyprawa \u2026 Odkryj marzenie wielu rowerzyst\u00f3w! - \u0160koda We Love Cycling - Poland<\/title>\n<meta name=\"robots\" content=\"index, follow, max-snippet:-1, max-image-preview:large, max-video-preview:-1\" \/>\n<link rel=\"canonical\" href=\"https:\/\/www.welovecycling.com\/pl\/2019\/01\/21\/to-cos-wiecej-niz-wyprawa-odkryj-marzenie-wielu-rowerzystow\/\" \/>\n<meta property=\"og:locale\" content=\"pl_PL\" \/>\n<meta property=\"og:type\" content=\"article\" \/>\n<meta property=\"og:title\" content=\"To co\u015b wi\u0119cej ni\u017c wyprawa \u2026 Odkryj marzenie wielu rowerzyst\u00f3w!\" \/>\n<meta property=\"og:description\" content=\"Najbardziej na zach\u00f3d wysuni\u0119ty zak\u0105tek Europy, grota znana z poczt\u00f3wek lub przyl\u0105dek ko\u0144cz\u0105cy tras\u0119 rowerow\u0105 o d\u0142ugo\u015bci\u2026 9 tysi\u0119cy kilometr\u00f3w! [&hellip;]\" \/>\n<meta property=\"og:url\" content=\"https:\/\/www.welovecycling.com\/pl\/2019\/01\/21\/to-cos-wiecej-niz-wyprawa-odkryj-marzenie-wielu-rowerzystow\/\" \/>\n<meta property=\"og:site_name\" content=\"\u0160koda We Love Cycling - Poland\" \/>\n<meta property=\"article:published_time\" content=\"2019-01-21T15:51:28+00:00\" \/>\n<meta property=\"article:modified_time\" content=\"2019-01-22T13:56:51+00:00\" \/>\n<meta property=\"og:image\" content=\"https:\/\/d2p6e6u75xmxt8.cloudfront.net\/5\/2017\/03\/profimedia-0138713475.jpg\" \/>\n\t<meta property=\"og:image:width\" content=\"1800\" \/>\n\t<meta property=\"og:image:height\" content=\"1200\" \/>\n\t<meta property=\"og:image:type\" content=\"image\/jpeg\" \/>\n<meta name=\"author\" content=\"piotrboczkowski\" \/>\n<meta name=\"twitter:card\" content=\"summary_large_image\" \/>\n<meta name=\"twitter:label1\" content=\"Written by\" \/>\n\t<meta name=\"twitter:data1\" content=\"Piotr Jawor\" \/>\n\t<meta name=\"twitter:label2\" content=\"Est. reading time\" \/>\n\t<meta name=\"twitter:data2\" content=\"4\" \/>\n<script type=\"application\/ld+json\" class=\"yoast-schema-graph\">{\"@context\":\"https:\/\/schema.org\",\"@graph\":[{\"@type\":\"WebPage\",\"@id\":\"https:\/\/www.welovecycling.com\/pl\/2019\/01\/21\/to-cos-wiecej-niz-wyprawa-odkryj-marzenie-wielu-rowerzystow\/\",\"url\":\"https:\/\/www.welovecycling.com\/pl\/2019\/01\/21\/to-cos-wiecej-niz-wyprawa-odkryj-marzenie-wielu-rowerzystow\/\",\"name\":\"To co\u015b wi\u0119cej ni\u017c wyprawa \u2026 Odkryj marzenie wielu rowerzyst\u00f3w! - \u0160koda We Love Cycling - Poland\",\"isPartOf\":{\"@id\":\"https:\/\/www.welovecycling.com\/pl\/#website\"},\"primaryImageOfPage\":{\"@id\":\"https:\/\/www.welovecycling.com\/pl\/2019\/01\/21\/to-cos-wiecej-niz-wyprawa-odkryj-marzenie-wielu-rowerzystow\/#primaryimage\"},\"image\":{\"@id\":\"https:\/\/www.welovecycling.com\/pl\/2019\/01\/21\/to-cos-wiecej-niz-wyprawa-odkryj-marzenie-wielu-rowerzystow\/#primaryimage\"},\"thumbnailUrl\":\"https:\/\/d2p6e6u75xmxt8.cloudfront.net\/5\/2017\/03\/profimedia-0138713475.jpg\",\"datePublished\":\"2019-01-21T15:51:28+00:00\",\"dateModified\":\"2019-01-22T13:56:51+00:00\",\"author\":{\"@id\":\"https:\/\/www.welovecycling.com\/pl\/#\/schema\/person\/0dba2d39da943db9df3fd8f4687e7f23\"},\"breadcrumb\":{\"@id\":\"https:\/\/www.welovecycling.com\/pl\/2019\/01\/21\/to-cos-wiecej-niz-wyprawa-odkryj-marzenie-wielu-rowerzystow\/#breadcrumb\"},\"inLanguage\":\"pl-PL\",\"potentialAction\":[{\"@type\":\"ReadAction\",\"target\":[\"https:\/\/www.welovecycling.com\/pl\/2019\/01\/21\/to-cos-wiecej-niz-wyprawa-odkryj-marzenie-wielu-rowerzystow\/\"]}]},{\"@type\":\"ImageObject\",\"inLanguage\":\"pl-PL\",\"@id\":\"https:\/\/www.welovecycling.com\/pl\/2019\/01\/21\/to-cos-wiecej-niz-wyprawa-odkryj-marzenie-wielu-rowerzystow\/#primaryimage\",\"url\":\"https:\/\/d2p6e6u75xmxt8.cloudfront.net\/5\/2017\/03\/profimedia-0138713475.jpg\",\"contentUrl\":\"https:\/\/d2p6e6u75xmxt8.cloudfront.net\/5\/2017\/03\/profimedia-0138713475.jpg\",\"width\":1800,\"height\":1200,\"caption\":\"Naked Man Orchid (Orchis italica) and Rockrose (Halimium commutatum), flowering on clifftop, near Burgau, Algarve, Portugal, spring, Image: 138713475, License: Rights-managed, Restrictions: , Model Release: no, Credit line: Profimedia, FLPA\"},{\"@type\":\"BreadcrumbList\",\"@id\":\"https:\/\/www.welovecycling.com\/pl\/2019\/01\/21\/to-cos-wiecej-niz-wyprawa-odkryj-marzenie-wielu-rowerzystow\/#breadcrumb\",\"itemListElement\":[{\"@type\":\"ListItem\",\"position\":1,\"name\":\"Home\",\"item\":\"https:\/\/www.welovecycling.com\/pl\/\"},{\"@type\":\"ListItem\",\"position\":2,\"name\":\"To co\u015b wi\u0119cej ni\u017c wyprawa \u2026 Odkryj marzenie wielu rowerzyst\u00f3w!\"}]},{\"@type\":\"WebSite\",\"@id\":\"https:\/\/www.welovecycling.com\/pl\/#website\",\"url\":\"https:\/\/www.welovecycling.com\/pl\/\",\"name\":\"\u0160koda We Love Cycling - Poland\",\"description\":\"\",\"potentialAction\":[{\"@type\":\"SearchAction\",\"target\":{\"@type\":\"EntryPoint\",\"urlTemplate\":\"https:\/\/www.welovecycling.com\/pl\/?s={search_term_string}\"},\"query-input\":{\"@type\":\"PropertyValueSpecification\",\"valueRequired\":true,\"valueName\":\"search_term_string\"}}],\"inLanguage\":\"pl-PL\"},{\"@type\":\"Person\",\"@id\":\"https:\/\/www.welovecycling.com\/pl\/#\/schema\/person\/0dba2d39da943db9df3fd8f4687e7f23\",\"name\":\"piotrboczkowski\",\"image\":{\"@type\":\"ImageObject\",\"inLanguage\":\"pl-PL\",\"@id\":\"https:\/\/www.welovecycling.com\/pl\/#\/schema\/person\/image\/\",\"url\":\"https:\/\/secure.gravatar.com\/avatar\/533caccae14752e03a2ce2d3fd62d1b98b93e1393c3195c27819e53344ca1ace?s=96&d=mm&r=g\",\"contentUrl\":\"https:\/\/secure.gravatar.com\/avatar\/533caccae14752e03a2ce2d3fd62d1b98b93e1393c3195c27819e53344ca1ace?s=96&d=mm&r=g\",\"caption\":\"piotrboczkowski\"},\"url\":\"https:\/\/www.welovecycling.com\/pl\/author\/piotrboczkowski\/\"}]}<\/script>\n<!-- \/ Yoast SEO Premium plugin. -->","yoast_head_json":{"title":"To co\u015b wi\u0119cej ni\u017c wyprawa \u2026 Odkryj marzenie wielu rowerzyst\u00f3w! - \u0160koda We Love Cycling - Poland","robots":{"index":"index","follow":"follow","max-snippet":"max-snippet:-1","max-image-preview":"max-image-preview:large","max-video-preview":"max-video-preview:-1"},"canonical":"https:\/\/www.welovecycling.com\/pl\/2019\/01\/21\/to-cos-wiecej-niz-wyprawa-odkryj-marzenie-wielu-rowerzystow\/","og_locale":"pl_PL","og_type":"article","og_title":"To co\u015b wi\u0119cej ni\u017c wyprawa \u2026 Odkryj marzenie wielu rowerzyst\u00f3w!","og_description":"Najbardziej na zach\u00f3d wysuni\u0119ty zak\u0105tek Europy, grota znana z poczt\u00f3wek lub przyl\u0105dek ko\u0144cz\u0105cy tras\u0119 rowerow\u0105 o d\u0142ugo\u015bci\u2026 9 tysi\u0119cy kilometr\u00f3w! [&hellip;]","og_url":"https:\/\/www.welovecycling.com\/pl\/2019\/01\/21\/to-cos-wiecej-niz-wyprawa-odkryj-marzenie-wielu-rowerzystow\/","og_site_name":"\u0160koda We Love Cycling - Poland","article_published_time":"2019-01-21T15:51:28+00:00","article_modified_time":"2019-01-22T13:56:51+00:00","og_image":[{"width":1800,"height":1200,"url":"https:\/\/d2p6e6u75xmxt8.cloudfront.net\/5\/2017\/03\/profimedia-0138713475.jpg","type":"image\/jpeg"}],"author":"piotrboczkowski","twitter_card":"summary_large_image","twitter_misc":{"Written by":"Piotr Jawor","Est. reading time":"4"},"schema":{"@context":"https:\/\/schema.org","@graph":[{"@type":"WebPage","@id":"https:\/\/www.welovecycling.com\/pl\/2019\/01\/21\/to-cos-wiecej-niz-wyprawa-odkryj-marzenie-wielu-rowerzystow\/","url":"https:\/\/www.welovecycling.com\/pl\/2019\/01\/21\/to-cos-wiecej-niz-wyprawa-odkryj-marzenie-wielu-rowerzystow\/","name":"To co\u015b wi\u0119cej ni\u017c wyprawa \u2026 Odkryj marzenie wielu rowerzyst\u00f3w! - \u0160koda We Love Cycling - Poland","isPartOf":{"@id":"https:\/\/www.welovecycling.com\/pl\/#website"},"primaryImageOfPage":{"@id":"https:\/\/www.welovecycling.com\/pl\/2019\/01\/21\/to-cos-wiecej-niz-wyprawa-odkryj-marzenie-wielu-rowerzystow\/#primaryimage"},"image":{"@id":"https:\/\/www.welovecycling.com\/pl\/2019\/01\/21\/to-cos-wiecej-niz-wyprawa-odkryj-marzenie-wielu-rowerzystow\/#primaryimage"},"thumbnailUrl":"https:\/\/d2p6e6u75xmxt8.cloudfront.net\/5\/2017\/03\/profimedia-0138713475.jpg","datePublished":"2019-01-21T15:51:28+00:00","dateModified":"2019-01-22T13:56:51+00:00","author":{"@id":"https:\/\/www.welovecycling.com\/pl\/#\/schema\/person\/0dba2d39da943db9df3fd8f4687e7f23"},"breadcrumb":{"@id":"https:\/\/www.welovecycling.com\/pl\/2019\/01\/21\/to-cos-wiecej-niz-wyprawa-odkryj-marzenie-wielu-rowerzystow\/#breadcrumb"},"inLanguage":"pl-PL","potentialAction":[{"@type":"ReadAction","target":["https:\/\/www.welovecycling.com\/pl\/2019\/01\/21\/to-cos-wiecej-niz-wyprawa-odkryj-marzenie-wielu-rowerzystow\/"]}]},{"@type":"ImageObject","inLanguage":"pl-PL","@id":"https:\/\/www.welovecycling.com\/pl\/2019\/01\/21\/to-cos-wiecej-niz-wyprawa-odkryj-marzenie-wielu-rowerzystow\/#primaryimage","url":"https:\/\/d2p6e6u75xmxt8.cloudfront.net\/5\/2017\/03\/profimedia-0138713475.jpg","contentUrl":"https:\/\/d2p6e6u75xmxt8.cloudfront.net\/5\/2017\/03\/profimedia-0138713475.jpg","width":1800,"height":1200,"caption":"Naked Man Orchid (Orchis italica) and Rockrose (Halimium commutatum), flowering on clifftop, near Burgau, Algarve, Portugal, spring, Image: 138713475, License: Rights-managed, Restrictions: , Model Release: no, Credit line: Profimedia, FLPA"},{"@type":"BreadcrumbList","@id":"https:\/\/www.welovecycling.com\/pl\/2019\/01\/21\/to-cos-wiecej-niz-wyprawa-odkryj-marzenie-wielu-rowerzystow\/#breadcrumb","itemListElement":[{"@type":"ListItem","position":1,"name":"Home","item":"https:\/\/www.welovecycling.com\/pl\/"},{"@type":"ListItem","position":2,"name":"To co\u015b wi\u0119cej ni\u017c wyprawa \u2026 Odkryj marzenie wielu rowerzyst\u00f3w!"}]},{"@type":"WebSite","@id":"https:\/\/www.welovecycling.com\/pl\/#website","url":"https:\/\/www.welovecycling.com\/pl\/","name":"\u0160koda We Love Cycling - Poland","description":"","potentialAction":[{"@type":"SearchAction","target":{"@type":"EntryPoint","urlTemplate":"https:\/\/www.welovecycling.com\/pl\/?s={search_term_string}"},"query-input":{"@type":"PropertyValueSpecification","valueRequired":true,"valueName":"search_term_string"}}],"inLanguage":"pl-PL"},{"@type":"Person","@id":"https:\/\/www.welovecycling.com\/pl\/#\/schema\/person\/0dba2d39da943db9df3fd8f4687e7f23","name":"piotrboczkowski","image":{"@type":"ImageObject","inLanguage":"pl-PL","@id":"https:\/\/www.welovecycling.com\/pl\/#\/schema\/person\/image\/","url":"https:\/\/secure.gravatar.com\/avatar\/533caccae14752e03a2ce2d3fd62d1b98b93e1393c3195c27819e53344ca1ace?s=96&d=mm&r=g","contentUrl":"https:\/\/secure.gravatar.com\/avatar\/533caccae14752e03a2ce2d3fd62d1b98b93e1393c3195c27819e53344ca1ace?s=96&d=mm&r=g","caption":"piotrboczkowski"},"url":"https:\/\/www.welovecycling.com\/pl\/author\/piotrboczkowski\/"}]}},"_links":{"self":[{"href":"https:\/\/www.welovecycling.com\/pl\/wp-json\/wp\/v2\/posts\/8374","targetHints":{"allow":["GET"]}}],"collection":[{"href":"https:\/\/www.welovecycling.com\/pl\/wp-json\/wp\/v2\/posts"}],"about":[{"href":"https:\/\/www.welovecycling.com\/pl\/wp-json\/wp\/v2\/types\/post"}],"author":[{"embeddable":true,"href":"https:\/\/www.welovecycling.com\/pl\/wp-json\/wp\/v2\/users\/76"}],"replies":[{"embeddable":true,"href":"https:\/\/www.welovecycling.com\/pl\/wp-json\/wp\/v2\/comments?post=8374"}],"version-history":[{"count":2,"href":"https:\/\/www.welovecycling.com\/pl\/wp-json\/wp\/v2\/posts\/8374\/revisions"}],"predecessor-version":[{"id":8385,"href":"https:\/\/www.welovecycling.com\/pl\/wp-json\/wp\/v2\/posts\/8374\/revisions\/8385"}],"wp:featuredmedia":[{"embeddable":true,"href":"https:\/\/www.welovecycling.com\/pl\/wp-json\/wp\/v2\/media\/3176"}],"wp:attachment":[{"href":"https:\/\/www.welovecycling.com\/pl\/wp-json\/wp\/v2\/media?parent=8374"}],"wp:term":[{"taxonomy":"category","embeddable":true,"href":"https:\/\/www.welovecycling.com\/pl\/wp-json\/wp\/v2\/categories?post=8374"},{"taxonomy":"post_tag","embeddable":true,"href":"https:\/\/www.welovecycling.com\/pl\/wp-json\/wp\/v2\/tags?post=8374"},{"taxonomy":"global-categories","embeddable":true,"href":"https:\/\/www.welovecycling.com\/pl\/wp-json\/wp\/v2\/global-categories?post=8374"}],"curies":[{"name":"wp","href":"https:\/\/api.w.org\/{rel}","templated":true}]}}