{"id":8353,"date":"2019-01-16T19:31:26","date_gmt":"2019-01-16T19:31:26","guid":{"rendered":"https:\/\/www.welovecycling.com\/pl\/?p=8353"},"modified":"2019-01-22T13:57:27","modified_gmt":"2019-01-22T13:57:27","slug":"2018-rok-ktory-zapamietamy-na-dlugo","status":"publish","type":"post","link":"https:\/\/www.welovecycling.com\/pl\/2019\/01\/16\/2018-rok-ktory-zapamietamy-na-dlugo\/","title":{"rendered":"2018 \u2013 rok, kt\u00f3ry zapami\u0119tamy na d\u0142ugo"},"content":{"rendered":"<p><strong>To by\u0142 spektakularny rok w kolarskim \u015bwiecie \u2013 szczeg\u00f3lnie dla tych, kt\u00f3rzy lubi\u0105 patrze\u0107, jak rekordy wystawiane s\u0105 na pr\u00f3b\u0119.<\/strong><\/p>\n<p><strong>Potr\u00f3jny sukces Froome\u2019a<\/strong><\/p>\n<p>Zwyci\u0119stwo w Giro d\u2019Italia w maju uczyni\u0142o Chrisa Froome\u2019a zaledwie si\u00f3dmym kolarzem, kt\u00f3ry zaliczy\u0142 trzy grand tour\u2019y w ci\u0105gu roku \u2013 i pierwszym Brytyjczykiem. Wygrana ta jest jeszcze godniejsza uwagi dzi\u0119ki temu, w jaki spos\u00f3b zosta\u0142a osi\u0105gni\u0119ta. Giro Froome\u2019a to zapieraj\u0105ca dech w piersiach lekcja cierpliwo\u015bci.<\/p>\n<div class=\"embed-controller-wrapper\">\n<div class=\"embed-wrapper\"><iframe title=\"Chris Froome: The Greatest Comeback In Cycling History? | Giro d&#039;Italia 2018 | Stage 19 Highlights\" width=\"500\" height=\"281\" data-src=\"https:\/\/www.youtube.com\/embed\/-_3P7Scv1Gw?feature=oembed\" frameborder=\"0\" allow=\"accelerometer; autoplay; clipboard-write; encrypted-media; gyroscope; picture-in-picture; web-share\" referrerpolicy=\"strict-origin-when-cross-origin\" allowfullscreen><\/iframe><\/div>\n<\/div>\n<p>To, jak Froome zmia\u017cd\u017cy\u0142 Dumoulina i zniweczy\u0142 wysi\u0142ki Yatesa, by\u0142o wprost brutalne. Ka\u017cdy, kto \u015bledzi\u0142 ten wy\u015bcig, wie, \u017ce jest to jeszcze bardziej niesamowite, je\u015bli we\u017amie si\u0119 pod uwag\u0119 wcze\u015bniejsze, do\u015b\u0107 oszcz\u0119dne starania tego zawodnika. 19. etap Giro 2018 przejdzie do historii jako lekcja pogl\u0105dowa tego, jakie znaczenie ma planowanie taktyki.<\/p>\n<p><strong>Le Tour de France ma nowego kr\u00f3la<\/strong><\/p>\n<p>Froome zaliczy\u0142 upadek na pocz\u0105tku Le Tour, walczy\u0142 z w\u0142asnymi demonami podczas zjazdu do Roubaix oraz zosta\u0142 potraktowany gazem \u0142zawi\u0105cym przez s\u0142u\u017cby bezpiecze\u0144stwa \u2013 w efekcie Team Sky musia\u0142 uciec si\u0119 do planu B: Gerrainta Thomasa. Team Sky da\u0142 Thomasowi zielone \u015bwiat\u0142o i ju\u017c na 6. etapie zostawia\u0142 on Froome\u2019a i Dumoulina w tyle \u2013 ale to etap 11. potwierdzi\u0142, \u017ce Thomas jest w \u017cyciowej formie.<\/p>\n<div class=\"embed-controller-wrapper\">\n<div class=\"embed-wrapper\"><iframe title=\"Summary - Stage 11 - Tour de France 2018\" width=\"500\" height=\"281\" data-src=\"https:\/\/www.youtube.com\/embed\/CytPFVZBCRw?feature=oembed\" frameborder=\"0\" allow=\"accelerometer; autoplay; clipboard-write; encrypted-media; gyroscope; picture-in-picture; web-share\" referrerpolicy=\"strict-origin-when-cross-origin\" allowfullscreen><\/iframe><\/div>\n<\/div>\n<p>Team Sky ma a\u017c za du\u017cy wyb\u00f3r zawodnik\u00f3w, co prowadzi do spekulacji, \u017ce\u00a0<a href=\"https:\/\/www.cyclingweekly.com\/news\/racing\/tour-de-france\/team-skys-dominance-ruining-cycling-experts-give-opinion-387625\">doping finansowy niszczy ten sport<\/a>. To z kolei trywializuje kwestie planowania taktycznego i zarz\u0105dzania wy\u015bcigami przez Team Sky. Nie ma co im jednak zazdro\u015bci\u0107 \u2013 teraz musz\u0105 zadba\u0107 o ego a\u017c dw\u00f3ch zwyci\u0119zc\u00f3w Tour de France.<\/p>\n<p><strong>Rachel Atherton bije rekordy<\/strong><\/p>\n<p>Dwa wy\u017cej wymienione sukcesy nie pozostawiaj\u0105 w\u0105tpliwo\u015bci \u2013 Wielka Brytania wesz\u0142a w z\u0142oty wiek kolarstwa. Kr\u00f3lowa zjazdu, Rachel Atherton, wci\u0105\u017c dominuje w swojej dyscyplinie. Wygra\u0142a w sumie sze\u015b\u0107 puchar\u00f3w \u015bwiata w ci\u0105gu 12 lat, nie m\u00f3wi\u0105c ju\u017c nawet o pi\u0119ciu mistrzostwach \u015bwiata.<\/p>\n<div class=\"embed-controller-wrapper\">\n<div class=\"embed-wrapper\"><iframe title=\"Rachel Atherton\u2019s 5th World Championship Title Run | UCI MTB 2018\" width=\"500\" height=\"281\" data-src=\"https:\/\/www.youtube.com\/embed\/3KBXcb_xtak?feature=oembed\" frameborder=\"0\" allow=\"accelerometer; autoplay; clipboard-write; encrypted-media; gyroscope; picture-in-picture; web-share\" referrerpolicy=\"strict-origin-when-cross-origin\" allowfullscreen><\/iframe><\/div>\n<\/div>\n<p>Niesamowity zjazd, prawda? Ale nie zapominajmy, \u017ce nie by\u0142o to dla niej \u0142atwe \u2013 Tahn\u00e9e Seagrave r\u00f3wnie\u017c by\u0142a w \u015bwietnej formie i zaliczy\u0142a wiele zwyci\u0119stw w tym sezonie pucharu \u015bwiata. Tym razem Atherton okaza\u0142a si\u0119 lepsza o prawie 10 sekund. Sp\u00f3jrzmy na to z szerszej perspektywy \u2013 w Le Tour de France \u201989, po przejechaniu ponad 2000 mil, Greg Lemond pokona\u0142 Laurenta Fignona o zaledwie 8 sekund. Teraz obejrzyjcie powy\u017csze wideo ponownie.<\/p>\n<p><strong>Cyclocross kobiet<\/strong><\/p>\n<p>Ogl\u0105danie rower\u00f3w g\u00f3rskich brn\u0105cych przez b\u0142oto daje kolarzom g\u00f3rskim i szosowym rzadk\u0105 okazj\u0119, by od\u0142o\u017cy\u0107 na bok dziel\u0105ce ich r\u00f3\u017cnice, otworzy\u0107 piwo i napawa\u0107 si\u0119 rozpo\u015bcieraj\u0105cym si\u0119 przed nimi chaosem, kt\u00f3ry zwie si\u0119 cyclocross. Je\u015bli szukasz ekscytacji, powiniene\u015b obejrze\u0107 zawody kobiet. Ten wy\u015bcig to klasyk.<\/p>\n<div class=\"embed-controller-wrapper\">\n<div class=\"embed-wrapper\"><iframe title=\"2018 Women Elite\" width=\"500\" height=\"281\" data-src=\"https:\/\/www.youtube.com\/embed\/FlOiBXYAsPU?feature=oembed\" frameborder=\"0\" allow=\"accelerometer; autoplay; clipboard-write; encrypted-media; gyroscope; picture-in-picture; web-share\" referrerpolicy=\"strict-origin-when-cross-origin\" allowfullscreen><\/iframe><\/div>\n<\/div>\n<p>Dzi\u0119ki decyzji Mi\u0119dzynarodowej Unii Kolarskiej, by zniwelowa\u0107 r\u00f3\u017cnice w warto\u015bci nagrody, stopniowa reforma harmonogram\u00f3w telewizyjnych sprawia, \u017ce sport ten staje si\u0119 coraz atrakcyjniejszy dla sponsor\u00f3w. To dopiero pocz\u0105tki popularno\u015bci cyclocrossu w\u015br\u00f3d widz\u00f3w, ale b\u0105d\u017amy szczerzy, czy to nie jest najlepszy moment, by si\u0119 przy\u0142\u0105czy\u0107?<\/p>\n<p><strong>\u00a0<\/strong><\/p>\n<p><strong>Dzi\u0119kujemy za wspomnienia<\/strong><\/p>\n<p>Rok zako\u0144czy\u0142 si\u0119 smutno \u2013 wiadomo\u015bci\u0105 o \u015bmierci Paula Sherwena- enigmatycznego zawodnika z Lancashire startuj\u0105cego w Le Tour z La Redoute. Jego podej\u015bcie do komentowania by\u0142o r\u00f3wnie wymagaj\u0105ce, jak do trening\u00f3w. Oto dow\u00f3d w postaci nieobrobionego materia\u0142u.<\/p>\n<p>https:\/\/youtu.be\/S3E127raiXA<\/p>\n<p>Nagranie, cho\u0107 mo\u017ce wydawa\u0107 si\u0119 dziwne, m\u00f3wi bardzo wiele o osobowo\u015bci Sherwena i jego mi\u0142o\u015bci do kolarstwa. To jego wywiad z soigneur (osob\u0105 opiekuj\u0105c\u0105 si\u0119 zawodnikiem \u2013 wykonuj\u0105c\u0105 masa\u017ce, dbaj\u0105c\u0105 o wy\u017cywienie, odzie\u017c itp.) rzucaj\u0105cy \u015bwiat\u0142o na t\u0119 funkcj\u0119, kt\u00f3ra jest cz\u0119sto mylnie pojmowana, a znaczy tak wiele dla sukcesu dru\u017cyny.<\/p>\n<div class=\"embed-controller-wrapper\">\n<div class=\"embed-wrapper\"><iframe title=\"BBC: Unedited Paul Sherwen interviews Toshiba Look soigneur Shelley Verses at the Tour de France.\" width=\"500\" height=\"375\" data-src=\"https:\/\/www.youtube.com\/embed\/VNdCcHmpD98?feature=oembed\" frameborder=\"0\" allow=\"accelerometer; autoplay; clipboard-write; encrypted-media; gyroscope; picture-in-picture; web-share\" referrerpolicy=\"strict-origin-when-cross-origin\" allowfullscreen><\/iframe><\/div>\n<\/div>\n<p>http:\/\/www.skoda-auto.pl\/<\/p>\n","protected":false},"excerpt":{"rendered":"<p>To by\u0142 spektakularny rok w kolarskim \u015bwiecie \u2013 szczeg\u00f3lnie dla tych, kt\u00f3rzy lubi\u0105 patrze\u0107, jak rekordy wystawiane s\u0105 na pr\u00f3b\u0119. [&hellip;]<\/p>\n","protected":false},"author":76,"featured_media":8361,"comment_status":"open","ping_status":"open","sticky":false,"template":"","format":"standard","meta":{"footnotes":""},"categories":[1],"tags":[],"global-categories":[],"class_list":["post-8353","post","type-post","status-publish","format-standard","has-post-thumbnail","hentry","category-uncategorized"],"yoast_head":"<!-- This site is optimized with the Yoast SEO Premium plugin v25.3 (Yoast SEO v25.9) - https:\/\/yoast.com\/wordpress\/plugins\/seo\/ -->\n<title>2018 \u2013 rok, kt\u00f3ry zapami\u0119tamy na d\u0142ugo - \u0160koda We Love Cycling - Poland<\/title>\n<meta name=\"robots\" content=\"index, follow, max-snippet:-1, max-image-preview:large, max-video-preview:-1\" \/>\n<link rel=\"canonical\" href=\"https:\/\/www.welovecycling.com\/pl\/2019\/01\/16\/2018-rok-ktory-zapamietamy-na-dlugo\/\" \/>\n<meta property=\"og:locale\" content=\"pl_PL\" \/>\n<meta property=\"og:type\" content=\"article\" \/>\n<meta property=\"og:title\" content=\"2018 \u2013 rok, kt\u00f3ry zapami\u0119tamy na d\u0142ugo\" \/>\n<meta property=\"og:description\" content=\"To by\u0142 spektakularny rok w kolarskim \u015bwiecie \u2013 szczeg\u00f3lnie dla tych, kt\u00f3rzy lubi\u0105 patrze\u0107, jak rekordy wystawiane s\u0105 na pr\u00f3b\u0119. [&hellip;]\" \/>\n<meta property=\"og:url\" content=\"https:\/\/www.welovecycling.com\/pl\/2019\/01\/16\/2018-rok-ktory-zapamietamy-na-dlugo\/\" \/>\n<meta property=\"og:site_name\" content=\"\u0160koda We Love Cycling - Poland\" \/>\n<meta property=\"article:published_time\" content=\"2019-01-16T19:31:26+00:00\" \/>\n<meta property=\"article:modified_time\" content=\"2019-01-22T13:57:27+00:00\" \/>\n<meta property=\"og:image\" content=\"https:\/\/d2p6e6u75xmxt8.cloudfront.net\/5\/2019\/01\/Thomascvr-1024x450.jpg\" \/>\n\t<meta property=\"og:image:width\" content=\"1024\" \/>\n\t<meta property=\"og:image:height\" content=\"450\" \/>\n\t<meta property=\"og:image:type\" content=\"image\/jpeg\" \/>\n<meta name=\"author\" content=\"piotrboczkowski\" \/>\n<meta name=\"twitter:card\" content=\"summary_large_image\" \/>\n<meta name=\"twitter:label1\" content=\"Written by\" \/>\n\t<meta name=\"twitter:data1\" content=\"Christopher Ashley\" \/>\n\t<meta name=\"twitter:label2\" content=\"Est. reading time\" \/>\n\t<meta name=\"twitter:data2\" content=\"7\" \/>\n<script type=\"application\/ld+json\" class=\"yoast-schema-graph\">{\"@context\":\"https:\/\/schema.org\",\"@graph\":[{\"@type\":\"WebPage\",\"@id\":\"https:\/\/www.welovecycling.com\/pl\/2019\/01\/16\/2018-rok-ktory-zapamietamy-na-dlugo\/\",\"url\":\"https:\/\/www.welovecycling.com\/pl\/2019\/01\/16\/2018-rok-ktory-zapamietamy-na-dlugo\/\",\"name\":\"2018 \u2013 rok, kt\u00f3ry zapami\u0119tamy na d\u0142ugo - \u0160koda We Love Cycling - Poland\",\"isPartOf\":{\"@id\":\"https:\/\/www.welovecycling.com\/pl\/#website\"},\"primaryImageOfPage\":{\"@id\":\"https:\/\/www.welovecycling.com\/pl\/2019\/01\/16\/2018-rok-ktory-zapamietamy-na-dlugo\/#primaryimage\"},\"image\":{\"@id\":\"https:\/\/www.welovecycling.com\/pl\/2019\/01\/16\/2018-rok-ktory-zapamietamy-na-dlugo\/#primaryimage\"},\"thumbnailUrl\":\"https:\/\/d2p6e6u75xmxt8.cloudfront.net\/5\/2019\/01\/Thomascvr-1024x450.jpg\",\"datePublished\":\"2019-01-16T19:31:26+00:00\",\"dateModified\":\"2019-01-22T13:57:27+00:00\",\"author\":{\"@id\":\"https:\/\/www.welovecycling.com\/pl\/#\/schema\/person\/0dba2d39da943db9df3fd8f4687e7f23\"},\"breadcrumb\":{\"@id\":\"https:\/\/www.welovecycling.com\/pl\/2019\/01\/16\/2018-rok-ktory-zapamietamy-na-dlugo\/#breadcrumb\"},\"inLanguage\":\"pl-PL\",\"potentialAction\":[{\"@type\":\"ReadAction\",\"target\":[\"https:\/\/www.welovecycling.com\/pl\/2019\/01\/16\/2018-rok-ktory-zapamietamy-na-dlugo\/\"]}]},{\"@type\":\"ImageObject\",\"inLanguage\":\"pl-PL\",\"@id\":\"https:\/\/www.welovecycling.com\/pl\/2019\/01\/16\/2018-rok-ktory-zapamietamy-na-dlugo\/#primaryimage\",\"url\":\"https:\/\/d2p6e6u75xmxt8.cloudfront.net\/5\/2019\/01\/Thomascvr-1024x450.jpg\",\"contentUrl\":\"https:\/\/d2p6e6u75xmxt8.cloudfront.net\/5\/2019\/01\/Thomascvr-1024x450.jpg\",\"width\":1024,\"height\":450},{\"@type\":\"BreadcrumbList\",\"@id\":\"https:\/\/www.welovecycling.com\/pl\/2019\/01\/16\/2018-rok-ktory-zapamietamy-na-dlugo\/#breadcrumb\",\"itemListElement\":[{\"@type\":\"ListItem\",\"position\":1,\"name\":\"Home\",\"item\":\"https:\/\/www.welovecycling.com\/pl\/\"},{\"@type\":\"ListItem\",\"position\":2,\"name\":\"2018 \u2013 rok, kt\u00f3ry zapami\u0119tamy na d\u0142ugo\"}]},{\"@type\":\"WebSite\",\"@id\":\"https:\/\/www.welovecycling.com\/pl\/#website\",\"url\":\"https:\/\/www.welovecycling.com\/pl\/\",\"name\":\"\u0160koda We Love Cycling - Poland\",\"description\":\"\",\"potentialAction\":[{\"@type\":\"SearchAction\",\"target\":{\"@type\":\"EntryPoint\",\"urlTemplate\":\"https:\/\/www.welovecycling.com\/pl\/?s={search_term_string}\"},\"query-input\":{\"@type\":\"PropertyValueSpecification\",\"valueRequired\":true,\"valueName\":\"search_term_string\"}}],\"inLanguage\":\"pl-PL\"},{\"@type\":\"Person\",\"@id\":\"https:\/\/www.welovecycling.com\/pl\/#\/schema\/person\/0dba2d39da943db9df3fd8f4687e7f23\",\"name\":\"piotrboczkowski\",\"image\":{\"@type\":\"ImageObject\",\"inLanguage\":\"pl-PL\",\"@id\":\"https:\/\/www.welovecycling.com\/pl\/#\/schema\/person\/image\/\",\"url\":\"https:\/\/secure.gravatar.com\/avatar\/533caccae14752e03a2ce2d3fd62d1b98b93e1393c3195c27819e53344ca1ace?s=96&d=mm&r=g\",\"contentUrl\":\"https:\/\/secure.gravatar.com\/avatar\/533caccae14752e03a2ce2d3fd62d1b98b93e1393c3195c27819e53344ca1ace?s=96&d=mm&r=g\",\"caption\":\"piotrboczkowski\"},\"url\":\"https:\/\/www.welovecycling.com\/pl\/author\/piotrboczkowski\/\"}]}<\/script>\n<!-- \/ Yoast SEO Premium plugin. -->","yoast_head_json":{"title":"2018 \u2013 rok, kt\u00f3ry zapami\u0119tamy na d\u0142ugo - \u0160koda We Love Cycling - Poland","robots":{"index":"index","follow":"follow","max-snippet":"max-snippet:-1","max-image-preview":"max-image-preview:large","max-video-preview":"max-video-preview:-1"},"canonical":"https:\/\/www.welovecycling.com\/pl\/2019\/01\/16\/2018-rok-ktory-zapamietamy-na-dlugo\/","og_locale":"pl_PL","og_type":"article","og_title":"2018 \u2013 rok, kt\u00f3ry zapami\u0119tamy na d\u0142ugo","og_description":"To by\u0142 spektakularny rok w kolarskim \u015bwiecie \u2013 szczeg\u00f3lnie dla tych, kt\u00f3rzy lubi\u0105 patrze\u0107, jak rekordy wystawiane s\u0105 na pr\u00f3b\u0119. [&hellip;]","og_url":"https:\/\/www.welovecycling.com\/pl\/2019\/01\/16\/2018-rok-ktory-zapamietamy-na-dlugo\/","og_site_name":"\u0160koda We Love Cycling - Poland","article_published_time":"2019-01-16T19:31:26+00:00","article_modified_time":"2019-01-22T13:57:27+00:00","og_image":[{"width":1024,"height":450,"url":"https:\/\/d2p6e6u75xmxt8.cloudfront.net\/5\/2019\/01\/Thomascvr-1024x450.jpg","type":"image\/jpeg"}],"author":"piotrboczkowski","twitter_card":"summary_large_image","twitter_misc":{"Written by":"Christopher Ashley","Est. reading time":"7"},"schema":{"@context":"https:\/\/schema.org","@graph":[{"@type":"WebPage","@id":"https:\/\/www.welovecycling.com\/pl\/2019\/01\/16\/2018-rok-ktory-zapamietamy-na-dlugo\/","url":"https:\/\/www.welovecycling.com\/pl\/2019\/01\/16\/2018-rok-ktory-zapamietamy-na-dlugo\/","name":"2018 \u2013 rok, kt\u00f3ry zapami\u0119tamy na d\u0142ugo - \u0160koda We Love Cycling - Poland","isPartOf":{"@id":"https:\/\/www.welovecycling.com\/pl\/#website"},"primaryImageOfPage":{"@id":"https:\/\/www.welovecycling.com\/pl\/2019\/01\/16\/2018-rok-ktory-zapamietamy-na-dlugo\/#primaryimage"},"image":{"@id":"https:\/\/www.welovecycling.com\/pl\/2019\/01\/16\/2018-rok-ktory-zapamietamy-na-dlugo\/#primaryimage"},"thumbnailUrl":"https:\/\/d2p6e6u75xmxt8.cloudfront.net\/5\/2019\/01\/Thomascvr-1024x450.jpg","datePublished":"2019-01-16T19:31:26+00:00","dateModified":"2019-01-22T13:57:27+00:00","author":{"@id":"https:\/\/www.welovecycling.com\/pl\/#\/schema\/person\/0dba2d39da943db9df3fd8f4687e7f23"},"breadcrumb":{"@id":"https:\/\/www.welovecycling.com\/pl\/2019\/01\/16\/2018-rok-ktory-zapamietamy-na-dlugo\/#breadcrumb"},"inLanguage":"pl-PL","potentialAction":[{"@type":"ReadAction","target":["https:\/\/www.welovecycling.com\/pl\/2019\/01\/16\/2018-rok-ktory-zapamietamy-na-dlugo\/"]}]},{"@type":"ImageObject","inLanguage":"pl-PL","@id":"https:\/\/www.welovecycling.com\/pl\/2019\/01\/16\/2018-rok-ktory-zapamietamy-na-dlugo\/#primaryimage","url":"https:\/\/d2p6e6u75xmxt8.cloudfront.net\/5\/2019\/01\/Thomascvr-1024x450.jpg","contentUrl":"https:\/\/d2p6e6u75xmxt8.cloudfront.net\/5\/2019\/01\/Thomascvr-1024x450.jpg","width":1024,"height":450},{"@type":"BreadcrumbList","@id":"https:\/\/www.welovecycling.com\/pl\/2019\/01\/16\/2018-rok-ktory-zapamietamy-na-dlugo\/#breadcrumb","itemListElement":[{"@type":"ListItem","position":1,"name":"Home","item":"https:\/\/www.welovecycling.com\/pl\/"},{"@type":"ListItem","position":2,"name":"2018 \u2013 rok, kt\u00f3ry zapami\u0119tamy na d\u0142ugo"}]},{"@type":"WebSite","@id":"https:\/\/www.welovecycling.com\/pl\/#website","url":"https:\/\/www.welovecycling.com\/pl\/","name":"\u0160koda We Love Cycling - Poland","description":"","potentialAction":[{"@type":"SearchAction","target":{"@type":"EntryPoint","urlTemplate":"https:\/\/www.welovecycling.com\/pl\/?s={search_term_string}"},"query-input":{"@type":"PropertyValueSpecification","valueRequired":true,"valueName":"search_term_string"}}],"inLanguage":"pl-PL"},{"@type":"Person","@id":"https:\/\/www.welovecycling.com\/pl\/#\/schema\/person\/0dba2d39da943db9df3fd8f4687e7f23","name":"piotrboczkowski","image":{"@type":"ImageObject","inLanguage":"pl-PL","@id":"https:\/\/www.welovecycling.com\/pl\/#\/schema\/person\/image\/","url":"https:\/\/secure.gravatar.com\/avatar\/533caccae14752e03a2ce2d3fd62d1b98b93e1393c3195c27819e53344ca1ace?s=96&d=mm&r=g","contentUrl":"https:\/\/secure.gravatar.com\/avatar\/533caccae14752e03a2ce2d3fd62d1b98b93e1393c3195c27819e53344ca1ace?s=96&d=mm&r=g","caption":"piotrboczkowski"},"url":"https:\/\/www.welovecycling.com\/pl\/author\/piotrboczkowski\/"}]}},"_links":{"self":[{"href":"https:\/\/www.welovecycling.com\/pl\/wp-json\/wp\/v2\/posts\/8353","targetHints":{"allow":["GET"]}}],"collection":[{"href":"https:\/\/www.welovecycling.com\/pl\/wp-json\/wp\/v2\/posts"}],"about":[{"href":"https:\/\/www.welovecycling.com\/pl\/wp-json\/wp\/v2\/types\/post"}],"author":[{"embeddable":true,"href":"https:\/\/www.welovecycling.com\/pl\/wp-json\/wp\/v2\/users\/76"}],"replies":[{"embeddable":true,"href":"https:\/\/www.welovecycling.com\/pl\/wp-json\/wp\/v2\/comments?post=8353"}],"version-history":[{"count":2,"href":"https:\/\/www.welovecycling.com\/pl\/wp-json\/wp\/v2\/posts\/8353\/revisions"}],"predecessor-version":[{"id":8386,"href":"https:\/\/www.welovecycling.com\/pl\/wp-json\/wp\/v2\/posts\/8353\/revisions\/8386"}],"wp:featuredmedia":[{"embeddable":true,"href":"https:\/\/www.welovecycling.com\/pl\/wp-json\/wp\/v2\/media\/8361"}],"wp:attachment":[{"href":"https:\/\/www.welovecycling.com\/pl\/wp-json\/wp\/v2\/media?parent=8353"}],"wp:term":[{"taxonomy":"category","embeddable":true,"href":"https:\/\/www.welovecycling.com\/pl\/wp-json\/wp\/v2\/categories?post=8353"},{"taxonomy":"post_tag","embeddable":true,"href":"https:\/\/www.welovecycling.com\/pl\/wp-json\/wp\/v2\/tags?post=8353"},{"taxonomy":"global-categories","embeddable":true,"href":"https:\/\/www.welovecycling.com\/pl\/wp-json\/wp\/v2\/global-categories?post=8353"}],"curies":[{"name":"wp","href":"https:\/\/api.w.org\/{rel}","templated":true}]}}