{"id":8334,"date":"2019-01-11T16:21:17","date_gmt":"2019-01-11T16:21:17","guid":{"rendered":"https:\/\/www.welovecycling.com\/pl\/?p=8334"},"modified":"2019-01-11T16:21:55","modified_gmt":"2019-01-11T16:21:55","slug":"inne-sporty-musialy-uznac-wyzszosc-kolarstwa-szok-i-niesamowity-triumf","status":"publish","type":"post","link":"https:\/\/www.welovecycling.com\/pl\/2019\/01\/11\/inne-sporty-musialy-uznac-wyzszosc-kolarstwa-szok-i-niesamowity-triumf\/","title":{"rendered":"Inne sporty musia\u0142y uzna\u0107 wy\u017cszo\u015b\u0107 kolarstwa. Szok i niesamowity triumf!"},"content":{"rendered":"<p><strong>Legenda F1, pi\u0142karski gwiazdor i wielka nadzieja lekkiej atletyki musia\u0142y ust\u0105pi\u0107 miejsca zwyci\u0119zcy Tour de France. Je\u015bli kto\u015b szuka argument\u00f3w, \u017ce kolarstwo mo\u017ce by\u0107 sportem numer 1, to w\u0142a\u015bnie dostarczy\u0142 ich Geraint Thomas, kt\u00f3ry zosta\u0142 Sportow\u0105 Osobowo\u015bci\u0105 Roku w Wielkiej Brytanii!<\/strong><\/p>\n<p>Nie tylko w Polsce trwa\u0142a debata o wy\u017cszo\u015bci np. siatk\u00f3wki nad skokami narciarskimi oraz medali mistrzostw \u015bwiata nad olimpijskimi. Skoro my k\u0142\u00f3cili\u015bmy si\u0119: \u201eKto lepszy: Kamil Stoch czy Bartosz Kurek\u201d, to co mieli powiedzie\u0107 Brytyjczycy?<\/p>\n<p><strong>Szok podczas gali BBC<\/strong><\/p>\n<p>Wielka Brytania \u2013 66 milion\u00f3w ludzi, setki tysi\u0119cy sportowc\u00f3w, kilku najwybitniejszych w danej dyscyplinie na \u015bwiecie. Na przyk\u0142ad Lewis Hamilton \u2013 mistrz \u015bwiata F1, legenda sport\u00f3w motorowych. Albo Harry Kane \u2013 kr\u00f3l strzelc\u00f3w mistrzostw \u015bwiata i lider pi\u0142karskiej reprezentacji Anglii, na punkcie kt\u00f3rej jego rodacy maj\u0105 bzika. Lub Dina Asher-Smith \u2013 wielka nadzieja brytyjskiej lekkiej atletyki, podw\u00f3jna mistrzyni Europy w biegach sprinterskich.<\/p>\n<p>Kto z nich zosta\u0142 sportow\u0105 osobowo\u015bci\u0105 roku? Nikt, bo w 2018 roku kr\u00f3lem sportu uznano Walijczyka Gerainta Thomasa, zwyci\u0119zc\u0119 Tour de France.<\/p>\n<lite-youtube videoid=Kzl8T9P3aGk params=\"enablejsapi=1\" style=\"background-image: url('https:\/\/i.ytimg.com\/vi_webp\/Kzl8T9P3aGk\/maxresdefault.webp');\"><\/lite-youtube>\n<p>\u2013 O rany, naprawd\u0119 powinienem sobie przygotowa\u0107 przem\u00f3wienie na wypadek wygranej \u2013 przyzna\u0142 zszokowany Thomas podczas gali organizowanej przez BBC. &#8211; To by\u0142 wspania\u0142y rok dla naszego sportu, a ja by\u0142em dumny, \u017ce mog\u0142em reprezentowa\u0107 Wali\u0119 i Wielk\u0105 Brytani\u0119 \u2013 doda\u0142.<\/p>\n<p>Jego zwyci\u0119stwo w plebiscycie organizowanym przez BBC jest o tyle wa\u017cne, \u017ce Brytyjczycy na brak kolarskich sukces\u00f3w w ostatnich latach nie mogli narzeka\u0107. W ko\u0144cu cztery z poprzednich pi\u0119ciu Tour de France wygra\u0142 ich rodak Chris Frooome, a wcze\u015bniej triumfowa\u0142 Bradley Wiggins. Thomas jest jednak pierwszym Walijczykiem, kt\u00f3ry zwyci\u0119\u017cy\u0142 Wielk\u0105 P\u0119tl\u0119 i pierwszym zawodnikiem z tego kraju, kt\u00f3ry zdoby\u0142 tytu\u0142 Sportowej Osobowo\u015bci Roku od blisko 10 lat (w 2009 roku triumfowa\u0142 wybitny walijski pi\u0142karz Ryan Giggs).<\/p>\n<p><strong>Obrazek przejdzie do historii<\/strong><\/p>\n<p>Thomas uj\u0105\u0142 g\u0142osuj\u0105cych nie tylko wygran\u0105 w Tour de France i Criterium du Dauphine, ale przede wszystkim stylem, w jakim tego dokona\u0142. Podczas Wielkiej P\u0119tli mia\u0142 przecie\u017c wprowadzi\u0107 do galerii s\u0142aw Chrisa Froome\u2019a (pi\u0105ty triumf da\u0142by mu miejsce w\u015br\u00f3d legend), ale w ko\u0144cu okaza\u0142o si\u0119, \u017ce tym razem Walijczyk jest zdecydowanie mocniejszy od lidera Team Sky.<\/p>\n<p>Thomas najpierw pomaga\u0142, ale p\u00f3\u017aniej udowodni\u0142, \u017ce w pe\u0142ni zas\u0142uguje na rol\u0119 przyw\u00f3dcy. Wygra\u0142 dwa etapy, w tym legendarny i morderczy podjazd na L\u2019Alpe d\u2019Huez. Po 11. etapie obj\u0105\u0142 prowadzenie w klasyfikacji generalnej, a po 20. ju\u017c wiedzia\u0142, \u017ce dokona\u0142 rzeczy niezwyk\u0142ej.<\/p>\n<lite-youtube videoid=hitGKKunQVE params=\"enablejsapi=1\" style=\"background-image: url('https:\/\/i.ytimg.com\/vi_webp\/hitGKKunQVE\/maxresdefault.webp');\"><\/lite-youtube>\n<p>\u2013 Ostatni raz p\u0142aka\u0142em na swoim \u015blubie. To co\u015b niesamowitego. Jestem oszo\u0142omiony! Przez ca\u0142y wy\u015bcig nie dociera\u0142o do mnie, \u017ce naprawd\u0119 mog\u0119 wygra\u0107. A\u017c tu nagle sta\u0142o si\u0119 \u2013 m\u00f3wi\u0142 \u0142ami\u0105cym si\u0119 g\u0142osem przed kamerami Eurosportu, a\u017c w ko\u0144cu schowa\u0142 twarz w d\u0142oniach i zacz\u0105\u0142 kr\u0119ci\u0107 g\u0142ow\u0105 z niedowierzaniem.<\/p>\n<p>Ten obrazek przejdzie do historii Tour de France, tak samo jak wyczyn Thomasa. Co wi\u0119cej, Walijczyk do triumfu w Wielkiej P\u0119tli dorzuci\u0142 nie tylko tytu\u0142 Sportowej Osobowo\u015bci Roku w Wielkiej Brytanii, ale tak\u017ce zaszczytny Order Imperium Brytyjskiego.<\/p>\n<p><strong>Rado\u015b\u0107 z jazdy<\/strong><\/p>\n<p>Thomas, odbieraj\u0105c statuetk\u0119 podczas gali organizowanej przez BBC, nie kry\u0142, \u017ce czuje si\u0119 jak szcz\u0119\u015bciarz, kt\u00f3remu rower jakby spad\u0142 z niebios.<\/p>\n<p>&#8211; Przecie\u017c pewnego dnia poszed\u0142em do si\u0142owni pop\u0142ywa\u0107, a sko\u0144czy\u0142em je\u017cd\u017c\u0105c na rowerze. I tak to si\u0119 wszystko zacz\u0119\u0142o\u2026 &#8211; wspomina\u0142 Walijczyk. &#8211; Gdy rywalizuj\u0119 w peletonie, to my\u015bl\u0119 g\u0142\u00f3wnie o sobie i swoich sukcesach, ale wiem, \u017ce kibice na nas licz\u0105. To im pomaga i ich inspiruje. Widz\u0119 ludzi, kt\u00f3rzy czerpi\u0105 rado\u015b\u0107 z jazdy na rowerach i wtedy czuj\u0119 si\u0119 tak samo dumny jak teraz, gdy otrzymuj\u0119 tak wa\u017cn\u0105 nagrod\u0119 \u2013 doda\u0142 zawodnik Team Sky.<\/p>\n<p>Drugie miejsce w plebiscycie zaj\u0105\u0142 Lewis Hamilton, a trzecie Harry Kane.<\/p>\n<p>http:\/\/www.skoda-auto.pl\/<\/p>\n<p>&nbsp;<\/p>\n","protected":false},"excerpt":{"rendered":"<p>Legenda F1, pi\u0142karski gwiazdor i wielka nadzieja lekkiej atletyki musia\u0142y ust\u0105pi\u0107 miejsca zwyci\u0119zcy Tour de France. Je\u015bli kto\u015b szuka argument\u00f3w, [&hellip;]<\/p>\n","protected":false},"author":76,"featured_media":8335,"comment_status":"open","ping_status":"open","sticky":false,"template":"","format":"standard","meta":{"footnotes":""},"categories":[270],"tags":[],"global-categories":[],"class_list":["post-8334","post","type-post","status-publish","format-standard","has-post-thumbnail","hentry","category-tour-de-france-2018"],"yoast_head":"<!-- This site is optimized with the Yoast SEO Premium plugin v25.3 (Yoast SEO v25.9) - https:\/\/yoast.com\/wordpress\/plugins\/seo\/ -->\n<title>Inne sporty musia\u0142y uzna\u0107 wy\u017cszo\u015b\u0107 kolarstwa. Szok i niesamowity triumf! - \u0160koda We Love Cycling - Poland<\/title>\n<meta name=\"robots\" content=\"index, follow, max-snippet:-1, max-image-preview:large, max-video-preview:-1\" \/>\n<link rel=\"canonical\" href=\"https:\/\/www.welovecycling.com\/pl\/2019\/01\/11\/inne-sporty-musialy-uznac-wyzszosc-kolarstwa-szok-i-niesamowity-triumf\/\" \/>\n<meta property=\"og:locale\" content=\"pl_PL\" \/>\n<meta property=\"og:type\" content=\"article\" \/>\n<meta property=\"og:title\" content=\"Inne sporty musia\u0142y uzna\u0107 wy\u017cszo\u015b\u0107 kolarstwa. Szok i niesamowity triumf!\" \/>\n<meta property=\"og:description\" content=\"Legenda F1, pi\u0142karski gwiazdor i wielka nadzieja lekkiej atletyki musia\u0142y ust\u0105pi\u0107 miejsca zwyci\u0119zcy Tour de France. Je\u015bli kto\u015b szuka argument\u00f3w, [&hellip;]\" \/>\n<meta property=\"og:url\" content=\"https:\/\/www.welovecycling.com\/pl\/2019\/01\/11\/inne-sporty-musialy-uznac-wyzszosc-kolarstwa-szok-i-niesamowity-triumf\/\" \/>\n<meta property=\"og:site_name\" content=\"\u0160koda We Love Cycling - Poland\" \/>\n<meta property=\"article:published_time\" content=\"2019-01-11T16:21:17+00:00\" \/>\n<meta property=\"article:modified_time\" content=\"2019-01-11T16:21:55+00:00\" \/>\n<meta property=\"og:image\" content=\"https:\/\/d2p6e6u75xmxt8.cloudfront.net\/5\/2019\/01\/128ec.jpg\" \/>\n\t<meta property=\"og:image:width\" content=\"1000\" \/>\n\t<meta property=\"og:image:height\" content=\"666\" \/>\n\t<meta property=\"og:image:type\" content=\"image\/jpeg\" \/>\n<meta name=\"author\" content=\"piotrboczkowski\" \/>\n<meta name=\"twitter:card\" content=\"summary_large_image\" \/>\n<meta name=\"twitter:label1\" content=\"Written by\" \/>\n\t<meta name=\"twitter:data1\" content=\"Piotr Jawor\" \/>\n\t<meta name=\"twitter:label2\" content=\"Est. reading time\" \/>\n\t<meta name=\"twitter:data2\" content=\"5\" \/>\n<script type=\"application\/ld+json\" class=\"yoast-schema-graph\">{\"@context\":\"https:\/\/schema.org\",\"@graph\":[{\"@type\":\"WebPage\",\"@id\":\"https:\/\/www.welovecycling.com\/pl\/2019\/01\/11\/inne-sporty-musialy-uznac-wyzszosc-kolarstwa-szok-i-niesamowity-triumf\/\",\"url\":\"https:\/\/www.welovecycling.com\/pl\/2019\/01\/11\/inne-sporty-musialy-uznac-wyzszosc-kolarstwa-szok-i-niesamowity-triumf\/\",\"name\":\"Inne sporty musia\u0142y uzna\u0107 wy\u017cszo\u015b\u0107 kolarstwa. Szok i niesamowity triumf! - \u0160koda We Love Cycling - Poland\",\"isPartOf\":{\"@id\":\"https:\/\/www.welovecycling.com\/pl\/#website\"},\"primaryImageOfPage\":{\"@id\":\"https:\/\/www.welovecycling.com\/pl\/2019\/01\/11\/inne-sporty-musialy-uznac-wyzszosc-kolarstwa-szok-i-niesamowity-triumf\/#primaryimage\"},\"image\":{\"@id\":\"https:\/\/www.welovecycling.com\/pl\/2019\/01\/11\/inne-sporty-musialy-uznac-wyzszosc-kolarstwa-szok-i-niesamowity-triumf\/#primaryimage\"},\"thumbnailUrl\":\"https:\/\/d2p6e6u75xmxt8.cloudfront.net\/5\/2019\/01\/128ec.jpg\",\"datePublished\":\"2019-01-11T16:21:17+00:00\",\"dateModified\":\"2019-01-11T16:21:55+00:00\",\"author\":{\"@id\":\"https:\/\/www.welovecycling.com\/pl\/#\/schema\/person\/0dba2d39da943db9df3fd8f4687e7f23\"},\"breadcrumb\":{\"@id\":\"https:\/\/www.welovecycling.com\/pl\/2019\/01\/11\/inne-sporty-musialy-uznac-wyzszosc-kolarstwa-szok-i-niesamowity-triumf\/#breadcrumb\"},\"inLanguage\":\"pl-PL\",\"potentialAction\":[{\"@type\":\"ReadAction\",\"target\":[\"https:\/\/www.welovecycling.com\/pl\/2019\/01\/11\/inne-sporty-musialy-uznac-wyzszosc-kolarstwa-szok-i-niesamowity-triumf\/\"]}]},{\"@type\":\"ImageObject\",\"inLanguage\":\"pl-PL\",\"@id\":\"https:\/\/www.welovecycling.com\/pl\/2019\/01\/11\/inne-sporty-musialy-uznac-wyzszosc-kolarstwa-szok-i-niesamowity-triumf\/#primaryimage\",\"url\":\"https:\/\/d2p6e6u75xmxt8.cloudfront.net\/5\/2019\/01\/128ec.jpg\",\"contentUrl\":\"https:\/\/d2p6e6u75xmxt8.cloudfront.net\/5\/2019\/01\/128ec.jpg\",\"width\":1000,\"height\":666},{\"@type\":\"BreadcrumbList\",\"@id\":\"https:\/\/www.welovecycling.com\/pl\/2019\/01\/11\/inne-sporty-musialy-uznac-wyzszosc-kolarstwa-szok-i-niesamowity-triumf\/#breadcrumb\",\"itemListElement\":[{\"@type\":\"ListItem\",\"position\":1,\"name\":\"Home\",\"item\":\"https:\/\/www.welovecycling.com\/pl\/\"},{\"@type\":\"ListItem\",\"position\":2,\"name\":\"Inne sporty musia\u0142y uzna\u0107 wy\u017cszo\u015b\u0107 kolarstwa. Szok i niesamowity triumf!\"}]},{\"@type\":\"WebSite\",\"@id\":\"https:\/\/www.welovecycling.com\/pl\/#website\",\"url\":\"https:\/\/www.welovecycling.com\/pl\/\",\"name\":\"\u0160koda We Love Cycling - Poland\",\"description\":\"\",\"potentialAction\":[{\"@type\":\"SearchAction\",\"target\":{\"@type\":\"EntryPoint\",\"urlTemplate\":\"https:\/\/www.welovecycling.com\/pl\/?s={search_term_string}\"},\"query-input\":{\"@type\":\"PropertyValueSpecification\",\"valueRequired\":true,\"valueName\":\"search_term_string\"}}],\"inLanguage\":\"pl-PL\"},{\"@type\":\"Person\",\"@id\":\"https:\/\/www.welovecycling.com\/pl\/#\/schema\/person\/0dba2d39da943db9df3fd8f4687e7f23\",\"name\":\"piotrboczkowski\",\"image\":{\"@type\":\"ImageObject\",\"inLanguage\":\"pl-PL\",\"@id\":\"https:\/\/www.welovecycling.com\/pl\/#\/schema\/person\/image\/\",\"url\":\"https:\/\/secure.gravatar.com\/avatar\/533caccae14752e03a2ce2d3fd62d1b98b93e1393c3195c27819e53344ca1ace?s=96&d=mm&r=g\",\"contentUrl\":\"https:\/\/secure.gravatar.com\/avatar\/533caccae14752e03a2ce2d3fd62d1b98b93e1393c3195c27819e53344ca1ace?s=96&d=mm&r=g\",\"caption\":\"piotrboczkowski\"},\"url\":\"https:\/\/www.welovecycling.com\/pl\/author\/piotrboczkowski\/\"}]}<\/script>\n<!-- \/ Yoast SEO Premium plugin. -->","yoast_head_json":{"title":"Inne sporty musia\u0142y uzna\u0107 wy\u017cszo\u015b\u0107 kolarstwa. Szok i niesamowity triumf! - \u0160koda We Love Cycling - Poland","robots":{"index":"index","follow":"follow","max-snippet":"max-snippet:-1","max-image-preview":"max-image-preview:large","max-video-preview":"max-video-preview:-1"},"canonical":"https:\/\/www.welovecycling.com\/pl\/2019\/01\/11\/inne-sporty-musialy-uznac-wyzszosc-kolarstwa-szok-i-niesamowity-triumf\/","og_locale":"pl_PL","og_type":"article","og_title":"Inne sporty musia\u0142y uzna\u0107 wy\u017cszo\u015b\u0107 kolarstwa. Szok i niesamowity triumf!","og_description":"Legenda F1, pi\u0142karski gwiazdor i wielka nadzieja lekkiej atletyki musia\u0142y ust\u0105pi\u0107 miejsca zwyci\u0119zcy Tour de France. Je\u015bli kto\u015b szuka argument\u00f3w, [&hellip;]","og_url":"https:\/\/www.welovecycling.com\/pl\/2019\/01\/11\/inne-sporty-musialy-uznac-wyzszosc-kolarstwa-szok-i-niesamowity-triumf\/","og_site_name":"\u0160koda We Love Cycling - Poland","article_published_time":"2019-01-11T16:21:17+00:00","article_modified_time":"2019-01-11T16:21:55+00:00","og_image":[{"width":1000,"height":666,"url":"https:\/\/d2p6e6u75xmxt8.cloudfront.net\/5\/2019\/01\/128ec.jpg","type":"image\/jpeg"}],"author":"piotrboczkowski","twitter_card":"summary_large_image","twitter_misc":{"Written by":"Piotr Jawor","Est. reading time":"5"},"schema":{"@context":"https:\/\/schema.org","@graph":[{"@type":"WebPage","@id":"https:\/\/www.welovecycling.com\/pl\/2019\/01\/11\/inne-sporty-musialy-uznac-wyzszosc-kolarstwa-szok-i-niesamowity-triumf\/","url":"https:\/\/www.welovecycling.com\/pl\/2019\/01\/11\/inne-sporty-musialy-uznac-wyzszosc-kolarstwa-szok-i-niesamowity-triumf\/","name":"Inne sporty musia\u0142y uzna\u0107 wy\u017cszo\u015b\u0107 kolarstwa. Szok i niesamowity triumf! - \u0160koda We Love Cycling - Poland","isPartOf":{"@id":"https:\/\/www.welovecycling.com\/pl\/#website"},"primaryImageOfPage":{"@id":"https:\/\/www.welovecycling.com\/pl\/2019\/01\/11\/inne-sporty-musialy-uznac-wyzszosc-kolarstwa-szok-i-niesamowity-triumf\/#primaryimage"},"image":{"@id":"https:\/\/www.welovecycling.com\/pl\/2019\/01\/11\/inne-sporty-musialy-uznac-wyzszosc-kolarstwa-szok-i-niesamowity-triumf\/#primaryimage"},"thumbnailUrl":"https:\/\/d2p6e6u75xmxt8.cloudfront.net\/5\/2019\/01\/128ec.jpg","datePublished":"2019-01-11T16:21:17+00:00","dateModified":"2019-01-11T16:21:55+00:00","author":{"@id":"https:\/\/www.welovecycling.com\/pl\/#\/schema\/person\/0dba2d39da943db9df3fd8f4687e7f23"},"breadcrumb":{"@id":"https:\/\/www.welovecycling.com\/pl\/2019\/01\/11\/inne-sporty-musialy-uznac-wyzszosc-kolarstwa-szok-i-niesamowity-triumf\/#breadcrumb"},"inLanguage":"pl-PL","potentialAction":[{"@type":"ReadAction","target":["https:\/\/www.welovecycling.com\/pl\/2019\/01\/11\/inne-sporty-musialy-uznac-wyzszosc-kolarstwa-szok-i-niesamowity-triumf\/"]}]},{"@type":"ImageObject","inLanguage":"pl-PL","@id":"https:\/\/www.welovecycling.com\/pl\/2019\/01\/11\/inne-sporty-musialy-uznac-wyzszosc-kolarstwa-szok-i-niesamowity-triumf\/#primaryimage","url":"https:\/\/d2p6e6u75xmxt8.cloudfront.net\/5\/2019\/01\/128ec.jpg","contentUrl":"https:\/\/d2p6e6u75xmxt8.cloudfront.net\/5\/2019\/01\/128ec.jpg","width":1000,"height":666},{"@type":"BreadcrumbList","@id":"https:\/\/www.welovecycling.com\/pl\/2019\/01\/11\/inne-sporty-musialy-uznac-wyzszosc-kolarstwa-szok-i-niesamowity-triumf\/#breadcrumb","itemListElement":[{"@type":"ListItem","position":1,"name":"Home","item":"https:\/\/www.welovecycling.com\/pl\/"},{"@type":"ListItem","position":2,"name":"Inne sporty musia\u0142y uzna\u0107 wy\u017cszo\u015b\u0107 kolarstwa. Szok i niesamowity triumf!"}]},{"@type":"WebSite","@id":"https:\/\/www.welovecycling.com\/pl\/#website","url":"https:\/\/www.welovecycling.com\/pl\/","name":"\u0160koda We Love Cycling - Poland","description":"","potentialAction":[{"@type":"SearchAction","target":{"@type":"EntryPoint","urlTemplate":"https:\/\/www.welovecycling.com\/pl\/?s={search_term_string}"},"query-input":{"@type":"PropertyValueSpecification","valueRequired":true,"valueName":"search_term_string"}}],"inLanguage":"pl-PL"},{"@type":"Person","@id":"https:\/\/www.welovecycling.com\/pl\/#\/schema\/person\/0dba2d39da943db9df3fd8f4687e7f23","name":"piotrboczkowski","image":{"@type":"ImageObject","inLanguage":"pl-PL","@id":"https:\/\/www.welovecycling.com\/pl\/#\/schema\/person\/image\/","url":"https:\/\/secure.gravatar.com\/avatar\/533caccae14752e03a2ce2d3fd62d1b98b93e1393c3195c27819e53344ca1ace?s=96&d=mm&r=g","contentUrl":"https:\/\/secure.gravatar.com\/avatar\/533caccae14752e03a2ce2d3fd62d1b98b93e1393c3195c27819e53344ca1ace?s=96&d=mm&r=g","caption":"piotrboczkowski"},"url":"https:\/\/www.welovecycling.com\/pl\/author\/piotrboczkowski\/"}]}},"_links":{"self":[{"href":"https:\/\/www.welovecycling.com\/pl\/wp-json\/wp\/v2\/posts\/8334","targetHints":{"allow":["GET"]}}],"collection":[{"href":"https:\/\/www.welovecycling.com\/pl\/wp-json\/wp\/v2\/posts"}],"about":[{"href":"https:\/\/www.welovecycling.com\/pl\/wp-json\/wp\/v2\/types\/post"}],"author":[{"embeddable":true,"href":"https:\/\/www.welovecycling.com\/pl\/wp-json\/wp\/v2\/users\/76"}],"replies":[{"embeddable":true,"href":"https:\/\/www.welovecycling.com\/pl\/wp-json\/wp\/v2\/comments?post=8334"}],"version-history":[{"count":2,"href":"https:\/\/www.welovecycling.com\/pl\/wp-json\/wp\/v2\/posts\/8334\/revisions"}],"predecessor-version":[{"id":8339,"href":"https:\/\/www.welovecycling.com\/pl\/wp-json\/wp\/v2\/posts\/8334\/revisions\/8339"}],"wp:featuredmedia":[{"embeddable":true,"href":"https:\/\/www.welovecycling.com\/pl\/wp-json\/wp\/v2\/media\/8335"}],"wp:attachment":[{"href":"https:\/\/www.welovecycling.com\/pl\/wp-json\/wp\/v2\/media?parent=8334"}],"wp:term":[{"taxonomy":"category","embeddable":true,"href":"https:\/\/www.welovecycling.com\/pl\/wp-json\/wp\/v2\/categories?post=8334"},{"taxonomy":"post_tag","embeddable":true,"href":"https:\/\/www.welovecycling.com\/pl\/wp-json\/wp\/v2\/tags?post=8334"},{"taxonomy":"global-categories","embeddable":true,"href":"https:\/\/www.welovecycling.com\/pl\/wp-json\/wp\/v2\/global-categories?post=8334"}],"curies":[{"name":"wp","href":"https:\/\/api.w.org\/{rel}","templated":true}]}}