{"id":8327,"date":"2019-01-10T09:08:19","date_gmt":"2019-01-10T09:08:19","guid":{"rendered":"https:\/\/www.welovecycling.com\/pl\/?p=8327"},"modified":"2019-01-22T14:00:54","modified_gmt":"2019-01-22T14:00:54","slug":"postanowienie-na-2019-rok-zachecic-kumpla-do-dzielenia-z-toba-rowerowej-pasji","status":"publish","type":"post","link":"https:\/\/www.welovecycling.com\/pl\/2019\/01\/10\/postanowienie-na-2019-rok-zachecic-kumpla-do-dzielenia-z-toba-rowerowej-pasji\/","title":{"rendered":"Postanowienie na 2019 rok: zach\u0119ci\u0107 kumpla do dzielenia z Tob\u0105 rowerowej pasji"},"content":{"rendered":"<p><strong>Pocz\u0105tek roku zazwyczaj zaczynamy od noworocznych postanowie\u0144. Czemu jednym z nich nie mia\u0142oby by\u0107 zwerbowanie przyjaciela do wsp\u00f3lnych wycieczek rowerowych? To zrozumia\u0142e, \u017ce chcemy zara\u017ca\u0107 bliskich swoj\u0105 pasj\u0105, \u017ceby tak jak my poczuli rado\u015b\u0107 z jej uprawiania. Pomy\u015bl, kto mo\u017ce sta\u0107 si\u0119 potencjalnym kandydatem do przeja\u017cd\u017cek, i zaproponuj mu wsp\u00f3ln\u0105 wycieczk\u0119. Jest wielce prawdopodobne, \u017ce wkr\u00f3tce b\u0119dzie Ci za to wdzi\u0119czny. Je\u015bli kto\u015b nigdy wcze\u015bniej nie je\u017adzi\u0142 rowerem dalej ni\u017c do sklepu, to wizja wyprawy mo\u017ce nie spotka\u0107 si\u0119 z entuzjastycznym przyj\u0119ciem, ale Twoja w tym g\u0142owa, \u017ceby odpowiednio zach\u0119ci\u0107 znajomego, a potem go wspiera\u0107. Wtedy nie sko\u0144czy si\u0119 na jednorazowym wypadzie.<\/strong><\/p>\n<p><strong><span style=\"font-size: 14pt;\">Jak to by\u0142o u Ciebie\u2026<\/span><\/strong><\/p>\n<p>Kiedy kto\u015b widzi, jak mkniesz z szybko\u015bci\u0105 b\u0142yskawicy przez miasto, robisz setki kilometr\u00f3w dziennie, ekscytujesz si\u0119 statystykami, a w dodatku opowiadasz o tym wszystkim j\u0119zykiem, kt\u00f3rego laik nie rozumie, mo\u017ce poczu\u0107, \u017ce to nie jest sport dla niego. Przypomnij sobie, jak sam zaczyna\u0142e\u015b przygod\u0119 z rowerem, i podziel si\u0119 tym z przyjacielem \u2013 to dobry pomys\u0142, \u017ceby go nie zniech\u0119ci\u0107 ju\u017c na starcie. Po\u015bwi\u0119\u0107 chwil\u0119 na od\u015bwie\u017cenie wspomnie\u0144: czy by\u0142 kto\u015b, kto pom\u00f3g\u0142 Ci odkry\u0107 t\u0119 pasj\u0119, wspiera\u0142 w jej realizacji, zach\u0119ca\u0142 odpowiednimi s\u0142owami? Czy i jakie mia\u0142e\u015b obawy, co sprawia\u0142o Ci trudno\u015b\u0107? Tw\u00f3j sceptycznie nastawiony kumpel zobaczy, \u017ce i Ty kiedy\u015b by\u0142e\u015b pocz\u0105tkuj\u0105cy i nie od razu bi\u0142e\u015b rekordy. To powinno doda\u0107 mu pewno\u015bci siebie.<\/p>\n<figure id=\"attachment_8328\" aria-describedby=\"caption-attachment-8328\" style=\"width: 1024px\" class=\"wp-caption aligncenter\"><a href=\"https:\/\/d2p6e6u75xmxt8.cloudfront.net\/5\/2019\/01\/profimedia-0184890816.jpg\"><img loading=\"lazy\" decoding=\"async\" class=\"size-large wp-image-8328\" src=\"https:\/\/d2p6e6u75xmxt8.cloudfront.net\/5\/2019\/01\/profimedia-0184890816-1024x682.jpg\" alt=\"\" width=\"1024\" height=\"682\" srcset=\"https:\/\/d2p6e6u75xmxt8.cloudfront.net\/5\/2019\/01\/profimedia-0184890816-1024x682.jpg 1024w, https:\/\/d2p6e6u75xmxt8.cloudfront.net\/5\/2019\/01\/profimedia-0184890816-300x200.jpg 300w, https:\/\/d2p6e6u75xmxt8.cloudfront.net\/5\/2019\/01\/profimedia-0184890816-768x512.jpg 768w, https:\/\/d2p6e6u75xmxt8.cloudfront.net\/5\/2019\/01\/profimedia-0184890816-272x182.jpg 272w, https:\/\/d2p6e6u75xmxt8.cloudfront.net\/5\/2019\/01\/profimedia-0184890816.jpg 1250w\" sizes=\"auto, (max-width: 1024px) 100vw, 1024px\" \/><\/a><figcaption id=\"caption-attachment-8328\" class=\"wp-caption-text\">Profimedia<\/figcaption><\/figure>\n<p>&nbsp;<\/p>\n<p><span style=\"font-size: 14pt;\"><strong>Zanim ruszycie w tras\u0119, pogadajcie\u2026<\/strong><\/span><\/p>\n<p>Obawy Twojego przyjaciela by\u0142y kiedy\u015b Twoimi obawami, dlatego nie forsuj na si\u0142\u0119 swojej wizji, jak ma wygl\u0105da\u0107 Wasza rowerowa przygoda. Zanim ruszycie w tras\u0119, wys\u0142uchaj uwa\u017cnie, co m\u00f3wi Ci przyjaciel, uszanuj jego obiekcje, nie ka\u017c mu si\u0119 bezwzgl\u0119dnie podporz\u0105dkowa\u0107, tylko dlatego, \u017ce to Ty go zabierasz na wycieczk\u0119. To wszystko zapobiegnie ewentualnym spi\u0119ciom i nieporozumieniom w trakcie podr\u00f3\u017cy. B\u0105d\u017a te\u017c przygotowany na to, \u017ce by\u0107 mo\u017ce b\u0119dziecie musieli zmieni\u0107 plany w trakcie jazdy, na przyk\u0142ad skr\u00f3ci\u0107 lub zmieni\u0107 tras\u0119.<\/p>\n<p><a href=\"https:\/\/d2p6e6u75xmxt8.cloudfront.net\/5\/2019\/01\/WLC_CatchingBreath_2017_Riders_5.jpg\"><img loading=\"lazy\" decoding=\"async\" class=\"aligncenter size-large wp-image-8330\" src=\"https:\/\/d2p6e6u75xmxt8.cloudfront.net\/5\/2019\/01\/WLC_CatchingBreath_2017_Riders_5-1024x683.jpg\" alt=\"\" width=\"1024\" height=\"683\" srcset=\"https:\/\/d2p6e6u75xmxt8.cloudfront.net\/5\/2019\/01\/WLC_CatchingBreath_2017_Riders_5-1024x683.jpg 1024w, https:\/\/d2p6e6u75xmxt8.cloudfront.net\/5\/2019\/01\/WLC_CatchingBreath_2017_Riders_5-300x200.jpg 300w, https:\/\/d2p6e6u75xmxt8.cloudfront.net\/5\/2019\/01\/WLC_CatchingBreath_2017_Riders_5-768x512.jpg 768w, https:\/\/d2p6e6u75xmxt8.cloudfront.net\/5\/2019\/01\/WLC_CatchingBreath_2017_Riders_5-272x182.jpg 272w, https:\/\/d2p6e6u75xmxt8.cloudfront.net\/5\/2019\/01\/WLC_CatchingBreath_2017_Riders_5.jpg 1300w\" sizes=\"auto, (max-width: 1024px) 100vw, 1024px\" \/><\/a><\/p>\n<p><span style=\"font-size: 14pt;\"><strong>B\u0105d\u017a przygotowany<\/strong><\/span><\/p>\n<p>Gdy planujesz tras\u0119, z pewno\u015bci\u0105 chcesz, \u017ceby by\u0142a atrakcyjna, ale dopasuj j\u0105 do sprawno\u015bci i kondycji wsp\u00f3\u0142towarzysza, \u017ceby nie okaza\u0142o si\u0119, \u017ce b\u0119dzie to Wasz pierwszy i ostatni wsp\u00f3lny wypad, po kt\u00f3rym kumpel na zawsze zniech\u0119ci si\u0119 do roweru. Powiedz, jakimi drogami b\u0119dziecie je\u017adzi\u0107, jaki b\u0119dzie poziom ich trudno\u015bci, ile zrobicie kilometr\u00f3w, zapytaj, czy woli jecha\u0107 pierwszy, czy za Tob\u0105. Upewnij si\u0119, \u017ce jego rower jest przygotowany do pokonania zaplanowanej trasy, i powiedz mu wcze\u015bniej, co ma ze sob\u0105 zabra\u0107: pompk\u0119, zapasow\u0105 d\u0119tk\u0119, zestaw kluczy, o\u015bwietlenie, odpowiedni str\u00f3j, wod\u0119, przek\u0105ski itp. By\u0107 mo\u017ce Tw\u00f3j kumpel nie b\u0119dzie chcia\u0142 na pocz\u0105tku inwestowa\u0107 w profesjonalny sprz\u0119t, bo nie wie jeszcze, czy ta aktywno\u015b\u0107 mu si\u0119 spodoba, dlatego po\u017cycz mu niekt\u00f3re przydatne rzeczy, kt\u00f3re masz na wyposa\u017ceniu. Je\u015bli wszystko zosta\u0142o przygotowane i spakowane, mo\u017cecie rusza\u0107 w drog\u0119.<\/p>\n<p>&nbsp;<\/p>\n<p><strong><span style=\"font-size: 14pt;\">Pami\u0119taj, \u017ce nie jedziesz sam<\/span><\/strong><\/p>\n<p>Niech Wasza wycieczka b\u0119dzie dla Twojego kumpla przede wszystkim \u015bwietn\u0105 zabaw\u0105 w dobrym towarzystwie, po zako\u0144czeniu kt\u00f3rej opr\u00f3cz przyjemnego zm\u0119czenia poczuje, \u017ce by\u0142 to atrakcyjnie sp\u0119dzony czas. To b\u0119dzie dla Ciebie nagrod\u0105 za zorganizowanie ca\u0142ej wyprawy. Zwracaj uwag\u0119 na swojego towarzysza, nie narzucaj zbyt szybkiego tempa, wyka\u017c si\u0119 cierpliwo\u015bci\u0105 i b\u0105d\u017a gotowy do pomocy: motywuj go, gdy zobaczysz, \u017ce si\u0119 zniech\u0119ca. Za\u0142\u00f3\u017c te\u017c, \u017ce ta wycieczka jest przede wszystkim dla niego, wi\u0119c zrezygnuj z poprawiania swoich statystyk i bicia rekord\u00f3w. Przygotuj si\u0119, \u017ce tym razem wszystko mo\u017ce wygl\u0105da\u0107 inaczej ni\u017c to, do czego jeste\u015b przyzwyczajony.<\/p>\n<figure id=\"attachment_8331\" aria-describedby=\"caption-attachment-8331\" style=\"width: 889px\" class=\"wp-caption aligncenter\"><a href=\"https:\/\/d2p6e6u75xmxt8.cloudfront.net\/5\/2019\/01\/GOPR2380.jpg\"><img loading=\"lazy\" decoding=\"async\" class=\"size-full wp-image-8331\" src=\"https:\/\/d2p6e6u75xmxt8.cloudfront.net\/5\/2019\/01\/GOPR2380.jpg\" alt=\"\" width=\"889\" height=\"667\" srcset=\"https:\/\/d2p6e6u75xmxt8.cloudfront.net\/5\/2019\/01\/GOPR2380.jpg 889w, https:\/\/d2p6e6u75xmxt8.cloudfront.net\/5\/2019\/01\/GOPR2380-300x225.jpg 300w, https:\/\/d2p6e6u75xmxt8.cloudfront.net\/5\/2019\/01\/GOPR2380-768x576.jpg 768w\" sizes=\"auto, (max-width: 889px) 100vw, 889px\" \/><\/a><figcaption id=\"caption-attachment-8331\" class=\"wp-caption-text\">Richard Gaspi not being a team player.<\/figcaption><\/figure>\n<p>&nbsp;<\/p>\n<p><span style=\"font-size: 14pt;\"><strong>Podsumowanie wyprawy<\/strong><\/span><\/p>\n<p>Na koniec wycieczki zatrzymajcie si\u0119 w jakim\u015b fajnym miejscu, \u017ceby pogada\u0107 o tym, co dzia\u0142o si\u0119 w trakcie jazdy, a przy okazji zje\u015b\u0107 i wypi\u0107 co\u015b smacznego. Zapytaj przyjaciela o wra\u017cenia, pochwal go za dobre tempo i inne rzeczy, kt\u00f3re dzia\u0142y si\u0119 w czasie jazdy. Nie zniech\u0119caj si\u0119, je\u015bli oka\u017ce si\u0119, \u017ce jazda rowerem nie wzbudza w nim wi\u0119kszej euforii, przecie\u017c nadal mo\u017cecie si\u0119 kumplowa\u0107. Wa\u017cne, \u017ce Ty zrobi\u0142e\u015b ze swojej strony wszystko, co si\u0119 da\u0142o, \u017ceby znajomy czu\u0142 si\u0119 komfortowo i bezpiecznie.<\/p>\n<p><a href=\"https:\/\/d2p6e6u75xmxt8.cloudfront.net\/5\/2019\/01\/IMG-20180708-WA0017.jpg\"><img loading=\"lazy\" decoding=\"async\" class=\"aligncenter size-large wp-image-8329\" src=\"https:\/\/d2p6e6u75xmxt8.cloudfront.net\/5\/2019\/01\/IMG-20180708-WA0017-682x1024.jpg\" alt=\"\" width=\"682\" height=\"1024\" srcset=\"https:\/\/d2p6e6u75xmxt8.cloudfront.net\/5\/2019\/01\/IMG-20180708-WA0017-682x1024.jpg 682w, https:\/\/d2p6e6u75xmxt8.cloudfront.net\/5\/2019\/01\/IMG-20180708-WA0017-200x300.jpg 200w, https:\/\/d2p6e6u75xmxt8.cloudfront.net\/5\/2019\/01\/IMG-20180708-WA0017-768x1153.jpg 768w, https:\/\/d2p6e6u75xmxt8.cloudfront.net\/5\/2019\/01\/IMG-20180708-WA0017.jpg 1066w\" sizes=\"auto, (max-width: 682px) 100vw, 682px\" \/><\/a><\/p>\n<p><span style=\"font-size: 14pt;\"><strong>To kiedy kolejna wycieczka?<\/strong><\/span><\/p>\n<p>Je\u015bli widzisz, \u017ce Tw\u00f3j przyjaciel z\u0142apa\u0142 bakcyla i jest podekscytowany wypraw\u0105, zaproponuj mu nast\u0119pn\u0105. Je\u015bli nie masz czasu na samodzielne jej zorganizowanie, mo\u017cecie skorzysta\u0107 z czyjego\u015b do\u015bwiadczenia. Jest wiele grup rowerowych, chocia\u017cby na Facebooku, w kt\u00f3rych ka\u017cdy jest mile widziany. A mo\u017ce to ju\u017c odpowiedni czas, \u017ceby w\u0142\u0105czy\u0107 kumpla w przygotowanie trasy kolejnej wycieczki i zaplanowa\u0107 j\u0105 razem? Satysfakcja z tego, \u017ce przyjaciel podziela Twoj\u0105 pasj\u0119, jest najlepsz\u0105 nagrod\u0105 za Twoje zaanga\u017cowanie, prawda?<\/p>\n<p>&nbsp;<\/p>\n<p>http:\/\/www.skoda-auto.pl\/<\/p>\n","protected":false},"excerpt":{"rendered":"<p>Pocz\u0105tek roku zazwyczaj zaczynamy od noworocznych postanowie\u0144. Czemu jednym z nich nie mia\u0142oby by\u0107 zwerbowanie przyjaciela do wsp\u00f3lnych wycieczek rowerowych? [&hellip;]<\/p>\n","protected":false},"author":76,"featured_media":8332,"comment_status":"open","ping_status":"open","sticky":false,"template":"","format":"standard","meta":{"footnotes":""},"categories":[231],"tags":[],"global-categories":[],"class_list":["post-8327","post","type-post","status-publish","format-standard","has-post-thumbnail","hentry","category-dlatego-jezdzimy"],"yoast_head":"<!-- This site is optimized with the Yoast SEO Premium plugin v25.3 (Yoast SEO v25.9) - https:\/\/yoast.com\/wordpress\/plugins\/seo\/ -->\n<title>Postanowienie na 2019 rok: zach\u0119ci\u0107 kumpla do dzielenia z Tob\u0105 rowerowej pasji - \u0160koda We Love Cycling - Poland<\/title>\n<meta name=\"robots\" content=\"index, follow, max-snippet:-1, max-image-preview:large, max-video-preview:-1\" \/>\n<link rel=\"canonical\" href=\"https:\/\/www.welovecycling.com\/pl\/2019\/01\/10\/postanowienie-na-2019-rok-zachecic-kumpla-do-dzielenia-z-toba-rowerowej-pasji\/\" \/>\n<meta property=\"og:locale\" content=\"pl_PL\" \/>\n<meta property=\"og:type\" content=\"article\" \/>\n<meta property=\"og:title\" content=\"Postanowienie na 2019 rok: zach\u0119ci\u0107 kumpla do dzielenia z Tob\u0105 rowerowej pasji\" \/>\n<meta property=\"og:description\" content=\"Pocz\u0105tek roku zazwyczaj zaczynamy od noworocznych postanowie\u0144. Czemu jednym z nich nie mia\u0142oby by\u0107 zwerbowanie przyjaciela do wsp\u00f3lnych wycieczek rowerowych? [&hellip;]\" \/>\n<meta property=\"og:url\" content=\"https:\/\/www.welovecycling.com\/pl\/2019\/01\/10\/postanowienie-na-2019-rok-zachecic-kumpla-do-dzielenia-z-toba-rowerowej-pasji\/\" \/>\n<meta property=\"og:site_name\" content=\"\u0160koda We Love Cycling - Poland\" \/>\n<meta property=\"article:published_time\" content=\"2019-01-10T09:08:19+00:00\" \/>\n<meta property=\"article:modified_time\" content=\"2019-01-22T14:00:54+00:00\" \/>\n<meta property=\"og:image\" content=\"https:\/\/d2p6e6u75xmxt8.cloudfront.net\/5\/2019\/01\/Friends-Cycling-profimedia-0374729753-1024x450.jpg\" \/>\n\t<meta property=\"og:image:width\" content=\"1024\" \/>\n\t<meta property=\"og:image:height\" content=\"450\" \/>\n\t<meta property=\"og:image:type\" content=\"image\/jpeg\" \/>\n<meta name=\"author\" content=\"piotrboczkowski\" \/>\n<meta name=\"twitter:card\" content=\"summary_large_image\" \/>\n<meta name=\"twitter:label1\" content=\"Written by\" \/>\n\t<meta name=\"twitter:data1\" content=\"Megan Flottorp\" \/>\n\t<meta name=\"twitter:label2\" content=\"Est. reading time\" \/>\n\t<meta name=\"twitter:data2\" content=\"7\" \/>\n<script type=\"application\/ld+json\" class=\"yoast-schema-graph\">{\"@context\":\"https:\/\/schema.org\",\"@graph\":[{\"@type\":\"WebPage\",\"@id\":\"https:\/\/www.welovecycling.com\/pl\/2019\/01\/10\/postanowienie-na-2019-rok-zachecic-kumpla-do-dzielenia-z-toba-rowerowej-pasji\/\",\"url\":\"https:\/\/www.welovecycling.com\/pl\/2019\/01\/10\/postanowienie-na-2019-rok-zachecic-kumpla-do-dzielenia-z-toba-rowerowej-pasji\/\",\"name\":\"Postanowienie na 2019 rok: zach\u0119ci\u0107 kumpla do dzielenia z Tob\u0105 rowerowej pasji - \u0160koda We Love Cycling - Poland\",\"isPartOf\":{\"@id\":\"https:\/\/www.welovecycling.com\/pl\/#website\"},\"primaryImageOfPage\":{\"@id\":\"https:\/\/www.welovecycling.com\/pl\/2019\/01\/10\/postanowienie-na-2019-rok-zachecic-kumpla-do-dzielenia-z-toba-rowerowej-pasji\/#primaryimage\"},\"image\":{\"@id\":\"https:\/\/www.welovecycling.com\/pl\/2019\/01\/10\/postanowienie-na-2019-rok-zachecic-kumpla-do-dzielenia-z-toba-rowerowej-pasji\/#primaryimage\"},\"thumbnailUrl\":\"https:\/\/d2p6e6u75xmxt8.cloudfront.net\/5\/2019\/01\/Friends-Cycling-profimedia-0374729753-1024x450.jpg\",\"datePublished\":\"2019-01-10T09:08:19+00:00\",\"dateModified\":\"2019-01-22T14:00:54+00:00\",\"author\":{\"@id\":\"https:\/\/www.welovecycling.com\/pl\/#\/schema\/person\/0dba2d39da943db9df3fd8f4687e7f23\"},\"breadcrumb\":{\"@id\":\"https:\/\/www.welovecycling.com\/pl\/2019\/01\/10\/postanowienie-na-2019-rok-zachecic-kumpla-do-dzielenia-z-toba-rowerowej-pasji\/#breadcrumb\"},\"inLanguage\":\"pl-PL\",\"potentialAction\":[{\"@type\":\"ReadAction\",\"target\":[\"https:\/\/www.welovecycling.com\/pl\/2019\/01\/10\/postanowienie-na-2019-rok-zachecic-kumpla-do-dzielenia-z-toba-rowerowej-pasji\/\"]}]},{\"@type\":\"ImageObject\",\"inLanguage\":\"pl-PL\",\"@id\":\"https:\/\/www.welovecycling.com\/pl\/2019\/01\/10\/postanowienie-na-2019-rok-zachecic-kumpla-do-dzielenia-z-toba-rowerowej-pasji\/#primaryimage\",\"url\":\"https:\/\/d2p6e6u75xmxt8.cloudfront.net\/5\/2019\/01\/Friends-Cycling-profimedia-0374729753-1024x450.jpg\",\"contentUrl\":\"https:\/\/d2p6e6u75xmxt8.cloudfront.net\/5\/2019\/01\/Friends-Cycling-profimedia-0374729753-1024x450.jpg\",\"width\":1024,\"height\":450},{\"@type\":\"BreadcrumbList\",\"@id\":\"https:\/\/www.welovecycling.com\/pl\/2019\/01\/10\/postanowienie-na-2019-rok-zachecic-kumpla-do-dzielenia-z-toba-rowerowej-pasji\/#breadcrumb\",\"itemListElement\":[{\"@type\":\"ListItem\",\"position\":1,\"name\":\"Home\",\"item\":\"https:\/\/www.welovecycling.com\/pl\/\"},{\"@type\":\"ListItem\",\"position\":2,\"name\":\"Postanowienie na 2019 rok: zach\u0119ci\u0107 kumpla do dzielenia z Tob\u0105 rowerowej pasji\"}]},{\"@type\":\"WebSite\",\"@id\":\"https:\/\/www.welovecycling.com\/pl\/#website\",\"url\":\"https:\/\/www.welovecycling.com\/pl\/\",\"name\":\"\u0160koda We Love Cycling - Poland\",\"description\":\"\",\"potentialAction\":[{\"@type\":\"SearchAction\",\"target\":{\"@type\":\"EntryPoint\",\"urlTemplate\":\"https:\/\/www.welovecycling.com\/pl\/?s={search_term_string}\"},\"query-input\":{\"@type\":\"PropertyValueSpecification\",\"valueRequired\":true,\"valueName\":\"search_term_string\"}}],\"inLanguage\":\"pl-PL\"},{\"@type\":\"Person\",\"@id\":\"https:\/\/www.welovecycling.com\/pl\/#\/schema\/person\/0dba2d39da943db9df3fd8f4687e7f23\",\"name\":\"piotrboczkowski\",\"image\":{\"@type\":\"ImageObject\",\"inLanguage\":\"pl-PL\",\"@id\":\"https:\/\/www.welovecycling.com\/pl\/#\/schema\/person\/image\/\",\"url\":\"https:\/\/secure.gravatar.com\/avatar\/533caccae14752e03a2ce2d3fd62d1b98b93e1393c3195c27819e53344ca1ace?s=96&d=mm&r=g\",\"contentUrl\":\"https:\/\/secure.gravatar.com\/avatar\/533caccae14752e03a2ce2d3fd62d1b98b93e1393c3195c27819e53344ca1ace?s=96&d=mm&r=g\",\"caption\":\"piotrboczkowski\"},\"url\":\"https:\/\/www.welovecycling.com\/pl\/author\/piotrboczkowski\/\"}]}<\/script>\n<!-- \/ Yoast SEO Premium plugin. -->","yoast_head_json":{"title":"Postanowienie na 2019 rok: zach\u0119ci\u0107 kumpla do dzielenia z Tob\u0105 rowerowej pasji - \u0160koda We Love Cycling - Poland","robots":{"index":"index","follow":"follow","max-snippet":"max-snippet:-1","max-image-preview":"max-image-preview:large","max-video-preview":"max-video-preview:-1"},"canonical":"https:\/\/www.welovecycling.com\/pl\/2019\/01\/10\/postanowienie-na-2019-rok-zachecic-kumpla-do-dzielenia-z-toba-rowerowej-pasji\/","og_locale":"pl_PL","og_type":"article","og_title":"Postanowienie na 2019 rok: zach\u0119ci\u0107 kumpla do dzielenia z Tob\u0105 rowerowej pasji","og_description":"Pocz\u0105tek roku zazwyczaj zaczynamy od noworocznych postanowie\u0144. Czemu jednym z nich nie mia\u0142oby by\u0107 zwerbowanie przyjaciela do wsp\u00f3lnych wycieczek rowerowych? [&hellip;]","og_url":"https:\/\/www.welovecycling.com\/pl\/2019\/01\/10\/postanowienie-na-2019-rok-zachecic-kumpla-do-dzielenia-z-toba-rowerowej-pasji\/","og_site_name":"\u0160koda We Love Cycling - Poland","article_published_time":"2019-01-10T09:08:19+00:00","article_modified_time":"2019-01-22T14:00:54+00:00","og_image":[{"width":1024,"height":450,"url":"https:\/\/d2p6e6u75xmxt8.cloudfront.net\/5\/2019\/01\/Friends-Cycling-profimedia-0374729753-1024x450.jpg","type":"image\/jpeg"}],"author":"piotrboczkowski","twitter_card":"summary_large_image","twitter_misc":{"Written by":"Megan Flottorp","Est. reading time":"7"},"schema":{"@context":"https:\/\/schema.org","@graph":[{"@type":"WebPage","@id":"https:\/\/www.welovecycling.com\/pl\/2019\/01\/10\/postanowienie-na-2019-rok-zachecic-kumpla-do-dzielenia-z-toba-rowerowej-pasji\/","url":"https:\/\/www.welovecycling.com\/pl\/2019\/01\/10\/postanowienie-na-2019-rok-zachecic-kumpla-do-dzielenia-z-toba-rowerowej-pasji\/","name":"Postanowienie na 2019 rok: zach\u0119ci\u0107 kumpla do dzielenia z Tob\u0105 rowerowej pasji - \u0160koda We Love Cycling - Poland","isPartOf":{"@id":"https:\/\/www.welovecycling.com\/pl\/#website"},"primaryImageOfPage":{"@id":"https:\/\/www.welovecycling.com\/pl\/2019\/01\/10\/postanowienie-na-2019-rok-zachecic-kumpla-do-dzielenia-z-toba-rowerowej-pasji\/#primaryimage"},"image":{"@id":"https:\/\/www.welovecycling.com\/pl\/2019\/01\/10\/postanowienie-na-2019-rok-zachecic-kumpla-do-dzielenia-z-toba-rowerowej-pasji\/#primaryimage"},"thumbnailUrl":"https:\/\/d2p6e6u75xmxt8.cloudfront.net\/5\/2019\/01\/Friends-Cycling-profimedia-0374729753-1024x450.jpg","datePublished":"2019-01-10T09:08:19+00:00","dateModified":"2019-01-22T14:00:54+00:00","author":{"@id":"https:\/\/www.welovecycling.com\/pl\/#\/schema\/person\/0dba2d39da943db9df3fd8f4687e7f23"},"breadcrumb":{"@id":"https:\/\/www.welovecycling.com\/pl\/2019\/01\/10\/postanowienie-na-2019-rok-zachecic-kumpla-do-dzielenia-z-toba-rowerowej-pasji\/#breadcrumb"},"inLanguage":"pl-PL","potentialAction":[{"@type":"ReadAction","target":["https:\/\/www.welovecycling.com\/pl\/2019\/01\/10\/postanowienie-na-2019-rok-zachecic-kumpla-do-dzielenia-z-toba-rowerowej-pasji\/"]}]},{"@type":"ImageObject","inLanguage":"pl-PL","@id":"https:\/\/www.welovecycling.com\/pl\/2019\/01\/10\/postanowienie-na-2019-rok-zachecic-kumpla-do-dzielenia-z-toba-rowerowej-pasji\/#primaryimage","url":"https:\/\/d2p6e6u75xmxt8.cloudfront.net\/5\/2019\/01\/Friends-Cycling-profimedia-0374729753-1024x450.jpg","contentUrl":"https:\/\/d2p6e6u75xmxt8.cloudfront.net\/5\/2019\/01\/Friends-Cycling-profimedia-0374729753-1024x450.jpg","width":1024,"height":450},{"@type":"BreadcrumbList","@id":"https:\/\/www.welovecycling.com\/pl\/2019\/01\/10\/postanowienie-na-2019-rok-zachecic-kumpla-do-dzielenia-z-toba-rowerowej-pasji\/#breadcrumb","itemListElement":[{"@type":"ListItem","position":1,"name":"Home","item":"https:\/\/www.welovecycling.com\/pl\/"},{"@type":"ListItem","position":2,"name":"Postanowienie na 2019 rok: zach\u0119ci\u0107 kumpla do dzielenia z Tob\u0105 rowerowej pasji"}]},{"@type":"WebSite","@id":"https:\/\/www.welovecycling.com\/pl\/#website","url":"https:\/\/www.welovecycling.com\/pl\/","name":"\u0160koda We Love Cycling - Poland","description":"","potentialAction":[{"@type":"SearchAction","target":{"@type":"EntryPoint","urlTemplate":"https:\/\/www.welovecycling.com\/pl\/?s={search_term_string}"},"query-input":{"@type":"PropertyValueSpecification","valueRequired":true,"valueName":"search_term_string"}}],"inLanguage":"pl-PL"},{"@type":"Person","@id":"https:\/\/www.welovecycling.com\/pl\/#\/schema\/person\/0dba2d39da943db9df3fd8f4687e7f23","name":"piotrboczkowski","image":{"@type":"ImageObject","inLanguage":"pl-PL","@id":"https:\/\/www.welovecycling.com\/pl\/#\/schema\/person\/image\/","url":"https:\/\/secure.gravatar.com\/avatar\/533caccae14752e03a2ce2d3fd62d1b98b93e1393c3195c27819e53344ca1ace?s=96&d=mm&r=g","contentUrl":"https:\/\/secure.gravatar.com\/avatar\/533caccae14752e03a2ce2d3fd62d1b98b93e1393c3195c27819e53344ca1ace?s=96&d=mm&r=g","caption":"piotrboczkowski"},"url":"https:\/\/www.welovecycling.com\/pl\/author\/piotrboczkowski\/"}]}},"_links":{"self":[{"href":"https:\/\/www.welovecycling.com\/pl\/wp-json\/wp\/v2\/posts\/8327","targetHints":{"allow":["GET"]}}],"collection":[{"href":"https:\/\/www.welovecycling.com\/pl\/wp-json\/wp\/v2\/posts"}],"about":[{"href":"https:\/\/www.welovecycling.com\/pl\/wp-json\/wp\/v2\/types\/post"}],"author":[{"embeddable":true,"href":"https:\/\/www.welovecycling.com\/pl\/wp-json\/wp\/v2\/users\/76"}],"replies":[{"embeddable":true,"href":"https:\/\/www.welovecycling.com\/pl\/wp-json\/wp\/v2\/comments?post=8327"}],"version-history":[{"count":2,"href":"https:\/\/www.welovecycling.com\/pl\/wp-json\/wp\/v2\/posts\/8327\/revisions"}],"predecessor-version":[{"id":8389,"href":"https:\/\/www.welovecycling.com\/pl\/wp-json\/wp\/v2\/posts\/8327\/revisions\/8389"}],"wp:featuredmedia":[{"embeddable":true,"href":"https:\/\/www.welovecycling.com\/pl\/wp-json\/wp\/v2\/media\/8332"}],"wp:attachment":[{"href":"https:\/\/www.welovecycling.com\/pl\/wp-json\/wp\/v2\/media?parent=8327"}],"wp:term":[{"taxonomy":"category","embeddable":true,"href":"https:\/\/www.welovecycling.com\/pl\/wp-json\/wp\/v2\/categories?post=8327"},{"taxonomy":"post_tag","embeddable":true,"href":"https:\/\/www.welovecycling.com\/pl\/wp-json\/wp\/v2\/tags?post=8327"},{"taxonomy":"global-categories","embeddable":true,"href":"https:\/\/www.welovecycling.com\/pl\/wp-json\/wp\/v2\/global-categories?post=8327"}],"curies":[{"name":"wp","href":"https:\/\/api.w.org\/{rel}","templated":true}]}}