{"id":8312,"date":"2019-01-08T16:21:16","date_gmt":"2019-01-08T16:21:16","guid":{"rendered":"https:\/\/www.welovecycling.com\/pl\/?p=8312"},"modified":"2019-01-22T14:01:14","modified_gmt":"2019-01-22T14:01:14","slug":"podstawowy-sprzet-do-zimowej-jazdy-po-miescie","status":"publish","type":"post","link":"https:\/\/www.welovecycling.com\/pl\/2019\/01\/08\/podstawowy-sprzet-do-zimowej-jazdy-po-miescie\/","title":{"rendered":"Podstawowy sprz\u0119t do zimowej jazdy po mie\u015bcie"},"content":{"rendered":"<p><strong>Je\u015bli masz za sob\u0105 eskapady przez skute lodem miasto, na pewno ju\u017c nieraz marzy\u0142e\u015b o (wreszcie) normalnie wygl\u0105daj\u0105cych ochraniaczach na z\u0119by lub <a href=\"http:\/\/www.nosewarmer.com\/shop.html#!\/Blue-Marble-Nose-Warmer\/p\/11216436\/category=2567227\">nos<\/a>. P\u00f3ki jednak ten sprz\u0119t wygl\u0105da jak wygl\u0105da, sprawd\u017a kilka innych produkt\u00f3w u\u0142atwiaj\u0105cych \u017cycie.<\/strong><\/p>\n<p><span style=\"font-size: 18pt;\"><strong>Ci\u0119\u017csze opony<\/strong><\/span><\/p>\n<p>Tw\u00f3j rower zimowy powinien mie\u0107 ci\u0119\u017csze opony \u2013 najlepiej wykonane z mi\u0119kkiej gumy i dodatkowej warstwy chroni\u0105cej przed przebiciem z uwagi wi\u0119ksze ryzyko o tej porze roku. Warto zwr\u00f3ci\u0107 uwag\u0119 na seri\u0119 <a href=\"https:\/\/www.tredz.co.uk\/.Continental-Top-Contact-Winter-II-Premium-Reflective-700c-Hybrid-Folding-Tyre_103357.htm?sku=378005&amp;utm_source=google&amp;utm_medium=cpc&amp;utm_campaign=google_shopping&amp;gclid=CjwKCAiA5qTfBRAoEiwAwQy-6YogMldD4Jio33HSRaHzubg3z_IntdcwvS5RvdYc2EU6GLzOeBU4DRoCAnMQAvD_BwE\">Winter II od Continental<\/a> \u2013 to typowe szos\u00f3wki, ale wyst\u0119puj\u0105 r\u00f3wnie\u017c w wariantach g\u00f3rskich.<\/p>\n<p><a href=\"https:\/\/d2p6e6u75xmxt8.cloudfront.net\/5\/2019\/01\/Continental-CONTACT-Winter-II.jpg\"><img loading=\"lazy\" decoding=\"async\" class=\"aligncenter size-full wp-image-8316\" src=\"https:\/\/d2p6e6u75xmxt8.cloudfront.net\/5\/2019\/01\/Continental-CONTACT-Winter-II.jpg\" alt=\"\" width=\"700\" height=\"433\" srcset=\"https:\/\/d2p6e6u75xmxt8.cloudfront.net\/5\/2019\/01\/Continental-CONTACT-Winter-II.jpg 700w, https:\/\/d2p6e6u75xmxt8.cloudfront.net\/5\/2019\/01\/Continental-CONTACT-Winter-II-300x186.jpg 300w\" sizes=\"auto, (max-width: 700px) 100vw, 700px\" \/><\/a><\/p>\n<p>Mog\u0105 wydawa\u0107 si\u0119 drogie, ale z drugiej strony \u2013 nie chcesz zak\u0142ada\u0107 wy\u015bcigowych opon przy ujemnych temperaturach, pluj\u0105c sobie w brod\u0119, \u017ce masz za s\u0142abe kciuki\u2026 Mi\u0119kka guma w oponach zimowych twardnieje w niskich temperaturach i tym samym zapewnia przyczepno\u015b\u0107 opon letnich. S\u0105 warte swojej ceny.<\/p>\n<p><strong><span style=\"font-size: 18pt;\">Ochraniacze na buty<\/span><\/strong><\/p>\n<p>Je\u015bli nie masz specjalnych but\u00f3w, u\u017cywanie ochraniaczy jest \u015bwietnym pomys\u0142em na jazd\u0119 po mie\u015bcie\u2026 nawet gdy chodzi tylko (i a\u017c) o ochron\u0119 tej pary z Common Projects, kt\u00f3ra kosztowa\u0142a nieca\u0142e 200 z\u0142 \u2013 tak przynajmniej s\u0105dzi Twoja druga po\u0142owa\u2026\u00a0 Dla przyk\u0142adu, <a href=\"https:\/\/lusso.bike\/product\/windtex-stealth-over-boots\/\">Lusso Stealth Winter Overboots<\/a> powinny nie tylko ochroni\u0107 obuwie, ale r\u00f3wnie\u017c ociepla\u0107 stopy.<\/p>\n<p><a href=\"https:\/\/d2p6e6u75xmxt8.cloudfront.net\/5\/2019\/01\/lusso-windtex-stealth-over-boots.jpg\"><img loading=\"lazy\" decoding=\"async\" class=\"aligncenter size-full wp-image-8313\" src=\"https:\/\/d2p6e6u75xmxt8.cloudfront.net\/5\/2019\/01\/lusso-windtex-stealth-over-boots.jpg\" alt=\"\" width=\"880\" height=\"587\" srcset=\"https:\/\/d2p6e6u75xmxt8.cloudfront.net\/5\/2019\/01\/lusso-windtex-stealth-over-boots.jpg 880w, https:\/\/d2p6e6u75xmxt8.cloudfront.net\/5\/2019\/01\/lusso-windtex-stealth-over-boots-300x200.jpg 300w, https:\/\/d2p6e6u75xmxt8.cloudfront.net\/5\/2019\/01\/lusso-windtex-stealth-over-boots-768x512.jpg 768w, https:\/\/d2p6e6u75xmxt8.cloudfront.net\/5\/2019\/01\/lusso-windtex-stealth-over-boots-272x182.jpg 272w\" sizes=\"auto, (max-width: 880px) 100vw, 880px\" \/><\/a><\/p>\n<p>Lusso zapewnia, \u017ce materia\u0142 Windtex utrzymuje ciep\u0142o a\u017c do zera stopni, ale wydaje si\u0119, \u017ce to niedopowiedzenie na jego korzy\u015b\u0107. Naturalnie wszystko zale\u017cy od obuwia, jakie nosisz pod ochraniaczami, ale para sk\u00f3rzanych Common Projects w po\u0142\u0105czeniu ze skarpetami z we\u0142ny merino powinna da\u0107 sobie rad\u0119.<\/p>\n<p><span style=\"font-size: 18pt;\"><strong>Ocieplacze na kierownic\u0119<\/strong><\/span><\/p>\n<p>Kochamy <a href=\"http:\/\/barmitts.com\/products.php?page=external\">ten produkt<\/a> z paru przyczyn, mi\u0119dzy innymi dlatego \u017ce zawsze mo\u017cna zaopatrzy\u0107 si\u0119 w cie\u0144sze r\u0119kawice, kt\u00f3re nie ograniczaj\u0105 ruchomo\u015bci palc\u00f3w. Dzi\u0119ki niemu zmiana przerzutek i hamowanie nie b\u0119d\u0105 sprawia\u0142y \u017cadnych problem\u00f3w przez ca\u0142y rok.<\/p>\n<div class=\"embed-controller-wrapper\">\n<div class=\"embed-wrapper\"><iframe title=\"Bar Mitts Product Review - Winter Cycling Commute Bike Blogger\" width=\"500\" height=\"281\" data-src=\"https:\/\/www.youtube.com\/embed\/fFexERJh_sc?feature=oembed\" frameborder=\"0\" allow=\"accelerometer; autoplay; clipboard-write; encrypted-media; gyroscope; picture-in-picture; web-share\" referrerpolicy=\"strict-origin-when-cross-origin\" allowfullscreen><\/iframe><\/div>\n<\/div>\n<p>Najbardziej przemawiaj\u0105ca do kolarzy miejskich zaleta ocieplaczy to wygoda. W cie\u0144szych r\u0119kawicach jako pierwszej warstwie mo\u017cna swobodnie zej\u015b\u0107 z roweru i zabezpieczy\u0107 go bez pozbawiania r\u0105k niezb\u0119dnej ochrony. Bar Mitts mo\u017cna jedynie kocha\u0107 coraz bardziej.<\/p>\n<p><span style=\"font-size: 18pt;\"><strong>Kask<\/strong><\/span><\/p>\n<p>Giro wykorzysta\u0142o fakt, \u017ce lubimy je\u017adzi\u0107 zim\u0105, i zaprojektowa\u0142o kask rowerowy, kt\u00f3rego stylu nie powstydzi si\u0119 \u017caden rowerzysta miejski cho\u0107 troch\u0119 zorientowany w modzie. <a href=\"https:\/\/www.giro.com\/eu_en\/timberwolftm.html\/\">Timberwolf<\/a> jest uniwersalny dzi\u0119ki wyjmowanemu ociepleniu, kt\u00f3re czyni go idealnym kaskiem zar\u00f3wno na cieplejsze, jak i ch\u0142odniejsze zimy.<\/p>\n<p><a href=\"https:\/\/d2p6e6u75xmxt8.cloudfront.net\/5\/2019\/01\/Giro_H_Timberwolf_MatteBlack_profile.jpg\"><img loading=\"lazy\" decoding=\"async\" class=\"aligncenter size-full wp-image-8314\" src=\"https:\/\/d2p6e6u75xmxt8.cloudfront.net\/5\/2019\/01\/Giro_H_Timberwolf_MatteBlack_profile.jpg\" alt=\"\" width=\"479\" height=\"479\" srcset=\"https:\/\/d2p6e6u75xmxt8.cloudfront.net\/5\/2019\/01\/Giro_H_Timberwolf_MatteBlack_profile.jpg 479w, https:\/\/d2p6e6u75xmxt8.cloudfront.net\/5\/2019\/01\/Giro_H_Timberwolf_MatteBlack_profile-150x150.jpg 150w, https:\/\/d2p6e6u75xmxt8.cloudfront.net\/5\/2019\/01\/Giro_H_Timberwolf_MatteBlack_profile-300x300.jpg 300w\" sizes=\"auto, (max-width: 479px) 100vw, 479px\" \/><\/a> <a href=\"https:\/\/d2p6e6u75xmxt8.cloudfront.net\/5\/2019\/01\/giro_h_timberwolf_matteblack_34.jpg\"><img loading=\"lazy\" decoding=\"async\" class=\"aligncenter size-full wp-image-8315\" src=\"https:\/\/d2p6e6u75xmxt8.cloudfront.net\/5\/2019\/01\/giro_h_timberwolf_matteblack_34.jpg\" alt=\"\" width=\"479\" height=\"479\" srcset=\"https:\/\/d2p6e6u75xmxt8.cloudfront.net\/5\/2019\/01\/giro_h_timberwolf_matteblack_34.jpg 479w, https:\/\/d2p6e6u75xmxt8.cloudfront.net\/5\/2019\/01\/giro_h_timberwolf_matteblack_34-150x150.jpg 150w, https:\/\/d2p6e6u75xmxt8.cloudfront.net\/5\/2019\/01\/giro_h_timberwolf_matteblack_34-300x300.jpg 300w\" sizes=\"auto, (max-width: 479px) 100vw, 479px\" \/><\/a><\/p>\n<p>Ca\u0142o\u015b\u0107 jest wyprofilowana w taki spos\u00f3b, by doskonale wsp\u00f3\u0142gra\u0107 z goglami od Giro \u2013 nigdy wi\u0119cej lodowatych \u0142ez o poranku! Pora uwolni\u0107 sw\u00f3j styl i bez przeszk\u00f3d rusza\u0107 na podb\u00f3j zimowych ulic i uliczek!<\/p>\n<p>http:\/\/www.skoda-auto.pl\/<\/p>\n","protected":false},"excerpt":{"rendered":"<p>Je\u015bli masz za sob\u0105 eskapady przez skute lodem miasto, na pewno ju\u017c nieraz marzy\u0142e\u015b o (wreszcie) normalnie wygl\u0105daj\u0105cych ochraniaczach na [&hellip;]<\/p>\n","protected":false},"author":76,"featured_media":8317,"comment_status":"open","ping_status":"open","sticky":false,"template":"","format":"standard","meta":{"footnotes":""},"categories":[6],"tags":[],"global-categories":[],"class_list":["post-8312","post","type-post","status-publish","format-standard","has-post-thumbnail","hentry","category-kolarstwo-szosowe"],"yoast_head":"<!-- This site is optimized with the Yoast SEO Premium plugin v25.3 (Yoast SEO v25.9) - https:\/\/yoast.com\/wordpress\/plugins\/seo\/ -->\n<title>Podstawowy sprz\u0119t do zimowej jazdy po mie\u015bcie - \u0160koda We Love Cycling - Poland<\/title>\n<meta name=\"robots\" content=\"index, follow, max-snippet:-1, max-image-preview:large, max-video-preview:-1\" \/>\n<link rel=\"canonical\" href=\"https:\/\/www.welovecycling.com\/pl\/2019\/01\/08\/podstawowy-sprzet-do-zimowej-jazdy-po-miescie\/\" \/>\n<meta property=\"og:locale\" content=\"pl_PL\" \/>\n<meta property=\"og:type\" content=\"article\" \/>\n<meta property=\"og:title\" content=\"Podstawowy sprz\u0119t do zimowej jazdy po mie\u015bcie\" \/>\n<meta property=\"og:description\" content=\"Je\u015bli masz za sob\u0105 eskapady przez skute lodem miasto, na pewno ju\u017c nieraz marzy\u0142e\u015b o (wreszcie) normalnie wygl\u0105daj\u0105cych ochraniaczach na [&hellip;]\" \/>\n<meta property=\"og:url\" content=\"https:\/\/www.welovecycling.com\/pl\/2019\/01\/08\/podstawowy-sprzet-do-zimowej-jazdy-po-miescie\/\" \/>\n<meta property=\"og:site_name\" content=\"\u0160koda We Love Cycling - Poland\" \/>\n<meta property=\"article:published_time\" content=\"2019-01-08T16:21:16+00:00\" \/>\n<meta property=\"article:modified_time\" content=\"2019-01-22T14:01:14+00:00\" \/>\n<meta property=\"og:image\" content=\"https:\/\/d2p6e6u75xmxt8.cloudfront.net\/5\/2019\/01\/Cycling-in-Moscow-profimedia-0310535670-1024x450.jpg\" \/>\n\t<meta property=\"og:image:width\" content=\"1024\" \/>\n\t<meta property=\"og:image:height\" content=\"450\" \/>\n\t<meta property=\"og:image:type\" content=\"image\/jpeg\" \/>\n<meta name=\"author\" content=\"piotrboczkowski\" \/>\n<meta name=\"twitter:card\" content=\"summary_large_image\" \/>\n<meta name=\"twitter:label1\" content=\"Written by\" \/>\n\t<meta name=\"twitter:data1\" content=\"Christopher Ashley\" \/>\n\t<meta name=\"twitter:label2\" content=\"Est. reading time\" \/>\n\t<meta name=\"twitter:data2\" content=\"4\" \/>\n<script type=\"application\/ld+json\" class=\"yoast-schema-graph\">{\"@context\":\"https:\/\/schema.org\",\"@graph\":[{\"@type\":\"WebPage\",\"@id\":\"https:\/\/www.welovecycling.com\/pl\/2019\/01\/08\/podstawowy-sprzet-do-zimowej-jazdy-po-miescie\/\",\"url\":\"https:\/\/www.welovecycling.com\/pl\/2019\/01\/08\/podstawowy-sprzet-do-zimowej-jazdy-po-miescie\/\",\"name\":\"Podstawowy sprz\u0119t do zimowej jazdy po mie\u015bcie - \u0160koda We Love Cycling - Poland\",\"isPartOf\":{\"@id\":\"https:\/\/www.welovecycling.com\/pl\/#website\"},\"primaryImageOfPage\":{\"@id\":\"https:\/\/www.welovecycling.com\/pl\/2019\/01\/08\/podstawowy-sprzet-do-zimowej-jazdy-po-miescie\/#primaryimage\"},\"image\":{\"@id\":\"https:\/\/www.welovecycling.com\/pl\/2019\/01\/08\/podstawowy-sprzet-do-zimowej-jazdy-po-miescie\/#primaryimage\"},\"thumbnailUrl\":\"https:\/\/d2p6e6u75xmxt8.cloudfront.net\/5\/2019\/01\/Cycling-in-Moscow-profimedia-0310535670-1024x450.jpg\",\"datePublished\":\"2019-01-08T16:21:16+00:00\",\"dateModified\":\"2019-01-22T14:01:14+00:00\",\"author\":{\"@id\":\"https:\/\/www.welovecycling.com\/pl\/#\/schema\/person\/0dba2d39da943db9df3fd8f4687e7f23\"},\"breadcrumb\":{\"@id\":\"https:\/\/www.welovecycling.com\/pl\/2019\/01\/08\/podstawowy-sprzet-do-zimowej-jazdy-po-miescie\/#breadcrumb\"},\"inLanguage\":\"pl-PL\",\"potentialAction\":[{\"@type\":\"ReadAction\",\"target\":[\"https:\/\/www.welovecycling.com\/pl\/2019\/01\/08\/podstawowy-sprzet-do-zimowej-jazdy-po-miescie\/\"]}]},{\"@type\":\"ImageObject\",\"inLanguage\":\"pl-PL\",\"@id\":\"https:\/\/www.welovecycling.com\/pl\/2019\/01\/08\/podstawowy-sprzet-do-zimowej-jazdy-po-miescie\/#primaryimage\",\"url\":\"https:\/\/d2p6e6u75xmxt8.cloudfront.net\/5\/2019\/01\/Cycling-in-Moscow-profimedia-0310535670-1024x450.jpg\",\"contentUrl\":\"https:\/\/d2p6e6u75xmxt8.cloudfront.net\/5\/2019\/01\/Cycling-in-Moscow-profimedia-0310535670-1024x450.jpg\",\"width\":1024,\"height\":450},{\"@type\":\"BreadcrumbList\",\"@id\":\"https:\/\/www.welovecycling.com\/pl\/2019\/01\/08\/podstawowy-sprzet-do-zimowej-jazdy-po-miescie\/#breadcrumb\",\"itemListElement\":[{\"@type\":\"ListItem\",\"position\":1,\"name\":\"Home\",\"item\":\"https:\/\/www.welovecycling.com\/pl\/\"},{\"@type\":\"ListItem\",\"position\":2,\"name\":\"Podstawowy sprz\u0119t do zimowej jazdy po mie\u015bcie\"}]},{\"@type\":\"WebSite\",\"@id\":\"https:\/\/www.welovecycling.com\/pl\/#website\",\"url\":\"https:\/\/www.welovecycling.com\/pl\/\",\"name\":\"\u0160koda We Love Cycling - Poland\",\"description\":\"\",\"potentialAction\":[{\"@type\":\"SearchAction\",\"target\":{\"@type\":\"EntryPoint\",\"urlTemplate\":\"https:\/\/www.welovecycling.com\/pl\/?s={search_term_string}\"},\"query-input\":{\"@type\":\"PropertyValueSpecification\",\"valueRequired\":true,\"valueName\":\"search_term_string\"}}],\"inLanguage\":\"pl-PL\"},{\"@type\":\"Person\",\"@id\":\"https:\/\/www.welovecycling.com\/pl\/#\/schema\/person\/0dba2d39da943db9df3fd8f4687e7f23\",\"name\":\"piotrboczkowski\",\"image\":{\"@type\":\"ImageObject\",\"inLanguage\":\"pl-PL\",\"@id\":\"https:\/\/www.welovecycling.com\/pl\/#\/schema\/person\/image\/\",\"url\":\"https:\/\/secure.gravatar.com\/avatar\/533caccae14752e03a2ce2d3fd62d1b98b93e1393c3195c27819e53344ca1ace?s=96&d=mm&r=g\",\"contentUrl\":\"https:\/\/secure.gravatar.com\/avatar\/533caccae14752e03a2ce2d3fd62d1b98b93e1393c3195c27819e53344ca1ace?s=96&d=mm&r=g\",\"caption\":\"piotrboczkowski\"},\"url\":\"https:\/\/www.welovecycling.com\/pl\/author\/piotrboczkowski\/\"}]}<\/script>\n<!-- \/ Yoast SEO Premium plugin. -->","yoast_head_json":{"title":"Podstawowy sprz\u0119t do zimowej jazdy po mie\u015bcie - \u0160koda We Love Cycling - Poland","robots":{"index":"index","follow":"follow","max-snippet":"max-snippet:-1","max-image-preview":"max-image-preview:large","max-video-preview":"max-video-preview:-1"},"canonical":"https:\/\/www.welovecycling.com\/pl\/2019\/01\/08\/podstawowy-sprzet-do-zimowej-jazdy-po-miescie\/","og_locale":"pl_PL","og_type":"article","og_title":"Podstawowy sprz\u0119t do zimowej jazdy po mie\u015bcie","og_description":"Je\u015bli masz za sob\u0105 eskapady przez skute lodem miasto, na pewno ju\u017c nieraz marzy\u0142e\u015b o (wreszcie) normalnie wygl\u0105daj\u0105cych ochraniaczach na [&hellip;]","og_url":"https:\/\/www.welovecycling.com\/pl\/2019\/01\/08\/podstawowy-sprzet-do-zimowej-jazdy-po-miescie\/","og_site_name":"\u0160koda We Love Cycling - Poland","article_published_time":"2019-01-08T16:21:16+00:00","article_modified_time":"2019-01-22T14:01:14+00:00","og_image":[{"width":1024,"height":450,"url":"https:\/\/d2p6e6u75xmxt8.cloudfront.net\/5\/2019\/01\/Cycling-in-Moscow-profimedia-0310535670-1024x450.jpg","type":"image\/jpeg"}],"author":"piotrboczkowski","twitter_card":"summary_large_image","twitter_misc":{"Written by":"Christopher Ashley","Est. reading time":"4"},"schema":{"@context":"https:\/\/schema.org","@graph":[{"@type":"WebPage","@id":"https:\/\/www.welovecycling.com\/pl\/2019\/01\/08\/podstawowy-sprzet-do-zimowej-jazdy-po-miescie\/","url":"https:\/\/www.welovecycling.com\/pl\/2019\/01\/08\/podstawowy-sprzet-do-zimowej-jazdy-po-miescie\/","name":"Podstawowy sprz\u0119t do zimowej jazdy po mie\u015bcie - \u0160koda We Love Cycling - Poland","isPartOf":{"@id":"https:\/\/www.welovecycling.com\/pl\/#website"},"primaryImageOfPage":{"@id":"https:\/\/www.welovecycling.com\/pl\/2019\/01\/08\/podstawowy-sprzet-do-zimowej-jazdy-po-miescie\/#primaryimage"},"image":{"@id":"https:\/\/www.welovecycling.com\/pl\/2019\/01\/08\/podstawowy-sprzet-do-zimowej-jazdy-po-miescie\/#primaryimage"},"thumbnailUrl":"https:\/\/d2p6e6u75xmxt8.cloudfront.net\/5\/2019\/01\/Cycling-in-Moscow-profimedia-0310535670-1024x450.jpg","datePublished":"2019-01-08T16:21:16+00:00","dateModified":"2019-01-22T14:01:14+00:00","author":{"@id":"https:\/\/www.welovecycling.com\/pl\/#\/schema\/person\/0dba2d39da943db9df3fd8f4687e7f23"},"breadcrumb":{"@id":"https:\/\/www.welovecycling.com\/pl\/2019\/01\/08\/podstawowy-sprzet-do-zimowej-jazdy-po-miescie\/#breadcrumb"},"inLanguage":"pl-PL","potentialAction":[{"@type":"ReadAction","target":["https:\/\/www.welovecycling.com\/pl\/2019\/01\/08\/podstawowy-sprzet-do-zimowej-jazdy-po-miescie\/"]}]},{"@type":"ImageObject","inLanguage":"pl-PL","@id":"https:\/\/www.welovecycling.com\/pl\/2019\/01\/08\/podstawowy-sprzet-do-zimowej-jazdy-po-miescie\/#primaryimage","url":"https:\/\/d2p6e6u75xmxt8.cloudfront.net\/5\/2019\/01\/Cycling-in-Moscow-profimedia-0310535670-1024x450.jpg","contentUrl":"https:\/\/d2p6e6u75xmxt8.cloudfront.net\/5\/2019\/01\/Cycling-in-Moscow-profimedia-0310535670-1024x450.jpg","width":1024,"height":450},{"@type":"BreadcrumbList","@id":"https:\/\/www.welovecycling.com\/pl\/2019\/01\/08\/podstawowy-sprzet-do-zimowej-jazdy-po-miescie\/#breadcrumb","itemListElement":[{"@type":"ListItem","position":1,"name":"Home","item":"https:\/\/www.welovecycling.com\/pl\/"},{"@type":"ListItem","position":2,"name":"Podstawowy sprz\u0119t do zimowej jazdy po mie\u015bcie"}]},{"@type":"WebSite","@id":"https:\/\/www.welovecycling.com\/pl\/#website","url":"https:\/\/www.welovecycling.com\/pl\/","name":"\u0160koda We Love Cycling - Poland","description":"","potentialAction":[{"@type":"SearchAction","target":{"@type":"EntryPoint","urlTemplate":"https:\/\/www.welovecycling.com\/pl\/?s={search_term_string}"},"query-input":{"@type":"PropertyValueSpecification","valueRequired":true,"valueName":"search_term_string"}}],"inLanguage":"pl-PL"},{"@type":"Person","@id":"https:\/\/www.welovecycling.com\/pl\/#\/schema\/person\/0dba2d39da943db9df3fd8f4687e7f23","name":"piotrboczkowski","image":{"@type":"ImageObject","inLanguage":"pl-PL","@id":"https:\/\/www.welovecycling.com\/pl\/#\/schema\/person\/image\/","url":"https:\/\/secure.gravatar.com\/avatar\/533caccae14752e03a2ce2d3fd62d1b98b93e1393c3195c27819e53344ca1ace?s=96&d=mm&r=g","contentUrl":"https:\/\/secure.gravatar.com\/avatar\/533caccae14752e03a2ce2d3fd62d1b98b93e1393c3195c27819e53344ca1ace?s=96&d=mm&r=g","caption":"piotrboczkowski"},"url":"https:\/\/www.welovecycling.com\/pl\/author\/piotrboczkowski\/"}]}},"_links":{"self":[{"href":"https:\/\/www.welovecycling.com\/pl\/wp-json\/wp\/v2\/posts\/8312","targetHints":{"allow":["GET"]}}],"collection":[{"href":"https:\/\/www.welovecycling.com\/pl\/wp-json\/wp\/v2\/posts"}],"about":[{"href":"https:\/\/www.welovecycling.com\/pl\/wp-json\/wp\/v2\/types\/post"}],"author":[{"embeddable":true,"href":"https:\/\/www.welovecycling.com\/pl\/wp-json\/wp\/v2\/users\/76"}],"replies":[{"embeddable":true,"href":"https:\/\/www.welovecycling.com\/pl\/wp-json\/wp\/v2\/comments?post=8312"}],"version-history":[{"count":2,"href":"https:\/\/www.welovecycling.com\/pl\/wp-json\/wp\/v2\/posts\/8312\/revisions"}],"predecessor-version":[{"id":8391,"href":"https:\/\/www.welovecycling.com\/pl\/wp-json\/wp\/v2\/posts\/8312\/revisions\/8391"}],"wp:featuredmedia":[{"embeddable":true,"href":"https:\/\/www.welovecycling.com\/pl\/wp-json\/wp\/v2\/media\/8317"}],"wp:attachment":[{"href":"https:\/\/www.welovecycling.com\/pl\/wp-json\/wp\/v2\/media?parent=8312"}],"wp:term":[{"taxonomy":"category","embeddable":true,"href":"https:\/\/www.welovecycling.com\/pl\/wp-json\/wp\/v2\/categories?post=8312"},{"taxonomy":"post_tag","embeddable":true,"href":"https:\/\/www.welovecycling.com\/pl\/wp-json\/wp\/v2\/tags?post=8312"},{"taxonomy":"global-categories","embeddable":true,"href":"https:\/\/www.welovecycling.com\/pl\/wp-json\/wp\/v2\/global-categories?post=8312"}],"curies":[{"name":"wp","href":"https:\/\/api.w.org\/{rel}","templated":true}]}}