{"id":830,"date":"2016-03-29T10:30:46","date_gmt":"2016-03-29T10:30:46","guid":{"rendered":"http:\/\/skoda-rowery.pl\/?p=830"},"modified":"2016-12-05T09:55:21","modified_gmt":"2016-12-05T09:55:21","slug":"jak-przewozic-rower-w-samochodzie","status":"publish","type":"post","link":"https:\/\/www.welovecycling.com\/pl\/2016\/03\/29\/jak-przewozic-rower-w-samochodzie\/","title":{"rendered":"Jak przewozi\u0107 rower w samochodzie?"},"content":{"rendered":"<p style=\"text-align: justify\">Ka\u017cdy rowerzysta pr\u0119dzej czy p\u00f3\u017aniej stanie przed tym dylematem, szczeg\u00f3lnie je\u015bli samochodem je\u017adzi nie tylko jako pasa\u017cer, ale r\u00f3wnie\u017c jako kierowca. Jak przewozi\u0107 rower w samochodzie?<!--more--><\/p>\n<p style=\"text-align: justify\">Istniej\u0105 r\u00f3\u017cne metody przewo\u017cenia rower\u00f3w i najlepiej znale\u017a\u0107 tak\u0105, kt\u00f3r\u0105 b\u0119dzie dla nas najwygodniejsza, a zarazem w pe\u0142ni bezpieczna.<br \/>\nStandardowym rozwi\u0105zaniem jest umieszczenie rower\u00f3w za pomoc\u0105 klasycznego uchwytu na relingach dachowych. W filmie poni\u017cej prezentujemy w\u0142a\u015bnie taki uchwyt. Zobacz jak to dzia\u0142a.<\/p>\n<p style=\"text-align: justify\">\n<p style=\"text-align: justify\">Jednak je\u015bli chcesz mie\u0107 pewno\u015b\u0107, \u017ce Tw\u00f3j rower nie b\u0119dzie nara\u017cony na szkodliwe czynniki zewn\u0119trzne istnieje r\u00f3wnie\u017c inny spos\u00f3b na jego przewo\u017cenie \u2013 wewn\u0119trzny uchwyt montowany w baga\u017cniku. Dzi\u0119ki takiemu rozwi\u0105zaniu Tw\u00f3j rower nie b\u0119dzie przemieszcza\u0142 si\u0119 we wn\u0119trzu samochodu. To bardzo wa\u017cne, bo podczas gwa\u0142townego hamowania lub sytuacji zagro\u017cenia rower pozostanie nieruchomy.<\/p>\n<p style=\"text-align: justify\">\n<p style=\"text-align: justify\">Oryginalne akcesoria do przewo\u017cenia rower\u00f3w znajdziesz w sklepie internetowym \u0160KODY:\u00a0<a href=\"http:\/\/www.sklep.skoda.pl\/\">Sklep.skoda.pl &#8211; \u0160koda<\/a><\/p>\n","protected":false},"excerpt":{"rendered":"<p>Ka\u017cdy rowerzysta pr\u0119dzej czy p\u00f3\u017aniej stanie przed tym dylematem, szczeg\u00f3lnie je\u015bli samochodem je\u017adzi nie tylko jako pasa\u017cer, ale r\u00f3wnie\u017c jako [&hellip;]<\/p>\n","protected":false},"author":1,"featured_media":837,"comment_status":"closed","ping_status":"closed","sticky":false,"template":"","format":"standard","meta":{"footnotes":""},"categories":[1],"tags":[],"global-categories":[],"class_list":["post-830","post","type-post","status-publish","format-standard","has-post-thumbnail","hentry","category-uncategorized"],"yoast_head":"<!-- This site is optimized with the Yoast SEO Premium plugin v25.3 (Yoast SEO v25.9) - https:\/\/yoast.com\/wordpress\/plugins\/seo\/ -->\n<title>Jak przewozi\u0107 rower w samochodzie? - \u0160koda We Love Cycling - Poland<\/title>\n<meta name=\"robots\" content=\"index, follow, max-snippet:-1, max-image-preview:large, max-video-preview:-1\" \/>\n<link rel=\"canonical\" href=\"https:\/\/www.welovecycling.com\/pl\/2016\/03\/29\/jak-przewozic-rower-w-samochodzie\/\" \/>\n<meta property=\"og:locale\" content=\"pl_PL\" \/>\n<meta property=\"og:type\" content=\"article\" \/>\n<meta property=\"og:title\" content=\"Jak przewozi\u0107 rower w samochodzie?\" \/>\n<meta property=\"og:description\" content=\"Ka\u017cdy rowerzysta pr\u0119dzej czy p\u00f3\u017aniej stanie przed tym dylematem, szczeg\u00f3lnie je\u015bli samochodem je\u017adzi nie tylko jako pasa\u017cer, ale r\u00f3wnie\u017c jako [&hellip;]\" \/>\n<meta property=\"og:url\" content=\"https:\/\/www.welovecycling.com\/pl\/2016\/03\/29\/jak-przewozic-rower-w-samochodzie\/\" \/>\n<meta property=\"og:site_name\" content=\"\u0160koda We Love Cycling - Poland\" \/>\n<meta property=\"article:published_time\" content=\"2016-03-29T10:30:46+00:00\" \/>\n<meta property=\"article:modified_time\" content=\"2016-12-05T09:55:21+00:00\" \/>\n<meta property=\"og:image\" content=\"https:\/\/d2p6e6u75xmxt8.cloudfront.net\/5\/2016\/03\/Rowerowa-wyprawa_00874.jpg\" \/>\n\t<meta property=\"og:image:width\" content=\"1280\" \/>\n\t<meta property=\"og:image:height\" content=\"720\" \/>\n\t<meta property=\"og:image:type\" content=\"image\/jpeg\" \/>\n<meta name=\"author\" content=\"WeLoveCycling\" \/>\n<meta name=\"twitter:card\" content=\"summary_large_image\" \/>\n<meta name=\"twitter:label1\" content=\"Written by\" \/>\n\t<meta name=\"twitter:data1\" content=\"WeLoveCycling\" \/>\n\t<meta name=\"twitter:label2\" content=\"Est. reading time\" \/>\n\t<meta name=\"twitter:data2\" content=\"1 minute\" \/>\n<script type=\"application\/ld+json\" class=\"yoast-schema-graph\">{\"@context\":\"https:\/\/schema.org\",\"@graph\":[{\"@type\":\"WebPage\",\"@id\":\"https:\/\/www.welovecycling.com\/pl\/2016\/03\/29\/jak-przewozic-rower-w-samochodzie\/\",\"url\":\"https:\/\/www.welovecycling.com\/pl\/2016\/03\/29\/jak-przewozic-rower-w-samochodzie\/\",\"name\":\"Jak przewozi\u0107 rower w samochodzie? - \u0160koda We Love Cycling - Poland\",\"isPartOf\":{\"@id\":\"https:\/\/www.welovecycling.com\/pl\/#website\"},\"primaryImageOfPage\":{\"@id\":\"https:\/\/www.welovecycling.com\/pl\/2016\/03\/29\/jak-przewozic-rower-w-samochodzie\/#primaryimage\"},\"image\":{\"@id\":\"https:\/\/www.welovecycling.com\/pl\/2016\/03\/29\/jak-przewozic-rower-w-samochodzie\/#primaryimage\"},\"thumbnailUrl\":\"https:\/\/d2p6e6u75xmxt8.cloudfront.net\/5\/2016\/03\/Rowerowa-wyprawa_00874.jpg\",\"datePublished\":\"2016-03-29T10:30:46+00:00\",\"dateModified\":\"2016-12-05T09:55:21+00:00\",\"author\":{\"@id\":\"https:\/\/www.welovecycling.com\/pl\/#\/schema\/person\/e5187c9cac8dd619ebc7b41bd73c2fd9\"},\"breadcrumb\":{\"@id\":\"https:\/\/www.welovecycling.com\/pl\/2016\/03\/29\/jak-przewozic-rower-w-samochodzie\/#breadcrumb\"},\"inLanguage\":\"pl-PL\",\"potentialAction\":[{\"@type\":\"ReadAction\",\"target\":[\"https:\/\/www.welovecycling.com\/pl\/2016\/03\/29\/jak-przewozic-rower-w-samochodzie\/\"]}]},{\"@type\":\"ImageObject\",\"inLanguage\":\"pl-PL\",\"@id\":\"https:\/\/www.welovecycling.com\/pl\/2016\/03\/29\/jak-przewozic-rower-w-samochodzie\/#primaryimage\",\"url\":\"https:\/\/d2p6e6u75xmxt8.cloudfront.net\/5\/2016\/03\/Rowerowa-wyprawa_00874.jpg\",\"contentUrl\":\"https:\/\/d2p6e6u75xmxt8.cloudfront.net\/5\/2016\/03\/Rowerowa-wyprawa_00874.jpg\",\"width\":1280,\"height\":720},{\"@type\":\"BreadcrumbList\",\"@id\":\"https:\/\/www.welovecycling.com\/pl\/2016\/03\/29\/jak-przewozic-rower-w-samochodzie\/#breadcrumb\",\"itemListElement\":[{\"@type\":\"ListItem\",\"position\":1,\"name\":\"Home\",\"item\":\"https:\/\/www.welovecycling.com\/pl\/\"},{\"@type\":\"ListItem\",\"position\":2,\"name\":\"Jak przewozi\u0107 rower w samochodzie?\"}]},{\"@type\":\"WebSite\",\"@id\":\"https:\/\/www.welovecycling.com\/pl\/#website\",\"url\":\"https:\/\/www.welovecycling.com\/pl\/\",\"name\":\"\u0160koda We Love Cycling - Poland\",\"description\":\"\",\"potentialAction\":[{\"@type\":\"SearchAction\",\"target\":{\"@type\":\"EntryPoint\",\"urlTemplate\":\"https:\/\/www.welovecycling.com\/pl\/?s={search_term_string}\"},\"query-input\":{\"@type\":\"PropertyValueSpecification\",\"valueRequired\":true,\"valueName\":\"search_term_string\"}}],\"inLanguage\":\"pl-PL\"},{\"@type\":\"Person\",\"@id\":\"https:\/\/www.welovecycling.com\/pl\/#\/schema\/person\/e5187c9cac8dd619ebc7b41bd73c2fd9\",\"name\":\"WeLoveCycling\",\"image\":{\"@type\":\"ImageObject\",\"inLanguage\":\"pl-PL\",\"@id\":\"https:\/\/www.welovecycling.com\/pl\/#\/schema\/person\/image\/\",\"url\":\"https:\/\/secure.gravatar.com\/avatar\/7e1ee0ecc5e294b19ef32b9f6086e0afbb9da00c3cb0d465ba4695331f4a9187?s=96&d=mm&r=g\",\"contentUrl\":\"https:\/\/secure.gravatar.com\/avatar\/7e1ee0ecc5e294b19ef32b9f6086e0afbb9da00c3cb0d465ba4695331f4a9187?s=96&d=mm&r=g\",\"caption\":\"WeLoveCycling\"},\"url\":\"https:\/\/www.welovecycling.com\/pl\/author\/lukascech\/\"}]}<\/script>\n<!-- \/ Yoast SEO Premium plugin. -->","yoast_head_json":{"title":"Jak przewozi\u0107 rower w samochodzie? - \u0160koda We Love Cycling - Poland","robots":{"index":"index","follow":"follow","max-snippet":"max-snippet:-1","max-image-preview":"max-image-preview:large","max-video-preview":"max-video-preview:-1"},"canonical":"https:\/\/www.welovecycling.com\/pl\/2016\/03\/29\/jak-przewozic-rower-w-samochodzie\/","og_locale":"pl_PL","og_type":"article","og_title":"Jak przewozi\u0107 rower w samochodzie?","og_description":"Ka\u017cdy rowerzysta pr\u0119dzej czy p\u00f3\u017aniej stanie przed tym dylematem, szczeg\u00f3lnie je\u015bli samochodem je\u017adzi nie tylko jako pasa\u017cer, ale r\u00f3wnie\u017c jako [&hellip;]","og_url":"https:\/\/www.welovecycling.com\/pl\/2016\/03\/29\/jak-przewozic-rower-w-samochodzie\/","og_site_name":"\u0160koda We Love Cycling - Poland","article_published_time":"2016-03-29T10:30:46+00:00","article_modified_time":"2016-12-05T09:55:21+00:00","og_image":[{"width":1280,"height":720,"url":"https:\/\/d2p6e6u75xmxt8.cloudfront.net\/5\/2016\/03\/Rowerowa-wyprawa_00874.jpg","type":"image\/jpeg"}],"author":"WeLoveCycling","twitter_card":"summary_large_image","twitter_misc":{"Written by":"WeLoveCycling","Est. reading time":"1 minute"},"schema":{"@context":"https:\/\/schema.org","@graph":[{"@type":"WebPage","@id":"https:\/\/www.welovecycling.com\/pl\/2016\/03\/29\/jak-przewozic-rower-w-samochodzie\/","url":"https:\/\/www.welovecycling.com\/pl\/2016\/03\/29\/jak-przewozic-rower-w-samochodzie\/","name":"Jak przewozi\u0107 rower w samochodzie? - \u0160koda We Love Cycling - Poland","isPartOf":{"@id":"https:\/\/www.welovecycling.com\/pl\/#website"},"primaryImageOfPage":{"@id":"https:\/\/www.welovecycling.com\/pl\/2016\/03\/29\/jak-przewozic-rower-w-samochodzie\/#primaryimage"},"image":{"@id":"https:\/\/www.welovecycling.com\/pl\/2016\/03\/29\/jak-przewozic-rower-w-samochodzie\/#primaryimage"},"thumbnailUrl":"https:\/\/d2p6e6u75xmxt8.cloudfront.net\/5\/2016\/03\/Rowerowa-wyprawa_00874.jpg","datePublished":"2016-03-29T10:30:46+00:00","dateModified":"2016-12-05T09:55:21+00:00","author":{"@id":"https:\/\/www.welovecycling.com\/pl\/#\/schema\/person\/e5187c9cac8dd619ebc7b41bd73c2fd9"},"breadcrumb":{"@id":"https:\/\/www.welovecycling.com\/pl\/2016\/03\/29\/jak-przewozic-rower-w-samochodzie\/#breadcrumb"},"inLanguage":"pl-PL","potentialAction":[{"@type":"ReadAction","target":["https:\/\/www.welovecycling.com\/pl\/2016\/03\/29\/jak-przewozic-rower-w-samochodzie\/"]}]},{"@type":"ImageObject","inLanguage":"pl-PL","@id":"https:\/\/www.welovecycling.com\/pl\/2016\/03\/29\/jak-przewozic-rower-w-samochodzie\/#primaryimage","url":"https:\/\/d2p6e6u75xmxt8.cloudfront.net\/5\/2016\/03\/Rowerowa-wyprawa_00874.jpg","contentUrl":"https:\/\/d2p6e6u75xmxt8.cloudfront.net\/5\/2016\/03\/Rowerowa-wyprawa_00874.jpg","width":1280,"height":720},{"@type":"BreadcrumbList","@id":"https:\/\/www.welovecycling.com\/pl\/2016\/03\/29\/jak-przewozic-rower-w-samochodzie\/#breadcrumb","itemListElement":[{"@type":"ListItem","position":1,"name":"Home","item":"https:\/\/www.welovecycling.com\/pl\/"},{"@type":"ListItem","position":2,"name":"Jak przewozi\u0107 rower w samochodzie?"}]},{"@type":"WebSite","@id":"https:\/\/www.welovecycling.com\/pl\/#website","url":"https:\/\/www.welovecycling.com\/pl\/","name":"\u0160koda We Love Cycling - Poland","description":"","potentialAction":[{"@type":"SearchAction","target":{"@type":"EntryPoint","urlTemplate":"https:\/\/www.welovecycling.com\/pl\/?s={search_term_string}"},"query-input":{"@type":"PropertyValueSpecification","valueRequired":true,"valueName":"search_term_string"}}],"inLanguage":"pl-PL"},{"@type":"Person","@id":"https:\/\/www.welovecycling.com\/pl\/#\/schema\/person\/e5187c9cac8dd619ebc7b41bd73c2fd9","name":"WeLoveCycling","image":{"@type":"ImageObject","inLanguage":"pl-PL","@id":"https:\/\/www.welovecycling.com\/pl\/#\/schema\/person\/image\/","url":"https:\/\/secure.gravatar.com\/avatar\/7e1ee0ecc5e294b19ef32b9f6086e0afbb9da00c3cb0d465ba4695331f4a9187?s=96&d=mm&r=g","contentUrl":"https:\/\/secure.gravatar.com\/avatar\/7e1ee0ecc5e294b19ef32b9f6086e0afbb9da00c3cb0d465ba4695331f4a9187?s=96&d=mm&r=g","caption":"WeLoveCycling"},"url":"https:\/\/www.welovecycling.com\/pl\/author\/lukascech\/"}]}},"_links":{"self":[{"href":"https:\/\/www.welovecycling.com\/pl\/wp-json\/wp\/v2\/posts\/830","targetHints":{"allow":["GET"]}}],"collection":[{"href":"https:\/\/www.welovecycling.com\/pl\/wp-json\/wp\/v2\/posts"}],"about":[{"href":"https:\/\/www.welovecycling.com\/pl\/wp-json\/wp\/v2\/types\/post"}],"author":[{"embeddable":true,"href":"https:\/\/www.welovecycling.com\/pl\/wp-json\/wp\/v2\/users\/1"}],"replies":[{"embeddable":true,"href":"https:\/\/www.welovecycling.com\/pl\/wp-json\/wp\/v2\/comments?post=830"}],"version-history":[{"count":1,"href":"https:\/\/www.welovecycling.com\/pl\/wp-json\/wp\/v2\/posts\/830\/revisions"}],"predecessor-version":[{"id":2479,"href":"https:\/\/www.welovecycling.com\/pl\/wp-json\/wp\/v2\/posts\/830\/revisions\/2479"}],"wp:featuredmedia":[{"embeddable":true,"href":"https:\/\/www.welovecycling.com\/pl\/wp-json\/wp\/v2\/media\/837"}],"wp:attachment":[{"href":"https:\/\/www.welovecycling.com\/pl\/wp-json\/wp\/v2\/media?parent=830"}],"wp:term":[{"taxonomy":"category","embeddable":true,"href":"https:\/\/www.welovecycling.com\/pl\/wp-json\/wp\/v2\/categories?post=830"},{"taxonomy":"post_tag","embeddable":true,"href":"https:\/\/www.welovecycling.com\/pl\/wp-json\/wp\/v2\/tags?post=830"},{"taxonomy":"global-categories","embeddable":true,"href":"https:\/\/www.welovecycling.com\/pl\/wp-json\/wp\/v2\/global-categories?post=830"}],"curies":[{"name":"wp","href":"https:\/\/api.w.org\/{rel}","templated":true}]}}