{"id":8296,"date":"2019-01-03T16:35:59","date_gmt":"2019-01-03T16:35:59","guid":{"rendered":"https:\/\/www.welovecycling.com\/pl\/?p=8296"},"modified":"2019-01-22T14:02:42","modified_gmt":"2019-01-22T14:02:42","slug":"tego-dnia-lepiej-nie-byc-kolarzem","status":"publish","type":"post","link":"https:\/\/www.welovecycling.com\/pl\/2019\/01\/03\/tego-dnia-lepiej-nie-byc-kolarzem\/","title":{"rendered":"Tego dnia lepiej nie by\u0107 kolarzem\u2026"},"content":{"rendered":"<p><strong>To jeden z niewielu moment\u00f3w w roku, gdy fani kolarstwa ciesz\u0105 si\u0119, \u017ce jednak nie s\u0105 zawodowcami. Dlaczego? Kilka powod\u00f3w znajdziecie poni\u017cej.<\/strong><\/p>\n<p>Podczas, gdy bawili\u015bmy si\u0119 na imprezach sylwestrowych, ta\u0144czyli\u015bmy do bia\u0142ego rana i odpalali\u015bmy fajerwerki, oni co najwy\u017cej wypili lampk\u0119 szampana, zadzwonili do najbli\u017cszych i rozeszli si\u0119 do pokoi. Zobaczcie, jak Sylwestra sp\u0119dzili najlepsi kolarze na \u015bwiecie.<\/p>\n<p>\u015aledz\u0105c ich konta w mediach spo\u0142eczno\u015bciowych, nie mo\u017cna mie\u0107 z\u0142udze\u0144, \u017ce wszystkie zawodowe ekipy zamiast hucznej zabawy, postawi\u0142y na spalanie kalorii po \u015bwi\u0119tach. Dow\u00f3d? Facebookowy wpis Paw\u0142a Polja\u0144skiego<\/p>\n<p>https:\/\/www.facebook.com\/p.poljanski\/posts\/2468350889860774<\/p>\n<p>W zupe\u0142nie innych okoliczno\u015bci\u0105 przyrody noworoczne \u017cyczenia z\u0142o\u017cy\u0142 kibicom Peter Sagan. Okazuje si\u0119, \u017ce wielokrotne zdobywanie zielonej koszulki Tour de France (sponsorowanej przez \u0160kod\u0119) zobowi\u0105zuje nie tylko na kolarskich trasach, ale r\u00f3wnie\u017c na narciarskich stokach<\/p>\n<div class=\"embed-controller-wrapper\">\n<blockquote class=\"twitter-tweet\" data-width=\"500\" data-dnt=\"true\">\n<p lang=\"en\" dir=\"ltr\">Happy new year everybody! See you at a race next year, starting at the <a href=\"https:\/\/twitter.com\/tourdownunder?ref_src=twsrc%5Etfw\">@tourdownunder<\/a>, where it will certainly be warmer than the snowed mountains&#8230; <a href=\"https:\/\/t.co\/TfuPWJbVhM\">pic.twitter.com\/TfuPWJbVhM<\/a><\/p>\n<p>&mdash; Peter Sagan (@petosagan) <a href=\"https:\/\/twitter.com\/petosagan\/status\/1079403455331094529?ref_src=twsrc%5Etfw\">December 30, 2018<\/a><\/p><\/blockquote>\n<p><script async data-src=\"https:\/\/platform.twitter.com\/widgets.js\" charset=\"utf-8\"><\/script><\/div>\n<p>Zreszt\u0105 ekipa Sagana &#8211; Bora Hansgrohe &#8211; wygra\u0142a konkurs na najdziwniejsze noworoczne \u017cyczenia. Panowie rozebrali si\u0119 do pasa i zrobili to, w czym zwyci\u0119zcy wielkich wy\u015bcig\u00f3w maj\u0105 wpraw\u0119, czyli zafundowali sobie polewanie szampanem<\/p>\n<div class=\"embed-controller-wrapper\">\n<blockquote class=\"twitter-tweet\" data-width=\"500\" data-dnt=\"true\">\n<p lang=\"und\" dir=\"ltr\">\ud83c\udf89 Prosit Neujahr! | Happy New Year | Felice Anno Nuovo | Szcz\u0119\u015bliwego Nowego Roku | \u0160\u0165astn\u00fd Nov\u00fd rok \ud83c\udf89<a href=\"https:\/\/twitter.com\/Hansgrohe_PR?ref_src=twsrc%5Etfw\">@Hansgrohe_PR<\/a> <a href=\"https:\/\/twitter.com\/hashtag\/ShowerLikeAPro?src=hash&amp;ref_src=twsrc%5Etfw\">#ShowerLikeAPro<\/a> <a href=\"https:\/\/t.co\/EoNUWuYhNw\">pic.twitter.com\/EoNUWuYhNw<\/a><\/p>\n<p>&mdash; Peter Sagan (@petosagan) <a href=\"https:\/\/twitter.com\/petosagan\/status\/1079823325772345345?ref_src=twsrc%5Etfw\">December 31, 2018<\/a><\/p><\/blockquote>\n<p><script async data-src=\"https:\/\/platform.twitter.com\/widgets.js\" charset=\"utf-8\"><\/script><\/div>\n<p>Kolejne profesjonalne wideo przygotowa\u0142a za to ekipa Team Sky. Po nagraniu z okazji \u015bwi\u0105t <strong><em>(znajdziecie je <a href=\"https:\/\/www.welovecycling.com\/pl\/2018\/12\/28\/swieta-zawodowca-35-godzin-i-ponad-tysiac-przejechanych-kilometrow\/\">tutaj<\/a> ),<\/em><\/strong> tym razem udali si\u0119 na jeden z ostatnich trening\u00f3w w 2018 roku<\/p>\n<div class=\"embed-controller-wrapper\">\n<blockquote class=\"twitter-tweet\" data-width=\"500\" data-dnt=\"true\">\n<p lang=\"en\" dir=\"ltr\">Happy New Year from everyone at Team Sky! <\/p>\n<p>We\u2019re excited for the season ahead and hope to see you out on the road soon!  \ud83d\udc4a<a href=\"https:\/\/twitter.com\/hashtag\/HappyNewYear2019?src=hash&amp;ref_src=twsrc%5Etfw\">#HappyNewYear2019<\/a> <a href=\"https:\/\/t.co\/JWnu11U61q\">pic.twitter.com\/JWnu11U61q<\/a><\/p>\n<p>&mdash; INEOS Grenadiers (@INEOSGrenadiers) <a href=\"https:\/\/twitter.com\/INEOSGrenadiers\/status\/1079890200493359105?ref_src=twsrc%5Etfw\">January 1, 2019<\/a><\/p><\/blockquote>\n<p><script async data-src=\"https:\/\/platform.twitter.com\/widgets.js\" charset=\"utf-8\"><\/script><\/div>\n<p>Podczas, gdy cz\u0119\u015b\u0107 ludzi w Sylwestra przebiera\u0142a si\u0119 za kr\u00f3lewicz\u00f3w, ksi\u0119\u017cniczki i postacie z bajek, w Team Sky zarz\u0105dzono wielkie przebieranie w\u2026 nowe stroje. I trzeba przyzna\u0107, \u017ce w takim ekwipunku mo\u017cna by\u0142oby zrobi\u0107 furor\u0119 na niejednym sylwestrowym balu<\/p>\n<p>https:\/\/www.facebook.com\/kwiato\/posts\/2423217361054042<\/p>\n<div class=\"embed-controller-wrapper\">\n<blockquote class=\"twitter-tweet\" data-width=\"500\" data-dnt=\"true\">\n<p lang=\"en\" dir=\"ltr\">I\u2019m ready for you 2019 \ud83d\ude01 Let\u2019s do this! \ud83d\udc4a <a href=\"https:\/\/twitter.com\/hashtag\/HappyNewYear?src=hash&amp;ref_src=twsrc%5Etfw\">#HappyNewYear<\/a> <a href=\"https:\/\/twitter.com\/hashtag\/NewKitDay?src=hash&amp;ref_src=twsrc%5Etfw\">#NewKitDay<\/a> <a href=\"https:\/\/t.co\/ghQyEkik5J\">pic.twitter.com\/ghQyEkik5J<\/a><\/p>\n<p>&mdash; Chris Froome (@chrisfroome) <a href=\"https:\/\/twitter.com\/chrisfroome\/status\/1080023625426788353?ref_src=twsrc%5Etfw\">January 1, 2019<\/a><\/p><\/blockquote>\n<p><script async data-src=\"https:\/\/platform.twitter.com\/widgets.js\" charset=\"utf-8\"><\/script><\/div>\n<p>W okolicach Sylwestra nie pr\u00f3\u017cnowali te\u017c w Movistarze. Nairo Quintana i koledzy ju\u017c ostrz\u0105 sobie z\u0119by na nowy sezon. \u201ePrzygotowujemy si\u0119 w g\u00f3rach i widzimy si\u0119 na wy\u015bcigach\u201d \u2013 zapowiada Quintana.<\/p>\n<p>https:\/\/www.instagram.com\/p\/BsDprc0nAJ1\/?hl=pl<\/p>\n<p>A nowy sezon zapowiada si\u0119 na prawdziw\u0105 wojn\u0119 najwi\u0119kszych kolarzy, a na wielkie bitwy najlepiej przygotowa\u0107 si\u0119 w si\u0142owni. Tak jak Julian Alaphilippe i jego koledzy z Quick-Step Floors.<\/p>\n<p>https:\/\/www.instagram.com\/p\/BsAgyiTB9BK\/<\/p>\n<p>Wszystkiego najlepszego w 2019 roku!<\/p>\n<p>http:\/\/www.skoda-auto.pl\/<\/p>\n","protected":false},"excerpt":{"rendered":"<p>To jeden z niewielu moment\u00f3w w roku, gdy fani kolarstwa ciesz\u0105 si\u0119, \u017ce jednak nie s\u0105 zawodowcami. Dlaczego? Kilka powod\u00f3w [&hellip;]<\/p>\n","protected":false},"author":76,"featured_media":8253,"comment_status":"open","ping_status":"open","sticky":false,"template":"","format":"standard","meta":{"footnotes":""},"categories":[226],"tags":[],"global-categories":[],"class_list":["post-8296","post","type-post","status-publish","format-standard","has-post-thumbnail","hentry","category-ciekawostki"],"yoast_head":"<!-- This site is optimized with the Yoast SEO Premium plugin v25.3 (Yoast SEO v25.9) - https:\/\/yoast.com\/wordpress\/plugins\/seo\/ -->\n<title>Tego dnia lepiej nie by\u0107 kolarzem\u2026 - \u0160koda We Love Cycling - Poland<\/title>\n<meta name=\"robots\" content=\"index, follow, max-snippet:-1, max-image-preview:large, max-video-preview:-1\" \/>\n<link rel=\"canonical\" href=\"https:\/\/www.welovecycling.com\/pl\/2019\/01\/03\/tego-dnia-lepiej-nie-byc-kolarzem\/\" \/>\n<meta property=\"og:locale\" content=\"pl_PL\" \/>\n<meta property=\"og:type\" content=\"article\" \/>\n<meta property=\"og:title\" content=\"Tego dnia lepiej nie by\u0107 kolarzem\u2026\" \/>\n<meta property=\"og:description\" content=\"To jeden z niewielu moment\u00f3w w roku, gdy fani kolarstwa ciesz\u0105 si\u0119, \u017ce jednak nie s\u0105 zawodowcami. Dlaczego? Kilka powod\u00f3w [&hellip;]\" \/>\n<meta property=\"og:url\" content=\"https:\/\/www.welovecycling.com\/pl\/2019\/01\/03\/tego-dnia-lepiej-nie-byc-kolarzem\/\" \/>\n<meta property=\"og:site_name\" content=\"\u0160koda We Love Cycling - Poland\" \/>\n<meta property=\"article:published_time\" content=\"2019-01-03T16:35:59+00:00\" \/>\n<meta property=\"article:modified_time\" content=\"2019-01-22T14:02:42+00:00\" \/>\n<meta property=\"og:image\" content=\"https:\/\/d2p6e6u75xmxt8.cloudfront.net\/5\/2018\/12\/women-cvr-1024x450.jpg\" \/>\n\t<meta property=\"og:image:width\" content=\"1024\" \/>\n\t<meta property=\"og:image:height\" content=\"450\" \/>\n\t<meta property=\"og:image:type\" content=\"image\/jpeg\" \/>\n<meta name=\"author\" content=\"piotrboczkowski\" \/>\n<meta name=\"twitter:card\" content=\"summary_large_image\" \/>\n<meta name=\"twitter:label1\" content=\"Written by\" \/>\n\t<meta name=\"twitter:data1\" content=\"Piotr Jawor\" \/>\n\t<meta name=\"twitter:label2\" content=\"Est. reading time\" \/>\n\t<meta name=\"twitter:data2\" content=\"3\" \/>\n<script type=\"application\/ld+json\" class=\"yoast-schema-graph\">{\"@context\":\"https:\/\/schema.org\",\"@graph\":[{\"@type\":\"WebPage\",\"@id\":\"https:\/\/www.welovecycling.com\/pl\/2019\/01\/03\/tego-dnia-lepiej-nie-byc-kolarzem\/\",\"url\":\"https:\/\/www.welovecycling.com\/pl\/2019\/01\/03\/tego-dnia-lepiej-nie-byc-kolarzem\/\",\"name\":\"Tego dnia lepiej nie by\u0107 kolarzem\u2026 - \u0160koda We Love Cycling - Poland\",\"isPartOf\":{\"@id\":\"https:\/\/www.welovecycling.com\/pl\/#website\"},\"primaryImageOfPage\":{\"@id\":\"https:\/\/www.welovecycling.com\/pl\/2019\/01\/03\/tego-dnia-lepiej-nie-byc-kolarzem\/#primaryimage\"},\"image\":{\"@id\":\"https:\/\/www.welovecycling.com\/pl\/2019\/01\/03\/tego-dnia-lepiej-nie-byc-kolarzem\/#primaryimage\"},\"thumbnailUrl\":\"https:\/\/d2p6e6u75xmxt8.cloudfront.net\/5\/2018\/12\/women-cvr-1024x450.jpg\",\"datePublished\":\"2019-01-03T16:35:59+00:00\",\"dateModified\":\"2019-01-22T14:02:42+00:00\",\"author\":{\"@id\":\"https:\/\/www.welovecycling.com\/pl\/#\/schema\/person\/0dba2d39da943db9df3fd8f4687e7f23\"},\"breadcrumb\":{\"@id\":\"https:\/\/www.welovecycling.com\/pl\/2019\/01\/03\/tego-dnia-lepiej-nie-byc-kolarzem\/#breadcrumb\"},\"inLanguage\":\"pl-PL\",\"potentialAction\":[{\"@type\":\"ReadAction\",\"target\":[\"https:\/\/www.welovecycling.com\/pl\/2019\/01\/03\/tego-dnia-lepiej-nie-byc-kolarzem\/\"]}]},{\"@type\":\"ImageObject\",\"inLanguage\":\"pl-PL\",\"@id\":\"https:\/\/www.welovecycling.com\/pl\/2019\/01\/03\/tego-dnia-lepiej-nie-byc-kolarzem\/#primaryimage\",\"url\":\"https:\/\/d2p6e6u75xmxt8.cloudfront.net\/5\/2018\/12\/women-cvr-1024x450.jpg\",\"contentUrl\":\"https:\/\/d2p6e6u75xmxt8.cloudfront.net\/5\/2018\/12\/women-cvr-1024x450.jpg\",\"width\":1024,\"height\":450},{\"@type\":\"BreadcrumbList\",\"@id\":\"https:\/\/www.welovecycling.com\/pl\/2019\/01\/03\/tego-dnia-lepiej-nie-byc-kolarzem\/#breadcrumb\",\"itemListElement\":[{\"@type\":\"ListItem\",\"position\":1,\"name\":\"Home\",\"item\":\"https:\/\/www.welovecycling.com\/pl\/\"},{\"@type\":\"ListItem\",\"position\":2,\"name\":\"Tego dnia lepiej nie by\u0107 kolarzem\u2026\"}]},{\"@type\":\"WebSite\",\"@id\":\"https:\/\/www.welovecycling.com\/pl\/#website\",\"url\":\"https:\/\/www.welovecycling.com\/pl\/\",\"name\":\"\u0160koda We Love Cycling - Poland\",\"description\":\"\",\"potentialAction\":[{\"@type\":\"SearchAction\",\"target\":{\"@type\":\"EntryPoint\",\"urlTemplate\":\"https:\/\/www.welovecycling.com\/pl\/?s={search_term_string}\"},\"query-input\":{\"@type\":\"PropertyValueSpecification\",\"valueRequired\":true,\"valueName\":\"search_term_string\"}}],\"inLanguage\":\"pl-PL\"},{\"@type\":\"Person\",\"@id\":\"https:\/\/www.welovecycling.com\/pl\/#\/schema\/person\/0dba2d39da943db9df3fd8f4687e7f23\",\"name\":\"piotrboczkowski\",\"image\":{\"@type\":\"ImageObject\",\"inLanguage\":\"pl-PL\",\"@id\":\"https:\/\/www.welovecycling.com\/pl\/#\/schema\/person\/image\/\",\"url\":\"https:\/\/secure.gravatar.com\/avatar\/533caccae14752e03a2ce2d3fd62d1b98b93e1393c3195c27819e53344ca1ace?s=96&d=mm&r=g\",\"contentUrl\":\"https:\/\/secure.gravatar.com\/avatar\/533caccae14752e03a2ce2d3fd62d1b98b93e1393c3195c27819e53344ca1ace?s=96&d=mm&r=g\",\"caption\":\"piotrboczkowski\"},\"url\":\"https:\/\/www.welovecycling.com\/pl\/author\/piotrboczkowski\/\"}]}<\/script>\n<!-- \/ Yoast SEO Premium plugin. -->","yoast_head_json":{"title":"Tego dnia lepiej nie by\u0107 kolarzem\u2026 - \u0160koda We Love Cycling - Poland","robots":{"index":"index","follow":"follow","max-snippet":"max-snippet:-1","max-image-preview":"max-image-preview:large","max-video-preview":"max-video-preview:-1"},"canonical":"https:\/\/www.welovecycling.com\/pl\/2019\/01\/03\/tego-dnia-lepiej-nie-byc-kolarzem\/","og_locale":"pl_PL","og_type":"article","og_title":"Tego dnia lepiej nie by\u0107 kolarzem\u2026","og_description":"To jeden z niewielu moment\u00f3w w roku, gdy fani kolarstwa ciesz\u0105 si\u0119, \u017ce jednak nie s\u0105 zawodowcami. Dlaczego? Kilka powod\u00f3w [&hellip;]","og_url":"https:\/\/www.welovecycling.com\/pl\/2019\/01\/03\/tego-dnia-lepiej-nie-byc-kolarzem\/","og_site_name":"\u0160koda We Love Cycling - Poland","article_published_time":"2019-01-03T16:35:59+00:00","article_modified_time":"2019-01-22T14:02:42+00:00","og_image":[{"width":1024,"height":450,"url":"https:\/\/d2p6e6u75xmxt8.cloudfront.net\/5\/2018\/12\/women-cvr-1024x450.jpg","type":"image\/jpeg"}],"author":"piotrboczkowski","twitter_card":"summary_large_image","twitter_misc":{"Written by":"Piotr Jawor","Est. reading time":"3"},"schema":{"@context":"https:\/\/schema.org","@graph":[{"@type":"WebPage","@id":"https:\/\/www.welovecycling.com\/pl\/2019\/01\/03\/tego-dnia-lepiej-nie-byc-kolarzem\/","url":"https:\/\/www.welovecycling.com\/pl\/2019\/01\/03\/tego-dnia-lepiej-nie-byc-kolarzem\/","name":"Tego dnia lepiej nie by\u0107 kolarzem\u2026 - \u0160koda We Love Cycling - Poland","isPartOf":{"@id":"https:\/\/www.welovecycling.com\/pl\/#website"},"primaryImageOfPage":{"@id":"https:\/\/www.welovecycling.com\/pl\/2019\/01\/03\/tego-dnia-lepiej-nie-byc-kolarzem\/#primaryimage"},"image":{"@id":"https:\/\/www.welovecycling.com\/pl\/2019\/01\/03\/tego-dnia-lepiej-nie-byc-kolarzem\/#primaryimage"},"thumbnailUrl":"https:\/\/d2p6e6u75xmxt8.cloudfront.net\/5\/2018\/12\/women-cvr-1024x450.jpg","datePublished":"2019-01-03T16:35:59+00:00","dateModified":"2019-01-22T14:02:42+00:00","author":{"@id":"https:\/\/www.welovecycling.com\/pl\/#\/schema\/person\/0dba2d39da943db9df3fd8f4687e7f23"},"breadcrumb":{"@id":"https:\/\/www.welovecycling.com\/pl\/2019\/01\/03\/tego-dnia-lepiej-nie-byc-kolarzem\/#breadcrumb"},"inLanguage":"pl-PL","potentialAction":[{"@type":"ReadAction","target":["https:\/\/www.welovecycling.com\/pl\/2019\/01\/03\/tego-dnia-lepiej-nie-byc-kolarzem\/"]}]},{"@type":"ImageObject","inLanguage":"pl-PL","@id":"https:\/\/www.welovecycling.com\/pl\/2019\/01\/03\/tego-dnia-lepiej-nie-byc-kolarzem\/#primaryimage","url":"https:\/\/d2p6e6u75xmxt8.cloudfront.net\/5\/2018\/12\/women-cvr-1024x450.jpg","contentUrl":"https:\/\/d2p6e6u75xmxt8.cloudfront.net\/5\/2018\/12\/women-cvr-1024x450.jpg","width":1024,"height":450},{"@type":"BreadcrumbList","@id":"https:\/\/www.welovecycling.com\/pl\/2019\/01\/03\/tego-dnia-lepiej-nie-byc-kolarzem\/#breadcrumb","itemListElement":[{"@type":"ListItem","position":1,"name":"Home","item":"https:\/\/www.welovecycling.com\/pl\/"},{"@type":"ListItem","position":2,"name":"Tego dnia lepiej nie by\u0107 kolarzem\u2026"}]},{"@type":"WebSite","@id":"https:\/\/www.welovecycling.com\/pl\/#website","url":"https:\/\/www.welovecycling.com\/pl\/","name":"\u0160koda We Love Cycling - Poland","description":"","potentialAction":[{"@type":"SearchAction","target":{"@type":"EntryPoint","urlTemplate":"https:\/\/www.welovecycling.com\/pl\/?s={search_term_string}"},"query-input":{"@type":"PropertyValueSpecification","valueRequired":true,"valueName":"search_term_string"}}],"inLanguage":"pl-PL"},{"@type":"Person","@id":"https:\/\/www.welovecycling.com\/pl\/#\/schema\/person\/0dba2d39da943db9df3fd8f4687e7f23","name":"piotrboczkowski","image":{"@type":"ImageObject","inLanguage":"pl-PL","@id":"https:\/\/www.welovecycling.com\/pl\/#\/schema\/person\/image\/","url":"https:\/\/secure.gravatar.com\/avatar\/533caccae14752e03a2ce2d3fd62d1b98b93e1393c3195c27819e53344ca1ace?s=96&d=mm&r=g","contentUrl":"https:\/\/secure.gravatar.com\/avatar\/533caccae14752e03a2ce2d3fd62d1b98b93e1393c3195c27819e53344ca1ace?s=96&d=mm&r=g","caption":"piotrboczkowski"},"url":"https:\/\/www.welovecycling.com\/pl\/author\/piotrboczkowski\/"}]}},"_links":{"self":[{"href":"https:\/\/www.welovecycling.com\/pl\/wp-json\/wp\/v2\/posts\/8296","targetHints":{"allow":["GET"]}}],"collection":[{"href":"https:\/\/www.welovecycling.com\/pl\/wp-json\/wp\/v2\/posts"}],"about":[{"href":"https:\/\/www.welovecycling.com\/pl\/wp-json\/wp\/v2\/types\/post"}],"author":[{"embeddable":true,"href":"https:\/\/www.welovecycling.com\/pl\/wp-json\/wp\/v2\/users\/76"}],"replies":[{"embeddable":true,"href":"https:\/\/www.welovecycling.com\/pl\/wp-json\/wp\/v2\/comments?post=8296"}],"version-history":[{"count":2,"href":"https:\/\/www.welovecycling.com\/pl\/wp-json\/wp\/v2\/posts\/8296\/revisions"}],"predecessor-version":[{"id":8393,"href":"https:\/\/www.welovecycling.com\/pl\/wp-json\/wp\/v2\/posts\/8296\/revisions\/8393"}],"wp:featuredmedia":[{"embeddable":true,"href":"https:\/\/www.welovecycling.com\/pl\/wp-json\/wp\/v2\/media\/8253"}],"wp:attachment":[{"href":"https:\/\/www.welovecycling.com\/pl\/wp-json\/wp\/v2\/media?parent=8296"}],"wp:term":[{"taxonomy":"category","embeddable":true,"href":"https:\/\/www.welovecycling.com\/pl\/wp-json\/wp\/v2\/categories?post=8296"},{"taxonomy":"post_tag","embeddable":true,"href":"https:\/\/www.welovecycling.com\/pl\/wp-json\/wp\/v2\/tags?post=8296"},{"taxonomy":"global-categories","embeddable":true,"href":"https:\/\/www.welovecycling.com\/pl\/wp-json\/wp\/v2\/global-categories?post=8296"}],"curies":[{"name":"wp","href":"https:\/\/api.w.org\/{rel}","templated":true}]}}