{"id":8289,"date":"2018-12-31T19:40:52","date_gmt":"2018-12-31T19:40:52","guid":{"rendered":"https:\/\/www.welovecycling.com\/pl\/?p=8289"},"modified":"2019-01-22T14:03:06","modified_gmt":"2019-01-22T14:03:06","slug":"przechowywanie-roweru-zima","status":"publish","type":"post","link":"https:\/\/www.welovecycling.com\/pl\/2018\/12\/31\/przechowywanie-roweru-zima\/","title":{"rendered":"Przechowywanie roweru zim\u0105"},"content":{"rendered":"<p><strong>Skoro jeste\u015b ju\u017c po kupnie <a href=\"https:\/\/www.welovecycling.com\/wide\/2018\/11\/21\/putting-your-bike-away-for-winter\/\">roweru zimowego<\/a>, pora pomy\u015ble\u0107 o przechowywaniu roweru letniego przez kilka nast\u0119pnych miesi\u0119cy. Oto, jak si\u0119 do tego zabra\u0107.<\/strong><\/p>\n<p><span style=\"font-size: 18pt;\"><strong>Mycie<\/strong><\/span><\/p>\n<p>Zanim temperatury spadn\u0105 zdecydowanie za nisko, umyj sw\u00f3j rower. Wykorzystaj okazj\u0119, p\u00f3ki letni smar spe\u0142nia swoj\u0105 funkcj\u0119, a \u0142a\u0144cuch jeszcze nie ucierpia\u0142 od zimowego brudu i b\u0142ota \u2013 to dotyczy zw\u0142aszcza szos\u00f3wek.<\/p>\n<div class=\"embed-controller-wrapper\">\n<div class=\"embed-wrapper\"><iframe title=\"How to Wash a Bike\" width=\"500\" height=\"281\" data-src=\"https:\/\/www.youtube.com\/embed\/B2sKhSDrugE?feature=oembed\" frameborder=\"0\" allow=\"accelerometer; autoplay; clipboard-write; encrypted-media; gyroscope; picture-in-picture; web-share\" referrerpolicy=\"strict-origin-when-cross-origin\" allowfullscreen><\/iframe><\/div>\n<\/div>\n<p>Zdejmij \u0142a\u0144cuch i od\u0142\u00f3\u017c na bok, gdy\u017c czeka go osobny zabieg. Dzi\u0119ki temu b\u0119dziesz mie\u0107 pewno\u015b\u0107 dotarcia do ka\u017cdego zakamarka ramy i ca\u0142ej reszty. Dobrze jest w tak skrupulatny spos\u00f3b zakonserwowa\u0107 rower na zim\u0119 \u2013 wiosn\u0105 podzi\u0119kujesz sobie za wysi\u0142ek.<\/p>\n<p><strong><span style=\"font-size: 18pt;\">Konserwacja \u0142a\u0144cucha<\/span><\/strong><\/p>\n<p>Teraz mo\u017cesz zaj\u0105\u0107 si\u0119 \u0142a\u0144cuchem. Usuni\u0119cie zalegaj\u0105cego b\u0142ota i brudu jest kluczowe nie tylko dla samego \u0142a\u0144cucha, ale dla ka\u017cdej innej cz\u0119\u015bci, z kt\u00f3r\u0105 ma kontakt. Twoja kaseta b\u0119dzie Ci wdzi\u0119czna. Zobacz film na temat naszej ulubionej metody odt\u0142uszczania \u0142a\u0144cucha rowerowego.<\/p>\n<div class=\"embed-controller-wrapper\">\n<div class=\"embed-wrapper\"><iframe title=\"How to effectively clean a REMOVABLE bicycle chain - the quick and easy way.\" width=\"500\" height=\"375\" data-src=\"https:\/\/www.youtube.com\/embed\/8JxtMu2W_u0?feature=oembed\" frameborder=\"0\" allow=\"accelerometer; autoplay; clipboard-write; encrypted-media; gyroscope; picture-in-picture; web-share\" referrerpolicy=\"strict-origin-when-cross-origin\" allowfullscreen><\/iframe><\/div>\n<\/div>\n<p>Nawet poza okresem przechowywania zalecamy system 3-\u0142a\u0144cuchowy: jeden \u0142a\u0144cuch na rowerze, jeden w odt\u0142uszczaniu, jeden susz\u0105cy si\u0119 na warsztacie. Dzi\u0119ki temu \u0142a\u0144cuchy przetrwaj\u0105 trzy razy d\u0142u\u017cej i nie b\u0119d\u0105 wywiera\u0107 takich obci\u0105\u017ce\u0144 na kasecie.<\/p>\n<p><span style=\"font-size: 18pt;\"><strong>Opony i d\u0119tki<\/strong><\/span><\/p>\n<p>W zasadzie powinno si\u0119 wiesza\u0107 rower za ram\u0119, je\u015bli si\u0119 go nie u\u017cywa przez d\u0142u\u017cszy czas. Ale je\u015bli to nie wchodzi w gr\u0119, napompuj opony do maksymalnego ci\u015bnienia, a potem sprawdzaj d\u0142oni\u0105 raz na tydzie\u0144, ile straci\u0142y powietrza.<\/p>\n<p>Je\u015bli straci\u0142y go na tyle du\u017co, \u017ce obr\u0119cz niemal przyciska do ziemi opon\u0119, napompuj j\u0105 znowu do pe\u0142nej obj\u0119to\u015bci. Mimo \u017ce uszkodzenie d\u0119tki w ten spos\u00f3b nie jest cz\u0119ste, to nawet lekkie rowery z w\u0142\u00f3kien w\u0119glowych ustawione na sflacza\u0142ych d\u0119tkach mog\u0105 je w ten spos\u00f3b nadwyr\u0119\u017cy\u0107. Po co ryzykowa\u0107?<\/p>\n<p><span style=\"font-size: 18pt;\"><strong>Nakrycie<\/strong><\/span><\/p>\n<p>Po wszystkich przygotowaniach do przechowywania roweru pora na jego odpowiednie zakrycie, aby unikn\u0105\u0107 kurzu. Pokrowce na ca\u0142y rower s\u0105 \u015bwietnym rozwi\u0105zaniem \u2013 ale warto wybra\u0107 taki, kt\u00f3ry zapewnia \u0142atwy dost\u0119p do opon, w razie gdyby zasz\u0142a potrzeba dopompowania.<\/p>\n<div class=\"embed-controller-wrapper\">\n<div class=\"embed-wrapper\"><iframe title=\"Top 10 Bike Covers [2018]: Bike Cover for 2 Bikes, Beeway\u00ae 190T Nylon Waterproof Bicycle Cover\" width=\"500\" height=\"281\" data-src=\"https:\/\/www.youtube.com\/embed\/-Ff9GciIKRc?feature=oembed\" frameborder=\"0\" allow=\"accelerometer; autoplay; clipboard-write; encrypted-media; gyroscope; picture-in-picture; web-share\" referrerpolicy=\"strict-origin-when-cross-origin\" allowfullscreen><\/iframe><\/div>\n<\/div>\n<p>We\u017a r\u00f3wnie\u017c pod uwag\u0119 otoczenie, w kt\u00f3rym przechowujesz sw\u00f3j sprz\u0119t. Je\u015bli zajmujesz si\u0119 np. stolark\u0105, co generuje sporo py\u0142u i trocin, to jeden ze wspomnianych pokrowc\u00f3w powinien spe\u0142ni\u0107 swoje zadanie. Je\u015bli przechowujesz rower w przydomowym gara\u017cu lub innym miejscu przeznaczonym na pojazdy, doskonale sprawdzi si\u0119 zwyk\u0142a <a href=\"https:\/\/www.screwfix.com\/p\/no-nonsense-cotton-twill-dust-sheet-6-x-3-\/20406?tc=QT6&amp;ds_kid=92700022649301004&amp;ds_rl=1241687&amp;ds_rl=1245250&amp;ds_rl=1243321&amp;ds_rl=1249481&amp;ds_rl=1245250&amp;gclid=CjwKCAiAuMTfBRAcEiwAV4SDkXET967n2eJmvDOqc-wyF3BUerq9dXfYTyx3RNqClRjMAuy7aKsCNhoCoiIQAvD_BwE&amp;gclsrc=aw.ds\">narzuta przeciwkurzowa<\/a>.<\/p>\n<p>http:\/\/www.skoda-auto.pl\/<\/p>\n","protected":false},"excerpt":{"rendered":"<p>Skoro jeste\u015b ju\u017c po kupnie roweru zimowego, pora pomy\u015ble\u0107 o przechowywaniu roweru letniego przez kilka nast\u0119pnych miesi\u0119cy. Oto, jak si\u0119 [&hellip;]<\/p>\n","protected":false},"author":76,"featured_media":8290,"comment_status":"open","ping_status":"open","sticky":false,"template":"","format":"standard","meta":{"footnotes":""},"categories":[6],"tags":[],"global-categories":[],"class_list":["post-8289","post","type-post","status-publish","format-standard","has-post-thumbnail","hentry","category-kolarstwo-szosowe"],"yoast_head":"<!-- This site is optimized with the Yoast SEO Premium plugin v25.3 (Yoast SEO v25.9) - https:\/\/yoast.com\/wordpress\/plugins\/seo\/ -->\n<title>Przechowywanie roweru zim\u0105 - \u0160koda We Love Cycling - Poland<\/title>\n<meta name=\"robots\" content=\"index, follow, max-snippet:-1, max-image-preview:large, max-video-preview:-1\" \/>\n<link rel=\"canonical\" href=\"https:\/\/www.welovecycling.com\/pl\/2018\/12\/31\/przechowywanie-roweru-zima\/\" \/>\n<meta property=\"og:locale\" content=\"pl_PL\" \/>\n<meta property=\"og:type\" content=\"article\" \/>\n<meta property=\"og:title\" content=\"Przechowywanie roweru zim\u0105\" \/>\n<meta property=\"og:description\" content=\"Skoro jeste\u015b ju\u017c po kupnie roweru zimowego, pora pomy\u015ble\u0107 o przechowywaniu roweru letniego przez kilka nast\u0119pnych miesi\u0119cy. Oto, jak si\u0119 [&hellip;]\" \/>\n<meta property=\"og:url\" content=\"https:\/\/www.welovecycling.com\/pl\/2018\/12\/31\/przechowywanie-roweru-zima\/\" \/>\n<meta property=\"og:site_name\" content=\"\u0160koda We Love Cycling - Poland\" \/>\n<meta property=\"article:published_time\" content=\"2018-12-31T19:40:52+00:00\" \/>\n<meta property=\"article:modified_time\" content=\"2019-01-22T14:03:06+00:00\" \/>\n<meta property=\"og:image\" content=\"https:\/\/d2p6e6u75xmxt8.cloudfront.net\/5\/2019\/01\/Frozen-Bicycle-Winter-profimedia-0395647250-1024x450.jpg\" \/>\n\t<meta property=\"og:image:width\" content=\"1024\" \/>\n\t<meta property=\"og:image:height\" content=\"450\" \/>\n\t<meta property=\"og:image:type\" content=\"image\/jpeg\" \/>\n<meta name=\"author\" content=\"piotrboczkowski\" \/>\n<meta name=\"twitter:card\" content=\"summary_large_image\" \/>\n<meta name=\"twitter:label1\" content=\"Written by\" \/>\n\t<meta name=\"twitter:data1\" content=\"Christopher Ashley\" \/>\n\t<meta name=\"twitter:label2\" content=\"Est. reading time\" \/>\n\t<meta name=\"twitter:data2\" content=\"5\" \/>\n<script type=\"application\/ld+json\" class=\"yoast-schema-graph\">{\"@context\":\"https:\/\/schema.org\",\"@graph\":[{\"@type\":\"WebPage\",\"@id\":\"https:\/\/www.welovecycling.com\/pl\/2018\/12\/31\/przechowywanie-roweru-zima\/\",\"url\":\"https:\/\/www.welovecycling.com\/pl\/2018\/12\/31\/przechowywanie-roweru-zima\/\",\"name\":\"Przechowywanie roweru zim\u0105 - \u0160koda We Love Cycling - Poland\",\"isPartOf\":{\"@id\":\"https:\/\/www.welovecycling.com\/pl\/#website\"},\"primaryImageOfPage\":{\"@id\":\"https:\/\/www.welovecycling.com\/pl\/2018\/12\/31\/przechowywanie-roweru-zima\/#primaryimage\"},\"image\":{\"@id\":\"https:\/\/www.welovecycling.com\/pl\/2018\/12\/31\/przechowywanie-roweru-zima\/#primaryimage\"},\"thumbnailUrl\":\"https:\/\/d2p6e6u75xmxt8.cloudfront.net\/5\/2019\/01\/Frozen-Bicycle-Winter-profimedia-0395647250-1024x450.jpg\",\"datePublished\":\"2018-12-31T19:40:52+00:00\",\"dateModified\":\"2019-01-22T14:03:06+00:00\",\"author\":{\"@id\":\"https:\/\/www.welovecycling.com\/pl\/#\/schema\/person\/0dba2d39da943db9df3fd8f4687e7f23\"},\"breadcrumb\":{\"@id\":\"https:\/\/www.welovecycling.com\/pl\/2018\/12\/31\/przechowywanie-roweru-zima\/#breadcrumb\"},\"inLanguage\":\"pl-PL\",\"potentialAction\":[{\"@type\":\"ReadAction\",\"target\":[\"https:\/\/www.welovecycling.com\/pl\/2018\/12\/31\/przechowywanie-roweru-zima\/\"]}]},{\"@type\":\"ImageObject\",\"inLanguage\":\"pl-PL\",\"@id\":\"https:\/\/www.welovecycling.com\/pl\/2018\/12\/31\/przechowywanie-roweru-zima\/#primaryimage\",\"url\":\"https:\/\/d2p6e6u75xmxt8.cloudfront.net\/5\/2019\/01\/Frozen-Bicycle-Winter-profimedia-0395647250-1024x450.jpg\",\"contentUrl\":\"https:\/\/d2p6e6u75xmxt8.cloudfront.net\/5\/2019\/01\/Frozen-Bicycle-Winter-profimedia-0395647250-1024x450.jpg\",\"width\":1024,\"height\":450},{\"@type\":\"BreadcrumbList\",\"@id\":\"https:\/\/www.welovecycling.com\/pl\/2018\/12\/31\/przechowywanie-roweru-zima\/#breadcrumb\",\"itemListElement\":[{\"@type\":\"ListItem\",\"position\":1,\"name\":\"Home\",\"item\":\"https:\/\/www.welovecycling.com\/pl\/\"},{\"@type\":\"ListItem\",\"position\":2,\"name\":\"Przechowywanie roweru zim\u0105\"}]},{\"@type\":\"WebSite\",\"@id\":\"https:\/\/www.welovecycling.com\/pl\/#website\",\"url\":\"https:\/\/www.welovecycling.com\/pl\/\",\"name\":\"\u0160koda We Love Cycling - Poland\",\"description\":\"\",\"potentialAction\":[{\"@type\":\"SearchAction\",\"target\":{\"@type\":\"EntryPoint\",\"urlTemplate\":\"https:\/\/www.welovecycling.com\/pl\/?s={search_term_string}\"},\"query-input\":{\"@type\":\"PropertyValueSpecification\",\"valueRequired\":true,\"valueName\":\"search_term_string\"}}],\"inLanguage\":\"pl-PL\"},{\"@type\":\"Person\",\"@id\":\"https:\/\/www.welovecycling.com\/pl\/#\/schema\/person\/0dba2d39da943db9df3fd8f4687e7f23\",\"name\":\"piotrboczkowski\",\"image\":{\"@type\":\"ImageObject\",\"inLanguage\":\"pl-PL\",\"@id\":\"https:\/\/www.welovecycling.com\/pl\/#\/schema\/person\/image\/\",\"url\":\"https:\/\/secure.gravatar.com\/avatar\/533caccae14752e03a2ce2d3fd62d1b98b93e1393c3195c27819e53344ca1ace?s=96&d=mm&r=g\",\"contentUrl\":\"https:\/\/secure.gravatar.com\/avatar\/533caccae14752e03a2ce2d3fd62d1b98b93e1393c3195c27819e53344ca1ace?s=96&d=mm&r=g\",\"caption\":\"piotrboczkowski\"},\"url\":\"https:\/\/www.welovecycling.com\/pl\/author\/piotrboczkowski\/\"}]}<\/script>\n<!-- \/ Yoast SEO Premium plugin. -->","yoast_head_json":{"title":"Przechowywanie roweru zim\u0105 - \u0160koda We Love Cycling - Poland","robots":{"index":"index","follow":"follow","max-snippet":"max-snippet:-1","max-image-preview":"max-image-preview:large","max-video-preview":"max-video-preview:-1"},"canonical":"https:\/\/www.welovecycling.com\/pl\/2018\/12\/31\/przechowywanie-roweru-zima\/","og_locale":"pl_PL","og_type":"article","og_title":"Przechowywanie roweru zim\u0105","og_description":"Skoro jeste\u015b ju\u017c po kupnie roweru zimowego, pora pomy\u015ble\u0107 o przechowywaniu roweru letniego przez kilka nast\u0119pnych miesi\u0119cy. Oto, jak si\u0119 [&hellip;]","og_url":"https:\/\/www.welovecycling.com\/pl\/2018\/12\/31\/przechowywanie-roweru-zima\/","og_site_name":"\u0160koda We Love Cycling - Poland","article_published_time":"2018-12-31T19:40:52+00:00","article_modified_time":"2019-01-22T14:03:06+00:00","og_image":[{"width":1024,"height":450,"url":"https:\/\/d2p6e6u75xmxt8.cloudfront.net\/5\/2019\/01\/Frozen-Bicycle-Winter-profimedia-0395647250-1024x450.jpg","type":"image\/jpeg"}],"author":"piotrboczkowski","twitter_card":"summary_large_image","twitter_misc":{"Written by":"Christopher Ashley","Est. reading time":"5"},"schema":{"@context":"https:\/\/schema.org","@graph":[{"@type":"WebPage","@id":"https:\/\/www.welovecycling.com\/pl\/2018\/12\/31\/przechowywanie-roweru-zima\/","url":"https:\/\/www.welovecycling.com\/pl\/2018\/12\/31\/przechowywanie-roweru-zima\/","name":"Przechowywanie roweru zim\u0105 - \u0160koda We Love Cycling - Poland","isPartOf":{"@id":"https:\/\/www.welovecycling.com\/pl\/#website"},"primaryImageOfPage":{"@id":"https:\/\/www.welovecycling.com\/pl\/2018\/12\/31\/przechowywanie-roweru-zima\/#primaryimage"},"image":{"@id":"https:\/\/www.welovecycling.com\/pl\/2018\/12\/31\/przechowywanie-roweru-zima\/#primaryimage"},"thumbnailUrl":"https:\/\/d2p6e6u75xmxt8.cloudfront.net\/5\/2019\/01\/Frozen-Bicycle-Winter-profimedia-0395647250-1024x450.jpg","datePublished":"2018-12-31T19:40:52+00:00","dateModified":"2019-01-22T14:03:06+00:00","author":{"@id":"https:\/\/www.welovecycling.com\/pl\/#\/schema\/person\/0dba2d39da943db9df3fd8f4687e7f23"},"breadcrumb":{"@id":"https:\/\/www.welovecycling.com\/pl\/2018\/12\/31\/przechowywanie-roweru-zima\/#breadcrumb"},"inLanguage":"pl-PL","potentialAction":[{"@type":"ReadAction","target":["https:\/\/www.welovecycling.com\/pl\/2018\/12\/31\/przechowywanie-roweru-zima\/"]}]},{"@type":"ImageObject","inLanguage":"pl-PL","@id":"https:\/\/www.welovecycling.com\/pl\/2018\/12\/31\/przechowywanie-roweru-zima\/#primaryimage","url":"https:\/\/d2p6e6u75xmxt8.cloudfront.net\/5\/2019\/01\/Frozen-Bicycle-Winter-profimedia-0395647250-1024x450.jpg","contentUrl":"https:\/\/d2p6e6u75xmxt8.cloudfront.net\/5\/2019\/01\/Frozen-Bicycle-Winter-profimedia-0395647250-1024x450.jpg","width":1024,"height":450},{"@type":"BreadcrumbList","@id":"https:\/\/www.welovecycling.com\/pl\/2018\/12\/31\/przechowywanie-roweru-zima\/#breadcrumb","itemListElement":[{"@type":"ListItem","position":1,"name":"Home","item":"https:\/\/www.welovecycling.com\/pl\/"},{"@type":"ListItem","position":2,"name":"Przechowywanie roweru zim\u0105"}]},{"@type":"WebSite","@id":"https:\/\/www.welovecycling.com\/pl\/#website","url":"https:\/\/www.welovecycling.com\/pl\/","name":"\u0160koda We Love Cycling - Poland","description":"","potentialAction":[{"@type":"SearchAction","target":{"@type":"EntryPoint","urlTemplate":"https:\/\/www.welovecycling.com\/pl\/?s={search_term_string}"},"query-input":{"@type":"PropertyValueSpecification","valueRequired":true,"valueName":"search_term_string"}}],"inLanguage":"pl-PL"},{"@type":"Person","@id":"https:\/\/www.welovecycling.com\/pl\/#\/schema\/person\/0dba2d39da943db9df3fd8f4687e7f23","name":"piotrboczkowski","image":{"@type":"ImageObject","inLanguage":"pl-PL","@id":"https:\/\/www.welovecycling.com\/pl\/#\/schema\/person\/image\/","url":"https:\/\/secure.gravatar.com\/avatar\/533caccae14752e03a2ce2d3fd62d1b98b93e1393c3195c27819e53344ca1ace?s=96&d=mm&r=g","contentUrl":"https:\/\/secure.gravatar.com\/avatar\/533caccae14752e03a2ce2d3fd62d1b98b93e1393c3195c27819e53344ca1ace?s=96&d=mm&r=g","caption":"piotrboczkowski"},"url":"https:\/\/www.welovecycling.com\/pl\/author\/piotrboczkowski\/"}]}},"_links":{"self":[{"href":"https:\/\/www.welovecycling.com\/pl\/wp-json\/wp\/v2\/posts\/8289","targetHints":{"allow":["GET"]}}],"collection":[{"href":"https:\/\/www.welovecycling.com\/pl\/wp-json\/wp\/v2\/posts"}],"about":[{"href":"https:\/\/www.welovecycling.com\/pl\/wp-json\/wp\/v2\/types\/post"}],"author":[{"embeddable":true,"href":"https:\/\/www.welovecycling.com\/pl\/wp-json\/wp\/v2\/users\/76"}],"replies":[{"embeddable":true,"href":"https:\/\/www.welovecycling.com\/pl\/wp-json\/wp\/v2\/comments?post=8289"}],"version-history":[{"count":2,"href":"https:\/\/www.welovecycling.com\/pl\/wp-json\/wp\/v2\/posts\/8289\/revisions"}],"predecessor-version":[{"id":8394,"href":"https:\/\/www.welovecycling.com\/pl\/wp-json\/wp\/v2\/posts\/8289\/revisions\/8394"}],"wp:featuredmedia":[{"embeddable":true,"href":"https:\/\/www.welovecycling.com\/pl\/wp-json\/wp\/v2\/media\/8290"}],"wp:attachment":[{"href":"https:\/\/www.welovecycling.com\/pl\/wp-json\/wp\/v2\/media?parent=8289"}],"wp:term":[{"taxonomy":"category","embeddable":true,"href":"https:\/\/www.welovecycling.com\/pl\/wp-json\/wp\/v2\/categories?post=8289"},{"taxonomy":"post_tag","embeddable":true,"href":"https:\/\/www.welovecycling.com\/pl\/wp-json\/wp\/v2\/tags?post=8289"},{"taxonomy":"global-categories","embeddable":true,"href":"https:\/\/www.welovecycling.com\/pl\/wp-json\/wp\/v2\/global-categories?post=8289"}],"curies":[{"name":"wp","href":"https:\/\/api.w.org\/{rel}","templated":true}]}}