{"id":8280,"date":"2018-12-28T20:30:07","date_gmt":"2018-12-28T20:30:07","guid":{"rendered":"https:\/\/www.welovecycling.com\/pl\/?p=8280"},"modified":"2019-01-22T14:04:16","modified_gmt":"2019-01-22T14:04:16","slug":"swieta-zawodowca-35-godzin-i-ponad-tysiac-przejechanych-kilometrow","status":"publish","type":"post","link":"https:\/\/www.welovecycling.com\/pl\/2018\/12\/28\/swieta-zawodowca-35-godzin-i-ponad-tysiac-przejechanych-kilometrow\/","title":{"rendered":"\u015awi\u0119ta zawodowca &#8211; 35 godzin i ponad tysi\u0105c przejechanych kilometr\u00f3w"},"content":{"rendered":"<p><strong>To moment, na kt\u00f3ry czekaj\u0105 z ut\u0119sknieniem. Rozpiska \u017cywieniowa na chwil\u0119 idzie w odstawk\u0119, rower odpoczywa w gara\u017cu, a licz\u0105 si\u0119 tylko najbli\u017csi, bo wkr\u00f3tce zn\u00f3w b\u0119dzie trzeba ich zostawi\u0107 na d\u0142ugie tygodnie. Sprawdzili\u015bmy, jak najlepsi kolarze sp\u0119dzili \u015bwi\u0119ta.<\/strong><\/p>\n<p>Niekt\u00f3rzy dni do urlopu odliczali niczym uczniowie czekaj\u0105cy na wakacje. I jak to cz\u0119sto z ostatnim dniem przed przerw\u0105 bywa, zawodnicy sp\u0119dzaj\u0105 go z przymru\u017ceniem oka.<\/p>\n<p>\u201eOstatnia przed\u015bwi\u0105teczna jazda na Majorce. Zesp\u00f3\u0142 czuje si\u0119 \u015bwietnie\u201d \u2013 napisa\u0142 Team Sky na Twitterze i z okazji \u015bwi\u0105t przygotowa\u0142 dla swoich fan\u00f3w specjalny film.<\/p>\n<div class=\"embed-controller-wrapper\">\n<blockquote class=\"twitter-tweet\" data-width=\"500\" data-dnt=\"true\">\n<p lang=\"en\" dir=\"ltr\">It\u2019s the last training ride before Christmas in Mallorca and the team are feeling festive\u2026<\/p>\n<p>\ud83c\udf84\ud83c\udf84\ud83c\udf84 Merry Christmas from everyone at Team Sky! \ud83c\udf84\ud83c\udf84\ud83c\udf84 <a href=\"https:\/\/t.co\/rp5A8EEPXy\">pic.twitter.com\/rp5A8EEPXy<\/a><\/p>\n<p>&mdash; INEOS Grenadiers (@INEOSGrenadiers) <a href=\"https:\/\/twitter.com\/INEOSGrenadiers\/status\/1075707195868749829?ref_src=twsrc%5Etfw\">December 20, 2018<\/a><\/p><\/blockquote>\n<p><script async data-src=\"https:\/\/platform.twitter.com\/widgets.js\" charset=\"utf-8\"><\/script><\/div>\n<p>Okres oko\u0142o\u015bwi\u0105teczny to czas dla rodziny, co jednak nie oznacza, \u017ce nie da si\u0119 go po\u0142\u0105czy\u0107 z treningiem.<\/p>\n<p>Pami\u0119tacie chyba najs\u0142ynniejsze dziecko kojarzone z kolarstwem w poprzednim roku? W\u00f3wczas ten m\u0142odzian paradowa\u0142 z tat\u0105 po mecie Tour de France w miniaturze \u017c\u00f3\u0142tej koszulki lidera, a teraz zagania\u0142 ojca do jak najszybszej jazdy. W\u0142a\u015bnie tak do Bo\u017cego Narodzenia (i przysz\u0142orocznych start\u00f3w) przygotowywa\u0142 si\u0119 Christopher Froome, kt\u00f3ry w 2019 r. b\u0119dzie walczy\u0142 o do\u0142\u0105czenie do galerii s\u0142aw, czyli zawodnik\u00f3w, kt\u00f3rzy Wielk\u0105 P\u0119tl\u0119 wygrali pi\u0119ciokrotnie.<\/p>\n<div class=\"embed-controller-wrapper\">\n<blockquote class=\"twitter-tweet\" data-width=\"500\" data-dnt=\"true\">\n<p lang=\"en\" dir=\"ltr\">\u201cFaster DAD!!\u201d \ud83d\ude48\ud83d\ude05 <a href=\"https:\/\/t.co\/Wfk1hSeNsp\">pic.twitter.com\/Wfk1hSeNsp<\/a><\/p>\n<p>&mdash; Chris Froome (@chrisfroome) <a href=\"https:\/\/twitter.com\/chrisfroome\/status\/1075744617470013440?ref_src=twsrc%5Etfw\">December 20, 2018<\/a><\/p><\/blockquote>\n<p><script async data-src=\"https:\/\/platform.twitter.com\/widgets.js\" charset=\"utf-8\"><\/script><\/div>\n<p>Z kolei tegoroczny zwyci\u0119zca Wielkiej P\u0119tli &#8211; Geraint Thomas, oko\u0142o\u015bwi\u0105teczny czas sp\u0119dzi\u0142 na kolacji charytatywnej. I trzeba przyzna\u0107, \u017ce Walijczyk wraz z przyjaci\u00f3\u0142mi potrafi\u0105 si\u0119 zabawi\u0107<\/p>\n<p>https:\/\/www.instagram.com\/p\/Brn9R3llM_d\/<\/p>\n<p>Za to Primo\u017c Rogli\u0107 z kolegami zabawili si\u0119 w \u015bwi\u0119tych Miko\u0142aj\u00f3w. Akurat S\u0142oweniec lubi zim\u0119, bo przypomnijmy, \u017ce zanim zosta\u0142 \u015bwietnym kolarzem, to zdoby\u0142 tytu\u0142 dru\u017cynowego mistrza \u015bwiata w\u2026 skokach narciarskich.<\/p>\n<p>https:\/\/www.instagram.com\/p\/BrxkxJ6DCWg\/<\/p>\n<p>Pofolgowa\u0107 przy stole m\u00f3g\u0142 sobie za to Warren Barguil, kt\u00f3ry po tygodniu przed\u015bwi\u0105tecznych trening\u00f3w pochwali\u0142 si\u0119 osi\u0105gni\u0119ciami. Przyznacie, \u017ce ponad tysi\u0105c przejechanych kilometr\u00f3w, 35 godzin sp\u0119dzonych na rowerze i 22 tys. spalonych kilokalorii daj\u0105 prawo do tego, by si\u0119gn\u0105\u0107 po jeden kawa\u0142ek ciasta wi\u0119cej<\/p>\n<p>https:\/\/www.instagram.com\/p\/BrlIB55F66f\/<\/p>\n<p>\u015awi\u0105teczny nastr\u00f3j szybko porzuci\u0142 za to Micha\u0142 Kwiatkowski, kt\u00f3ry tu\u017c po Bo\u017cym Narodzeniu zdradzi\u0142 sw\u00f3j plan na najbli\u017cszy starty<\/p>\n<p>https:\/\/www.facebook.com\/kwiato\/posts\/2413468725362239<\/p>\n<p>Pomys\u0142owo\u015bci\u0105 b\u0142ysn\u0119li polscy fani kolarstwa, kt\u00f3rzy z okazji przerwy-\u015bwi\u0105teczno-noworocznej w mediach spo\u0142eczno\u015bciowych wymieniali si\u0119 takimi kartkami<\/p>\n<p>Za to my naszym Czytelnikom \u017cyczymy, by w 2019 roku nie by\u0142o dla nich szczyt\u00f3w nie do zdobycia. A je\u015bli kt\u00f3rego\u015b jednak nie uda si\u0119 sforsowa\u0107, to podejd\u017acie do tego jak Peter Sagan:<\/p>\n<p>\u201eNie zapomnijcie si\u0119 dobrze bawi\u0107 i od czasu do czasu si\u0119 po\u015bmia\u0107\u201d \u2013 napisa\u0142 S\u0142owak pod tym nagraniem<\/p>\n<p>https:\/\/www.instagram.com\/p\/Br0Y7QnoeDR\/<\/p>\n<p>http:\/\/www.skoda-auto.pl\/<\/p>\n","protected":false},"excerpt":{"rendered":"<p>To moment, na kt\u00f3ry czekaj\u0105 z ut\u0119sknieniem. Rozpiska \u017cywieniowa na chwil\u0119 idzie w odstawk\u0119, rower odpoczywa w gara\u017cu, a licz\u0105 [&hellip;]<\/p>\n","protected":false},"author":76,"featured_media":8093,"comment_status":"open","ping_status":"open","sticky":false,"template":"","format":"standard","meta":{"footnotes":""},"categories":[226],"tags":[],"global-categories":[],"class_list":["post-8280","post","type-post","status-publish","format-standard","has-post-thumbnail","hentry","category-ciekawostki"],"yoast_head":"<!-- This site is optimized with the Yoast SEO Premium plugin v25.3 (Yoast SEO v25.9) - https:\/\/yoast.com\/wordpress\/plugins\/seo\/ -->\n<title>\u015awi\u0119ta zawodowca - 35 godzin i ponad tysi\u0105c przejechanych kilometr\u00f3w - \u0160koda We Love Cycling - Poland<\/title>\n<meta name=\"robots\" content=\"index, follow, max-snippet:-1, max-image-preview:large, max-video-preview:-1\" \/>\n<link rel=\"canonical\" href=\"https:\/\/www.welovecycling.com\/pl\/2018\/12\/28\/swieta-zawodowca-35-godzin-i-ponad-tysiac-przejechanych-kilometrow\/\" \/>\n<meta property=\"og:locale\" content=\"pl_PL\" \/>\n<meta property=\"og:type\" content=\"article\" \/>\n<meta property=\"og:title\" content=\"\u015awi\u0119ta zawodowca - 35 godzin i ponad tysi\u0105c przejechanych kilometr\u00f3w\" \/>\n<meta property=\"og:description\" content=\"To moment, na kt\u00f3ry czekaj\u0105 z ut\u0119sknieniem. Rozpiska \u017cywieniowa na chwil\u0119 idzie w odstawk\u0119, rower odpoczywa w gara\u017cu, a licz\u0105 [&hellip;]\" \/>\n<meta property=\"og:url\" content=\"https:\/\/www.welovecycling.com\/pl\/2018\/12\/28\/swieta-zawodowca-35-godzin-i-ponad-tysiac-przejechanych-kilometrow\/\" \/>\n<meta property=\"og:site_name\" content=\"\u0160koda We Love Cycling - Poland\" \/>\n<meta property=\"article:published_time\" content=\"2018-12-28T20:30:07+00:00\" \/>\n<meta property=\"article:modified_time\" content=\"2019-01-22T14:04:16+00:00\" \/>\n<meta property=\"og:image\" content=\"https:\/\/d2p6e6u75xmxt8.cloudfront.net\/5\/2018\/11\/475745457457-1024x450.jpg\" \/>\n\t<meta property=\"og:image:width\" content=\"1024\" \/>\n\t<meta property=\"og:image:height\" content=\"450\" \/>\n\t<meta property=\"og:image:type\" content=\"image\/jpeg\" \/>\n<meta name=\"author\" content=\"piotrboczkowski\" \/>\n<meta name=\"twitter:card\" content=\"summary_large_image\" \/>\n<meta name=\"twitter:label1\" content=\"Written by\" \/>\n\t<meta name=\"twitter:data1\" content=\"Piotr Jawor\" \/>\n\t<meta name=\"twitter:label2\" content=\"Est. reading time\" \/>\n\t<meta name=\"twitter:data2\" content=\"4\" \/>\n<script type=\"application\/ld+json\" class=\"yoast-schema-graph\">{\"@context\":\"https:\/\/schema.org\",\"@graph\":[{\"@type\":\"WebPage\",\"@id\":\"https:\/\/www.welovecycling.com\/pl\/2018\/12\/28\/swieta-zawodowca-35-godzin-i-ponad-tysiac-przejechanych-kilometrow\/\",\"url\":\"https:\/\/www.welovecycling.com\/pl\/2018\/12\/28\/swieta-zawodowca-35-godzin-i-ponad-tysiac-przejechanych-kilometrow\/\",\"name\":\"\u015awi\u0119ta zawodowca - 35 godzin i ponad tysi\u0105c przejechanych kilometr\u00f3w - \u0160koda We Love Cycling - Poland\",\"isPartOf\":{\"@id\":\"https:\/\/www.welovecycling.com\/pl\/#website\"},\"primaryImageOfPage\":{\"@id\":\"https:\/\/www.welovecycling.com\/pl\/2018\/12\/28\/swieta-zawodowca-35-godzin-i-ponad-tysiac-przejechanych-kilometrow\/#primaryimage\"},\"image\":{\"@id\":\"https:\/\/www.welovecycling.com\/pl\/2018\/12\/28\/swieta-zawodowca-35-godzin-i-ponad-tysiac-przejechanych-kilometrow\/#primaryimage\"},\"thumbnailUrl\":\"https:\/\/d2p6e6u75xmxt8.cloudfront.net\/5\/2018\/11\/475745457457-1024x450.jpg\",\"datePublished\":\"2018-12-28T20:30:07+00:00\",\"dateModified\":\"2019-01-22T14:04:16+00:00\",\"author\":{\"@id\":\"https:\/\/www.welovecycling.com\/pl\/#\/schema\/person\/0dba2d39da943db9df3fd8f4687e7f23\"},\"breadcrumb\":{\"@id\":\"https:\/\/www.welovecycling.com\/pl\/2018\/12\/28\/swieta-zawodowca-35-godzin-i-ponad-tysiac-przejechanych-kilometrow\/#breadcrumb\"},\"inLanguage\":\"pl-PL\",\"potentialAction\":[{\"@type\":\"ReadAction\",\"target\":[\"https:\/\/www.welovecycling.com\/pl\/2018\/12\/28\/swieta-zawodowca-35-godzin-i-ponad-tysiac-przejechanych-kilometrow\/\"]}]},{\"@type\":\"ImageObject\",\"inLanguage\":\"pl-PL\",\"@id\":\"https:\/\/www.welovecycling.com\/pl\/2018\/12\/28\/swieta-zawodowca-35-godzin-i-ponad-tysiac-przejechanych-kilometrow\/#primaryimage\",\"url\":\"https:\/\/d2p6e6u75xmxt8.cloudfront.net\/5\/2018\/11\/475745457457-1024x450.jpg\",\"contentUrl\":\"https:\/\/d2p6e6u75xmxt8.cloudfront.net\/5\/2018\/11\/475745457457-1024x450.jpg\",\"width\":1024,\"height\":450},{\"@type\":\"BreadcrumbList\",\"@id\":\"https:\/\/www.welovecycling.com\/pl\/2018\/12\/28\/swieta-zawodowca-35-godzin-i-ponad-tysiac-przejechanych-kilometrow\/#breadcrumb\",\"itemListElement\":[{\"@type\":\"ListItem\",\"position\":1,\"name\":\"Home\",\"item\":\"https:\/\/www.welovecycling.com\/pl\/\"},{\"@type\":\"ListItem\",\"position\":2,\"name\":\"\u015awi\u0119ta zawodowca &#8211; 35 godzin i ponad tysi\u0105c przejechanych kilometr\u00f3w\"}]},{\"@type\":\"WebSite\",\"@id\":\"https:\/\/www.welovecycling.com\/pl\/#website\",\"url\":\"https:\/\/www.welovecycling.com\/pl\/\",\"name\":\"\u0160koda We Love Cycling - Poland\",\"description\":\"\",\"potentialAction\":[{\"@type\":\"SearchAction\",\"target\":{\"@type\":\"EntryPoint\",\"urlTemplate\":\"https:\/\/www.welovecycling.com\/pl\/?s={search_term_string}\"},\"query-input\":{\"@type\":\"PropertyValueSpecification\",\"valueRequired\":true,\"valueName\":\"search_term_string\"}}],\"inLanguage\":\"pl-PL\"},{\"@type\":\"Person\",\"@id\":\"https:\/\/www.welovecycling.com\/pl\/#\/schema\/person\/0dba2d39da943db9df3fd8f4687e7f23\",\"name\":\"piotrboczkowski\",\"image\":{\"@type\":\"ImageObject\",\"inLanguage\":\"pl-PL\",\"@id\":\"https:\/\/www.welovecycling.com\/pl\/#\/schema\/person\/image\/\",\"url\":\"https:\/\/secure.gravatar.com\/avatar\/533caccae14752e03a2ce2d3fd62d1b98b93e1393c3195c27819e53344ca1ace?s=96&d=mm&r=g\",\"contentUrl\":\"https:\/\/secure.gravatar.com\/avatar\/533caccae14752e03a2ce2d3fd62d1b98b93e1393c3195c27819e53344ca1ace?s=96&d=mm&r=g\",\"caption\":\"piotrboczkowski\"},\"url\":\"https:\/\/www.welovecycling.com\/pl\/author\/piotrboczkowski\/\"}]}<\/script>\n<!-- \/ Yoast SEO Premium plugin. -->","yoast_head_json":{"title":"\u015awi\u0119ta zawodowca - 35 godzin i ponad tysi\u0105c przejechanych kilometr\u00f3w - \u0160koda We Love Cycling - Poland","robots":{"index":"index","follow":"follow","max-snippet":"max-snippet:-1","max-image-preview":"max-image-preview:large","max-video-preview":"max-video-preview:-1"},"canonical":"https:\/\/www.welovecycling.com\/pl\/2018\/12\/28\/swieta-zawodowca-35-godzin-i-ponad-tysiac-przejechanych-kilometrow\/","og_locale":"pl_PL","og_type":"article","og_title":"\u015awi\u0119ta zawodowca - 35 godzin i ponad tysi\u0105c przejechanych kilometr\u00f3w","og_description":"To moment, na kt\u00f3ry czekaj\u0105 z ut\u0119sknieniem. Rozpiska \u017cywieniowa na chwil\u0119 idzie w odstawk\u0119, rower odpoczywa w gara\u017cu, a licz\u0105 [&hellip;]","og_url":"https:\/\/www.welovecycling.com\/pl\/2018\/12\/28\/swieta-zawodowca-35-godzin-i-ponad-tysiac-przejechanych-kilometrow\/","og_site_name":"\u0160koda We Love Cycling - Poland","article_published_time":"2018-12-28T20:30:07+00:00","article_modified_time":"2019-01-22T14:04:16+00:00","og_image":[{"width":1024,"height":450,"url":"https:\/\/d2p6e6u75xmxt8.cloudfront.net\/5\/2018\/11\/475745457457-1024x450.jpg","type":"image\/jpeg"}],"author":"piotrboczkowski","twitter_card":"summary_large_image","twitter_misc":{"Written by":"Piotr Jawor","Est. reading time":"4"},"schema":{"@context":"https:\/\/schema.org","@graph":[{"@type":"WebPage","@id":"https:\/\/www.welovecycling.com\/pl\/2018\/12\/28\/swieta-zawodowca-35-godzin-i-ponad-tysiac-przejechanych-kilometrow\/","url":"https:\/\/www.welovecycling.com\/pl\/2018\/12\/28\/swieta-zawodowca-35-godzin-i-ponad-tysiac-przejechanych-kilometrow\/","name":"\u015awi\u0119ta zawodowca - 35 godzin i ponad tysi\u0105c przejechanych kilometr\u00f3w - \u0160koda We Love Cycling - Poland","isPartOf":{"@id":"https:\/\/www.welovecycling.com\/pl\/#website"},"primaryImageOfPage":{"@id":"https:\/\/www.welovecycling.com\/pl\/2018\/12\/28\/swieta-zawodowca-35-godzin-i-ponad-tysiac-przejechanych-kilometrow\/#primaryimage"},"image":{"@id":"https:\/\/www.welovecycling.com\/pl\/2018\/12\/28\/swieta-zawodowca-35-godzin-i-ponad-tysiac-przejechanych-kilometrow\/#primaryimage"},"thumbnailUrl":"https:\/\/d2p6e6u75xmxt8.cloudfront.net\/5\/2018\/11\/475745457457-1024x450.jpg","datePublished":"2018-12-28T20:30:07+00:00","dateModified":"2019-01-22T14:04:16+00:00","author":{"@id":"https:\/\/www.welovecycling.com\/pl\/#\/schema\/person\/0dba2d39da943db9df3fd8f4687e7f23"},"breadcrumb":{"@id":"https:\/\/www.welovecycling.com\/pl\/2018\/12\/28\/swieta-zawodowca-35-godzin-i-ponad-tysiac-przejechanych-kilometrow\/#breadcrumb"},"inLanguage":"pl-PL","potentialAction":[{"@type":"ReadAction","target":["https:\/\/www.welovecycling.com\/pl\/2018\/12\/28\/swieta-zawodowca-35-godzin-i-ponad-tysiac-przejechanych-kilometrow\/"]}]},{"@type":"ImageObject","inLanguage":"pl-PL","@id":"https:\/\/www.welovecycling.com\/pl\/2018\/12\/28\/swieta-zawodowca-35-godzin-i-ponad-tysiac-przejechanych-kilometrow\/#primaryimage","url":"https:\/\/d2p6e6u75xmxt8.cloudfront.net\/5\/2018\/11\/475745457457-1024x450.jpg","contentUrl":"https:\/\/d2p6e6u75xmxt8.cloudfront.net\/5\/2018\/11\/475745457457-1024x450.jpg","width":1024,"height":450},{"@type":"BreadcrumbList","@id":"https:\/\/www.welovecycling.com\/pl\/2018\/12\/28\/swieta-zawodowca-35-godzin-i-ponad-tysiac-przejechanych-kilometrow\/#breadcrumb","itemListElement":[{"@type":"ListItem","position":1,"name":"Home","item":"https:\/\/www.welovecycling.com\/pl\/"},{"@type":"ListItem","position":2,"name":"\u015awi\u0119ta zawodowca &#8211; 35 godzin i ponad tysi\u0105c przejechanych kilometr\u00f3w"}]},{"@type":"WebSite","@id":"https:\/\/www.welovecycling.com\/pl\/#website","url":"https:\/\/www.welovecycling.com\/pl\/","name":"\u0160koda We Love Cycling - Poland","description":"","potentialAction":[{"@type":"SearchAction","target":{"@type":"EntryPoint","urlTemplate":"https:\/\/www.welovecycling.com\/pl\/?s={search_term_string}"},"query-input":{"@type":"PropertyValueSpecification","valueRequired":true,"valueName":"search_term_string"}}],"inLanguage":"pl-PL"},{"@type":"Person","@id":"https:\/\/www.welovecycling.com\/pl\/#\/schema\/person\/0dba2d39da943db9df3fd8f4687e7f23","name":"piotrboczkowski","image":{"@type":"ImageObject","inLanguage":"pl-PL","@id":"https:\/\/www.welovecycling.com\/pl\/#\/schema\/person\/image\/","url":"https:\/\/secure.gravatar.com\/avatar\/533caccae14752e03a2ce2d3fd62d1b98b93e1393c3195c27819e53344ca1ace?s=96&d=mm&r=g","contentUrl":"https:\/\/secure.gravatar.com\/avatar\/533caccae14752e03a2ce2d3fd62d1b98b93e1393c3195c27819e53344ca1ace?s=96&d=mm&r=g","caption":"piotrboczkowski"},"url":"https:\/\/www.welovecycling.com\/pl\/author\/piotrboczkowski\/"}]}},"_links":{"self":[{"href":"https:\/\/www.welovecycling.com\/pl\/wp-json\/wp\/v2\/posts\/8280","targetHints":{"allow":["GET"]}}],"collection":[{"href":"https:\/\/www.welovecycling.com\/pl\/wp-json\/wp\/v2\/posts"}],"about":[{"href":"https:\/\/www.welovecycling.com\/pl\/wp-json\/wp\/v2\/types\/post"}],"author":[{"embeddable":true,"href":"https:\/\/www.welovecycling.com\/pl\/wp-json\/wp\/v2\/users\/76"}],"replies":[{"embeddable":true,"href":"https:\/\/www.welovecycling.com\/pl\/wp-json\/wp\/v2\/comments?post=8280"}],"version-history":[{"count":2,"href":"https:\/\/www.welovecycling.com\/pl\/wp-json\/wp\/v2\/posts\/8280\/revisions"}],"predecessor-version":[{"id":8395,"href":"https:\/\/www.welovecycling.com\/pl\/wp-json\/wp\/v2\/posts\/8280\/revisions\/8395"}],"wp:featuredmedia":[{"embeddable":true,"href":"https:\/\/www.welovecycling.com\/pl\/wp-json\/wp\/v2\/media\/8093"}],"wp:attachment":[{"href":"https:\/\/www.welovecycling.com\/pl\/wp-json\/wp\/v2\/media?parent=8280"}],"wp:term":[{"taxonomy":"category","embeddable":true,"href":"https:\/\/www.welovecycling.com\/pl\/wp-json\/wp\/v2\/categories?post=8280"},{"taxonomy":"post_tag","embeddable":true,"href":"https:\/\/www.welovecycling.com\/pl\/wp-json\/wp\/v2\/tags?post=8280"},{"taxonomy":"global-categories","embeddable":true,"href":"https:\/\/www.welovecycling.com\/pl\/wp-json\/wp\/v2\/global-categories?post=8280"}],"curies":[{"name":"wp","href":"https:\/\/api.w.org\/{rel}","templated":true}]}}