{"id":8248,"date":"2018-12-18T10:18:34","date_gmt":"2018-12-18T10:18:34","guid":{"rendered":"https:\/\/www.welovecycling.com\/pl\/?p=8248"},"modified":"2019-01-22T14:05:54","modified_gmt":"2019-01-22T14:05:54","slug":"takich-kolarzy-juz-nie-ma-niezwykla-dieta-zwyciezcy-tour-de-france","status":"publish","type":"post","link":"https:\/\/www.welovecycling.com\/pl\/2018\/12\/18\/takich-kolarzy-juz-nie-ma-niezwykla-dieta-zwyciezcy-tour-de-france\/","title":{"rendered":"Takich kolarzy ju\u017c nie ma\u2026 Niezwyk\u0142a dieta zwyci\u0119zcy Tour de France!"},"content":{"rendered":"<p><strong>Legenda g\u0142osi, \u017ce potrafi\u0142 zje\u015b\u0107 sze\u015b\u0107 kotlet\u00f3w oraz omlet z 12 jajek i na takim paliwie peda\u0142owa\u0107 setki kilometr\u00f3w. I to peda\u0142owa\u0107 tak, \u017ce wygra\u0142 Tour de France! Poznajcie Francoisa Fabera, najci\u0119\u017cszego zwyci\u0119zc\u0119 w historii Wielkiej P\u0119tli.<\/strong><\/p>\n<p>Gdyby dzi\u015b pojawi\u0142 si\u0119 w peletonie, wygl\u0105da\u0142by jak Guliwer w Krainie Liliput\u00f3w. Ale nie pojawi\u0142by si\u0119, bo zamiast startu w najwi\u0119kszym wy\u015bcigu \u015bwiata, trenerzy odes\u0142aliby go na diet\u0119 i bieganie po g\u00f3rach w ortalionowym dresie.<\/p>\n<p>Kolarz wa\u017c\u0105cy 90 kg robi wra\u017canie. Wra\u017cenie przechodzi jednak w szok, gdy okazuje si\u0119, \u017ce Faber mia\u0142 zaledwie 178 cm wzrostu! Pewnie dlatego po wygraniu Tour de France w 1909 r., otrzyma\u0142 pseudonim \u201eWalec\u201d. Z t\u0105 maszyn\u0105 kojarzy\u0142a si\u0119 jego postura, ale na pewno nie szybko\u015b\u0107.<\/p>\n<figure id=\"attachment_8250\" aria-describedby=\"caption-attachment-8250\" style=\"width: 450px\" class=\"wp-caption aligncenter\"><a href=\"https:\/\/d2p6e6u75xmxt8.cloudfront.net\/5\/2018\/12\/1272542651Numeriser0006.jpg\"><img loading=\"lazy\" decoding=\"async\" class=\"size-full wp-image-8250\" src=\"https:\/\/d2p6e6u75xmxt8.cloudfront.net\/5\/2018\/12\/1272542651Numeriser0006.jpg\" alt=\"\" width=\"450\" height=\"600\" srcset=\"https:\/\/d2p6e6u75xmxt8.cloudfront.net\/5\/2018\/12\/1272542651Numeriser0006.jpg 450w, https:\/\/d2p6e6u75xmxt8.cloudfront.net\/5\/2018\/12\/1272542651Numeriser0006-225x300.jpg 225w\" sizes=\"auto, (max-width: 450px) 100vw, 450px\" \/><\/a><figcaption id=\"caption-attachment-8250\" class=\"wp-caption-text\">Fran\u00e7ois Faber<br \/>Photo: Courtesy Michel RENAUD<\/figcaption><\/figure>\n<p><strong>7 godzin sp\u00f3\u017anienia<\/strong><\/p>\n<p>\u017bycia nie mia\u0142 lekkiego. Ze szko\u0142y zrezygnowa\u0142 w wieku 13 lat i zacz\u0105\u0142 trudni\u0107 si\u0119 dorywczymi pracami: by\u0142 kelnerem, stolarzem, pracowa\u0142 te\u017c w stoczni. Gdy zatrudni\u0142 si\u0119 w porcie, spr\u00f3bowa\u0142 si\u0142 na rowerze. Na starcie walczy\u0142 jednak z utrzymaniem r\u00f3wnowagi, a nie z rywalami. Spodoba\u0142o mu si\u0119 to jednak na tyle, \u017ce wkr\u00f3tce mia\u0142 sw\u00f3j sprz\u0119t.<\/p>\n<p>Na pocz\u0105tku nie zdradza\u0142 wi\u0119kszego talentu. By\u0142 lepszy od r\u00f3wie\u015bnik\u00f3w, ale odstawa\u0142 od czo\u0142owych kolarzy i ju\u017c wtedy zastanawiano si\u0119, czy zawodnik o takich gabarytach ma w og\u00f3le szans\u0119 cokolwiek znaczy\u0107 w peletonie.<\/p>\n<p>Szczeg\u00f3lnie, \u017ce podczas pierwszego wyst\u0119pu na Tour de France (w 1906 roku) jeden z etap\u00f3w sko\u0144czy\u0142 o godzinie 9. Nie, nie o 21, tylko o 9 rano, czyli siedem godzin (!) po regulaminowym limicie czasu. Wtedy jednak Faber zaprezentowa\u0142 to, co wci\u0105gn\u0119\u0142o go na kolarski szczyt, czyli up\u00f3r i ambicj\u0119, bo mimo dyskwalifikacji, dalej jecha\u0142 w wy\u015bcigu. Po latach przyzna\u0142 jednak, \u017ce w\u00f3wczas zw\u0105tpi\u0142, czy w og\u00f3le ma predyspozycje do \u015bcigania si\u0119.<\/p>\n<p>P\u00f3\u017aniej by\u0142o coraz lepiej. Nie wynika\u0142o to jednak z radykalnej diety czy zrzucenia kilogram\u00f3w, a z poprawy umiej\u0119tno\u015bci. Pot\u0119\u017cnie zbudowany Faber robi\u0142 wielkie post\u0119py i w 1909 r. wygra\u0142 Tour de France, czego nigdy wcze\u015bniej, ani nigdy p\u00f3\u017aniej nie zrobi\u0142 pot\u0119\u017cniej zbudowany zawodnik.<\/p>\n<p>W tym roku g\u0142ow\u0119 zajmowa\u0142o mu jednak nie tylko kolarstwo, ale te\u017c trudny wyb\u00f3r: na jakie obywatelstwo si\u0119 zdecydowa\u0107. Do wyboru mia\u0142 francuskie lub luksemburskie i w ko\u0144cu postawi\u0142 na to drugie, bo chcia\u0142 unikn\u0105\u0107 obowi\u0105zkowej s\u0142u\u017cby wojskowej.<\/p>\n<p>Wojsko jednak i tak go nie omin\u0119\u0142o, ale wst\u0105pi\u0142 do niego z w\u0142asnej woli. Po wybuchu I wojny \u015bwiatowej zaci\u0105gn\u0105\u0142 si\u0119 do Legii\u00a0 Cudzoziemskiej. \u2013 Musia\u0142em to zrobi\u0107, bo Francji zawdzi\u0119czam niemal wszystko \u2013 podkre\u015bla\u0142.<\/p>\n<p>W 1915 r. zostaje uznany za zaginionego, a nast\u0119pnego dnia martwego. Sta\u0142o si\u0119 to dok\u0142adnie 10 maja, pi\u0119\u0107 dni po narodzinach c\u00f3rki, kt\u00f3rej nigdy nie zobaczy\u0142\u2026<\/p>\n<p><strong>Jedzenie to paliwo<\/strong><\/p>\n<p>Dzi\u015b ludzi postury Fabera w peletonie ju\u017c nie ma, bo kolarze budow\u0105 bardziej przypominaj\u0105 skoczk\u00f3w narciarskich. Chris Froome, najwi\u0119ksza gwiazda Tour de France ostatnich lat wa\u017cy 68 kilogram\u00f3w, ubieg\u0142oroczny zwyci\u0119zca Geraint Thomas 71 kg, Nairo Quintana 59 kg, a Rafa\u0142 Majka 58 kg. Wszystko dlatego, \u017ce odpowiednio zbilansowana dieta to nieod\u0142\u0105czny element zawodowego sportu.<\/p>\n<p>&#8211; \u201eMoje jedzenie to moje paliwo\u201d to motto ca\u0142ego \u017cywieniowego systemu w sporcie \u2013 pisa\u0142 dla We Love Cycling Bartosz Huzarski (wi\u0119cej tutaj https:\/\/www.welovecycling.com\/pl\/2017\/04\/19\/bartosz-huzarski-dieta-sportowca-jedza-kolarze\/).<\/p>\n<p>Szczeg\u00f3lnie w trakcie sezonu zawodowcy nie mog\u0105 pozwoli\u0107 sobie na rozpust\u0119 sk\u0142adaj\u0105c\u0105 si\u0119 z pustych kilokalorii, tylko dok\u0142adnie sprawdzaj\u0105 co i kiedy jedz\u0105. Je\u015bli jednak komu\u015b zdarzy si\u0119 przesadzi\u0107 \u2013 cho\u0107by przy wigilijnym stole \u2013 to jest wiele sposob\u00f3w, by odkupi\u0107 winy. O nich w wywiadzie dla We Love Cycling opowiada\u0142a Karolina Kozela-Paszek, dietetyk z wieloletnim do\u015bwiadczeniem, kt\u00f3ra przez 16 lat trenowa\u0142a kolarstwo.<\/p>\n<p>&#8211; Skupianie si\u0119, czy podczas wigilii zje\u015b\u0107 barszcz z uszkami czy z ziemniakami, nie ma wi\u0119kszego sensu, szczeg\u00f3lnie dla kogo\u015b, kto trenuje. Wa\u017cniejsze jest to, co dzieje si\u0119 p\u00f3\u017aniej \u2013 podkre\u015bla\u0142a (wywiad tutaj https:\/\/www.welovecycling.com\/pl\/2017\/12\/24\/potrzeba-treningow-by-spalic-swiateczne-obzarstwo\/).<\/p>\n<p>http:\/\/www.skoda-auto.pl\/<\/p>\n","protected":false},"excerpt":{"rendered":"<p>Legenda g\u0142osi, \u017ce potrafi\u0142 zje\u015b\u0107 sze\u015b\u0107 kotlet\u00f3w oraz omlet z 12 jajek i na takim paliwie peda\u0142owa\u0107 setki kilometr\u00f3w. I [&hellip;]<\/p>\n","protected":false},"author":76,"featured_media":8249,"comment_status":"open","ping_status":"open","sticky":false,"template":"","format":"standard","meta":{"footnotes":""},"categories":[226],"tags":[],"global-categories":[],"class_list":["post-8248","post","type-post","status-publish","format-standard","has-post-thumbnail","hentry","category-ciekawostki"],"yoast_head":"<!-- This site is optimized with the Yoast SEO Premium plugin v25.3 (Yoast SEO v25.9) - https:\/\/yoast.com\/wordpress\/plugins\/seo\/ -->\n<title>Takich kolarzy ju\u017c nie ma\u2026 Niezwyk\u0142a dieta zwyci\u0119zcy Tour de France! - \u0160koda We Love Cycling - Poland<\/title>\n<meta name=\"robots\" content=\"index, follow, max-snippet:-1, max-image-preview:large, max-video-preview:-1\" \/>\n<link rel=\"canonical\" href=\"https:\/\/www.welovecycling.com\/pl\/2018\/12\/18\/takich-kolarzy-juz-nie-ma-niezwykla-dieta-zwyciezcy-tour-de-france\/\" \/>\n<meta property=\"og:locale\" content=\"pl_PL\" \/>\n<meta property=\"og:type\" content=\"article\" \/>\n<meta property=\"og:title\" content=\"Takich kolarzy ju\u017c nie ma\u2026 Niezwyk\u0142a dieta zwyci\u0119zcy Tour de France!\" \/>\n<meta property=\"og:description\" content=\"Legenda g\u0142osi, \u017ce potrafi\u0142 zje\u015b\u0107 sze\u015b\u0107 kotlet\u00f3w oraz omlet z 12 jajek i na takim paliwie peda\u0142owa\u0107 setki kilometr\u00f3w. I [&hellip;]\" \/>\n<meta property=\"og:url\" content=\"https:\/\/www.welovecycling.com\/pl\/2018\/12\/18\/takich-kolarzy-juz-nie-ma-niezwykla-dieta-zwyciezcy-tour-de-france\/\" \/>\n<meta property=\"og:site_name\" content=\"\u0160koda We Love Cycling - Poland\" \/>\n<meta property=\"article:published_time\" content=\"2018-12-18T10:18:34+00:00\" \/>\n<meta property=\"article:modified_time\" content=\"2019-01-22T14:05:54+00:00\" \/>\n<meta property=\"og:image\" content=\"https:\/\/d2p6e6u75xmxt8.cloudfront.net\/5\/2018\/12\/54d5db6dc2a02b90d1e80c2bac696268.jpg\" \/>\n\t<meta property=\"og:image:width\" content=\"564\" \/>\n\t<meta property=\"og:image:height\" content=\"371\" \/>\n\t<meta property=\"og:image:type\" content=\"image\/jpeg\" \/>\n<meta name=\"author\" content=\"piotrboczkowski\" \/>\n<meta name=\"twitter:card\" content=\"summary_large_image\" \/>\n<meta name=\"twitter:label1\" content=\"Written by\" \/>\n\t<meta name=\"twitter:data1\" content=\"piotrboczkowski\" \/>\n\t<meta name=\"twitter:label2\" content=\"Est. reading time\" \/>\n\t<meta name=\"twitter:data2\" content=\"4 minutes\" \/>\n<script type=\"application\/ld+json\" class=\"yoast-schema-graph\">{\"@context\":\"https:\/\/schema.org\",\"@graph\":[{\"@type\":\"WebPage\",\"@id\":\"https:\/\/www.welovecycling.com\/pl\/2018\/12\/18\/takich-kolarzy-juz-nie-ma-niezwykla-dieta-zwyciezcy-tour-de-france\/\",\"url\":\"https:\/\/www.welovecycling.com\/pl\/2018\/12\/18\/takich-kolarzy-juz-nie-ma-niezwykla-dieta-zwyciezcy-tour-de-france\/\",\"name\":\"Takich kolarzy ju\u017c nie ma\u2026 Niezwyk\u0142a dieta zwyci\u0119zcy Tour de France! - \u0160koda We Love Cycling - Poland\",\"isPartOf\":{\"@id\":\"https:\/\/www.welovecycling.com\/pl\/#website\"},\"primaryImageOfPage\":{\"@id\":\"https:\/\/www.welovecycling.com\/pl\/2018\/12\/18\/takich-kolarzy-juz-nie-ma-niezwykla-dieta-zwyciezcy-tour-de-france\/#primaryimage\"},\"image\":{\"@id\":\"https:\/\/www.welovecycling.com\/pl\/2018\/12\/18\/takich-kolarzy-juz-nie-ma-niezwykla-dieta-zwyciezcy-tour-de-france\/#primaryimage\"},\"thumbnailUrl\":\"https:\/\/d2p6e6u75xmxt8.cloudfront.net\/5\/2018\/12\/54d5db6dc2a02b90d1e80c2bac696268.jpg\",\"datePublished\":\"2018-12-18T10:18:34+00:00\",\"dateModified\":\"2019-01-22T14:05:54+00:00\",\"author\":{\"@id\":\"https:\/\/www.welovecycling.com\/pl\/#\/schema\/person\/0dba2d39da943db9df3fd8f4687e7f23\"},\"breadcrumb\":{\"@id\":\"https:\/\/www.welovecycling.com\/pl\/2018\/12\/18\/takich-kolarzy-juz-nie-ma-niezwykla-dieta-zwyciezcy-tour-de-france\/#breadcrumb\"},\"inLanguage\":\"pl-PL\",\"potentialAction\":[{\"@type\":\"ReadAction\",\"target\":[\"https:\/\/www.welovecycling.com\/pl\/2018\/12\/18\/takich-kolarzy-juz-nie-ma-niezwykla-dieta-zwyciezcy-tour-de-france\/\"]}]},{\"@type\":\"ImageObject\",\"inLanguage\":\"pl-PL\",\"@id\":\"https:\/\/www.welovecycling.com\/pl\/2018\/12\/18\/takich-kolarzy-juz-nie-ma-niezwykla-dieta-zwyciezcy-tour-de-france\/#primaryimage\",\"url\":\"https:\/\/d2p6e6u75xmxt8.cloudfront.net\/5\/2018\/12\/54d5db6dc2a02b90d1e80c2bac696268.jpg\",\"contentUrl\":\"https:\/\/d2p6e6u75xmxt8.cloudfront.net\/5\/2018\/12\/54d5db6dc2a02b90d1e80c2bac696268.jpg\",\"width\":564,\"height\":371},{\"@type\":\"BreadcrumbList\",\"@id\":\"https:\/\/www.welovecycling.com\/pl\/2018\/12\/18\/takich-kolarzy-juz-nie-ma-niezwykla-dieta-zwyciezcy-tour-de-france\/#breadcrumb\",\"itemListElement\":[{\"@type\":\"ListItem\",\"position\":1,\"name\":\"Home\",\"item\":\"https:\/\/www.welovecycling.com\/pl\/\"},{\"@type\":\"ListItem\",\"position\":2,\"name\":\"Takich kolarzy ju\u017c nie ma\u2026 Niezwyk\u0142a dieta zwyci\u0119zcy Tour de France!\"}]},{\"@type\":\"WebSite\",\"@id\":\"https:\/\/www.welovecycling.com\/pl\/#website\",\"url\":\"https:\/\/www.welovecycling.com\/pl\/\",\"name\":\"\u0160koda We Love Cycling - Poland\",\"description\":\"\",\"potentialAction\":[{\"@type\":\"SearchAction\",\"target\":{\"@type\":\"EntryPoint\",\"urlTemplate\":\"https:\/\/www.welovecycling.com\/pl\/?s={search_term_string}\"},\"query-input\":{\"@type\":\"PropertyValueSpecification\",\"valueRequired\":true,\"valueName\":\"search_term_string\"}}],\"inLanguage\":\"pl-PL\"},{\"@type\":\"Person\",\"@id\":\"https:\/\/www.welovecycling.com\/pl\/#\/schema\/person\/0dba2d39da943db9df3fd8f4687e7f23\",\"name\":\"piotrboczkowski\",\"image\":{\"@type\":\"ImageObject\",\"inLanguage\":\"pl-PL\",\"@id\":\"https:\/\/www.welovecycling.com\/pl\/#\/schema\/person\/image\/\",\"url\":\"https:\/\/secure.gravatar.com\/avatar\/533caccae14752e03a2ce2d3fd62d1b98b93e1393c3195c27819e53344ca1ace?s=96&d=mm&r=g\",\"contentUrl\":\"https:\/\/secure.gravatar.com\/avatar\/533caccae14752e03a2ce2d3fd62d1b98b93e1393c3195c27819e53344ca1ace?s=96&d=mm&r=g\",\"caption\":\"piotrboczkowski\"},\"url\":\"https:\/\/www.welovecycling.com\/pl\/author\/piotrboczkowski\/\"}]}<\/script>\n<!-- \/ Yoast SEO Premium plugin. -->","yoast_head_json":{"title":"Takich kolarzy ju\u017c nie ma\u2026 Niezwyk\u0142a dieta zwyci\u0119zcy Tour de France! - \u0160koda We Love Cycling - Poland","robots":{"index":"index","follow":"follow","max-snippet":"max-snippet:-1","max-image-preview":"max-image-preview:large","max-video-preview":"max-video-preview:-1"},"canonical":"https:\/\/www.welovecycling.com\/pl\/2018\/12\/18\/takich-kolarzy-juz-nie-ma-niezwykla-dieta-zwyciezcy-tour-de-france\/","og_locale":"pl_PL","og_type":"article","og_title":"Takich kolarzy ju\u017c nie ma\u2026 Niezwyk\u0142a dieta zwyci\u0119zcy Tour de France!","og_description":"Legenda g\u0142osi, \u017ce potrafi\u0142 zje\u015b\u0107 sze\u015b\u0107 kotlet\u00f3w oraz omlet z 12 jajek i na takim paliwie peda\u0142owa\u0107 setki kilometr\u00f3w. I [&hellip;]","og_url":"https:\/\/www.welovecycling.com\/pl\/2018\/12\/18\/takich-kolarzy-juz-nie-ma-niezwykla-dieta-zwyciezcy-tour-de-france\/","og_site_name":"\u0160koda We Love Cycling - Poland","article_published_time":"2018-12-18T10:18:34+00:00","article_modified_time":"2019-01-22T14:05:54+00:00","og_image":[{"width":564,"height":371,"url":"https:\/\/d2p6e6u75xmxt8.cloudfront.net\/5\/2018\/12\/54d5db6dc2a02b90d1e80c2bac696268.jpg","type":"image\/jpeg"}],"author":"piotrboczkowski","twitter_card":"summary_large_image","twitter_misc":{"Written by":"piotrboczkowski","Est. reading time":"4 minutes"},"schema":{"@context":"https:\/\/schema.org","@graph":[{"@type":"WebPage","@id":"https:\/\/www.welovecycling.com\/pl\/2018\/12\/18\/takich-kolarzy-juz-nie-ma-niezwykla-dieta-zwyciezcy-tour-de-france\/","url":"https:\/\/www.welovecycling.com\/pl\/2018\/12\/18\/takich-kolarzy-juz-nie-ma-niezwykla-dieta-zwyciezcy-tour-de-france\/","name":"Takich kolarzy ju\u017c nie ma\u2026 Niezwyk\u0142a dieta zwyci\u0119zcy Tour de France! - \u0160koda We Love Cycling - Poland","isPartOf":{"@id":"https:\/\/www.welovecycling.com\/pl\/#website"},"primaryImageOfPage":{"@id":"https:\/\/www.welovecycling.com\/pl\/2018\/12\/18\/takich-kolarzy-juz-nie-ma-niezwykla-dieta-zwyciezcy-tour-de-france\/#primaryimage"},"image":{"@id":"https:\/\/www.welovecycling.com\/pl\/2018\/12\/18\/takich-kolarzy-juz-nie-ma-niezwykla-dieta-zwyciezcy-tour-de-france\/#primaryimage"},"thumbnailUrl":"https:\/\/d2p6e6u75xmxt8.cloudfront.net\/5\/2018\/12\/54d5db6dc2a02b90d1e80c2bac696268.jpg","datePublished":"2018-12-18T10:18:34+00:00","dateModified":"2019-01-22T14:05:54+00:00","author":{"@id":"https:\/\/www.welovecycling.com\/pl\/#\/schema\/person\/0dba2d39da943db9df3fd8f4687e7f23"},"breadcrumb":{"@id":"https:\/\/www.welovecycling.com\/pl\/2018\/12\/18\/takich-kolarzy-juz-nie-ma-niezwykla-dieta-zwyciezcy-tour-de-france\/#breadcrumb"},"inLanguage":"pl-PL","potentialAction":[{"@type":"ReadAction","target":["https:\/\/www.welovecycling.com\/pl\/2018\/12\/18\/takich-kolarzy-juz-nie-ma-niezwykla-dieta-zwyciezcy-tour-de-france\/"]}]},{"@type":"ImageObject","inLanguage":"pl-PL","@id":"https:\/\/www.welovecycling.com\/pl\/2018\/12\/18\/takich-kolarzy-juz-nie-ma-niezwykla-dieta-zwyciezcy-tour-de-france\/#primaryimage","url":"https:\/\/d2p6e6u75xmxt8.cloudfront.net\/5\/2018\/12\/54d5db6dc2a02b90d1e80c2bac696268.jpg","contentUrl":"https:\/\/d2p6e6u75xmxt8.cloudfront.net\/5\/2018\/12\/54d5db6dc2a02b90d1e80c2bac696268.jpg","width":564,"height":371},{"@type":"BreadcrumbList","@id":"https:\/\/www.welovecycling.com\/pl\/2018\/12\/18\/takich-kolarzy-juz-nie-ma-niezwykla-dieta-zwyciezcy-tour-de-france\/#breadcrumb","itemListElement":[{"@type":"ListItem","position":1,"name":"Home","item":"https:\/\/www.welovecycling.com\/pl\/"},{"@type":"ListItem","position":2,"name":"Takich kolarzy ju\u017c nie ma\u2026 Niezwyk\u0142a dieta zwyci\u0119zcy Tour de France!"}]},{"@type":"WebSite","@id":"https:\/\/www.welovecycling.com\/pl\/#website","url":"https:\/\/www.welovecycling.com\/pl\/","name":"\u0160koda We Love Cycling - Poland","description":"","potentialAction":[{"@type":"SearchAction","target":{"@type":"EntryPoint","urlTemplate":"https:\/\/www.welovecycling.com\/pl\/?s={search_term_string}"},"query-input":{"@type":"PropertyValueSpecification","valueRequired":true,"valueName":"search_term_string"}}],"inLanguage":"pl-PL"},{"@type":"Person","@id":"https:\/\/www.welovecycling.com\/pl\/#\/schema\/person\/0dba2d39da943db9df3fd8f4687e7f23","name":"piotrboczkowski","image":{"@type":"ImageObject","inLanguage":"pl-PL","@id":"https:\/\/www.welovecycling.com\/pl\/#\/schema\/person\/image\/","url":"https:\/\/secure.gravatar.com\/avatar\/533caccae14752e03a2ce2d3fd62d1b98b93e1393c3195c27819e53344ca1ace?s=96&d=mm&r=g","contentUrl":"https:\/\/secure.gravatar.com\/avatar\/533caccae14752e03a2ce2d3fd62d1b98b93e1393c3195c27819e53344ca1ace?s=96&d=mm&r=g","caption":"piotrboczkowski"},"url":"https:\/\/www.welovecycling.com\/pl\/author\/piotrboczkowski\/"}]}},"_links":{"self":[{"href":"https:\/\/www.welovecycling.com\/pl\/wp-json\/wp\/v2\/posts\/8248","targetHints":{"allow":["GET"]}}],"collection":[{"href":"https:\/\/www.welovecycling.com\/pl\/wp-json\/wp\/v2\/posts"}],"about":[{"href":"https:\/\/www.welovecycling.com\/pl\/wp-json\/wp\/v2\/types\/post"}],"author":[{"embeddable":true,"href":"https:\/\/www.welovecycling.com\/pl\/wp-json\/wp\/v2\/users\/76"}],"replies":[{"embeddable":true,"href":"https:\/\/www.welovecycling.com\/pl\/wp-json\/wp\/v2\/comments?post=8248"}],"version-history":[{"count":2,"href":"https:\/\/www.welovecycling.com\/pl\/wp-json\/wp\/v2\/posts\/8248\/revisions"}],"predecessor-version":[{"id":8399,"href":"https:\/\/www.welovecycling.com\/pl\/wp-json\/wp\/v2\/posts\/8248\/revisions\/8399"}],"wp:featuredmedia":[{"embeddable":true,"href":"https:\/\/www.welovecycling.com\/pl\/wp-json\/wp\/v2\/media\/8249"}],"wp:attachment":[{"href":"https:\/\/www.welovecycling.com\/pl\/wp-json\/wp\/v2\/media?parent=8248"}],"wp:term":[{"taxonomy":"category","embeddable":true,"href":"https:\/\/www.welovecycling.com\/pl\/wp-json\/wp\/v2\/categories?post=8248"},{"taxonomy":"post_tag","embeddable":true,"href":"https:\/\/www.welovecycling.com\/pl\/wp-json\/wp\/v2\/tags?post=8248"},{"taxonomy":"global-categories","embeddable":true,"href":"https:\/\/www.welovecycling.com\/pl\/wp-json\/wp\/v2\/global-categories?post=8248"}],"curies":[{"name":"wp","href":"https:\/\/api.w.org\/{rel}","templated":true}]}}