{"id":8246,"date":"2018-12-19T10:10:15","date_gmt":"2018-12-19T10:10:15","guid":{"rendered":"https:\/\/www.welovecycling.com\/pl\/?p=8246"},"modified":"2019-01-22T14:05:37","modified_gmt":"2019-01-22T14:05:37","slug":"prezenty-swiateczne-dla-kazdego-fana-kolarstwa","status":"publish","type":"post","link":"https:\/\/www.welovecycling.com\/pl\/2018\/12\/19\/prezenty-swiateczne-dla-kazdego-fana-kolarstwa\/","title":{"rendered":"Prezenty \u015bwi\u0105teczne dla ka\u017cdego fana kolarstwa"},"content":{"rendered":"<p><strong>\u015awi\u0119ta nadchodz\u0105, a wi\u0119c pora na list\u0119 prezent\u00f3w\u2026 Wszyscy kolarze \u2013 zar\u00f3wno ci grzeczni, jak i niegrzeczni \u2013 maj\u0105 nadziej\u0119 na ca\u0142\u0105 mas\u0119 upomink\u00f3w i gad\u017cet\u00f3w pod choinkami.<\/strong><\/p>\n<p><strong><span style=\"font-size: 14pt;\">Spinki do mankiet\u00f3w z \u0142a\u0144cucha \u2013 ok. 76 PLN<\/span><\/strong><\/p>\n<p>Zabierz kawa\u0142ek swojej rowerowej pasji wsz\u0119dzie, dok\u0105d zmierzasz, dzi\u0119ki <u>spinkom z cz\u0119\u015bci \u0142a\u0144cucha rowerowego<\/u>. Taki prezent nie tylko s\u0142u\u017cy zwi\u0119kszeniu \u015bwiadomo\u015bci etycznej produkcji i upcyklingu oraz powt\u00f3rnego u\u017cycia niepotrzebnych cz\u0119\u015bci rowerowych, ale dodatkowo\u2026 jest zapakowany w pude\u0142ko z materia\u0142\u00f3w z recyklingu.<\/p>\n<p><a href=\"https:\/\/d2p6e6u75xmxt8.cloudfront.net\/5\/2018\/12\/Bike-Chain-Cufflinks-2.jpg\"><img loading=\"lazy\" decoding=\"async\" class=\"aligncenter size-full wp-image-8235\" src=\"https:\/\/d2p6e6u75xmxt8.cloudfront.net\/5\/2018\/12\/Bike-Chain-Cufflinks-2.jpg\" alt=\"\" width=\"800\" height=\"800\" srcset=\"https:\/\/d2p6e6u75xmxt8.cloudfront.net\/5\/2018\/12\/Bike-Chain-Cufflinks-2.jpg 800w, https:\/\/d2p6e6u75xmxt8.cloudfront.net\/5\/2018\/12\/Bike-Chain-Cufflinks-2-150x150.jpg 150w, https:\/\/d2p6e6u75xmxt8.cloudfront.net\/5\/2018\/12\/Bike-Chain-Cufflinks-2-300x300.jpg 300w, https:\/\/d2p6e6u75xmxt8.cloudfront.net\/5\/2018\/12\/Bike-Chain-Cufflinks-2-768x768.jpg 768w\" sizes=\"auto, (max-width: 800px) 100vw, 800px\" \/><\/a><\/p>\n<p><span style=\"font-size: 14pt;\"><strong>Sk\u00f3rzana torba pod siode\u0142ko \u2013 ok. 200 PLN<\/strong><\/span><\/p>\n<p>\u0141\u0105cz\u0105c praktyczno\u015b\u0107 z pi\u0119knym wykonaniem, <u>taka sk\u00f3rzana torba <\/u>wprowadza troch\u0119 oldschoolowej elegancji do ka\u017cdej wyprawy wiernym jedno\u015bladem. Wykonana jest z pi\u0119knej, wytrzyma\u0142ej sk\u00f3ry bawo\u0142u, a co najlepsze \u2013 pomie\u015bci wszystkie niezb\u0119dne rzeczy, takie jak telefon, zestaw do naprawy opon, pompk\u0119, portfel\u2026 Do tego mo\u017cna j\u0105 na zam\u00f3wienie spersonalizowa\u0107.<\/p>\n<p><a href=\"https:\/\/d2p6e6u75xmxt8.cloudfront.net\/5\/2018\/12\/original_leather-bike-saddle-bag.jpg\"><img loading=\"lazy\" decoding=\"async\" class=\"aligncenter size-full wp-image-8236\" src=\"https:\/\/d2p6e6u75xmxt8.cloudfront.net\/5\/2018\/12\/original_leather-bike-saddle-bag.jpg\" alt=\"\" width=\"1024\" height=\"1024\" srcset=\"https:\/\/d2p6e6u75xmxt8.cloudfront.net\/5\/2018\/12\/original_leather-bike-saddle-bag.jpg 1024w, https:\/\/d2p6e6u75xmxt8.cloudfront.net\/5\/2018\/12\/original_leather-bike-saddle-bag-150x150.jpg 150w, https:\/\/d2p6e6u75xmxt8.cloudfront.net\/5\/2018\/12\/original_leather-bike-saddle-bag-300x300.jpg 300w, https:\/\/d2p6e6u75xmxt8.cloudfront.net\/5\/2018\/12\/original_leather-bike-saddle-bag-768x768.jpg 768w\" sizes=\"auto, (max-width: 1024px) 100vw, 1024px\" \/><\/a><\/p>\n<p><span style=\"font-size: 14pt;\"><strong>Sk\u00f3rzany pasek z grawerem \u2013 ok. 150 PLN<\/strong><\/span><\/p>\n<p>Uniwersalny i stylowy \u2013 ten <u>sk\u00f3rzany pasek z grawerem przedstawiaj\u0105cym kolarzy<\/u> naprawd\u0119 dobrze si\u0119 nosi. Dost\u0119pny jest w wielu rozmiarach, mo\u017cna go zam\u00f3wi\u0107 w pude\u0142ku prezentowym z be\u017cow\u0105 wst\u0105\u017ck\u0105 i w\u0142asn\u0105 notk\u0105.<\/p>\n<p><a href=\"https:\/\/d2p6e6u75xmxt8.cloudfront.net\/5\/2018\/12\/Engraved-Cyclists-Brown-Leather-Belt.jpg\"><img loading=\"lazy\" decoding=\"async\" class=\"aligncenter size-large wp-image-8234\" src=\"https:\/\/d2p6e6u75xmxt8.cloudfront.net\/5\/2018\/12\/Engraved-Cyclists-Brown-Leather-Belt-1024x768.jpg\" alt=\"\" width=\"1024\" height=\"768\" srcset=\"https:\/\/d2p6e6u75xmxt8.cloudfront.net\/5\/2018\/12\/Engraved-Cyclists-Brown-Leather-Belt-1024x768.jpg 1024w, https:\/\/d2p6e6u75xmxt8.cloudfront.net\/5\/2018\/12\/Engraved-Cyclists-Brown-Leather-Belt-300x225.jpg 300w, https:\/\/d2p6e6u75xmxt8.cloudfront.net\/5\/2018\/12\/Engraved-Cyclists-Brown-Leather-Belt-768x576.jpg 768w, https:\/\/d2p6e6u75xmxt8.cloudfront.net\/5\/2018\/12\/Engraved-Cyclists-Brown-Leather-Belt.jpg 1500w\" sizes=\"auto, (max-width: 1024px) 100vw, 1024px\" \/><\/a><\/p>\n<p><span style=\"font-size: 14pt;\"><strong>Kask Fox Proframe \u2013 ok. 1100 PLN<\/strong><\/span><\/p>\n<p>Wchodzimy na wy\u017cszy poziom pasji \u2013 <u>ten kask<\/u> jest najlepszy w swojej klasie, gdy mowa o nowoczesnej i lekkiej ochronie g\u0142owy. Jak wiadomo, wszyscy kolarze powinni je nosi\u0107 \u2013 ale jazda w terenie stawia zupe\u0142nie inne wymagania. To jedyny w swoim rodzaju zabudowany kask oferuj\u0105cy tyle\u017c ochrony, co wentylacji \u2013 co czyni go idealnym wyborem na d\u0142ugie dni g\u00f3rskich podboj\u00f3w.<\/p>\n<p><a href=\"https:\/\/d2p6e6u75xmxt8.cloudfront.net\/5\/2018\/12\/fox-clothing-proframe-moth-full-face-helmet-black-silver-EV295242-8575-18.jpg\"><img loading=\"lazy\" decoding=\"async\" class=\"aligncenter size-full wp-image-8233\" src=\"https:\/\/d2p6e6u75xmxt8.cloudfront.net\/5\/2018\/12\/fox-clothing-proframe-moth-full-face-helmet-black-silver-EV295242-8575-18.jpg\" alt=\"\" width=\"969\" height=\"638\" srcset=\"https:\/\/d2p6e6u75xmxt8.cloudfront.net\/5\/2018\/12\/fox-clothing-proframe-moth-full-face-helmet-black-silver-EV295242-8575-18.jpg 969w, https:\/\/d2p6e6u75xmxt8.cloudfront.net\/5\/2018\/12\/fox-clothing-proframe-moth-full-face-helmet-black-silver-EV295242-8575-18-300x198.jpg 300w, https:\/\/d2p6e6u75xmxt8.cloudfront.net\/5\/2018\/12\/fox-clothing-proframe-moth-full-face-helmet-black-silver-EV295242-8575-18-768x506.jpg 768w\" sizes=\"auto, (max-width: 969px) 100vw, 969px\" \/><\/a><\/p>\n<p><span style=\"font-size: 14pt;\"><strong>\u015awi\u0105teczne skarpety kolarskie \u2013 ok. 50 PLN<\/strong><\/span><\/p>\n<p>Czy \u015bwi\u0119ta bez nich to wci\u0105\u017c \u015bwi\u0119ta? Skarpety kolarskie to powa\u017cny biznes \u2013 a brytyjska marka Morvelo nie waha si\u0119 nam o tym przypomina\u0107. Ich model dost\u0119pny jest w wielu wzorach, a dodatkowo doskonale ociepla i chroni dolne partie n\u00f3g \u2013 \u015bwietny wyb\u00f3r na <u>zimowe wycieczki<\/u>.<\/p>\n<p><a href=\"https:\/\/d2p6e6u75xmxt8.cloudfront.net\/5\/2018\/12\/bluegrass_three_season_front_1.jpg\"><img loading=\"lazy\" decoding=\"async\" class=\"aligncenter size-full wp-image-8231\" src=\"https:\/\/d2p6e6u75xmxt8.cloudfront.net\/5\/2018\/12\/bluegrass_three_season_front_1.jpg\" alt=\"\" width=\"1000\" height=\"1000\" srcset=\"https:\/\/d2p6e6u75xmxt8.cloudfront.net\/5\/2018\/12\/bluegrass_three_season_front_1.jpg 1000w, https:\/\/d2p6e6u75xmxt8.cloudfront.net\/5\/2018\/12\/bluegrass_three_season_front_1-150x150.jpg 150w, https:\/\/d2p6e6u75xmxt8.cloudfront.net\/5\/2018\/12\/bluegrass_three_season_front_1-300x300.jpg 300w, https:\/\/d2p6e6u75xmxt8.cloudfront.net\/5\/2018\/12\/bluegrass_three_season_front_1-768x768.jpg 768w\" sizes=\"auto, (max-width: 1000px) 100vw, 1000px\" \/><\/a><\/p>\n<p><strong><span style=\"font-size: 14pt;\">Multitool Crankbrothers Y15<\/span><\/strong><\/p>\n<p>Najlepszy przyjaciel ka\u017cdego kolarza \u2013 ten zmy\u015blny i por\u0119czny multitool ma wszystko, czego potrzeba do szybkich napraw na uboczu trasy. Zawiera wiele rozmiar\u00f3w kluczy imbusowych, Torx i do regulacji szprych oraz \u015brubokr\u0119ty p\u0142askie, zestaw do \u0142atania i narz\u0119dzie do \u0142a\u0144cuch\u00f3w. Czeg\u00f3\u017c chcie\u0107 wi\u0119cej?<\/p>\n<p><a href=\"https:\/\/d2p6e6u75xmxt8.cloudfront.net\/5\/2018\/12\/Crankbrothers-15938-Bicycle-Multi-Function-Tool-Silver.jpg\"><img loading=\"lazy\" decoding=\"async\" class=\"aligncenter size-large wp-image-8237\" src=\"https:\/\/d2p6e6u75xmxt8.cloudfront.net\/5\/2018\/12\/Crankbrothers-15938-Bicycle-Multi-Function-Tool-Silver-1024x755.jpg\" alt=\"\" width=\"1024\" height=\"755\" srcset=\"https:\/\/d2p6e6u75xmxt8.cloudfront.net\/5\/2018\/12\/Crankbrothers-15938-Bicycle-Multi-Function-Tool-Silver-1024x755.jpg 1024w, https:\/\/d2p6e6u75xmxt8.cloudfront.net\/5\/2018\/12\/Crankbrothers-15938-Bicycle-Multi-Function-Tool-Silver-300x221.jpg 300w, https:\/\/d2p6e6u75xmxt8.cloudfront.net\/5\/2018\/12\/Crankbrothers-15938-Bicycle-Multi-Function-Tool-Silver-768x566.jpg 768w, https:\/\/d2p6e6u75xmxt8.cloudfront.net\/5\/2018\/12\/Crankbrothers-15938-Bicycle-Multi-Function-Tool-Silver.jpg 1500w\" sizes=\"auto, (max-width: 1024px) 100vw, 1024px\" \/><\/a><\/p>\n<p>http:\/\/www.skoda-auto.pl\/<\/p>\n","protected":false},"excerpt":{"rendered":"<p>\u015awi\u0119ta nadchodz\u0105, a wi\u0119c pora na list\u0119 prezent\u00f3w\u2026 Wszyscy kolarze \u2013 zar\u00f3wno ci grzeczni, jak i niegrzeczni \u2013 maj\u0105 nadziej\u0119 [&hellip;]<\/p>\n","protected":false},"author":76,"featured_media":8232,"comment_status":"open","ping_status":"open","sticky":false,"template":"","format":"standard","meta":{"footnotes":""},"categories":[226],"tags":[],"global-categories":[],"class_list":["post-8246","post","type-post","status-publish","format-standard","has-post-thumbnail","hentry","category-ciekawostki"],"yoast_head":"<!-- This site is optimized with the Yoast SEO Premium plugin v25.3 (Yoast SEO v25.9) - https:\/\/yoast.com\/wordpress\/plugins\/seo\/ -->\n<title>Prezenty \u015bwi\u0105teczne dla ka\u017cdego fana kolarstwa - \u0160koda We Love Cycling - Poland<\/title>\n<meta name=\"robots\" content=\"index, follow, max-snippet:-1, max-image-preview:large, max-video-preview:-1\" \/>\n<link rel=\"canonical\" href=\"https:\/\/www.welovecycling.com\/pl\/2018\/12\/19\/prezenty-swiateczne-dla-kazdego-fana-kolarstwa\/\" \/>\n<meta property=\"og:locale\" content=\"pl_PL\" \/>\n<meta property=\"og:type\" content=\"article\" \/>\n<meta property=\"og:title\" content=\"Prezenty \u015bwi\u0105teczne dla ka\u017cdego fana kolarstwa\" \/>\n<meta property=\"og:description\" content=\"\u015awi\u0119ta nadchodz\u0105, a wi\u0119c pora na list\u0119 prezent\u00f3w\u2026 Wszyscy kolarze \u2013 zar\u00f3wno ci grzeczni, jak i niegrzeczni \u2013 maj\u0105 nadziej\u0119 [&hellip;]\" \/>\n<meta property=\"og:url\" content=\"https:\/\/www.welovecycling.com\/pl\/2018\/12\/19\/prezenty-swiateczne-dla-kazdego-fana-kolarstwa\/\" \/>\n<meta property=\"og:site_name\" content=\"\u0160koda We Love Cycling - Poland\" \/>\n<meta property=\"article:published_time\" content=\"2018-12-19T10:10:15+00:00\" \/>\n<meta property=\"article:modified_time\" content=\"2019-01-22T14:05:37+00:00\" \/>\n<meta property=\"og:image\" content=\"https:\/\/d2p6e6u75xmxt8.cloudfront.net\/5\/2018\/12\/Christmas-Gifts-Cover-1024x450.jpg\" \/>\n\t<meta property=\"og:image:width\" content=\"1024\" \/>\n\t<meta property=\"og:image:height\" content=\"450\" \/>\n\t<meta property=\"og:image:type\" content=\"image\/jpeg\" \/>\n<meta name=\"author\" content=\"piotrboczkowski\" \/>\n<meta name=\"twitter:card\" content=\"summary_large_image\" \/>\n<meta name=\"twitter:label1\" content=\"Written by\" \/>\n\t<meta name=\"twitter:data1\" content=\"Bonnie Friend\" \/>\n\t<meta name=\"twitter:label2\" content=\"Est. reading time\" \/>\n\t<meta name=\"twitter:data2\" content=\"5\" \/>\n<script type=\"application\/ld+json\" class=\"yoast-schema-graph\">{\"@context\":\"https:\/\/schema.org\",\"@graph\":[{\"@type\":\"WebPage\",\"@id\":\"https:\/\/www.welovecycling.com\/pl\/2018\/12\/19\/prezenty-swiateczne-dla-kazdego-fana-kolarstwa\/\",\"url\":\"https:\/\/www.welovecycling.com\/pl\/2018\/12\/19\/prezenty-swiateczne-dla-kazdego-fana-kolarstwa\/\",\"name\":\"Prezenty \u015bwi\u0105teczne dla ka\u017cdego fana kolarstwa - \u0160koda We Love Cycling - Poland\",\"isPartOf\":{\"@id\":\"https:\/\/www.welovecycling.com\/pl\/#website\"},\"primaryImageOfPage\":{\"@id\":\"https:\/\/www.welovecycling.com\/pl\/2018\/12\/19\/prezenty-swiateczne-dla-kazdego-fana-kolarstwa\/#primaryimage\"},\"image\":{\"@id\":\"https:\/\/www.welovecycling.com\/pl\/2018\/12\/19\/prezenty-swiateczne-dla-kazdego-fana-kolarstwa\/#primaryimage\"},\"thumbnailUrl\":\"https:\/\/d2p6e6u75xmxt8.cloudfront.net\/5\/2018\/12\/Christmas-Gifts-Cover-1024x450.jpg\",\"datePublished\":\"2018-12-19T10:10:15+00:00\",\"dateModified\":\"2019-01-22T14:05:37+00:00\",\"author\":{\"@id\":\"https:\/\/www.welovecycling.com\/pl\/#\/schema\/person\/0dba2d39da943db9df3fd8f4687e7f23\"},\"breadcrumb\":{\"@id\":\"https:\/\/www.welovecycling.com\/pl\/2018\/12\/19\/prezenty-swiateczne-dla-kazdego-fana-kolarstwa\/#breadcrumb\"},\"inLanguage\":\"pl-PL\",\"potentialAction\":[{\"@type\":\"ReadAction\",\"target\":[\"https:\/\/www.welovecycling.com\/pl\/2018\/12\/19\/prezenty-swiateczne-dla-kazdego-fana-kolarstwa\/\"]}]},{\"@type\":\"ImageObject\",\"inLanguage\":\"pl-PL\",\"@id\":\"https:\/\/www.welovecycling.com\/pl\/2018\/12\/19\/prezenty-swiateczne-dla-kazdego-fana-kolarstwa\/#primaryimage\",\"url\":\"https:\/\/d2p6e6u75xmxt8.cloudfront.net\/5\/2018\/12\/Christmas-Gifts-Cover-1024x450.jpg\",\"contentUrl\":\"https:\/\/d2p6e6u75xmxt8.cloudfront.net\/5\/2018\/12\/Christmas-Gifts-Cover-1024x450.jpg\",\"width\":1024,\"height\":450},{\"@type\":\"BreadcrumbList\",\"@id\":\"https:\/\/www.welovecycling.com\/pl\/2018\/12\/19\/prezenty-swiateczne-dla-kazdego-fana-kolarstwa\/#breadcrumb\",\"itemListElement\":[{\"@type\":\"ListItem\",\"position\":1,\"name\":\"Home\",\"item\":\"https:\/\/www.welovecycling.com\/pl\/\"},{\"@type\":\"ListItem\",\"position\":2,\"name\":\"Prezenty \u015bwi\u0105teczne dla ka\u017cdego fana kolarstwa\"}]},{\"@type\":\"WebSite\",\"@id\":\"https:\/\/www.welovecycling.com\/pl\/#website\",\"url\":\"https:\/\/www.welovecycling.com\/pl\/\",\"name\":\"\u0160koda We Love Cycling - Poland\",\"description\":\"\",\"potentialAction\":[{\"@type\":\"SearchAction\",\"target\":{\"@type\":\"EntryPoint\",\"urlTemplate\":\"https:\/\/www.welovecycling.com\/pl\/?s={search_term_string}\"},\"query-input\":{\"@type\":\"PropertyValueSpecification\",\"valueRequired\":true,\"valueName\":\"search_term_string\"}}],\"inLanguage\":\"pl-PL\"},{\"@type\":\"Person\",\"@id\":\"https:\/\/www.welovecycling.com\/pl\/#\/schema\/person\/0dba2d39da943db9df3fd8f4687e7f23\",\"name\":\"piotrboczkowski\",\"image\":{\"@type\":\"ImageObject\",\"inLanguage\":\"pl-PL\",\"@id\":\"https:\/\/www.welovecycling.com\/pl\/#\/schema\/person\/image\/\",\"url\":\"https:\/\/secure.gravatar.com\/avatar\/533caccae14752e03a2ce2d3fd62d1b98b93e1393c3195c27819e53344ca1ace?s=96&d=mm&r=g\",\"contentUrl\":\"https:\/\/secure.gravatar.com\/avatar\/533caccae14752e03a2ce2d3fd62d1b98b93e1393c3195c27819e53344ca1ace?s=96&d=mm&r=g\",\"caption\":\"piotrboczkowski\"},\"url\":\"https:\/\/www.welovecycling.com\/pl\/author\/piotrboczkowski\/\"}]}<\/script>\n<!-- \/ Yoast SEO Premium plugin. -->","yoast_head_json":{"title":"Prezenty \u015bwi\u0105teczne dla ka\u017cdego fana kolarstwa - \u0160koda We Love Cycling - Poland","robots":{"index":"index","follow":"follow","max-snippet":"max-snippet:-1","max-image-preview":"max-image-preview:large","max-video-preview":"max-video-preview:-1"},"canonical":"https:\/\/www.welovecycling.com\/pl\/2018\/12\/19\/prezenty-swiateczne-dla-kazdego-fana-kolarstwa\/","og_locale":"pl_PL","og_type":"article","og_title":"Prezenty \u015bwi\u0105teczne dla ka\u017cdego fana kolarstwa","og_description":"\u015awi\u0119ta nadchodz\u0105, a wi\u0119c pora na list\u0119 prezent\u00f3w\u2026 Wszyscy kolarze \u2013 zar\u00f3wno ci grzeczni, jak i niegrzeczni \u2013 maj\u0105 nadziej\u0119 [&hellip;]","og_url":"https:\/\/www.welovecycling.com\/pl\/2018\/12\/19\/prezenty-swiateczne-dla-kazdego-fana-kolarstwa\/","og_site_name":"\u0160koda We Love Cycling - Poland","article_published_time":"2018-12-19T10:10:15+00:00","article_modified_time":"2019-01-22T14:05:37+00:00","og_image":[{"width":1024,"height":450,"url":"https:\/\/d2p6e6u75xmxt8.cloudfront.net\/5\/2018\/12\/Christmas-Gifts-Cover-1024x450.jpg","type":"image\/jpeg"}],"author":"piotrboczkowski","twitter_card":"summary_large_image","twitter_misc":{"Written by":"Bonnie Friend","Est. reading time":"5"},"schema":{"@context":"https:\/\/schema.org","@graph":[{"@type":"WebPage","@id":"https:\/\/www.welovecycling.com\/pl\/2018\/12\/19\/prezenty-swiateczne-dla-kazdego-fana-kolarstwa\/","url":"https:\/\/www.welovecycling.com\/pl\/2018\/12\/19\/prezenty-swiateczne-dla-kazdego-fana-kolarstwa\/","name":"Prezenty \u015bwi\u0105teczne dla ka\u017cdego fana kolarstwa - \u0160koda We Love Cycling - Poland","isPartOf":{"@id":"https:\/\/www.welovecycling.com\/pl\/#website"},"primaryImageOfPage":{"@id":"https:\/\/www.welovecycling.com\/pl\/2018\/12\/19\/prezenty-swiateczne-dla-kazdego-fana-kolarstwa\/#primaryimage"},"image":{"@id":"https:\/\/www.welovecycling.com\/pl\/2018\/12\/19\/prezenty-swiateczne-dla-kazdego-fana-kolarstwa\/#primaryimage"},"thumbnailUrl":"https:\/\/d2p6e6u75xmxt8.cloudfront.net\/5\/2018\/12\/Christmas-Gifts-Cover-1024x450.jpg","datePublished":"2018-12-19T10:10:15+00:00","dateModified":"2019-01-22T14:05:37+00:00","author":{"@id":"https:\/\/www.welovecycling.com\/pl\/#\/schema\/person\/0dba2d39da943db9df3fd8f4687e7f23"},"breadcrumb":{"@id":"https:\/\/www.welovecycling.com\/pl\/2018\/12\/19\/prezenty-swiateczne-dla-kazdego-fana-kolarstwa\/#breadcrumb"},"inLanguage":"pl-PL","potentialAction":[{"@type":"ReadAction","target":["https:\/\/www.welovecycling.com\/pl\/2018\/12\/19\/prezenty-swiateczne-dla-kazdego-fana-kolarstwa\/"]}]},{"@type":"ImageObject","inLanguage":"pl-PL","@id":"https:\/\/www.welovecycling.com\/pl\/2018\/12\/19\/prezenty-swiateczne-dla-kazdego-fana-kolarstwa\/#primaryimage","url":"https:\/\/d2p6e6u75xmxt8.cloudfront.net\/5\/2018\/12\/Christmas-Gifts-Cover-1024x450.jpg","contentUrl":"https:\/\/d2p6e6u75xmxt8.cloudfront.net\/5\/2018\/12\/Christmas-Gifts-Cover-1024x450.jpg","width":1024,"height":450},{"@type":"BreadcrumbList","@id":"https:\/\/www.welovecycling.com\/pl\/2018\/12\/19\/prezenty-swiateczne-dla-kazdego-fana-kolarstwa\/#breadcrumb","itemListElement":[{"@type":"ListItem","position":1,"name":"Home","item":"https:\/\/www.welovecycling.com\/pl\/"},{"@type":"ListItem","position":2,"name":"Prezenty \u015bwi\u0105teczne dla ka\u017cdego fana kolarstwa"}]},{"@type":"WebSite","@id":"https:\/\/www.welovecycling.com\/pl\/#website","url":"https:\/\/www.welovecycling.com\/pl\/","name":"\u0160koda We Love Cycling - Poland","description":"","potentialAction":[{"@type":"SearchAction","target":{"@type":"EntryPoint","urlTemplate":"https:\/\/www.welovecycling.com\/pl\/?s={search_term_string}"},"query-input":{"@type":"PropertyValueSpecification","valueRequired":true,"valueName":"search_term_string"}}],"inLanguage":"pl-PL"},{"@type":"Person","@id":"https:\/\/www.welovecycling.com\/pl\/#\/schema\/person\/0dba2d39da943db9df3fd8f4687e7f23","name":"piotrboczkowski","image":{"@type":"ImageObject","inLanguage":"pl-PL","@id":"https:\/\/www.welovecycling.com\/pl\/#\/schema\/person\/image\/","url":"https:\/\/secure.gravatar.com\/avatar\/533caccae14752e03a2ce2d3fd62d1b98b93e1393c3195c27819e53344ca1ace?s=96&d=mm&r=g","contentUrl":"https:\/\/secure.gravatar.com\/avatar\/533caccae14752e03a2ce2d3fd62d1b98b93e1393c3195c27819e53344ca1ace?s=96&d=mm&r=g","caption":"piotrboczkowski"},"url":"https:\/\/www.welovecycling.com\/pl\/author\/piotrboczkowski\/"}]}},"_links":{"self":[{"href":"https:\/\/www.welovecycling.com\/pl\/wp-json\/wp\/v2\/posts\/8246","targetHints":{"allow":["GET"]}}],"collection":[{"href":"https:\/\/www.welovecycling.com\/pl\/wp-json\/wp\/v2\/posts"}],"about":[{"href":"https:\/\/www.welovecycling.com\/pl\/wp-json\/wp\/v2\/types\/post"}],"author":[{"embeddable":true,"href":"https:\/\/www.welovecycling.com\/pl\/wp-json\/wp\/v2\/users\/76"}],"replies":[{"embeddable":true,"href":"https:\/\/www.welovecycling.com\/pl\/wp-json\/wp\/v2\/comments?post=8246"}],"version-history":[{"count":2,"href":"https:\/\/www.welovecycling.com\/pl\/wp-json\/wp\/v2\/posts\/8246\/revisions"}],"predecessor-version":[{"id":8398,"href":"https:\/\/www.welovecycling.com\/pl\/wp-json\/wp\/v2\/posts\/8246\/revisions\/8398"}],"wp:featuredmedia":[{"embeddable":true,"href":"https:\/\/www.welovecycling.com\/pl\/wp-json\/wp\/v2\/media\/8232"}],"wp:attachment":[{"href":"https:\/\/www.welovecycling.com\/pl\/wp-json\/wp\/v2\/media?parent=8246"}],"wp:term":[{"taxonomy":"category","embeddable":true,"href":"https:\/\/www.welovecycling.com\/pl\/wp-json\/wp\/v2\/categories?post=8246"},{"taxonomy":"post_tag","embeddable":true,"href":"https:\/\/www.welovecycling.com\/pl\/wp-json\/wp\/v2\/tags?post=8246"},{"taxonomy":"global-categories","embeddable":true,"href":"https:\/\/www.welovecycling.com\/pl\/wp-json\/wp\/v2\/global-categories?post=8246"}],"curies":[{"name":"wp","href":"https:\/\/api.w.org\/{rel}","templated":true}]}}