{"id":8223,"date":"2018-12-13T20:05:12","date_gmt":"2018-12-13T20:05:12","guid":{"rendered":"https:\/\/www.welovecycling.com\/pl\/?p=8223"},"modified":"2019-01-22T14:06:47","modified_gmt":"2019-01-22T14:06:47","slug":"jak-wybrac-rower-na-zime","status":"publish","type":"post","link":"https:\/\/www.welovecycling.com\/pl\/2018\/12\/13\/jak-wybrac-rower-na-zime\/","title":{"rendered":"Jak wybra\u0107 rower na zim\u0119."},"content":{"rendered":"<p><strong>Sp\u00f3jrz na sw\u00f3j rower z w\u0142\u00f3kna w\u0119glowego. A teraz na swoj\u0105 stalow\u0105 ram\u0119. Teraz sp\u00f3jrz na BMX-a, kt\u00f3rego zbudowa\u0142e\u015b 3 lata temu, ale nigdy na nim nie je\u017adzi\u0142e\u015b. A teraz sp\u00f3jrz na mnie \u2013 nie chcia\u0142by\u015b wsi\u0105\u015b\u0107 na kt\u00f3rykolwiek z tych rower\u00f3w w czasie zimy. Oto jak wybra\u0107 rower na zim\u0119, aby\u015b m\u00f3g\u0142 razem z nim stawia\u0107 czo\u0142a mrozom.<\/strong><\/p>\n<p><span style=\"font-size: 18pt;\"><strong>Prostota<\/strong><\/span><\/p>\n<p>Niezale\u017cnie od tego, czy wybierzesz rower g\u00f3rski, BMX-a czy szos\u00f3wk\u0119, rower na zim\u0119 powinien by\u0107 prosty. Ostre ko\u0142o brzmi dobrze na papierze \u2013 \u0142agodne przyspieszenie i wywa\u017cone hamowanie powinny ograniczy\u0107 ryzyko wpadni\u0119cia w po\u015blizg na oblodzonej nawierzchni. Ale czy naprawd\u0119 chcesz z\u0142apa\u0107 zadyszk\u0119 i b\u00f3l mi\u0119\u015bni, zanim dojedziesz do ko\u0144ca w\u0142asnej ulicy? Pomy\u015bl o piastach SRAM Automatix:<\/p>\n<div class=\"embed-controller-wrapper\">\n<div class=\"embed-wrapper\"><iframe title=\"SRAM Automatix Hub Gear\" width=\"500\" height=\"375\" data-src=\"https:\/\/www.youtube.com\/embed\/LlItzt879SA?feature=oembed\" frameborder=\"0\" allow=\"accelerometer; autoplay; clipboard-write; encrypted-media; gyroscope; picture-in-picture; web-share\" referrerpolicy=\"strict-origin-when-cross-origin\" allowfullscreen><\/iframe><\/div>\n<\/div>\n<p>Wybierz mo\u017cliwie najprostszy pojazd. Mniej prze\u0142o\u017ce\u0144 i ko\u0142a, kt\u00f3re mo\u017cna szybko odczepi\u0107, tak \u017ceby\u015b nie musia\u0142 sp\u0119dzi\u0107 zbyt wiele czasu na mrozie, usi\u0142uj\u0105c dokona\u0107 naprawy. Rower wyposa\u017cony w piast\u0119 z biegami wewn\u0119trznymi jest niewymagaj\u0105cy pod k\u0105tem napraw, zw\u0142aszcza kiedy ma automatyczn\u0105 zmian\u0119 prze\u0142o\u017ce\u0144.<\/p>\n<p><span style=\"font-size: 18pt;\"><strong>Liczba prze\u0142o\u017ce\u0144<\/strong><\/span><\/p>\n<p>Je\u015bli Twoje zimowe trasy wymagaj\u0105 kilku prze\u0142o\u017ce\u0144, wybierz wy\u017csze z nich. Najni\u017cszy bieg w nawet 3-biegowej pia\u015bcie pozwoli Ci jecha\u0107 szybciej ni\u017c ostre ko\u0142o, ale niski bieg na 11-rz\u0119dowej kasecie mo\u017ce by\u0107 niebezpieczny przy oblodzeniu \u2013 chyba \u017ce wybierzesz wy\u017csze prze\u0142o\u017cenie.<\/p>\n<p><a href=\"https:\/\/d2p6e6u75xmxt8.cloudfront.net\/5\/2018\/12\/coverwinter.jpg\"><img loading=\"lazy\" decoding=\"async\" class=\"aligncenter size-large wp-image-8224\" src=\"https:\/\/d2p6e6u75xmxt8.cloudfront.net\/5\/2018\/12\/coverwinter-1024x450.jpg\" alt=\"\" width=\"1024\" height=\"450\" srcset=\"https:\/\/d2p6e6u75xmxt8.cloudfront.net\/5\/2018\/12\/coverwinter-1024x450.jpg 1024w, https:\/\/d2p6e6u75xmxt8.cloudfront.net\/5\/2018\/12\/coverwinter-300x132.jpg 300w, https:\/\/d2p6e6u75xmxt8.cloudfront.net\/5\/2018\/12\/coverwinter-768x337.jpg 768w, https:\/\/d2p6e6u75xmxt8.cloudfront.net\/5\/2018\/12\/coverwinter.jpg 1366w\" sizes=\"auto, (max-width: 1024px) 100vw, 1024px\" \/><\/a><\/p>\n<p>To ta sama zasada co w przypadku samochod\u00f3w osobowych czy dostawczych \u2013 na \u015bliskiej jezdni lepiej rusza si\u0119 na 2 biegu. Zmniejsza to ryzyko buksowania k\u00f3\u0142. Zabuksowa\u0142o mi ko\u0142o w szos\u00f3wce na 8 prze\u0142o\u017ceniu, kiedy odsuwa\u0142em si\u0119 od rowerzysty, kt\u00f3rego wyprzedza\u0142em. Poza tym wy\u017csze biegi zapewni\u0105 Ci troch\u0119 treningu przed wiosn\u0105.<\/p>\n<p><span style=\"font-size: 18pt;\"><strong>Wybierz ram\u0119 aluminiow\u0105<\/strong><\/span><\/p>\n<p>Nie znaczy to, \u017ce nie mo\u017cesz u\u017cywa\u0107 zim\u0105 ramy z w\u0142\u00f3kna w\u0119glowego \u2013 nie zauwa\u017cysz \u017cadnej r\u00f3\u017cnicy w je\u017adzie. Podobnie jest w przypadku ramy stalowej \u2013 lepiej jednak zostaw je na wiosn\u0119. S\u0105 powody, dla kt\u00f3rych zim\u0105 warto wybra\u0107 ram\u0119 aluminiow\u0105.<\/p>\n<div class=\"embed-controller-wrapper\">\n<div class=\"embed-wrapper\"><iframe title=\"Six of the best Aluminium bikes - six reasons to buy aluminium\" width=\"500\" height=\"281\" data-src=\"https:\/\/www.youtube.com\/embed\/4JBIJM8YpY0?feature=oembed\" frameborder=\"0\" allow=\"accelerometer; autoplay; clipboard-write; encrypted-media; gyroscope; picture-in-picture; web-share\" referrerpolicy=\"strict-origin-when-cross-origin\" allowfullscreen><\/iframe><\/div>\n<\/div>\n<p>Aluminium jest tanie, surowe, lekkie i nic mu si\u0119 nie stanie, gdy je troch\u0119 poobijasz. Wprawdzie stal te\u017c co nieco wytrzyma, ale czy chcia\u0142by\u015b porysowa\u0107 swoj\u0105 pi\u0119knie odmalowan\u0105 ram\u0119? Bo po 20-kilometrowej je\u017adzie po posypanej odpryskuj\u0105c\u0105 sol\u0105 drodze, z odmarzaj\u0105c\u0105 twarz\u0105 i palcami, rzucisz rower pod \u015bcian\u0119 szybciej, ni\u017c Trump\u00a0powiedzia\u0142by \u201emo\u017ce zagramy w golfa?\u201d.<\/p>\n<p><strong><span style=\"font-size: 18pt;\">Hamulce i przerzutki<\/span><\/strong><\/p>\n<p>Je\u015bli je\u017adzisz w temperaturze -15\u00b0C, lepiej unikaj system\u00f3w hydraulicznych z olejami mineralnymi \u2013 zamiast nich wybierz hamulce z p\u0142ynami DOT. Chodzi tu o lepsz\u0105 skuteczno\u015b\u0107 materia\u0142\u00f3w uszczelniaj\u0105cych, nie samych p\u0142yn\u00f3w. R\u00f3\u017cnica jest subtelna, lecz istotna \u2013 wa\u017cne tylko, \u017ceby\u015b wiedzia\u0142 te\u017c, jak konserwowa\u0107 swoje hamulce:<\/p>\n<div class=\"embed-controller-wrapper\">\n<div class=\"embed-wrapper\"><iframe title=\"EASY BRAKE BLEED | Method used in AUTOMOTIVE INDUSTRY |SHIMANO XT|\" width=\"500\" height=\"281\" data-src=\"https:\/\/www.youtube.com\/embed\/39kX85XEXIA?feature=oembed\" frameborder=\"0\" allow=\"accelerometer; autoplay; clipboard-write; encrypted-media; gyroscope; picture-in-picture; web-share\" referrerpolicy=\"strict-origin-when-cross-origin\" allowfullscreen><\/iframe><\/div>\n<\/div>\n<p>Je\u015bli zostawiasz rower z systemem opartym na olejach mineralnych w ciep\u0142ym korytarzu, a Twoje przeja\u017cd\u017cki trwaj\u0105 kr\u00f3tko, nie zauwa\u017cysz \u017cadnej r\u00f3\u017cnicy. Je\u017celi jednak lubisz 4-godzinne wyprawy po g\u00f3rskich szlakach, DOT znacznie bardziej pasuje do Twojego upodobania do zimna. Wybierz zatem taki rower na zim\u0119, kt\u00f3ry najlepiej nadaje si\u0119 do Twoich potrzeb.<\/p>\n<p>http:\/\/www.skoda-auto.pl\/<\/p>\n","protected":false},"excerpt":{"rendered":"<p>Sp\u00f3jrz na sw\u00f3j rower z w\u0142\u00f3kna w\u0119glowego. A teraz na swoj\u0105 stalow\u0105 ram\u0119. Teraz sp\u00f3jrz na BMX-a, kt\u00f3rego zbudowa\u0142e\u015b 3 [&hellip;]<\/p>\n","protected":false},"author":76,"featured_media":8228,"comment_status":"open","ping_status":"open","sticky":false,"template":"","format":"standard","meta":{"footnotes":""},"categories":[6],"tags":[],"global-categories":[],"class_list":["post-8223","post","type-post","status-publish","format-standard","has-post-thumbnail","hentry","category-kolarstwo-szosowe"],"yoast_head":"<!-- This site is optimized with the Yoast SEO Premium plugin v25.3 (Yoast SEO v25.9) - https:\/\/yoast.com\/wordpress\/plugins\/seo\/ -->\n<title>Jak wybra\u0107 rower na zim\u0119. - \u0160koda We Love Cycling - Poland<\/title>\n<meta name=\"robots\" content=\"index, follow, max-snippet:-1, max-image-preview:large, max-video-preview:-1\" \/>\n<link rel=\"canonical\" href=\"https:\/\/www.welovecycling.com\/pl\/2018\/12\/13\/jak-wybrac-rower-na-zime\/\" \/>\n<meta property=\"og:locale\" content=\"pl_PL\" \/>\n<meta property=\"og:type\" content=\"article\" \/>\n<meta property=\"og:title\" content=\"Jak wybra\u0107 rower na zim\u0119.\" \/>\n<meta property=\"og:description\" content=\"Sp\u00f3jrz na sw\u00f3j rower z w\u0142\u00f3kna w\u0119glowego. A teraz na swoj\u0105 stalow\u0105 ram\u0119. Teraz sp\u00f3jrz na BMX-a, kt\u00f3rego zbudowa\u0142e\u015b 3 [&hellip;]\" \/>\n<meta property=\"og:url\" content=\"https:\/\/www.welovecycling.com\/pl\/2018\/12\/13\/jak-wybrac-rower-na-zime\/\" \/>\n<meta property=\"og:site_name\" content=\"\u0160koda We Love Cycling - Poland\" \/>\n<meta property=\"article:published_time\" content=\"2018-12-13T20:05:12+00:00\" \/>\n<meta property=\"article:modified_time\" content=\"2019-01-22T14:06:47+00:00\" \/>\n<meta property=\"og:image\" content=\"https:\/\/d2p6e6u75xmxt8.cloudfront.net\/5\/2018\/12\/Extreme-Winter-Bike-Race-0391240496-1024x450.jpg\" \/>\n\t<meta property=\"og:image:width\" content=\"1024\" \/>\n\t<meta property=\"og:image:height\" content=\"450\" \/>\n\t<meta property=\"og:image:type\" content=\"image\/jpeg\" \/>\n<meta name=\"author\" content=\"piotrboczkowski\" \/>\n<meta name=\"twitter:card\" content=\"summary_large_image\" \/>\n<meta name=\"twitter:label1\" content=\"Written by\" \/>\n\t<meta name=\"twitter:data1\" content=\"Christopher Ashley\u00a0\" \/>\n\t<meta name=\"twitter:label2\" content=\"Est. reading time\" \/>\n\t<meta name=\"twitter:data2\" content=\"5\" \/>\n<script type=\"application\/ld+json\" class=\"yoast-schema-graph\">{\"@context\":\"https:\/\/schema.org\",\"@graph\":[{\"@type\":\"WebPage\",\"@id\":\"https:\/\/www.welovecycling.com\/pl\/2018\/12\/13\/jak-wybrac-rower-na-zime\/\",\"url\":\"https:\/\/www.welovecycling.com\/pl\/2018\/12\/13\/jak-wybrac-rower-na-zime\/\",\"name\":\"Jak wybra\u0107 rower na zim\u0119. - \u0160koda We Love Cycling - Poland\",\"isPartOf\":{\"@id\":\"https:\/\/www.welovecycling.com\/pl\/#website\"},\"primaryImageOfPage\":{\"@id\":\"https:\/\/www.welovecycling.com\/pl\/2018\/12\/13\/jak-wybrac-rower-na-zime\/#primaryimage\"},\"image\":{\"@id\":\"https:\/\/www.welovecycling.com\/pl\/2018\/12\/13\/jak-wybrac-rower-na-zime\/#primaryimage\"},\"thumbnailUrl\":\"https:\/\/d2p6e6u75xmxt8.cloudfront.net\/5\/2018\/12\/Extreme-Winter-Bike-Race-0391240496-1024x450.jpg\",\"datePublished\":\"2018-12-13T20:05:12+00:00\",\"dateModified\":\"2019-01-22T14:06:47+00:00\",\"author\":{\"@id\":\"https:\/\/www.welovecycling.com\/pl\/#\/schema\/person\/0dba2d39da943db9df3fd8f4687e7f23\"},\"breadcrumb\":{\"@id\":\"https:\/\/www.welovecycling.com\/pl\/2018\/12\/13\/jak-wybrac-rower-na-zime\/#breadcrumb\"},\"inLanguage\":\"pl-PL\",\"potentialAction\":[{\"@type\":\"ReadAction\",\"target\":[\"https:\/\/www.welovecycling.com\/pl\/2018\/12\/13\/jak-wybrac-rower-na-zime\/\"]}]},{\"@type\":\"ImageObject\",\"inLanguage\":\"pl-PL\",\"@id\":\"https:\/\/www.welovecycling.com\/pl\/2018\/12\/13\/jak-wybrac-rower-na-zime\/#primaryimage\",\"url\":\"https:\/\/d2p6e6u75xmxt8.cloudfront.net\/5\/2018\/12\/Extreme-Winter-Bike-Race-0391240496-1024x450.jpg\",\"contentUrl\":\"https:\/\/d2p6e6u75xmxt8.cloudfront.net\/5\/2018\/12\/Extreme-Winter-Bike-Race-0391240496-1024x450.jpg\",\"width\":1024,\"height\":450},{\"@type\":\"BreadcrumbList\",\"@id\":\"https:\/\/www.welovecycling.com\/pl\/2018\/12\/13\/jak-wybrac-rower-na-zime\/#breadcrumb\",\"itemListElement\":[{\"@type\":\"ListItem\",\"position\":1,\"name\":\"Home\",\"item\":\"https:\/\/www.welovecycling.com\/pl\/\"},{\"@type\":\"ListItem\",\"position\":2,\"name\":\"Jak wybra\u0107 rower na zim\u0119.\"}]},{\"@type\":\"WebSite\",\"@id\":\"https:\/\/www.welovecycling.com\/pl\/#website\",\"url\":\"https:\/\/www.welovecycling.com\/pl\/\",\"name\":\"\u0160koda We Love Cycling - Poland\",\"description\":\"\",\"potentialAction\":[{\"@type\":\"SearchAction\",\"target\":{\"@type\":\"EntryPoint\",\"urlTemplate\":\"https:\/\/www.welovecycling.com\/pl\/?s={search_term_string}\"},\"query-input\":{\"@type\":\"PropertyValueSpecification\",\"valueRequired\":true,\"valueName\":\"search_term_string\"}}],\"inLanguage\":\"pl-PL\"},{\"@type\":\"Person\",\"@id\":\"https:\/\/www.welovecycling.com\/pl\/#\/schema\/person\/0dba2d39da943db9df3fd8f4687e7f23\",\"name\":\"piotrboczkowski\",\"image\":{\"@type\":\"ImageObject\",\"inLanguage\":\"pl-PL\",\"@id\":\"https:\/\/www.welovecycling.com\/pl\/#\/schema\/person\/image\/\",\"url\":\"https:\/\/secure.gravatar.com\/avatar\/533caccae14752e03a2ce2d3fd62d1b98b93e1393c3195c27819e53344ca1ace?s=96&d=mm&r=g\",\"contentUrl\":\"https:\/\/secure.gravatar.com\/avatar\/533caccae14752e03a2ce2d3fd62d1b98b93e1393c3195c27819e53344ca1ace?s=96&d=mm&r=g\",\"caption\":\"piotrboczkowski\"},\"url\":\"https:\/\/www.welovecycling.com\/pl\/author\/piotrboczkowski\/\"}]}<\/script>\n<!-- \/ Yoast SEO Premium plugin. -->","yoast_head_json":{"title":"Jak wybra\u0107 rower na zim\u0119. - \u0160koda We Love Cycling - Poland","robots":{"index":"index","follow":"follow","max-snippet":"max-snippet:-1","max-image-preview":"max-image-preview:large","max-video-preview":"max-video-preview:-1"},"canonical":"https:\/\/www.welovecycling.com\/pl\/2018\/12\/13\/jak-wybrac-rower-na-zime\/","og_locale":"pl_PL","og_type":"article","og_title":"Jak wybra\u0107 rower na zim\u0119.","og_description":"Sp\u00f3jrz na sw\u00f3j rower z w\u0142\u00f3kna w\u0119glowego. A teraz na swoj\u0105 stalow\u0105 ram\u0119. Teraz sp\u00f3jrz na BMX-a, kt\u00f3rego zbudowa\u0142e\u015b 3 [&hellip;]","og_url":"https:\/\/www.welovecycling.com\/pl\/2018\/12\/13\/jak-wybrac-rower-na-zime\/","og_site_name":"\u0160koda We Love Cycling - Poland","article_published_time":"2018-12-13T20:05:12+00:00","article_modified_time":"2019-01-22T14:06:47+00:00","og_image":[{"width":1024,"height":450,"url":"https:\/\/d2p6e6u75xmxt8.cloudfront.net\/5\/2018\/12\/Extreme-Winter-Bike-Race-0391240496-1024x450.jpg","type":"image\/jpeg"}],"author":"piotrboczkowski","twitter_card":"summary_large_image","twitter_misc":{"Written by":"Christopher Ashley\u00a0","Est. reading time":"5"},"schema":{"@context":"https:\/\/schema.org","@graph":[{"@type":"WebPage","@id":"https:\/\/www.welovecycling.com\/pl\/2018\/12\/13\/jak-wybrac-rower-na-zime\/","url":"https:\/\/www.welovecycling.com\/pl\/2018\/12\/13\/jak-wybrac-rower-na-zime\/","name":"Jak wybra\u0107 rower na zim\u0119. - \u0160koda We Love Cycling - Poland","isPartOf":{"@id":"https:\/\/www.welovecycling.com\/pl\/#website"},"primaryImageOfPage":{"@id":"https:\/\/www.welovecycling.com\/pl\/2018\/12\/13\/jak-wybrac-rower-na-zime\/#primaryimage"},"image":{"@id":"https:\/\/www.welovecycling.com\/pl\/2018\/12\/13\/jak-wybrac-rower-na-zime\/#primaryimage"},"thumbnailUrl":"https:\/\/d2p6e6u75xmxt8.cloudfront.net\/5\/2018\/12\/Extreme-Winter-Bike-Race-0391240496-1024x450.jpg","datePublished":"2018-12-13T20:05:12+00:00","dateModified":"2019-01-22T14:06:47+00:00","author":{"@id":"https:\/\/www.welovecycling.com\/pl\/#\/schema\/person\/0dba2d39da943db9df3fd8f4687e7f23"},"breadcrumb":{"@id":"https:\/\/www.welovecycling.com\/pl\/2018\/12\/13\/jak-wybrac-rower-na-zime\/#breadcrumb"},"inLanguage":"pl-PL","potentialAction":[{"@type":"ReadAction","target":["https:\/\/www.welovecycling.com\/pl\/2018\/12\/13\/jak-wybrac-rower-na-zime\/"]}]},{"@type":"ImageObject","inLanguage":"pl-PL","@id":"https:\/\/www.welovecycling.com\/pl\/2018\/12\/13\/jak-wybrac-rower-na-zime\/#primaryimage","url":"https:\/\/d2p6e6u75xmxt8.cloudfront.net\/5\/2018\/12\/Extreme-Winter-Bike-Race-0391240496-1024x450.jpg","contentUrl":"https:\/\/d2p6e6u75xmxt8.cloudfront.net\/5\/2018\/12\/Extreme-Winter-Bike-Race-0391240496-1024x450.jpg","width":1024,"height":450},{"@type":"BreadcrumbList","@id":"https:\/\/www.welovecycling.com\/pl\/2018\/12\/13\/jak-wybrac-rower-na-zime\/#breadcrumb","itemListElement":[{"@type":"ListItem","position":1,"name":"Home","item":"https:\/\/www.welovecycling.com\/pl\/"},{"@type":"ListItem","position":2,"name":"Jak wybra\u0107 rower na zim\u0119."}]},{"@type":"WebSite","@id":"https:\/\/www.welovecycling.com\/pl\/#website","url":"https:\/\/www.welovecycling.com\/pl\/","name":"\u0160koda We Love Cycling - Poland","description":"","potentialAction":[{"@type":"SearchAction","target":{"@type":"EntryPoint","urlTemplate":"https:\/\/www.welovecycling.com\/pl\/?s={search_term_string}"},"query-input":{"@type":"PropertyValueSpecification","valueRequired":true,"valueName":"search_term_string"}}],"inLanguage":"pl-PL"},{"@type":"Person","@id":"https:\/\/www.welovecycling.com\/pl\/#\/schema\/person\/0dba2d39da943db9df3fd8f4687e7f23","name":"piotrboczkowski","image":{"@type":"ImageObject","inLanguage":"pl-PL","@id":"https:\/\/www.welovecycling.com\/pl\/#\/schema\/person\/image\/","url":"https:\/\/secure.gravatar.com\/avatar\/533caccae14752e03a2ce2d3fd62d1b98b93e1393c3195c27819e53344ca1ace?s=96&d=mm&r=g","contentUrl":"https:\/\/secure.gravatar.com\/avatar\/533caccae14752e03a2ce2d3fd62d1b98b93e1393c3195c27819e53344ca1ace?s=96&d=mm&r=g","caption":"piotrboczkowski"},"url":"https:\/\/www.welovecycling.com\/pl\/author\/piotrboczkowski\/"}]}},"_links":{"self":[{"href":"https:\/\/www.welovecycling.com\/pl\/wp-json\/wp\/v2\/posts\/8223","targetHints":{"allow":["GET"]}}],"collection":[{"href":"https:\/\/www.welovecycling.com\/pl\/wp-json\/wp\/v2\/posts"}],"about":[{"href":"https:\/\/www.welovecycling.com\/pl\/wp-json\/wp\/v2\/types\/post"}],"author":[{"embeddable":true,"href":"https:\/\/www.welovecycling.com\/pl\/wp-json\/wp\/v2\/users\/76"}],"replies":[{"embeddable":true,"href":"https:\/\/www.welovecycling.com\/pl\/wp-json\/wp\/v2\/comments?post=8223"}],"version-history":[{"count":2,"href":"https:\/\/www.welovecycling.com\/pl\/wp-json\/wp\/v2\/posts\/8223\/revisions"}],"predecessor-version":[{"id":8401,"href":"https:\/\/www.welovecycling.com\/pl\/wp-json\/wp\/v2\/posts\/8223\/revisions\/8401"}],"wp:featuredmedia":[{"embeddable":true,"href":"https:\/\/www.welovecycling.com\/pl\/wp-json\/wp\/v2\/media\/8228"}],"wp:attachment":[{"href":"https:\/\/www.welovecycling.com\/pl\/wp-json\/wp\/v2\/media?parent=8223"}],"wp:term":[{"taxonomy":"category","embeddable":true,"href":"https:\/\/www.welovecycling.com\/pl\/wp-json\/wp\/v2\/categories?post=8223"},{"taxonomy":"post_tag","embeddable":true,"href":"https:\/\/www.welovecycling.com\/pl\/wp-json\/wp\/v2\/tags?post=8223"},{"taxonomy":"global-categories","embeddable":true,"href":"https:\/\/www.welovecycling.com\/pl\/wp-json\/wp\/v2\/global-categories?post=8223"}],"curies":[{"name":"wp","href":"https:\/\/api.w.org\/{rel}","templated":true}]}}