{"id":8199,"date":"2018-12-11T17:54:42","date_gmt":"2018-12-11T17:54:42","guid":{"rendered":"https:\/\/www.welovecycling.com\/pl\/?p=8199"},"modified":"2019-01-22T14:07:28","modified_gmt":"2019-01-22T14:07:28","slug":"ekstremalnie-dlugi-wyscig-organizatorzy-po-nocach-szukali-zawodnikow","status":"publish","type":"post","link":"https:\/\/www.welovecycling.com\/pl\/2018\/12\/11\/ekstremalnie-dlugi-wyscig-organizatorzy-po-nocach-szukali-zawodnikow\/","title":{"rendered":"Ekstremalnie d\u0142ugi wy\u015bcig\u2026 Organizatorzy po nocach szukali zawodnik\u00f3w!"},"content":{"rendered":"<p><strong>Niekt\u00f3rzy nie k\u0142adli si\u0119 spa\u0107, bo start by\u0142 r\u00f3wno o p\u00f3\u0142nocy. P\u00f3\u017aniej przez kilkana\u015bcie godzin peda\u0142owali, a wielu na met\u0119 dotar\u0142o dob\u0119 p\u00f3\u017aniej i to nie o w\u0142asnych si\u0142ach. Z trasy schodzili najwybitniejsi kolarze\u2026 W\u0142a\u015bnie tak wygl\u0105da\u0142 najd\u0142u\u017cszy w historii Tour de France.<\/strong><\/p>\n<p>Min\u0119\u0142o blisko sto lat, a ten etap nadal uwa\u017cany jest za jeden z najtrudniejszych w historii Wielkiej P\u0119tli. Zegar wybi\u0142 12 w nocy, gdy zawodnicy nacisn\u0119li na peda\u0142y i kr\u0119cili, kr\u0119cili, kr\u0119cili. Pierwszy z nich na met\u0119 wjecha\u0142\u2026 17 godzin p\u00f3\u017aniej. Na kolejnego czekano blisko p\u00f3\u0142 godziny, a gdy po godzinie zameldowa\u0142o si\u0119 raptem 10 z 76 zawodnik\u00f3w, organizatorzy rozes\u0142ali po okolicy samochody, by sprawdzi\u0142y, co si\u0119 sta\u0142o z pozosta\u0142ymi kolarzami.<\/p>\n<p>R\u00f3wno dob\u0119 po starcie brakowa\u0142o jeszcze wielu, cho\u0107 niekt\u00f3rzy przybyli autokarami. Ich zbieranie z trasy trwa\u0142o niemal ca\u0142\u0105 noc. Niekt\u00f3rzy prosili o podwiezienie lokalnych mieszka\u0144c\u00f3w, innych odszukali organizatorzy. Wym\u0119czonych, zniech\u0119conych, za\u0142amanych.<\/p>\n<p>W\u0142a\u015bnie tak wygl\u0105da\u0142 etap, kt\u00f3ry sta\u0142 si\u0119 symbolem Tour de France 1926, najd\u0142u\u017cszego w historii Wielkiej P\u0119tli.<\/p>\n<p><a href=\"https:\/\/d2p6e6u75xmxt8.cloudfront.net\/5\/2018\/12\/300px-Tour_de_France_1926.png\"><img loading=\"lazy\" decoding=\"async\" class=\"aligncenter size-full wp-image-8201\" src=\"https:\/\/d2p6e6u75xmxt8.cloudfront.net\/5\/2018\/12\/300px-Tour_de_France_1926.png\" alt=\"\" width=\"300\" height=\"300\" srcset=\"https:\/\/d2p6e6u75xmxt8.cloudfront.net\/5\/2018\/12\/300px-Tour_de_France_1926.png 300w, https:\/\/d2p6e6u75xmxt8.cloudfront.net\/5\/2018\/12\/300px-Tour_de_France_1926-150x150.png 150w\" sizes=\"auto, (max-width: 300px) 100vw, 300px\" \/><\/a><\/p>\n<p><strong>Rowerem z Warszawy, przed \u0141\u00f3d\u017a i Katowice, a\u017c do Krakowa<\/strong><\/p>\n<p>To by\u0142 prawdziwy wy\u015bcig dooko\u0142a Francji. O ile np. Tour de France 2019 zaszczyci swoj\u0105 obecno\u015bci\u0105 g\u0142\u00f3wnie wschodni\u0105 cz\u0119\u015b\u0107 Francji, to ten z 1926 roku jecha\u0142 niemal idealnie po konturach trzeciego najwi\u0119kszego pa\u0144stwa w Europie, co oznacza\u0142o 5745 km do pokonania! (dla por\u00f3wnania przysz\u0142oroczna Wielka P\u0119tla b\u0119dzie liczy\u0142a 3460 km).<\/p>\n<p>A jakby tego by\u0142o ma\u0142o, to na koniec zawodnicy jeszcze doje\u017cd\u017cali do Pary\u017ca. Nie by\u0142o samolot\u00f3w, nie by\u0142o \u017cadnych specjalnych transport\u00f3w \u2013 ca\u0142\u0105 tras\u0119 pokonywano si\u0142\u0105 n\u00f3g. I nie trwa\u0142o to miesi\u0105cami, ale cztery tygodnie.<\/p>\n<p>Tour de France 2019 b\u0119dzie o tydzie\u0144 kr\u00f3tszy, ale najwi\u0119ksza r\u00f3\u017cnica dotyczy\u0142a d\u0142ugo\u015bci etap\u00f3w. W\u00f3wczas najd\u0142u\u017cszy prowadzi\u0142 z Metz do Dunkierki i liczy\u0142 a\u017c 433 km! To tak, jakby rowerem wystartowa\u0107 z Warszawy, przejecha\u0107 przez \u0141\u00f3d\u017a, zahaczy\u0107 o Katowice i podr\u00f3\u017c zako\u0144czy\u0107 w Krakowie.<\/p>\n<p>Zreszt\u0105 etap\u00f3w powy\u017cej 400 km by\u0142o cztery, podczas gdy najd\u0142u\u017cszy w Tour de France 2019 b\u0119dzie odcinek z Belfort do Chalon-sur-Sa\u00f4ne, kt\u00f3ry liczy \u201ezaledwie\u201d 230 km, a to oznacza, \u017ce w 1926 r. by\u0142by niemal\u2026 najkr\u00f3tszym. Ma\u0142o por\u00f3wna\u0144? To wyobra\u017acie sobie, \u017ce Belg Lucien Buysse, zwyci\u0119zca tamtego wy\u015bcigu, sp\u0119dzi\u0142 na rowerze 238 godzin (\u015brednio po 14 godzin na etap), podczas gdy Geraint Thomas, triumfator tegorocznego Tour de France, lini\u0119 mety na Polach Elizejskich min\u0105\u0142 po 83 godzinach\u2026<\/p>\n<p><strong>Z\u0142amali najwybitniejszych<\/strong><\/p>\n<p>W 1926 r. etapy cz\u0119sto zaczyna\u0142y si\u0119 w \u015brodku nocy, a ko\u0144czy\u0142y ju\u017c po zmroku. Zawodnicy gubili drog\u0119, narzekali na ciemno\u015bci, ale organizatorzy nie chcieli odpu\u015bci\u0107 \u2013 Tour de France mia\u0142 by\u0107 wielki, tak\u017ce pod wzgl\u0119dem d\u0142ugo\u015bci trasy. Najwi\u0119kszym zwolennikiem ekstremalnych etap\u00f3w by\u0142 Henri Desgrange, organizator Wielkiej P\u0119tli, a wcze\u015bniej tak\u017ce zawodnik.<\/p>\n<p>Kolarze doprowadzali swoje organizmy na skraj wycie\u0144czenia, a na niekt\u00f3rych w trakcie wy\u015bcigu spada\u0142y jeszcze wi\u0119ksze ciosy. Lucien Buysse w Pary\u017cu nie potrafi\u0142 cieszy\u0107 si\u0119 z triumfu, bo po trzecim etapie dowiedzia\u0142 si\u0119, \u017ce zmar\u0142a jego c\u00f3rka. Ju\u017c wtedy by\u0142 liderem, ale zamierza\u0142 si\u0119 wycofa\u0107. Postanowi\u0142 jednak zosta\u0107 w peletonie i to c\u00f3rce zadedykowa\u0142 wygran\u0105.<\/p>\n<p>Tak d\u0142ugi wy\u015bcig odbi\u0142 si\u0119 jednak organizatorom czkawk\u0105, poniewa\u017c okaza\u0142o si\u0119, \u017ce z takimi dystansami nie radz\u0105 sobie francuscy kolarze. \u017baden z nich nie wygra\u0142 ani jednego etapu, co nie wydarzy\u0142o si\u0119 nigdy wcze\u015bniej. Co wi\u0119cej \u2013 taka sytuacja powt\u00f3rzy\u0142a si\u0119 dopiero w 1999 roku.<\/p>\n<p>Ekstremalnej Wielkiej P\u0119tli z 1926 r. nie uko\u0144czy\u0142 m.in. Ottavio Bottecchia, znakomity kolarz, zwyci\u0119zca dw\u00f3ch poprzednich Tour de France. Najd\u0142u\u017cszy wy\u015bcig w historii jednak go z\u0142ama\u0142 \u2013W\u0142och zszed\u0142 z trasy i ju\u017c nigdy nie powr\u00f3ci\u0142 do powa\u017cnego \u015bcigania\u2026<\/p>\n<p>http:\/\/www.skoda-auto.pl\/<\/p>\n","protected":false},"excerpt":{"rendered":"<p>Niekt\u00f3rzy nie k\u0142adli si\u0119 spa\u0107, bo start by\u0142 r\u00f3wno o p\u00f3\u0142nocy. P\u00f3\u017aniej przez kilkana\u015bcie godzin peda\u0142owali, a wielu na met\u0119 [&hellip;]<\/p>\n","protected":false},"author":76,"featured_media":8200,"comment_status":"open","ping_status":"open","sticky":false,"template":"","format":"standard","meta":{"footnotes":""},"categories":[226,1],"tags":[],"global-categories":[],"class_list":["post-8199","post","type-post","status-publish","format-standard","has-post-thumbnail","hentry","category-ciekawostki","category-uncategorized"],"yoast_head":"<!-- This site is optimized with the Yoast SEO Premium plugin v25.3 (Yoast SEO v25.9) - https:\/\/yoast.com\/wordpress\/plugins\/seo\/ -->\n<title>Ekstremalnie d\u0142ugi wy\u015bcig\u2026 Organizatorzy po nocach szukali zawodnik\u00f3w! - \u0160koda We Love Cycling - Poland<\/title>\n<meta name=\"robots\" content=\"index, follow, max-snippet:-1, max-image-preview:large, max-video-preview:-1\" \/>\n<link rel=\"canonical\" href=\"https:\/\/www.welovecycling.com\/pl\/2018\/12\/11\/ekstremalnie-dlugi-wyscig-organizatorzy-po-nocach-szukali-zawodnikow\/\" \/>\n<meta property=\"og:locale\" content=\"pl_PL\" \/>\n<meta property=\"og:type\" content=\"article\" \/>\n<meta property=\"og:title\" content=\"Ekstremalnie d\u0142ugi wy\u015bcig\u2026 Organizatorzy po nocach szukali zawodnik\u00f3w!\" \/>\n<meta property=\"og:description\" content=\"Niekt\u00f3rzy nie k\u0142adli si\u0119 spa\u0107, bo start by\u0142 r\u00f3wno o p\u00f3\u0142nocy. P\u00f3\u017aniej przez kilkana\u015bcie godzin peda\u0142owali, a wielu na met\u0119 [&hellip;]\" \/>\n<meta property=\"og:url\" content=\"https:\/\/www.welovecycling.com\/pl\/2018\/12\/11\/ekstremalnie-dlugi-wyscig-organizatorzy-po-nocach-szukali-zawodnikow\/\" \/>\n<meta property=\"og:site_name\" content=\"\u0160koda We Love Cycling - Poland\" \/>\n<meta property=\"article:published_time\" content=\"2018-12-11T17:54:42+00:00\" \/>\n<meta property=\"article:modified_time\" content=\"2019-01-22T14:07:28+00:00\" \/>\n<meta property=\"og:image\" content=\"https:\/\/d2p6e6u75xmxt8.cloudfront.net\/5\/2018\/12\/Buysse_gadegeslagen_door_een_koe_Buysse_passing_a_cow.jpg\" \/>\n\t<meta property=\"og:image:width\" content=\"951\" \/>\n\t<meta property=\"og:image:height\" content=\"561\" \/>\n\t<meta property=\"og:image:type\" content=\"image\/jpeg\" \/>\n<meta name=\"author\" content=\"piotrboczkowski\" \/>\n<meta name=\"twitter:card\" content=\"summary_large_image\" \/>\n<meta name=\"twitter:label1\" content=\"Written by\" \/>\n\t<meta name=\"twitter:data1\" content=\"Piotr Jawor\" \/>\n\t<meta name=\"twitter:label2\" content=\"Est. reading time\" \/>\n\t<meta name=\"twitter:data2\" content=\"4\" \/>\n<script type=\"application\/ld+json\" class=\"yoast-schema-graph\">{\"@context\":\"https:\/\/schema.org\",\"@graph\":[{\"@type\":\"WebPage\",\"@id\":\"https:\/\/www.welovecycling.com\/pl\/2018\/12\/11\/ekstremalnie-dlugi-wyscig-organizatorzy-po-nocach-szukali-zawodnikow\/\",\"url\":\"https:\/\/www.welovecycling.com\/pl\/2018\/12\/11\/ekstremalnie-dlugi-wyscig-organizatorzy-po-nocach-szukali-zawodnikow\/\",\"name\":\"Ekstremalnie d\u0142ugi wy\u015bcig\u2026 Organizatorzy po nocach szukali zawodnik\u00f3w! - \u0160koda We Love Cycling - Poland\",\"isPartOf\":{\"@id\":\"https:\/\/www.welovecycling.com\/pl\/#website\"},\"primaryImageOfPage\":{\"@id\":\"https:\/\/www.welovecycling.com\/pl\/2018\/12\/11\/ekstremalnie-dlugi-wyscig-organizatorzy-po-nocach-szukali-zawodnikow\/#primaryimage\"},\"image\":{\"@id\":\"https:\/\/www.welovecycling.com\/pl\/2018\/12\/11\/ekstremalnie-dlugi-wyscig-organizatorzy-po-nocach-szukali-zawodnikow\/#primaryimage\"},\"thumbnailUrl\":\"https:\/\/d2p6e6u75xmxt8.cloudfront.net\/5\/2018\/12\/Buysse_gadegeslagen_door_een_koe_Buysse_passing_a_cow.jpg\",\"datePublished\":\"2018-12-11T17:54:42+00:00\",\"dateModified\":\"2019-01-22T14:07:28+00:00\",\"author\":{\"@id\":\"https:\/\/www.welovecycling.com\/pl\/#\/schema\/person\/0dba2d39da943db9df3fd8f4687e7f23\"},\"breadcrumb\":{\"@id\":\"https:\/\/www.welovecycling.com\/pl\/2018\/12\/11\/ekstremalnie-dlugi-wyscig-organizatorzy-po-nocach-szukali-zawodnikow\/#breadcrumb\"},\"inLanguage\":\"pl-PL\",\"potentialAction\":[{\"@type\":\"ReadAction\",\"target\":[\"https:\/\/www.welovecycling.com\/pl\/2018\/12\/11\/ekstremalnie-dlugi-wyscig-organizatorzy-po-nocach-szukali-zawodnikow\/\"]}]},{\"@type\":\"ImageObject\",\"inLanguage\":\"pl-PL\",\"@id\":\"https:\/\/www.welovecycling.com\/pl\/2018\/12\/11\/ekstremalnie-dlugi-wyscig-organizatorzy-po-nocach-szukali-zawodnikow\/#primaryimage\",\"url\":\"https:\/\/d2p6e6u75xmxt8.cloudfront.net\/5\/2018\/12\/Buysse_gadegeslagen_door_een_koe_Buysse_passing_a_cow.jpg\",\"contentUrl\":\"https:\/\/d2p6e6u75xmxt8.cloudfront.net\/5\/2018\/12\/Buysse_gadegeslagen_door_een_koe_Buysse_passing_a_cow.jpg\",\"width\":951,\"height\":561,\"caption\":\"Wielrennen. Tour de France\/Ronde van Frankrijk 1926, 1e etappe Evian- Mulhouse (373 km), Frankrijk 20 juni 1926. Foto: De Belg Jules Buysse, die een koe passeert, zal na een lange ontsnapping de eerste etappe winnen, Frankrijk 1926.\"},{\"@type\":\"BreadcrumbList\",\"@id\":\"https:\/\/www.welovecycling.com\/pl\/2018\/12\/11\/ekstremalnie-dlugi-wyscig-organizatorzy-po-nocach-szukali-zawodnikow\/#breadcrumb\",\"itemListElement\":[{\"@type\":\"ListItem\",\"position\":1,\"name\":\"Home\",\"item\":\"https:\/\/www.welovecycling.com\/pl\/\"},{\"@type\":\"ListItem\",\"position\":2,\"name\":\"Ekstremalnie d\u0142ugi wy\u015bcig\u2026 Organizatorzy po nocach szukali zawodnik\u00f3w!\"}]},{\"@type\":\"WebSite\",\"@id\":\"https:\/\/www.welovecycling.com\/pl\/#website\",\"url\":\"https:\/\/www.welovecycling.com\/pl\/\",\"name\":\"\u0160koda We Love Cycling - Poland\",\"description\":\"\",\"potentialAction\":[{\"@type\":\"SearchAction\",\"target\":{\"@type\":\"EntryPoint\",\"urlTemplate\":\"https:\/\/www.welovecycling.com\/pl\/?s={search_term_string}\"},\"query-input\":{\"@type\":\"PropertyValueSpecification\",\"valueRequired\":true,\"valueName\":\"search_term_string\"}}],\"inLanguage\":\"pl-PL\"},{\"@type\":\"Person\",\"@id\":\"https:\/\/www.welovecycling.com\/pl\/#\/schema\/person\/0dba2d39da943db9df3fd8f4687e7f23\",\"name\":\"piotrboczkowski\",\"image\":{\"@type\":\"ImageObject\",\"inLanguage\":\"pl-PL\",\"@id\":\"https:\/\/www.welovecycling.com\/pl\/#\/schema\/person\/image\/\",\"url\":\"https:\/\/secure.gravatar.com\/avatar\/533caccae14752e03a2ce2d3fd62d1b98b93e1393c3195c27819e53344ca1ace?s=96&d=mm&r=g\",\"contentUrl\":\"https:\/\/secure.gravatar.com\/avatar\/533caccae14752e03a2ce2d3fd62d1b98b93e1393c3195c27819e53344ca1ace?s=96&d=mm&r=g\",\"caption\":\"piotrboczkowski\"},\"url\":\"https:\/\/www.welovecycling.com\/pl\/author\/piotrboczkowski\/\"}]}<\/script>\n<!-- \/ Yoast SEO Premium plugin. -->","yoast_head_json":{"title":"Ekstremalnie d\u0142ugi wy\u015bcig\u2026 Organizatorzy po nocach szukali zawodnik\u00f3w! - \u0160koda We Love Cycling - Poland","robots":{"index":"index","follow":"follow","max-snippet":"max-snippet:-1","max-image-preview":"max-image-preview:large","max-video-preview":"max-video-preview:-1"},"canonical":"https:\/\/www.welovecycling.com\/pl\/2018\/12\/11\/ekstremalnie-dlugi-wyscig-organizatorzy-po-nocach-szukali-zawodnikow\/","og_locale":"pl_PL","og_type":"article","og_title":"Ekstremalnie d\u0142ugi wy\u015bcig\u2026 Organizatorzy po nocach szukali zawodnik\u00f3w!","og_description":"Niekt\u00f3rzy nie k\u0142adli si\u0119 spa\u0107, bo start by\u0142 r\u00f3wno o p\u00f3\u0142nocy. P\u00f3\u017aniej przez kilkana\u015bcie godzin peda\u0142owali, a wielu na met\u0119 [&hellip;]","og_url":"https:\/\/www.welovecycling.com\/pl\/2018\/12\/11\/ekstremalnie-dlugi-wyscig-organizatorzy-po-nocach-szukali-zawodnikow\/","og_site_name":"\u0160koda We Love Cycling - Poland","article_published_time":"2018-12-11T17:54:42+00:00","article_modified_time":"2019-01-22T14:07:28+00:00","og_image":[{"width":951,"height":561,"url":"https:\/\/d2p6e6u75xmxt8.cloudfront.net\/5\/2018\/12\/Buysse_gadegeslagen_door_een_koe_Buysse_passing_a_cow.jpg","type":"image\/jpeg"}],"author":"piotrboczkowski","twitter_card":"summary_large_image","twitter_misc":{"Written by":"Piotr Jawor","Est. reading time":"4"},"schema":{"@context":"https:\/\/schema.org","@graph":[{"@type":"WebPage","@id":"https:\/\/www.welovecycling.com\/pl\/2018\/12\/11\/ekstremalnie-dlugi-wyscig-organizatorzy-po-nocach-szukali-zawodnikow\/","url":"https:\/\/www.welovecycling.com\/pl\/2018\/12\/11\/ekstremalnie-dlugi-wyscig-organizatorzy-po-nocach-szukali-zawodnikow\/","name":"Ekstremalnie d\u0142ugi wy\u015bcig\u2026 Organizatorzy po nocach szukali zawodnik\u00f3w! - \u0160koda We Love Cycling - Poland","isPartOf":{"@id":"https:\/\/www.welovecycling.com\/pl\/#website"},"primaryImageOfPage":{"@id":"https:\/\/www.welovecycling.com\/pl\/2018\/12\/11\/ekstremalnie-dlugi-wyscig-organizatorzy-po-nocach-szukali-zawodnikow\/#primaryimage"},"image":{"@id":"https:\/\/www.welovecycling.com\/pl\/2018\/12\/11\/ekstremalnie-dlugi-wyscig-organizatorzy-po-nocach-szukali-zawodnikow\/#primaryimage"},"thumbnailUrl":"https:\/\/d2p6e6u75xmxt8.cloudfront.net\/5\/2018\/12\/Buysse_gadegeslagen_door_een_koe_Buysse_passing_a_cow.jpg","datePublished":"2018-12-11T17:54:42+00:00","dateModified":"2019-01-22T14:07:28+00:00","author":{"@id":"https:\/\/www.welovecycling.com\/pl\/#\/schema\/person\/0dba2d39da943db9df3fd8f4687e7f23"},"breadcrumb":{"@id":"https:\/\/www.welovecycling.com\/pl\/2018\/12\/11\/ekstremalnie-dlugi-wyscig-organizatorzy-po-nocach-szukali-zawodnikow\/#breadcrumb"},"inLanguage":"pl-PL","potentialAction":[{"@type":"ReadAction","target":["https:\/\/www.welovecycling.com\/pl\/2018\/12\/11\/ekstremalnie-dlugi-wyscig-organizatorzy-po-nocach-szukali-zawodnikow\/"]}]},{"@type":"ImageObject","inLanguage":"pl-PL","@id":"https:\/\/www.welovecycling.com\/pl\/2018\/12\/11\/ekstremalnie-dlugi-wyscig-organizatorzy-po-nocach-szukali-zawodnikow\/#primaryimage","url":"https:\/\/d2p6e6u75xmxt8.cloudfront.net\/5\/2018\/12\/Buysse_gadegeslagen_door_een_koe_Buysse_passing_a_cow.jpg","contentUrl":"https:\/\/d2p6e6u75xmxt8.cloudfront.net\/5\/2018\/12\/Buysse_gadegeslagen_door_een_koe_Buysse_passing_a_cow.jpg","width":951,"height":561,"caption":"Wielrennen. Tour de France\/Ronde van Frankrijk 1926, 1e etappe Evian- Mulhouse (373 km), Frankrijk 20 juni 1926. Foto: De Belg Jules Buysse, die een koe passeert, zal na een lange ontsnapping de eerste etappe winnen, Frankrijk 1926."},{"@type":"BreadcrumbList","@id":"https:\/\/www.welovecycling.com\/pl\/2018\/12\/11\/ekstremalnie-dlugi-wyscig-organizatorzy-po-nocach-szukali-zawodnikow\/#breadcrumb","itemListElement":[{"@type":"ListItem","position":1,"name":"Home","item":"https:\/\/www.welovecycling.com\/pl\/"},{"@type":"ListItem","position":2,"name":"Ekstremalnie d\u0142ugi wy\u015bcig\u2026 Organizatorzy po nocach szukali zawodnik\u00f3w!"}]},{"@type":"WebSite","@id":"https:\/\/www.welovecycling.com\/pl\/#website","url":"https:\/\/www.welovecycling.com\/pl\/","name":"\u0160koda We Love Cycling - Poland","description":"","potentialAction":[{"@type":"SearchAction","target":{"@type":"EntryPoint","urlTemplate":"https:\/\/www.welovecycling.com\/pl\/?s={search_term_string}"},"query-input":{"@type":"PropertyValueSpecification","valueRequired":true,"valueName":"search_term_string"}}],"inLanguage":"pl-PL"},{"@type":"Person","@id":"https:\/\/www.welovecycling.com\/pl\/#\/schema\/person\/0dba2d39da943db9df3fd8f4687e7f23","name":"piotrboczkowski","image":{"@type":"ImageObject","inLanguage":"pl-PL","@id":"https:\/\/www.welovecycling.com\/pl\/#\/schema\/person\/image\/","url":"https:\/\/secure.gravatar.com\/avatar\/533caccae14752e03a2ce2d3fd62d1b98b93e1393c3195c27819e53344ca1ace?s=96&d=mm&r=g","contentUrl":"https:\/\/secure.gravatar.com\/avatar\/533caccae14752e03a2ce2d3fd62d1b98b93e1393c3195c27819e53344ca1ace?s=96&d=mm&r=g","caption":"piotrboczkowski"},"url":"https:\/\/www.welovecycling.com\/pl\/author\/piotrboczkowski\/"}]}},"_links":{"self":[{"href":"https:\/\/www.welovecycling.com\/pl\/wp-json\/wp\/v2\/posts\/8199","targetHints":{"allow":["GET"]}}],"collection":[{"href":"https:\/\/www.welovecycling.com\/pl\/wp-json\/wp\/v2\/posts"}],"about":[{"href":"https:\/\/www.welovecycling.com\/pl\/wp-json\/wp\/v2\/types\/post"}],"author":[{"embeddable":true,"href":"https:\/\/www.welovecycling.com\/pl\/wp-json\/wp\/v2\/users\/76"}],"replies":[{"embeddable":true,"href":"https:\/\/www.welovecycling.com\/pl\/wp-json\/wp\/v2\/comments?post=8199"}],"version-history":[{"count":2,"href":"https:\/\/www.welovecycling.com\/pl\/wp-json\/wp\/v2\/posts\/8199\/revisions"}],"predecessor-version":[{"id":8403,"href":"https:\/\/www.welovecycling.com\/pl\/wp-json\/wp\/v2\/posts\/8199\/revisions\/8403"}],"wp:featuredmedia":[{"embeddable":true,"href":"https:\/\/www.welovecycling.com\/pl\/wp-json\/wp\/v2\/media\/8200"}],"wp:attachment":[{"href":"https:\/\/www.welovecycling.com\/pl\/wp-json\/wp\/v2\/media?parent=8199"}],"wp:term":[{"taxonomy":"category","embeddable":true,"href":"https:\/\/www.welovecycling.com\/pl\/wp-json\/wp\/v2\/categories?post=8199"},{"taxonomy":"post_tag","embeddable":true,"href":"https:\/\/www.welovecycling.com\/pl\/wp-json\/wp\/v2\/tags?post=8199"},{"taxonomy":"global-categories","embeddable":true,"href":"https:\/\/www.welovecycling.com\/pl\/wp-json\/wp\/v2\/global-categories?post=8199"}],"curies":[{"name":"wp","href":"https:\/\/api.w.org\/{rel}","templated":true}]}}