{"id":8179,"date":"2018-12-05T14:36:57","date_gmt":"2018-12-05T14:36:57","guid":{"rendered":"https:\/\/www.welovecycling.com\/pl\/?p=8179"},"modified":"2018-12-05T14:36:57","modified_gmt":"2018-12-05T14:36:57","slug":"pomoz-ryszardowi-szurkowskiemu-wygrac-najwazniejszy-wyscig","status":"publish","type":"post","link":"https:\/\/www.welovecycling.com\/pl\/2018\/12\/05\/pomoz-ryszardowi-szurkowskiemu-wygrac-najwazniejszy-wyscig\/","title":{"rendered":"Pom\u00f3\u017c Ryszardowi Szurkowskiemu wygra\u0107 najwa\u017cniejszy wy\u015bcig"},"content":{"rendered":"<p><strong>Legenda polskiego i \u015bwiatowego kolarstwa, Ryszard Szurkowski, wci\u0105\u017c jest w bardzo ci\u0119\u017ckiej sytuacji po czerwcowym wypadku. Ruszy\u0142a zbi\u00f3rka pieni\u0119dzy, kt\u00f3re zostan\u0105 przeznaczone na kosztown\u0105 rehabilitacj\u0119 mistrza.<\/strong><\/p>\n<p>Dramat Ryszarda Szurkowskiego rozegra\u0142 si\u0119 10 czerwca na trasie kolarskiego wy\u015bcigu w Kolonii. Dwukrotny mistrz olimpijski bra\u0142 udzia\u0142 w kraksie, kt\u00f3ra sko\u0144czy\u0142a si\u0119 dla niego bardzo powa\u017cnymi urazami kr\u0119gos\u0142upa i twarzy.<\/p>\n<p>72-latek straci\u0142 w\u0142adz\u0119 w nogach i r\u0119kach, ale nie wol\u0119 walki.<\/p>\n<p>P\u00f3\u0142 roku po wypadku wci\u0105\u017c jest sparali\u017cowany, ale mozolnie robi ma\u0142e post\u0119py, kt\u00f3re traktuje jak kolejne etapy w najwa\u017cniejszym wy\u015bcigu \u017cycia. Met\u0119 osi\u0105gnie, gdy zn\u00f3w wsi\u0105dzie na rower, ale nie dotrze tam bez d\u0142ugiej i drogiej rehabilitacji.<\/p>\n<p><a href=\"https:\/\/sportowefakty.wp.pl\/kolarstwo\/787477\/chce-sie-czlowiek-ruszyc-a-nogi-i-rece-leza-szurkowski-znowu-opowiedzial-o-drama\"><img loading=\"lazy\" decoding=\"async\" class=\"aligncenter wp-image-8180 size-full\" src=\"https:\/\/d2p6e6u75xmxt8.cloudfront.net\/5\/2018\/12\/Content_box_970x600.jpg\" alt=\"\" width=\"970\" height=\"600\" srcset=\"https:\/\/d2p6e6u75xmxt8.cloudfront.net\/5\/2018\/12\/Content_box_970x600.jpg 970w, https:\/\/d2p6e6u75xmxt8.cloudfront.net\/5\/2018\/12\/Content_box_970x600-300x186.jpg 300w, https:\/\/d2p6e6u75xmxt8.cloudfront.net\/5\/2018\/12\/Content_box_970x600-768x475.jpg 768w\" sizes=\"auto, (max-width: 970px) 100vw, 970px\" \/><\/a><\/p>\n<p>P\u00f3\u0142 roku po wypadku wci\u0105\u017c jest sparali\u017cowany, ale mozolnie robi ma\u0142e post\u0119py, kt\u00f3re traktuje jak kolejne etapy w najwa\u017cniejszym wy\u015bcigu \u017cycia. Dotarcie na met\u0119 umo\u017cliwi mu tylko d\u0142uga i droga rehabilitacja.<\/p>\n<p><strong>Wszyscy fani kolarstwa mog\u0105 wspom\u00f3c dwunastokrotnego mistrza Polski, kt\u00f3ry przez wiele lat dominowa\u0142 w Wy\u015bcigu Pokoju, wp\u0142acaj\u0105c pieni\u0105dze na konto:<\/strong><\/p>\n<p>09 1240 1747 1111 0000 1845 5759<\/p>\n<p><strong>Tytu\u0142 przelewu:<\/strong> Ryszard Szurkowski \u2013 rehabilitacja<\/p>\n<p><strong>Dane odbiorcy przelewu:<\/strong><\/p>\n<p>Stowarzyszenie Lions Club Pozna\u0144 1990<\/p>\n<ol>\n<li>Jana Henryka D\u0105browskiego 189<\/li>\n<\/ol>\n<p>60-594 Pozna\u0144<\/p>\n","protected":false},"excerpt":{"rendered":"<p>Legenda polskiego i \u015bwiatowego kolarstwa, Ryszard Szurkowski, wci\u0105\u017c jest w bardzo ci\u0119\u017ckiej sytuacji po czerwcowym wypadku. Ruszy\u0142a zbi\u00f3rka pieni\u0119dzy, kt\u00f3re [&hellip;]<\/p>\n","protected":false},"author":76,"featured_media":8181,"comment_status":"open","ping_status":"open","sticky":false,"template":"","format":"standard","meta":{"footnotes":""},"categories":[289],"tags":[],"global-categories":[],"class_list":["post-8179","post","type-post","status-publish","format-standard","has-post-thumbnail","hentry","category-we-love-cycling"],"yoast_head":"<!-- This site is optimized with the Yoast SEO Premium plugin v25.3 (Yoast SEO v25.9) - https:\/\/yoast.com\/wordpress\/plugins\/seo\/ -->\n<title>Pom\u00f3\u017c Ryszardowi Szurkowskiemu wygra\u0107 najwa\u017cniejszy wy\u015bcig - \u0160koda We Love Cycling - Poland<\/title>\n<meta name=\"robots\" content=\"index, follow, max-snippet:-1, max-image-preview:large, max-video-preview:-1\" \/>\n<link rel=\"canonical\" href=\"https:\/\/www.welovecycling.com\/pl\/2018\/12\/05\/pomoz-ryszardowi-szurkowskiemu-wygrac-najwazniejszy-wyscig\/\" \/>\n<meta property=\"og:locale\" content=\"pl_PL\" \/>\n<meta property=\"og:type\" content=\"article\" \/>\n<meta property=\"og:title\" content=\"Pom\u00f3\u017c Ryszardowi Szurkowskiemu wygra\u0107 najwa\u017cniejszy wy\u015bcig\" \/>\n<meta property=\"og:description\" content=\"Legenda polskiego i \u015bwiatowego kolarstwa, Ryszard Szurkowski, wci\u0105\u017c jest w bardzo ci\u0119\u017ckiej sytuacji po czerwcowym wypadku. Ruszy\u0142a zbi\u00f3rka pieni\u0119dzy, kt\u00f3re [&hellip;]\" \/>\n<meta property=\"og:url\" content=\"https:\/\/www.welovecycling.com\/pl\/2018\/12\/05\/pomoz-ryszardowi-szurkowskiemu-wygrac-najwazniejszy-wyscig\/\" \/>\n<meta property=\"og:site_name\" content=\"\u0160koda We Love Cycling - Poland\" \/>\n<meta property=\"article:published_time\" content=\"2018-12-05T14:36:57+00:00\" \/>\n<meta property=\"og:image\" content=\"https:\/\/d2p6e6u75xmxt8.cloudfront.net\/5\/2018\/12\/szurkowski.jpg\" \/>\n\t<meta property=\"og:image:width\" content=\"680\" \/>\n\t<meta property=\"og:image:height\" content=\"454\" \/>\n\t<meta property=\"og:image:type\" content=\"image\/jpeg\" \/>\n<meta name=\"author\" content=\"piotrboczkowski\" \/>\n<meta name=\"twitter:card\" content=\"summary_large_image\" \/>\n<meta name=\"twitter:label1\" content=\"Written by\" \/>\n\t<meta name=\"twitter:data1\" content=\"piotrboczkowski\" \/>\n\t<meta name=\"twitter:label2\" content=\"Est. reading time\" \/>\n\t<meta name=\"twitter:data2\" content=\"1 minute\" \/>\n<script type=\"application\/ld+json\" class=\"yoast-schema-graph\">{\"@context\":\"https:\/\/schema.org\",\"@graph\":[{\"@type\":\"WebPage\",\"@id\":\"https:\/\/www.welovecycling.com\/pl\/2018\/12\/05\/pomoz-ryszardowi-szurkowskiemu-wygrac-najwazniejszy-wyscig\/\",\"url\":\"https:\/\/www.welovecycling.com\/pl\/2018\/12\/05\/pomoz-ryszardowi-szurkowskiemu-wygrac-najwazniejszy-wyscig\/\",\"name\":\"Pom\u00f3\u017c Ryszardowi Szurkowskiemu wygra\u0107 najwa\u017cniejszy wy\u015bcig - \u0160koda We Love Cycling - Poland\",\"isPartOf\":{\"@id\":\"https:\/\/www.welovecycling.com\/pl\/#website\"},\"primaryImageOfPage\":{\"@id\":\"https:\/\/www.welovecycling.com\/pl\/2018\/12\/05\/pomoz-ryszardowi-szurkowskiemu-wygrac-najwazniejszy-wyscig\/#primaryimage\"},\"image\":{\"@id\":\"https:\/\/www.welovecycling.com\/pl\/2018\/12\/05\/pomoz-ryszardowi-szurkowskiemu-wygrac-najwazniejszy-wyscig\/#primaryimage\"},\"thumbnailUrl\":\"https:\/\/d2p6e6u75xmxt8.cloudfront.net\/5\/2018\/12\/szurkowski.jpg\",\"datePublished\":\"2018-12-05T14:36:57+00:00\",\"author\":{\"@id\":\"https:\/\/www.welovecycling.com\/pl\/#\/schema\/person\/0dba2d39da943db9df3fd8f4687e7f23\"},\"breadcrumb\":{\"@id\":\"https:\/\/www.welovecycling.com\/pl\/2018\/12\/05\/pomoz-ryszardowi-szurkowskiemu-wygrac-najwazniejszy-wyscig\/#breadcrumb\"},\"inLanguage\":\"pl-PL\",\"potentialAction\":[{\"@type\":\"ReadAction\",\"target\":[\"https:\/\/www.welovecycling.com\/pl\/2018\/12\/05\/pomoz-ryszardowi-szurkowskiemu-wygrac-najwazniejszy-wyscig\/\"]}]},{\"@type\":\"ImageObject\",\"inLanguage\":\"pl-PL\",\"@id\":\"https:\/\/www.welovecycling.com\/pl\/2018\/12\/05\/pomoz-ryszardowi-szurkowskiemu-wygrac-najwazniejszy-wyscig\/#primaryimage\",\"url\":\"https:\/\/d2p6e6u75xmxt8.cloudfront.net\/5\/2018\/12\/szurkowski.jpg\",\"contentUrl\":\"https:\/\/d2p6e6u75xmxt8.cloudfront.net\/5\/2018\/12\/szurkowski.jpg\",\"width\":680,\"height\":454},{\"@type\":\"BreadcrumbList\",\"@id\":\"https:\/\/www.welovecycling.com\/pl\/2018\/12\/05\/pomoz-ryszardowi-szurkowskiemu-wygrac-najwazniejszy-wyscig\/#breadcrumb\",\"itemListElement\":[{\"@type\":\"ListItem\",\"position\":1,\"name\":\"Home\",\"item\":\"https:\/\/www.welovecycling.com\/pl\/\"},{\"@type\":\"ListItem\",\"position\":2,\"name\":\"Pom\u00f3\u017c Ryszardowi Szurkowskiemu wygra\u0107 najwa\u017cniejszy wy\u015bcig\"}]},{\"@type\":\"WebSite\",\"@id\":\"https:\/\/www.welovecycling.com\/pl\/#website\",\"url\":\"https:\/\/www.welovecycling.com\/pl\/\",\"name\":\"\u0160koda We Love Cycling - Poland\",\"description\":\"\",\"potentialAction\":[{\"@type\":\"SearchAction\",\"target\":{\"@type\":\"EntryPoint\",\"urlTemplate\":\"https:\/\/www.welovecycling.com\/pl\/?s={search_term_string}\"},\"query-input\":{\"@type\":\"PropertyValueSpecification\",\"valueRequired\":true,\"valueName\":\"search_term_string\"}}],\"inLanguage\":\"pl-PL\"},{\"@type\":\"Person\",\"@id\":\"https:\/\/www.welovecycling.com\/pl\/#\/schema\/person\/0dba2d39da943db9df3fd8f4687e7f23\",\"name\":\"piotrboczkowski\",\"image\":{\"@type\":\"ImageObject\",\"inLanguage\":\"pl-PL\",\"@id\":\"https:\/\/www.welovecycling.com\/pl\/#\/schema\/person\/image\/\",\"url\":\"https:\/\/secure.gravatar.com\/avatar\/533caccae14752e03a2ce2d3fd62d1b98b93e1393c3195c27819e53344ca1ace?s=96&d=mm&r=g\",\"contentUrl\":\"https:\/\/secure.gravatar.com\/avatar\/533caccae14752e03a2ce2d3fd62d1b98b93e1393c3195c27819e53344ca1ace?s=96&d=mm&r=g\",\"caption\":\"piotrboczkowski\"},\"url\":\"https:\/\/www.welovecycling.com\/pl\/author\/piotrboczkowski\/\"}]}<\/script>\n<!-- \/ Yoast SEO Premium plugin. -->","yoast_head_json":{"title":"Pom\u00f3\u017c Ryszardowi Szurkowskiemu wygra\u0107 najwa\u017cniejszy wy\u015bcig - \u0160koda We Love Cycling - Poland","robots":{"index":"index","follow":"follow","max-snippet":"max-snippet:-1","max-image-preview":"max-image-preview:large","max-video-preview":"max-video-preview:-1"},"canonical":"https:\/\/www.welovecycling.com\/pl\/2018\/12\/05\/pomoz-ryszardowi-szurkowskiemu-wygrac-najwazniejszy-wyscig\/","og_locale":"pl_PL","og_type":"article","og_title":"Pom\u00f3\u017c Ryszardowi Szurkowskiemu wygra\u0107 najwa\u017cniejszy wy\u015bcig","og_description":"Legenda polskiego i \u015bwiatowego kolarstwa, Ryszard Szurkowski, wci\u0105\u017c jest w bardzo ci\u0119\u017ckiej sytuacji po czerwcowym wypadku. Ruszy\u0142a zbi\u00f3rka pieni\u0119dzy, kt\u00f3re [&hellip;]","og_url":"https:\/\/www.welovecycling.com\/pl\/2018\/12\/05\/pomoz-ryszardowi-szurkowskiemu-wygrac-najwazniejszy-wyscig\/","og_site_name":"\u0160koda We Love Cycling - Poland","article_published_time":"2018-12-05T14:36:57+00:00","og_image":[{"width":680,"height":454,"url":"https:\/\/d2p6e6u75xmxt8.cloudfront.net\/5\/2018\/12\/szurkowski.jpg","type":"image\/jpeg"}],"author":"piotrboczkowski","twitter_card":"summary_large_image","twitter_misc":{"Written by":"piotrboczkowski","Est. reading time":"1 minute"},"schema":{"@context":"https:\/\/schema.org","@graph":[{"@type":"WebPage","@id":"https:\/\/www.welovecycling.com\/pl\/2018\/12\/05\/pomoz-ryszardowi-szurkowskiemu-wygrac-najwazniejszy-wyscig\/","url":"https:\/\/www.welovecycling.com\/pl\/2018\/12\/05\/pomoz-ryszardowi-szurkowskiemu-wygrac-najwazniejszy-wyscig\/","name":"Pom\u00f3\u017c Ryszardowi Szurkowskiemu wygra\u0107 najwa\u017cniejszy wy\u015bcig - \u0160koda We Love Cycling - Poland","isPartOf":{"@id":"https:\/\/www.welovecycling.com\/pl\/#website"},"primaryImageOfPage":{"@id":"https:\/\/www.welovecycling.com\/pl\/2018\/12\/05\/pomoz-ryszardowi-szurkowskiemu-wygrac-najwazniejszy-wyscig\/#primaryimage"},"image":{"@id":"https:\/\/www.welovecycling.com\/pl\/2018\/12\/05\/pomoz-ryszardowi-szurkowskiemu-wygrac-najwazniejszy-wyscig\/#primaryimage"},"thumbnailUrl":"https:\/\/d2p6e6u75xmxt8.cloudfront.net\/5\/2018\/12\/szurkowski.jpg","datePublished":"2018-12-05T14:36:57+00:00","author":{"@id":"https:\/\/www.welovecycling.com\/pl\/#\/schema\/person\/0dba2d39da943db9df3fd8f4687e7f23"},"breadcrumb":{"@id":"https:\/\/www.welovecycling.com\/pl\/2018\/12\/05\/pomoz-ryszardowi-szurkowskiemu-wygrac-najwazniejszy-wyscig\/#breadcrumb"},"inLanguage":"pl-PL","potentialAction":[{"@type":"ReadAction","target":["https:\/\/www.welovecycling.com\/pl\/2018\/12\/05\/pomoz-ryszardowi-szurkowskiemu-wygrac-najwazniejszy-wyscig\/"]}]},{"@type":"ImageObject","inLanguage":"pl-PL","@id":"https:\/\/www.welovecycling.com\/pl\/2018\/12\/05\/pomoz-ryszardowi-szurkowskiemu-wygrac-najwazniejszy-wyscig\/#primaryimage","url":"https:\/\/d2p6e6u75xmxt8.cloudfront.net\/5\/2018\/12\/szurkowski.jpg","contentUrl":"https:\/\/d2p6e6u75xmxt8.cloudfront.net\/5\/2018\/12\/szurkowski.jpg","width":680,"height":454},{"@type":"BreadcrumbList","@id":"https:\/\/www.welovecycling.com\/pl\/2018\/12\/05\/pomoz-ryszardowi-szurkowskiemu-wygrac-najwazniejszy-wyscig\/#breadcrumb","itemListElement":[{"@type":"ListItem","position":1,"name":"Home","item":"https:\/\/www.welovecycling.com\/pl\/"},{"@type":"ListItem","position":2,"name":"Pom\u00f3\u017c Ryszardowi Szurkowskiemu wygra\u0107 najwa\u017cniejszy wy\u015bcig"}]},{"@type":"WebSite","@id":"https:\/\/www.welovecycling.com\/pl\/#website","url":"https:\/\/www.welovecycling.com\/pl\/","name":"\u0160koda We Love Cycling - Poland","description":"","potentialAction":[{"@type":"SearchAction","target":{"@type":"EntryPoint","urlTemplate":"https:\/\/www.welovecycling.com\/pl\/?s={search_term_string}"},"query-input":{"@type":"PropertyValueSpecification","valueRequired":true,"valueName":"search_term_string"}}],"inLanguage":"pl-PL"},{"@type":"Person","@id":"https:\/\/www.welovecycling.com\/pl\/#\/schema\/person\/0dba2d39da943db9df3fd8f4687e7f23","name":"piotrboczkowski","image":{"@type":"ImageObject","inLanguage":"pl-PL","@id":"https:\/\/www.welovecycling.com\/pl\/#\/schema\/person\/image\/","url":"https:\/\/secure.gravatar.com\/avatar\/533caccae14752e03a2ce2d3fd62d1b98b93e1393c3195c27819e53344ca1ace?s=96&d=mm&r=g","contentUrl":"https:\/\/secure.gravatar.com\/avatar\/533caccae14752e03a2ce2d3fd62d1b98b93e1393c3195c27819e53344ca1ace?s=96&d=mm&r=g","caption":"piotrboczkowski"},"url":"https:\/\/www.welovecycling.com\/pl\/author\/piotrboczkowski\/"}]}},"_links":{"self":[{"href":"https:\/\/www.welovecycling.com\/pl\/wp-json\/wp\/v2\/posts\/8179","targetHints":{"allow":["GET"]}}],"collection":[{"href":"https:\/\/www.welovecycling.com\/pl\/wp-json\/wp\/v2\/posts"}],"about":[{"href":"https:\/\/www.welovecycling.com\/pl\/wp-json\/wp\/v2\/types\/post"}],"author":[{"embeddable":true,"href":"https:\/\/www.welovecycling.com\/pl\/wp-json\/wp\/v2\/users\/76"}],"replies":[{"embeddable":true,"href":"https:\/\/www.welovecycling.com\/pl\/wp-json\/wp\/v2\/comments?post=8179"}],"version-history":[{"count":1,"href":"https:\/\/www.welovecycling.com\/pl\/wp-json\/wp\/v2\/posts\/8179\/revisions"}],"predecessor-version":[{"id":8182,"href":"https:\/\/www.welovecycling.com\/pl\/wp-json\/wp\/v2\/posts\/8179\/revisions\/8182"}],"wp:featuredmedia":[{"embeddable":true,"href":"https:\/\/www.welovecycling.com\/pl\/wp-json\/wp\/v2\/media\/8181"}],"wp:attachment":[{"href":"https:\/\/www.welovecycling.com\/pl\/wp-json\/wp\/v2\/media?parent=8179"}],"wp:term":[{"taxonomy":"category","embeddable":true,"href":"https:\/\/www.welovecycling.com\/pl\/wp-json\/wp\/v2\/categories?post=8179"},{"taxonomy":"post_tag","embeddable":true,"href":"https:\/\/www.welovecycling.com\/pl\/wp-json\/wp\/v2\/tags?post=8179"},{"taxonomy":"global-categories","embeddable":true,"href":"https:\/\/www.welovecycling.com\/pl\/wp-json\/wp\/v2\/global-categories?post=8179"}],"curies":[{"name":"wp","href":"https:\/\/api.w.org\/{rel}","templated":true}]}}