{"id":8160,"date":"2018-11-29T16:45:26","date_gmt":"2018-11-29T16:45:26","guid":{"rendered":"https:\/\/www.welovecycling.com\/pl\/?p=8160"},"modified":"2018-12-02T16:59:10","modified_gmt":"2018-12-02T16:59:10","slug":"eddy-merckx-mogl-zostac-rekordzista-wszech-czasow-tour-de-france-co-poszlo-nie-tak","status":"publish","type":"post","link":"https:\/\/www.welovecycling.com\/pl\/2018\/11\/29\/eddy-merckx-mogl-zostac-rekordzista-wszech-czasow-tour-de-france-co-poszlo-nie-tak\/","title":{"rendered":"Eddy Merckx: M\u00f3g\u0142 zosta\u0107 rekordzist\u0105 wszech czas\u00f3w Tour de France. Co posz\u0142o nie tak?"},"content":{"rendered":"<p><strong>By\u0142o ich czterech: Jacques Anquentil, Eddy Merckx, Bernard Hinault i Miguel Indurain. Wszyscy to herosi kolarstwa, bo wygrali Tour de France pi\u0119ciokrotnie. Najpot\u0119\u017cniejszym by\u0142 jednak Merckx, kt\u00f3ry mia\u0142 wielk\u0105 szans\u0119 zosta\u0107 rekordzist\u0105 wszech czas\u00f3w, ale\u2026 \u015bwiadomie z niej zrezygnowa\u0142.<\/strong><\/p>\n<p><a href=\"https:\/\/d2p6e6u75xmxt8.cloudfront.net\/5\/2018\/12\/Eddy_Merckx_1966.jpg\"><img loading=\"lazy\" decoding=\"async\" class=\"aligncenter size-full wp-image-8161\" src=\"https:\/\/d2p6e6u75xmxt8.cloudfront.net\/5\/2018\/12\/Eddy_Merckx_1966.jpg\" alt=\"\" width=\"413\" height=\"301\" srcset=\"https:\/\/d2p6e6u75xmxt8.cloudfront.net\/5\/2018\/12\/Eddy_Merckx_1966.jpg 413w, https:\/\/d2p6e6u75xmxt8.cloudfront.net\/5\/2018\/12\/Eddy_Merckx_1966-300x219.jpg 300w\" sizes=\"auto, (max-width: 413px) 100vw, 413px\" \/><\/a><\/p>\n<p>By\u0142 jak Anita W\u0142odarczyk w rzucie m\u0142otem czy Michael Phelps w p\u0142ywaniu \u2013 gdy stawa\u0142 na starcie, rywale w wi\u0119kszo\u015bci wiedzieli, \u017ce walka toczy si\u0119 ju\u017c tylko o drugie miejsce. Nieprzypadkowo Belg nazywany by\u0142 \u201eKanibalem\u201d, bo zwyci\u0119stwa bra\u0142 z marszu \u2013 wygrywa\u0142 jak chcia\u0142 i kiedy chcia\u0142. A gdy by\u0142 w s\u0142abszej dyspozycji, to dopisywa\u0142o mu szcz\u0119\u015bcie. Na og\u00f3\u0142 jednak przeszkodzi\u0107 m\u00f3g\u0142 mu tylko on sam.<\/p>\n<p><strong>\u201eKanibal\u201d straci\u0142 apetyt<\/strong><\/p>\n<p>Jako jedyny kolarz w historii Wielkiej P\u0119tli w jednym roku wygra\u0142 trzy klasyfikacje: generaln\u0105, punktow\u0105 oraz g\u00f3rsk\u0105. W\u0142a\u015bnie w taki spos\u00f3b w 1969 r. przywita\u0142 si\u0119 ze zwyci\u0119stwami w Tour de France. P\u00f3\u017aniej \u017c\u00f3\u0142t\u0105 koszulk\u0119 oddawa\u0142 niezwykle rzadko \u2013 na Polach Elizejskich paradowa\u0142 w niej tak\u017ce w 1970, 1971, 1972 i 1974 roku. A czemu nie w 1973?<\/p>\n<p>Wersje s\u0105 dwie. Ta nieoficjalna m\u00f3wi, \u017ce organizatorzy Tour de France poprosili Mercksa, by nie startowa\u0142, bo obawiali si\u0119, \u017ce \u201eKanibal\u201d zn\u00f3w po\u017cre wszystkich rywali. Po jego czterech zwyci\u0119stwach z rz\u0119du Wielka P\u0119tla zrobi\u0142a si\u0119 przewidywalna. \u201eMerckx \u2013 czy tym razem zabije Tour de France?\u201d \u2013 takie pytanie pojawi\u0142o si\u0119 w przededniu startu Wielkiej P\u0119tli na ok\u0142adce \u201eParis Match\u201d.<\/p>\n<p>Poza tym Francuzi mieli nadziej\u0119, \u017ce pod nieobecno\u015b\u0107 Belga zwyci\u0119\u017cy kt\u00f3ry\u015b z ich zawodnik\u00f3w, co od nowa nakr\u0119ci mod\u0119 na kolarstwo. Wcze\u015bniej bowiem a\u017c sze\u015b\u0107 z siedmiu edycji Tour de France wygrywa\u0142 Francuz, po czym na starcie zjawi\u0142 si\u0119 Merckx i reprezentantom gospodarzy pozosta\u0142o drugie miejsce w klasyfikacji generalnej lub zwyci\u0119stwa etapowe. W tej sytuacji Belg mia\u0142 ulec namowom organizator\u00f3w i zrezygnowa\u0142 ze startu.<\/p>\n<p>Druga wersja m\u00f3wi, \u017ce to sam \u201eKanibal\u201d straci\u0142 apetyt na Wielk\u0105 P\u0119tl\u0119, wi\u0119c postanowi\u0142 zrobi\u0107 sobie wolne od Francji i w 1973 r. postawi\u0142 na Giro d\u2019Italia oraz Vuelta a Espana. Oba oczywi\u015bcie wygra\u0142, przy czym we W\u0142oszech do\u0142o\u017cy\u0142 zwyci\u0119stwo w klasyfikacji punktowej, a w Hiszpanii w punktowej i kombinowanej.<\/p>\n<p><strong>Francuzi dopi\u0119li swego<\/strong><\/p>\n<p>A co pod nieobecno\u015b\u0107 Merckxa dzia\u0142o si\u0119 na Tour de France w 1973 roku? Peleton od\u017cy\u0142, bo w wielu kolarzach zn\u00f3w roztli\u0142a si\u0119 nadzieja na zwyci\u0119stwo. Kandydat\u00f3w do triumfu by\u0142o co najmniej kilku. Francuzi liczyli na Raymonda Poulidora, kt\u00f3ry ju\u017c wtedy mocno pracowa\u0142 na sw\u00f3j pseudonim \u201eWiecznie Drugi\u201d. Przedstawiciel gospodarzy i tym razem mia\u0142 pecha, bo na trasie 13. etapu spad\u0142 z prze\u0142\u0119czy i musia\u0142 si\u0119 wycofa\u0107 z wy\u015bcigu.<\/p>\n<p>Oczy wszystkich Francuz\u00f3w skierowane zosta\u0142y wi\u0119c na Bernarda Theveneta. Ten walczy\u0142 dzielnie, ale w klasyfikacji generalnej przegra\u0142 z Hiszpanem Luisem Ocan\u0105, dla kt\u00f3rego by\u0142 to pierwszy i ostatni triumf w Wielkiej P\u0119tli. Za rok w Tour de France zn\u00f3w bowiem wyst\u0105pi\u0142 Merckx i\u2026 zn\u00f3w wygra\u0142.<\/p>\n<p>Francuzi jednak doczekali si\u0119 swoich dni kolarskiej chwa\u0142y. Merckx zosta\u0142by bowiem niekwestionowan\u0105 legend\u0105 Wielkiej P\u0119tli, gdyby w\u0142a\u015bnie nie Thevenet. Francuz przez dwa lata zbiera\u0142 si\u0119 po pora\u017cce z Ocan\u0105, ale w 1975 r. by\u0142 ju\u017c niezwykle mocny. Tak mocny, \u017ce w klasyfikacji generalnej pokona\u0142 nawet Mercksa i tym samym zatrzyma\u0142 jego marsz po rekord. Francja oszala\u0142a, bo po siedmiu latach i pi\u0119ciu triumfach Belga, zwyci\u0119zca najwi\u0119kszego wy\u015bcigu \u015bwiata zn\u00f3w pochodzi\u0142 z kraju organizatora.<\/p>\n<p><strong>Otarcie \u0142ez<\/strong><\/p>\n<p>W takich w\u0142a\u015bnie okoliczno\u015bciach Merckx straci\u0142 szans\u0119 na zostanie rekordzist\u0105 wszech czas\u00f3w pod wzgl\u0119dem zwyci\u0119stw w klasyfikacji generalnej Tour de France. Na otarcie \u0142ez pozosta\u0142y ma za to inne, do dzi\u015b niepobite osi\u0105gni\u0119cia \u2013 najd\u0142u\u017cej w historii jecha\u0142 w \u017c\u00f3\u0142tej koszulce lidera Wielkiej P\u0119tli (96 dni), wygra\u0142 te\u017c najwi\u0119cej etap\u00f3w (34), a w ca\u0142ej karierze \u2013 w r\u00f3\u017cnych wy\u015bcigach &#8211; ponad 500 razy (!) przecina\u0142 met\u0119 jako pierwszy.<\/p>\n<p>\u201eTo najwybitniejszy przedstawiciel kolarstwa w ca\u0142ej historii tej dyscypliny\u201d \u2013 pisa\u0142 o Mercksie Richard Moore w ksi\u0105\u017cce \u201eTour de France. Etapy, kt\u00f3re przesz\u0142y do historii\u201d.<\/p>\n<p>&nbsp;<\/p>\n","protected":false},"excerpt":{"rendered":"<p>By\u0142o ich czterech: Jacques Anquentil, Eddy Merckx, Bernard Hinault i Miguel Indurain. Wszyscy to herosi kolarstwa, bo wygrali Tour de [&hellip;]<\/p>\n","protected":false},"author":76,"featured_media":8162,"comment_status":"open","ping_status":"open","sticky":false,"template":"","format":"standard","meta":{"footnotes":""},"categories":[226],"tags":[],"global-categories":[],"class_list":["post-8160","post","type-post","status-publish","format-standard","has-post-thumbnail","hentry","category-ciekawostki"],"yoast_head":"<!-- This site is optimized with the Yoast SEO Premium plugin v25.3 (Yoast SEO v25.9) - https:\/\/yoast.com\/wordpress\/plugins\/seo\/ -->\n<title>Eddy Merckx: M\u00f3g\u0142 zosta\u0107 rekordzist\u0105 wszech czas\u00f3w Tour de France. Co posz\u0142o nie tak? - \u0160koda We Love Cycling - Poland<\/title>\n<meta name=\"robots\" content=\"index, follow, max-snippet:-1, max-image-preview:large, max-video-preview:-1\" \/>\n<link rel=\"canonical\" href=\"https:\/\/www.welovecycling.com\/pl\/2018\/11\/29\/eddy-merckx-mogl-zostac-rekordzista-wszech-czasow-tour-de-france-co-poszlo-nie-tak\/\" \/>\n<meta property=\"og:locale\" content=\"pl_PL\" \/>\n<meta property=\"og:type\" content=\"article\" \/>\n<meta property=\"og:title\" content=\"Eddy Merckx: M\u00f3g\u0142 zosta\u0107 rekordzist\u0105 wszech czas\u00f3w Tour de France. Co posz\u0142o nie tak?\" \/>\n<meta property=\"og:description\" content=\"By\u0142o ich czterech: Jacques Anquentil, Eddy Merckx, Bernard Hinault i Miguel Indurain. Wszyscy to herosi kolarstwa, bo wygrali Tour de [&hellip;]\" \/>\n<meta property=\"og:url\" content=\"https:\/\/www.welovecycling.com\/pl\/2018\/11\/29\/eddy-merckx-mogl-zostac-rekordzista-wszech-czasow-tour-de-france-co-poszlo-nie-tak\/\" \/>\n<meta property=\"og:site_name\" content=\"\u0160koda We Love Cycling - Poland\" \/>\n<meta property=\"article:published_time\" content=\"2018-11-29T16:45:26+00:00\" \/>\n<meta property=\"article:modified_time\" content=\"2018-12-02T16:59:10+00:00\" \/>\n<meta property=\"og:image\" content=\"https:\/\/d2p6e6u75xmxt8.cloudfront.net\/5\/2018\/12\/Eddy_Merckx_Canada_1974_WK.jpg\" \/>\n\t<meta property=\"og:image:width\" content=\"629\" \/>\n\t<meta property=\"og:image:height\" content=\"433\" \/>\n\t<meta property=\"og:image:type\" content=\"image\/jpeg\" \/>\n<meta name=\"author\" content=\"piotrboczkowski\" \/>\n<meta name=\"twitter:card\" content=\"summary_large_image\" \/>\n<meta name=\"twitter:label1\" content=\"Written by\" \/>\n\t<meta name=\"twitter:data1\" content=\"Piotr Jawor\" \/>\n\t<meta name=\"twitter:label2\" content=\"Est. reading time\" \/>\n\t<meta name=\"twitter:data2\" content=\"4 minutes\" \/>\n<script type=\"application\/ld+json\" class=\"yoast-schema-graph\">{\"@context\":\"https:\/\/schema.org\",\"@graph\":[{\"@type\":\"WebPage\",\"@id\":\"https:\/\/www.welovecycling.com\/pl\/2018\/11\/29\/eddy-merckx-mogl-zostac-rekordzista-wszech-czasow-tour-de-france-co-poszlo-nie-tak\/\",\"url\":\"https:\/\/www.welovecycling.com\/pl\/2018\/11\/29\/eddy-merckx-mogl-zostac-rekordzista-wszech-czasow-tour-de-france-co-poszlo-nie-tak\/\",\"name\":\"Eddy Merckx: M\u00f3g\u0142 zosta\u0107 rekordzist\u0105 wszech czas\u00f3w Tour de France. Co posz\u0142o nie tak? - \u0160koda We Love Cycling - Poland\",\"isPartOf\":{\"@id\":\"https:\/\/www.welovecycling.com\/pl\/#website\"},\"primaryImageOfPage\":{\"@id\":\"https:\/\/www.welovecycling.com\/pl\/2018\/11\/29\/eddy-merckx-mogl-zostac-rekordzista-wszech-czasow-tour-de-france-co-poszlo-nie-tak\/#primaryimage\"},\"image\":{\"@id\":\"https:\/\/www.welovecycling.com\/pl\/2018\/11\/29\/eddy-merckx-mogl-zostac-rekordzista-wszech-czasow-tour-de-france-co-poszlo-nie-tak\/#primaryimage\"},\"thumbnailUrl\":\"https:\/\/d2p6e6u75xmxt8.cloudfront.net\/5\/2018\/12\/Eddy_Merckx_Canada_1974_WK.jpg\",\"datePublished\":\"2018-11-29T16:45:26+00:00\",\"dateModified\":\"2018-12-02T16:59:10+00:00\",\"author\":{\"@id\":\"https:\/\/www.welovecycling.com\/pl\/#\/schema\/person\/0dba2d39da943db9df3fd8f4687e7f23\"},\"breadcrumb\":{\"@id\":\"https:\/\/www.welovecycling.com\/pl\/2018\/11\/29\/eddy-merckx-mogl-zostac-rekordzista-wszech-czasow-tour-de-france-co-poszlo-nie-tak\/#breadcrumb\"},\"inLanguage\":\"pl-PL\",\"potentialAction\":[{\"@type\":\"ReadAction\",\"target\":[\"https:\/\/www.welovecycling.com\/pl\/2018\/11\/29\/eddy-merckx-mogl-zostac-rekordzista-wszech-czasow-tour-de-france-co-poszlo-nie-tak\/\"]}]},{\"@type\":\"ImageObject\",\"inLanguage\":\"pl-PL\",\"@id\":\"https:\/\/www.welovecycling.com\/pl\/2018\/11\/29\/eddy-merckx-mogl-zostac-rekordzista-wszech-czasow-tour-de-france-co-poszlo-nie-tak\/#primaryimage\",\"url\":\"https:\/\/d2p6e6u75xmxt8.cloudfront.net\/5\/2018\/12\/Eddy_Merckx_Canada_1974_WK.jpg\",\"contentUrl\":\"https:\/\/d2p6e6u75xmxt8.cloudfront.net\/5\/2018\/12\/Eddy_Merckx_Canada_1974_WK.jpg\",\"width\":629,\"height\":433,\"caption\":\"Eddy Merckx on Mount Royal Montreal Canada 1974 World Championship Road Race\"},{\"@type\":\"BreadcrumbList\",\"@id\":\"https:\/\/www.welovecycling.com\/pl\/2018\/11\/29\/eddy-merckx-mogl-zostac-rekordzista-wszech-czasow-tour-de-france-co-poszlo-nie-tak\/#breadcrumb\",\"itemListElement\":[{\"@type\":\"ListItem\",\"position\":1,\"name\":\"Home\",\"item\":\"https:\/\/www.welovecycling.com\/pl\/\"},{\"@type\":\"ListItem\",\"position\":2,\"name\":\"Eddy Merckx: M\u00f3g\u0142 zosta\u0107 rekordzist\u0105 wszech czas\u00f3w Tour de France. Co posz\u0142o nie tak?\"}]},{\"@type\":\"WebSite\",\"@id\":\"https:\/\/www.welovecycling.com\/pl\/#website\",\"url\":\"https:\/\/www.welovecycling.com\/pl\/\",\"name\":\"\u0160koda We Love Cycling - Poland\",\"description\":\"\",\"potentialAction\":[{\"@type\":\"SearchAction\",\"target\":{\"@type\":\"EntryPoint\",\"urlTemplate\":\"https:\/\/www.welovecycling.com\/pl\/?s={search_term_string}\"},\"query-input\":{\"@type\":\"PropertyValueSpecification\",\"valueRequired\":true,\"valueName\":\"search_term_string\"}}],\"inLanguage\":\"pl-PL\"},{\"@type\":\"Person\",\"@id\":\"https:\/\/www.welovecycling.com\/pl\/#\/schema\/person\/0dba2d39da943db9df3fd8f4687e7f23\",\"name\":\"piotrboczkowski\",\"image\":{\"@type\":\"ImageObject\",\"inLanguage\":\"pl-PL\",\"@id\":\"https:\/\/www.welovecycling.com\/pl\/#\/schema\/person\/image\/\",\"url\":\"https:\/\/secure.gravatar.com\/avatar\/533caccae14752e03a2ce2d3fd62d1b98b93e1393c3195c27819e53344ca1ace?s=96&d=mm&r=g\",\"contentUrl\":\"https:\/\/secure.gravatar.com\/avatar\/533caccae14752e03a2ce2d3fd62d1b98b93e1393c3195c27819e53344ca1ace?s=96&d=mm&r=g\",\"caption\":\"piotrboczkowski\"},\"url\":\"https:\/\/www.welovecycling.com\/pl\/author\/piotrboczkowski\/\"}]}<\/script>\n<!-- \/ Yoast SEO Premium plugin. -->","yoast_head_json":{"title":"Eddy Merckx: M\u00f3g\u0142 zosta\u0107 rekordzist\u0105 wszech czas\u00f3w Tour de France. Co posz\u0142o nie tak? - \u0160koda We Love Cycling - Poland","robots":{"index":"index","follow":"follow","max-snippet":"max-snippet:-1","max-image-preview":"max-image-preview:large","max-video-preview":"max-video-preview:-1"},"canonical":"https:\/\/www.welovecycling.com\/pl\/2018\/11\/29\/eddy-merckx-mogl-zostac-rekordzista-wszech-czasow-tour-de-france-co-poszlo-nie-tak\/","og_locale":"pl_PL","og_type":"article","og_title":"Eddy Merckx: M\u00f3g\u0142 zosta\u0107 rekordzist\u0105 wszech czas\u00f3w Tour de France. Co posz\u0142o nie tak?","og_description":"By\u0142o ich czterech: Jacques Anquentil, Eddy Merckx, Bernard Hinault i Miguel Indurain. Wszyscy to herosi kolarstwa, bo wygrali Tour de [&hellip;]","og_url":"https:\/\/www.welovecycling.com\/pl\/2018\/11\/29\/eddy-merckx-mogl-zostac-rekordzista-wszech-czasow-tour-de-france-co-poszlo-nie-tak\/","og_site_name":"\u0160koda We Love Cycling - Poland","article_published_time":"2018-11-29T16:45:26+00:00","article_modified_time":"2018-12-02T16:59:10+00:00","og_image":[{"width":629,"height":433,"url":"https:\/\/d2p6e6u75xmxt8.cloudfront.net\/5\/2018\/12\/Eddy_Merckx_Canada_1974_WK.jpg","type":"image\/jpeg"}],"author":"piotrboczkowski","twitter_card":"summary_large_image","twitter_misc":{"Written by":"Piotr Jawor","Est. reading time":"4 minutes"},"schema":{"@context":"https:\/\/schema.org","@graph":[{"@type":"WebPage","@id":"https:\/\/www.welovecycling.com\/pl\/2018\/11\/29\/eddy-merckx-mogl-zostac-rekordzista-wszech-czasow-tour-de-france-co-poszlo-nie-tak\/","url":"https:\/\/www.welovecycling.com\/pl\/2018\/11\/29\/eddy-merckx-mogl-zostac-rekordzista-wszech-czasow-tour-de-france-co-poszlo-nie-tak\/","name":"Eddy Merckx: M\u00f3g\u0142 zosta\u0107 rekordzist\u0105 wszech czas\u00f3w Tour de France. Co posz\u0142o nie tak? - \u0160koda We Love Cycling - Poland","isPartOf":{"@id":"https:\/\/www.welovecycling.com\/pl\/#website"},"primaryImageOfPage":{"@id":"https:\/\/www.welovecycling.com\/pl\/2018\/11\/29\/eddy-merckx-mogl-zostac-rekordzista-wszech-czasow-tour-de-france-co-poszlo-nie-tak\/#primaryimage"},"image":{"@id":"https:\/\/www.welovecycling.com\/pl\/2018\/11\/29\/eddy-merckx-mogl-zostac-rekordzista-wszech-czasow-tour-de-france-co-poszlo-nie-tak\/#primaryimage"},"thumbnailUrl":"https:\/\/d2p6e6u75xmxt8.cloudfront.net\/5\/2018\/12\/Eddy_Merckx_Canada_1974_WK.jpg","datePublished":"2018-11-29T16:45:26+00:00","dateModified":"2018-12-02T16:59:10+00:00","author":{"@id":"https:\/\/www.welovecycling.com\/pl\/#\/schema\/person\/0dba2d39da943db9df3fd8f4687e7f23"},"breadcrumb":{"@id":"https:\/\/www.welovecycling.com\/pl\/2018\/11\/29\/eddy-merckx-mogl-zostac-rekordzista-wszech-czasow-tour-de-france-co-poszlo-nie-tak\/#breadcrumb"},"inLanguage":"pl-PL","potentialAction":[{"@type":"ReadAction","target":["https:\/\/www.welovecycling.com\/pl\/2018\/11\/29\/eddy-merckx-mogl-zostac-rekordzista-wszech-czasow-tour-de-france-co-poszlo-nie-tak\/"]}]},{"@type":"ImageObject","inLanguage":"pl-PL","@id":"https:\/\/www.welovecycling.com\/pl\/2018\/11\/29\/eddy-merckx-mogl-zostac-rekordzista-wszech-czasow-tour-de-france-co-poszlo-nie-tak\/#primaryimage","url":"https:\/\/d2p6e6u75xmxt8.cloudfront.net\/5\/2018\/12\/Eddy_Merckx_Canada_1974_WK.jpg","contentUrl":"https:\/\/d2p6e6u75xmxt8.cloudfront.net\/5\/2018\/12\/Eddy_Merckx_Canada_1974_WK.jpg","width":629,"height":433,"caption":"Eddy Merckx on Mount Royal Montreal Canada 1974 World Championship Road Race"},{"@type":"BreadcrumbList","@id":"https:\/\/www.welovecycling.com\/pl\/2018\/11\/29\/eddy-merckx-mogl-zostac-rekordzista-wszech-czasow-tour-de-france-co-poszlo-nie-tak\/#breadcrumb","itemListElement":[{"@type":"ListItem","position":1,"name":"Home","item":"https:\/\/www.welovecycling.com\/pl\/"},{"@type":"ListItem","position":2,"name":"Eddy Merckx: M\u00f3g\u0142 zosta\u0107 rekordzist\u0105 wszech czas\u00f3w Tour de France. Co posz\u0142o nie tak?"}]},{"@type":"WebSite","@id":"https:\/\/www.welovecycling.com\/pl\/#website","url":"https:\/\/www.welovecycling.com\/pl\/","name":"\u0160koda We Love Cycling - Poland","description":"","potentialAction":[{"@type":"SearchAction","target":{"@type":"EntryPoint","urlTemplate":"https:\/\/www.welovecycling.com\/pl\/?s={search_term_string}"},"query-input":{"@type":"PropertyValueSpecification","valueRequired":true,"valueName":"search_term_string"}}],"inLanguage":"pl-PL"},{"@type":"Person","@id":"https:\/\/www.welovecycling.com\/pl\/#\/schema\/person\/0dba2d39da943db9df3fd8f4687e7f23","name":"piotrboczkowski","image":{"@type":"ImageObject","inLanguage":"pl-PL","@id":"https:\/\/www.welovecycling.com\/pl\/#\/schema\/person\/image\/","url":"https:\/\/secure.gravatar.com\/avatar\/533caccae14752e03a2ce2d3fd62d1b98b93e1393c3195c27819e53344ca1ace?s=96&d=mm&r=g","contentUrl":"https:\/\/secure.gravatar.com\/avatar\/533caccae14752e03a2ce2d3fd62d1b98b93e1393c3195c27819e53344ca1ace?s=96&d=mm&r=g","caption":"piotrboczkowski"},"url":"https:\/\/www.welovecycling.com\/pl\/author\/piotrboczkowski\/"}]}},"_links":{"self":[{"href":"https:\/\/www.welovecycling.com\/pl\/wp-json\/wp\/v2\/posts\/8160","targetHints":{"allow":["GET"]}}],"collection":[{"href":"https:\/\/www.welovecycling.com\/pl\/wp-json\/wp\/v2\/posts"}],"about":[{"href":"https:\/\/www.welovecycling.com\/pl\/wp-json\/wp\/v2\/types\/post"}],"author":[{"embeddable":true,"href":"https:\/\/www.welovecycling.com\/pl\/wp-json\/wp\/v2\/users\/76"}],"replies":[{"embeddable":true,"href":"https:\/\/www.welovecycling.com\/pl\/wp-json\/wp\/v2\/comments?post=8160"}],"version-history":[{"count":1,"href":"https:\/\/www.welovecycling.com\/pl\/wp-json\/wp\/v2\/posts\/8160\/revisions"}],"predecessor-version":[{"id":8163,"href":"https:\/\/www.welovecycling.com\/pl\/wp-json\/wp\/v2\/posts\/8160\/revisions\/8163"}],"wp:featuredmedia":[{"embeddable":true,"href":"https:\/\/www.welovecycling.com\/pl\/wp-json\/wp\/v2\/media\/8162"}],"wp:attachment":[{"href":"https:\/\/www.welovecycling.com\/pl\/wp-json\/wp\/v2\/media?parent=8160"}],"wp:term":[{"taxonomy":"category","embeddable":true,"href":"https:\/\/www.welovecycling.com\/pl\/wp-json\/wp\/v2\/categories?post=8160"},{"taxonomy":"post_tag","embeddable":true,"href":"https:\/\/www.welovecycling.com\/pl\/wp-json\/wp\/v2\/tags?post=8160"},{"taxonomy":"global-categories","embeddable":true,"href":"https:\/\/www.welovecycling.com\/pl\/wp-json\/wp\/v2\/global-categories?post=8160"}],"curies":[{"name":"wp","href":"https:\/\/api.w.org\/{rel}","templated":true}]}}