{"id":816,"date":"2016-03-22T16:38:25","date_gmt":"2016-03-22T16:38:25","guid":{"rendered":"http:\/\/skoda-rowery.pl\/?p=816"},"modified":"2016-12-05T09:55:30","modified_gmt":"2016-12-05T09:55:30","slug":"dreambig-fotografia-mtb","status":"publish","type":"post","link":"https:\/\/www.welovecycling.com\/pl\/2016\/03\/22\/dreambig-fotografia-mtb\/","title":{"rendered":"#DreamBig: fotografia MTB"},"content":{"rendered":"<p style=\"text-align: justify\">Przez ostatnie lata obserwowali\u015bmy prawdziwy rozkwit kariery Jana Kasla, kt\u00f3ry zajmuje si\u0119 fotografi\u0105 kolarsk\u0105, a w szczeg\u00f3lno\u015bci MTB. Jan pracuje dla r\u00f3\u017cnych klient\u00f3w, a w\u015br\u00f3d nich m.in. Red Bull\u2019a. Jego fotografie by\u0142y publikowane w wielu magazynach. Mieli\u015bmy ten zaszczyt, \u017ce Jan opowiedzia\u0142 nam o swojej fascynuj\u0105cej pracy.<\/p>\n<p style=\"text-align: justify\"><!--more--><\/p>\n<p style=\"text-align: justify\"><img loading=\"lazy\" decoding=\"async\" class=\"alignnone size-large wp-image-818\" src=\"http:\/\/skoda-rowery.pl\/wp-content\/uploads\/2016\/03\/111-1024x682.jpg\" alt=\"111\" width=\"1024\" height=\"682\" srcset=\"https:\/\/d2p6e6u75xmxt8.cloudfront.net\/5\/2016\/03\/111-1024x682.jpg 1024w, https:\/\/d2p6e6u75xmxt8.cloudfront.net\/5\/2016\/03\/111-300x200.jpg 300w, https:\/\/d2p6e6u75xmxt8.cloudfront.net\/5\/2016\/03\/111-768x511.jpg 768w, https:\/\/d2p6e6u75xmxt8.cloudfront.net\/5\/2016\/03\/111-272x182.jpg 272w\" sizes=\"auto, (max-width: 1024px) 100vw, 1024px\" \/><\/p>\n<p style=\"text-align: justify\"><strong>Co sprawi\u0142o, \u017ce zainteresowa\u0142e\u015b si\u0119 fotografi\u0105?<\/strong><\/p>\n<p style=\"text-align: justify\">Zaskakuj\u0105ce, ale t\u0105 pasj\u0105 nie zarazili mnie rodzice, tak jak innych. Zacz\u0119\u0142o si\u0119 od tego, \u017ce by\u0142em cz\u0142onkiem grupy snowboardowej. Potrzebowali\u015bmy fotek do publikacji w mediach. Jako, \u017ce by\u0142em najs\u0142abszy w dru\u017cynie kazali robi\u0107 mi zdj\u0119cia. Min\u0105\u0142 jaki\u015b czas i zacz\u0105\u0142em mie\u0107 frajd\u0119 z robienia zdj\u0119\u0107. Nied\u0142ugo potem wygra\u0142em nagrod\u0119 za fotografi\u0119 snowboardzisty podczas jibbingu.<\/p>\n<p style=\"text-align: justify\"><img loading=\"lazy\" decoding=\"async\" class=\"alignnone wp-image-819 \" src=\"http:\/\/skoda-rowery.pl\/wp-content\/uploads\/2016\/03\/112.jpg\" alt=\"112\" width=\"984\" height=\"654\" srcset=\"https:\/\/d2p6e6u75xmxt8.cloudfront.net\/5\/2016\/03\/112.jpg 584w, https:\/\/d2p6e6u75xmxt8.cloudfront.net\/5\/2016\/03\/112-300x199.jpg 300w, https:\/\/d2p6e6u75xmxt8.cloudfront.net\/5\/2016\/03\/112-272x182.jpg 272w\" sizes=\"auto, (max-width: 984px) 100vw, 984px\" \/><\/p>\n<p style=\"text-align: justify\">Postanowi\u0142em, \u017ce b\u0119d\u0119 robi\u0142 zdj\u0119cia i rozpocz\u0105\u0142em karier\u0119 fotografa sportowego.<\/p>\n<p style=\"text-align: justify\"><strong>Jak to si\u0119 sta\u0142o, \u017ce zacz\u0105\u0142e\u015b fotografowa\u0107 kolarstwo MTB profesjonalnie?<\/strong><\/p>\n<p style=\"text-align: justify\">Par\u0119 lat temu spotka\u0142em Martina Vrbicka i Stepana Romanova z Fullface Production. Oboje byli zakr\u0119ceni na punkcie narciarstwa i kolarstwa MTB. Wtedy nagrywali akurat film o kolarstwie MTB &#8211; Spectrum. Przyj\u0119li mnie do swojego teamu jako fotografa.<\/p>\n<p style=\"text-align: justify\">Pierwszy kolarz MTB, kt\u00f3remu robi\u0142em zdj\u0119cia to prawdziwa legenda freeride\u2019u\u00a0 z Czech \u2013 Richard \u201eGaspi\u201d Gasperotti, kt\u00f3ry w Red Bull Rampage uczestniczy\u0142 ju\u017c cztery razy.<\/p>\n<p style=\"text-align: justify\"><img loading=\"lazy\" decoding=\"async\" class=\"alignnone size-large wp-image-820\" src=\"http:\/\/skoda-rowery.pl\/wp-content\/uploads\/2016\/03\/113-1024x682.jpg\" alt=\"113\" width=\"1024\" height=\"682\" srcset=\"https:\/\/d2p6e6u75xmxt8.cloudfront.net\/5\/2016\/03\/113-1024x682.jpg 1024w, https:\/\/d2p6e6u75xmxt8.cloudfront.net\/5\/2016\/03\/113-300x200.jpg 300w, https:\/\/d2p6e6u75xmxt8.cloudfront.net\/5\/2016\/03\/113-768x511.jpg 768w, https:\/\/d2p6e6u75xmxt8.cloudfront.net\/5\/2016\/03\/113-272x182.jpg 272w, https:\/\/d2p6e6u75xmxt8.cloudfront.net\/5\/2016\/03\/113.jpg 1600w\" sizes=\"auto, (max-width: 1024px) 100vw, 1024px\" \/><\/p>\n<p style=\"text-align: justify\"><strong>Co jest takiego fajnego w fotografowaniu MTB, czego nie ma w innych sportach? <\/strong><\/p>\n<p style=\"text-align: justify\">W por\u00f3wnaniu ze sportami zimowymi fajne jest to, \u00a0\u017ce zwykle podczas robienia zdj\u0119\u0107 mamy dobr\u0105 pogod\u0119 i nie musz\u0119 przygotowywa\u0107 \u017cadnego dodatkowego sprz\u0119tu, oczywi\u015bcie opr\u00f3cz tego fotograficznego. Ale np. w styczniu tego roku robili\u015bmy katalog dla Ghost Bikes w Alpach Tyrolskich. M\u00f3wi\u0119 o tej cz\u0119\u015bci W\u0142och \u201eW\u0142ochy na niby\u201d, bo jedz\u0105 tam sznycle z ziemniakami zamiast pizzy i m\u00f3wi\u0105 po niemiecku. Pewnego dnia wstali\u015bmy bardzo wcze\u015bnie \u017ceby z\u0142apa\u0107 wsch\u00f3d s\u0142o\u0144ca i temperatura na zewn\u0105trz wynosi\u0142a -15 stopni Celcjusza. Bez \u017cart\u00f3w.<\/p>\n<p style=\"text-align: justify\"><strong>Co znajduje si\u0119 w Twojej torbie, gdy wyruszasz na sesj\u0119 zdj\u0119ciow\u0105 ze znajomymi?<\/strong><\/p>\n<p style=\"text-align: justify\">S\u0142yn\u0119 z noszenia bardzo ci\u0119\u017ckiej torby \u2013 to dlatego, \u017ce wsz\u0119dzie ze sob\u0105 zabieram lampy. Znajomi \u015bmiej\u0105 si\u0119 ze mnie, \u017ce jestem obwieszony jak choinka. Wcze\u015bniej je\u017adzi\u0142em samochodem, ale wtedy przygotowanie do zrobienia zdj\u0119cia zabiera\u0142o mi za du\u017co czasu. Wtedy by\u0142em szcz\u0119\u015bliwy jak uda\u0142o mi si\u0119 zrobi\u0107 chocia\u017c jedno dobre zdj\u0119cie w czasie sesji. Ale wszystko zacz\u0119\u0142o si\u0119 zmienia\u0107. Ostatnio zapakowa\u0142em ca\u0142y ekwipunek ze sob\u0105 i przejecha\u0142em 15 kilometr\u00f3w na rowerze \u017ceby towarzyszy\u0107 kolegom na trasie. Planuj\u0119 robi\u0107 coraz wi\u0119cej wycieczek, zaj\u0105\u0107 si\u0119 bardziej fotografi\u0105 dokumentaln\u0105, a nie sta\u0107 i czeka\u0107 na odpowiedni moment do zrobienia zdj\u0119cia.<\/p>\n<p style=\"text-align: justify\"><strong>Chyba ka\u017cdy chcia\u0142by Ci\u0119 o to zapyta\u0107\u2026 ile wa\u017cy Twoja torba ze sprz\u0119tem?<\/strong><\/p>\n<p style=\"text-align: justify\">Z racji tego, \u017ce uwielbiam zdj\u0119cia z flashem, to w waga wszystkich moich aparat\u00f3w razem z obiektywami jest jakim\u015b szale\u0144stwem! Ju\u017c dwa lata temu nazywano mnie Mr. Flash jak jechali\u015bmy do Livigno we W\u0142oszech. To dlatego, \u017ce mia\u0142em obsesj\u0119 robienia zdj\u0119\u0107 z flashem.<\/p>\n<p style=\"text-align: justify\"><img loading=\"lazy\" decoding=\"async\" class=\"alignnone size-large wp-image-821\" src=\"http:\/\/skoda-rowery.pl\/wp-content\/uploads\/2016\/03\/114-1024x681.jpg\" alt=\"114\" width=\"1024\" height=\"681\" srcset=\"https:\/\/d2p6e6u75xmxt8.cloudfront.net\/5\/2016\/03\/114-1024x681.jpg 1024w, https:\/\/d2p6e6u75xmxt8.cloudfront.net\/5\/2016\/03\/114-300x200.jpg 300w, https:\/\/d2p6e6u75xmxt8.cloudfront.net\/5\/2016\/03\/114-768x511.jpg 768w, https:\/\/d2p6e6u75xmxt8.cloudfront.net\/5\/2016\/03\/114-272x182.jpg 272w\" sizes=\"auto, (max-width: 1024px) 100vw, 1024px\" \/><\/p>\n<p style=\"text-align: justify\">Opracowa\u0142em unikaln\u0105 metod\u0119, w kt\u00f3rej \u0142\u0105cz\u0119 flasha i robi\u0119 kolejne zdj\u0119cia z du\u017c\u0105 pr\u0119dko\u015bci\u0105, co kiedy\u015b by\u0142o niemo\u017cliwe. U\u017cywam specjalnego przeno\u015bnego flasha Fomei. Kiedy\u015b musia\u0142em obraca\u0107 m\u00f3j apart do g\u00f3ry nogami, co wygl\u0105da\u0142o dosy\u0107 dziwnie z zewn\u0105trz. Wygl\u0105da\u0142em jak zupe\u0142ny amator, ale i tak si\u0119 cieszy\u0142em ze swoich zdj\u0119\u0107. Mam nadziej\u0119, ze moje zdj\u0119cia przekona\u0142y wszystkich, \u017ce mia\u0142em racj\u0119\u00a0 tym obracaniem.<\/p>\n<p style=\"text-align: justify\"><strong>Jakie uda\u0142o Ci si\u0119 zdoby\u0107 nagrody i wyr\u00f3\u017cnienia?<\/strong><\/p>\n<p style=\"text-align: justify\">Pracuj\u0119 jako fotograf dla Red Bull Media House. Najwi\u0119cej nagr\u00f3d jakie zgarn\u0105\u0142em by\u0142o za zdj\u0119cia, kt\u00f3re robi\u0142em czeskiemu zawodnikowi, sponsorowanego przez Red Bulla. By\u0142 to Tomas Slavik, kt\u00f3ry jest podw\u00f3jnym mistrzem \u015bwiata w four crossie. Jego portret wygra\u0142 konkurs na najlepsze zdj\u0119cie marketingowe roku na targach portowych ISPO w Monachium.<\/p>\n<p style=\"text-align: justify\"><img loading=\"lazy\" decoding=\"async\" class=\"alignnone size-large wp-image-822\" src=\"http:\/\/skoda-rowery.pl\/wp-content\/uploads\/2016\/03\/115-1024x681.jpg\" alt=\"115\" width=\"1024\" height=\"681\" srcset=\"https:\/\/d2p6e6u75xmxt8.cloudfront.net\/5\/2016\/03\/115-1024x681.jpg 1024w, https:\/\/d2p6e6u75xmxt8.cloudfront.net\/5\/2016\/03\/115-300x200.jpg 300w, https:\/\/d2p6e6u75xmxt8.cloudfront.net\/5\/2016\/03\/115-768x511.jpg 768w, https:\/\/d2p6e6u75xmxt8.cloudfront.net\/5\/2016\/03\/115-272x182.jpg 272w\" sizes=\"auto, (max-width: 1024px) 100vw, 1024px\" \/><\/p>\n<p style=\"text-align: justify\">Jest te\u017c zdj\u0119cie Tomasa, kt\u00f3re zrobili\u015bmy w Bali. Przez 3 lata by\u0142o publikowane tyle razy, \u017ce nie mog\u0119 ju\u017c na nie patrze\u0107.<\/p>\n<p style=\"text-align: justify\"><img loading=\"lazy\" decoding=\"async\" class=\"alignnone size-large wp-image-823\" src=\"http:\/\/skoda-rowery.pl\/wp-content\/uploads\/2016\/03\/116-1024x681.jpg\" alt=\"116\" width=\"1024\" height=\"681\" srcset=\"https:\/\/d2p6e6u75xmxt8.cloudfront.net\/5\/2016\/03\/116-1024x681.jpg 1024w, https:\/\/d2p6e6u75xmxt8.cloudfront.net\/5\/2016\/03\/116-300x200.jpg 300w, https:\/\/d2p6e6u75xmxt8.cloudfront.net\/5\/2016\/03\/116-768x511.jpg 768w, https:\/\/d2p6e6u75xmxt8.cloudfront.net\/5\/2016\/03\/116-272x182.jpg 272w\" sizes=\"auto, (max-width: 1024px) 100vw, 1024px\" \/><\/p>\n<p style=\"text-align: justify\">W zesz\u0142ym roku zrobi\u0142em zdj\u0119cie Tomasa w Chile i wygra\u0142em nim konkurs na zdj\u0119cie miesi\u0105ca w konkursie Red Bulla.<\/p>\n<p style=\"text-align: justify\"><img loading=\"lazy\" decoding=\"async\" class=\"alignnone size-large wp-image-824\" src=\"http:\/\/skoda-rowery.pl\/wp-content\/uploads\/2016\/03\/117-1024x683.jpg\" alt=\"117\" width=\"1024\" height=\"683\" srcset=\"https:\/\/d2p6e6u75xmxt8.cloudfront.net\/5\/2016\/03\/117-1024x683.jpg 1024w, https:\/\/d2p6e6u75xmxt8.cloudfront.net\/5\/2016\/03\/117-300x200.jpg 300w, https:\/\/d2p6e6u75xmxt8.cloudfront.net\/5\/2016\/03\/117-768x513.jpg 768w, https:\/\/d2p6e6u75xmxt8.cloudfront.net\/5\/2016\/03\/117-272x182.jpg 272w\" sizes=\"auto, (max-width: 1024px) 100vw, 1024px\" \/><\/p>\n<p style=\"text-align: justify\"><strong>O jakiej wyprawie rowerowej marzysz najbardziej? <\/strong><\/p>\n<p style=\"text-align: justify\">Wymarzona wyprawa? Najfajniejsz\u0105 sesj\u0119 mieli\u015bmy jak do tej pory na wyspach Lofoten w Norwegii. Bra\u0142em udzia\u0142 w zgrupowaniu surfingowym Unstad Arctic Surf Camp w grudniu zesz\u0142ego roku. Pogoda by\u0142a straszna, deszcz la\u0142 i wia\u0142o, a w dodatku temperatura wody by\u0142a lodowata, ale atmosfera -wspania\u0142a!<\/p>\n<p style=\"text-align: justify\"><img loading=\"lazy\" decoding=\"async\" class=\"alignnone size-large wp-image-825\" src=\"http:\/\/skoda-rowery.pl\/wp-content\/uploads\/2016\/03\/118-1024x683.jpg\" alt=\"118\" width=\"1024\" height=\"683\" srcset=\"https:\/\/d2p6e6u75xmxt8.cloudfront.net\/5\/2016\/03\/118-1024x683.jpg 1024w, https:\/\/d2p6e6u75xmxt8.cloudfront.net\/5\/2016\/03\/118-300x200.jpg 300w, https:\/\/d2p6e6u75xmxt8.cloudfront.net\/5\/2016\/03\/118-768x513.jpg 768w, https:\/\/d2p6e6u75xmxt8.cloudfront.net\/5\/2016\/03\/118-272x182.jpg 272w\" sizes=\"auto, (max-width: 1024px) 100vw, 1024px\" \/><\/p>\n<p style=\"text-align: justify\">Fascynuje mnie fotografia podwodna. Sp\u0119dzam wi\u0119cej ni\u017c 2 godziny dziennie pod wod\u0105. Podczas fotografowania rowerzyst\u00f3w by\u0142em w wielu fajnych krajach, zwiedzi\u0142em cudowne wyspy Marocco, Bali i Brytyjskiej Columbii.<\/p>\n<p style=\"text-align: justify\"><strong>Do niekt\u00f3rych miejsc wracasz. Czy coraz ci\u0119\u017cej znale\u017a\u0107 Ci nowe destynacje i pomys\u0142y?<\/strong><\/p>\n<p style=\"text-align: justify\">Zawsze wymy\u015bl\u0119 co\u015b szalonego, np. fotografie ze stalow\u0105 we\u0142n\u0105 w tylnym kole Tomasa Zejda. Ten rodzaj fotografii wykorzystuje ogie\u0144 i w rezultacie daje to wspania\u0142y iskrowy efekt, ale sam proces przygotowawczy mo\u017ce by\u0107 niebezpieczny. Ostatnio Tomas prawie si\u0119 podpali\u0142, wi\u0119c przestai\u015bmy eksperymentowa\u0107.<\/p>\n<p style=\"text-align: justify\"><strong>Jaka jest Twoja ulubiona pora na robienie zdj\u0119\u0107?<\/strong><\/p>\n<p style=\"text-align: justify\">Najbardziej lubi\u0119 fotografowa\u0107 w \u015bwietle dziennym, do kt\u00f3rego dodaj\u0119 \u015bwiat\u0142o flashowe. Wtedy mog\u0119 osi\u0105gn\u0105\u0107 efekt czystych barw, niezale\u017cnie od tego, jak jasno jest.<\/p>\n<p style=\"text-align: justify\">Jak wi\u0119kszo\u015b\u0107 fotograf\u00f3w lubi\u0119 zachody s\u0142o\u0144ca. Nie musz\u0119 wtedy wstawa\u0107 wcze\u015bnie, a \u015bwiat\u0142o jest wtedy wspania\u0142e.<\/p>\n<p style=\"text-align: justify\"><img loading=\"lazy\" decoding=\"async\" class=\"alignnone size-large wp-image-826\" src=\"http:\/\/skoda-rowery.pl\/wp-content\/uploads\/2016\/03\/119-1024x683.jpg\" alt=\"119\" width=\"1024\" height=\"683\" srcset=\"https:\/\/d2p6e6u75xmxt8.cloudfront.net\/5\/2016\/03\/119-1024x683.jpg 1024w, https:\/\/d2p6e6u75xmxt8.cloudfront.net\/5\/2016\/03\/119-300x200.jpg 300w, https:\/\/d2p6e6u75xmxt8.cloudfront.net\/5\/2016\/03\/119-768x513.jpg 768w, https:\/\/d2p6e6u75xmxt8.cloudfront.net\/5\/2016\/03\/119-272x182.jpg 272w\" sizes=\"auto, (max-width: 1024px) 100vw, 1024px\" \/><\/p>\n<p style=\"text-align: justify\"><strong>Jaki jest Tw\u00f3j ulubiony zawodnik?<\/strong><\/p>\n<p style=\"text-align: justify\">Wi\u0119kszo\u015b\u0107 czasu sp\u0119dzam z Tomasem Slavikiem, Tomasem Zejdem i Michalem Marosi.<\/p>\n<p style=\"text-align: justify\"><img loading=\"lazy\" decoding=\"async\" class=\"size-large wp-image-827\" src=\"http:\/\/skoda-rowery.pl\/wp-content\/uploads\/2016\/03\/120-1024x681.jpg\" alt=\"Michal Marosi performs during shooting of MTB movie called Signatures at Whistler, British Columbia on August 12th, 2013.\" width=\"1024\" height=\"681\" srcset=\"https:\/\/d2p6e6u75xmxt8.cloudfront.net\/5\/2016\/03\/120-1024x681.jpg 1024w, https:\/\/d2p6e6u75xmxt8.cloudfront.net\/5\/2016\/03\/120-300x200.jpg 300w, https:\/\/d2p6e6u75xmxt8.cloudfront.net\/5\/2016\/03\/120-768x511.jpg 768w, https:\/\/d2p6e6u75xmxt8.cloudfront.net\/5\/2016\/03\/120-272x182.jpg 272w\" sizes=\"auto, (max-width: 1024px) 100vw, 1024px\" \/><\/p>\n<p style=\"text-align: justify\"><strong>Sam te\u017c je\u017adzisz po g\u00f3rach? Jaki masz rower i jak wp\u0142ywa na Twoj\u0105 jazd\u0119 do\u015bwiadczenie zza obiektywu?<\/strong><\/p>\n<p style=\"text-align: justify\">Moje umiej\u0119tno\u015bci w MTB s\u0105 r\u00f3wnie s\u0142abe, co w je\u017adzie na snowboardzie. Nawet nie mam roweru. Chocia\u017c moi koledzy \u2013 Martin i Stepan z Fulface Production zawsze si\u0119 ze mnie \u015bmiej\u0105, \u017ce wcale nie jestem a\u017c taki s\u0142aby. Cz\u0119sto pracuj\u0119 dla niemieckiej marki Ghost Bikes. Zawsze po\u017cyczaj\u0105 mi fajny rower, je\u015bli go potrzebuj\u0119. Ostatnio obiecali, \u017ce dadz\u0105 mi rower na w\u0142asno\u015b\u0107, wi\u0119c nie mog\u0119 si\u0119 ju\u017c doczeka\u0107.<\/p>\n<p style=\"text-align: justify\"><strong>Co by\u015b poradzi\u0142 fotografom, kt\u00f3rzy tak jak Ty chcieliby robi\u0107 zdj\u0119cia kolarstwa g\u00f3rskiego?<\/strong><\/p>\n<p style=\"text-align: justify\">Nie marnujcie czasu na czytane porad w internecie. Wyjd\u017acie z aparatem z domu i r\u00f3bcie co w waszej mocy. Teoria jest w porz\u0105dku, ale to praktyka uczyni was mistrzami.<\/p>\n<p style=\"text-align: justify\"><strong>Jakie masz plany na 2016 rok? <\/strong><\/p>\n<p style=\"text-align: justify\">W\u0142a\u015bnie lec\u0119 do Cypru z dziewczynami z Niemiec z dru\u017cyny crossowej. Potem wybieram si\u0119 do Nowej Zelandii realizowa\u0107 specjalny projekt z Michalem Prokopem i Tomasem Zejd\u0105, kt\u00f3rzy maj\u0105 tam zawody. Po pracy chcemy wybra\u0107 si\u0119 razem na \u0142owienie ryb. Z Nowej Zelandii lec\u0119 na Mader\u0119, gdzie czeka na mnie konferencja prasowa na temat nowych modeli Ghost Bikes. Potem wezm\u0119 udzia\u0142 w uroczystym otwarciu nowego parku wakeboardingowego w Brazylii. Korzystaj\u0105c z okazji chcia\u0142bym podzi\u0119kowa\u0107 mojej dziewczynie Krystynie za cierpliwo\u015b\u0107.<\/p>\n<p style=\"text-align: justify\">Nie zapominajcie spe\u0142nia\u0107 swoich marze\u0144, tak jak zrobi\u0142 to Jan!<\/p>\n","protected":false},"excerpt":{"rendered":"<p>Przez ostatnie lata obserwowali\u015bmy prawdziwy rozkwit kariery Jana Kasla, kt\u00f3ry zajmuje si\u0119 fotografi\u0105 kolarsk\u0105, a w szczeg\u00f3lno\u015bci MTB. Jan pracuje [&hellip;]<\/p>\n","protected":false},"author":1,"featured_media":817,"comment_status":"closed","ping_status":"closed","sticky":false,"template":"","format":"standard","meta":{"footnotes":""},"categories":[5],"tags":[],"global-categories":[],"class_list":["post-816","post","type-post","status-publish","format-standard","has-post-thumbnail","hentry","category-outdoormtb"],"yoast_head":"<!-- This site is optimized with the Yoast SEO Premium plugin v25.3 (Yoast SEO v25.9) - https:\/\/yoast.com\/wordpress\/plugins\/seo\/ -->\n<title>#DreamBig: fotografia MTB - \u0160koda We Love Cycling - Poland<\/title>\n<meta name=\"robots\" content=\"index, follow, max-snippet:-1, max-image-preview:large, max-video-preview:-1\" \/>\n<link rel=\"canonical\" href=\"https:\/\/www.welovecycling.com\/pl\/2016\/03\/22\/dreambig-fotografia-mtb\/\" \/>\n<meta property=\"og:locale\" content=\"pl_PL\" \/>\n<meta property=\"og:type\" content=\"article\" \/>\n<meta property=\"og:title\" content=\"#DreamBig: fotografia MTB\" \/>\n<meta property=\"og:description\" content=\"Przez ostatnie lata obserwowali\u015bmy prawdziwy rozkwit kariery Jana Kasla, kt\u00f3ry zajmuje si\u0119 fotografi\u0105 kolarsk\u0105, a w szczeg\u00f3lno\u015bci MTB. Jan pracuje [&hellip;]\" \/>\n<meta property=\"og:url\" content=\"https:\/\/www.welovecycling.com\/pl\/2016\/03\/22\/dreambig-fotografia-mtb\/\" \/>\n<meta property=\"og:site_name\" content=\"\u0160koda We Love Cycling - Poland\" \/>\n<meta property=\"article:published_time\" content=\"2016-03-22T16:38:25+00:00\" \/>\n<meta property=\"article:modified_time\" content=\"2016-12-05T09:55:30+00:00\" \/>\n<meta property=\"og:image\" content=\"https:\/\/d2p6e6u75xmxt8.cloudfront.net\/5\/2016\/03\/122.jpg\" \/>\n\t<meta property=\"og:image:width\" content=\"1628\" \/>\n\t<meta property=\"og:image:height\" content=\"600\" \/>\n\t<meta property=\"og:image:type\" content=\"image\/jpeg\" \/>\n<meta name=\"author\" content=\"WeLoveCycling\" \/>\n<meta name=\"twitter:card\" content=\"summary_large_image\" \/>\n<meta name=\"twitter:label1\" content=\"Written by\" \/>\n\t<meta name=\"twitter:data1\" content=\"WeLoveCycling\" \/>\n\t<meta name=\"twitter:label2\" content=\"Est. reading time\" \/>\n\t<meta name=\"twitter:data2\" content=\"6 minutes\" \/>\n<script type=\"application\/ld+json\" class=\"yoast-schema-graph\">{\"@context\":\"https:\/\/schema.org\",\"@graph\":[{\"@type\":\"WebPage\",\"@id\":\"https:\/\/www.welovecycling.com\/pl\/2016\/03\/22\/dreambig-fotografia-mtb\/\",\"url\":\"https:\/\/www.welovecycling.com\/pl\/2016\/03\/22\/dreambig-fotografia-mtb\/\",\"name\":\"#DreamBig: fotografia MTB - \u0160koda We Love Cycling - Poland\",\"isPartOf\":{\"@id\":\"https:\/\/www.welovecycling.com\/pl\/#website\"},\"primaryImageOfPage\":{\"@id\":\"https:\/\/www.welovecycling.com\/pl\/2016\/03\/22\/dreambig-fotografia-mtb\/#primaryimage\"},\"image\":{\"@id\":\"https:\/\/www.welovecycling.com\/pl\/2016\/03\/22\/dreambig-fotografia-mtb\/#primaryimage\"},\"thumbnailUrl\":\"https:\/\/d2p6e6u75xmxt8.cloudfront.net\/5\/2016\/03\/122.jpg\",\"datePublished\":\"2016-03-22T16:38:25+00:00\",\"dateModified\":\"2016-12-05T09:55:30+00:00\",\"author\":{\"@id\":\"https:\/\/www.welovecycling.com\/pl\/#\/schema\/person\/e5187c9cac8dd619ebc7b41bd73c2fd9\"},\"breadcrumb\":{\"@id\":\"https:\/\/www.welovecycling.com\/pl\/2016\/03\/22\/dreambig-fotografia-mtb\/#breadcrumb\"},\"inLanguage\":\"pl-PL\",\"potentialAction\":[{\"@type\":\"ReadAction\",\"target\":[\"https:\/\/www.welovecycling.com\/pl\/2016\/03\/22\/dreambig-fotografia-mtb\/\"]}]},{\"@type\":\"ImageObject\",\"inLanguage\":\"pl-PL\",\"@id\":\"https:\/\/www.welovecycling.com\/pl\/2016\/03\/22\/dreambig-fotografia-mtb\/#primaryimage\",\"url\":\"https:\/\/d2p6e6u75xmxt8.cloudfront.net\/5\/2016\/03\/122.jpg\",\"contentUrl\":\"https:\/\/d2p6e6u75xmxt8.cloudfront.net\/5\/2016\/03\/122.jpg\",\"width\":1628,\"height\":600},{\"@type\":\"BreadcrumbList\",\"@id\":\"https:\/\/www.welovecycling.com\/pl\/2016\/03\/22\/dreambig-fotografia-mtb\/#breadcrumb\",\"itemListElement\":[{\"@type\":\"ListItem\",\"position\":1,\"name\":\"Home\",\"item\":\"https:\/\/www.welovecycling.com\/pl\/\"},{\"@type\":\"ListItem\",\"position\":2,\"name\":\"#DreamBig: fotografia MTB\"}]},{\"@type\":\"WebSite\",\"@id\":\"https:\/\/www.welovecycling.com\/pl\/#website\",\"url\":\"https:\/\/www.welovecycling.com\/pl\/\",\"name\":\"\u0160koda We Love Cycling - Poland\",\"description\":\"\",\"potentialAction\":[{\"@type\":\"SearchAction\",\"target\":{\"@type\":\"EntryPoint\",\"urlTemplate\":\"https:\/\/www.welovecycling.com\/pl\/?s={search_term_string}\"},\"query-input\":{\"@type\":\"PropertyValueSpecification\",\"valueRequired\":true,\"valueName\":\"search_term_string\"}}],\"inLanguage\":\"pl-PL\"},{\"@type\":\"Person\",\"@id\":\"https:\/\/www.welovecycling.com\/pl\/#\/schema\/person\/e5187c9cac8dd619ebc7b41bd73c2fd9\",\"name\":\"WeLoveCycling\",\"image\":{\"@type\":\"ImageObject\",\"inLanguage\":\"pl-PL\",\"@id\":\"https:\/\/www.welovecycling.com\/pl\/#\/schema\/person\/image\/\",\"url\":\"https:\/\/secure.gravatar.com\/avatar\/7e1ee0ecc5e294b19ef32b9f6086e0afbb9da00c3cb0d465ba4695331f4a9187?s=96&d=mm&r=g\",\"contentUrl\":\"https:\/\/secure.gravatar.com\/avatar\/7e1ee0ecc5e294b19ef32b9f6086e0afbb9da00c3cb0d465ba4695331f4a9187?s=96&d=mm&r=g\",\"caption\":\"WeLoveCycling\"},\"url\":\"https:\/\/www.welovecycling.com\/pl\/author\/lukascech\/\"}]}<\/script>\n<!-- \/ Yoast SEO Premium plugin. -->","yoast_head_json":{"title":"#DreamBig: fotografia MTB - \u0160koda We Love Cycling - Poland","robots":{"index":"index","follow":"follow","max-snippet":"max-snippet:-1","max-image-preview":"max-image-preview:large","max-video-preview":"max-video-preview:-1"},"canonical":"https:\/\/www.welovecycling.com\/pl\/2016\/03\/22\/dreambig-fotografia-mtb\/","og_locale":"pl_PL","og_type":"article","og_title":"#DreamBig: fotografia MTB","og_description":"Przez ostatnie lata obserwowali\u015bmy prawdziwy rozkwit kariery Jana Kasla, kt\u00f3ry zajmuje si\u0119 fotografi\u0105 kolarsk\u0105, a w szczeg\u00f3lno\u015bci MTB. Jan pracuje [&hellip;]","og_url":"https:\/\/www.welovecycling.com\/pl\/2016\/03\/22\/dreambig-fotografia-mtb\/","og_site_name":"\u0160koda We Love Cycling - Poland","article_published_time":"2016-03-22T16:38:25+00:00","article_modified_time":"2016-12-05T09:55:30+00:00","og_image":[{"width":1628,"height":600,"url":"https:\/\/d2p6e6u75xmxt8.cloudfront.net\/5\/2016\/03\/122.jpg","type":"image\/jpeg"}],"author":"WeLoveCycling","twitter_card":"summary_large_image","twitter_misc":{"Written by":"WeLoveCycling","Est. reading time":"6 minutes"},"schema":{"@context":"https:\/\/schema.org","@graph":[{"@type":"WebPage","@id":"https:\/\/www.welovecycling.com\/pl\/2016\/03\/22\/dreambig-fotografia-mtb\/","url":"https:\/\/www.welovecycling.com\/pl\/2016\/03\/22\/dreambig-fotografia-mtb\/","name":"#DreamBig: fotografia MTB - \u0160koda We Love Cycling - Poland","isPartOf":{"@id":"https:\/\/www.welovecycling.com\/pl\/#website"},"primaryImageOfPage":{"@id":"https:\/\/www.welovecycling.com\/pl\/2016\/03\/22\/dreambig-fotografia-mtb\/#primaryimage"},"image":{"@id":"https:\/\/www.welovecycling.com\/pl\/2016\/03\/22\/dreambig-fotografia-mtb\/#primaryimage"},"thumbnailUrl":"https:\/\/d2p6e6u75xmxt8.cloudfront.net\/5\/2016\/03\/122.jpg","datePublished":"2016-03-22T16:38:25+00:00","dateModified":"2016-12-05T09:55:30+00:00","author":{"@id":"https:\/\/www.welovecycling.com\/pl\/#\/schema\/person\/e5187c9cac8dd619ebc7b41bd73c2fd9"},"breadcrumb":{"@id":"https:\/\/www.welovecycling.com\/pl\/2016\/03\/22\/dreambig-fotografia-mtb\/#breadcrumb"},"inLanguage":"pl-PL","potentialAction":[{"@type":"ReadAction","target":["https:\/\/www.welovecycling.com\/pl\/2016\/03\/22\/dreambig-fotografia-mtb\/"]}]},{"@type":"ImageObject","inLanguage":"pl-PL","@id":"https:\/\/www.welovecycling.com\/pl\/2016\/03\/22\/dreambig-fotografia-mtb\/#primaryimage","url":"https:\/\/d2p6e6u75xmxt8.cloudfront.net\/5\/2016\/03\/122.jpg","contentUrl":"https:\/\/d2p6e6u75xmxt8.cloudfront.net\/5\/2016\/03\/122.jpg","width":1628,"height":600},{"@type":"BreadcrumbList","@id":"https:\/\/www.welovecycling.com\/pl\/2016\/03\/22\/dreambig-fotografia-mtb\/#breadcrumb","itemListElement":[{"@type":"ListItem","position":1,"name":"Home","item":"https:\/\/www.welovecycling.com\/pl\/"},{"@type":"ListItem","position":2,"name":"#DreamBig: fotografia MTB"}]},{"@type":"WebSite","@id":"https:\/\/www.welovecycling.com\/pl\/#website","url":"https:\/\/www.welovecycling.com\/pl\/","name":"\u0160koda We Love Cycling - Poland","description":"","potentialAction":[{"@type":"SearchAction","target":{"@type":"EntryPoint","urlTemplate":"https:\/\/www.welovecycling.com\/pl\/?s={search_term_string}"},"query-input":{"@type":"PropertyValueSpecification","valueRequired":true,"valueName":"search_term_string"}}],"inLanguage":"pl-PL"},{"@type":"Person","@id":"https:\/\/www.welovecycling.com\/pl\/#\/schema\/person\/e5187c9cac8dd619ebc7b41bd73c2fd9","name":"WeLoveCycling","image":{"@type":"ImageObject","inLanguage":"pl-PL","@id":"https:\/\/www.welovecycling.com\/pl\/#\/schema\/person\/image\/","url":"https:\/\/secure.gravatar.com\/avatar\/7e1ee0ecc5e294b19ef32b9f6086e0afbb9da00c3cb0d465ba4695331f4a9187?s=96&d=mm&r=g","contentUrl":"https:\/\/secure.gravatar.com\/avatar\/7e1ee0ecc5e294b19ef32b9f6086e0afbb9da00c3cb0d465ba4695331f4a9187?s=96&d=mm&r=g","caption":"WeLoveCycling"},"url":"https:\/\/www.welovecycling.com\/pl\/author\/lukascech\/"}]}},"_links":{"self":[{"href":"https:\/\/www.welovecycling.com\/pl\/wp-json\/wp\/v2\/posts\/816","targetHints":{"allow":["GET"]}}],"collection":[{"href":"https:\/\/www.welovecycling.com\/pl\/wp-json\/wp\/v2\/posts"}],"about":[{"href":"https:\/\/www.welovecycling.com\/pl\/wp-json\/wp\/v2\/types\/post"}],"author":[{"embeddable":true,"href":"https:\/\/www.welovecycling.com\/pl\/wp-json\/wp\/v2\/users\/1"}],"replies":[{"embeddable":true,"href":"https:\/\/www.welovecycling.com\/pl\/wp-json\/wp\/v2\/comments?post=816"}],"version-history":[{"count":1,"href":"https:\/\/www.welovecycling.com\/pl\/wp-json\/wp\/v2\/posts\/816\/revisions"}],"predecessor-version":[{"id":2480,"href":"https:\/\/www.welovecycling.com\/pl\/wp-json\/wp\/v2\/posts\/816\/revisions\/2480"}],"wp:featuredmedia":[{"embeddable":true,"href":"https:\/\/www.welovecycling.com\/pl\/wp-json\/wp\/v2\/media\/817"}],"wp:attachment":[{"href":"https:\/\/www.welovecycling.com\/pl\/wp-json\/wp\/v2\/media?parent=816"}],"wp:term":[{"taxonomy":"category","embeddable":true,"href":"https:\/\/www.welovecycling.com\/pl\/wp-json\/wp\/v2\/categories?post=816"},{"taxonomy":"post_tag","embeddable":true,"href":"https:\/\/www.welovecycling.com\/pl\/wp-json\/wp\/v2\/tags?post=816"},{"taxonomy":"global-categories","embeddable":true,"href":"https:\/\/www.welovecycling.com\/pl\/wp-json\/wp\/v2\/global-categories?post=816"}],"curies":[{"name":"wp","href":"https:\/\/api.w.org\/{rel}","templated":true}]}}