{"id":8149,"date":"2018-11-27T18:12:03","date_gmt":"2018-11-27T18:12:03","guid":{"rendered":"https:\/\/www.welovecycling.com\/pl\/?p=8149"},"modified":"2018-11-28T10:15:10","modified_gmt":"2018-11-28T10:15:10","slug":"porady-odziezowe-dla-mezczyzn-przygotujcie-sie-na-zimowa-jazde","status":"publish","type":"post","link":"https:\/\/www.welovecycling.com\/pl\/2018\/11\/27\/porady-odziezowe-dla-mezczyzn-przygotujcie-sie-na-zimowa-jazde\/","title":{"rendered":"Porady odzie\u017cowe dla m\u0119\u017cczyzn: przygotujcie si\u0119 na zimow\u0105 jazd\u0119!"},"content":{"rendered":"<div id=\"pl-8149\"  class=\"panel-layout\" ><div id=\"pg-8149-0\"  class=\"panel-grid panel-no-style\" ><div id=\"pgc-8149-0-0\"  class=\"panel-grid-cell\" ><div id=\"panel-8149-0-0-0\" class=\"so-panel widget widget_sow-editor panel-first-child panel-last-child\" data-index=\"0\" ><div\n\t\t\t\n\t\t\tclass=\"so-widget-sow-editor so-widget-sow-editor-base\"\n\t\t\t\n\t\t>\n<div class=\"siteorigin-widget-tinymce textwidget\">\n\t<p><strong>To ten czas, gdy ju\u017c prawdopodobnie odczuwasz zimno podczas jazdy. Co mo\u017cesz zrobi\u0107, by zapobiec spadkom wydajno\u015bci towarzysz\u0105cym ni\u017cszym temperaturom?<\/strong><\/p>\n<p><strong>Legginsy to podstawa<\/strong><br \/>\nJazda przy s\u0142onecznej pogodzie jest na tyle przyjemna, \u017ce zapomina si\u0119, \u017ce rozgrzane mi\u0119\u015bnie s\u0105 mniej nara\u017cone na kontuzje i generalnie lepiej funkcjonuj\u0105. Legginsy zmniejszaj\u0105 ryzyko uszkodzenia mi\u0119\u015bni i zapewniaj\u0105 ciep\u0142o najintensywniej pracuj\u0105cym cz\u0119\u015bciom cia\u0142a.<\/p>\n<p><a href=\"https:\/\/d2p6e6u75xmxt8.cloudfront.net\/5\/2018\/11\/Screen-Shot-2016-11-02-at-13.22.06.png\"><img loading=\"lazy\" decoding=\"async\" class=\"size-full wp-image-8152 alignleft\" src=\"https:\/\/d2p6e6u75xmxt8.cloudfront.net\/5\/2018\/11\/Screen-Shot-2016-11-02-at-13.22.06.png\" alt=\"\" width=\"295\" height=\"556\" srcset=\"https:\/\/d2p6e6u75xmxt8.cloudfront.net\/5\/2018\/11\/Screen-Shot-2016-11-02-at-13.22.06.png 295w, https:\/\/d2p6e6u75xmxt8.cloudfront.net\/5\/2018\/11\/Screen-Shot-2016-11-02-at-13.22.06-159x300.png 159w\" sizes=\"auto, (max-width: 295px) 100vw, 295px\" \/><\/a> <a href=\"https:\/\/d2p6e6u75xmxt8.cloudfront.net\/5\/2018\/11\/Screen-Shot-2016-11-02-at-13.21.48.png\"><img loading=\"lazy\" decoding=\"async\" class=\"size-full wp-image-8151 alignright\" src=\"https:\/\/d2p6e6u75xmxt8.cloudfront.net\/5\/2018\/11\/Screen-Shot-2016-11-02-at-13.21.48.png\" alt=\"\" width=\"370\" height=\"558\" srcset=\"https:\/\/d2p6e6u75xmxt8.cloudfront.net\/5\/2018\/11\/Screen-Shot-2016-11-02-at-13.21.48.png 370w, https:\/\/d2p6e6u75xmxt8.cloudfront.net\/5\/2018\/11\/Screen-Shot-2016-11-02-at-13.21.48-199x300.png 199w\" sizes=\"auto, (max-width: 370px) 100vw, 370px\" \/><\/a><\/p>\n<p>&nbsp;<\/p>\n<p>&nbsp;<\/p>\n<p>&nbsp;<\/p>\n<p>&nbsp;<\/p>\n<p>&nbsp;<\/p>\n<p>&nbsp;<\/p>\n<p>&nbsp;<\/p>\n<p>&nbsp;<\/p>\n<p>&nbsp;<\/p>\n<p>&nbsp;<\/p>\n<p>&nbsp;<\/p>\n<p>&nbsp;<\/p>\n<p>&nbsp;<\/p>\n<p>&nbsp;<\/p>\n<p>Model Icebreaker Everyday Leggings stanowi doskona\u0142\u0105 pierwsz\u0105 warstw\u0119 \u2013 wykonany jest z we\u0142ny merino, dzi\u0119ki czemu oddycha i nie zatrzymuje przykrych zapach\u00f3w jak niekt\u00f3re sztuczne tkaniny. Te leginsy nie kosztuj\u0105 bardzo du\u017co, bo \u00a350 (ok. 240 z\u0142), wi\u0119c mo\u017cna potraktowa\u0107 to jako swego rodzaju rzadk\u0105 \u201einwestycj\u0119\u201d w ubranie.<\/p>\n<p><strong>Szcz\u0119\u015bliwe nogi<\/strong><br \/>\nButy kolarskie s\u0105 zaprojektowane z my\u015bl\u0105 o wentylacji, co mo\u017ce by\u0107 \u015bwietne na korsyka\u0144skim podje\u017adzie, lecz nie przy minusowych temperaturach w mie\u015bcie. Zanim warto\u015bci spadn\u0105 poni\u017cej zera, zaopatrz si\u0119 w ochraniacze na palce st\u00f3p, aby zapobiec wych\u0142odzeniu.<br \/>\nJe\u015bli musisz r\u00f3wnie\u017c pomy\u015ble\u0107 o ochronie przed wod\u0105, warto rozwa\u017cy\u0107 zakup czego\u015b zbli\u017conego do ochraniaczy Santini Neo Blast \u2013 s\u0105 wodo- i wiatroodporne i zapewniaj\u0105 przy tym dobr\u0105 ochron\u0119 kostkom i ni\u017cszym partiom n\u00f3g.<\/p>\n<div id='gallery-1' class='gallery galleryid-8149 gallery-columns-2 gallery-size-medium'><figure class='gallery-item'>\n\t\t\t<div class='gallery-icon landscape'>\n\t\t\t\t<a href='https:\/\/d2p6e6u75xmxt8.cloudfront.net\/5\/2018\/11\/Screen-Shot-2016-11-02-at-13.25.24.png'><img loading=\"lazy\" decoding=\"async\" width=\"300\" height=\"228\" src=\"https:\/\/d2p6e6u75xmxt8.cloudfront.net\/5\/2018\/11\/Screen-Shot-2016-11-02-at-13.25.24-300x228.png\" class=\"attachment-medium size-medium\" alt=\"\" srcset=\"https:\/\/d2p6e6u75xmxt8.cloudfront.net\/5\/2018\/11\/Screen-Shot-2016-11-02-at-13.25.24-300x228.png 300w, https:\/\/d2p6e6u75xmxt8.cloudfront.net\/5\/2018\/11\/Screen-Shot-2016-11-02-at-13.25.24.png 495w\" sizes=\"auto, (max-width: 300px) 100vw, 300px\" \/><\/a>\n\t\t\t<\/div><\/figure><figure class='gallery-item'>\n\t\t\t<div class='gallery-icon landscape'>\n\t\t\t\t<a href='https:\/\/d2p6e6u75xmxt8.cloudfront.net\/5\/2018\/11\/santini-neo-overshoes-12.jpg'><img loading=\"lazy\" decoding=\"async\" width=\"300\" height=\"300\" src=\"https:\/\/d2p6e6u75xmxt8.cloudfront.net\/5\/2018\/11\/santini-neo-overshoes-12-300x300.jpg\" class=\"attachment-medium size-medium\" alt=\"\" srcset=\"https:\/\/d2p6e6u75xmxt8.cloudfront.net\/5\/2018\/11\/santini-neo-overshoes-12-300x300.jpg 300w, https:\/\/d2p6e6u75xmxt8.cloudfront.net\/5\/2018\/11\/santini-neo-overshoes-12-150x150.jpg 150w, https:\/\/d2p6e6u75xmxt8.cloudfront.net\/5\/2018\/11\/santini-neo-overshoes-12.jpg 430w\" sizes=\"auto, (max-width: 300px) 100vw, 300px\" \/><\/a>\n\t\t\t<\/div><\/figure>\n\t\t<\/div>\n\n<p>&nbsp;<\/p>\n<p><strong>Palce i stawy<\/strong><br \/>\nKa\u017cda cz\u0119\u015b\u0107 cia\u0142a, kt\u00f3ra nie b\u0119dzie u\u017cywana do nap\u0119dzania roweru, b\u0119dzie odczuwa\u0107 zimno o wiele dotkliwiej ni\u017c te b\u0119d\u0105ce w ruchu \u2013 wliczaj\u0105c w to palce i nadgarstki. Sk\u00f3rzane r\u0119kawiczki s\u0105 drogie, ale skutecznie chroni\u0105 przed zimnym wiatrem.<br \/>\nPoszukaj w takich sklepach jak John Lewis \u2013 powinny by\u0107 troch\u0119 ta\u0144sze i nie najgorzej przystosowane do zmieniania przerzutek na Twoim zimowym rowerze.<\/p>\n<p><strong>Czo\u0142o i uszy<\/strong><br \/>\nKupuj tanio dwa razy \u2013 albo zainwestuj w dobr\u0105 mark\u0119, np. Rapha. Czapka tej firmy, Merino Beanie, jest wyceniona na rozs\u0105dne \u00a335 (ok. 170 z\u0142), a bardziej tradycyjna, w stylu belgijskim \u2013 na \u00a345 (ok. 218 z\u0142). Na surow\u0105 zim\u0119 maj\u0105 w swojej ofercie dro\u017csz\u0105 czapk\u0119, kt\u00f3ra wed\u0142ug zadowolonych u\u017cytkownik\u00f3w nadaje si\u0119 nawet na dwudziestostopniowe mrozy.<\/p>\n<p><a href=\"https:\/\/d2p6e6u75xmxt8.cloudfront.net\/5\/2018\/11\/rapha-merin-cycling-cap.jpg\"><img loading=\"lazy\" decoding=\"async\" class=\"aligncenter size-full wp-image-8156\" src=\"https:\/\/d2p6e6u75xmxt8.cloudfront.net\/5\/2018\/11\/rapha-merin-cycling-cap.jpg\" alt=\"\" width=\"620\" height=\"350\" srcset=\"https:\/\/d2p6e6u75xmxt8.cloudfront.net\/5\/2018\/11\/rapha-merin-cycling-cap.jpg 620w, https:\/\/d2p6e6u75xmxt8.cloudfront.net\/5\/2018\/11\/rapha-merin-cycling-cap-300x169.jpg 300w\" sizes=\"auto, (max-width: 620px) 100vw, 620px\" \/><\/a><br \/>\nZamiast produkt\u00f3w tej firmy mo\u017cna wybra\u0107 Turtle Fur Shellaclava, kt\u00f3ra oferuje rzeczy z w\u0142\u00f3kien sztucznych w niskich cenach. Braki w wygl\u0105dzie nadrabia u\u017cyteczno\u015bci\u0105, gdy\u017c mo\u017cna si\u0119 ni\u0105 zas\u0142oni\u0107 jak kominiark\u0105. Pami\u0119taj tylko o jej zdj\u0119ciu przed wej\u015bciem do banku\u2026<\/p>\n<\/div>\n<\/div><\/div><\/div><\/div><\/div>","protected":false},"excerpt":{"rendered":"<p>To ten czas, gdy ju\u017c prawdopodobnie odczuwasz zimno podczas jazdy. Co mo\u017cesz zrobi\u0107, by zapobiec spadkom wydajno\u015bci towarzysz\u0105cym ni\u017cszym temperaturom? [&hellip;]<\/p>\n","protected":false},"author":76,"featured_media":8153,"comment_status":"open","ping_status":"open","sticky":false,"template":"","format":"standard","meta":{"footnotes":""},"categories":[299],"tags":[],"global-categories":[],"class_list":["post-8149","post","type-post","status-publish","format-standard","has-post-thumbnail","hentry","category-jesien"],"yoast_head":"<!-- This site is optimized with the Yoast SEO Premium plugin v25.3 (Yoast SEO v25.9) - https:\/\/yoast.com\/wordpress\/plugins\/seo\/ -->\n<title>Porady odzie\u017cowe dla m\u0119\u017cczyzn: przygotujcie si\u0119 na zimow\u0105 jazd\u0119! - \u0160koda We Love Cycling - Poland<\/title>\n<meta name=\"robots\" content=\"index, follow, max-snippet:-1, max-image-preview:large, max-video-preview:-1\" \/>\n<link rel=\"canonical\" href=\"https:\/\/www.welovecycling.com\/pl\/2018\/11\/27\/porady-odziezowe-dla-mezczyzn-przygotujcie-sie-na-zimowa-jazde\/\" \/>\n<meta property=\"og:locale\" content=\"pl_PL\" \/>\n<meta property=\"og:type\" content=\"article\" \/>\n<meta property=\"og:title\" content=\"Porady odzie\u017cowe dla m\u0119\u017cczyzn: przygotujcie si\u0119 na zimow\u0105 jazd\u0119!\" \/>\n<meta property=\"og:description\" content=\"To ten czas, gdy ju\u017c prawdopodobnie odczuwasz zimno podczas jazdy. Co mo\u017cesz zrobi\u0107, by zapobiec spadkom wydajno\u015bci towarzysz\u0105cym ni\u017cszym temperaturom? [&hellip;]\" \/>\n<meta property=\"og:url\" content=\"https:\/\/www.welovecycling.com\/pl\/2018\/11\/27\/porady-odziezowe-dla-mezczyzn-przygotujcie-sie-na-zimowa-jazde\/\" \/>\n<meta property=\"og:site_name\" content=\"\u0160koda We Love Cycling - Poland\" \/>\n<meta property=\"article:published_time\" content=\"2018-11-27T18:12:03+00:00\" \/>\n<meta property=\"article:modified_time\" content=\"2018-11-28T10:15:10+00:00\" \/>\n<meta property=\"og:image\" content=\"https:\/\/d2p6e6u75xmxt8.cloudfront.net\/5\/2018\/11\/13311313_13133131-1024x447.jpg\" \/>\n\t<meta property=\"og:image:width\" content=\"1024\" \/>\n\t<meta property=\"og:image:height\" content=\"447\" \/>\n\t<meta property=\"og:image:type\" content=\"image\/jpeg\" \/>\n<meta name=\"author\" content=\"piotrboczkowski\" \/>\n<meta name=\"twitter:card\" content=\"summary_large_image\" \/>\n<meta name=\"twitter:label1\" content=\"Written by\" \/>\n\t<meta name=\"twitter:data1\" content=\"Christopher Ashley\" \/>\n\t<meta name=\"twitter:label2\" content=\"Est. reading time\" \/>\n\t<meta name=\"twitter:data2\" content=\"4\" \/>\n<script type=\"application\/ld+json\" class=\"yoast-schema-graph\">{\"@context\":\"https:\/\/schema.org\",\"@graph\":[{\"@type\":\"WebPage\",\"@id\":\"https:\/\/www.welovecycling.com\/pl\/2018\/11\/27\/porady-odziezowe-dla-mezczyzn-przygotujcie-sie-na-zimowa-jazde\/\",\"url\":\"https:\/\/www.welovecycling.com\/pl\/2018\/11\/27\/porady-odziezowe-dla-mezczyzn-przygotujcie-sie-na-zimowa-jazde\/\",\"name\":\"Porady odzie\u017cowe dla m\u0119\u017cczyzn: przygotujcie si\u0119 na zimow\u0105 jazd\u0119! - \u0160koda We Love Cycling - Poland\",\"isPartOf\":{\"@id\":\"https:\/\/www.welovecycling.com\/pl\/#website\"},\"primaryImageOfPage\":{\"@id\":\"https:\/\/www.welovecycling.com\/pl\/2018\/11\/27\/porady-odziezowe-dla-mezczyzn-przygotujcie-sie-na-zimowa-jazde\/#primaryimage\"},\"image\":{\"@id\":\"https:\/\/www.welovecycling.com\/pl\/2018\/11\/27\/porady-odziezowe-dla-mezczyzn-przygotujcie-sie-na-zimowa-jazde\/#primaryimage\"},\"thumbnailUrl\":\"https:\/\/d2p6e6u75xmxt8.cloudfront.net\/5\/2018\/11\/13311313_13133131-1024x447.jpg\",\"datePublished\":\"2018-11-27T18:12:03+00:00\",\"dateModified\":\"2018-11-28T10:15:10+00:00\",\"author\":{\"@id\":\"https:\/\/www.welovecycling.com\/pl\/#\/schema\/person\/0dba2d39da943db9df3fd8f4687e7f23\"},\"breadcrumb\":{\"@id\":\"https:\/\/www.welovecycling.com\/pl\/2018\/11\/27\/porady-odziezowe-dla-mezczyzn-przygotujcie-sie-na-zimowa-jazde\/#breadcrumb\"},\"inLanguage\":\"pl-PL\",\"potentialAction\":[{\"@type\":\"ReadAction\",\"target\":[\"https:\/\/www.welovecycling.com\/pl\/2018\/11\/27\/porady-odziezowe-dla-mezczyzn-przygotujcie-sie-na-zimowa-jazde\/\"]}]},{\"@type\":\"ImageObject\",\"inLanguage\":\"pl-PL\",\"@id\":\"https:\/\/www.welovecycling.com\/pl\/2018\/11\/27\/porady-odziezowe-dla-mezczyzn-przygotujcie-sie-na-zimowa-jazde\/#primaryimage\",\"url\":\"https:\/\/d2p6e6u75xmxt8.cloudfront.net\/5\/2018\/11\/13311313_13133131-1024x447.jpg\",\"contentUrl\":\"https:\/\/d2p6e6u75xmxt8.cloudfront.net\/5\/2018\/11\/13311313_13133131-1024x447.jpg\",\"width\":1024,\"height\":447},{\"@type\":\"BreadcrumbList\",\"@id\":\"https:\/\/www.welovecycling.com\/pl\/2018\/11\/27\/porady-odziezowe-dla-mezczyzn-przygotujcie-sie-na-zimowa-jazde\/#breadcrumb\",\"itemListElement\":[{\"@type\":\"ListItem\",\"position\":1,\"name\":\"Home\",\"item\":\"https:\/\/www.welovecycling.com\/pl\/\"},{\"@type\":\"ListItem\",\"position\":2,\"name\":\"Porady odzie\u017cowe dla m\u0119\u017cczyzn: przygotujcie si\u0119 na zimow\u0105 jazd\u0119!\"}]},{\"@type\":\"WebSite\",\"@id\":\"https:\/\/www.welovecycling.com\/pl\/#website\",\"url\":\"https:\/\/www.welovecycling.com\/pl\/\",\"name\":\"\u0160koda We Love Cycling - Poland\",\"description\":\"\",\"potentialAction\":[{\"@type\":\"SearchAction\",\"target\":{\"@type\":\"EntryPoint\",\"urlTemplate\":\"https:\/\/www.welovecycling.com\/pl\/?s={search_term_string}\"},\"query-input\":{\"@type\":\"PropertyValueSpecification\",\"valueRequired\":true,\"valueName\":\"search_term_string\"}}],\"inLanguage\":\"pl-PL\"},{\"@type\":\"Person\",\"@id\":\"https:\/\/www.welovecycling.com\/pl\/#\/schema\/person\/0dba2d39da943db9df3fd8f4687e7f23\",\"name\":\"piotrboczkowski\",\"image\":{\"@type\":\"ImageObject\",\"inLanguage\":\"pl-PL\",\"@id\":\"https:\/\/www.welovecycling.com\/pl\/#\/schema\/person\/image\/\",\"url\":\"https:\/\/secure.gravatar.com\/avatar\/533caccae14752e03a2ce2d3fd62d1b98b93e1393c3195c27819e53344ca1ace?s=96&d=mm&r=g\",\"contentUrl\":\"https:\/\/secure.gravatar.com\/avatar\/533caccae14752e03a2ce2d3fd62d1b98b93e1393c3195c27819e53344ca1ace?s=96&d=mm&r=g\",\"caption\":\"piotrboczkowski\"},\"url\":\"https:\/\/www.welovecycling.com\/pl\/author\/piotrboczkowski\/\"}]}<\/script>\n<!-- \/ Yoast SEO Premium plugin. -->","yoast_head_json":{"title":"Porady odzie\u017cowe dla m\u0119\u017cczyzn: przygotujcie si\u0119 na zimow\u0105 jazd\u0119! - \u0160koda We Love Cycling - Poland","robots":{"index":"index","follow":"follow","max-snippet":"max-snippet:-1","max-image-preview":"max-image-preview:large","max-video-preview":"max-video-preview:-1"},"canonical":"https:\/\/www.welovecycling.com\/pl\/2018\/11\/27\/porady-odziezowe-dla-mezczyzn-przygotujcie-sie-na-zimowa-jazde\/","og_locale":"pl_PL","og_type":"article","og_title":"Porady odzie\u017cowe dla m\u0119\u017cczyzn: przygotujcie si\u0119 na zimow\u0105 jazd\u0119!","og_description":"To ten czas, gdy ju\u017c prawdopodobnie odczuwasz zimno podczas jazdy. Co mo\u017cesz zrobi\u0107, by zapobiec spadkom wydajno\u015bci towarzysz\u0105cym ni\u017cszym temperaturom? [&hellip;]","og_url":"https:\/\/www.welovecycling.com\/pl\/2018\/11\/27\/porady-odziezowe-dla-mezczyzn-przygotujcie-sie-na-zimowa-jazde\/","og_site_name":"\u0160koda We Love Cycling - Poland","article_published_time":"2018-11-27T18:12:03+00:00","article_modified_time":"2018-11-28T10:15:10+00:00","og_image":[{"width":1024,"height":447,"url":"https:\/\/d2p6e6u75xmxt8.cloudfront.net\/5\/2018\/11\/13311313_13133131-1024x447.jpg","type":"image\/jpeg"}],"author":"piotrboczkowski","twitter_card":"summary_large_image","twitter_misc":{"Written by":"Christopher Ashley","Est. reading time":"4"},"schema":{"@context":"https:\/\/schema.org","@graph":[{"@type":"WebPage","@id":"https:\/\/www.welovecycling.com\/pl\/2018\/11\/27\/porady-odziezowe-dla-mezczyzn-przygotujcie-sie-na-zimowa-jazde\/","url":"https:\/\/www.welovecycling.com\/pl\/2018\/11\/27\/porady-odziezowe-dla-mezczyzn-przygotujcie-sie-na-zimowa-jazde\/","name":"Porady odzie\u017cowe dla m\u0119\u017cczyzn: przygotujcie si\u0119 na zimow\u0105 jazd\u0119! - \u0160koda We Love Cycling - Poland","isPartOf":{"@id":"https:\/\/www.welovecycling.com\/pl\/#website"},"primaryImageOfPage":{"@id":"https:\/\/www.welovecycling.com\/pl\/2018\/11\/27\/porady-odziezowe-dla-mezczyzn-przygotujcie-sie-na-zimowa-jazde\/#primaryimage"},"image":{"@id":"https:\/\/www.welovecycling.com\/pl\/2018\/11\/27\/porady-odziezowe-dla-mezczyzn-przygotujcie-sie-na-zimowa-jazde\/#primaryimage"},"thumbnailUrl":"https:\/\/d2p6e6u75xmxt8.cloudfront.net\/5\/2018\/11\/13311313_13133131-1024x447.jpg","datePublished":"2018-11-27T18:12:03+00:00","dateModified":"2018-11-28T10:15:10+00:00","author":{"@id":"https:\/\/www.welovecycling.com\/pl\/#\/schema\/person\/0dba2d39da943db9df3fd8f4687e7f23"},"breadcrumb":{"@id":"https:\/\/www.welovecycling.com\/pl\/2018\/11\/27\/porady-odziezowe-dla-mezczyzn-przygotujcie-sie-na-zimowa-jazde\/#breadcrumb"},"inLanguage":"pl-PL","potentialAction":[{"@type":"ReadAction","target":["https:\/\/www.welovecycling.com\/pl\/2018\/11\/27\/porady-odziezowe-dla-mezczyzn-przygotujcie-sie-na-zimowa-jazde\/"]}]},{"@type":"ImageObject","inLanguage":"pl-PL","@id":"https:\/\/www.welovecycling.com\/pl\/2018\/11\/27\/porady-odziezowe-dla-mezczyzn-przygotujcie-sie-na-zimowa-jazde\/#primaryimage","url":"https:\/\/d2p6e6u75xmxt8.cloudfront.net\/5\/2018\/11\/13311313_13133131-1024x447.jpg","contentUrl":"https:\/\/d2p6e6u75xmxt8.cloudfront.net\/5\/2018\/11\/13311313_13133131-1024x447.jpg","width":1024,"height":447},{"@type":"BreadcrumbList","@id":"https:\/\/www.welovecycling.com\/pl\/2018\/11\/27\/porady-odziezowe-dla-mezczyzn-przygotujcie-sie-na-zimowa-jazde\/#breadcrumb","itemListElement":[{"@type":"ListItem","position":1,"name":"Home","item":"https:\/\/www.welovecycling.com\/pl\/"},{"@type":"ListItem","position":2,"name":"Porady odzie\u017cowe dla m\u0119\u017cczyzn: przygotujcie si\u0119 na zimow\u0105 jazd\u0119!"}]},{"@type":"WebSite","@id":"https:\/\/www.welovecycling.com\/pl\/#website","url":"https:\/\/www.welovecycling.com\/pl\/","name":"\u0160koda We Love Cycling - Poland","description":"","potentialAction":[{"@type":"SearchAction","target":{"@type":"EntryPoint","urlTemplate":"https:\/\/www.welovecycling.com\/pl\/?s={search_term_string}"},"query-input":{"@type":"PropertyValueSpecification","valueRequired":true,"valueName":"search_term_string"}}],"inLanguage":"pl-PL"},{"@type":"Person","@id":"https:\/\/www.welovecycling.com\/pl\/#\/schema\/person\/0dba2d39da943db9df3fd8f4687e7f23","name":"piotrboczkowski","image":{"@type":"ImageObject","inLanguage":"pl-PL","@id":"https:\/\/www.welovecycling.com\/pl\/#\/schema\/person\/image\/","url":"https:\/\/secure.gravatar.com\/avatar\/533caccae14752e03a2ce2d3fd62d1b98b93e1393c3195c27819e53344ca1ace?s=96&d=mm&r=g","contentUrl":"https:\/\/secure.gravatar.com\/avatar\/533caccae14752e03a2ce2d3fd62d1b98b93e1393c3195c27819e53344ca1ace?s=96&d=mm&r=g","caption":"piotrboczkowski"},"url":"https:\/\/www.welovecycling.com\/pl\/author\/piotrboczkowski\/"}]}},"_links":{"self":[{"href":"https:\/\/www.welovecycling.com\/pl\/wp-json\/wp\/v2\/posts\/8149","targetHints":{"allow":["GET"]}}],"collection":[{"href":"https:\/\/www.welovecycling.com\/pl\/wp-json\/wp\/v2\/posts"}],"about":[{"href":"https:\/\/www.welovecycling.com\/pl\/wp-json\/wp\/v2\/types\/post"}],"author":[{"embeddable":true,"href":"https:\/\/www.welovecycling.com\/pl\/wp-json\/wp\/v2\/users\/76"}],"replies":[{"embeddable":true,"href":"https:\/\/www.welovecycling.com\/pl\/wp-json\/wp\/v2\/comments?post=8149"}],"version-history":[{"count":2,"href":"https:\/\/www.welovecycling.com\/pl\/wp-json\/wp\/v2\/posts\/8149\/revisions"}],"predecessor-version":[{"id":8157,"href":"https:\/\/www.welovecycling.com\/pl\/wp-json\/wp\/v2\/posts\/8149\/revisions\/8157"}],"wp:featuredmedia":[{"embeddable":true,"href":"https:\/\/www.welovecycling.com\/pl\/wp-json\/wp\/v2\/media\/8153"}],"wp:attachment":[{"href":"https:\/\/www.welovecycling.com\/pl\/wp-json\/wp\/v2\/media?parent=8149"}],"wp:term":[{"taxonomy":"category","embeddable":true,"href":"https:\/\/www.welovecycling.com\/pl\/wp-json\/wp\/v2\/categories?post=8149"},{"taxonomy":"post_tag","embeddable":true,"href":"https:\/\/www.welovecycling.com\/pl\/wp-json\/wp\/v2\/tags?post=8149"},{"taxonomy":"global-categories","embeddable":true,"href":"https:\/\/www.welovecycling.com\/pl\/wp-json\/wp\/v2\/global-categories?post=8149"}],"curies":[{"name":"wp","href":"https:\/\/api.w.org\/{rel}","templated":true}]}}