{"id":8133,"date":"2018-11-23T20:11:35","date_gmt":"2018-11-23T20:11:35","guid":{"rendered":"https:\/\/www.welovecycling.com\/pl\/?p=8133"},"modified":"2018-11-23T20:11:54","modified_gmt":"2018-11-23T20:11:54","slug":"przewodnik-po-trasach-w-san-remo","status":"publish","type":"post","link":"https:\/\/www.welovecycling.com\/pl\/2018\/11\/23\/przewodnik-po-trasach-w-san-remo\/","title":{"rendered":"Przewodnik po trasach w San Remo"},"content":{"rendered":"<p><strong style=\"font-size: 16px;\">Po rowerowym sezonie w Polsce cz\u0119\u015b\u0107 rajder\u00f3w przesiada si\u0119 na narty lub snowboard, a reszta szuka sposobu na przetrwanie zimy w cieplejszym klimacie. Coraz popularniejsze staj\u0105 si\u0119 wyjazdy do w\u0142oskiej Ligurii, kt\u00f3ra kusi nie tylko s\u0142o\u0144cem, ale tak\u017ce ca\u0142ym mn\u00f3stwem rowerowych tras.<\/strong><\/p>\n<p><a href=\"https:\/\/d2p6e6u75xmxt8.cloudfront.net\/5\/2018\/11\/41184FBC-C984-4378-A531-1601276E5D37.jpg\"><img loading=\"lazy\" decoding=\"async\" class=\"size-large wp-image-8136\" src=\"https:\/\/d2p6e6u75xmxt8.cloudfront.net\/5\/2018\/11\/41184FBC-C984-4378-A531-1601276E5D37-1024x684.jpg\" alt=\"\" width=\"1024\" height=\"684\" srcset=\"https:\/\/d2p6e6u75xmxt8.cloudfront.net\/5\/2018\/11\/41184FBC-C984-4378-A531-1601276E5D37-1024x684.jpg 1024w, https:\/\/d2p6e6u75xmxt8.cloudfront.net\/5\/2018\/11\/41184FBC-C984-4378-A531-1601276E5D37-300x200.jpg 300w, https:\/\/d2p6e6u75xmxt8.cloudfront.net\/5\/2018\/11\/41184FBC-C984-4378-A531-1601276E5D37-768x513.jpg 768w, https:\/\/d2p6e6u75xmxt8.cloudfront.net\/5\/2018\/11\/41184FBC-C984-4378-A531-1601276E5D37-1920x1283.jpg 1920w, https:\/\/d2p6e6u75xmxt8.cloudfront.net\/5\/2018\/11\/41184FBC-C984-4378-A531-1601276E5D37-272x182.jpg 272w, https:\/\/d2p6e6u75xmxt8.cloudfront.net\/5\/2018\/11\/41184FBC-C984-4378-A531-1601276E5D37-1920x1283.jpg 1920w\" sizes=\"auto, (max-width: 1024px) 100vw, 1024px\" \/><\/a><\/p>\n<p>Przy planowaniu wyjazdu do W\u0142och zazwyczaj wybieramy pomi\u0119dzy Finale Ligure i San Remo. Finale Ligure to dobrze rozpoznawalna w\u015br\u00f3d kolarzy miejsc\u00f3wka enduro, kt\u00f3rej tras nie spos\u00f3b przejecha\u0107 nawet podczas tygodniowego pobytu. Trasy o r\u00f3\u017cnym poziomie zaawansowania i charakterystyce pojawiaj\u0105 si\u0119 nie tylko na zawodach \u015bwiatowej rangi, ale tak\u017ce w wielu filmach rowerowych. San Remo z kolei kojarzone jest z kamienistymi trasami DH (<strong>downhill<\/strong>), na kt\u00f3rych trenuje czo\u0142\u00f3wka \u015bwiatowego kolarstwa grawitacyjnego.<\/p>\n<p><a href=\"https:\/\/d2p6e6u75xmxt8.cloudfront.net\/5\/2018\/11\/2C77F091-BD10-4F51-8E21-F827678E1A0F.jpg\"><img loading=\"lazy\" decoding=\"async\" class=\"size-large wp-image-8143\" src=\"https:\/\/d2p6e6u75xmxt8.cloudfront.net\/5\/2018\/11\/2C77F091-BD10-4F51-8E21-F827678E1A0F-1024x765.jpg\" alt=\"\" width=\"1024\" height=\"765\" srcset=\"https:\/\/d2p6e6u75xmxt8.cloudfront.net\/5\/2018\/11\/2C77F091-BD10-4F51-8E21-F827678E1A0F-1024x765.jpg 1024w, https:\/\/d2p6e6u75xmxt8.cloudfront.net\/5\/2018\/11\/2C77F091-BD10-4F51-8E21-F827678E1A0F-300x224.jpg 300w, https:\/\/d2p6e6u75xmxt8.cloudfront.net\/5\/2018\/11\/2C77F091-BD10-4F51-8E21-F827678E1A0F-768x574.jpg 768w, https:\/\/d2p6e6u75xmxt8.cloudfront.net\/5\/2018\/11\/2C77F091-BD10-4F51-8E21-F827678E1A0F.jpg 1464w\" sizes=\"auto, (max-width: 1024px) 100vw, 1024px\" \/><\/a><\/p>\n<p>Due Muri, Antigravity czy Scoglii Rossi znajduj\u0105ce si\u0119 na San Romolo to wymagaj\u0105ce trasy downhillowe, na kt\u00f3rych p\u0142ynna jazda wymaga sporych umiej\u0119tno\u015bci, zw\u0142aszcza je\u017celi decydujemy si\u0119 na zjazd rowerem enduro. Liczne rockgardeny, skoki oraz strome \u015bcianki wyra\u017anie odr\u00f3\u017cniaj\u0105 w\u0142oskie trasy od tych poznanych w Polsce. Pierwszy kontakt z trasami zazwyczaj wprawia w os\u0142upienie, jednak ka\u017cdy kolejny zjazd pozwala na coraz pewniejsze pokonywanie naszpikowanych przeszkodami tras. Wymagaj\u0105ce czujno\u015bci i koncentracji drogi s\u0105 doskona\u0142ym treningiem technicznym, sprawiaj\u0105 ogromn\u0105 satysfakcj\u0119, a przede wszystkim gwarantuj\u0105 znaczny wzrost umiej\u0119tno\u015bci.<\/p>\n<p><a href=\"https:\/\/d2p6e6u75xmxt8.cloudfront.net\/5\/2018\/11\/0CF3E577-3F7C-4898-A306-4A760C2DA270.jpg\"><img loading=\"lazy\" decoding=\"async\" class=\"alignleft size-large wp-image-8142\" src=\"https:\/\/d2p6e6u75xmxt8.cloudfront.net\/5\/2018\/11\/0CF3E577-3F7C-4898-A306-4A760C2DA270-1024x761.jpg\" alt=\"\" width=\"1024\" height=\"761\" srcset=\"https:\/\/d2p6e6u75xmxt8.cloudfront.net\/5\/2018\/11\/0CF3E577-3F7C-4898-A306-4A760C2DA270-1024x761.jpg 1024w, https:\/\/d2p6e6u75xmxt8.cloudfront.net\/5\/2018\/11\/0CF3E577-3F7C-4898-A306-4A760C2DA270-300x223.jpg 300w, https:\/\/d2p6e6u75xmxt8.cloudfront.net\/5\/2018\/11\/0CF3E577-3F7C-4898-A306-4A760C2DA270-768x570.jpg 768w, https:\/\/d2p6e6u75xmxt8.cloudfront.net\/5\/2018\/11\/0CF3E577-3F7C-4898-A306-4A760C2DA270-1920x1426.jpg 1920w, https:\/\/d2p6e6u75xmxt8.cloudfront.net\/5\/2018\/11\/0CF3E577-3F7C-4898-A306-4A760C2DA270-1920x1426.jpg 1920w\" sizes=\"auto, (max-width: 1024px) 100vw, 1024px\" \/><\/a><\/p>\n<p>San Remo to jednak nie tylko trasy downhillowe, ale tak\u017ce niesamowite single enduro, kt\u00f3re dzi\u0119ki lokalizacji, widokom i niesamowitej charakterystyce zapadaj\u0105 w pami\u0119\u0107 ju\u017c po pierwszym zje\u017adzie. Trasy te od downhillowych r\u00f3\u017cni\u0105 si\u0119 stopniem trudno\u015bci, pod\u0142o\u017cem, nachyleniem i d\u0142ugo\u015bci\u0105. Po\u0142\u0105czenie tras BOOT HILL \u2013 BORELLO \u2013 ISOLA\u00a0oraz trasa Tubi di San Lorenzo mimo po\u0142o\u017cenia na tej samej g\u00f3rze (San Romolo) prowadz\u0105 fragmentami po ziemistych sekcjach pozwalaj\u0105cych nabra\u0107 oddechu przed wymagaj\u0105cymi elementami technicznymi. Gdyby nie fakt, \u017ce znajduj\u0105 si\u0119 na trasie przeplecionej podjazdami i przep\u0142aszczeniami, mo\u017cna by bez problemu sklasyfikowa\u0107 je jako fragmenty tras DH.<\/p>\n<p>Ale co, je\u017celi kamieniste trasy dadz\u0105 nam w ko\u015b\u0107 lub z czystej przyjemno\u015bci eksploracji zechcemy spr\u00f3bowa\u0107 czego\u015b nowego? Mo\u017cemy uda\u0107 si\u0119 do Diano Marina lub Dolceagua.<\/p>\n<p><a href=\"https:\/\/d2p6e6u75xmxt8.cloudfront.net\/5\/2018\/11\/EEDCA578-62D9-4FC0-83E2-3C54B720720C.jpg\"><img loading=\"lazy\" decoding=\"async\" class=\"size-large wp-image-8141\" src=\"https:\/\/d2p6e6u75xmxt8.cloudfront.net\/5\/2018\/11\/EEDCA578-62D9-4FC0-83E2-3C54B720720C-1024x764.jpg\" alt=\"\" width=\"1024\" height=\"764\" srcset=\"https:\/\/d2p6e6u75xmxt8.cloudfront.net\/5\/2018\/11\/EEDCA578-62D9-4FC0-83E2-3C54B720720C-1024x764.jpg 1024w, https:\/\/d2p6e6u75xmxt8.cloudfront.net\/5\/2018\/11\/EEDCA578-62D9-4FC0-83E2-3C54B720720C-300x224.jpg 300w, https:\/\/d2p6e6u75xmxt8.cloudfront.net\/5\/2018\/11\/EEDCA578-62D9-4FC0-83E2-3C54B720720C-768x573.jpg 768w, https:\/\/d2p6e6u75xmxt8.cloudfront.net\/5\/2018\/11\/EEDCA578-62D9-4FC0-83E2-3C54B720720C-1920x1433.jpg 1920w, https:\/\/d2p6e6u75xmxt8.cloudfront.net\/5\/2018\/11\/EEDCA578-62D9-4FC0-83E2-3C54B720720C-1920x1433.jpg 1920w\" sizes=\"auto, (max-width: 1024px) 100vw, 1024px\" \/><\/a><\/p>\n<p>Diano Marina\u00a0to po\u0142o\u017cona w\u015br\u00f3d gaj\u00f3w oliwnych i w\u0142oskich gospodarstw niezbyt stroma trasa z technicznymi elementami, kt\u00f3ra pozwala na p\u0142ynn\u0105 i szybk\u0105 jazd\u0119. Najciekawsze elementy trasy przeplecione s\u0105 szybkimi i przyjemnymi odcinkami, na kt\u00f3rych poradz\u0105 sobie wszyscy \u2013 nawet mniej zaawansowani rajderzy. Maiali (czyli \u201eprosiaki\u201d)\u00a0nie bez powodu jest nazw\u0105 trasy\u2026 Zje\u017cd\u017caj\u0105c, mo\u017cemy natkn\u0105\u0107 si\u0119 na \u015bwinie, owce czy nawet os\u0142y.<\/p>\n<p><a href=\"https:\/\/d2p6e6u75xmxt8.cloudfront.net\/5\/2018\/11\/CD08713F-EBED-4FA4-8D66-170DD907972A.jpg\"><img loading=\"lazy\" decoding=\"async\" class=\"size-large wp-image-8139\" src=\"https:\/\/d2p6e6u75xmxt8.cloudfront.net\/5\/2018\/11\/CD08713F-EBED-4FA4-8D66-170DD907972A-1024x765.jpg\" alt=\"\" width=\"1024\" height=\"765\" srcset=\"https:\/\/d2p6e6u75xmxt8.cloudfront.net\/5\/2018\/11\/CD08713F-EBED-4FA4-8D66-170DD907972A-1024x765.jpg 1024w, https:\/\/d2p6e6u75xmxt8.cloudfront.net\/5\/2018\/11\/CD08713F-EBED-4FA4-8D66-170DD907972A-300x224.jpg 300w, https:\/\/d2p6e6u75xmxt8.cloudfront.net\/5\/2018\/11\/CD08713F-EBED-4FA4-8D66-170DD907972A-768x574.jpg 768w, https:\/\/d2p6e6u75xmxt8.cloudfront.net\/5\/2018\/11\/CD08713F-EBED-4FA4-8D66-170DD907972A.jpg 1374w\" sizes=\"auto, (max-width: 1024px) 100vw, 1024px\" \/><\/a><\/p>\n<p>Dolceaqua i trasa KOM Supernatural to z kolei kwintesencja enduro. Ponad 20-kilometrowa trasa z blisko 1450 metrami spadku dzieli si\u0119 na dwie cz\u0119\u015bci: pierwsz\u0105 \u2013 \u015bwie\u017co wybudowan\u0105 na zawody, kt\u00f3ra ma przede wszystkim ziemiste pod\u0142o\u017ce z technicznymi zakr\u0119tami, i drug\u0105 \u2013 kt\u00f3ra jest jedn\u0105 z najbardziej znanych tras enduro na granicy W\u0142och i Francji. Biegnie grani\u0105 i sk\u0142ada si\u0119 z charakterystycznych szybkich sekcji po twardej skalnej nawierzchni. Te dwie sekcje \u0142\u0105czy kilkuminutowy podjazd, kt\u00f3ry stawia kropk\u0119 nad i. To perfekcyjny obraz idealnej trasy enduro. G\u0119sty las w g\u00f3rnej sekcji, wij\u0105ce si\u0119 agrafki i mi\u0119kkie le\u015bne pod\u0142o\u017ce pozwalaj\u0105 na dobre przygotowanie si\u0119 do trudniejszych element\u00f3w w dolnej sekcji trasy, a jednocze\u015bnie pozwalaj\u0105 na zweryfikowanie umiej\u0119tno\u015bci w r\u00f3\u017cnych warunkach terenu.<\/p>\n<figure id=\"attachment_8135\" aria-describedby=\"caption-attachment-8135\" style=\"width: 1024px\" class=\"wp-caption alignleft\"><a href=\"https:\/\/d2p6e6u75xmxt8.cloudfront.net\/5\/2018\/11\/2626CF99-BFBD-485C-9A4B-1054C04E9233.jpg\"><img loading=\"lazy\" decoding=\"async\" class=\"size-large wp-image-8135\" src=\"https:\/\/d2p6e6u75xmxt8.cloudfront.net\/5\/2018\/11\/2626CF99-BFBD-485C-9A4B-1054C04E9233-1024x684.jpg\" alt=\"\" width=\"1024\" height=\"684\" srcset=\"https:\/\/d2p6e6u75xmxt8.cloudfront.net\/5\/2018\/11\/2626CF99-BFBD-485C-9A4B-1054C04E9233-1024x684.jpg 1024w, https:\/\/d2p6e6u75xmxt8.cloudfront.net\/5\/2018\/11\/2626CF99-BFBD-485C-9A4B-1054C04E9233-300x200.jpg 300w, https:\/\/d2p6e6u75xmxt8.cloudfront.net\/5\/2018\/11\/2626CF99-BFBD-485C-9A4B-1054C04E9233-768x513.jpg 768w, https:\/\/d2p6e6u75xmxt8.cloudfront.net\/5\/2018\/11\/2626CF99-BFBD-485C-9A4B-1054C04E9233-1920x1283.jpg 1920w, https:\/\/d2p6e6u75xmxt8.cloudfront.net\/5\/2018\/11\/2626CF99-BFBD-485C-9A4B-1054C04E9233-272x182.jpg 272w, https:\/\/d2p6e6u75xmxt8.cloudfront.net\/5\/2018\/11\/2626CF99-BFBD-485C-9A4B-1054C04E9233-1920x1283.jpg 1920w\" sizes=\"auto, (max-width: 1024px) 100vw, 1024px\" \/><\/a><figcaption id=\"caption-attachment-8135\" class=\"wp-caption-text\">Processed with VSCO with c1 preset<\/figcaption><\/figure>\n<p>Wy\u017cej wspomniane trasy to tylko niewielka cz\u0119\u015b\u0107 tych, kt\u00f3re proponuj\u0105 nam s\u0142oneczne W\u0142ochy. Nic wi\u0119c dziwnego, \u017ce wyjazdy rowerowe w te regiony ciesz\u0105 si\u0119 takim powodzeniem. Z do\u015bwiadczenia wiem, \u017ce zar\u00f3wno trasy, jak i widoki uzale\u017cniaj\u0105. Warto jednak wspomnie\u0107, \u017ce do omawianych tras rzadko kiedy rowerzy\u015bci podje\u017cd\u017caj\u0105\u2026 Tak wi\u0119c, je\u017celi chcesz zaplanowa\u0107 wyjazd na w\u0142asn\u0105 r\u0119k\u0119, pami\u0119taj o shuttle busie, bo inaczej wi\u0119kszo\u015b\u0107 czasu poch\u0142on\u0105 wielogodzinne asfaltowe podjazdy. Bella Italia!<\/p>\n<p><a href=\"https:\/\/d2p6e6u75xmxt8.cloudfront.net\/5\/2018\/11\/C63A20EA-5462-4E77-BFF7-D865A8EF1B3E.jpg\"><img loading=\"lazy\" decoding=\"async\" class=\"size-large wp-image-8138\" src=\"https:\/\/d2p6e6u75xmxt8.cloudfront.net\/5\/2018\/11\/C63A20EA-5462-4E77-BFF7-D865A8EF1B3E-1024x768.jpg\" alt=\"\" width=\"1024\" height=\"768\" srcset=\"https:\/\/d2p6e6u75xmxt8.cloudfront.net\/5\/2018\/11\/C63A20EA-5462-4E77-BFF7-D865A8EF1B3E-1024x768.jpg 1024w, https:\/\/d2p6e6u75xmxt8.cloudfront.net\/5\/2018\/11\/C63A20EA-5462-4E77-BFF7-D865A8EF1B3E-300x225.jpg 300w, https:\/\/d2p6e6u75xmxt8.cloudfront.net\/5\/2018\/11\/C63A20EA-5462-4E77-BFF7-D865A8EF1B3E-768x576.jpg 768w, https:\/\/d2p6e6u75xmxt8.cloudfront.net\/5\/2018\/11\/C63A20EA-5462-4E77-BFF7-D865A8EF1B3E-1920x1440.jpg 1920w, https:\/\/d2p6e6u75xmxt8.cloudfront.net\/5\/2018\/11\/C63A20EA-5462-4E77-BFF7-D865A8EF1B3E-1920x1440.jpg 1920w\" sizes=\"auto, (max-width: 1024px) 100vw, 1024px\" \/><\/a><\/p>\n<p>&nbsp;<\/p>\n<p>Maja \ud83d\ude09<\/p>\n<p>&nbsp;<\/p>\n","protected":false},"excerpt":{"rendered":"<p>Po rowerowym sezonie w Polsce cz\u0119\u015b\u0107 rajder\u00f3w przesiada si\u0119 na narty lub snowboard, a reszta szuka sposobu na przetrwanie zimy [&hellip;]<\/p>\n","protected":false},"author":76,"featured_media":8137,"comment_status":"open","ping_status":"open","sticky":false,"template":"","format":"standard","meta":{"footnotes":""},"categories":[296],"tags":[],"global-categories":[],"class_list":["post-8133","post","type-post","status-publish","format-standard","has-post-thumbnail","hentry","category-maja-micherda"],"yoast_head":"<!-- This site is optimized with the Yoast SEO Premium plugin v25.3 (Yoast SEO v25.9) - https:\/\/yoast.com\/wordpress\/plugins\/seo\/ -->\n<title>Przewodnik po trasach w San Remo - \u0160koda We Love Cycling - Poland<\/title>\n<meta name=\"robots\" content=\"index, follow, max-snippet:-1, max-image-preview:large, max-video-preview:-1\" \/>\n<link rel=\"canonical\" href=\"https:\/\/www.welovecycling.com\/pl\/2018\/11\/23\/przewodnik-po-trasach-w-san-remo\/\" \/>\n<meta property=\"og:locale\" content=\"pl_PL\" \/>\n<meta property=\"og:type\" content=\"article\" \/>\n<meta property=\"og:title\" content=\"Przewodnik po trasach w San Remo\" \/>\n<meta property=\"og:description\" content=\"Po rowerowym sezonie w Polsce cz\u0119\u015b\u0107 rajder\u00f3w przesiada si\u0119 na narty lub snowboard, a reszta szuka sposobu na przetrwanie zimy [&hellip;]\" \/>\n<meta property=\"og:url\" content=\"https:\/\/www.welovecycling.com\/pl\/2018\/11\/23\/przewodnik-po-trasach-w-san-remo\/\" \/>\n<meta property=\"og:site_name\" content=\"\u0160koda We Love Cycling - Poland\" \/>\n<meta property=\"article:published_time\" content=\"2018-11-23T20:11:35+00:00\" \/>\n<meta property=\"article:modified_time\" content=\"2018-11-23T20:11:54+00:00\" \/>\n<meta property=\"og:image\" content=\"https:\/\/d2p6e6u75xmxt8.cloudfront.net\/5\/2018\/11\/B19D696C-B3FA-4CDC-85DB-1193870229D3-1024x765.jpg\" \/>\n\t<meta property=\"og:image:width\" content=\"1024\" \/>\n\t<meta property=\"og:image:height\" content=\"765\" \/>\n\t<meta property=\"og:image:type\" content=\"image\/jpeg\" \/>\n<meta name=\"author\" content=\"piotrboczkowski\" \/>\n<meta name=\"twitter:card\" content=\"summary_large_image\" \/>\n<meta name=\"twitter:label1\" content=\"Written by\" \/>\n\t<meta name=\"twitter:data1\" content=\"Maja Micherda\" \/>\n\t<meta name=\"twitter:label2\" content=\"Est. reading time\" \/>\n\t<meta name=\"twitter:data2\" content=\"6\" \/>\n<script type=\"application\/ld+json\" class=\"yoast-schema-graph\">{\"@context\":\"https:\/\/schema.org\",\"@graph\":[{\"@type\":\"WebPage\",\"@id\":\"https:\/\/www.welovecycling.com\/pl\/2018\/11\/23\/przewodnik-po-trasach-w-san-remo\/\",\"url\":\"https:\/\/www.welovecycling.com\/pl\/2018\/11\/23\/przewodnik-po-trasach-w-san-remo\/\",\"name\":\"Przewodnik po trasach w San Remo - \u0160koda We Love Cycling - Poland\",\"isPartOf\":{\"@id\":\"https:\/\/www.welovecycling.com\/pl\/#website\"},\"primaryImageOfPage\":{\"@id\":\"https:\/\/www.welovecycling.com\/pl\/2018\/11\/23\/przewodnik-po-trasach-w-san-remo\/#primaryimage\"},\"image\":{\"@id\":\"https:\/\/www.welovecycling.com\/pl\/2018\/11\/23\/przewodnik-po-trasach-w-san-remo\/#primaryimage\"},\"thumbnailUrl\":\"https:\/\/d2p6e6u75xmxt8.cloudfront.net\/5\/2018\/11\/B19D696C-B3FA-4CDC-85DB-1193870229D3.jpg\",\"datePublished\":\"2018-11-23T20:11:35+00:00\",\"dateModified\":\"2018-11-23T20:11:54+00:00\",\"author\":{\"@id\":\"https:\/\/www.welovecycling.com\/pl\/#\/schema\/person\/0dba2d39da943db9df3fd8f4687e7f23\"},\"breadcrumb\":{\"@id\":\"https:\/\/www.welovecycling.com\/pl\/2018\/11\/23\/przewodnik-po-trasach-w-san-remo\/#breadcrumb\"},\"inLanguage\":\"pl-PL\",\"potentialAction\":[{\"@type\":\"ReadAction\",\"target\":[\"https:\/\/www.welovecycling.com\/pl\/2018\/11\/23\/przewodnik-po-trasach-w-san-remo\/\"]}]},{\"@type\":\"ImageObject\",\"inLanguage\":\"pl-PL\",\"@id\":\"https:\/\/www.welovecycling.com\/pl\/2018\/11\/23\/przewodnik-po-trasach-w-san-remo\/#primaryimage\",\"url\":\"https:\/\/d2p6e6u75xmxt8.cloudfront.net\/5\/2018\/11\/B19D696C-B3FA-4CDC-85DB-1193870229D3.jpg\",\"contentUrl\":\"https:\/\/d2p6e6u75xmxt8.cloudfront.net\/5\/2018\/11\/B19D696C-B3FA-4CDC-85DB-1193870229D3.jpg\",\"width\":3203,\"height\":2392,\"caption\":\"Processed with VSCO with c1 preset\"},{\"@type\":\"BreadcrumbList\",\"@id\":\"https:\/\/www.welovecycling.com\/pl\/2018\/11\/23\/przewodnik-po-trasach-w-san-remo\/#breadcrumb\",\"itemListElement\":[{\"@type\":\"ListItem\",\"position\":1,\"name\":\"Home\",\"item\":\"https:\/\/www.welovecycling.com\/pl\/\"},{\"@type\":\"ListItem\",\"position\":2,\"name\":\"Przewodnik po trasach w San Remo\"}]},{\"@type\":\"WebSite\",\"@id\":\"https:\/\/www.welovecycling.com\/pl\/#website\",\"url\":\"https:\/\/www.welovecycling.com\/pl\/\",\"name\":\"\u0160koda We Love Cycling - Poland\",\"description\":\"\",\"potentialAction\":[{\"@type\":\"SearchAction\",\"target\":{\"@type\":\"EntryPoint\",\"urlTemplate\":\"https:\/\/www.welovecycling.com\/pl\/?s={search_term_string}\"},\"query-input\":{\"@type\":\"PropertyValueSpecification\",\"valueRequired\":true,\"valueName\":\"search_term_string\"}}],\"inLanguage\":\"pl-PL\"},{\"@type\":\"Person\",\"@id\":\"https:\/\/www.welovecycling.com\/pl\/#\/schema\/person\/0dba2d39da943db9df3fd8f4687e7f23\",\"name\":\"piotrboczkowski\",\"image\":{\"@type\":\"ImageObject\",\"inLanguage\":\"pl-PL\",\"@id\":\"https:\/\/www.welovecycling.com\/pl\/#\/schema\/person\/image\/\",\"url\":\"https:\/\/secure.gravatar.com\/avatar\/533caccae14752e03a2ce2d3fd62d1b98b93e1393c3195c27819e53344ca1ace?s=96&d=mm&r=g\",\"contentUrl\":\"https:\/\/secure.gravatar.com\/avatar\/533caccae14752e03a2ce2d3fd62d1b98b93e1393c3195c27819e53344ca1ace?s=96&d=mm&r=g\",\"caption\":\"piotrboczkowski\"},\"url\":\"https:\/\/www.welovecycling.com\/pl\/author\/piotrboczkowski\/\"}]}<\/script>\n<!-- \/ Yoast SEO Premium plugin. -->","yoast_head_json":{"title":"Przewodnik po trasach w San Remo - \u0160koda We Love Cycling - Poland","robots":{"index":"index","follow":"follow","max-snippet":"max-snippet:-1","max-image-preview":"max-image-preview:large","max-video-preview":"max-video-preview:-1"},"canonical":"https:\/\/www.welovecycling.com\/pl\/2018\/11\/23\/przewodnik-po-trasach-w-san-remo\/","og_locale":"pl_PL","og_type":"article","og_title":"Przewodnik po trasach w San Remo","og_description":"Po rowerowym sezonie w Polsce cz\u0119\u015b\u0107 rajder\u00f3w przesiada si\u0119 na narty lub snowboard, a reszta szuka sposobu na przetrwanie zimy [&hellip;]","og_url":"https:\/\/www.welovecycling.com\/pl\/2018\/11\/23\/przewodnik-po-trasach-w-san-remo\/","og_site_name":"\u0160koda We Love Cycling - Poland","article_published_time":"2018-11-23T20:11:35+00:00","article_modified_time":"2018-11-23T20:11:54+00:00","og_image":[{"width":1024,"height":765,"url":"https:\/\/d2p6e6u75xmxt8.cloudfront.net\/5\/2018\/11\/B19D696C-B3FA-4CDC-85DB-1193870229D3-1024x765.jpg","type":"image\/jpeg"}],"author":"piotrboczkowski","twitter_card":"summary_large_image","twitter_misc":{"Written by":"Maja Micherda","Est. reading time":"6"},"schema":{"@context":"https:\/\/schema.org","@graph":[{"@type":"WebPage","@id":"https:\/\/www.welovecycling.com\/pl\/2018\/11\/23\/przewodnik-po-trasach-w-san-remo\/","url":"https:\/\/www.welovecycling.com\/pl\/2018\/11\/23\/przewodnik-po-trasach-w-san-remo\/","name":"Przewodnik po trasach w San Remo - \u0160koda We Love Cycling - Poland","isPartOf":{"@id":"https:\/\/www.welovecycling.com\/pl\/#website"},"primaryImageOfPage":{"@id":"https:\/\/www.welovecycling.com\/pl\/2018\/11\/23\/przewodnik-po-trasach-w-san-remo\/#primaryimage"},"image":{"@id":"https:\/\/www.welovecycling.com\/pl\/2018\/11\/23\/przewodnik-po-trasach-w-san-remo\/#primaryimage"},"thumbnailUrl":"https:\/\/d2p6e6u75xmxt8.cloudfront.net\/5\/2018\/11\/B19D696C-B3FA-4CDC-85DB-1193870229D3.jpg","datePublished":"2018-11-23T20:11:35+00:00","dateModified":"2018-11-23T20:11:54+00:00","author":{"@id":"https:\/\/www.welovecycling.com\/pl\/#\/schema\/person\/0dba2d39da943db9df3fd8f4687e7f23"},"breadcrumb":{"@id":"https:\/\/www.welovecycling.com\/pl\/2018\/11\/23\/przewodnik-po-trasach-w-san-remo\/#breadcrumb"},"inLanguage":"pl-PL","potentialAction":[{"@type":"ReadAction","target":["https:\/\/www.welovecycling.com\/pl\/2018\/11\/23\/przewodnik-po-trasach-w-san-remo\/"]}]},{"@type":"ImageObject","inLanguage":"pl-PL","@id":"https:\/\/www.welovecycling.com\/pl\/2018\/11\/23\/przewodnik-po-trasach-w-san-remo\/#primaryimage","url":"https:\/\/d2p6e6u75xmxt8.cloudfront.net\/5\/2018\/11\/B19D696C-B3FA-4CDC-85DB-1193870229D3.jpg","contentUrl":"https:\/\/d2p6e6u75xmxt8.cloudfront.net\/5\/2018\/11\/B19D696C-B3FA-4CDC-85DB-1193870229D3.jpg","width":3203,"height":2392,"caption":"Processed with VSCO with c1 preset"},{"@type":"BreadcrumbList","@id":"https:\/\/www.welovecycling.com\/pl\/2018\/11\/23\/przewodnik-po-trasach-w-san-remo\/#breadcrumb","itemListElement":[{"@type":"ListItem","position":1,"name":"Home","item":"https:\/\/www.welovecycling.com\/pl\/"},{"@type":"ListItem","position":2,"name":"Przewodnik po trasach w San Remo"}]},{"@type":"WebSite","@id":"https:\/\/www.welovecycling.com\/pl\/#website","url":"https:\/\/www.welovecycling.com\/pl\/","name":"\u0160koda We Love Cycling - Poland","description":"","potentialAction":[{"@type":"SearchAction","target":{"@type":"EntryPoint","urlTemplate":"https:\/\/www.welovecycling.com\/pl\/?s={search_term_string}"},"query-input":{"@type":"PropertyValueSpecification","valueRequired":true,"valueName":"search_term_string"}}],"inLanguage":"pl-PL"},{"@type":"Person","@id":"https:\/\/www.welovecycling.com\/pl\/#\/schema\/person\/0dba2d39da943db9df3fd8f4687e7f23","name":"piotrboczkowski","image":{"@type":"ImageObject","inLanguage":"pl-PL","@id":"https:\/\/www.welovecycling.com\/pl\/#\/schema\/person\/image\/","url":"https:\/\/secure.gravatar.com\/avatar\/533caccae14752e03a2ce2d3fd62d1b98b93e1393c3195c27819e53344ca1ace?s=96&d=mm&r=g","contentUrl":"https:\/\/secure.gravatar.com\/avatar\/533caccae14752e03a2ce2d3fd62d1b98b93e1393c3195c27819e53344ca1ace?s=96&d=mm&r=g","caption":"piotrboczkowski"},"url":"https:\/\/www.welovecycling.com\/pl\/author\/piotrboczkowski\/"}]}},"_links":{"self":[{"href":"https:\/\/www.welovecycling.com\/pl\/wp-json\/wp\/v2\/posts\/8133","targetHints":{"allow":["GET"]}}],"collection":[{"href":"https:\/\/www.welovecycling.com\/pl\/wp-json\/wp\/v2\/posts"}],"about":[{"href":"https:\/\/www.welovecycling.com\/pl\/wp-json\/wp\/v2\/types\/post"}],"author":[{"embeddable":true,"href":"https:\/\/www.welovecycling.com\/pl\/wp-json\/wp\/v2\/users\/76"}],"replies":[{"embeddable":true,"href":"https:\/\/www.welovecycling.com\/pl\/wp-json\/wp\/v2\/comments?post=8133"}],"version-history":[{"count":1,"href":"https:\/\/www.welovecycling.com\/pl\/wp-json\/wp\/v2\/posts\/8133\/revisions"}],"predecessor-version":[{"id":8144,"href":"https:\/\/www.welovecycling.com\/pl\/wp-json\/wp\/v2\/posts\/8133\/revisions\/8144"}],"wp:featuredmedia":[{"embeddable":true,"href":"https:\/\/www.welovecycling.com\/pl\/wp-json\/wp\/v2\/media\/8137"}],"wp:attachment":[{"href":"https:\/\/www.welovecycling.com\/pl\/wp-json\/wp\/v2\/media?parent=8133"}],"wp:term":[{"taxonomy":"category","embeddable":true,"href":"https:\/\/www.welovecycling.com\/pl\/wp-json\/wp\/v2\/categories?post=8133"},{"taxonomy":"post_tag","embeddable":true,"href":"https:\/\/www.welovecycling.com\/pl\/wp-json\/wp\/v2\/tags?post=8133"},{"taxonomy":"global-categories","embeddable":true,"href":"https:\/\/www.welovecycling.com\/pl\/wp-json\/wp\/v2\/global-categories?post=8133"}],"curies":[{"name":"wp","href":"https:\/\/api.w.org\/{rel}","templated":true}]}}