{"id":8127,"date":"2018-11-22T18:46:16","date_gmt":"2018-11-22T18:46:16","guid":{"rendered":"https:\/\/www.welovecycling.com\/pl\/?p=8127"},"modified":"2018-11-23T08:58:48","modified_gmt":"2018-11-23T08:58:48","slug":"nikt-jej-nie-chcial-niesamowita-historia-zoltej-koszulki","status":"publish","type":"post","link":"https:\/\/www.welovecycling.com\/pl\/2018\/11\/22\/nikt-jej-nie-chcial-niesamowita-historia-zoltej-koszulki\/","title":{"rendered":"Nikt jej nie chcia\u0142! Niesamowita historia \u017c\u00f3\u0142tej koszulki"},"content":{"rendered":"<p><strong>Kiedy\u015b wywo\u0142ywa\u0142a niech\u0119\u0107, a nawet obrzydzenie, a dzi\u015b to marzenie ka\u017cdego kolarza. \u017b\u00f3\u0142ta koszulka, najcenniejsze trofeum Tour de France, wkr\u00f3tce obchodzi 100 lat!<\/strong><\/p>\n<p>&#8211; <em>Nie lubi\u0142em jej i nie chcia\u0142em w niej je\u017adzi\u0107! Czemu? Bo gdy si\u0119 w niej pojawia\u0142em na trasie, to kibice zawsze udawali kanarka<\/em> \u2013 m\u00f3wi\u0142 Eugene Christophe, kt\u00f3ry w 1919 r., jako lider Wielkiej P\u0119tli, rozpocz\u0105\u0142 jedn\u0105 z najbardziej znanych i najbardziej szanowanych tradycji w \u015bwiatowym kolarstwie.<\/p>\n<p><strong>Utrudnia\u0142a kamufla\u017c<\/strong><\/p>\n<p>Na pocz\u0105tku o takim trykocie nikt nawet nie my\u015bla\u0142. Pierwsi liderzy Tour de France oznaczani byli bardziej subtelnie \u2013 zielon\u0105 opask\u0105. P\u00f3\u017aniej pojawia\u0142y si\u0119 pr\u00f3by przekonania zawodnik\u00f3w do \u017c\u00f3\u0142tego koloru, ale zadanie okaza\u0142o si\u0119 nadspodziewanie trudne.<\/p>\n<p><em>W 1913 r. Philippe Thys zosta\u0142 poproszony o wci\u0105gni\u0119cie na siebie \u017c\u00f3\u0142tego trykotu, ale zdecydowanie odm\u00f3wi\u0142. \u2013 Przez to sta\u0142bym si\u0119 bardziej widoczny dla rywali i ka\u017cdy z nich chcia\u0142bym mnie dopa\u015b\u0107<\/em> \u2013 m\u00f3wi\u0142 w magazynie \u201eChampions et Vedettes\u201d.<\/p>\n<p>W ko\u0144cu jednak uleg\u0142 namowom, a wr\u0119cz rozkazom szefa swojej grupy, kt\u00f3ry na \u017c\u00f3\u0142tej koszulce lidera chcia\u0142 umie\u015bci\u0107 reklam\u0119. Wobec takich argument\u00f3w Thys by\u0142 bezradny i chwil\u0119 p\u00f3\u017aniej sta\u0142 ju\u017c\u2026 w sklepie z odzie\u017c\u0105.<\/p>\n<p>&#8211; <em>To by\u0142 pierwszy lepszy napotkany sklep, od razu do niego weszli\u015bmy. Rozmiar by\u0142 na mnie odpowiedni, musieli\u015bmy tylko troch\u0119 powi\u0119kszy\u0107 dziur\u0119, \u017ceby zmie\u015bci\u0142a si\u0119 moja g\u0142owa<\/em> \u2013 wspomina\u0142.<\/p>\n<p>\u017b\u00f3\u0142ty kolor nawi\u0105zywa\u0142 te\u017c do barwy papieru, na jakim wydawana by\u0142a gazeta \u201eL\u2019Auto\u201d (dzisiejsza \u201eL\u2019Equipe\u201d), kt\u00f3ra organizowa\u0142a Tour de France.<\/p>\n<p><strong>Marzenie wszystkich<\/strong><\/p>\n<p>Oficjalnie lider Wielkiej P\u0119tli w \u017c\u00f3\u0142tej koszulce jedzie od 1919 r., wi\u0119c przysz\u0142oroczny Tour de France b\u0119dzie r\u00f3wnocze\u015bnie obchodami 100. rocznicy narodzin najbardziej po\u017c\u0105danego kolarskiego trykotu na \u015bwiecie. Zgodnie z kronikami pierwsz\u0105 oficjaln\u0105 \u017c\u00f3\u0142t\u0105 koszulk\u0119 lidera za\u0142o\u017cy\u0142 Francuz Eug\u00e8ne Christophe. By\u0142o to 18 lipca 1919 r. na etapie z Grenoble do Genewy. Nie by\u0142 jednak dumny z tego powodu.<\/p>\n<p>&#8211; <em>Wszystko dlatego, \u017ce kibice i zawodnicy na trasie nazywali mnie kanarkiem. S\u0142ysza\u0142em jak m\u00f3wili: \u201eOh, \u017c\u00f3\u0142ta koszulka! Czy\u017c ten kanarek nie jest pi\u0119kny?<\/em>\u201d \u2013 opowiada\u0142 Christophe.<\/p>\n<p>Podobne wspomnienia mieli inni zawodnicy, kt\u00f3rzy uwa\u017cali \u017c\u00f3\u0142ty kolor za zbyt krzykliwy i ma\u0142o m\u0119ski, co nie pasowa\u0142o kolarzom, kt\u00f3rzy chcieli by\u0107 uznawani za prawdziwych twardzieli.<\/p>\n<p>Dzi\u015b wspomnienia z \u017c\u00f3\u0142t\u0105 koszulk\u0105 s\u0105 zdecydowanie inne. Na gali prezentuj\u0105cej przysz\u0142oroczn\u0105 tras\u0119 Tour de France zaproszono trzech absolutnych mistrz\u00f3w: Eddy\u2019ego Mercxa, Bernarda Hinault i Miguela Induraina, kt\u00f3rzy Tour de France wygrywali po pi\u0119\u0107 razy. Ka\u017cdy z nich o \u017c\u00f3\u0142tym trykocie m\u00f3wi\u0142 jak o spe\u0142nieniu sn\u00f3w.<\/p>\n<p>Merckx: &#8211; <em>To najwa\u017cniejsza koszulka w kolarstwie. Jad\u0105c w niej czujesz, \u017ce sen przechodzi w jaw\u0119.<\/em><\/p>\n<p>Hinault: &#8211; <em>Jazda w niej to co\u015b niesamowitego.<\/em><\/p>\n<p>Indurain: &#8211;<em> Ta koszulka to marzenie wszystkich, kt\u00f3rzy kochaj\u0105 kolarstwo.<\/em><\/p>\n<p><strong>Znikaj\u0105ce inicja\u0142y<\/strong><\/p>\n<p>Na trykocie lidera Tour de France istnieje jeszcze jeden symbol, na kt\u00f3ry wielu kibic\u00f3w nie zwraca uwagi. To inicja\u0142y \u201eDE\u201d, od imienia i nazwiska Henriego Desgrange, redaktora naczelnego \u201eL\u2019Auto\u201d, a tak\u017ce dyrektora i organizatora Wielkiej P\u0119tli. Te dwie litery r\u00f3wnie\u017c musia\u0142y przej\u015b\u0107 pr\u00f3b\u0119 czasu, bo zdarza\u0142o si\u0119, \u017ce w niekt\u00f3rych edycjach ust\u0119powa\u0142y miejsca logo komercyjnego sponsora. Teraz \u201eDE\u201d jest jednak nieroz\u0142\u0105cznym elementem najbardziej charakterystycznej koszulki w kolarstwie.<\/p>\n<p>&#8211; <em>Ten trykot to najwi\u0119kszy honor, kt\u00f3ry symbolizuje odwag\u0119, si\u0142\u0119 i ducha sportu. Kto cho\u0107 raz za\u0142o\u017cy\u0142 \u017c\u00f3\u0142t\u0105 koszulk\u0119, jest dumny do ko\u0144ca \u017cycia<\/em> \u2013 nie ma w\u0105tpliwo\u015bci Jean-Etienne Amaury, prezes Amaury Sport Organisation, organizatora Tour de France.<\/p>\n","protected":false},"excerpt":{"rendered":"<p>Kiedy\u015b wywo\u0142ywa\u0142a niech\u0119\u0107, a nawet obrzydzenie, a dzi\u015b to marzenie ka\u017cdego kolarza. \u017b\u00f3\u0142ta koszulka, najcenniejsze trofeum Tour de France, wkr\u00f3tce [&hellip;]<\/p>\n","protected":false},"author":76,"featured_media":8128,"comment_status":"open","ping_status":"open","sticky":false,"template":"","format":"standard","meta":{"footnotes":""},"categories":[226],"tags":[],"global-categories":[],"class_list":["post-8127","post","type-post","status-publish","format-standard","has-post-thumbnail","hentry","category-ciekawostki"],"yoast_head":"<!-- This site is optimized with the Yoast SEO Premium plugin v25.3 (Yoast SEO v25.9) - https:\/\/yoast.com\/wordpress\/plugins\/seo\/ -->\n<title>Nikt jej nie chcia\u0142! Niesamowita historia \u017c\u00f3\u0142tej koszulki - \u0160koda We Love Cycling - Poland<\/title>\n<meta name=\"robots\" content=\"index, follow, max-snippet:-1, max-image-preview:large, max-video-preview:-1\" \/>\n<link rel=\"canonical\" href=\"https:\/\/www.welovecycling.com\/pl\/2018\/11\/22\/nikt-jej-nie-chcial-niesamowita-historia-zoltej-koszulki\/\" \/>\n<meta property=\"og:locale\" content=\"pl_PL\" \/>\n<meta property=\"og:type\" content=\"article\" \/>\n<meta property=\"og:title\" content=\"Nikt jej nie chcia\u0142! Niesamowita historia \u017c\u00f3\u0142tej koszulki\" \/>\n<meta property=\"og:description\" content=\"Kiedy\u015b wywo\u0142ywa\u0142a niech\u0119\u0107, a nawet obrzydzenie, a dzi\u015b to marzenie ka\u017cdego kolarza. \u017b\u00f3\u0142ta koszulka, najcenniejsze trofeum Tour de France, wkr\u00f3tce [&hellip;]\" \/>\n<meta property=\"og:url\" content=\"https:\/\/www.welovecycling.com\/pl\/2018\/11\/22\/nikt-jej-nie-chcial-niesamowita-historia-zoltej-koszulki\/\" \/>\n<meta property=\"og:site_name\" content=\"\u0160koda We Love Cycling - Poland\" \/>\n<meta property=\"article:published_time\" content=\"2018-11-22T18:46:16+00:00\" \/>\n<meta property=\"article:modified_time\" content=\"2018-11-23T08:58:48+00:00\" \/>\n<meta property=\"og:image\" content=\"https:\/\/d2p6e6u75xmxt8.cloudfront.net\/5\/2018\/11\/a60ec.jpg\" \/>\n\t<meta property=\"og:image:width\" content=\"2000\" \/>\n\t<meta property=\"og:image:height\" content=\"690\" \/>\n\t<meta property=\"og:image:type\" content=\"image\/jpeg\" \/>\n<meta name=\"author\" content=\"piotrboczkowski\" \/>\n<meta name=\"twitter:card\" content=\"summary_large_image\" \/>\n<meta name=\"twitter:label1\" content=\"Written by\" \/>\n\t<meta name=\"twitter:data1\" content=\"piotrboczkowski\" \/>\n\t<meta name=\"twitter:label2\" content=\"Est. reading time\" \/>\n\t<meta name=\"twitter:data2\" content=\"3 minutes\" \/>\n<script type=\"application\/ld+json\" class=\"yoast-schema-graph\">{\"@context\":\"https:\/\/schema.org\",\"@graph\":[{\"@type\":\"WebPage\",\"@id\":\"https:\/\/www.welovecycling.com\/pl\/2018\/11\/22\/nikt-jej-nie-chcial-niesamowita-historia-zoltej-koszulki\/\",\"url\":\"https:\/\/www.welovecycling.com\/pl\/2018\/11\/22\/nikt-jej-nie-chcial-niesamowita-historia-zoltej-koszulki\/\",\"name\":\"Nikt jej nie chcia\u0142! Niesamowita historia \u017c\u00f3\u0142tej koszulki - \u0160koda We Love Cycling - Poland\",\"isPartOf\":{\"@id\":\"https:\/\/www.welovecycling.com\/pl\/#website\"},\"primaryImageOfPage\":{\"@id\":\"https:\/\/www.welovecycling.com\/pl\/2018\/11\/22\/nikt-jej-nie-chcial-niesamowita-historia-zoltej-koszulki\/#primaryimage\"},\"image\":{\"@id\":\"https:\/\/www.welovecycling.com\/pl\/2018\/11\/22\/nikt-jej-nie-chcial-niesamowita-historia-zoltej-koszulki\/#primaryimage\"},\"thumbnailUrl\":\"https:\/\/d2p6e6u75xmxt8.cloudfront.net\/5\/2018\/11\/a60ec.jpg\",\"datePublished\":\"2018-11-22T18:46:16+00:00\",\"dateModified\":\"2018-11-23T08:58:48+00:00\",\"author\":{\"@id\":\"https:\/\/www.welovecycling.com\/pl\/#\/schema\/person\/0dba2d39da943db9df3fd8f4687e7f23\"},\"breadcrumb\":{\"@id\":\"https:\/\/www.welovecycling.com\/pl\/2018\/11\/22\/nikt-jej-nie-chcial-niesamowita-historia-zoltej-koszulki\/#breadcrumb\"},\"inLanguage\":\"pl-PL\",\"potentialAction\":[{\"@type\":\"ReadAction\",\"target\":[\"https:\/\/www.welovecycling.com\/pl\/2018\/11\/22\/nikt-jej-nie-chcial-niesamowita-historia-zoltej-koszulki\/\"]}]},{\"@type\":\"ImageObject\",\"inLanguage\":\"pl-PL\",\"@id\":\"https:\/\/www.welovecycling.com\/pl\/2018\/11\/22\/nikt-jej-nie-chcial-niesamowita-historia-zoltej-koszulki\/#primaryimage\",\"url\":\"https:\/\/d2p6e6u75xmxt8.cloudfront.net\/5\/2018\/11\/a60ec.jpg\",\"contentUrl\":\"https:\/\/d2p6e6u75xmxt8.cloudfront.net\/5\/2018\/11\/a60ec.jpg\",\"width\":2000,\"height\":690},{\"@type\":\"BreadcrumbList\",\"@id\":\"https:\/\/www.welovecycling.com\/pl\/2018\/11\/22\/nikt-jej-nie-chcial-niesamowita-historia-zoltej-koszulki\/#breadcrumb\",\"itemListElement\":[{\"@type\":\"ListItem\",\"position\":1,\"name\":\"Home\",\"item\":\"https:\/\/www.welovecycling.com\/pl\/\"},{\"@type\":\"ListItem\",\"position\":2,\"name\":\"Nikt jej nie chcia\u0142! Niesamowita historia \u017c\u00f3\u0142tej koszulki\"}]},{\"@type\":\"WebSite\",\"@id\":\"https:\/\/www.welovecycling.com\/pl\/#website\",\"url\":\"https:\/\/www.welovecycling.com\/pl\/\",\"name\":\"\u0160koda We Love Cycling - Poland\",\"description\":\"\",\"potentialAction\":[{\"@type\":\"SearchAction\",\"target\":{\"@type\":\"EntryPoint\",\"urlTemplate\":\"https:\/\/www.welovecycling.com\/pl\/?s={search_term_string}\"},\"query-input\":{\"@type\":\"PropertyValueSpecification\",\"valueRequired\":true,\"valueName\":\"search_term_string\"}}],\"inLanguage\":\"pl-PL\"},{\"@type\":\"Person\",\"@id\":\"https:\/\/www.welovecycling.com\/pl\/#\/schema\/person\/0dba2d39da943db9df3fd8f4687e7f23\",\"name\":\"piotrboczkowski\",\"image\":{\"@type\":\"ImageObject\",\"inLanguage\":\"pl-PL\",\"@id\":\"https:\/\/www.welovecycling.com\/pl\/#\/schema\/person\/image\/\",\"url\":\"https:\/\/secure.gravatar.com\/avatar\/533caccae14752e03a2ce2d3fd62d1b98b93e1393c3195c27819e53344ca1ace?s=96&d=mm&r=g\",\"contentUrl\":\"https:\/\/secure.gravatar.com\/avatar\/533caccae14752e03a2ce2d3fd62d1b98b93e1393c3195c27819e53344ca1ace?s=96&d=mm&r=g\",\"caption\":\"piotrboczkowski\"},\"url\":\"https:\/\/www.welovecycling.com\/pl\/author\/piotrboczkowski\/\"}]}<\/script>\n<!-- \/ Yoast SEO Premium plugin. -->","yoast_head_json":{"title":"Nikt jej nie chcia\u0142! Niesamowita historia \u017c\u00f3\u0142tej koszulki - \u0160koda We Love Cycling - Poland","robots":{"index":"index","follow":"follow","max-snippet":"max-snippet:-1","max-image-preview":"max-image-preview:large","max-video-preview":"max-video-preview:-1"},"canonical":"https:\/\/www.welovecycling.com\/pl\/2018\/11\/22\/nikt-jej-nie-chcial-niesamowita-historia-zoltej-koszulki\/","og_locale":"pl_PL","og_type":"article","og_title":"Nikt jej nie chcia\u0142! Niesamowita historia \u017c\u00f3\u0142tej koszulki","og_description":"Kiedy\u015b wywo\u0142ywa\u0142a niech\u0119\u0107, a nawet obrzydzenie, a dzi\u015b to marzenie ka\u017cdego kolarza. \u017b\u00f3\u0142ta koszulka, najcenniejsze trofeum Tour de France, wkr\u00f3tce [&hellip;]","og_url":"https:\/\/www.welovecycling.com\/pl\/2018\/11\/22\/nikt-jej-nie-chcial-niesamowita-historia-zoltej-koszulki\/","og_site_name":"\u0160koda We Love Cycling - Poland","article_published_time":"2018-11-22T18:46:16+00:00","article_modified_time":"2018-11-23T08:58:48+00:00","og_image":[{"width":2000,"height":690,"url":"https:\/\/d2p6e6u75xmxt8.cloudfront.net\/5\/2018\/11\/a60ec.jpg","type":"image\/jpeg"}],"author":"piotrboczkowski","twitter_card":"summary_large_image","twitter_misc":{"Written by":"piotrboczkowski","Est. reading time":"3 minutes"},"schema":{"@context":"https:\/\/schema.org","@graph":[{"@type":"WebPage","@id":"https:\/\/www.welovecycling.com\/pl\/2018\/11\/22\/nikt-jej-nie-chcial-niesamowita-historia-zoltej-koszulki\/","url":"https:\/\/www.welovecycling.com\/pl\/2018\/11\/22\/nikt-jej-nie-chcial-niesamowita-historia-zoltej-koszulki\/","name":"Nikt jej nie chcia\u0142! Niesamowita historia \u017c\u00f3\u0142tej koszulki - \u0160koda We Love Cycling - Poland","isPartOf":{"@id":"https:\/\/www.welovecycling.com\/pl\/#website"},"primaryImageOfPage":{"@id":"https:\/\/www.welovecycling.com\/pl\/2018\/11\/22\/nikt-jej-nie-chcial-niesamowita-historia-zoltej-koszulki\/#primaryimage"},"image":{"@id":"https:\/\/www.welovecycling.com\/pl\/2018\/11\/22\/nikt-jej-nie-chcial-niesamowita-historia-zoltej-koszulki\/#primaryimage"},"thumbnailUrl":"https:\/\/d2p6e6u75xmxt8.cloudfront.net\/5\/2018\/11\/a60ec.jpg","datePublished":"2018-11-22T18:46:16+00:00","dateModified":"2018-11-23T08:58:48+00:00","author":{"@id":"https:\/\/www.welovecycling.com\/pl\/#\/schema\/person\/0dba2d39da943db9df3fd8f4687e7f23"},"breadcrumb":{"@id":"https:\/\/www.welovecycling.com\/pl\/2018\/11\/22\/nikt-jej-nie-chcial-niesamowita-historia-zoltej-koszulki\/#breadcrumb"},"inLanguage":"pl-PL","potentialAction":[{"@type":"ReadAction","target":["https:\/\/www.welovecycling.com\/pl\/2018\/11\/22\/nikt-jej-nie-chcial-niesamowita-historia-zoltej-koszulki\/"]}]},{"@type":"ImageObject","inLanguage":"pl-PL","@id":"https:\/\/www.welovecycling.com\/pl\/2018\/11\/22\/nikt-jej-nie-chcial-niesamowita-historia-zoltej-koszulki\/#primaryimage","url":"https:\/\/d2p6e6u75xmxt8.cloudfront.net\/5\/2018\/11\/a60ec.jpg","contentUrl":"https:\/\/d2p6e6u75xmxt8.cloudfront.net\/5\/2018\/11\/a60ec.jpg","width":2000,"height":690},{"@type":"BreadcrumbList","@id":"https:\/\/www.welovecycling.com\/pl\/2018\/11\/22\/nikt-jej-nie-chcial-niesamowita-historia-zoltej-koszulki\/#breadcrumb","itemListElement":[{"@type":"ListItem","position":1,"name":"Home","item":"https:\/\/www.welovecycling.com\/pl\/"},{"@type":"ListItem","position":2,"name":"Nikt jej nie chcia\u0142! Niesamowita historia \u017c\u00f3\u0142tej koszulki"}]},{"@type":"WebSite","@id":"https:\/\/www.welovecycling.com\/pl\/#website","url":"https:\/\/www.welovecycling.com\/pl\/","name":"\u0160koda We Love Cycling - Poland","description":"","potentialAction":[{"@type":"SearchAction","target":{"@type":"EntryPoint","urlTemplate":"https:\/\/www.welovecycling.com\/pl\/?s={search_term_string}"},"query-input":{"@type":"PropertyValueSpecification","valueRequired":true,"valueName":"search_term_string"}}],"inLanguage":"pl-PL"},{"@type":"Person","@id":"https:\/\/www.welovecycling.com\/pl\/#\/schema\/person\/0dba2d39da943db9df3fd8f4687e7f23","name":"piotrboczkowski","image":{"@type":"ImageObject","inLanguage":"pl-PL","@id":"https:\/\/www.welovecycling.com\/pl\/#\/schema\/person\/image\/","url":"https:\/\/secure.gravatar.com\/avatar\/533caccae14752e03a2ce2d3fd62d1b98b93e1393c3195c27819e53344ca1ace?s=96&d=mm&r=g","contentUrl":"https:\/\/secure.gravatar.com\/avatar\/533caccae14752e03a2ce2d3fd62d1b98b93e1393c3195c27819e53344ca1ace?s=96&d=mm&r=g","caption":"piotrboczkowski"},"url":"https:\/\/www.welovecycling.com\/pl\/author\/piotrboczkowski\/"}]}},"_links":{"self":[{"href":"https:\/\/www.welovecycling.com\/pl\/wp-json\/wp\/v2\/posts\/8127","targetHints":{"allow":["GET"]}}],"collection":[{"href":"https:\/\/www.welovecycling.com\/pl\/wp-json\/wp\/v2\/posts"}],"about":[{"href":"https:\/\/www.welovecycling.com\/pl\/wp-json\/wp\/v2\/types\/post"}],"author":[{"embeddable":true,"href":"https:\/\/www.welovecycling.com\/pl\/wp-json\/wp\/v2\/users\/76"}],"replies":[{"embeddable":true,"href":"https:\/\/www.welovecycling.com\/pl\/wp-json\/wp\/v2\/comments?post=8127"}],"version-history":[{"count":2,"href":"https:\/\/www.welovecycling.com\/pl\/wp-json\/wp\/v2\/posts\/8127\/revisions"}],"predecessor-version":[{"id":8131,"href":"https:\/\/www.welovecycling.com\/pl\/wp-json\/wp\/v2\/posts\/8127\/revisions\/8131"}],"wp:featuredmedia":[{"embeddable":true,"href":"https:\/\/www.welovecycling.com\/pl\/wp-json\/wp\/v2\/media\/8128"}],"wp:attachment":[{"href":"https:\/\/www.welovecycling.com\/pl\/wp-json\/wp\/v2\/media?parent=8127"}],"wp:term":[{"taxonomy":"category","embeddable":true,"href":"https:\/\/www.welovecycling.com\/pl\/wp-json\/wp\/v2\/categories?post=8127"},{"taxonomy":"post_tag","embeddable":true,"href":"https:\/\/www.welovecycling.com\/pl\/wp-json\/wp\/v2\/tags?post=8127"},{"taxonomy":"global-categories","embeddable":true,"href":"https:\/\/www.welovecycling.com\/pl\/wp-json\/wp\/v2\/global-categories?post=8127"}],"curies":[{"name":"wp","href":"https:\/\/api.w.org\/{rel}","templated":true}]}}