{"id":8117,"date":"2018-11-21T16:34:05","date_gmt":"2018-11-21T16:34:05","guid":{"rendered":"https:\/\/www.welovecycling.com\/pl\/?p=8117"},"modified":"2018-11-22T08:44:28","modified_gmt":"2018-11-22T08:44:28","slug":"nasz-wybor-swiatel-rowerowych","status":"publish","type":"post","link":"https:\/\/www.welovecycling.com\/pl\/2018\/11\/21\/nasz-wybor-swiatel-rowerowych\/","title":{"rendered":"Nasz wyb\u00f3r \u015bwiate\u0142 rowerowych"},"content":{"rendered":"<p><strong>Zaczyna robi\u0107 si\u0119 zimno i ciemno, a ty u\u015bwiadomi\u0142e\u015b sobie w\u0142a\u015bnie, \u017ce rower, kt\u00f3ry kupi\u0142e\u015b w maju, nie ma \u015bwiate\u0142. Przedstawiamy zatem wyb\u00f3r lamp rowerowych, kt\u00f3re warto rozwa\u017cy\u0107 tej zimy.<\/strong><\/p>\n<p><strong>B\u0105d\u017a widoczny<\/strong><\/p>\n<p>Je\u015bli je\u017adzisz po dobrze o\u015bwietlonych miejskich drogach, wystarcz\u0105 ci \u015bwiat\u0142a migaj\u0105ce \u2013 gor\u0105co polecam <a href=\"http:\/\/www.wiggle.co.uk\/knog-light-blinder-mini-dot-twinpack\/?lang=en&amp;curr=GBP&amp;dest=1&amp;sku=100314224&amp;kpid=100314224&amp;utm_source=google&amp;utm_term=&amp;utm_campaign=Shopping+-+All+Products&amp;utm_medium=base&amp;utm_content=mckv|sBFpSDWLK_dc|mcrid|295269794859|mkw||mmt||mrd|100314224uk|mslid||&amp;mkwid=sBFpSDWLK_dc&amp;pcrid=295269794859&amp;prd=100314224uk&amp;pgrid=64996676331&amp;ptaid=pla-522612204365\">Knog blinders<\/a> zar\u00f3wno na prz\u00f3d, jak i na ty\u0142 roweru. S\u0105 warte swojej ceny, a LED-owe \u015bwiat\u0142o jest dostatecznie jasne, by samochody widzia\u0142y ci\u0119 z daleka. Do tego \u0142aduje si\u0119 je przez USB. Knog znalaz\u0142 jednak element, kt\u00f3ry mo\u017cna jeszcze poprawi\u0107.<\/p>\n<div class=\"embed-controller-wrapper\">\n<div class=\"embed-wrapper\"><iframe title=\"Knog Plus Light\" data-src=\"https:\/\/player.vimeo.com\/video\/262937314?dnt=1&amp;app_id=122963\" width=\"500\" height=\"281\" frameborder=\"0\" allow=\"autoplay; fullscreen; picture-in-picture; clipboard-write\"><\/iframe><\/div>\n<\/div>\n<p>Zawsze by\u0142em zdania, \u017ce najs\u0142abszym punktem lampek marki Knog by\u0142y elastyczne paski mocuj\u0105ce. S\u0142u\u017cy\u0142y dobrze, p\u00f3ki si\u0119 nie zepsu\u0142y od ci\u0105g\u0142ego przyczepiania do ramy i odczepiania od niej. Nowy system oparty na magnesach zosta\u0142 z pewno\u015bci\u0105 zaprojektowany w\u0142a\u015bnie po to, by unikn\u0105\u0107 tego problemu i jeszcze bardziej zwi\u0119kszy\u0107 wygod\u0119 u\u017cytkowania, co, jak wie ka\u017cdy posiadacz Knog\u00f3w, jest sporym osi\u0105gni\u0119ciem.<\/p>\n<p><strong>O\u015bwietl sobie drog\u0119<\/strong><\/p>\n<p>Niedawno, podczas urlopu w wiejskich rejonach stanu Vermont, ponownie odkry\u0142em, jak przydatne s\u0105 \u015bwiat\u0142a <a href=\"https:\/\/www.cateye.com\/intl\/\">Cateyes<\/a>. Lampy drogowe nie s\u0105 tam tak powszechne jak w mojej rodzinnej Anglii, wi\u0119c szybko nauczy\u0142em si\u0119 docenia\u0107 mo\u017cliwo\u015b\u0107 widzenia, po czym jad\u0119, zw\u0142aszcza \u017ce by\u0142y to drogi wystawione na dzia\u0142anie ekstremalnej pogody, kt\u00f3ra wyst\u0119puje w Nowej Anglii.<\/p>\n<div class=\"embed-controller-wrapper\">\n<div class=\"embed-wrapper\"><iframe title=\"CATEYE Volt 6000 | Super helle LED Offroad Beleuchtung\" width=\"500\" height=\"281\" data-src=\"https:\/\/www.youtube.com\/embed\/5toVhjc7YUQ?feature=oembed\" frameborder=\"0\" allow=\"accelerometer; autoplay; clipboard-write; encrypted-media; gyroscope; picture-in-picture; web-share\" referrerpolicy=\"strict-origin-when-cross-origin\" allowfullscreen><\/iframe><\/div>\n<\/div>\n<p>Cateye Volt 6000 potrafi \u015bwieci\u0107 ja\u015bniej ni\u017c zwyk\u0142e \u015bwiat\u0142a samochodowe przy 6000 lumenach, ale nawet przy ni\u017cszych ustawieniach poka\u017ce ci dziury w drodze czy wystaj\u0105ce korzenie z takiej odleg\u0142o\u015bci, \u017ce zd\u0105\u017cysz si\u0119 na nie przygotowa\u0107. Pami\u0119taj tylko o uczestnikach ruchu jad\u0105cych z naprzeciwka i b\u0105d\u017a gotowy, by czasem obni\u017cy\u0107 swoje \u015bwiat\u0142a.<\/p>\n<p><strong>B\u0105d\u017a inteligentny<\/strong><\/p>\n<p><a href=\"https:\/\/seesense.cc\/collections\/shop\">See.Sense<\/a>\u00a0to \u015bwiat\u0142a tak inteligentne, \u017ce by\u0142y wystawiane w London Design Museum i maj\u0105 wsparcie Brytyjskiego Zwi\u0105zku Kolarskiego (British Cycling). Pochodz\u0105cy z Irlandii P\u00f3\u0142nocnej producent tych lamp tak\u017ce jest inteligentny \u2013 w angielskim Manchesterze obni\u017cy\u0142 cen\u0119 z 79.99 do 10 funt\u00f3w dla u\u017cytkownik\u00f3w testowych, kt\u00f3rzy\u00a0<a href=\"https:\/\/www.youtube.com\/watch?v=2LiS3tGTRCo\">pomogli stworzy\u0107 map\u0119 miasta<\/a>.<\/p>\n<div class=\"embed-controller-wrapper\">\n<div class=\"embed-wrapper\"><iframe title=\"See.Sense ACE - The bike light with a big vision\" width=\"500\" height=\"281\" data-src=\"https:\/\/www.youtube.com\/embed\/t1H7p3mwZ-g?feature=oembed\" frameborder=\"0\" allow=\"accelerometer; autoplay; clipboard-write; encrypted-media; gyroscope; picture-in-picture; web-share\" referrerpolicy=\"strict-origin-when-cross-origin\" allowfullscreen><\/iframe><\/div>\n<\/div>\n<p>Inteligentne \u015bwiat\u0142a potrafi\u0105 ustali\u0107, jak szybko jedziesz, i dopasowa\u0107 do tego swoj\u0105 jasno\u015b\u0107 oraz spos\u00f3b migania. Dostosowuj\u0105 si\u0119 tak\u017ce do poziomu o\u015bwietlenia otoczenia, a nawet do rodzaju terenu, po kt\u00f3rym jedziesz. S\u0105 te\u017c wodoodporne przy zanurzeniu do 1 metra, co mo\u017ce by\u0107 przydatne dla nocnych triatlonist\u00f3w.<\/p>\n<p><strong>Spersonalizuj swoje szprychy i widelce <\/strong><\/p>\n<p>Nie ma nic z\u0142ego w odrobinie \u015bwiecide\u0142ek i innych dodatkowych element\u00f3w, kiedy chcesz by\u0107 widzianym. Upewnij si\u0119 tylko, \u017ce znasz przepisy swojego pa\u0144stwa dotycz\u0105ce \u015bwiate\u0142 rowerowych \u2013 w Niemczech na przyk\u0142ad <a href=\"http:\/\/bicyclegermany.com\/german_bicycle_laws.html\">\u015bwiat\u0142o przednie nie mo\u017ce miga\u0107<\/a>. Ca\u0142kiem podoba mi si\u0119 rosn\u0105ca moda na \u015bwiate\u0142ka na widelcach, zar\u00f3wno przy rowerach g\u00f3rskich, jak i szos\u00f3wkach.<\/p>\n<div class=\"embed-controller-wrapper\">\n<div class=\"embed-wrapper\"><iframe title=\"LED Bike fork lights\" width=\"500\" height=\"281\" data-src=\"https:\/\/www.youtube.com\/embed\/AZfycH_q-9g?feature=oembed\" frameborder=\"0\" allow=\"accelerometer; autoplay; clipboard-write; encrypted-media; gyroscope; picture-in-picture; web-share\" referrerpolicy=\"strict-origin-when-cross-origin\" allowfullscreen><\/iframe><\/div>\n<\/div>\n<p>Dzi\u0119ki \u015bwiate\u0142kom na szprychach mo\u017cesz znacznie poprawi\u0107 swoj\u0105 widoczno\u015b\u0107 z boku, a\u00a0<a href=\"https:\/\/www.monkeylectric.com\/\">MonkeyLectric<\/a>\u00a0wiod\u0105 prym na tym polu. Jako \u017ce zbli\u017ca si\u0119 zima, dobrze wiedzie\u0107, \u017ce zosta\u0142y przetestowane w ciek\u0142ym azocie \u2013 a\u017c do -196 \u00b0C. Do\u015b\u0107 powiedzie\u0107, \u017ce te skurczybyki s\u0105 wodoodporne i niestraszny im \u015bnieg.<\/p>\n<div class=\"embed-controller-wrapper\">\n<div class=\"embed-wrapper\"><iframe title=\"LED Bicycle Lights\" width=\"500\" height=\"281\" data-src=\"https:\/\/www.youtube.com\/embed\/40ghSPtKE3g?feature=oembed\" frameborder=\"0\" allow=\"accelerometer; autoplay; clipboard-write; encrypted-media; gyroscope; picture-in-picture; web-share\" referrerpolicy=\"strict-origin-when-cross-origin\" allowfullscreen><\/iframe><\/div>\n<\/div>\n<p><a href=\"https:\/\/www.welovecycling.com\/wide\/tag\/bicycle-lights\/\">\u015awiat\u0142a rowerowe<\/a> <a href=\"https:\/\/www.welovecycling.com\/wide\/tag\/cateye-volt-6000\/\">Cateye Volt 6000<\/a> <a href=\"https:\/\/www.welovecycling.com\/wide\/tag\/knog-plus-light\/\">Knog Plus Light<\/a> <a href=\"https:\/\/www.welovecycling.com\/wide\/tag\/led-bicycle-lights\/\">LED-owe lampy rowerowe<\/a> <a href=\"https:\/\/www.welovecycling.com\/wide\/tag\/led-bike-fork-lights\/\">LED-owe lampy na widelce<\/a> <a href=\"https:\/\/www.welovecycling.com\/wide\/tag\/see-sense\/\">See.Sense<\/a><\/p>\n<p>&nbsp;<\/p>\n","protected":false},"excerpt":{"rendered":"<p>Zaczyna robi\u0107 si\u0119 zimno i ciemno, a ty u\u015bwiadomi\u0142e\u015b sobie w\u0142a\u015bnie, \u017ce rower, kt\u00f3ry kupi\u0142e\u015b w maju, nie ma \u015bwiate\u0142. [&hellip;]<\/p>\n","protected":false},"author":76,"featured_media":8118,"comment_status":"open","ping_status":"open","sticky":false,"template":"","format":"standard","meta":{"footnotes":""},"categories":[226,299],"tags":[],"global-categories":[],"class_list":["post-8117","post","type-post","status-publish","format-standard","has-post-thumbnail","hentry","category-ciekawostki","category-jesien"],"yoast_head":"<!-- This site is optimized with the Yoast SEO Premium plugin v25.3 (Yoast SEO v25.9) - https:\/\/yoast.com\/wordpress\/plugins\/seo\/ -->\n<title>Nasz wyb\u00f3r \u015bwiate\u0142 rowerowych - \u0160koda We Love Cycling - Poland<\/title>\n<meta name=\"robots\" content=\"index, follow, max-snippet:-1, max-image-preview:large, max-video-preview:-1\" \/>\n<link rel=\"canonical\" href=\"https:\/\/www.welovecycling.com\/pl\/2018\/11\/21\/nasz-wybor-swiatel-rowerowych\/\" \/>\n<meta property=\"og:locale\" content=\"pl_PL\" \/>\n<meta property=\"og:type\" content=\"article\" \/>\n<meta property=\"og:title\" content=\"Nasz wyb\u00f3r \u015bwiate\u0142 rowerowych\" \/>\n<meta property=\"og:description\" content=\"Zaczyna robi\u0107 si\u0119 zimno i ciemno, a ty u\u015bwiadomi\u0142e\u015b sobie w\u0142a\u015bnie, \u017ce rower, kt\u00f3ry kupi\u0142e\u015b w maju, nie ma \u015bwiate\u0142. [&hellip;]\" \/>\n<meta property=\"og:url\" content=\"https:\/\/www.welovecycling.com\/pl\/2018\/11\/21\/nasz-wybor-swiatel-rowerowych\/\" \/>\n<meta property=\"og:site_name\" content=\"\u0160koda We Love Cycling - Poland\" \/>\n<meta property=\"article:published_time\" content=\"2018-11-21T16:34:05+00:00\" \/>\n<meta property=\"article:modified_time\" content=\"2018-11-22T08:44:28+00:00\" \/>\n<meta property=\"og:image\" content=\"https:\/\/d2p6e6u75xmxt8.cloudfront.net\/5\/2018\/11\/See-Sense-CVR-1024x450.jpg\" \/>\n\t<meta property=\"og:image:width\" content=\"1024\" \/>\n\t<meta property=\"og:image:height\" content=\"450\" \/>\n\t<meta property=\"og:image:type\" content=\"image\/jpeg\" \/>\n<meta name=\"author\" content=\"piotrboczkowski\" \/>\n<meta name=\"twitter:card\" content=\"summary_large_image\" \/>\n<meta name=\"twitter:label1\" content=\"Written by\" \/>\n\t<meta name=\"twitter:data1\" content=\"Christopher Ashley\" \/>\n\t<meta name=\"twitter:label2\" content=\"Est. reading time\" \/>\n\t<meta name=\"twitter:data2\" content=\"5\" \/>\n<script type=\"application\/ld+json\" class=\"yoast-schema-graph\">{\"@context\":\"https:\/\/schema.org\",\"@graph\":[{\"@type\":\"WebPage\",\"@id\":\"https:\/\/www.welovecycling.com\/pl\/2018\/11\/21\/nasz-wybor-swiatel-rowerowych\/\",\"url\":\"https:\/\/www.welovecycling.com\/pl\/2018\/11\/21\/nasz-wybor-swiatel-rowerowych\/\",\"name\":\"Nasz wyb\u00f3r \u015bwiate\u0142 rowerowych - \u0160koda We Love Cycling - Poland\",\"isPartOf\":{\"@id\":\"https:\/\/www.welovecycling.com\/pl\/#website\"},\"primaryImageOfPage\":{\"@id\":\"https:\/\/www.welovecycling.com\/pl\/2018\/11\/21\/nasz-wybor-swiatel-rowerowych\/#primaryimage\"},\"image\":{\"@id\":\"https:\/\/www.welovecycling.com\/pl\/2018\/11\/21\/nasz-wybor-swiatel-rowerowych\/#primaryimage\"},\"thumbnailUrl\":\"https:\/\/d2p6e6u75xmxt8.cloudfront.net\/5\/2018\/11\/See-Sense-CVR-1024x450.jpg\",\"datePublished\":\"2018-11-21T16:34:05+00:00\",\"dateModified\":\"2018-11-22T08:44:28+00:00\",\"author\":{\"@id\":\"https:\/\/www.welovecycling.com\/pl\/#\/schema\/person\/0dba2d39da943db9df3fd8f4687e7f23\"},\"breadcrumb\":{\"@id\":\"https:\/\/www.welovecycling.com\/pl\/2018\/11\/21\/nasz-wybor-swiatel-rowerowych\/#breadcrumb\"},\"inLanguage\":\"pl-PL\",\"potentialAction\":[{\"@type\":\"ReadAction\",\"target\":[\"https:\/\/www.welovecycling.com\/pl\/2018\/11\/21\/nasz-wybor-swiatel-rowerowych\/\"]}]},{\"@type\":\"ImageObject\",\"inLanguage\":\"pl-PL\",\"@id\":\"https:\/\/www.welovecycling.com\/pl\/2018\/11\/21\/nasz-wybor-swiatel-rowerowych\/#primaryimage\",\"url\":\"https:\/\/d2p6e6u75xmxt8.cloudfront.net\/5\/2018\/11\/See-Sense-CVR-1024x450.jpg\",\"contentUrl\":\"https:\/\/d2p6e6u75xmxt8.cloudfront.net\/5\/2018\/11\/See-Sense-CVR-1024x450.jpg\",\"width\":1024,\"height\":450},{\"@type\":\"BreadcrumbList\",\"@id\":\"https:\/\/www.welovecycling.com\/pl\/2018\/11\/21\/nasz-wybor-swiatel-rowerowych\/#breadcrumb\",\"itemListElement\":[{\"@type\":\"ListItem\",\"position\":1,\"name\":\"Home\",\"item\":\"https:\/\/www.welovecycling.com\/pl\/\"},{\"@type\":\"ListItem\",\"position\":2,\"name\":\"Nasz wyb\u00f3r \u015bwiate\u0142 rowerowych\"}]},{\"@type\":\"WebSite\",\"@id\":\"https:\/\/www.welovecycling.com\/pl\/#website\",\"url\":\"https:\/\/www.welovecycling.com\/pl\/\",\"name\":\"\u0160koda We Love Cycling - Poland\",\"description\":\"\",\"potentialAction\":[{\"@type\":\"SearchAction\",\"target\":{\"@type\":\"EntryPoint\",\"urlTemplate\":\"https:\/\/www.welovecycling.com\/pl\/?s={search_term_string}\"},\"query-input\":{\"@type\":\"PropertyValueSpecification\",\"valueRequired\":true,\"valueName\":\"search_term_string\"}}],\"inLanguage\":\"pl-PL\"},{\"@type\":\"Person\",\"@id\":\"https:\/\/www.welovecycling.com\/pl\/#\/schema\/person\/0dba2d39da943db9df3fd8f4687e7f23\",\"name\":\"piotrboczkowski\",\"image\":{\"@type\":\"ImageObject\",\"inLanguage\":\"pl-PL\",\"@id\":\"https:\/\/www.welovecycling.com\/pl\/#\/schema\/person\/image\/\",\"url\":\"https:\/\/secure.gravatar.com\/avatar\/533caccae14752e03a2ce2d3fd62d1b98b93e1393c3195c27819e53344ca1ace?s=96&d=mm&r=g\",\"contentUrl\":\"https:\/\/secure.gravatar.com\/avatar\/533caccae14752e03a2ce2d3fd62d1b98b93e1393c3195c27819e53344ca1ace?s=96&d=mm&r=g\",\"caption\":\"piotrboczkowski\"},\"url\":\"https:\/\/www.welovecycling.com\/pl\/author\/piotrboczkowski\/\"}]}<\/script>\n<!-- \/ Yoast SEO Premium plugin. -->","yoast_head_json":{"title":"Nasz wyb\u00f3r \u015bwiate\u0142 rowerowych - \u0160koda We Love Cycling - Poland","robots":{"index":"index","follow":"follow","max-snippet":"max-snippet:-1","max-image-preview":"max-image-preview:large","max-video-preview":"max-video-preview:-1"},"canonical":"https:\/\/www.welovecycling.com\/pl\/2018\/11\/21\/nasz-wybor-swiatel-rowerowych\/","og_locale":"pl_PL","og_type":"article","og_title":"Nasz wyb\u00f3r \u015bwiate\u0142 rowerowych","og_description":"Zaczyna robi\u0107 si\u0119 zimno i ciemno, a ty u\u015bwiadomi\u0142e\u015b sobie w\u0142a\u015bnie, \u017ce rower, kt\u00f3ry kupi\u0142e\u015b w maju, nie ma \u015bwiate\u0142. [&hellip;]","og_url":"https:\/\/www.welovecycling.com\/pl\/2018\/11\/21\/nasz-wybor-swiatel-rowerowych\/","og_site_name":"\u0160koda We Love Cycling - Poland","article_published_time":"2018-11-21T16:34:05+00:00","article_modified_time":"2018-11-22T08:44:28+00:00","og_image":[{"width":1024,"height":450,"url":"https:\/\/d2p6e6u75xmxt8.cloudfront.net\/5\/2018\/11\/See-Sense-CVR-1024x450.jpg","type":"image\/jpeg"}],"author":"piotrboczkowski","twitter_card":"summary_large_image","twitter_misc":{"Written by":"Christopher Ashley","Est. reading time":"5"},"schema":{"@context":"https:\/\/schema.org","@graph":[{"@type":"WebPage","@id":"https:\/\/www.welovecycling.com\/pl\/2018\/11\/21\/nasz-wybor-swiatel-rowerowych\/","url":"https:\/\/www.welovecycling.com\/pl\/2018\/11\/21\/nasz-wybor-swiatel-rowerowych\/","name":"Nasz wyb\u00f3r \u015bwiate\u0142 rowerowych - \u0160koda We Love Cycling - Poland","isPartOf":{"@id":"https:\/\/www.welovecycling.com\/pl\/#website"},"primaryImageOfPage":{"@id":"https:\/\/www.welovecycling.com\/pl\/2018\/11\/21\/nasz-wybor-swiatel-rowerowych\/#primaryimage"},"image":{"@id":"https:\/\/www.welovecycling.com\/pl\/2018\/11\/21\/nasz-wybor-swiatel-rowerowych\/#primaryimage"},"thumbnailUrl":"https:\/\/d2p6e6u75xmxt8.cloudfront.net\/5\/2018\/11\/See-Sense-CVR-1024x450.jpg","datePublished":"2018-11-21T16:34:05+00:00","dateModified":"2018-11-22T08:44:28+00:00","author":{"@id":"https:\/\/www.welovecycling.com\/pl\/#\/schema\/person\/0dba2d39da943db9df3fd8f4687e7f23"},"breadcrumb":{"@id":"https:\/\/www.welovecycling.com\/pl\/2018\/11\/21\/nasz-wybor-swiatel-rowerowych\/#breadcrumb"},"inLanguage":"pl-PL","potentialAction":[{"@type":"ReadAction","target":["https:\/\/www.welovecycling.com\/pl\/2018\/11\/21\/nasz-wybor-swiatel-rowerowych\/"]}]},{"@type":"ImageObject","inLanguage":"pl-PL","@id":"https:\/\/www.welovecycling.com\/pl\/2018\/11\/21\/nasz-wybor-swiatel-rowerowych\/#primaryimage","url":"https:\/\/d2p6e6u75xmxt8.cloudfront.net\/5\/2018\/11\/See-Sense-CVR-1024x450.jpg","contentUrl":"https:\/\/d2p6e6u75xmxt8.cloudfront.net\/5\/2018\/11\/See-Sense-CVR-1024x450.jpg","width":1024,"height":450},{"@type":"BreadcrumbList","@id":"https:\/\/www.welovecycling.com\/pl\/2018\/11\/21\/nasz-wybor-swiatel-rowerowych\/#breadcrumb","itemListElement":[{"@type":"ListItem","position":1,"name":"Home","item":"https:\/\/www.welovecycling.com\/pl\/"},{"@type":"ListItem","position":2,"name":"Nasz wyb\u00f3r \u015bwiate\u0142 rowerowych"}]},{"@type":"WebSite","@id":"https:\/\/www.welovecycling.com\/pl\/#website","url":"https:\/\/www.welovecycling.com\/pl\/","name":"\u0160koda We Love Cycling - Poland","description":"","potentialAction":[{"@type":"SearchAction","target":{"@type":"EntryPoint","urlTemplate":"https:\/\/www.welovecycling.com\/pl\/?s={search_term_string}"},"query-input":{"@type":"PropertyValueSpecification","valueRequired":true,"valueName":"search_term_string"}}],"inLanguage":"pl-PL"},{"@type":"Person","@id":"https:\/\/www.welovecycling.com\/pl\/#\/schema\/person\/0dba2d39da943db9df3fd8f4687e7f23","name":"piotrboczkowski","image":{"@type":"ImageObject","inLanguage":"pl-PL","@id":"https:\/\/www.welovecycling.com\/pl\/#\/schema\/person\/image\/","url":"https:\/\/secure.gravatar.com\/avatar\/533caccae14752e03a2ce2d3fd62d1b98b93e1393c3195c27819e53344ca1ace?s=96&d=mm&r=g","contentUrl":"https:\/\/secure.gravatar.com\/avatar\/533caccae14752e03a2ce2d3fd62d1b98b93e1393c3195c27819e53344ca1ace?s=96&d=mm&r=g","caption":"piotrboczkowski"},"url":"https:\/\/www.welovecycling.com\/pl\/author\/piotrboczkowski\/"}]}},"_links":{"self":[{"href":"https:\/\/www.welovecycling.com\/pl\/wp-json\/wp\/v2\/posts\/8117","targetHints":{"allow":["GET"]}}],"collection":[{"href":"https:\/\/www.welovecycling.com\/pl\/wp-json\/wp\/v2\/posts"}],"about":[{"href":"https:\/\/www.welovecycling.com\/pl\/wp-json\/wp\/v2\/types\/post"}],"author":[{"embeddable":true,"href":"https:\/\/www.welovecycling.com\/pl\/wp-json\/wp\/v2\/users\/76"}],"replies":[{"embeddable":true,"href":"https:\/\/www.welovecycling.com\/pl\/wp-json\/wp\/v2\/comments?post=8117"}],"version-history":[{"count":2,"href":"https:\/\/www.welovecycling.com\/pl\/wp-json\/wp\/v2\/posts\/8117\/revisions"}],"predecessor-version":[{"id":8121,"href":"https:\/\/www.welovecycling.com\/pl\/wp-json\/wp\/v2\/posts\/8117\/revisions\/8121"}],"wp:featuredmedia":[{"embeddable":true,"href":"https:\/\/www.welovecycling.com\/pl\/wp-json\/wp\/v2\/media\/8118"}],"wp:attachment":[{"href":"https:\/\/www.welovecycling.com\/pl\/wp-json\/wp\/v2\/media?parent=8117"}],"wp:term":[{"taxonomy":"category","embeddable":true,"href":"https:\/\/www.welovecycling.com\/pl\/wp-json\/wp\/v2\/categories?post=8117"},{"taxonomy":"post_tag","embeddable":true,"href":"https:\/\/www.welovecycling.com\/pl\/wp-json\/wp\/v2\/tags?post=8117"},{"taxonomy":"global-categories","embeddable":true,"href":"https:\/\/www.welovecycling.com\/pl\/wp-json\/wp\/v2\/global-categories?post=8117"}],"curies":[{"name":"wp","href":"https:\/\/api.w.org\/{rel}","templated":true}]}}