{"id":8110,"date":"2018-11-20T09:03:07","date_gmt":"2018-11-20T09:03:07","guid":{"rendered":"https:\/\/www.welovecycling.com\/pl\/?p=8110"},"modified":"2018-11-21T15:11:30","modified_gmt":"2018-11-21T15:11:30","slug":"jazda-jesienia-i-zima-wybory","status":"publish","type":"post","link":"https:\/\/www.welovecycling.com\/pl\/2018\/11\/20\/jazda-jesienia-i-zima-wybory\/","title":{"rendered":"Jazda jesieni\u0105 i zim\u0105 \u2013 wybory\u2026"},"content":{"rendered":"<p><strong>Co \u0142\u0105czy kolarzy szosowych, g\u00f3rskich i fan\u00f3w BMX-\u00f3w? Pokonywanie trasy zim\u0105 \u2013 jak twardziele. Poni\u017cej gar\u015b\u0107 informacji o rowerach, kt\u00f3re pomog\u0105 Ci w tych przemarzni\u0119tych podbojach\u2026<\/strong><\/p>\n<p><strong>Brud i b\u0142oto<\/strong><\/p>\n<p>Niewa\u017cne, czy poruszasz si\u0119 w terenie, czy po g\u0142adkim asfalcie \u2013 ka\u017cda mokra nawierzchnia wi\u0105\u017ce si\u0119 z ryzykiem korozji dla ramy i \u0142a\u0144cucha. Poni\u017cszy film pokazuje, jak przygotowa\u0107 rower g\u00f3rski na zim\u0119.<\/p>\n<div class=\"embed-controller-wrapper\">\n<div class=\"embed-wrapper\"><iframe title=\"How To Prepare Your Bike For Winter | Mountain Bike Maintenance\" width=\"500\" height=\"281\" data-src=\"https:\/\/www.youtube.com\/embed\/RPPEYV2Zkhg?feature=oembed\" frameborder=\"0\" allow=\"accelerometer; autoplay; clipboard-write; encrypted-media; gyroscope; picture-in-picture; web-share\" referrerpolicy=\"strict-origin-when-cross-origin\" allowfullscreen><\/iframe><\/div>\n<\/div>\n<p>Je\u015bli wolisz asfaltowe podboje, zasada jest podobna \u2013 s\u00f3l na drodze r\u00f3wnie\u017c mo\u017ce zaszkodzi\u0107 cz\u0119\u015bciom Twojego roweru. Ch\u0142\u00f3d, zima\u2026 W\u0105\u017c ogrodowy wystarczy, by pozby\u0107 si\u0119 brudu, kt\u00f3ry w przysz\u0142o\u015bci zepsu\u0142by \u0142a\u0144cuch.<\/p>\n<p><strong>Przyczepno\u015b\u0107<\/strong><\/p>\n<p>Panuje b\u0142\u0119dne przekonanie, \u017ce opony o g\u0142\u0119bszym bie\u017cniku zawsze daj\u0105 lepsz\u0105 przyczepno\u015b\u0107 \u2013 niestety tak nie jest. W rzeczywisto\u015bci taki bie\u017cnik nie daje \u017cadnej przewagi na asfalcie, a jedynie na b\u0142ocie i nier\u00f3wnym terenie. Na g\u0142adkiej i mokrej nawierzchni kr\u00f3luj\u0105 opony z mniejszym bie\u017cnikiem. Pomy\u015bl o tym nast\u0119pnym razem.<\/p>\n<div class=\"embed-controller-wrapper\">\n<div class=\"embed-wrapper\"><iframe title=\"How to Choose Mountain Bike Tires - Simple 6 Step Guide\" width=\"500\" height=\"281\" data-src=\"https:\/\/www.youtube.com\/embed\/RwDETrTUI4c?feature=oembed\" frameborder=\"0\" allow=\"accelerometer; autoplay; clipboard-write; encrypted-media; gyroscope; picture-in-picture; web-share\" referrerpolicy=\"strict-origin-when-cross-origin\" allowfullscreen><\/iframe><\/div>\n<\/div>\n<p><strong>Kolce = bezpiecze\u0144stwo<\/strong><\/p>\n<p>Je\u015bli spojrzysz na typow\u0105 opon\u0119 samochodow\u0105 od frontu, zauwa\u017cysz na pewno, \u017ce ma ona prostok\u0105tny kontur. Jest tak dlatego, \u017ce samochody maj\u0105 cztery ko\u0142a, kt\u00f3re nie pochylaj\u0105 si\u0119 przy wchodzeniu w zakr\u0119ty. W przypadku rower\u00f3w jest inaczej \u2013 dlatego kolce poprawiaj\u0105 bezpiecze\u0144stwo jazdy na grubej i zwartej pokrywie \u015bnie\u017cnej. Nawet wtedy trzeba by\u0107 jednak ostro\u017cnym\u2026<\/p>\n<div class=\"embed-controller-wrapper\">\n<div class=\"embed-wrapper\"><iframe title=\"Winter Cycling Snow Studded Tires Tyres Ice Cycle Night Commute BikeBlogger\" width=\"500\" height=\"281\" data-src=\"https:\/\/www.youtube.com\/embed\/bGU5Be-V5ek?feature=oembed\" frameborder=\"0\" allow=\"accelerometer; autoplay; clipboard-write; encrypted-media; gyroscope; picture-in-picture; web-share\" referrerpolicy=\"strict-origin-when-cross-origin\" allowfullscreen><\/iframe><\/div>\n<\/div>\n<p>Zaokr\u0105glony profil opon zapewnia pojazdom dwuko\u0142owym lepsz\u0105 przyczepno\u015b\u0107. Na zimniejsz\u0105 pogod\u0119 warto wybra\u0107 mniejsze opony albo napompowa\u0107 jakie\u015b grubsze do maksymalnego ci\u015bnienia. Dzi\u0119ki temu kolce pozwol\u0105 Ci na przemierzanie o\u015bnie\u017conego terenu ze znacznie wi\u0119ksz\u0105 pr\u0119dko\u015bci\u0105.<\/p>\n<p><strong>Zmienne warunki<\/strong><\/p>\n<p>Wraz z przemijaniem jesieni i nastaniem zimy warunki staj\u0105 si\u0119 naprawd\u0119 niebezpieczne. Czasem konieczne b\u0119dzie zapoznanie si\u0119 z prognoz\u0105 pogody przed wypraw\u0105. Oblodzona nawierzchnia? S\u0142oneczny poranek i mokry asfalt przy mro\u017anym powietrzu? Jest na to rozwi\u0105zanie.<\/p>\n<div class=\"embed-controller-wrapper\">\n<div class=\"embed-wrapper\"><iframe title=\"Funded Today Presents \ud83c\udfac reTyre ONE Bicycle Tire\" width=\"500\" height=\"281\" data-src=\"https:\/\/www.youtube.com\/embed\/3Bh4_rniAms?feature=oembed\" frameborder=\"0\" allow=\"accelerometer; autoplay; clipboard-write; encrypted-media; gyroscope; picture-in-picture; web-share\" referrerpolicy=\"strict-origin-when-cross-origin\" allowfullscreen><\/iframe><\/div>\n<\/div>\n<p>Przewa\u017cnie nie jestem fanem projekt\u00f3w z Kickstartera, ale szczerze ciesz\u0119 si\u0119, \u017ce wci\u0105\u017c s\u0105 ludzie, kt\u00f3rym zale\u017cy na rozwi\u0105zaniu najwi\u0119kszego problemu kolarzy. Kto z nas nie chcia\u0142 cho\u0107 raz w \u017cyciu zawr\u00f3ci\u0107 w po\u0142owie trasy i przesi\u0105\u015b\u0107 si\u0119 na inny rower? A to jest problem, kt\u00f3ry dotyka nas tylko zim\u0105\u2026 Prawda?<\/p>\n","protected":false},"excerpt":{"rendered":"<p>Co \u0142\u0105czy kolarzy szosowych, g\u00f3rskich i fan\u00f3w BMX-\u00f3w? Pokonywanie trasy zim\u0105 \u2013 jak twardziele. Poni\u017cej gar\u015b\u0107 informacji o rowerach, kt\u00f3re [&hellip;]<\/p>\n","protected":false},"author":76,"featured_media":8116,"comment_status":"open","ping_status":"open","sticky":false,"template":"","format":"standard","meta":{"footnotes":""},"categories":[226],"tags":[],"global-categories":[],"class_list":["post-8110","post","type-post","status-publish","format-standard","has-post-thumbnail","hentry","category-ciekawostki"],"yoast_head":"<!-- This site is optimized with the Yoast SEO Premium plugin v25.3 (Yoast SEO v25.9) - https:\/\/yoast.com\/wordpress\/plugins\/seo\/ -->\n<title>Jazda jesieni\u0105 i zim\u0105 \u2013 wybory\u2026 - \u0160koda We Love Cycling - Poland<\/title>\n<meta name=\"robots\" content=\"index, follow, max-snippet:-1, max-image-preview:large, max-video-preview:-1\" \/>\n<link rel=\"canonical\" href=\"https:\/\/www.welovecycling.com\/pl\/2018\/11\/20\/jazda-jesienia-i-zima-wybory\/\" \/>\n<meta property=\"og:locale\" content=\"pl_PL\" \/>\n<meta property=\"og:type\" content=\"article\" \/>\n<meta property=\"og:title\" content=\"Jazda jesieni\u0105 i zim\u0105 \u2013 wybory\u2026\" \/>\n<meta property=\"og:description\" content=\"Co \u0142\u0105czy kolarzy szosowych, g\u00f3rskich i fan\u00f3w BMX-\u00f3w? Pokonywanie trasy zim\u0105 \u2013 jak twardziele. Poni\u017cej gar\u015b\u0107 informacji o rowerach, kt\u00f3re [&hellip;]\" \/>\n<meta property=\"og:url\" content=\"https:\/\/www.welovecycling.com\/pl\/2018\/11\/20\/jazda-jesienia-i-zima-wybory\/\" \/>\n<meta property=\"og:site_name\" content=\"\u0160koda We Love Cycling - Poland\" \/>\n<meta property=\"article:published_time\" content=\"2018-11-20T09:03:07+00:00\" \/>\n<meta property=\"article:modified_time\" content=\"2018-11-21T15:11:30+00:00\" \/>\n<meta property=\"og:image\" content=\"https:\/\/d2p6e6u75xmxt8.cloudfront.net\/5\/2018\/11\/ccc-1024x450.jpg\" \/>\n\t<meta property=\"og:image:width\" content=\"1024\" \/>\n\t<meta property=\"og:image:height\" content=\"450\" \/>\n\t<meta property=\"og:image:type\" content=\"image\/jpeg\" \/>\n<meta name=\"author\" content=\"piotrboczkowski\" \/>\n<meta name=\"twitter:card\" content=\"summary_large_image\" \/>\n<meta name=\"twitter:label1\" content=\"Written by\" \/>\n\t<meta name=\"twitter:data1\" content=\"welovecycling\" \/>\n\t<meta name=\"twitter:label2\" content=\"Est. reading time\" \/>\n\t<meta name=\"twitter:data2\" content=\"4\" \/>\n<script type=\"application\/ld+json\" class=\"yoast-schema-graph\">{\"@context\":\"https:\/\/schema.org\",\"@graph\":[{\"@type\":\"WebPage\",\"@id\":\"https:\/\/www.welovecycling.com\/pl\/2018\/11\/20\/jazda-jesienia-i-zima-wybory\/\",\"url\":\"https:\/\/www.welovecycling.com\/pl\/2018\/11\/20\/jazda-jesienia-i-zima-wybory\/\",\"name\":\"Jazda jesieni\u0105 i zim\u0105 \u2013 wybory\u2026 - \u0160koda We Love Cycling - Poland\",\"isPartOf\":{\"@id\":\"https:\/\/www.welovecycling.com\/pl\/#website\"},\"primaryImageOfPage\":{\"@id\":\"https:\/\/www.welovecycling.com\/pl\/2018\/11\/20\/jazda-jesienia-i-zima-wybory\/#primaryimage\"},\"image\":{\"@id\":\"https:\/\/www.welovecycling.com\/pl\/2018\/11\/20\/jazda-jesienia-i-zima-wybory\/#primaryimage\"},\"thumbnailUrl\":\"https:\/\/d2p6e6u75xmxt8.cloudfront.net\/5\/2018\/11\/ccc-1024x450.jpg\",\"datePublished\":\"2018-11-20T09:03:07+00:00\",\"dateModified\":\"2018-11-21T15:11:30+00:00\",\"author\":{\"@id\":\"https:\/\/www.welovecycling.com\/pl\/#\/schema\/person\/0dba2d39da943db9df3fd8f4687e7f23\"},\"breadcrumb\":{\"@id\":\"https:\/\/www.welovecycling.com\/pl\/2018\/11\/20\/jazda-jesienia-i-zima-wybory\/#breadcrumb\"},\"inLanguage\":\"pl-PL\",\"potentialAction\":[{\"@type\":\"ReadAction\",\"target\":[\"https:\/\/www.welovecycling.com\/pl\/2018\/11\/20\/jazda-jesienia-i-zima-wybory\/\"]}]},{\"@type\":\"ImageObject\",\"inLanguage\":\"pl-PL\",\"@id\":\"https:\/\/www.welovecycling.com\/pl\/2018\/11\/20\/jazda-jesienia-i-zima-wybory\/#primaryimage\",\"url\":\"https:\/\/d2p6e6u75xmxt8.cloudfront.net\/5\/2018\/11\/ccc-1024x450.jpg\",\"contentUrl\":\"https:\/\/d2p6e6u75xmxt8.cloudfront.net\/5\/2018\/11\/ccc-1024x450.jpg\",\"width\":1024,\"height\":450},{\"@type\":\"BreadcrumbList\",\"@id\":\"https:\/\/www.welovecycling.com\/pl\/2018\/11\/20\/jazda-jesienia-i-zima-wybory\/#breadcrumb\",\"itemListElement\":[{\"@type\":\"ListItem\",\"position\":1,\"name\":\"Home\",\"item\":\"https:\/\/www.welovecycling.com\/pl\/\"},{\"@type\":\"ListItem\",\"position\":2,\"name\":\"Jazda jesieni\u0105 i zim\u0105 \u2013 wybory\u2026\"}]},{\"@type\":\"WebSite\",\"@id\":\"https:\/\/www.welovecycling.com\/pl\/#website\",\"url\":\"https:\/\/www.welovecycling.com\/pl\/\",\"name\":\"\u0160koda We Love Cycling - Poland\",\"description\":\"\",\"potentialAction\":[{\"@type\":\"SearchAction\",\"target\":{\"@type\":\"EntryPoint\",\"urlTemplate\":\"https:\/\/www.welovecycling.com\/pl\/?s={search_term_string}\"},\"query-input\":{\"@type\":\"PropertyValueSpecification\",\"valueRequired\":true,\"valueName\":\"search_term_string\"}}],\"inLanguage\":\"pl-PL\"},{\"@type\":\"Person\",\"@id\":\"https:\/\/www.welovecycling.com\/pl\/#\/schema\/person\/0dba2d39da943db9df3fd8f4687e7f23\",\"name\":\"piotrboczkowski\",\"image\":{\"@type\":\"ImageObject\",\"inLanguage\":\"pl-PL\",\"@id\":\"https:\/\/www.welovecycling.com\/pl\/#\/schema\/person\/image\/\",\"url\":\"https:\/\/secure.gravatar.com\/avatar\/533caccae14752e03a2ce2d3fd62d1b98b93e1393c3195c27819e53344ca1ace?s=96&d=mm&r=g\",\"contentUrl\":\"https:\/\/secure.gravatar.com\/avatar\/533caccae14752e03a2ce2d3fd62d1b98b93e1393c3195c27819e53344ca1ace?s=96&d=mm&r=g\",\"caption\":\"piotrboczkowski\"},\"url\":\"https:\/\/www.welovecycling.com\/pl\/author\/piotrboczkowski\/\"}]}<\/script>\n<!-- \/ Yoast SEO Premium plugin. -->","yoast_head_json":{"title":"Jazda jesieni\u0105 i zim\u0105 \u2013 wybory\u2026 - \u0160koda We Love Cycling - Poland","robots":{"index":"index","follow":"follow","max-snippet":"max-snippet:-1","max-image-preview":"max-image-preview:large","max-video-preview":"max-video-preview:-1"},"canonical":"https:\/\/www.welovecycling.com\/pl\/2018\/11\/20\/jazda-jesienia-i-zima-wybory\/","og_locale":"pl_PL","og_type":"article","og_title":"Jazda jesieni\u0105 i zim\u0105 \u2013 wybory\u2026","og_description":"Co \u0142\u0105czy kolarzy szosowych, g\u00f3rskich i fan\u00f3w BMX-\u00f3w? Pokonywanie trasy zim\u0105 \u2013 jak twardziele. Poni\u017cej gar\u015b\u0107 informacji o rowerach, kt\u00f3re [&hellip;]","og_url":"https:\/\/www.welovecycling.com\/pl\/2018\/11\/20\/jazda-jesienia-i-zima-wybory\/","og_site_name":"\u0160koda We Love Cycling - Poland","article_published_time":"2018-11-20T09:03:07+00:00","article_modified_time":"2018-11-21T15:11:30+00:00","og_image":[{"width":1024,"height":450,"url":"https:\/\/d2p6e6u75xmxt8.cloudfront.net\/5\/2018\/11\/ccc-1024x450.jpg","type":"image\/jpeg"}],"author":"piotrboczkowski","twitter_card":"summary_large_image","twitter_misc":{"Written by":"welovecycling","Est. reading time":"4"},"schema":{"@context":"https:\/\/schema.org","@graph":[{"@type":"WebPage","@id":"https:\/\/www.welovecycling.com\/pl\/2018\/11\/20\/jazda-jesienia-i-zima-wybory\/","url":"https:\/\/www.welovecycling.com\/pl\/2018\/11\/20\/jazda-jesienia-i-zima-wybory\/","name":"Jazda jesieni\u0105 i zim\u0105 \u2013 wybory\u2026 - \u0160koda We Love Cycling - Poland","isPartOf":{"@id":"https:\/\/www.welovecycling.com\/pl\/#website"},"primaryImageOfPage":{"@id":"https:\/\/www.welovecycling.com\/pl\/2018\/11\/20\/jazda-jesienia-i-zima-wybory\/#primaryimage"},"image":{"@id":"https:\/\/www.welovecycling.com\/pl\/2018\/11\/20\/jazda-jesienia-i-zima-wybory\/#primaryimage"},"thumbnailUrl":"https:\/\/d2p6e6u75xmxt8.cloudfront.net\/5\/2018\/11\/ccc-1024x450.jpg","datePublished":"2018-11-20T09:03:07+00:00","dateModified":"2018-11-21T15:11:30+00:00","author":{"@id":"https:\/\/www.welovecycling.com\/pl\/#\/schema\/person\/0dba2d39da943db9df3fd8f4687e7f23"},"breadcrumb":{"@id":"https:\/\/www.welovecycling.com\/pl\/2018\/11\/20\/jazda-jesienia-i-zima-wybory\/#breadcrumb"},"inLanguage":"pl-PL","potentialAction":[{"@type":"ReadAction","target":["https:\/\/www.welovecycling.com\/pl\/2018\/11\/20\/jazda-jesienia-i-zima-wybory\/"]}]},{"@type":"ImageObject","inLanguage":"pl-PL","@id":"https:\/\/www.welovecycling.com\/pl\/2018\/11\/20\/jazda-jesienia-i-zima-wybory\/#primaryimage","url":"https:\/\/d2p6e6u75xmxt8.cloudfront.net\/5\/2018\/11\/ccc-1024x450.jpg","contentUrl":"https:\/\/d2p6e6u75xmxt8.cloudfront.net\/5\/2018\/11\/ccc-1024x450.jpg","width":1024,"height":450},{"@type":"BreadcrumbList","@id":"https:\/\/www.welovecycling.com\/pl\/2018\/11\/20\/jazda-jesienia-i-zima-wybory\/#breadcrumb","itemListElement":[{"@type":"ListItem","position":1,"name":"Home","item":"https:\/\/www.welovecycling.com\/pl\/"},{"@type":"ListItem","position":2,"name":"Jazda jesieni\u0105 i zim\u0105 \u2013 wybory\u2026"}]},{"@type":"WebSite","@id":"https:\/\/www.welovecycling.com\/pl\/#website","url":"https:\/\/www.welovecycling.com\/pl\/","name":"\u0160koda We Love Cycling - Poland","description":"","potentialAction":[{"@type":"SearchAction","target":{"@type":"EntryPoint","urlTemplate":"https:\/\/www.welovecycling.com\/pl\/?s={search_term_string}"},"query-input":{"@type":"PropertyValueSpecification","valueRequired":true,"valueName":"search_term_string"}}],"inLanguage":"pl-PL"},{"@type":"Person","@id":"https:\/\/www.welovecycling.com\/pl\/#\/schema\/person\/0dba2d39da943db9df3fd8f4687e7f23","name":"piotrboczkowski","image":{"@type":"ImageObject","inLanguage":"pl-PL","@id":"https:\/\/www.welovecycling.com\/pl\/#\/schema\/person\/image\/","url":"https:\/\/secure.gravatar.com\/avatar\/533caccae14752e03a2ce2d3fd62d1b98b93e1393c3195c27819e53344ca1ace?s=96&d=mm&r=g","contentUrl":"https:\/\/secure.gravatar.com\/avatar\/533caccae14752e03a2ce2d3fd62d1b98b93e1393c3195c27819e53344ca1ace?s=96&d=mm&r=g","caption":"piotrboczkowski"},"url":"https:\/\/www.welovecycling.com\/pl\/author\/piotrboczkowski\/"}]}},"_links":{"self":[{"href":"https:\/\/www.welovecycling.com\/pl\/wp-json\/wp\/v2\/posts\/8110","targetHints":{"allow":["GET"]}}],"collection":[{"href":"https:\/\/www.welovecycling.com\/pl\/wp-json\/wp\/v2\/posts"}],"about":[{"href":"https:\/\/www.welovecycling.com\/pl\/wp-json\/wp\/v2\/types\/post"}],"author":[{"embeddable":true,"href":"https:\/\/www.welovecycling.com\/pl\/wp-json\/wp\/v2\/users\/76"}],"replies":[{"embeddable":true,"href":"https:\/\/www.welovecycling.com\/pl\/wp-json\/wp\/v2\/comments?post=8110"}],"version-history":[{"count":1,"href":"https:\/\/www.welovecycling.com\/pl\/wp-json\/wp\/v2\/posts\/8110\/revisions"}],"predecessor-version":[{"id":8115,"href":"https:\/\/www.welovecycling.com\/pl\/wp-json\/wp\/v2\/posts\/8110\/revisions\/8115"}],"wp:featuredmedia":[{"embeddable":true,"href":"https:\/\/www.welovecycling.com\/pl\/wp-json\/wp\/v2\/media\/8116"}],"wp:attachment":[{"href":"https:\/\/www.welovecycling.com\/pl\/wp-json\/wp\/v2\/media?parent=8110"}],"wp:term":[{"taxonomy":"category","embeddable":true,"href":"https:\/\/www.welovecycling.com\/pl\/wp-json\/wp\/v2\/categories?post=8110"},{"taxonomy":"post_tag","embeddable":true,"href":"https:\/\/www.welovecycling.com\/pl\/wp-json\/wp\/v2\/tags?post=8110"},{"taxonomy":"global-categories","embeddable":true,"href":"https:\/\/www.welovecycling.com\/pl\/wp-json\/wp\/v2\/global-categories?post=8110"}],"curies":[{"name":"wp","href":"https:\/\/api.w.org\/{rel}","templated":true}]}}