{"id":8103,"date":"2018-11-15T19:23:10","date_gmt":"2018-11-15T19:23:10","guid":{"rendered":"https:\/\/www.welovecycling.com\/pl\/?p=8103"},"modified":"2018-11-16T08:24:58","modified_gmt":"2018-11-16T08:24:58","slug":"to-byla-pilnie-strzezona-tajemnica-morderczy-etap-tour-de-france-bliski-polakom","status":"publish","type":"post","link":"https:\/\/www.welovecycling.com\/pl\/2018\/11\/15\/to-byla-pilnie-strzezona-tajemnica-morderczy-etap-tour-de-france-bliski-polakom\/","title":{"rendered":"To by\u0142a pilnie strze\u017cona tajemnica! Morderczy etap Tour de France bliski Polakom."},"content":{"rendered":"<p><strong>Wkr\u00f3tce tysi\u0105ce Polak\u00f3w b\u0119dzie wspina\u0142o si\u0119 tam autokarami. Ze strachem spojrz\u0105 w d\u00f3\u0142, na zakr\u0119tach mocniej zabije im serce, a na koniec z uznaniem popatrz\u0105 na kierowc\u0119. Tymczasem t\u0119 tras\u0119 w lipcu pokonaj\u0105 te\u017c kolarze, nap\u0119dzani tylko ambicj\u0105 i si\u0142\u0105 w\u0142asnych n\u00f3g! \u2013 Taka sytuacja nie mia\u0142a jeszcze miejsca \u2013 m\u00f3wi Christian Prudhomme, dyrektor wy\u015bcigu o przysz\u0142orocznym etapie z Albertville do Val Thorens.<\/strong><\/p>\n<p>To by\u0142a jedna z najmocniej skrywanych tajemnic Tour de France 2019. Podczas gdy szczeg\u00f3\u0142y belgijskiego Grand Depart poznali\u015bmy do\u015b\u0107 wcze\u015bnie, spekulacje na temat innych wa\u017cnych etap\u00f3w te\u017c szybko ujrza\u0142y \u015bwiat\u0142o dzienne, to has\u0142o: \u201eAlbertville \u2013 Val Thorens\u201d po raz pierwszy we francuskich mediach pojawia\u0142o si\u0119 dopiero kilka dni przed oficjaln\u0105 prezentacj\u0105 trasy. I jak si\u0119 okaza\u0142o \u2013 przecieki by\u0142y trafione.<\/p>\n<p>Informacja o przedostatnim etapie by\u0142a pilnie strze\u017cona, bo to tam rozstrzygnie si\u0119 106. edycja najwi\u0119kszego wy\u015bcigu \u015bwiata. Co prawda nazajutrz kolarze jeszcze wsi\u0105d\u0105 na rowery, ale zwyci\u0119zca ju\u017c tylko po to, by pozowa\u0107 do zdj\u0119\u0107, wypi\u0107 szampana i po prostu zaliczy\u0107 etap przyja\u017ani na Polach Elizejskich.<\/p>\n<p><strong>Wielkie \u015bciganie<\/strong><\/p>\n<p>Tak si\u0119 sk\u0142ada, \u017ce start i meta 20., rozstrzygaj\u0105cego etapu rozpocznie si\u0119 w miejscach doskonale znanych Polakom, z kt\u00f3rymi kibice bia\u0142o-czerwonych maj\u0105 jednak bardzo mieszane wspomnienia. Kolarze wystartuj\u0105 z Albertville \u2013 pi\u0119knego, ale niewielkiego (niespe\u0142na 20 tys. ludzi) alpejskiego miasteczka. To tam w 1992 roku odby\u0142y si\u0119 Zimowe Igrzyska Olimpijskiego, kt\u00f3re z jednej strony s\u0105 czarnym wspomnieniem polskiego sportu, ale z drugiej okaza\u0142y si\u0119 te\u017c punktem zwrotnym.<\/p>\n<p>To w\u0142a\u015bnie podczas igrzysk w Albertville Polacy zdobyli raptem jeden punkt. Nie medal, ale punkt, kt\u00f3ry wywalczy\u0142 Stanis\u0142aw Ustupski za zaj\u0119cie \u00f3smego miejsca w kombinacji norweskiej. Na szcz\u0119\u015bcie nigdy p\u00f3\u017aniej Polakom ju\u017c tak \u017ale nie posz\u0142o. Na kolejnych igrzyskach punkt\u00f3w by\u0142o ju\u017c 8 oraz 12, a w XXI w. na ka\u017cdych zdobywali\u015bmy co najmniej dwa medale.<\/p>\n<p>A jak 27 lipca przysz\u0142ego roku b\u0119dzie z polskimi kolarzami? Etap wydaje si\u0119 morderczy, czyli taki, jakie lubi Rafa\u0142 Majka, gdy oczywi\u015bcie jest w formie. \u2013 To b\u0119dzie wielkie \u015bciganie i wielka nowo\u015b\u0107. Po raz trzeci podczas Tour de France 2019 kolarze zako\u0144cz\u0105 wy\u015bcig na ponad 2000 m n.p.m., a taka sytuacja w historii Wielkiej P\u0119tli jeszcze nigdy nie mia\u0142a miejsca \u2013 przyznaje Christian Prudhomme, dyrektor wy\u015bcigu.<\/p>\n<p><strong>Teraz rz\u0105dzi\u0107 b\u0119d\u0105 fani kolarstwa<\/strong><\/p>\n<p>Do tej pory kolarze do Val Thorens wspinali si\u0119 tylko raz \u2013 w 1994 r., wi\u0119c wielkie kolarstwo wraca tam po \u0107wier\u0107 wieku. Tymczasem niekt\u00f3rzy Polacy wracaj\u0105 tam\u2026 co roku, bo Val Thorens to jeden z najpopularniejszych kierunk\u00f3w dla narciarzy i najwy\u017cej po\u0142o\u017cona stacja narciarska w Europie.<\/p>\n<p>Co roku tysi\u0105ce autobus\u00f3w uzbrojonych w \u0142a\u0144cuchy \u015bniegowe powoli wywo\u017c\u0105 tam t\u0142umy polskich wielbicieli bia\u0142ego szale\u0144stwa. Niekt\u00f3rzy s\u0105 pod wra\u017ceniem kunsztu kierowc\u00f3w, kt\u00f3rzy sprawnie prowadz\u0105 autokar po serpentynach, wi\u0119c co w takiej sytuacji powiedzie\u0107 o kolarzach?<\/p>\n<p>Zawodnicy zaczn\u0105 w Albertville na wysoko\u015bci 446 m n.p.m., by po drodze zaliczy\u0107 trzy powa\u017cne szczyty. Podjazd do Val Thorens to b\u0119dzie ju\u017c jednak droga przez m\u0119k\u0119 \u2013 35 km wspinaczki i blisko dwa tysi\u0105ce metr\u00f3w przewy\u017cszenia! Do tego w lipcu w Alpach mo\u017cna spodziewa\u0107 si\u0119 pi\u0119knej pogody, ale nie mo\u017cna te\u017c wykluczy\u0107 pot\u0119\u017cnego wiatru, a nawet \u015bniegu!<\/p>\n<p>Meta znajduje si\u0119 na wysoko\u015bci 2365 m n.p.m. Tam ponad 200 dni w roku na wielbicieli narciarstwa czeka 5 snowpark\u00f3w, 10 hoteli, 50 restauracji i 140 km tras narciarskich. W okolicach 27 lipca b\u0119d\u0105 rz\u0105dzili tam jednak fani kolarstwa!<\/p>\n<p>&#8211; Finisz na wysoko\u015bci powy\u017cej 2000 metr\u00f3w to b\u0119dzie co\u015b \u2013 przyznaje Christopher Froome, czterokrotny zwyci\u0119zca Tour de France.<\/p>\n","protected":false},"excerpt":{"rendered":"<p>Wkr\u00f3tce tysi\u0105ce Polak\u00f3w b\u0119dzie wspina\u0142o si\u0119 tam autokarami. Ze strachem spojrz\u0105 w d\u00f3\u0142, na zakr\u0119tach mocniej zabije im serce, a [&hellip;]<\/p>\n","protected":false},"author":76,"featured_media":8043,"comment_status":"open","ping_status":"open","sticky":false,"template":"","format":"standard","meta":{"footnotes":""},"categories":[300],"tags":[],"global-categories":[],"class_list":["post-8103","post","type-post","status-publish","format-standard","has-post-thumbnail","hentry","category-tour-de-france-2019"],"yoast_head":"<!-- This site is optimized with the Yoast SEO Premium plugin v25.3 (Yoast SEO v25.9) - https:\/\/yoast.com\/wordpress\/plugins\/seo\/ -->\n<title>To by\u0142a pilnie strze\u017cona tajemnica! Morderczy etap Tour de France bliski Polakom. - \u0160koda We Love Cycling - Poland<\/title>\n<meta name=\"robots\" content=\"index, follow, max-snippet:-1, max-image-preview:large, max-video-preview:-1\" \/>\n<link rel=\"canonical\" href=\"https:\/\/www.welovecycling.com\/pl\/2018\/11\/15\/to-byla-pilnie-strzezona-tajemnica-morderczy-etap-tour-de-france-bliski-polakom\/\" \/>\n<meta property=\"og:locale\" content=\"pl_PL\" \/>\n<meta property=\"og:type\" content=\"article\" \/>\n<meta property=\"og:title\" content=\"To by\u0142a pilnie strze\u017cona tajemnica! Morderczy etap Tour de France bliski Polakom.\" \/>\n<meta property=\"og:description\" content=\"Wkr\u00f3tce tysi\u0105ce Polak\u00f3w b\u0119dzie wspina\u0142o si\u0119 tam autokarami. Ze strachem spojrz\u0105 w d\u00f3\u0142, na zakr\u0119tach mocniej zabije im serce, a [&hellip;]\" \/>\n<meta property=\"og:url\" content=\"https:\/\/www.welovecycling.com\/pl\/2018\/11\/15\/to-byla-pilnie-strzezona-tajemnica-morderczy-etap-tour-de-france-bliski-polakom\/\" \/>\n<meta property=\"og:site_name\" content=\"\u0160koda We Love Cycling - Poland\" \/>\n<meta property=\"article:published_time\" content=\"2018-11-15T19:23:10+00:00\" \/>\n<meta property=\"article:modified_time\" content=\"2018-11-16T08:24:58+00:00\" \/>\n<meta property=\"og:image\" content=\"https:\/\/d2p6e6u75xmxt8.cloudfront.net\/5\/2018\/10\/f004c-e1540817564604.jpg\" \/>\n\t<meta property=\"og:image:width\" content=\"957\" \/>\n\t<meta property=\"og:image:height\" content=\"435\" \/>\n\t<meta property=\"og:image:type\" content=\"image\/jpeg\" \/>\n<meta name=\"author\" content=\"piotrboczkowski\" \/>\n<meta name=\"twitter:card\" content=\"summary_large_image\" \/>\n<meta name=\"twitter:label1\" content=\"Written by\" \/>\n\t<meta name=\"twitter:data1\" content=\"Piotr Jawor\" \/>\n\t<meta name=\"twitter:label2\" content=\"Est. reading time\" \/>\n\t<meta name=\"twitter:data2\" content=\"3 minutes\" \/>\n<script type=\"application\/ld+json\" class=\"yoast-schema-graph\">{\"@context\":\"https:\/\/schema.org\",\"@graph\":[{\"@type\":\"WebPage\",\"@id\":\"https:\/\/www.welovecycling.com\/pl\/2018\/11\/15\/to-byla-pilnie-strzezona-tajemnica-morderczy-etap-tour-de-france-bliski-polakom\/\",\"url\":\"https:\/\/www.welovecycling.com\/pl\/2018\/11\/15\/to-byla-pilnie-strzezona-tajemnica-morderczy-etap-tour-de-france-bliski-polakom\/\",\"name\":\"To by\u0142a pilnie strze\u017cona tajemnica! Morderczy etap Tour de France bliski Polakom. - \u0160koda We Love Cycling - Poland\",\"isPartOf\":{\"@id\":\"https:\/\/www.welovecycling.com\/pl\/#website\"},\"primaryImageOfPage\":{\"@id\":\"https:\/\/www.welovecycling.com\/pl\/2018\/11\/15\/to-byla-pilnie-strzezona-tajemnica-morderczy-etap-tour-de-france-bliski-polakom\/#primaryimage\"},\"image\":{\"@id\":\"https:\/\/www.welovecycling.com\/pl\/2018\/11\/15\/to-byla-pilnie-strzezona-tajemnica-morderczy-etap-tour-de-france-bliski-polakom\/#primaryimage\"},\"thumbnailUrl\":\"https:\/\/d2p6e6u75xmxt8.cloudfront.net\/5\/2018\/10\/f004c-e1540817564604.jpg\",\"datePublished\":\"2018-11-15T19:23:10+00:00\",\"dateModified\":\"2018-11-16T08:24:58+00:00\",\"author\":{\"@id\":\"https:\/\/www.welovecycling.com\/pl\/#\/schema\/person\/0dba2d39da943db9df3fd8f4687e7f23\"},\"breadcrumb\":{\"@id\":\"https:\/\/www.welovecycling.com\/pl\/2018\/11\/15\/to-byla-pilnie-strzezona-tajemnica-morderczy-etap-tour-de-france-bliski-polakom\/#breadcrumb\"},\"inLanguage\":\"pl-PL\",\"potentialAction\":[{\"@type\":\"ReadAction\",\"target\":[\"https:\/\/www.welovecycling.com\/pl\/2018\/11\/15\/to-byla-pilnie-strzezona-tajemnica-morderczy-etap-tour-de-france-bliski-polakom\/\"]}]},{\"@type\":\"ImageObject\",\"inLanguage\":\"pl-PL\",\"@id\":\"https:\/\/www.welovecycling.com\/pl\/2018\/11\/15\/to-byla-pilnie-strzezona-tajemnica-morderczy-etap-tour-de-france-bliski-polakom\/#primaryimage\",\"url\":\"https:\/\/d2p6e6u75xmxt8.cloudfront.net\/5\/2018\/10\/f004c-e1540817564604.jpg\",\"contentUrl\":\"https:\/\/d2p6e6u75xmxt8.cloudfront.net\/5\/2018\/10\/f004c-e1540817564604.jpg\",\"width\":957,\"height\":435},{\"@type\":\"BreadcrumbList\",\"@id\":\"https:\/\/www.welovecycling.com\/pl\/2018\/11\/15\/to-byla-pilnie-strzezona-tajemnica-morderczy-etap-tour-de-france-bliski-polakom\/#breadcrumb\",\"itemListElement\":[{\"@type\":\"ListItem\",\"position\":1,\"name\":\"Home\",\"item\":\"https:\/\/www.welovecycling.com\/pl\/\"},{\"@type\":\"ListItem\",\"position\":2,\"name\":\"To by\u0142a pilnie strze\u017cona tajemnica! Morderczy etap Tour de France bliski Polakom.\"}]},{\"@type\":\"WebSite\",\"@id\":\"https:\/\/www.welovecycling.com\/pl\/#website\",\"url\":\"https:\/\/www.welovecycling.com\/pl\/\",\"name\":\"\u0160koda We Love Cycling - Poland\",\"description\":\"\",\"potentialAction\":[{\"@type\":\"SearchAction\",\"target\":{\"@type\":\"EntryPoint\",\"urlTemplate\":\"https:\/\/www.welovecycling.com\/pl\/?s={search_term_string}\"},\"query-input\":{\"@type\":\"PropertyValueSpecification\",\"valueRequired\":true,\"valueName\":\"search_term_string\"}}],\"inLanguage\":\"pl-PL\"},{\"@type\":\"Person\",\"@id\":\"https:\/\/www.welovecycling.com\/pl\/#\/schema\/person\/0dba2d39da943db9df3fd8f4687e7f23\",\"name\":\"piotrboczkowski\",\"image\":{\"@type\":\"ImageObject\",\"inLanguage\":\"pl-PL\",\"@id\":\"https:\/\/www.welovecycling.com\/pl\/#\/schema\/person\/image\/\",\"url\":\"https:\/\/secure.gravatar.com\/avatar\/533caccae14752e03a2ce2d3fd62d1b98b93e1393c3195c27819e53344ca1ace?s=96&d=mm&r=g\",\"contentUrl\":\"https:\/\/secure.gravatar.com\/avatar\/533caccae14752e03a2ce2d3fd62d1b98b93e1393c3195c27819e53344ca1ace?s=96&d=mm&r=g\",\"caption\":\"piotrboczkowski\"},\"url\":\"https:\/\/www.welovecycling.com\/pl\/author\/piotrboczkowski\/\"}]}<\/script>\n<!-- \/ Yoast SEO Premium plugin. -->","yoast_head_json":{"title":"To by\u0142a pilnie strze\u017cona tajemnica! Morderczy etap Tour de France bliski Polakom. - \u0160koda We Love Cycling - Poland","robots":{"index":"index","follow":"follow","max-snippet":"max-snippet:-1","max-image-preview":"max-image-preview:large","max-video-preview":"max-video-preview:-1"},"canonical":"https:\/\/www.welovecycling.com\/pl\/2018\/11\/15\/to-byla-pilnie-strzezona-tajemnica-morderczy-etap-tour-de-france-bliski-polakom\/","og_locale":"pl_PL","og_type":"article","og_title":"To by\u0142a pilnie strze\u017cona tajemnica! Morderczy etap Tour de France bliski Polakom.","og_description":"Wkr\u00f3tce tysi\u0105ce Polak\u00f3w b\u0119dzie wspina\u0142o si\u0119 tam autokarami. Ze strachem spojrz\u0105 w d\u00f3\u0142, na zakr\u0119tach mocniej zabije im serce, a [&hellip;]","og_url":"https:\/\/www.welovecycling.com\/pl\/2018\/11\/15\/to-byla-pilnie-strzezona-tajemnica-morderczy-etap-tour-de-france-bliski-polakom\/","og_site_name":"\u0160koda We Love Cycling - Poland","article_published_time":"2018-11-15T19:23:10+00:00","article_modified_time":"2018-11-16T08:24:58+00:00","og_image":[{"width":957,"height":435,"url":"https:\/\/d2p6e6u75xmxt8.cloudfront.net\/5\/2018\/10\/f004c-e1540817564604.jpg","type":"image\/jpeg"}],"author":"piotrboczkowski","twitter_card":"summary_large_image","twitter_misc":{"Written by":"Piotr Jawor","Est. reading time":"3 minutes"},"schema":{"@context":"https:\/\/schema.org","@graph":[{"@type":"WebPage","@id":"https:\/\/www.welovecycling.com\/pl\/2018\/11\/15\/to-byla-pilnie-strzezona-tajemnica-morderczy-etap-tour-de-france-bliski-polakom\/","url":"https:\/\/www.welovecycling.com\/pl\/2018\/11\/15\/to-byla-pilnie-strzezona-tajemnica-morderczy-etap-tour-de-france-bliski-polakom\/","name":"To by\u0142a pilnie strze\u017cona tajemnica! Morderczy etap Tour de France bliski Polakom. - \u0160koda We Love Cycling - Poland","isPartOf":{"@id":"https:\/\/www.welovecycling.com\/pl\/#website"},"primaryImageOfPage":{"@id":"https:\/\/www.welovecycling.com\/pl\/2018\/11\/15\/to-byla-pilnie-strzezona-tajemnica-morderczy-etap-tour-de-france-bliski-polakom\/#primaryimage"},"image":{"@id":"https:\/\/www.welovecycling.com\/pl\/2018\/11\/15\/to-byla-pilnie-strzezona-tajemnica-morderczy-etap-tour-de-france-bliski-polakom\/#primaryimage"},"thumbnailUrl":"https:\/\/d2p6e6u75xmxt8.cloudfront.net\/5\/2018\/10\/f004c-e1540817564604.jpg","datePublished":"2018-11-15T19:23:10+00:00","dateModified":"2018-11-16T08:24:58+00:00","author":{"@id":"https:\/\/www.welovecycling.com\/pl\/#\/schema\/person\/0dba2d39da943db9df3fd8f4687e7f23"},"breadcrumb":{"@id":"https:\/\/www.welovecycling.com\/pl\/2018\/11\/15\/to-byla-pilnie-strzezona-tajemnica-morderczy-etap-tour-de-france-bliski-polakom\/#breadcrumb"},"inLanguage":"pl-PL","potentialAction":[{"@type":"ReadAction","target":["https:\/\/www.welovecycling.com\/pl\/2018\/11\/15\/to-byla-pilnie-strzezona-tajemnica-morderczy-etap-tour-de-france-bliski-polakom\/"]}]},{"@type":"ImageObject","inLanguage":"pl-PL","@id":"https:\/\/www.welovecycling.com\/pl\/2018\/11\/15\/to-byla-pilnie-strzezona-tajemnica-morderczy-etap-tour-de-france-bliski-polakom\/#primaryimage","url":"https:\/\/d2p6e6u75xmxt8.cloudfront.net\/5\/2018\/10\/f004c-e1540817564604.jpg","contentUrl":"https:\/\/d2p6e6u75xmxt8.cloudfront.net\/5\/2018\/10\/f004c-e1540817564604.jpg","width":957,"height":435},{"@type":"BreadcrumbList","@id":"https:\/\/www.welovecycling.com\/pl\/2018\/11\/15\/to-byla-pilnie-strzezona-tajemnica-morderczy-etap-tour-de-france-bliski-polakom\/#breadcrumb","itemListElement":[{"@type":"ListItem","position":1,"name":"Home","item":"https:\/\/www.welovecycling.com\/pl\/"},{"@type":"ListItem","position":2,"name":"To by\u0142a pilnie strze\u017cona tajemnica! Morderczy etap Tour de France bliski Polakom."}]},{"@type":"WebSite","@id":"https:\/\/www.welovecycling.com\/pl\/#website","url":"https:\/\/www.welovecycling.com\/pl\/","name":"\u0160koda We Love Cycling - Poland","description":"","potentialAction":[{"@type":"SearchAction","target":{"@type":"EntryPoint","urlTemplate":"https:\/\/www.welovecycling.com\/pl\/?s={search_term_string}"},"query-input":{"@type":"PropertyValueSpecification","valueRequired":true,"valueName":"search_term_string"}}],"inLanguage":"pl-PL"},{"@type":"Person","@id":"https:\/\/www.welovecycling.com\/pl\/#\/schema\/person\/0dba2d39da943db9df3fd8f4687e7f23","name":"piotrboczkowski","image":{"@type":"ImageObject","inLanguage":"pl-PL","@id":"https:\/\/www.welovecycling.com\/pl\/#\/schema\/person\/image\/","url":"https:\/\/secure.gravatar.com\/avatar\/533caccae14752e03a2ce2d3fd62d1b98b93e1393c3195c27819e53344ca1ace?s=96&d=mm&r=g","contentUrl":"https:\/\/secure.gravatar.com\/avatar\/533caccae14752e03a2ce2d3fd62d1b98b93e1393c3195c27819e53344ca1ace?s=96&d=mm&r=g","caption":"piotrboczkowski"},"url":"https:\/\/www.welovecycling.com\/pl\/author\/piotrboczkowski\/"}]}},"_links":{"self":[{"href":"https:\/\/www.welovecycling.com\/pl\/wp-json\/wp\/v2\/posts\/8103","targetHints":{"allow":["GET"]}}],"collection":[{"href":"https:\/\/www.welovecycling.com\/pl\/wp-json\/wp\/v2\/posts"}],"about":[{"href":"https:\/\/www.welovecycling.com\/pl\/wp-json\/wp\/v2\/types\/post"}],"author":[{"embeddable":true,"href":"https:\/\/www.welovecycling.com\/pl\/wp-json\/wp\/v2\/users\/76"}],"replies":[{"embeddable":true,"href":"https:\/\/www.welovecycling.com\/pl\/wp-json\/wp\/v2\/comments?post=8103"}],"version-history":[{"count":1,"href":"https:\/\/www.welovecycling.com\/pl\/wp-json\/wp\/v2\/posts\/8103\/revisions"}],"predecessor-version":[{"id":8104,"href":"https:\/\/www.welovecycling.com\/pl\/wp-json\/wp\/v2\/posts\/8103\/revisions\/8104"}],"wp:featuredmedia":[{"embeddable":true,"href":"https:\/\/www.welovecycling.com\/pl\/wp-json\/wp\/v2\/media\/8043"}],"wp:attachment":[{"href":"https:\/\/www.welovecycling.com\/pl\/wp-json\/wp\/v2\/media?parent=8103"}],"wp:term":[{"taxonomy":"category","embeddable":true,"href":"https:\/\/www.welovecycling.com\/pl\/wp-json\/wp\/v2\/categories?post=8103"},{"taxonomy":"post_tag","embeddable":true,"href":"https:\/\/www.welovecycling.com\/pl\/wp-json\/wp\/v2\/tags?post=8103"},{"taxonomy":"global-categories","embeddable":true,"href":"https:\/\/www.welovecycling.com\/pl\/wp-json\/wp\/v2\/global-categories?post=8103"}],"curies":[{"name":"wp","href":"https:\/\/api.w.org\/{rel}","templated":true}]}}