{"id":8092,"date":"2018-11-14T12:16:02","date_gmt":"2018-11-14T12:16:02","guid":{"rendered":"https:\/\/www.welovecycling.com\/pl\/?p=8092"},"modified":"2018-11-14T22:27:21","modified_gmt":"2018-11-14T22:27:21","slug":"jak-sie-ubrac-by-w-pelni-wykorzystac-sezon-jesienny","status":"publish","type":"post","link":"https:\/\/www.welovecycling.com\/pl\/2018\/11\/14\/jak-sie-ubrac-by-w-pelni-wykorzystac-sezon-jesienny\/","title":{"rendered":"Jak si\u0119 ubra\u0107, by w pe\u0142ni wykorzysta\u0107 sezon jesienny"},"content":{"rendered":"<p><strong>Jesie\u0144 jest najlepsz\u0105 por\u0105 roku dla wielu kolarzy. Co prawda s\u0142o\u0144ce nie \u015bwieci ju\u017c tak cz\u0119sto, ale \u015bwie\u017ce, rze\u015bkie powietrze mo\u017ce nam niebywale uprzyjemni\u0107 jazd\u0119. Jednak ze wzgl\u0119du na zmienno\u015b\u0107 wiatru, opad\u00f3w i temperatur nale\u017cy przygotowa\u0107 odpowiednie ubranie \u2013 wszystko po to, by w pe\u0142ni cieszy\u0107 si\u0119 przeja\u017cd\u017ck\u0105 w ch\u0142odniejsze dni. Dobrze si\u0119 sk\u0142ada, \u017ce kilka niezb\u0119dnych rzeczy naprawd\u0119 dobrej jako\u015bci nie doprowadzi nas do bankructwa, a przy tym u\u0142atwi \u017cycie. Poni\u017cej nasze porady, na co zwraca\u0107 szczeg\u00f3ln\u0105 uwag\u0119, by czu\u0107 si\u0119 wygodnie podczas jazdy w ch\u0142odnej jesiennej aurze.<\/strong><\/p>\n<p>&nbsp;<\/p>\n<p><span style=\"font-size: 14pt;\"><strong>Warstwy, warstwy, warstwy.<\/strong><\/span><\/p>\n<p>Najtrudniejsz\u0105 rzecz\u0105 podczas jazdy mi\u0119dzy sezonami jest nieprzewidywalna pogoda. Ubieranie si\u0119 warstwami sprawia, \u017ce b\u0119dziemy gotowi na wiele sytuacji, a przy tym b\u0119dzie nam wygodnie. Powietrze mi\u0119dzy elementami ubioru pozwoli utrzyma\u0107 temperatur\u0119 i r\u00f3wno rozprowadzi\u0107 ciep\u0142o. Nasza temperatura zawsze b\u0119dzie mia\u0142a wp\u0142yw na ciep\u0142ot\u0119 r\u0105k, n\u00f3g i bardziej ods\u0142oni\u0119tej reszty, wi\u0119c bez porz\u0105dnej pierwszej warstwy \u017cadne r\u0119kawiczki ani skarpetki nie pomog\u0105.<\/p>\n<p>https:\/\/www.instagram.com\/p\/BoV1-9pB2vH\/?utm_source=ig_embed<\/p>\n<p>Pierwsza warstwa ubrania powinna dobrze przylega\u0107 i by\u0107 wykonana z wygodnego materia\u0142u poch\u0142aniaj\u0105cego wilgo\u0107. Zdecyduj si\u0119 na ubranie z kr\u00f3tkimi b\u0105d\u017a d\u0142ugimi r\u0119kawami w zale\u017cno\u015bci od temperatury \u2013 pami\u0119taj przy tym, \u017ce bluza mo\u017ce si\u0119 przyda\u0107 podczas bardzo wczesnych lub p\u00f3\u017anych wypraw. Wyb\u00f3r warstwy zewn\u0119trznej b\u0119dzie zale\u017ce\u0107 nie tylko od temperatury, ale r\u00f3wnie\u017c od czasu przebywania na zewn\u0105trz. Niekt\u00f3rzy wol\u0105 nak\u0142ada\u0107 ocieplacze na jesienne eskapady, lecz bluza z d\u0142ugim r\u0119kawem r\u00f3wnie\u017c mo\u017ce by\u0107 niez\u0142\u0105 i wygodn\u0105 opcj\u0105. Taki ubi\u00f3r z podszyciem wykonanym z termoaktywnego polaru zapewnia dodatkow\u0105 ochron\u0119 oraz przewiew. Wystarczy to po\u0142\u0105czy\u0107 z w\u0142a\u015bciw\u0105 pierwsz\u0105 warstw\u0105, by czu\u0107 si\u0119 wygodnie i nie ba\u0107 si\u0119 \u017cadnej pogody.<\/p>\n<p>Je\u015bli d\u0142ugi r\u0119kaw nie wystarczy, a pierwsza warstwa ju\u017c nie mo\u017ce bardziej ogrza\u0107, to wiatroodporna kamizelka b\u0119dzie bardzo pomocna. Na przyk\u0142ad kamizelka firmy Craft Featherlight jest lekka, niedroga i \u0142atwa do przenoszenia.<\/p>\n<p><span style=\"font-size: 14pt;\"><strong>Dbanie o d\u0142onie i stopy<\/strong><\/span><\/p>\n<p>Komfort Twoich r\u0105k i n\u00f3g to tak\u017ce Tw\u00f3j komfort. Pog\u00f3d\u017a si\u0119 z faktem, \u017ce \u2013 zale\u017cnie od tego, gdzie mieszkasz \u2013 ciep\u0142e skarpety mog\u0105 nie wystarczy\u0107. Nowoczesne buty kolarskie s\u0105 zaprojektowane tak, by by\u0107 przewiewne, co wi\u0105\u017ce si\u0119 z du\u017cymi ilo\u015bciami ch\u0142odnego powietrza otaczaj\u0105cego stopy. Dobranie ochraniaczy na buty odpowiadaj\u0105cych reszcie wyposa\u017cenia i warunkom powinno zda\u0107 egzamin.<\/p>\n<p>https:\/\/www.instagram.com\/p\/BoijuulBJuG\/?utm_source=ig_embed<\/p>\n<p>Je\u015bli wci\u0105\u017c nie czujesz si\u0119 dostatecznie os\u0142oniony przed warunkami pogodowymi, to lekkie ochraniacze na buty powinny pom\u00f3c utrzyma\u0107 ciep\u0142o. Model Aqua Light Overshoes jest lekki, ale zachowuje przy tym swoje w\u0142a\u015bciwo\u015bci ochronne i przeciwdeszczowe \u2013 a dodatkowo ma odblaski. Przy temperaturach bliskich zeru potrzebne b\u0119d\u0105 buty do zimowej jazdy.<\/p>\n<p>Je\u015bli chodzi o r\u0119kawice, istnieje mn\u00f3stwo dobrych opcji \u2013 lecz ochrona przed wiatrem jest tu najistotniejsza. Tkaniny takie jak GORE Windstopper i WindTex dobrze si\u0119 sprawdz\u0105 ze wzgl\u0119du na ich nieprzemakalno\u015b\u0107 i w\u0142a\u015bciwo\u015bci oddychaj\u0105ce. Membrana wewn\u0119trzna b\u0119dzie si\u0119 r\u00f3\u017cni\u0107 w zale\u017cno\u015bci od warunk\u00f3w, na kt\u00f3re dane r\u0119kawice s\u0105 przeznaczone, wi\u0119c dobrze si\u0119 upewni\u0107, \u017ce konkretny model nie kosztuje zbyt wiele i jest wygodny.<\/p>\n<p><strong><span style=\"font-size: 14pt;\">Nogi<\/span><\/strong><\/p>\n<p>Prawdopodobnie nie musimy przypomina\u0107, by dba\u0107 o swoje nogi, ale dobre ochraniacze na kolana s\u0105 zawsze warte swojej ceny. Uwa\u017caj jedynie na to, by kupi\u0107 odpowiedni rozmiar \u2013 nie chcesz przecie\u017c, by przesuwa\u0142y si\u0119 w ka\u017cdym mo\u017cliwym kierunku. Kombinezon na \u00be d\u0142ugo\u015bci r\u00f3wnie\u017c jest \u015bwietnym rozwi\u0105zaniem. Warto rozejrze\u0107 si\u0119 za modelem z wy\u015bci\u00f3\u0142k\u0105 dla ochrony przed zimnem oraz z wygodn\u0105 amortyzacj\u0105 siedziska.<\/p>\n<p><strong>Zastosowanie akcesori\u00f3w<\/strong><\/p>\n<p>Porz\u0105dne jesienne skarpety na rower s\u0105 niedrogie \u2013 a mo\u017cna je nosi\u0107 r\u00f3wnie\u017c na co dzie\u0144. Firma Prendas ma dobry asortyment tego typu; w\u015br\u00f3d najcz\u0119\u015bciej wybieranych modeli s\u0105 te z ThermoCool-Carbon i Reflective Flash.<\/p>\n<p>Zwyk\u0142a bawe\u0142niana czapka pod kaskiem powinna zadba\u0107 o utrzymywanie ciep\u0142a Twojej g\u0142owy, je\u015bli na cieplejsze rozwi\u0105zania jest jeszcze za wcze\u015bnie. To dobry kompromis mi\u0119dzy zachowaniem prawid\u0142owej temperatury a ochron\u0105 przed niesprzyjaj\u0105c\u0105 pogod\u0105.<\/p>\n<p>Podsumowuj\u0105c: zak\u0142adajmy warstwy, by zapewni\u0107 sobie maksimum elastyczno\u015bci, w\u0142\u0105czmy \u015bwiat\u0142a, za\u0142\u00f3\u017cmy b\u0142otniki i\u2026 mo\u017cemy jecha\u0107 na podb\u00f3j rze\u015bkiej jesieni!<\/p>\n","protected":false},"excerpt":{"rendered":"<p>Jesie\u0144 jest najlepsz\u0105 por\u0105 roku dla wielu kolarzy. Co prawda s\u0142o\u0144ce nie \u015bwieci ju\u017c tak cz\u0119sto, ale \u015bwie\u017ce, rze\u015bkie powietrze [&hellip;]<\/p>\n","protected":false},"author":76,"featured_media":8093,"comment_status":"open","ping_status":"open","sticky":false,"template":"","format":"standard","meta":{"footnotes":""},"categories":[6],"tags":[],"global-categories":[],"class_list":["post-8092","post","type-post","status-publish","format-standard","has-post-thumbnail","hentry","category-kolarstwo-szosowe"],"yoast_head":"<!-- This site is optimized with the Yoast SEO Premium plugin v25.3 (Yoast SEO v25.9) - https:\/\/yoast.com\/wordpress\/plugins\/seo\/ -->\n<title>Jak si\u0119 ubra\u0107, by w pe\u0142ni wykorzysta\u0107 sezon jesienny - \u0160koda We Love Cycling - Poland<\/title>\n<meta name=\"robots\" content=\"index, follow, max-snippet:-1, max-image-preview:large, max-video-preview:-1\" \/>\n<link rel=\"canonical\" href=\"https:\/\/www.welovecycling.com\/pl\/2018\/11\/14\/jak-sie-ubrac-by-w-pelni-wykorzystac-sezon-jesienny\/\" \/>\n<meta property=\"og:locale\" content=\"pl_PL\" \/>\n<meta property=\"og:type\" content=\"article\" \/>\n<meta property=\"og:title\" content=\"Jak si\u0119 ubra\u0107, by w pe\u0142ni wykorzysta\u0107 sezon jesienny\" \/>\n<meta property=\"og:description\" content=\"Jesie\u0144 jest najlepsz\u0105 por\u0105 roku dla wielu kolarzy. Co prawda s\u0142o\u0144ce nie \u015bwieci ju\u017c tak cz\u0119sto, ale \u015bwie\u017ce, rze\u015bkie powietrze [&hellip;]\" \/>\n<meta property=\"og:url\" content=\"https:\/\/www.welovecycling.com\/pl\/2018\/11\/14\/jak-sie-ubrac-by-w-pelni-wykorzystac-sezon-jesienny\/\" \/>\n<meta property=\"og:site_name\" content=\"\u0160koda We Love Cycling - Poland\" \/>\n<meta property=\"article:published_time\" content=\"2018-11-14T12:16:02+00:00\" \/>\n<meta property=\"article:modified_time\" content=\"2018-11-14T22:27:21+00:00\" \/>\n<meta property=\"og:image\" content=\"https:\/\/d2p6e6u75xmxt8.cloudfront.net\/5\/2018\/11\/475745457457-1024x450.jpg\" \/>\n\t<meta property=\"og:image:width\" content=\"1024\" \/>\n\t<meta property=\"og:image:height\" content=\"450\" \/>\n\t<meta property=\"og:image:type\" content=\"image\/jpeg\" \/>\n<meta name=\"author\" content=\"piotrboczkowski\" \/>\n<meta name=\"twitter:card\" content=\"summary_large_image\" \/>\n<meta name=\"twitter:label1\" content=\"Written by\" \/>\n\t<meta name=\"twitter:data1\" content=\"Megan Flottorp\" \/>\n\t<meta name=\"twitter:label2\" content=\"Est. reading time\" \/>\n\t<meta name=\"twitter:data2\" content=\"3\" \/>\n<script type=\"application\/ld+json\" class=\"yoast-schema-graph\">{\"@context\":\"https:\/\/schema.org\",\"@graph\":[{\"@type\":\"WebPage\",\"@id\":\"https:\/\/www.welovecycling.com\/pl\/2018\/11\/14\/jak-sie-ubrac-by-w-pelni-wykorzystac-sezon-jesienny\/\",\"url\":\"https:\/\/www.welovecycling.com\/pl\/2018\/11\/14\/jak-sie-ubrac-by-w-pelni-wykorzystac-sezon-jesienny\/\",\"name\":\"Jak si\u0119 ubra\u0107, by w pe\u0142ni wykorzysta\u0107 sezon jesienny - \u0160koda We Love Cycling - Poland\",\"isPartOf\":{\"@id\":\"https:\/\/www.welovecycling.com\/pl\/#website\"},\"primaryImageOfPage\":{\"@id\":\"https:\/\/www.welovecycling.com\/pl\/2018\/11\/14\/jak-sie-ubrac-by-w-pelni-wykorzystac-sezon-jesienny\/#primaryimage\"},\"image\":{\"@id\":\"https:\/\/www.welovecycling.com\/pl\/2018\/11\/14\/jak-sie-ubrac-by-w-pelni-wykorzystac-sezon-jesienny\/#primaryimage\"},\"thumbnailUrl\":\"https:\/\/d2p6e6u75xmxt8.cloudfront.net\/5\/2018\/11\/475745457457-1024x450.jpg\",\"datePublished\":\"2018-11-14T12:16:02+00:00\",\"dateModified\":\"2018-11-14T22:27:21+00:00\",\"author\":{\"@id\":\"https:\/\/www.welovecycling.com\/pl\/#\/schema\/person\/0dba2d39da943db9df3fd8f4687e7f23\"},\"breadcrumb\":{\"@id\":\"https:\/\/www.welovecycling.com\/pl\/2018\/11\/14\/jak-sie-ubrac-by-w-pelni-wykorzystac-sezon-jesienny\/#breadcrumb\"},\"inLanguage\":\"pl-PL\",\"potentialAction\":[{\"@type\":\"ReadAction\",\"target\":[\"https:\/\/www.welovecycling.com\/pl\/2018\/11\/14\/jak-sie-ubrac-by-w-pelni-wykorzystac-sezon-jesienny\/\"]}]},{\"@type\":\"ImageObject\",\"inLanguage\":\"pl-PL\",\"@id\":\"https:\/\/www.welovecycling.com\/pl\/2018\/11\/14\/jak-sie-ubrac-by-w-pelni-wykorzystac-sezon-jesienny\/#primaryimage\",\"url\":\"https:\/\/d2p6e6u75xmxt8.cloudfront.net\/5\/2018\/11\/475745457457-1024x450.jpg\",\"contentUrl\":\"https:\/\/d2p6e6u75xmxt8.cloudfront.net\/5\/2018\/11\/475745457457-1024x450.jpg\",\"width\":1024,\"height\":450},{\"@type\":\"BreadcrumbList\",\"@id\":\"https:\/\/www.welovecycling.com\/pl\/2018\/11\/14\/jak-sie-ubrac-by-w-pelni-wykorzystac-sezon-jesienny\/#breadcrumb\",\"itemListElement\":[{\"@type\":\"ListItem\",\"position\":1,\"name\":\"Home\",\"item\":\"https:\/\/www.welovecycling.com\/pl\/\"},{\"@type\":\"ListItem\",\"position\":2,\"name\":\"Jak si\u0119 ubra\u0107, by w pe\u0142ni wykorzysta\u0107 sezon jesienny\"}]},{\"@type\":\"WebSite\",\"@id\":\"https:\/\/www.welovecycling.com\/pl\/#website\",\"url\":\"https:\/\/www.welovecycling.com\/pl\/\",\"name\":\"\u0160koda We Love Cycling - Poland\",\"description\":\"\",\"potentialAction\":[{\"@type\":\"SearchAction\",\"target\":{\"@type\":\"EntryPoint\",\"urlTemplate\":\"https:\/\/www.welovecycling.com\/pl\/?s={search_term_string}\"},\"query-input\":{\"@type\":\"PropertyValueSpecification\",\"valueRequired\":true,\"valueName\":\"search_term_string\"}}],\"inLanguage\":\"pl-PL\"},{\"@type\":\"Person\",\"@id\":\"https:\/\/www.welovecycling.com\/pl\/#\/schema\/person\/0dba2d39da943db9df3fd8f4687e7f23\",\"name\":\"piotrboczkowski\",\"image\":{\"@type\":\"ImageObject\",\"inLanguage\":\"pl-PL\",\"@id\":\"https:\/\/www.welovecycling.com\/pl\/#\/schema\/person\/image\/\",\"url\":\"https:\/\/secure.gravatar.com\/avatar\/533caccae14752e03a2ce2d3fd62d1b98b93e1393c3195c27819e53344ca1ace?s=96&d=mm&r=g\",\"contentUrl\":\"https:\/\/secure.gravatar.com\/avatar\/533caccae14752e03a2ce2d3fd62d1b98b93e1393c3195c27819e53344ca1ace?s=96&d=mm&r=g\",\"caption\":\"piotrboczkowski\"},\"url\":\"https:\/\/www.welovecycling.com\/pl\/author\/piotrboczkowski\/\"}]}<\/script>\n<!-- \/ Yoast SEO Premium plugin. -->","yoast_head_json":{"title":"Jak si\u0119 ubra\u0107, by w pe\u0142ni wykorzysta\u0107 sezon jesienny - \u0160koda We Love Cycling - Poland","robots":{"index":"index","follow":"follow","max-snippet":"max-snippet:-1","max-image-preview":"max-image-preview:large","max-video-preview":"max-video-preview:-1"},"canonical":"https:\/\/www.welovecycling.com\/pl\/2018\/11\/14\/jak-sie-ubrac-by-w-pelni-wykorzystac-sezon-jesienny\/","og_locale":"pl_PL","og_type":"article","og_title":"Jak si\u0119 ubra\u0107, by w pe\u0142ni wykorzysta\u0107 sezon jesienny","og_description":"Jesie\u0144 jest najlepsz\u0105 por\u0105 roku dla wielu kolarzy. Co prawda s\u0142o\u0144ce nie \u015bwieci ju\u017c tak cz\u0119sto, ale \u015bwie\u017ce, rze\u015bkie powietrze [&hellip;]","og_url":"https:\/\/www.welovecycling.com\/pl\/2018\/11\/14\/jak-sie-ubrac-by-w-pelni-wykorzystac-sezon-jesienny\/","og_site_name":"\u0160koda We Love Cycling - Poland","article_published_time":"2018-11-14T12:16:02+00:00","article_modified_time":"2018-11-14T22:27:21+00:00","og_image":[{"width":1024,"height":450,"url":"https:\/\/d2p6e6u75xmxt8.cloudfront.net\/5\/2018\/11\/475745457457-1024x450.jpg","type":"image\/jpeg"}],"author":"piotrboczkowski","twitter_card":"summary_large_image","twitter_misc":{"Written by":"Megan Flottorp","Est. reading time":"3"},"schema":{"@context":"https:\/\/schema.org","@graph":[{"@type":"WebPage","@id":"https:\/\/www.welovecycling.com\/pl\/2018\/11\/14\/jak-sie-ubrac-by-w-pelni-wykorzystac-sezon-jesienny\/","url":"https:\/\/www.welovecycling.com\/pl\/2018\/11\/14\/jak-sie-ubrac-by-w-pelni-wykorzystac-sezon-jesienny\/","name":"Jak si\u0119 ubra\u0107, by w pe\u0142ni wykorzysta\u0107 sezon jesienny - \u0160koda We Love Cycling - Poland","isPartOf":{"@id":"https:\/\/www.welovecycling.com\/pl\/#website"},"primaryImageOfPage":{"@id":"https:\/\/www.welovecycling.com\/pl\/2018\/11\/14\/jak-sie-ubrac-by-w-pelni-wykorzystac-sezon-jesienny\/#primaryimage"},"image":{"@id":"https:\/\/www.welovecycling.com\/pl\/2018\/11\/14\/jak-sie-ubrac-by-w-pelni-wykorzystac-sezon-jesienny\/#primaryimage"},"thumbnailUrl":"https:\/\/d2p6e6u75xmxt8.cloudfront.net\/5\/2018\/11\/475745457457-1024x450.jpg","datePublished":"2018-11-14T12:16:02+00:00","dateModified":"2018-11-14T22:27:21+00:00","author":{"@id":"https:\/\/www.welovecycling.com\/pl\/#\/schema\/person\/0dba2d39da943db9df3fd8f4687e7f23"},"breadcrumb":{"@id":"https:\/\/www.welovecycling.com\/pl\/2018\/11\/14\/jak-sie-ubrac-by-w-pelni-wykorzystac-sezon-jesienny\/#breadcrumb"},"inLanguage":"pl-PL","potentialAction":[{"@type":"ReadAction","target":["https:\/\/www.welovecycling.com\/pl\/2018\/11\/14\/jak-sie-ubrac-by-w-pelni-wykorzystac-sezon-jesienny\/"]}]},{"@type":"ImageObject","inLanguage":"pl-PL","@id":"https:\/\/www.welovecycling.com\/pl\/2018\/11\/14\/jak-sie-ubrac-by-w-pelni-wykorzystac-sezon-jesienny\/#primaryimage","url":"https:\/\/d2p6e6u75xmxt8.cloudfront.net\/5\/2018\/11\/475745457457-1024x450.jpg","contentUrl":"https:\/\/d2p6e6u75xmxt8.cloudfront.net\/5\/2018\/11\/475745457457-1024x450.jpg","width":1024,"height":450},{"@type":"BreadcrumbList","@id":"https:\/\/www.welovecycling.com\/pl\/2018\/11\/14\/jak-sie-ubrac-by-w-pelni-wykorzystac-sezon-jesienny\/#breadcrumb","itemListElement":[{"@type":"ListItem","position":1,"name":"Home","item":"https:\/\/www.welovecycling.com\/pl\/"},{"@type":"ListItem","position":2,"name":"Jak si\u0119 ubra\u0107, by w pe\u0142ni wykorzysta\u0107 sezon jesienny"}]},{"@type":"WebSite","@id":"https:\/\/www.welovecycling.com\/pl\/#website","url":"https:\/\/www.welovecycling.com\/pl\/","name":"\u0160koda We Love Cycling - Poland","description":"","potentialAction":[{"@type":"SearchAction","target":{"@type":"EntryPoint","urlTemplate":"https:\/\/www.welovecycling.com\/pl\/?s={search_term_string}"},"query-input":{"@type":"PropertyValueSpecification","valueRequired":true,"valueName":"search_term_string"}}],"inLanguage":"pl-PL"},{"@type":"Person","@id":"https:\/\/www.welovecycling.com\/pl\/#\/schema\/person\/0dba2d39da943db9df3fd8f4687e7f23","name":"piotrboczkowski","image":{"@type":"ImageObject","inLanguage":"pl-PL","@id":"https:\/\/www.welovecycling.com\/pl\/#\/schema\/person\/image\/","url":"https:\/\/secure.gravatar.com\/avatar\/533caccae14752e03a2ce2d3fd62d1b98b93e1393c3195c27819e53344ca1ace?s=96&d=mm&r=g","contentUrl":"https:\/\/secure.gravatar.com\/avatar\/533caccae14752e03a2ce2d3fd62d1b98b93e1393c3195c27819e53344ca1ace?s=96&d=mm&r=g","caption":"piotrboczkowski"},"url":"https:\/\/www.welovecycling.com\/pl\/author\/piotrboczkowski\/"}]}},"_links":{"self":[{"href":"https:\/\/www.welovecycling.com\/pl\/wp-json\/wp\/v2\/posts\/8092","targetHints":{"allow":["GET"]}}],"collection":[{"href":"https:\/\/www.welovecycling.com\/pl\/wp-json\/wp\/v2\/posts"}],"about":[{"href":"https:\/\/www.welovecycling.com\/pl\/wp-json\/wp\/v2\/types\/post"}],"author":[{"embeddable":true,"href":"https:\/\/www.welovecycling.com\/pl\/wp-json\/wp\/v2\/users\/76"}],"replies":[{"embeddable":true,"href":"https:\/\/www.welovecycling.com\/pl\/wp-json\/wp\/v2\/comments?post=8092"}],"version-history":[{"count":1,"href":"https:\/\/www.welovecycling.com\/pl\/wp-json\/wp\/v2\/posts\/8092\/revisions"}],"predecessor-version":[{"id":8096,"href":"https:\/\/www.welovecycling.com\/pl\/wp-json\/wp\/v2\/posts\/8092\/revisions\/8096"}],"wp:featuredmedia":[{"embeddable":true,"href":"https:\/\/www.welovecycling.com\/pl\/wp-json\/wp\/v2\/media\/8093"}],"wp:attachment":[{"href":"https:\/\/www.welovecycling.com\/pl\/wp-json\/wp\/v2\/media?parent=8092"}],"wp:term":[{"taxonomy":"category","embeddable":true,"href":"https:\/\/www.welovecycling.com\/pl\/wp-json\/wp\/v2\/categories?post=8092"},{"taxonomy":"post_tag","embeddable":true,"href":"https:\/\/www.welovecycling.com\/pl\/wp-json\/wp\/v2\/tags?post=8092"},{"taxonomy":"global-categories","embeddable":true,"href":"https:\/\/www.welovecycling.com\/pl\/wp-json\/wp\/v2\/global-categories?post=8092"}],"curies":[{"name":"wp","href":"https:\/\/api.w.org\/{rel}","templated":true}]}}