{"id":8086,"date":"2018-11-13T17:53:17","date_gmt":"2018-11-13T17:53:17","guid":{"rendered":"https:\/\/www.welovecycling.com\/pl\/?p=8086"},"modified":"2018-11-14T22:37:47","modified_gmt":"2018-11-14T22:37:47","slug":"rowery-elektryczne-zalewaja-miasta-czy-to-rewolucja-transportu-miejskiego","status":"publish","type":"post","link":"https:\/\/www.welovecycling.com\/pl\/2018\/11\/13\/rowery-elektryczne-zalewaja-miasta-czy-to-rewolucja-transportu-miejskiego\/","title":{"rendered":"Rowery elektryczne zalewaj\u0105 miasta: czy to rewolucja transportu miejskiego?"},"content":{"rendered":"<p><strong>S\u0105 zwrotne, niezbyt drogie, a przy tym mog\u0105 polepszy\u0107 nasze zdrowie i mobilno\u015b\u0107. Mowa o rowerach elektrycznych, kt\u00f3re ostatnio staj\u0105 si\u0119 coraz bardziej popularne. \u015awiadomy konsument mieszkaj\u0105cy w mie\u015bcie podejrzewa ju\u017c zapewne, \u017ce samochody nie s\u0105 zbyt przysz\u0142o\u015bciowym rozwi\u0105zaniem. Coraz bardziej zat\u0142oczone infrastruktury wi\u0119kszych miast potrzebuj\u0105 \u201emikropojazd\u00f3w\u201d \u2013 jak nazwano skutery i rowery elektryczne.<\/strong><\/p>\n<p>Rowery elektryczne mog\u0105 pom\u00f3c, gdy nasz starszy krewny nie ma do\u015b\u0107 si\u0142, by wjecha\u0107 na bardziej stromy podjazd na zwyk\u0142ym rowerze. Wystarczy troch\u0119 elektrycznego wsparcia, a babcia Joan bez trudu poradzi sobie z wyprzedzeniem Petera Sagana.<\/p>\n<p>Zw\u0142aszcza w krajach Europy i Azji zar\u00f3wno rowery elektryczne, jak i te miejskie, wsp\u00f3\u0142dzielone, prze\u017cywaj\u0105 prawdziwy boom. Po pierwszych nieudanych pr\u00f3bach w\u0142\u0105czenie tych pojazd\u00f3w do codziennej rzeczywisto\u015bci poruszania si\u0119 po mie\u015bcie w ko\u0144cu zaczyna przynosi\u0107 pozytywne efekty.<\/p>\n<p>Zobaczmy, co na razie wiadomo o u\u017cywaniu rower\u00f3w elektrycznych. Maarten Kroesen z University of Technology z Delft w Holandii by\u0142a ciekawa, jakie \u015brodki transportu s\u0105 zast\u0119powane przez ten jedno\u015blad \u2013 przeprowadzi\u0142a wi\u0119c <u>badania<\/u> na ten temat w 2017 roku. Wykaza\u0142y one, \u017ce pomimo zmniejszenia popularno\u015bci samochod\u00f3w i transportu publicznego rowery elektryczne maj\u0105 przede wszystkim najwi\u0119kszy wp\u0142yw na u\u017cytkownik\u00f3w rower\u00f3w. M\u00f3wi\u0105c wprost, ludzie wol\u0105 wybra\u0107 si\u0119 na wycieczk\u0119 rowerem z dodatkowym nap\u0119dem ni\u017c klasycznym jedno\u015bladem nap\u0119dzanym tylko si\u0142\u0105 mi\u0119\u015bni. Miejsce zamieszkania tak\u017ce wp\u0142ywa na spos\u00f3b wykorzystania tego \u015brodka transportu. W chi\u0144skich miastach o wysokiej jako\u015bci komunikacji miejskiej rowery elektryczne zast\u0119puj\u0105 autobusy, a w tych o transporcie ni\u017cszej jako\u015bci \u2013 normalne wycieczki rowerowe. W Australii, Kanadzie i miastach Stan\u00f3w Zjednoczonych, gdzie ruch samochodowy wiedzie prym, rowery elektryczne s\u0105 u\u017cywane jako normalny \u015brodek transportu. W miastach europejskich o du\u017cym nat\u0119\u017ceniu ruchu rowerowego \u2013 zast\u0119puj\u0105 klasyczn\u0105 komunikacj\u0119 rowerow\u0105 i samochodow\u0105.<\/p>\n<p><a href=\"https:\/\/d2p6e6u75xmxt8.cloudfront.net\/5\/2018\/11\/11.jpg\"><img loading=\"lazy\" decoding=\"async\" class=\"size-large wp-image-8088 aligncenter\" src=\"https:\/\/d2p6e6u75xmxt8.cloudfront.net\/5\/2018\/11\/11-683x1024.jpg\" alt=\"\" width=\"683\" height=\"1024\" srcset=\"https:\/\/d2p6e6u75xmxt8.cloudfront.net\/5\/2018\/11\/11-683x1024.jpg 683w, https:\/\/d2p6e6u75xmxt8.cloudfront.net\/5\/2018\/11\/11-200x300.jpg 200w, https:\/\/d2p6e6u75xmxt8.cloudfront.net\/5\/2018\/11\/11-768x1151.jpg 768w, https:\/\/d2p6e6u75xmxt8.cloudfront.net\/5\/2018\/11\/11.jpg 1200w\" sizes=\"auto, (max-width: 683px) 100vw, 683px\" \/><\/a><\/p>\n<p style=\"font-size: 16px; text-align: center;\"><em>D<\/em><em>roga rowerowa w Auckland w Nowej Zelandii. \u0179r\u00f3d\u0142o: Dan Freeman\/Unsplash<\/em><\/p>\n<p><span style=\"font-size: 16px;\">Wiele bada\u0144 wykaza\u0142o, \u017ce starsze osoby oraz og\u00f3lnie kobiety (np. z Australii) bardziej chc\u0105 mie\u0107 rower elektrycz<\/span>ny. Kirsty Wild z Auckland University w Nowej Zelandii przeprowadzi\u0142a podobne badanie w Auckland i dosz\u0142a do wniosku, \u017ce 20% ca\u0142ej populacji rowerzyst\u00f3w stanowi\u0105 kobiety, z czego 41% pa\u0144 u\u017cywa regularnie rower\u00f3w elektrycznych. Wyniki jej bada\u0144 wskazywa\u0142y na kilka przyczyn, dla kt\u00f3rych kobiety wol\u0105 wersj\u0119 jedno\u015blad\u00f3w z dodatkowym nap\u0119dem\u2026 Mo\u017cliwo\u015b\u0107 wybrania si\u0119 na d\u0142u\u017csz\u0105 wycieczk\u0119, zabrania wi\u0119kszej ilo\u015bci rzeczy oraz odwiedzenie kilku miejsc jedno po drugim (szko\u0142a, sklep, praca) bez nadmiernego wysi\u0142ku i pocenia si\u0119. Obydwa badania sugeruj\u0105, \u017ce najpopularniejszy \u015brodek transportu \u2013 samoch\u00f3d \u2013 mo\u017ce zosta\u0107 zast\u0105piony przez mikropojazdy, jako \u017ce ludzie wyra\u017caj\u0105 ch\u0119\u0107 pokonywania d\u0142u\u017cszych dystans\u00f3w z niewielk\u0105 pomoc\u0105, jak\u0105 daje silnik elektryczny. Najwa\u017cniejsze jest to, \u017ce przesiadka z samochod\u00f3w na rowery elektryczne zmniejszy ilo\u015b\u0107 spalin. Transport jest najwi\u0119ksz\u0105 przyczyn\u0105 emisji gaz\u00f3w cieplarnianych w USA \u2013 je\u015bli chcemy zmniejszy\u0107 t\u0119 ilo\u015b\u0107 o 45% przed rokiem 2030, trzeba dzia\u0142a\u0107 szybko.<\/p>\n<p>Oczywi\u015bcie samo wprowadzenie rower\u00f3w elektrycznych nie wp\u0142ynie magicznie na zmniejszenie \u015bladu w\u0119glowego i polepszenie naszego zdrowia. Trzeba jeszcze zaznaczy\u0107, \u017ce spotykaj\u0105 si\u0119 one r\u00f3wnie\u017c ze sprzeciwem. Po pierwsze, infrastruktura mo\u017ce nie by\u0107 na to gotowa \u2013 zbudowanie \u015bcie\u017cek rowerowych w niekt\u00f3rych miastach mo\u017ce graniczy\u0107 z cudem, zw\u0142aszcza w Ameryce P\u00f3\u0142nocnej, gdzie piesi walcz\u0105 o ka\u017cdy centymetr i tak w\u0105skich chodnik\u00f3w. Po drugie, chocia\u017c wycieczki na rowerach elektrycznych mog\u0105 by\u0107 d\u0142u\u017csze, to wysi\u0142ek w\u0142o\u017cony w jazd\u0119 na tym poje\u017adzie jest mniejszy ni\u017c w przypadku zwyk\u0142ych rower\u00f3w. Badania wykaza\u0142y jednak, \u017ce mimo mniejszego wysi\u0142ku przeci\u0119tny u\u017cytkownik takiego \u201ewspomaganego\u201d roweru wybiera si\u0119 na cz\u0119stsze i d\u0142u\u017csze wycieczki. Dzi\u0119ki temu takie osoby podejmuj\u0105 wci\u0105\u017c wysi\u0142ek oceniany jako \u015brednio wzmo\u017cony \u2013 dok\u0142adnie taki sam, jak w przypadku jazdy na zwyk\u0142ym rowerze.<\/p>\n<p>Za wcze\u015bnie jeszcze ocenia\u0107, kt\u00f3ry kierunek obierze transport w mie\u015bcie, ale rowery z silnikami elektrycznymi ju\u017c dowodz\u0105, \u017ce s\u0105 lepszym rozwi\u0105zaniem dla wi\u0119kszych populacji.<\/p>\n","protected":false},"excerpt":{"rendered":"<p>S\u0105 zwrotne, niezbyt drogie, a przy tym mog\u0105 polepszy\u0107 nasze zdrowie i mobilno\u015b\u0107. Mowa o rowerach elektrycznych, kt\u00f3re ostatnio staj\u0105 [&hellip;]<\/p>\n","protected":false},"author":76,"featured_media":8087,"comment_status":"open","ping_status":"open","sticky":false,"template":"","format":"standard","meta":{"footnotes":""},"categories":[226],"tags":[],"global-categories":[],"class_list":["post-8086","post","type-post","status-publish","format-standard","has-post-thumbnail","hentry","category-ciekawostki"],"yoast_head":"<!-- This site is optimized with the Yoast SEO Premium plugin v25.3 (Yoast SEO v25.9) - https:\/\/yoast.com\/wordpress\/plugins\/seo\/ -->\n<title>Rowery elektryczne zalewaj\u0105 miasta: czy to rewolucja transportu miejskiego? - \u0160koda We Love Cycling - Poland<\/title>\n<meta name=\"robots\" content=\"index, follow, max-snippet:-1, max-image-preview:large, max-video-preview:-1\" \/>\n<link rel=\"canonical\" href=\"https:\/\/www.welovecycling.com\/pl\/2018\/11\/13\/rowery-elektryczne-zalewaja-miasta-czy-to-rewolucja-transportu-miejskiego\/\" \/>\n<meta property=\"og:locale\" content=\"pl_PL\" \/>\n<meta property=\"og:type\" content=\"article\" \/>\n<meta property=\"og:title\" content=\"Rowery elektryczne zalewaj\u0105 miasta: czy to rewolucja transportu miejskiego?\" \/>\n<meta property=\"og:description\" content=\"S\u0105 zwrotne, niezbyt drogie, a przy tym mog\u0105 polepszy\u0107 nasze zdrowie i mobilno\u015b\u0107. Mowa o rowerach elektrycznych, kt\u00f3re ostatnio staj\u0105 [&hellip;]\" \/>\n<meta property=\"og:url\" content=\"https:\/\/www.welovecycling.com\/pl\/2018\/11\/13\/rowery-elektryczne-zalewaja-miasta-czy-to-rewolucja-transportu-miejskiego\/\" \/>\n<meta property=\"og:site_name\" content=\"\u0160koda We Love Cycling - Poland\" \/>\n<meta property=\"article:published_time\" content=\"2018-11-13T17:53:17+00:00\" \/>\n<meta property=\"article:modified_time\" content=\"2018-11-14T22:37:47+00:00\" \/>\n<meta property=\"og:image\" content=\"https:\/\/d2p6e6u75xmxt8.cloudfront.net\/5\/2018\/11\/cvr-2-1024x450.jpg\" \/>\n\t<meta property=\"og:image:width\" content=\"1024\" \/>\n\t<meta property=\"og:image:height\" content=\"450\" \/>\n\t<meta property=\"og:image:type\" content=\"image\/jpeg\" \/>\n<meta name=\"author\" content=\"piotrboczkowski\" \/>\n<meta name=\"twitter:card\" content=\"summary_large_image\" \/>\n<meta name=\"twitter:label1\" content=\"Written by\" \/>\n\t<meta name=\"twitter:data1\" content=\"Frantiska Blazkova\" \/>\n\t<meta name=\"twitter:label2\" content=\"Est. reading time\" \/>\n\t<meta name=\"twitter:data2\" content=\"4\" \/>\n<script type=\"application\/ld+json\" class=\"yoast-schema-graph\">{\"@context\":\"https:\/\/schema.org\",\"@graph\":[{\"@type\":\"WebPage\",\"@id\":\"https:\/\/www.welovecycling.com\/pl\/2018\/11\/13\/rowery-elektryczne-zalewaja-miasta-czy-to-rewolucja-transportu-miejskiego\/\",\"url\":\"https:\/\/www.welovecycling.com\/pl\/2018\/11\/13\/rowery-elektryczne-zalewaja-miasta-czy-to-rewolucja-transportu-miejskiego\/\",\"name\":\"Rowery elektryczne zalewaj\u0105 miasta: czy to rewolucja transportu miejskiego? - \u0160koda We Love Cycling - Poland\",\"isPartOf\":{\"@id\":\"https:\/\/www.welovecycling.com\/pl\/#website\"},\"primaryImageOfPage\":{\"@id\":\"https:\/\/www.welovecycling.com\/pl\/2018\/11\/13\/rowery-elektryczne-zalewaja-miasta-czy-to-rewolucja-transportu-miejskiego\/#primaryimage\"},\"image\":{\"@id\":\"https:\/\/www.welovecycling.com\/pl\/2018\/11\/13\/rowery-elektryczne-zalewaja-miasta-czy-to-rewolucja-transportu-miejskiego\/#primaryimage\"},\"thumbnailUrl\":\"https:\/\/d2p6e6u75xmxt8.cloudfront.net\/5\/2018\/11\/cvr-2-1024x450.jpg\",\"datePublished\":\"2018-11-13T17:53:17+00:00\",\"dateModified\":\"2018-11-14T22:37:47+00:00\",\"author\":{\"@id\":\"https:\/\/www.welovecycling.com\/pl\/#\/schema\/person\/0dba2d39da943db9df3fd8f4687e7f23\"},\"breadcrumb\":{\"@id\":\"https:\/\/www.welovecycling.com\/pl\/2018\/11\/13\/rowery-elektryczne-zalewaja-miasta-czy-to-rewolucja-transportu-miejskiego\/#breadcrumb\"},\"inLanguage\":\"pl-PL\",\"potentialAction\":[{\"@type\":\"ReadAction\",\"target\":[\"https:\/\/www.welovecycling.com\/pl\/2018\/11\/13\/rowery-elektryczne-zalewaja-miasta-czy-to-rewolucja-transportu-miejskiego\/\"]}]},{\"@type\":\"ImageObject\",\"inLanguage\":\"pl-PL\",\"@id\":\"https:\/\/www.welovecycling.com\/pl\/2018\/11\/13\/rowery-elektryczne-zalewaja-miasta-czy-to-rewolucja-transportu-miejskiego\/#primaryimage\",\"url\":\"https:\/\/d2p6e6u75xmxt8.cloudfront.net\/5\/2018\/11\/cvr-2-1024x450.jpg\",\"contentUrl\":\"https:\/\/d2p6e6u75xmxt8.cloudfront.net\/5\/2018\/11\/cvr-2-1024x450.jpg\",\"width\":1024,\"height\":450},{\"@type\":\"BreadcrumbList\",\"@id\":\"https:\/\/www.welovecycling.com\/pl\/2018\/11\/13\/rowery-elektryczne-zalewaja-miasta-czy-to-rewolucja-transportu-miejskiego\/#breadcrumb\",\"itemListElement\":[{\"@type\":\"ListItem\",\"position\":1,\"name\":\"Home\",\"item\":\"https:\/\/www.welovecycling.com\/pl\/\"},{\"@type\":\"ListItem\",\"position\":2,\"name\":\"Rowery elektryczne zalewaj\u0105 miasta: czy to rewolucja transportu miejskiego?\"}]},{\"@type\":\"WebSite\",\"@id\":\"https:\/\/www.welovecycling.com\/pl\/#website\",\"url\":\"https:\/\/www.welovecycling.com\/pl\/\",\"name\":\"\u0160koda We Love Cycling - Poland\",\"description\":\"\",\"potentialAction\":[{\"@type\":\"SearchAction\",\"target\":{\"@type\":\"EntryPoint\",\"urlTemplate\":\"https:\/\/www.welovecycling.com\/pl\/?s={search_term_string}\"},\"query-input\":{\"@type\":\"PropertyValueSpecification\",\"valueRequired\":true,\"valueName\":\"search_term_string\"}}],\"inLanguage\":\"pl-PL\"},{\"@type\":\"Person\",\"@id\":\"https:\/\/www.welovecycling.com\/pl\/#\/schema\/person\/0dba2d39da943db9df3fd8f4687e7f23\",\"name\":\"piotrboczkowski\",\"image\":{\"@type\":\"ImageObject\",\"inLanguage\":\"pl-PL\",\"@id\":\"https:\/\/www.welovecycling.com\/pl\/#\/schema\/person\/image\/\",\"url\":\"https:\/\/secure.gravatar.com\/avatar\/533caccae14752e03a2ce2d3fd62d1b98b93e1393c3195c27819e53344ca1ace?s=96&d=mm&r=g\",\"contentUrl\":\"https:\/\/secure.gravatar.com\/avatar\/533caccae14752e03a2ce2d3fd62d1b98b93e1393c3195c27819e53344ca1ace?s=96&d=mm&r=g\",\"caption\":\"piotrboczkowski\"},\"url\":\"https:\/\/www.welovecycling.com\/pl\/author\/piotrboczkowski\/\"}]}<\/script>\n<!-- \/ Yoast SEO Premium plugin. -->","yoast_head_json":{"title":"Rowery elektryczne zalewaj\u0105 miasta: czy to rewolucja transportu miejskiego? - \u0160koda We Love Cycling - Poland","robots":{"index":"index","follow":"follow","max-snippet":"max-snippet:-1","max-image-preview":"max-image-preview:large","max-video-preview":"max-video-preview:-1"},"canonical":"https:\/\/www.welovecycling.com\/pl\/2018\/11\/13\/rowery-elektryczne-zalewaja-miasta-czy-to-rewolucja-transportu-miejskiego\/","og_locale":"pl_PL","og_type":"article","og_title":"Rowery elektryczne zalewaj\u0105 miasta: czy to rewolucja transportu miejskiego?","og_description":"S\u0105 zwrotne, niezbyt drogie, a przy tym mog\u0105 polepszy\u0107 nasze zdrowie i mobilno\u015b\u0107. Mowa o rowerach elektrycznych, kt\u00f3re ostatnio staj\u0105 [&hellip;]","og_url":"https:\/\/www.welovecycling.com\/pl\/2018\/11\/13\/rowery-elektryczne-zalewaja-miasta-czy-to-rewolucja-transportu-miejskiego\/","og_site_name":"\u0160koda We Love Cycling - Poland","article_published_time":"2018-11-13T17:53:17+00:00","article_modified_time":"2018-11-14T22:37:47+00:00","og_image":[{"width":1024,"height":450,"url":"https:\/\/d2p6e6u75xmxt8.cloudfront.net\/5\/2018\/11\/cvr-2-1024x450.jpg","type":"image\/jpeg"}],"author":"piotrboczkowski","twitter_card":"summary_large_image","twitter_misc":{"Written by":"Frantiska Blazkova","Est. reading time":"4"},"schema":{"@context":"https:\/\/schema.org","@graph":[{"@type":"WebPage","@id":"https:\/\/www.welovecycling.com\/pl\/2018\/11\/13\/rowery-elektryczne-zalewaja-miasta-czy-to-rewolucja-transportu-miejskiego\/","url":"https:\/\/www.welovecycling.com\/pl\/2018\/11\/13\/rowery-elektryczne-zalewaja-miasta-czy-to-rewolucja-transportu-miejskiego\/","name":"Rowery elektryczne zalewaj\u0105 miasta: czy to rewolucja transportu miejskiego? - \u0160koda We Love Cycling - Poland","isPartOf":{"@id":"https:\/\/www.welovecycling.com\/pl\/#website"},"primaryImageOfPage":{"@id":"https:\/\/www.welovecycling.com\/pl\/2018\/11\/13\/rowery-elektryczne-zalewaja-miasta-czy-to-rewolucja-transportu-miejskiego\/#primaryimage"},"image":{"@id":"https:\/\/www.welovecycling.com\/pl\/2018\/11\/13\/rowery-elektryczne-zalewaja-miasta-czy-to-rewolucja-transportu-miejskiego\/#primaryimage"},"thumbnailUrl":"https:\/\/d2p6e6u75xmxt8.cloudfront.net\/5\/2018\/11\/cvr-2-1024x450.jpg","datePublished":"2018-11-13T17:53:17+00:00","dateModified":"2018-11-14T22:37:47+00:00","author":{"@id":"https:\/\/www.welovecycling.com\/pl\/#\/schema\/person\/0dba2d39da943db9df3fd8f4687e7f23"},"breadcrumb":{"@id":"https:\/\/www.welovecycling.com\/pl\/2018\/11\/13\/rowery-elektryczne-zalewaja-miasta-czy-to-rewolucja-transportu-miejskiego\/#breadcrumb"},"inLanguage":"pl-PL","potentialAction":[{"@type":"ReadAction","target":["https:\/\/www.welovecycling.com\/pl\/2018\/11\/13\/rowery-elektryczne-zalewaja-miasta-czy-to-rewolucja-transportu-miejskiego\/"]}]},{"@type":"ImageObject","inLanguage":"pl-PL","@id":"https:\/\/www.welovecycling.com\/pl\/2018\/11\/13\/rowery-elektryczne-zalewaja-miasta-czy-to-rewolucja-transportu-miejskiego\/#primaryimage","url":"https:\/\/d2p6e6u75xmxt8.cloudfront.net\/5\/2018\/11\/cvr-2-1024x450.jpg","contentUrl":"https:\/\/d2p6e6u75xmxt8.cloudfront.net\/5\/2018\/11\/cvr-2-1024x450.jpg","width":1024,"height":450},{"@type":"BreadcrumbList","@id":"https:\/\/www.welovecycling.com\/pl\/2018\/11\/13\/rowery-elektryczne-zalewaja-miasta-czy-to-rewolucja-transportu-miejskiego\/#breadcrumb","itemListElement":[{"@type":"ListItem","position":1,"name":"Home","item":"https:\/\/www.welovecycling.com\/pl\/"},{"@type":"ListItem","position":2,"name":"Rowery elektryczne zalewaj\u0105 miasta: czy to rewolucja transportu miejskiego?"}]},{"@type":"WebSite","@id":"https:\/\/www.welovecycling.com\/pl\/#website","url":"https:\/\/www.welovecycling.com\/pl\/","name":"\u0160koda We Love Cycling - Poland","description":"","potentialAction":[{"@type":"SearchAction","target":{"@type":"EntryPoint","urlTemplate":"https:\/\/www.welovecycling.com\/pl\/?s={search_term_string}"},"query-input":{"@type":"PropertyValueSpecification","valueRequired":true,"valueName":"search_term_string"}}],"inLanguage":"pl-PL"},{"@type":"Person","@id":"https:\/\/www.welovecycling.com\/pl\/#\/schema\/person\/0dba2d39da943db9df3fd8f4687e7f23","name":"piotrboczkowski","image":{"@type":"ImageObject","inLanguage":"pl-PL","@id":"https:\/\/www.welovecycling.com\/pl\/#\/schema\/person\/image\/","url":"https:\/\/secure.gravatar.com\/avatar\/533caccae14752e03a2ce2d3fd62d1b98b93e1393c3195c27819e53344ca1ace?s=96&d=mm&r=g","contentUrl":"https:\/\/secure.gravatar.com\/avatar\/533caccae14752e03a2ce2d3fd62d1b98b93e1393c3195c27819e53344ca1ace?s=96&d=mm&r=g","caption":"piotrboczkowski"},"url":"https:\/\/www.welovecycling.com\/pl\/author\/piotrboczkowski\/"}]}},"_links":{"self":[{"href":"https:\/\/www.welovecycling.com\/pl\/wp-json\/wp\/v2\/posts\/8086","targetHints":{"allow":["GET"]}}],"collection":[{"href":"https:\/\/www.welovecycling.com\/pl\/wp-json\/wp\/v2\/posts"}],"about":[{"href":"https:\/\/www.welovecycling.com\/pl\/wp-json\/wp\/v2\/types\/post"}],"author":[{"embeddable":true,"href":"https:\/\/www.welovecycling.com\/pl\/wp-json\/wp\/v2\/users\/76"}],"replies":[{"embeddable":true,"href":"https:\/\/www.welovecycling.com\/pl\/wp-json\/wp\/v2\/comments?post=8086"}],"version-history":[{"count":2,"href":"https:\/\/www.welovecycling.com\/pl\/wp-json\/wp\/v2\/posts\/8086\/revisions"}],"predecessor-version":[{"id":8091,"href":"https:\/\/www.welovecycling.com\/pl\/wp-json\/wp\/v2\/posts\/8086\/revisions\/8091"}],"wp:featuredmedia":[{"embeddable":true,"href":"https:\/\/www.welovecycling.com\/pl\/wp-json\/wp\/v2\/media\/8087"}],"wp:attachment":[{"href":"https:\/\/www.welovecycling.com\/pl\/wp-json\/wp\/v2\/media?parent=8086"}],"wp:term":[{"taxonomy":"category","embeddable":true,"href":"https:\/\/www.welovecycling.com\/pl\/wp-json\/wp\/v2\/categories?post=8086"},{"taxonomy":"post_tag","embeddable":true,"href":"https:\/\/www.welovecycling.com\/pl\/wp-json\/wp\/v2\/tags?post=8086"},{"taxonomy":"global-categories","embeddable":true,"href":"https:\/\/www.welovecycling.com\/pl\/wp-json\/wp\/v2\/global-categories?post=8086"}],"curies":[{"name":"wp","href":"https:\/\/api.w.org\/{rel}","templated":true}]}}