{"id":8068,"date":"2018-11-05T18:01:50","date_gmt":"2018-11-05T18:01:50","guid":{"rendered":"https:\/\/www.welovecycling.com\/pl\/?p=8068"},"modified":"2018-11-05T21:14:00","modified_gmt":"2018-11-05T21:14:00","slug":"francuzi-beda-obowiazkowo-rejestrowac-rowery-nowa-metoda-na-walke-ze-zlodziejami","status":"publish","type":"post","link":"https:\/\/www.welovecycling.com\/pl\/2018\/11\/05\/francuzi-beda-obowiazkowo-rejestrowac-rowery-nowa-metoda-na-walke-ze-zlodziejami\/","title":{"rendered":"Francuzi b\u0119d\u0105 obowi\u0105zkowo rejestrowa\u0107 rowery? Nowa metoda na walk\u0119 ze z\u0142odziejami."},"content":{"rendered":"<p><strong>Wkr\u00f3tce francuscy rowerzy\u015bci mog\u0105 stan\u0105\u0107 przed konieczno\u015bci\u0105 rejestracji swoich jedno\u015blad\u00f3w. Francuski rz\u0105d wierzy, \u017ce pojawienie si\u0119 tablic rejestracyjnych na rowerach mo\u017ce zmniejszy\u0107 liczb\u0119 kradzie\u017cy i zach\u0119ci\u0107 wi\u0119cej os\u00f3b do jazdy. Obecnie jedynie 3% codziennych przejazd\u00f3w we Francji odbywa si\u0119 na rowerze. \u015arednia europejska jest dwukrotnie wy\u017csza.<\/strong><\/p>\n<p>\u201eRower jest solidn\u0105 odpowiedzi\u0105 na transportowe potrzeby Francuz\u00f3w i efektywnym sposobem przyspieszenia ekologicznych przemian w kraju\u201d \u2013 stwierdzi\u0142 premier \u00c9douard Philippe.<\/p>\n<p>Rowerzy\u015bci powinni otrzyma\u0107 certyfikat w\u0142asno\u015bci podobny do dowodu rejestracyjnego samochodu. Dokument nale\u017ca\u0142oby okaza\u0107 policjantom podczas kontroli drogowej. Ka\u017cdy rower powinien by\u0107 oznaczony \u201eczytelnie, trwale, nieusuwalnie i niepodrabialnie w widocznym miejscu\u201d. Dzia\u0142ania s\u0105 cz\u0119\u015bci\u0105 programu \u201ePlan V\u00e9lo\u201d zawieraj\u0105cego 25 punkt\u00f3w i kosztuj\u0105cego 350 milion\u00f3w euro, kt\u00f3ry powinien zosta\u0107 og\u0142oszony w ca\u0142o\u015bci do ko\u0144ca roku. Je\u015bli nie pojawi\u0105 si\u0119 powa\u017cne przeszkody, program zostanie wdro\u017cony w 2020 roku. Jego autorzy zak\u0142adaj\u0105, \u017ce do 2024 roku liczba kr\u00f3tkich podr\u00f3\u017cy rowerowych wzro\u015bnie trzykrotnie.<\/p>\n","protected":false},"excerpt":{"rendered":"<p>Wkr\u00f3tce francuscy rowerzy\u015bci mog\u0105 stan\u0105\u0107 przed konieczno\u015bci\u0105 rejestracji swoich jedno\u015blad\u00f3w. Francuski rz\u0105d wierzy, \u017ce pojawienie si\u0119 tablic rejestracyjnych na rowerach [&hellip;]<\/p>\n","protected":false},"author":76,"featured_media":8069,"comment_status":"open","ping_status":"open","sticky":false,"template":"","format":"standard","meta":{"footnotes":""},"categories":[226,1],"tags":[],"global-categories":[],"class_list":["post-8068","post","type-post","status-publish","format-standard","has-post-thumbnail","hentry","category-ciekawostki","category-uncategorized"],"yoast_head":"<!-- This site is optimized with the Yoast SEO Premium plugin v25.3 (Yoast SEO v25.9) - https:\/\/yoast.com\/wordpress\/plugins\/seo\/ -->\n<title>Francuzi b\u0119d\u0105 obowi\u0105zkowo rejestrowa\u0107 rowery? Nowa metoda na walk\u0119 ze z\u0142odziejami. - \u0160koda We Love Cycling - Poland<\/title>\n<meta name=\"robots\" content=\"index, follow, max-snippet:-1, max-image-preview:large, max-video-preview:-1\" \/>\n<link rel=\"canonical\" href=\"https:\/\/www.welovecycling.com\/pl\/2018\/11\/05\/francuzi-beda-obowiazkowo-rejestrowac-rowery-nowa-metoda-na-walke-ze-zlodziejami\/\" \/>\n<meta property=\"og:locale\" content=\"pl_PL\" \/>\n<meta property=\"og:type\" content=\"article\" \/>\n<meta property=\"og:title\" content=\"Francuzi b\u0119d\u0105 obowi\u0105zkowo rejestrowa\u0107 rowery? Nowa metoda na walk\u0119 ze z\u0142odziejami.\" \/>\n<meta property=\"og:description\" content=\"Wkr\u00f3tce francuscy rowerzy\u015bci mog\u0105 stan\u0105\u0107 przed konieczno\u015bci\u0105 rejestracji swoich jedno\u015blad\u00f3w. Francuski rz\u0105d wierzy, \u017ce pojawienie si\u0119 tablic rejestracyjnych na rowerach [&hellip;]\" \/>\n<meta property=\"og:url\" content=\"https:\/\/www.welovecycling.com\/pl\/2018\/11\/05\/francuzi-beda-obowiazkowo-rejestrowac-rowery-nowa-metoda-na-walke-ze-zlodziejami\/\" \/>\n<meta property=\"og:site_name\" content=\"\u0160koda We Love Cycling - Poland\" \/>\n<meta property=\"article:published_time\" content=\"2018-11-05T18:01:50+00:00\" \/>\n<meta property=\"article:modified_time\" content=\"2018-11-05T21:14:00+00:00\" \/>\n<meta property=\"og:image\" content=\"https:\/\/d2p6e6u75xmxt8.cloudfront.net\/5\/2018\/11\/cvr-5-1024x450.jpg\" \/>\n\t<meta property=\"og:image:width\" content=\"1024\" \/>\n\t<meta property=\"og:image:height\" content=\"450\" \/>\n\t<meta property=\"og:image:type\" content=\"image\/jpeg\" \/>\n<meta name=\"author\" content=\"piotrboczkowski\" \/>\n<meta name=\"twitter:card\" content=\"summary_large_image\" \/>\n<meta name=\"twitter:label1\" content=\"Written by\" \/>\n\t<meta name=\"twitter:data1\" content=\"piotrboczkowski\" \/>\n\t<meta name=\"twitter:label2\" content=\"Est. reading time\" \/>\n\t<meta name=\"twitter:data2\" content=\"1 minute\" \/>\n<script type=\"application\/ld+json\" class=\"yoast-schema-graph\">{\"@context\":\"https:\/\/schema.org\",\"@graph\":[{\"@type\":\"WebPage\",\"@id\":\"https:\/\/www.welovecycling.com\/pl\/2018\/11\/05\/francuzi-beda-obowiazkowo-rejestrowac-rowery-nowa-metoda-na-walke-ze-zlodziejami\/\",\"url\":\"https:\/\/www.welovecycling.com\/pl\/2018\/11\/05\/francuzi-beda-obowiazkowo-rejestrowac-rowery-nowa-metoda-na-walke-ze-zlodziejami\/\",\"name\":\"Francuzi b\u0119d\u0105 obowi\u0105zkowo rejestrowa\u0107 rowery? Nowa metoda na walk\u0119 ze z\u0142odziejami. - \u0160koda We Love Cycling - Poland\",\"isPartOf\":{\"@id\":\"https:\/\/www.welovecycling.com\/pl\/#website\"},\"primaryImageOfPage\":{\"@id\":\"https:\/\/www.welovecycling.com\/pl\/2018\/11\/05\/francuzi-beda-obowiazkowo-rejestrowac-rowery-nowa-metoda-na-walke-ze-zlodziejami\/#primaryimage\"},\"image\":{\"@id\":\"https:\/\/www.welovecycling.com\/pl\/2018\/11\/05\/francuzi-beda-obowiazkowo-rejestrowac-rowery-nowa-metoda-na-walke-ze-zlodziejami\/#primaryimage\"},\"thumbnailUrl\":\"https:\/\/d2p6e6u75xmxt8.cloudfront.net\/5\/2018\/11\/cvr-5-1024x450.jpg\",\"datePublished\":\"2018-11-05T18:01:50+00:00\",\"dateModified\":\"2018-11-05T21:14:00+00:00\",\"author\":{\"@id\":\"https:\/\/www.welovecycling.com\/pl\/#\/schema\/person\/0dba2d39da943db9df3fd8f4687e7f23\"},\"breadcrumb\":{\"@id\":\"https:\/\/www.welovecycling.com\/pl\/2018\/11\/05\/francuzi-beda-obowiazkowo-rejestrowac-rowery-nowa-metoda-na-walke-ze-zlodziejami\/#breadcrumb\"},\"inLanguage\":\"pl-PL\",\"potentialAction\":[{\"@type\":\"ReadAction\",\"target\":[\"https:\/\/www.welovecycling.com\/pl\/2018\/11\/05\/francuzi-beda-obowiazkowo-rejestrowac-rowery-nowa-metoda-na-walke-ze-zlodziejami\/\"]}]},{\"@type\":\"ImageObject\",\"inLanguage\":\"pl-PL\",\"@id\":\"https:\/\/www.welovecycling.com\/pl\/2018\/11\/05\/francuzi-beda-obowiazkowo-rejestrowac-rowery-nowa-metoda-na-walke-ze-zlodziejami\/#primaryimage\",\"url\":\"https:\/\/d2p6e6u75xmxt8.cloudfront.net\/5\/2018\/11\/cvr-5-1024x450.jpg\",\"contentUrl\":\"https:\/\/d2p6e6u75xmxt8.cloudfront.net\/5\/2018\/11\/cvr-5-1024x450.jpg\",\"width\":1024,\"height\":450},{\"@type\":\"BreadcrumbList\",\"@id\":\"https:\/\/www.welovecycling.com\/pl\/2018\/11\/05\/francuzi-beda-obowiazkowo-rejestrowac-rowery-nowa-metoda-na-walke-ze-zlodziejami\/#breadcrumb\",\"itemListElement\":[{\"@type\":\"ListItem\",\"position\":1,\"name\":\"Home\",\"item\":\"https:\/\/www.welovecycling.com\/pl\/\"},{\"@type\":\"ListItem\",\"position\":2,\"name\":\"Francuzi b\u0119d\u0105 obowi\u0105zkowo rejestrowa\u0107 rowery? Nowa metoda na walk\u0119 ze z\u0142odziejami.\"}]},{\"@type\":\"WebSite\",\"@id\":\"https:\/\/www.welovecycling.com\/pl\/#website\",\"url\":\"https:\/\/www.welovecycling.com\/pl\/\",\"name\":\"\u0160koda We Love Cycling - Poland\",\"description\":\"\",\"potentialAction\":[{\"@type\":\"SearchAction\",\"target\":{\"@type\":\"EntryPoint\",\"urlTemplate\":\"https:\/\/www.welovecycling.com\/pl\/?s={search_term_string}\"},\"query-input\":{\"@type\":\"PropertyValueSpecification\",\"valueRequired\":true,\"valueName\":\"search_term_string\"}}],\"inLanguage\":\"pl-PL\"},{\"@type\":\"Person\",\"@id\":\"https:\/\/www.welovecycling.com\/pl\/#\/schema\/person\/0dba2d39da943db9df3fd8f4687e7f23\",\"name\":\"piotrboczkowski\",\"image\":{\"@type\":\"ImageObject\",\"inLanguage\":\"pl-PL\",\"@id\":\"https:\/\/www.welovecycling.com\/pl\/#\/schema\/person\/image\/\",\"url\":\"https:\/\/secure.gravatar.com\/avatar\/533caccae14752e03a2ce2d3fd62d1b98b93e1393c3195c27819e53344ca1ace?s=96&d=mm&r=g\",\"contentUrl\":\"https:\/\/secure.gravatar.com\/avatar\/533caccae14752e03a2ce2d3fd62d1b98b93e1393c3195c27819e53344ca1ace?s=96&d=mm&r=g\",\"caption\":\"piotrboczkowski\"},\"url\":\"https:\/\/www.welovecycling.com\/pl\/author\/piotrboczkowski\/\"}]}<\/script>\n<!-- \/ Yoast SEO Premium plugin. -->","yoast_head_json":{"title":"Francuzi b\u0119d\u0105 obowi\u0105zkowo rejestrowa\u0107 rowery? Nowa metoda na walk\u0119 ze z\u0142odziejami. - \u0160koda We Love Cycling - Poland","robots":{"index":"index","follow":"follow","max-snippet":"max-snippet:-1","max-image-preview":"max-image-preview:large","max-video-preview":"max-video-preview:-1"},"canonical":"https:\/\/www.welovecycling.com\/pl\/2018\/11\/05\/francuzi-beda-obowiazkowo-rejestrowac-rowery-nowa-metoda-na-walke-ze-zlodziejami\/","og_locale":"pl_PL","og_type":"article","og_title":"Francuzi b\u0119d\u0105 obowi\u0105zkowo rejestrowa\u0107 rowery? Nowa metoda na walk\u0119 ze z\u0142odziejami.","og_description":"Wkr\u00f3tce francuscy rowerzy\u015bci mog\u0105 stan\u0105\u0107 przed konieczno\u015bci\u0105 rejestracji swoich jedno\u015blad\u00f3w. Francuski rz\u0105d wierzy, \u017ce pojawienie si\u0119 tablic rejestracyjnych na rowerach [&hellip;]","og_url":"https:\/\/www.welovecycling.com\/pl\/2018\/11\/05\/francuzi-beda-obowiazkowo-rejestrowac-rowery-nowa-metoda-na-walke-ze-zlodziejami\/","og_site_name":"\u0160koda We Love Cycling - Poland","article_published_time":"2018-11-05T18:01:50+00:00","article_modified_time":"2018-11-05T21:14:00+00:00","og_image":[{"width":1024,"height":450,"url":"https:\/\/d2p6e6u75xmxt8.cloudfront.net\/5\/2018\/11\/cvr-5-1024x450.jpg","type":"image\/jpeg"}],"author":"piotrboczkowski","twitter_card":"summary_large_image","twitter_misc":{"Written by":"piotrboczkowski","Est. reading time":"1 minute"},"schema":{"@context":"https:\/\/schema.org","@graph":[{"@type":"WebPage","@id":"https:\/\/www.welovecycling.com\/pl\/2018\/11\/05\/francuzi-beda-obowiazkowo-rejestrowac-rowery-nowa-metoda-na-walke-ze-zlodziejami\/","url":"https:\/\/www.welovecycling.com\/pl\/2018\/11\/05\/francuzi-beda-obowiazkowo-rejestrowac-rowery-nowa-metoda-na-walke-ze-zlodziejami\/","name":"Francuzi b\u0119d\u0105 obowi\u0105zkowo rejestrowa\u0107 rowery? Nowa metoda na walk\u0119 ze z\u0142odziejami. - \u0160koda We Love Cycling - Poland","isPartOf":{"@id":"https:\/\/www.welovecycling.com\/pl\/#website"},"primaryImageOfPage":{"@id":"https:\/\/www.welovecycling.com\/pl\/2018\/11\/05\/francuzi-beda-obowiazkowo-rejestrowac-rowery-nowa-metoda-na-walke-ze-zlodziejami\/#primaryimage"},"image":{"@id":"https:\/\/www.welovecycling.com\/pl\/2018\/11\/05\/francuzi-beda-obowiazkowo-rejestrowac-rowery-nowa-metoda-na-walke-ze-zlodziejami\/#primaryimage"},"thumbnailUrl":"https:\/\/d2p6e6u75xmxt8.cloudfront.net\/5\/2018\/11\/cvr-5-1024x450.jpg","datePublished":"2018-11-05T18:01:50+00:00","dateModified":"2018-11-05T21:14:00+00:00","author":{"@id":"https:\/\/www.welovecycling.com\/pl\/#\/schema\/person\/0dba2d39da943db9df3fd8f4687e7f23"},"breadcrumb":{"@id":"https:\/\/www.welovecycling.com\/pl\/2018\/11\/05\/francuzi-beda-obowiazkowo-rejestrowac-rowery-nowa-metoda-na-walke-ze-zlodziejami\/#breadcrumb"},"inLanguage":"pl-PL","potentialAction":[{"@type":"ReadAction","target":["https:\/\/www.welovecycling.com\/pl\/2018\/11\/05\/francuzi-beda-obowiazkowo-rejestrowac-rowery-nowa-metoda-na-walke-ze-zlodziejami\/"]}]},{"@type":"ImageObject","inLanguage":"pl-PL","@id":"https:\/\/www.welovecycling.com\/pl\/2018\/11\/05\/francuzi-beda-obowiazkowo-rejestrowac-rowery-nowa-metoda-na-walke-ze-zlodziejami\/#primaryimage","url":"https:\/\/d2p6e6u75xmxt8.cloudfront.net\/5\/2018\/11\/cvr-5-1024x450.jpg","contentUrl":"https:\/\/d2p6e6u75xmxt8.cloudfront.net\/5\/2018\/11\/cvr-5-1024x450.jpg","width":1024,"height":450},{"@type":"BreadcrumbList","@id":"https:\/\/www.welovecycling.com\/pl\/2018\/11\/05\/francuzi-beda-obowiazkowo-rejestrowac-rowery-nowa-metoda-na-walke-ze-zlodziejami\/#breadcrumb","itemListElement":[{"@type":"ListItem","position":1,"name":"Home","item":"https:\/\/www.welovecycling.com\/pl\/"},{"@type":"ListItem","position":2,"name":"Francuzi b\u0119d\u0105 obowi\u0105zkowo rejestrowa\u0107 rowery? Nowa metoda na walk\u0119 ze z\u0142odziejami."}]},{"@type":"WebSite","@id":"https:\/\/www.welovecycling.com\/pl\/#website","url":"https:\/\/www.welovecycling.com\/pl\/","name":"\u0160koda We Love Cycling - Poland","description":"","potentialAction":[{"@type":"SearchAction","target":{"@type":"EntryPoint","urlTemplate":"https:\/\/www.welovecycling.com\/pl\/?s={search_term_string}"},"query-input":{"@type":"PropertyValueSpecification","valueRequired":true,"valueName":"search_term_string"}}],"inLanguage":"pl-PL"},{"@type":"Person","@id":"https:\/\/www.welovecycling.com\/pl\/#\/schema\/person\/0dba2d39da943db9df3fd8f4687e7f23","name":"piotrboczkowski","image":{"@type":"ImageObject","inLanguage":"pl-PL","@id":"https:\/\/www.welovecycling.com\/pl\/#\/schema\/person\/image\/","url":"https:\/\/secure.gravatar.com\/avatar\/533caccae14752e03a2ce2d3fd62d1b98b93e1393c3195c27819e53344ca1ace?s=96&d=mm&r=g","contentUrl":"https:\/\/secure.gravatar.com\/avatar\/533caccae14752e03a2ce2d3fd62d1b98b93e1393c3195c27819e53344ca1ace?s=96&d=mm&r=g","caption":"piotrboczkowski"},"url":"https:\/\/www.welovecycling.com\/pl\/author\/piotrboczkowski\/"}]}},"_links":{"self":[{"href":"https:\/\/www.welovecycling.com\/pl\/wp-json\/wp\/v2\/posts\/8068","targetHints":{"allow":["GET"]}}],"collection":[{"href":"https:\/\/www.welovecycling.com\/pl\/wp-json\/wp\/v2\/posts"}],"about":[{"href":"https:\/\/www.welovecycling.com\/pl\/wp-json\/wp\/v2\/types\/post"}],"author":[{"embeddable":true,"href":"https:\/\/www.welovecycling.com\/pl\/wp-json\/wp\/v2\/users\/76"}],"replies":[{"embeddable":true,"href":"https:\/\/www.welovecycling.com\/pl\/wp-json\/wp\/v2\/comments?post=8068"}],"version-history":[{"count":1,"href":"https:\/\/www.welovecycling.com\/pl\/wp-json\/wp\/v2\/posts\/8068\/revisions"}],"predecessor-version":[{"id":8070,"href":"https:\/\/www.welovecycling.com\/pl\/wp-json\/wp\/v2\/posts\/8068\/revisions\/8070"}],"wp:featuredmedia":[{"embeddable":true,"href":"https:\/\/www.welovecycling.com\/pl\/wp-json\/wp\/v2\/media\/8069"}],"wp:attachment":[{"href":"https:\/\/www.welovecycling.com\/pl\/wp-json\/wp\/v2\/media?parent=8068"}],"wp:term":[{"taxonomy":"category","embeddable":true,"href":"https:\/\/www.welovecycling.com\/pl\/wp-json\/wp\/v2\/categories?post=8068"},{"taxonomy":"post_tag","embeddable":true,"href":"https:\/\/www.welovecycling.com\/pl\/wp-json\/wp\/v2\/tags?post=8068"},{"taxonomy":"global-categories","embeddable":true,"href":"https:\/\/www.welovecycling.com\/pl\/wp-json\/wp\/v2\/global-categories?post=8068"}],"curies":[{"name":"wp","href":"https:\/\/api.w.org\/{rel}","templated":true}]}}