{"id":8059,"date":"2018-10-31T18:25:56","date_gmt":"2018-10-31T18:25:56","guid":{"rendered":"https:\/\/www.welovecycling.com\/pl\/?p=8059"},"modified":"2018-11-02T08:26:53","modified_gmt":"2018-11-02T08:26:53","slug":"6-najlepszych-miejsc-do-jazdy-ktore-warto-odwiedzic-tej-zimy","status":"publish","type":"post","link":"https:\/\/www.welovecycling.com\/pl\/2018\/10\/31\/6-najlepszych-miejsc-do-jazdy-ktore-warto-odwiedzic-tej-zimy\/","title":{"rendered":"6 najlepszych miejsc do jazdy, kt\u00f3re warto odwiedzi\u0107 tej zimy"},"content":{"rendered":"<p><strong>Temperatury za oknem nie motywuj\u0105 do aktywno\u015bci na zewn\u0105trz, ale grzanie kanapy w domu doprowadza ci\u0119 do sza\u0142u? Rozwiejmy t\u0119 ponur\u0105 wizj\u0119 i udajmy si\u0119 w jakie\u015b atrakcyjne miejsca dla rowerzyst\u00f3w.<\/strong><\/p>\n<p><strong>Lanzarote<\/strong><\/p>\n<p>Wyspa, kt\u00f3ra s\u0142ynie ze swych wspania\u0142ych wulkanicznych krajobraz\u00f3w. Teren jest zr\u00f3\u017cnicowany \u2013 znajdziemy tu zar\u00f3wno r\u00f3wniny, jak i wzg\u00f3rza. Z uwagi na blisko\u015b\u0107 Afryki jest raczej ciep\u0142o i sucho, chocia\u017c czasem potrafi niemi\u0142o zaskoczy\u0107 wiatrem. Najlepiej pojawi\u0107 si\u0119 tu w grudniu i marcu, gdy nie jest a\u017c tak gor\u0105co i nie ma wielu turyst\u00f3w. Drogi s\u0105 wylane dobrym asfaltem, a ruch na nich nie jest zbyt intensywny.<\/p>\n<figure id=\"attachment_8063\" aria-describedby=\"caption-attachment-8063\" style=\"width: 1024px\" class=\"wp-caption alignnone\"><a href=\"https:\/\/d2p6e6u75xmxt8.cloudfront.net\/5\/2018\/11\/profimedia-0151243631.jpg\"><img loading=\"lazy\" decoding=\"async\" class=\"size-large wp-image-8063\" src=\"https:\/\/d2p6e6u75xmxt8.cloudfront.net\/5\/2018\/11\/profimedia-0151243631-1024x683.jpg\" alt=\"\" width=\"1024\" height=\"683\" srcset=\"https:\/\/d2p6e6u75xmxt8.cloudfront.net\/5\/2018\/11\/profimedia-0151243631-1024x683.jpg 1024w, https:\/\/d2p6e6u75xmxt8.cloudfront.net\/5\/2018\/11\/profimedia-0151243631-300x200.jpg 300w, https:\/\/d2p6e6u75xmxt8.cloudfront.net\/5\/2018\/11\/profimedia-0151243631-768x512.jpg 768w, https:\/\/d2p6e6u75xmxt8.cloudfront.net\/5\/2018\/11\/profimedia-0151243631-272x182.jpg 272w, https:\/\/d2p6e6u75xmxt8.cloudfront.net\/5\/2018\/11\/profimedia-0151243631.jpg 1800w\" sizes=\"auto, (max-width: 1024px) 100vw, 1024px\" \/><\/a><figcaption id=\"caption-attachment-8063\" class=\"wp-caption-text\">Cyclists at cliff coast, Los Hervideros, Lanzarote, Canary Islands, Spain, Europe, Image: 151243631, License: Rights-managed, Restrictions: , Model Release: no, Credit line: Profimedia, LOOK-foto<\/figcaption><\/figure>\n<p><em>Kolarze przy przybrze\u017cnym klifie w Los Hervideros, Lanzarote<\/em><\/p>\n<p><strong>Majorka<\/strong><\/p>\n<p>Wszyscy tam je\u017cd\u017c\u0105 \u2013 nie bez powodu. Z wi\u0119kszo\u015bci europejskich miast na Majork\u0119 mo\u017cna dosta\u0107 si\u0119 w dwie godziny. Ta wyspa oferuje \u015bwietn\u0105 kombinacj\u0119 dr\u00f3g o wysokiej jako\u015bci nawierzchni, d\u0142ugich podjazdach oraz doskona\u0142ej infrastrukturze. Drogi s\u0105 przewa\u017cnie mniej zat\u0142oczone ni\u017c w pozosta\u0142ych popularnych zim\u0105 kolarskich enklawach treningowych. Mi\u0142ym zaskoczeniem jest r\u00f3wnie\u017c cierpliwo\u015b\u0107 kierowc\u00f3w. Mimo \u017ce \u015brednia temperatura jest o 10\u00b0C wy\u017csza ni\u017c w p\u00f3\u0142nocnej Europie, to Majorce daleko do Kanar\u00f3w \u2013 \u015bnieg lub deszcz zim\u0105 w g\u00f3rach to norma.<\/p>\n<figure id=\"attachment_8061\" aria-describedby=\"caption-attachment-8061\" style=\"width: 1024px\" class=\"wp-caption alignnone\"><a href=\"https:\/\/d2p6e6u75xmxt8.cloudfront.net\/5\/2018\/11\/profimedia-0116844761.jpg\"><img loading=\"lazy\" decoding=\"async\" class=\"size-large wp-image-8061\" src=\"https:\/\/d2p6e6u75xmxt8.cloudfront.net\/5\/2018\/11\/profimedia-0116844761-1024x752.jpg\" alt=\"\" width=\"1024\" height=\"752\" srcset=\"https:\/\/d2p6e6u75xmxt8.cloudfront.net\/5\/2018\/11\/profimedia-0116844761-1024x752.jpg 1024w, https:\/\/d2p6e6u75xmxt8.cloudfront.net\/5\/2018\/11\/profimedia-0116844761-300x220.jpg 300w, https:\/\/d2p6e6u75xmxt8.cloudfront.net\/5\/2018\/11\/profimedia-0116844761-768x564.jpg 768w, https:\/\/d2p6e6u75xmxt8.cloudfront.net\/5\/2018\/11\/profimedia-0116844761.jpg 1800w\" sizes=\"auto, (max-width: 1024px) 100vw, 1024px\" \/><\/a><figcaption id=\"caption-attachment-8061\" class=\"wp-caption-text\">The pack ride in the tramuntana Mountains during the third stage of the Mallorca Challenge race on February 7, 2012., Image: 116844761, License: Rights-managed, Restrictions: , Model Release: no, Credit line: Profimedia, AFP<\/figcaption><\/figure>\n<p><em>Jazda grupowa w g\u00f3rach Tramuntana Mountains podczas trzeciego etapu wy\u015bcigu Mallorca Challenge 7 lutego 2012 roku<\/em><\/p>\n<p><strong>Andaluzja<\/strong><\/p>\n<p><em>Andalusia<\/em> oznacza \u201ekrain\u0119 \u015bwiat\u0142a\u201d \u2013 czyli dok\u0142adnie to, czego szukamy podczas najmniej s\u0142onecznych miesi\u0119cy. Podczas zimy warunki na po\u0142udniu Hiszpanii s\u0105 jak wymarzone: \u015brednia temperatura w ci\u0105gu dnia waha si\u0119 od 16 do 23 stopni Celsjusza. Nawet w najch\u0142odniejsze dni termometry rzadko wskazuj\u0105 poni\u017cej 10\u00b0C. Niewielkie nat\u0119\u017cenie ruchu jest kolejn\u0105 zalet\u0105. Jako \u017ce przez lokalne drogi przebiega wy\u015bcig Vuelta de Espa\u00f1a, powinny sprosta\u0107 najbardziej wyg\u00f3rowanym wymaganiom.<\/p>\n<figure id=\"attachment_8066\" aria-describedby=\"caption-attachment-8066\" style=\"width: 1024px\" class=\"wp-caption alignnone\"><a href=\"https:\/\/d2p6e6u75xmxt8.cloudfront.net\/5\/2018\/11\/profimedia-0257594343.jpg\"><img loading=\"lazy\" decoding=\"async\" class=\"size-large wp-image-8066\" src=\"https:\/\/d2p6e6u75xmxt8.cloudfront.net\/5\/2018\/11\/profimedia-0257594343-1024x647.jpg\" alt=\"\" width=\"1024\" height=\"647\" srcset=\"https:\/\/d2p6e6u75xmxt8.cloudfront.net\/5\/2018\/11\/profimedia-0257594343-1024x647.jpg 1024w, https:\/\/d2p6e6u75xmxt8.cloudfront.net\/5\/2018\/11\/profimedia-0257594343-300x190.jpg 300w, https:\/\/d2p6e6u75xmxt8.cloudfront.net\/5\/2018\/11\/profimedia-0257594343-768x486.jpg 768w, https:\/\/d2p6e6u75xmxt8.cloudfront.net\/5\/2018\/11\/profimedia-0257594343.jpg 1800w\" sizes=\"auto, (max-width: 1024px) 100vw, 1024px\" \/><\/a><figcaption id=\"caption-attachment-8066\" class=\"wp-caption-text\">, Image: 257594343, License: Rights-managed, Restrictions: , Model Release: no, Credit line: Profimedia, Alamy<\/figcaption><\/figure>\n<p><em>Samochody zamykaj\u0105ce wy\u015bcig z zespo\u0142u Cannondale-Garmin Pro Cycling Team w La cala de Mijas<\/em><\/p>\n<p><strong>Girona<\/strong><\/p>\n<p>R\u00f3\u017cni profesjonalni kolarze, jak na przyk\u0142ad Dan Martin lub nies\u0142awny Lance Armstrong, podczas sezonu nazywali to miejsce swoim domem. Po\u0142o\u017cona 100 km na p\u00f3\u0142nocny wsch\u00f3d od Barcelony Girona nie szczyci si\u0119 najwy\u017cszymi w Hiszpanii temperaturami, ale jej przyjemne g\u00f3rskie drogi s\u0105 doceniane przez wielu kolarzy przez okr\u0105g\u0142y rok. Zim\u0105 pada tu raczej niewiele, a temperatury nie daj\u0105 si\u0119 nikomu we znaki \u2013 ale warto wzi\u0105\u0107 ze sob\u0105 troch\u0119 cieplejszych ubra\u0144.<\/p>\n<figure id=\"attachment_8060\" aria-describedby=\"caption-attachment-8060\" style=\"width: 1024px\" class=\"wp-caption alignnone\"><a href=\"https:\/\/d2p6e6u75xmxt8.cloudfront.net\/5\/2018\/11\/profimedia-0279142735.jpg\"><img loading=\"lazy\" decoding=\"async\" class=\"size-large wp-image-8060\" src=\"https:\/\/d2p6e6u75xmxt8.cloudfront.net\/5\/2018\/11\/profimedia-0279142735-1024x683.jpg\" alt=\"\" width=\"1024\" height=\"683\" srcset=\"https:\/\/d2p6e6u75xmxt8.cloudfront.net\/5\/2018\/11\/profimedia-0279142735-1024x683.jpg 1024w, https:\/\/d2p6e6u75xmxt8.cloudfront.net\/5\/2018\/11\/profimedia-0279142735-300x200.jpg 300w, https:\/\/d2p6e6u75xmxt8.cloudfront.net\/5\/2018\/11\/profimedia-0279142735-768x512.jpg 768w, https:\/\/d2p6e6u75xmxt8.cloudfront.net\/5\/2018\/11\/profimedia-0279142735-272x182.jpg 272w, https:\/\/d2p6e6u75xmxt8.cloudfront.net\/5\/2018\/11\/profimedia-0279142735.jpg 1800w\" sizes=\"auto, (max-width: 1024px) 100vw, 1024px\" \/><\/a><figcaption id=\"caption-attachment-8060\" class=\"wp-caption-text\">Tinkoff Spanish rider Alberto Contador competes during the 172,1km Girona to La Molina third stage of the 96th Volta Catalunya, near la Molina on March 23, 2016.<br \/>, Image: 279142735, License: Rights-managed, Restrictions: , Model Release: no, Credit line: Profimedia, AFP<\/figcaption><\/figure>\n<p><em>Alberto Contador na 172. kilometrze podczas trzeciego etapu 96. edycji wy\u015bcigu Volta Catalunya z Girony do La Molina 23 marca 2016 roku<\/em><\/p>\n<p><strong>Izrael<\/strong><\/p>\n<p>Wci\u0105\u017c nieodkryty przez wi\u0119kszo\u015b\u0107 kolarzy, a szkoda \u2013 zimy s\u0105 \u0142agodne, z niewielk\u0105 ilo\u015bci\u0105 opad\u00f3w. Gdy ostre europejskie zimy potrafi\u0105 skutecznie powstrzyma\u0107 przed wyruszeniem w tras\u0119, Izrael o tej porze oferuje \u015bwietny relaks podczas przyjemnie ch\u0142odnej pogody. Od p\u00f3\u0142nocy do po\u0142udnia drogi prowadz\u0105 rowerzyst\u00f3w przez \u0142\u0105ki, g\u00f3ry, pustynie, lasy, miasta i wsie.<\/p>\n<figure id=\"attachment_8064\" aria-describedby=\"caption-attachment-8064\" style=\"width: 1024px\" class=\"wp-caption alignnone\"><a href=\"https:\/\/d2p6e6u75xmxt8.cloudfront.net\/5\/2018\/11\/profimedia-0161840917.jpg\"><img loading=\"lazy\" decoding=\"async\" class=\"size-large wp-image-8064\" src=\"https:\/\/d2p6e6u75xmxt8.cloudfront.net\/5\/2018\/11\/profimedia-0161840917-1024x682.jpg\" alt=\"\" width=\"1024\" height=\"682\" srcset=\"https:\/\/d2p6e6u75xmxt8.cloudfront.net\/5\/2018\/11\/profimedia-0161840917-1024x682.jpg 1024w, https:\/\/d2p6e6u75xmxt8.cloudfront.net\/5\/2018\/11\/profimedia-0161840917-300x200.jpg 300w, https:\/\/d2p6e6u75xmxt8.cloudfront.net\/5\/2018\/11\/profimedia-0161840917-768x512.jpg 768w, https:\/\/d2p6e6u75xmxt8.cloudfront.net\/5\/2018\/11\/profimedia-0161840917-272x182.jpg 272w, https:\/\/d2p6e6u75xmxt8.cloudfront.net\/5\/2018\/11\/profimedia-0161840917.jpg 1250w\" sizes=\"auto, (max-width: 1024px) 100vw, 1024px\" \/><\/a><figcaption id=\"caption-attachment-8064\" class=\"wp-caption-text\">, Image: 161840917, License: Rights-managed, Restrictions: , Model Release: yes, Credit line: Profimedia, Alamy<\/figcaption><\/figure>\n<p><em>W\u0105ski szlak u podn\u00f3\u017ca g\u00f3ry w Galilei <\/em><\/p>\n<p><strong>Teneryfa<\/strong><\/p>\n<p>Wszyscy zawodnicy z Grand Prix, tacy jak Nibali, Froome i Contador, w ci\u0105gu ostatnich kilku lat sp\u0119dzili na tej wyspie po kilka tygodni na treningach. Nie trzeba by\u0107 jednak profesjonalnym kolarzem, by doceni\u0107 walory tego subtropikalnego regionu. Je\u015bli lubisz podjazdy, znajdziesz tu co\u015b dla siebie. Nawet zim\u0105 mo\u017cna zacz\u0105\u0107 wycieczk\u0119 na wysoko\u015bci poziomu morza, a sko\u0144czy\u0107 na 2000 m n.p.m. \u2013 a wszystko to z g\u00f3r\u0105 Teide w tle. Trudno znale\u017a\u0107 pi\u0119kniejsz\u0105 sceneri\u0119 dla ci\u0119\u017ckiego treningu na wysoko\u015bci. Je\u017celi jednak wolisz jazd\u0119 po p\u0142askim terenie, przygotuj si\u0119 na zaw\u00f3d \u2013 na Teneryfie gdzie nie spojrze\u0107, tam praktycznie same g\u00f3ry\u2026<\/p>\n<figure id=\"attachment_8065\" aria-describedby=\"caption-attachment-8065\" style=\"width: 1024px\" class=\"wp-caption alignleft\"><a href=\"https:\/\/d2p6e6u75xmxt8.cloudfront.net\/5\/2018\/11\/profimedia-0295467126.jpg\"><img loading=\"lazy\" decoding=\"async\" class=\"size-large wp-image-8065\" src=\"https:\/\/d2p6e6u75xmxt8.cloudfront.net\/5\/2018\/11\/profimedia-0295467126-1024x683.jpg\" alt=\"\" width=\"1024\" height=\"683\" srcset=\"https:\/\/d2p6e6u75xmxt8.cloudfront.net\/5\/2018\/11\/profimedia-0295467126-1024x683.jpg 1024w, https:\/\/d2p6e6u75xmxt8.cloudfront.net\/5\/2018\/11\/profimedia-0295467126-300x200.jpg 300w, https:\/\/d2p6e6u75xmxt8.cloudfront.net\/5\/2018\/11\/profimedia-0295467126-768x512.jpg 768w, https:\/\/d2p6e6u75xmxt8.cloudfront.net\/5\/2018\/11\/profimedia-0295467126-272x182.jpg 272w, https:\/\/d2p6e6u75xmxt8.cloudfront.net\/5\/2018\/11\/profimedia-0295467126.jpg 1800w\" sizes=\"auto, (max-width: 1024px) 100vw, 1024px\" \/><\/a><figcaption id=\"caption-attachment-8065\" class=\"wp-caption-text\">Male cyclist cycling up winding road, Tenerife, Canary Islands, Spain, Image: 295467126, License: Rights-managed, Restrictions: Specifically, you may not use the Images in ways or contexts that might reasonably be construed as pornographic, defamatory, libellous or otherwise unlawful;<br \/>Specifically, you may not use images depicting any model in any unduly controversial or unflattering context, unless accompanied with a statement indicating that the person is a model and the images are being used for illustrative purposes only., Model Release: yes, Credit line: Profimedia, Cultura RM<\/figcaption><\/figure>\n","protected":false},"excerpt":{"rendered":"<p>Temperatury za oknem nie motywuj\u0105 do aktywno\u015bci na zewn\u0105trz, ale grzanie kanapy w domu doprowadza ci\u0119 do sza\u0142u? Rozwiejmy t\u0119 [&hellip;]<\/p>\n","protected":false},"author":76,"featured_media":8065,"comment_status":"open","ping_status":"open","sticky":false,"template":"","format":"standard","meta":{"footnotes":""},"categories":[3],"tags":[],"global-categories":[],"class_list":["post-8059","post","type-post","status-publish","format-standard","has-post-thumbnail","hentry","category-adrenalina"],"yoast_head":"<!-- This site is optimized with the Yoast SEO Premium plugin v25.3 (Yoast SEO v25.9) - https:\/\/yoast.com\/wordpress\/plugins\/seo\/ -->\n<title>6 najlepszych miejsc do jazdy, kt\u00f3re warto odwiedzi\u0107 tej zimy - \u0160koda We Love Cycling - Poland<\/title>\n<meta name=\"robots\" content=\"index, follow, max-snippet:-1, max-image-preview:large, max-video-preview:-1\" \/>\n<link rel=\"canonical\" href=\"https:\/\/www.welovecycling.com\/pl\/2018\/10\/31\/6-najlepszych-miejsc-do-jazdy-ktore-warto-odwiedzic-tej-zimy\/\" \/>\n<meta property=\"og:locale\" content=\"pl_PL\" \/>\n<meta property=\"og:type\" content=\"article\" \/>\n<meta property=\"og:title\" content=\"6 najlepszych miejsc do jazdy, kt\u00f3re warto odwiedzi\u0107 tej zimy\" \/>\n<meta property=\"og:description\" content=\"Temperatury za oknem nie motywuj\u0105 do aktywno\u015bci na zewn\u0105trz, ale grzanie kanapy w domu doprowadza ci\u0119 do sza\u0142u? Rozwiejmy t\u0119 [&hellip;]\" \/>\n<meta property=\"og:url\" content=\"https:\/\/www.welovecycling.com\/pl\/2018\/10\/31\/6-najlepszych-miejsc-do-jazdy-ktore-warto-odwiedzic-tej-zimy\/\" \/>\n<meta property=\"og:site_name\" content=\"\u0160koda We Love Cycling - Poland\" \/>\n<meta property=\"article:published_time\" content=\"2018-10-31T18:25:56+00:00\" \/>\n<meta property=\"article:modified_time\" content=\"2018-11-02T08:26:53+00:00\" \/>\n<meta property=\"og:image\" content=\"https:\/\/d2p6e6u75xmxt8.cloudfront.net\/5\/2018\/11\/profimedia-0295467126.jpg\" \/>\n\t<meta property=\"og:image:width\" content=\"1800\" \/>\n\t<meta property=\"og:image:height\" content=\"1200\" \/>\n\t<meta property=\"og:image:type\" content=\"image\/jpeg\" \/>\n<meta name=\"author\" content=\"piotrboczkowski\" \/>\n<meta name=\"twitter:card\" content=\"summary_large_image\" \/>\n<meta name=\"twitter:label1\" content=\"Written by\" \/>\n\t<meta name=\"twitter:data1\" content=\"Adam Marsal\" \/>\n\t<meta name=\"twitter:label2\" content=\"Est. reading time\" \/>\n\t<meta name=\"twitter:data2\" content=\"4 minutes\" \/>\n<script type=\"application\/ld+json\" class=\"yoast-schema-graph\">{\"@context\":\"https:\/\/schema.org\",\"@graph\":[{\"@type\":\"WebPage\",\"@id\":\"https:\/\/www.welovecycling.com\/pl\/2018\/10\/31\/6-najlepszych-miejsc-do-jazdy-ktore-warto-odwiedzic-tej-zimy\/\",\"url\":\"https:\/\/www.welovecycling.com\/pl\/2018\/10\/31\/6-najlepszych-miejsc-do-jazdy-ktore-warto-odwiedzic-tej-zimy\/\",\"name\":\"6 najlepszych miejsc do jazdy, kt\u00f3re warto odwiedzi\u0107 tej zimy - \u0160koda We Love Cycling - Poland\",\"isPartOf\":{\"@id\":\"https:\/\/www.welovecycling.com\/pl\/#website\"},\"primaryImageOfPage\":{\"@id\":\"https:\/\/www.welovecycling.com\/pl\/2018\/10\/31\/6-najlepszych-miejsc-do-jazdy-ktore-warto-odwiedzic-tej-zimy\/#primaryimage\"},\"image\":{\"@id\":\"https:\/\/www.welovecycling.com\/pl\/2018\/10\/31\/6-najlepszych-miejsc-do-jazdy-ktore-warto-odwiedzic-tej-zimy\/#primaryimage\"},\"thumbnailUrl\":\"https:\/\/d2p6e6u75xmxt8.cloudfront.net\/5\/2018\/11\/profimedia-0295467126.jpg\",\"datePublished\":\"2018-10-31T18:25:56+00:00\",\"dateModified\":\"2018-11-02T08:26:53+00:00\",\"author\":{\"@id\":\"https:\/\/www.welovecycling.com\/pl\/#\/schema\/person\/0dba2d39da943db9df3fd8f4687e7f23\"},\"breadcrumb\":{\"@id\":\"https:\/\/www.welovecycling.com\/pl\/2018\/10\/31\/6-najlepszych-miejsc-do-jazdy-ktore-warto-odwiedzic-tej-zimy\/#breadcrumb\"},\"inLanguage\":\"pl-PL\",\"potentialAction\":[{\"@type\":\"ReadAction\",\"target\":[\"https:\/\/www.welovecycling.com\/pl\/2018\/10\/31\/6-najlepszych-miejsc-do-jazdy-ktore-warto-odwiedzic-tej-zimy\/\"]}]},{\"@type\":\"ImageObject\",\"inLanguage\":\"pl-PL\",\"@id\":\"https:\/\/www.welovecycling.com\/pl\/2018\/10\/31\/6-najlepszych-miejsc-do-jazdy-ktore-warto-odwiedzic-tej-zimy\/#primaryimage\",\"url\":\"https:\/\/d2p6e6u75xmxt8.cloudfront.net\/5\/2018\/11\/profimedia-0295467126.jpg\",\"contentUrl\":\"https:\/\/d2p6e6u75xmxt8.cloudfront.net\/5\/2018\/11\/profimedia-0295467126.jpg\",\"width\":1800,\"height\":1200,\"caption\":\"Male cyclist cycling up winding road, Tenerife, Canary Islands, Spain, Image: 295467126, License: Rights-managed, Restrictions: Specifically, you may not use the Images in ways or contexts that might reasonably be construed as pornographic, defamatory, libellous or otherwise unlawful; Specifically, you may not use images depicting any model in any unduly controversial or unflattering context, unless accompanied with a statement indicating that the person is a model and the images are being used for illustrative purposes only., Model Release: yes, Credit line: Profimedia, Cultura RM\"},{\"@type\":\"BreadcrumbList\",\"@id\":\"https:\/\/www.welovecycling.com\/pl\/2018\/10\/31\/6-najlepszych-miejsc-do-jazdy-ktore-warto-odwiedzic-tej-zimy\/#breadcrumb\",\"itemListElement\":[{\"@type\":\"ListItem\",\"position\":1,\"name\":\"Home\",\"item\":\"https:\/\/www.welovecycling.com\/pl\/\"},{\"@type\":\"ListItem\",\"position\":2,\"name\":\"6 najlepszych miejsc do jazdy, kt\u00f3re warto odwiedzi\u0107 tej zimy\"}]},{\"@type\":\"WebSite\",\"@id\":\"https:\/\/www.welovecycling.com\/pl\/#website\",\"url\":\"https:\/\/www.welovecycling.com\/pl\/\",\"name\":\"\u0160koda We Love Cycling - Poland\",\"description\":\"\",\"potentialAction\":[{\"@type\":\"SearchAction\",\"target\":{\"@type\":\"EntryPoint\",\"urlTemplate\":\"https:\/\/www.welovecycling.com\/pl\/?s={search_term_string}\"},\"query-input\":{\"@type\":\"PropertyValueSpecification\",\"valueRequired\":true,\"valueName\":\"search_term_string\"}}],\"inLanguage\":\"pl-PL\"},{\"@type\":\"Person\",\"@id\":\"https:\/\/www.welovecycling.com\/pl\/#\/schema\/person\/0dba2d39da943db9df3fd8f4687e7f23\",\"name\":\"piotrboczkowski\",\"image\":{\"@type\":\"ImageObject\",\"inLanguage\":\"pl-PL\",\"@id\":\"https:\/\/www.welovecycling.com\/pl\/#\/schema\/person\/image\/\",\"url\":\"https:\/\/secure.gravatar.com\/avatar\/533caccae14752e03a2ce2d3fd62d1b98b93e1393c3195c27819e53344ca1ace?s=96&d=mm&r=g\",\"contentUrl\":\"https:\/\/secure.gravatar.com\/avatar\/533caccae14752e03a2ce2d3fd62d1b98b93e1393c3195c27819e53344ca1ace?s=96&d=mm&r=g\",\"caption\":\"piotrboczkowski\"},\"url\":\"https:\/\/www.welovecycling.com\/pl\/author\/piotrboczkowski\/\"}]}<\/script>\n<!-- \/ Yoast SEO Premium plugin. -->","yoast_head_json":{"title":"6 najlepszych miejsc do jazdy, kt\u00f3re warto odwiedzi\u0107 tej zimy - \u0160koda We Love Cycling - Poland","robots":{"index":"index","follow":"follow","max-snippet":"max-snippet:-1","max-image-preview":"max-image-preview:large","max-video-preview":"max-video-preview:-1"},"canonical":"https:\/\/www.welovecycling.com\/pl\/2018\/10\/31\/6-najlepszych-miejsc-do-jazdy-ktore-warto-odwiedzic-tej-zimy\/","og_locale":"pl_PL","og_type":"article","og_title":"6 najlepszych miejsc do jazdy, kt\u00f3re warto odwiedzi\u0107 tej zimy","og_description":"Temperatury za oknem nie motywuj\u0105 do aktywno\u015bci na zewn\u0105trz, ale grzanie kanapy w domu doprowadza ci\u0119 do sza\u0142u? Rozwiejmy t\u0119 [&hellip;]","og_url":"https:\/\/www.welovecycling.com\/pl\/2018\/10\/31\/6-najlepszych-miejsc-do-jazdy-ktore-warto-odwiedzic-tej-zimy\/","og_site_name":"\u0160koda We Love Cycling - Poland","article_published_time":"2018-10-31T18:25:56+00:00","article_modified_time":"2018-11-02T08:26:53+00:00","og_image":[{"width":1800,"height":1200,"url":"https:\/\/d2p6e6u75xmxt8.cloudfront.net\/5\/2018\/11\/profimedia-0295467126.jpg","type":"image\/jpeg"}],"author":"piotrboczkowski","twitter_card":"summary_large_image","twitter_misc":{"Written by":"Adam Marsal","Est. reading time":"4 minutes"},"schema":{"@context":"https:\/\/schema.org","@graph":[{"@type":"WebPage","@id":"https:\/\/www.welovecycling.com\/pl\/2018\/10\/31\/6-najlepszych-miejsc-do-jazdy-ktore-warto-odwiedzic-tej-zimy\/","url":"https:\/\/www.welovecycling.com\/pl\/2018\/10\/31\/6-najlepszych-miejsc-do-jazdy-ktore-warto-odwiedzic-tej-zimy\/","name":"6 najlepszych miejsc do jazdy, kt\u00f3re warto odwiedzi\u0107 tej zimy - \u0160koda We Love Cycling - Poland","isPartOf":{"@id":"https:\/\/www.welovecycling.com\/pl\/#website"},"primaryImageOfPage":{"@id":"https:\/\/www.welovecycling.com\/pl\/2018\/10\/31\/6-najlepszych-miejsc-do-jazdy-ktore-warto-odwiedzic-tej-zimy\/#primaryimage"},"image":{"@id":"https:\/\/www.welovecycling.com\/pl\/2018\/10\/31\/6-najlepszych-miejsc-do-jazdy-ktore-warto-odwiedzic-tej-zimy\/#primaryimage"},"thumbnailUrl":"https:\/\/d2p6e6u75xmxt8.cloudfront.net\/5\/2018\/11\/profimedia-0295467126.jpg","datePublished":"2018-10-31T18:25:56+00:00","dateModified":"2018-11-02T08:26:53+00:00","author":{"@id":"https:\/\/www.welovecycling.com\/pl\/#\/schema\/person\/0dba2d39da943db9df3fd8f4687e7f23"},"breadcrumb":{"@id":"https:\/\/www.welovecycling.com\/pl\/2018\/10\/31\/6-najlepszych-miejsc-do-jazdy-ktore-warto-odwiedzic-tej-zimy\/#breadcrumb"},"inLanguage":"pl-PL","potentialAction":[{"@type":"ReadAction","target":["https:\/\/www.welovecycling.com\/pl\/2018\/10\/31\/6-najlepszych-miejsc-do-jazdy-ktore-warto-odwiedzic-tej-zimy\/"]}]},{"@type":"ImageObject","inLanguage":"pl-PL","@id":"https:\/\/www.welovecycling.com\/pl\/2018\/10\/31\/6-najlepszych-miejsc-do-jazdy-ktore-warto-odwiedzic-tej-zimy\/#primaryimage","url":"https:\/\/d2p6e6u75xmxt8.cloudfront.net\/5\/2018\/11\/profimedia-0295467126.jpg","contentUrl":"https:\/\/d2p6e6u75xmxt8.cloudfront.net\/5\/2018\/11\/profimedia-0295467126.jpg","width":1800,"height":1200,"caption":"Male cyclist cycling up winding road, Tenerife, Canary Islands, Spain, Image: 295467126, License: Rights-managed, Restrictions: Specifically, you may not use the Images in ways or contexts that might reasonably be construed as pornographic, defamatory, libellous or otherwise unlawful; Specifically, you may not use images depicting any model in any unduly controversial or unflattering context, unless accompanied with a statement indicating that the person is a model and the images are being used for illustrative purposes only., Model Release: yes, Credit line: Profimedia, Cultura RM"},{"@type":"BreadcrumbList","@id":"https:\/\/www.welovecycling.com\/pl\/2018\/10\/31\/6-najlepszych-miejsc-do-jazdy-ktore-warto-odwiedzic-tej-zimy\/#breadcrumb","itemListElement":[{"@type":"ListItem","position":1,"name":"Home","item":"https:\/\/www.welovecycling.com\/pl\/"},{"@type":"ListItem","position":2,"name":"6 najlepszych miejsc do jazdy, kt\u00f3re warto odwiedzi\u0107 tej zimy"}]},{"@type":"WebSite","@id":"https:\/\/www.welovecycling.com\/pl\/#website","url":"https:\/\/www.welovecycling.com\/pl\/","name":"\u0160koda We Love Cycling - Poland","description":"","potentialAction":[{"@type":"SearchAction","target":{"@type":"EntryPoint","urlTemplate":"https:\/\/www.welovecycling.com\/pl\/?s={search_term_string}"},"query-input":{"@type":"PropertyValueSpecification","valueRequired":true,"valueName":"search_term_string"}}],"inLanguage":"pl-PL"},{"@type":"Person","@id":"https:\/\/www.welovecycling.com\/pl\/#\/schema\/person\/0dba2d39da943db9df3fd8f4687e7f23","name":"piotrboczkowski","image":{"@type":"ImageObject","inLanguage":"pl-PL","@id":"https:\/\/www.welovecycling.com\/pl\/#\/schema\/person\/image\/","url":"https:\/\/secure.gravatar.com\/avatar\/533caccae14752e03a2ce2d3fd62d1b98b93e1393c3195c27819e53344ca1ace?s=96&d=mm&r=g","contentUrl":"https:\/\/secure.gravatar.com\/avatar\/533caccae14752e03a2ce2d3fd62d1b98b93e1393c3195c27819e53344ca1ace?s=96&d=mm&r=g","caption":"piotrboczkowski"},"url":"https:\/\/www.welovecycling.com\/pl\/author\/piotrboczkowski\/"}]}},"_links":{"self":[{"href":"https:\/\/www.welovecycling.com\/pl\/wp-json\/wp\/v2\/posts\/8059","targetHints":{"allow":["GET"]}}],"collection":[{"href":"https:\/\/www.welovecycling.com\/pl\/wp-json\/wp\/v2\/posts"}],"about":[{"href":"https:\/\/www.welovecycling.com\/pl\/wp-json\/wp\/v2\/types\/post"}],"author":[{"embeddable":true,"href":"https:\/\/www.welovecycling.com\/pl\/wp-json\/wp\/v2\/users\/76"}],"replies":[{"embeddable":true,"href":"https:\/\/www.welovecycling.com\/pl\/wp-json\/wp\/v2\/comments?post=8059"}],"version-history":[{"count":1,"href":"https:\/\/www.welovecycling.com\/pl\/wp-json\/wp\/v2\/posts\/8059\/revisions"}],"predecessor-version":[{"id":8067,"href":"https:\/\/www.welovecycling.com\/pl\/wp-json\/wp\/v2\/posts\/8059\/revisions\/8067"}],"wp:featuredmedia":[{"embeddable":true,"href":"https:\/\/www.welovecycling.com\/pl\/wp-json\/wp\/v2\/media\/8065"}],"wp:attachment":[{"href":"https:\/\/www.welovecycling.com\/pl\/wp-json\/wp\/v2\/media?parent=8059"}],"wp:term":[{"taxonomy":"category","embeddable":true,"href":"https:\/\/www.welovecycling.com\/pl\/wp-json\/wp\/v2\/categories?post=8059"},{"taxonomy":"post_tag","embeddable":true,"href":"https:\/\/www.welovecycling.com\/pl\/wp-json\/wp\/v2\/tags?post=8059"},{"taxonomy":"global-categories","embeddable":true,"href":"https:\/\/www.welovecycling.com\/pl\/wp-json\/wp\/v2\/global-categories?post=8059"}],"curies":[{"name":"wp","href":"https:\/\/api.w.org\/{rel}","templated":true}]}}