{"id":8050,"date":"2018-10-29T12:53:03","date_gmt":"2018-10-29T12:53:03","guid":{"rendered":"https:\/\/www.welovecycling.com\/pl\/?p=8050"},"modified":"2018-10-29T12:55:33","modified_gmt":"2018-10-29T12:55:33","slug":"8050","status":"publish","type":"post","link":"https:\/\/www.welovecycling.com\/pl\/2018\/10\/29\/8050\/","title":{"rendered":"B\u00f3l, pot i walka do ostatniego kilometra. Zgotowali kolarzom piekielny wy\u015bcig!"},"content":{"rendered":"<p><strong>Pi\u0119kna, ale te\u017c piekielnie trudna \u2013 tak kolarze oceniaj\u0105 tras\u0119 przysz\u0142orocznego Tour de France. Dla kibic\u00f3w oznacza to jedno \u2013 wielkie emocje i niezwyk\u0142e zwroty akcji.<\/strong><\/p>\n<p>&#8211; <em>Nie ma co ukrywa\u0107 \u2013 z roku na rok trasa jest trudniejsza<\/em> \u2013 podkre\u015bla\u0142 Mark Cavendish zaraz po zako\u0144czeniu gali w Pa\u0142acu Kongresowym w Pary\u017cu.<\/p>\n<p>On i jego koledzy po fachu wbijali oczy w wielki ekran, gdy \u017c\u00f3\u0142ta strza\u0142a przemierza\u0142a kolejne etapy Tour de France 2019. Zacz\u0119\u0142o si\u0119 w Brukseli od odcink\u00f3w dla sprinter\u00f3w, a p\u00f3\u017aniej sal\u0119 wype\u0142nia\u0142a gro\u017anie brzmi\u0105ca muzyka, co zwiastowa\u0142o wspinaczki na du\u017ce wysoko\u015bci.<\/p>\n<p><strong>Bardzo wymagaj\u0105ca<\/strong><\/p>\n<p><em>\u201eW przysz\u0142ym roku zawodnik\u00f3w czeka ci\u0119\u017cka jazda w g\u00f3rach, z trzema finiszami powy\u017cej 2000 m n.p.m. Tego w historii Wielkiej P\u0119tli jeszcze nie by\u0142o\u201d<\/em> \u2013 napisali organizatorzy Tour de France zaraz po prezentacji.<\/p>\n<p>&#8211; <em>G\u00f3rskie etapy sprawi\u0105, \u017ce przysz\u0142oroczny wy\u015bcig b\u0119dzie bardzo wymagaj\u0105cy<\/em> \u2013 przyznaje Christopher Fromme, kt\u00f3ry zn\u00f3w b\u0119dzie walczy\u0142 o do\u0142\u0105czenie do legend Tour de France, czyli zawodnik\u00f3w, kt\u00f3rzy Wielk\u0105 P\u0119tl\u0119 wygrali pi\u0119ciokrotnie.<\/p>\n<p>Z szacunkiem do przysz\u0142orocznej trasy podchodzi te\u017c jego kolega z Team Sky Geraint Thomas, &#8211; Tour de France to zawsze ci\u0119\u017cka przeprawa, ale teraz organizatorzy zaserwowali naprawd\u0119 du\u017co podjazd\u00f3w i etap\u00f3w na du\u017cych wysoko\u015bciach. Ja to jednak lubi\u0119, wi\u0119c ju\u017c nie mog\u0119 si\u0119 doczeka\u0107 \u2013 podkre\u015bla tegoroczny triumfator Wielkiej P\u0119tli.<\/p>\n<p><strong>B\u00f3l nie do wytrzymania<\/strong><\/p>\n<p>Na gali obecnych by\u0142o kilkudziesi\u0119ciu zawodnik\u00f3w. Rozsiedli si\u0119 w pierwszych rz\u0119dach, obok honorowych go\u015bci. W\u015br\u00f3d nich byli ci najwa\u017cniejsi, czyli pi\u0119ciokrotni zwyci\u0119zcy Wielkiej P\u0119tli: Eddy Merckx, Bernard Hinault i Miguel Indurain. Z tego powodu zawodnicy, kt\u00f3rzy na og\u00f3\u0142 proszeni s\u0105 o zdj\u0119cie, tym razem sami stali si\u0119 \u0142owcami pami\u0105tek. No bo kto nie chcia\u0142by mie\u0107 fotografii z wielkim Eddym Merckxem? Greg van Avermaet jest ju\u017c szcz\u0119\u015bciarzem, kt\u00f3ry tak\u0105 posiada<\/p>\n<p>https:\/\/www.instagram.com\/p\/BpW0IgCBw2U\/?hl=pl&#038;taken-by=gregvanavermaet<\/p>\n<p>Po zako\u0144czeniu gali legendy kolarstwa r\u00f3wnie\u017c zosta\u0142y poproszone o ocenienie trasy.<\/p>\n<p><em>&#8211; Sporo b\u0119dzie jazdy w wysokich g\u00f3rach, a do wjazd\u00f3w na tak\u0105 wysoko\u015b\u0107 trzeba si\u0119 odpowiednio przygotowa\u0107. Organizm o wiele szybciej si\u0119 m\u0119czy, a b\u00f3l w nogach staje si\u0119 trudny do wytrzymania<\/em> \u2013 podkre\u015bla\u0142 Indurain.<\/p>\n<p><strong>Motywacja<\/strong><\/p>\n<p>Podczas prezentacji zawodnicy nie mieli wiele czasu na analiz\u0119 poszczeg\u00f3lnych etap\u00f3w, ale ka\u017cdy z nich m\u00f3g\u0142by na szybko wskaza\u0107 te, w kt\u00f3rych ma szans\u0119 na triumf. Cz\u0119\u015b\u0107 odcink\u00f3w zdecydowanie bardziej b\u0119dzie pasowa\u0142a sprinterom, cz\u0119\u015b\u0107 specjalistom od morderczej rywalizacji w g\u00f3rach. Wniosek po prezentacji by\u0142 jednak jeden \u2013 Tour de France 2019 wygra kolarz wszechstronny.<\/p>\n<p><em>&#8211; To trasa dla zawodnika kompletnego, a jednocze\u015bnie do\u015bwiadczonego<\/em> \u2013 uwa\u017ca Indurain.<\/p>\n<p>&nbsp;<\/p>\n<p>Pierre Latour, zwyci\u0119zca tegorocznej klasyfikacji m\u0142odzie\u017cowej Tour de France: &#8211; S\u0105dz\u0119, \u017ce przy takiej trasie walka o czo\u0142owe miejsca w klasyfikacji generalnej mo\u017ce toczy\u0107 si\u0119 do samego ko\u0144ca.<\/p>\n<p>&#8211; Prezentacja przysz\u0142orocznej trasy to dobra motywacja, by wr\u00f3ci\u0107 na rower po d\u0142u\u017cszej przerwie \u2013 za\u017cartowa\u0142 na Twitterze Froome.<\/p>\n<p><strong>15 tysi\u0119cy amator\u00f3w na starcie<\/strong><\/p>\n<p>Z kolei organizatorzy Tour de France z najwi\u0119ksz\u0105 niecierpliwo\u015bci\u0105 b\u0119d\u0105 czekali na 21 lipca. To w\u0142a\u015bnie wtedy na starcie 20. etapu (Albertville &#8211; Val Thorens) ma stan\u0105\u0107\u2026 15 tysi\u0119cy kolarzy-amator\u00f3w! To b\u0119dzie jedna z wielu dodatkowych imprez towarzysz\u0105cych Wielkiej P\u0119tli 2019.<\/p>\n<p>Start 106. Tour de France 6 lipca w Brukseli, zako\u0144czenie 28 lipca w Pary\u017cu. W tym czasie kolarze przejad\u0105 3460 km podzielonych na 21 etap\u00f3w.<\/p>\n<p><a href=\"https:\/\/d2p6e6u75xmxt8.cloudfront.net\/5\/2018\/10\/f004c-1.jpg\"><img loading=\"lazy\" decoding=\"async\" class=\"alignleft size-large wp-image-8052\" src=\"https:\/\/d2p6e6u75xmxt8.cloudfront.net\/5\/2018\/10\/f004c-1-706x1024.jpg\" alt=\"\" width=\"706\" height=\"1024\" srcset=\"https:\/\/d2p6e6u75xmxt8.cloudfront.net\/5\/2018\/10\/f004c-1-706x1024.jpg 706w, https:\/\/d2p6e6u75xmxt8.cloudfront.net\/5\/2018\/10\/f004c-1-207x300.jpg 207w, https:\/\/d2p6e6u75xmxt8.cloudfront.net\/5\/2018\/10\/f004c-1-768x1114.jpg 768w, https:\/\/d2p6e6u75xmxt8.cloudfront.net\/5\/2018\/10\/f004c-1.jpg 1200w\" sizes=\"auto, (max-width: 706px) 100vw, 706px\" \/><\/a><\/p>\n","protected":false},"excerpt":{"rendered":"<p>Pi\u0119kna, ale te\u017c piekielnie trudna \u2013 tak kolarze oceniaj\u0105 tras\u0119 przysz\u0142orocznego Tour de France. Dla kibic\u00f3w oznacza to jedno \u2013 [&hellip;]<\/p>\n","protected":false},"author":76,"featured_media":8043,"comment_status":"open","ping_status":"open","sticky":false,"template":"","format":"standard","meta":{"footnotes":""},"categories":[300],"tags":[],"global-categories":[],"class_list":["post-8050","post","type-post","status-publish","format-standard","has-post-thumbnail","hentry","category-tour-de-france-2019"],"yoast_head":"<!-- This site is optimized with the Yoast SEO Premium plugin v25.3 (Yoast SEO v25.9) - https:\/\/yoast.com\/wordpress\/plugins\/seo\/ -->\n<title>B\u00f3l, pot i walka do ostatniego kilometra. Zgotowali kolarzom piekielny wy\u015bcig! - \u0160koda We Love Cycling - Poland<\/title>\n<meta name=\"description\" content=\"Pi\u0119kna, ale te\u017c piekielnie trudna \u2013 tak kolarze oceniaj\u0105 tras\u0119 Tour de France 2019. Dla kibic\u00f3w oznacza to wielkie emocje i niezwyk\u0142e zwroty akcji.\" \/>\n<meta name=\"robots\" content=\"index, follow, max-snippet:-1, max-image-preview:large, max-video-preview:-1\" \/>\n<link rel=\"canonical\" href=\"https:\/\/www.welovecycling.com\/pl\/2018\/10\/29\/8050\/\" \/>\n<meta property=\"og:locale\" content=\"pl_PL\" \/>\n<meta property=\"og:type\" content=\"article\" \/>\n<meta property=\"og:title\" content=\"B\u00f3l, pot i walka do ostatniego kilometra. Zgotowali kolarzom piekielny wy\u015bcig!\" \/>\n<meta property=\"og:description\" content=\"Pi\u0119kna, ale te\u017c piekielnie trudna \u2013 tak kolarze oceniaj\u0105 tras\u0119 Tour de France 2019. Dla kibic\u00f3w oznacza to wielkie emocje i niezwyk\u0142e zwroty akcji.\" \/>\n<meta property=\"og:url\" content=\"https:\/\/www.welovecycling.com\/pl\/2018\/10\/29\/8050\/\" \/>\n<meta property=\"og:site_name\" content=\"\u0160koda We Love Cycling - Poland\" \/>\n<meta property=\"article:published_time\" content=\"2018-10-29T12:53:03+00:00\" \/>\n<meta property=\"article:modified_time\" content=\"2018-10-29T12:55:33+00:00\" \/>\n<meta property=\"og:image\" content=\"https:\/\/d2p6e6u75xmxt8.cloudfront.net\/5\/2018\/10\/f004c-e1540817564604.jpg\" \/>\n\t<meta property=\"og:image:width\" content=\"957\" \/>\n\t<meta property=\"og:image:height\" content=\"435\" \/>\n\t<meta property=\"og:image:type\" content=\"image\/jpeg\" \/>\n<meta name=\"author\" content=\"piotrboczkowski\" \/>\n<meta name=\"twitter:card\" content=\"summary_large_image\" \/>\n<meta name=\"twitter:label1\" content=\"Written by\" \/>\n\t<meta name=\"twitter:data1\" content=\"Piotr Jawor\" \/>\n\t<meta name=\"twitter:label2\" content=\"Est. reading time\" \/>\n\t<meta name=\"twitter:data2\" content=\"6\" \/>\n<script type=\"application\/ld+json\" class=\"yoast-schema-graph\">{\"@context\":\"https:\/\/schema.org\",\"@graph\":[{\"@type\":\"WebPage\",\"@id\":\"https:\/\/www.welovecycling.com\/pl\/2018\/10\/29\/8050\/\",\"url\":\"https:\/\/www.welovecycling.com\/pl\/2018\/10\/29\/8050\/\",\"name\":\"B\u00f3l, pot i walka do ostatniego kilometra. Zgotowali kolarzom piekielny wy\u015bcig! - \u0160koda We Love Cycling - Poland\",\"isPartOf\":{\"@id\":\"https:\/\/www.welovecycling.com\/pl\/#website\"},\"primaryImageOfPage\":{\"@id\":\"https:\/\/www.welovecycling.com\/pl\/2018\/10\/29\/8050\/#primaryimage\"},\"image\":{\"@id\":\"https:\/\/www.welovecycling.com\/pl\/2018\/10\/29\/8050\/#primaryimage\"},\"thumbnailUrl\":\"https:\/\/d2p6e6u75xmxt8.cloudfront.net\/5\/2018\/10\/f004c-e1540817564604.jpg\",\"datePublished\":\"2018-10-29T12:53:03+00:00\",\"dateModified\":\"2018-10-29T12:55:33+00:00\",\"author\":{\"@id\":\"https:\/\/www.welovecycling.com\/pl\/#\/schema\/person\/0dba2d39da943db9df3fd8f4687e7f23\"},\"description\":\"Pi\u0119kna, ale te\u017c piekielnie trudna \u2013 tak kolarze oceniaj\u0105 tras\u0119 Tour de France 2019. Dla kibic\u00f3w oznacza to wielkie emocje i niezwyk\u0142e zwroty akcji.\",\"breadcrumb\":{\"@id\":\"https:\/\/www.welovecycling.com\/pl\/2018\/10\/29\/8050\/#breadcrumb\"},\"inLanguage\":\"pl-PL\",\"potentialAction\":[{\"@type\":\"ReadAction\",\"target\":[\"https:\/\/www.welovecycling.com\/pl\/2018\/10\/29\/8050\/\"]}]},{\"@type\":\"ImageObject\",\"inLanguage\":\"pl-PL\",\"@id\":\"https:\/\/www.welovecycling.com\/pl\/2018\/10\/29\/8050\/#primaryimage\",\"url\":\"https:\/\/d2p6e6u75xmxt8.cloudfront.net\/5\/2018\/10\/f004c-e1540817564604.jpg\",\"contentUrl\":\"https:\/\/d2p6e6u75xmxt8.cloudfront.net\/5\/2018\/10\/f004c-e1540817564604.jpg\",\"width\":957,\"height\":435},{\"@type\":\"BreadcrumbList\",\"@id\":\"https:\/\/www.welovecycling.com\/pl\/2018\/10\/29\/8050\/#breadcrumb\",\"itemListElement\":[{\"@type\":\"ListItem\",\"position\":1,\"name\":\"Home\",\"item\":\"https:\/\/www.welovecycling.com\/pl\/\"},{\"@type\":\"ListItem\",\"position\":2,\"name\":\"B\u00f3l, pot i walka do ostatniego kilometra. Zgotowali kolarzom piekielny wy\u015bcig!\"}]},{\"@type\":\"WebSite\",\"@id\":\"https:\/\/www.welovecycling.com\/pl\/#website\",\"url\":\"https:\/\/www.welovecycling.com\/pl\/\",\"name\":\"\u0160koda We Love Cycling - Poland\",\"description\":\"\",\"potentialAction\":[{\"@type\":\"SearchAction\",\"target\":{\"@type\":\"EntryPoint\",\"urlTemplate\":\"https:\/\/www.welovecycling.com\/pl\/?s={search_term_string}\"},\"query-input\":{\"@type\":\"PropertyValueSpecification\",\"valueRequired\":true,\"valueName\":\"search_term_string\"}}],\"inLanguage\":\"pl-PL\"},{\"@type\":\"Person\",\"@id\":\"https:\/\/www.welovecycling.com\/pl\/#\/schema\/person\/0dba2d39da943db9df3fd8f4687e7f23\",\"name\":\"piotrboczkowski\",\"image\":{\"@type\":\"ImageObject\",\"inLanguage\":\"pl-PL\",\"@id\":\"https:\/\/www.welovecycling.com\/pl\/#\/schema\/person\/image\/\",\"url\":\"https:\/\/secure.gravatar.com\/avatar\/533caccae14752e03a2ce2d3fd62d1b98b93e1393c3195c27819e53344ca1ace?s=96&d=mm&r=g\",\"contentUrl\":\"https:\/\/secure.gravatar.com\/avatar\/533caccae14752e03a2ce2d3fd62d1b98b93e1393c3195c27819e53344ca1ace?s=96&d=mm&r=g\",\"caption\":\"piotrboczkowski\"},\"url\":\"https:\/\/www.welovecycling.com\/pl\/author\/piotrboczkowski\/\"}]}<\/script>\n<!-- \/ Yoast SEO Premium plugin. -->","yoast_head_json":{"title":"B\u00f3l, pot i walka do ostatniego kilometra. Zgotowali kolarzom piekielny wy\u015bcig! - \u0160koda We Love Cycling - Poland","description":"Pi\u0119kna, ale te\u017c piekielnie trudna \u2013 tak kolarze oceniaj\u0105 tras\u0119 Tour de France 2019. Dla kibic\u00f3w oznacza to wielkie emocje i niezwyk\u0142e zwroty akcji.","robots":{"index":"index","follow":"follow","max-snippet":"max-snippet:-1","max-image-preview":"max-image-preview:large","max-video-preview":"max-video-preview:-1"},"canonical":"https:\/\/www.welovecycling.com\/pl\/2018\/10\/29\/8050\/","og_locale":"pl_PL","og_type":"article","og_title":"B\u00f3l, pot i walka do ostatniego kilometra. Zgotowali kolarzom piekielny wy\u015bcig!","og_description":"Pi\u0119kna, ale te\u017c piekielnie trudna \u2013 tak kolarze oceniaj\u0105 tras\u0119 Tour de France 2019. Dla kibic\u00f3w oznacza to wielkie emocje i niezwyk\u0142e zwroty akcji.","og_url":"https:\/\/www.welovecycling.com\/pl\/2018\/10\/29\/8050\/","og_site_name":"\u0160koda We Love Cycling - Poland","article_published_time":"2018-10-29T12:53:03+00:00","article_modified_time":"2018-10-29T12:55:33+00:00","og_image":[{"width":957,"height":435,"url":"https:\/\/d2p6e6u75xmxt8.cloudfront.net\/5\/2018\/10\/f004c-e1540817564604.jpg","type":"image\/jpeg"}],"author":"piotrboczkowski","twitter_card":"summary_large_image","twitter_misc":{"Written by":"Piotr Jawor","Est. reading time":"6"},"schema":{"@context":"https:\/\/schema.org","@graph":[{"@type":"WebPage","@id":"https:\/\/www.welovecycling.com\/pl\/2018\/10\/29\/8050\/","url":"https:\/\/www.welovecycling.com\/pl\/2018\/10\/29\/8050\/","name":"B\u00f3l, pot i walka do ostatniego kilometra. Zgotowali kolarzom piekielny wy\u015bcig! - \u0160koda We Love Cycling - Poland","isPartOf":{"@id":"https:\/\/www.welovecycling.com\/pl\/#website"},"primaryImageOfPage":{"@id":"https:\/\/www.welovecycling.com\/pl\/2018\/10\/29\/8050\/#primaryimage"},"image":{"@id":"https:\/\/www.welovecycling.com\/pl\/2018\/10\/29\/8050\/#primaryimage"},"thumbnailUrl":"https:\/\/d2p6e6u75xmxt8.cloudfront.net\/5\/2018\/10\/f004c-e1540817564604.jpg","datePublished":"2018-10-29T12:53:03+00:00","dateModified":"2018-10-29T12:55:33+00:00","author":{"@id":"https:\/\/www.welovecycling.com\/pl\/#\/schema\/person\/0dba2d39da943db9df3fd8f4687e7f23"},"description":"Pi\u0119kna, ale te\u017c piekielnie trudna \u2013 tak kolarze oceniaj\u0105 tras\u0119 Tour de France 2019. Dla kibic\u00f3w oznacza to wielkie emocje i niezwyk\u0142e zwroty akcji.","breadcrumb":{"@id":"https:\/\/www.welovecycling.com\/pl\/2018\/10\/29\/8050\/#breadcrumb"},"inLanguage":"pl-PL","potentialAction":[{"@type":"ReadAction","target":["https:\/\/www.welovecycling.com\/pl\/2018\/10\/29\/8050\/"]}]},{"@type":"ImageObject","inLanguage":"pl-PL","@id":"https:\/\/www.welovecycling.com\/pl\/2018\/10\/29\/8050\/#primaryimage","url":"https:\/\/d2p6e6u75xmxt8.cloudfront.net\/5\/2018\/10\/f004c-e1540817564604.jpg","contentUrl":"https:\/\/d2p6e6u75xmxt8.cloudfront.net\/5\/2018\/10\/f004c-e1540817564604.jpg","width":957,"height":435},{"@type":"BreadcrumbList","@id":"https:\/\/www.welovecycling.com\/pl\/2018\/10\/29\/8050\/#breadcrumb","itemListElement":[{"@type":"ListItem","position":1,"name":"Home","item":"https:\/\/www.welovecycling.com\/pl\/"},{"@type":"ListItem","position":2,"name":"B\u00f3l, pot i walka do ostatniego kilometra. Zgotowali kolarzom piekielny wy\u015bcig!"}]},{"@type":"WebSite","@id":"https:\/\/www.welovecycling.com\/pl\/#website","url":"https:\/\/www.welovecycling.com\/pl\/","name":"\u0160koda We Love Cycling - Poland","description":"","potentialAction":[{"@type":"SearchAction","target":{"@type":"EntryPoint","urlTemplate":"https:\/\/www.welovecycling.com\/pl\/?s={search_term_string}"},"query-input":{"@type":"PropertyValueSpecification","valueRequired":true,"valueName":"search_term_string"}}],"inLanguage":"pl-PL"},{"@type":"Person","@id":"https:\/\/www.welovecycling.com\/pl\/#\/schema\/person\/0dba2d39da943db9df3fd8f4687e7f23","name":"piotrboczkowski","image":{"@type":"ImageObject","inLanguage":"pl-PL","@id":"https:\/\/www.welovecycling.com\/pl\/#\/schema\/person\/image\/","url":"https:\/\/secure.gravatar.com\/avatar\/533caccae14752e03a2ce2d3fd62d1b98b93e1393c3195c27819e53344ca1ace?s=96&d=mm&r=g","contentUrl":"https:\/\/secure.gravatar.com\/avatar\/533caccae14752e03a2ce2d3fd62d1b98b93e1393c3195c27819e53344ca1ace?s=96&d=mm&r=g","caption":"piotrboczkowski"},"url":"https:\/\/www.welovecycling.com\/pl\/author\/piotrboczkowski\/"}]}},"_links":{"self":[{"href":"https:\/\/www.welovecycling.com\/pl\/wp-json\/wp\/v2\/posts\/8050","targetHints":{"allow":["GET"]}}],"collection":[{"href":"https:\/\/www.welovecycling.com\/pl\/wp-json\/wp\/v2\/posts"}],"about":[{"href":"https:\/\/www.welovecycling.com\/pl\/wp-json\/wp\/v2\/types\/post"}],"author":[{"embeddable":true,"href":"https:\/\/www.welovecycling.com\/pl\/wp-json\/wp\/v2\/users\/76"}],"replies":[{"embeddable":true,"href":"https:\/\/www.welovecycling.com\/pl\/wp-json\/wp\/v2\/comments?post=8050"}],"version-history":[{"count":2,"href":"https:\/\/www.welovecycling.com\/pl\/wp-json\/wp\/v2\/posts\/8050\/revisions"}],"predecessor-version":[{"id":8054,"href":"https:\/\/www.welovecycling.com\/pl\/wp-json\/wp\/v2\/posts\/8050\/revisions\/8054"}],"wp:featuredmedia":[{"embeddable":true,"href":"https:\/\/www.welovecycling.com\/pl\/wp-json\/wp\/v2\/media\/8043"}],"wp:attachment":[{"href":"https:\/\/www.welovecycling.com\/pl\/wp-json\/wp\/v2\/media?parent=8050"}],"wp:term":[{"taxonomy":"category","embeddable":true,"href":"https:\/\/www.welovecycling.com\/pl\/wp-json\/wp\/v2\/categories?post=8050"},{"taxonomy":"post_tag","embeddable":true,"href":"https:\/\/www.welovecycling.com\/pl\/wp-json\/wp\/v2\/tags?post=8050"},{"taxonomy":"global-categories","embeddable":true,"href":"https:\/\/www.welovecycling.com\/pl\/wp-json\/wp\/v2\/global-categories?post=8050"}],"curies":[{"name":"wp","href":"https:\/\/api.w.org\/{rel}","templated":true}]}}