{"id":8048,"date":"2018-10-26T11:44:07","date_gmt":"2018-10-26T11:44:07","guid":{"rendered":"https:\/\/www.welovecycling.com\/pl\/?p=8048"},"modified":"2018-10-26T11:44:07","modified_gmt":"2018-10-26T11:44:07","slug":"na-to-wszyscy-czekali-piekna-i-mordercza-trasa-tour-de-france","status":"publish","type":"post","link":"https:\/\/www.welovecycling.com\/pl\/2018\/10\/26\/na-to-wszyscy-czekali-piekna-i-mordercza-trasa-tour-de-france\/","title":{"rendered":"Na to wszyscy czekali! Pi\u0119kna i mordercza trasa Tour de France!"},"content":{"rendered":"<p><strong>Kibice z wra\u017cenia robili wielkie oczy, a kolarze od samego patrzenia mogli poczu\u0107 b\u00f3l w mi\u0119\u015bniach. W Pary\u017cu zaprezentowano przysz\u0142oroczn\u0105 tras\u0119 Tour de France \u2013 najciekawsz\u0105 i najtrudniejsz\u0105 w ostatnich latach!<\/strong><\/p>\n<p>&#8211; Wszyscy jeste\u015bmy ciekawi i zniecierpliwieni. W ko\u0144cu to nasz pasja i cz\u0119\u015b\u0107 \u017cycia. Dzi\u015b jednak dowiemy si\u0119 wszystkiego\u2026 To b\u0119dzie ekscytuj\u0105cy moment, wi\u0119c dzi\u0119kuj\u0119, \u017ce jeste\u015bcie z nami\u00a0 \u2013 budowa\u0142 atmosfer\u0119 prowadz\u0105cy gal\u0119 w Pa\u0142acu Kongresowym w Pary\u017cu.<\/p>\n<p>Za moment na scenie pojawili si\u0119 najlepsi kolarze \u015bwiata, a spiker z pr\u0119dko\u015bci\u0105 gwiazdy muzyki hip-hop wymienia\u0142 ich wszystkie sukcesy. Gala na chwil\u0119 zwolni\u0142a, gdy na scenie pojawi\u0142y si\u0119 legendy. Panowie Kolarze i \u017cywa historia Tour de France \u2013 Eddy Merckx, Bernard Hinault i Miguel Indurain, czyli absolutni rekordzi\u015bci, kt\u00f3rzy Wielk\u0105 P\u0119tl\u0119 wygrali po pi\u0119\u0107 razy (tyle samo zwyci\u0119stw ma te\u017c nie\u017cyj\u0105cy Jacques Anguetil).<\/p>\n<p><strong>Receptura na najlepszy wy\u015bcig \u015bwiata<\/strong><\/p>\n<p>&#8211; Szanowni pa\u0144stwo, przed nami prezentacja trasy najwi\u0119kszego wy\u015bcigu kolarskiego \u015bwiata \u2013 pop\u0142yn\u0119\u0142o z g\u0142o\u015bnik\u00f3w i\u2026 zacz\u0119\u0142o si\u0119!<\/p>\n<lite-youtube videoid=hAOmdacylVY params=\"enablejsapi=1\" style=\"background-image: url('https:\/\/i.ytimg.com\/vi_webp\/hAOmdacylVY\/maxresdefault.webp');\"><\/lite-youtube>\n<p>\u017b\u00f3\u0142ta strza\u0142a wystartowa\u0142a i zacz\u0119\u0142a przemierza\u0107 kolejne regiony Francji. Etapy p\u0142askie, pag\u00f3rkowate, czas\u00f3wki i w ko\u0144cu mordercze g\u00f3ry. Okaza\u0142o si\u0119, \u017ce podczas Tour de France 2019 b\u0119dzie wszystko i to w proporcjach godnych receptury na najlepszy wy\u015bcig \u015bwiata.<\/p>\n<p>Wielka P\u0119tla zacznie si\u0119 5 lipca w Brukseli, a nazajutrz w stolicy Belgii odb\u0119dzie si\u0119 jazda dru\u017cynowa na czas (wi\u0119cej o Grand Depart pisali\u015bmy TUTAJ).<\/p>\n<p>Te etapy podczas gali zapowiedziano ciekawym klipem \u2013 kolarz w zielonej koszulce \u0160KODY zajada belgijskie frytki, ale w pewnym momencie zaczyna po\u015bcig za \u017c\u00f3\u0142t\u0105 koszulk\u0105. Goni j\u0105 po brukselskich parkach, dzielnicach biznesowych, mi\u0119dzy budynkami administracji Unii Europejskiej, a gdy w ko\u0144cu dopada na brukselskim rynku, okazuje si\u0119, \u017ce posta\u0107 w \u017c\u00f3\u0142tej koszulce, to legendarny Eddy Merckx, kt\u00f3ry w kawiarni s\u0105czy wino. Pow\u00f3d? W 2019 roku minie dok\u0142adnie 50 lat od jego pierwszego triumfu w Wielkiej P\u0119tli!<\/p>\n<p><strong>Tutaj nie ma lekcewa\u017cenia <\/strong><\/p>\n<p>Peleton we Francji zamelduje si\u0119 trzeciego dnia \u2013 pop\u0119dzi po p\u00f3\u0142nocny kraju, a przy g\u0142osie ca\u0142y czas b\u0119d\u0105 sprinterzy. Pierwsze wi\u0119ksze podjazdy pojawi\u0105 si\u0119 na 5. etapie\u00a0 (Saint-die-Des Vosges \u2013 Colmar), ale prawdziwy przedsmak g\u00f3r nadejdzie dzie\u0144 p\u00f3\u017aniej. 157-kilometrowy etap z Miluza do La Planche des Belles Filles b\u0119dzie mia\u0142 kilka podjazd\u00f3w, na kt\u00f3rych zlekcewa\u017cenie nie b\u0119dzie m\u00f3g\u0142 sobie pozwoli\u0107 \u017caden zawodnik.<\/p>\n<p>Za to na 7. etapie kolarze b\u0119d\u0105 musieli zmierzy\u0107 si\u0119 z najd\u0142u\u017cszym przejazdem ( Belfort \u2013 Chalon-sur-Saone), kt\u00f3ry liczy 230 km. Po nim kolarze wjad\u0105 w Masyw Centralny i powoli b\u0119d\u0105 zbli\u017cali si\u0119 do po\u0142udniowej granicy Francji. Ju\u017c wtedy mog\u0105 jednak z ut\u0119sknieniem wypatrywa\u0107 10. etapu, po kt\u00f3rym nast\u0105pi dzie\u0144 przerwy.<\/p>\n<p>P\u00f3\u017aniej troch\u0119 jazdy po p\u0142askim, nast\u0119pnie lekko g\u00f3rzysty teren, a po nim pierwsza i ostatnia indywidualna jazda na czas \u2013 27 kilometr\u00f3w w mie\u015bcie Pau. P\u00f3\u017aniej walka w Pirenejach rozpocznie si\u0119 na dobre! Na 14. etapie podjazd pod Tourmalet, a dzie\u0144 p\u00f3\u017aniej na Prat d\u2019Albis sprawi\u0105, \u017ce mi\u0142o\u015bnicy g\u00f3rskich m\u0119czarni powinni czu\u0107 si\u0119 usatysfakcjonowani.<\/p>\n<p><strong>Jeden minus<\/strong><\/p>\n<p>Wszystko rozstrzygnie si\u0119 jednak w Alpach. Na 18. etapie zawodnicy b\u0119d\u0105 wspinali si\u0119 na wysoko\u015b\u0107 powy\u017cej 2000 m n.p.m. Nast\u0119pnie przejazd Saint-Jean-de-Maurienne \u2013 Tignes (123 km), a na koniec etap, kt\u00f3ry oddzieli kolarzy \u015bwietnych od wybitnych, czyli piekielnie trudny g\u00f3rski przejazd z Albertville do Val Thorens (131 km). To tam poznamy zwyci\u0119zc\u0119 106. Tour de France, a wy\u015bcig oczywi\u015bcie zako\u0144czy si\u0119 na Polach Elizejskich 27 lipca.<\/p>\n<p>\u0141\u0105cznie trasa b\u0119dzie mia\u0142a 3460 kilometr\u00f3w, siedem odcink\u00f3w p\u0142askich, pi\u0119\u0107 g\u00f3rskich oraz jeden wielki minus \u2013 kolarze na niej pojawi\u0105 si\u0119 dopiero za d\u0142ugich osiem miesi\u0119cy\u2026<\/p>\n<p>Do zobaczenia!<\/p>\n<p><a href=\"https:\/\/d2p6e6u75xmxt8.cloudfront.net\/5\/2018\/10\/f004c.jpg\"><img loading=\"lazy\" decoding=\"async\" class=\"size-large wp-image-8043 alignnone\" src=\"https:\/\/d2p6e6u75xmxt8.cloudfront.net\/5\/2018\/10\/f004c-706x1024.jpg\" alt=\"\" width=\"706\" height=\"1024\" \/><\/a><\/p>\n<p><strong>Trasa Tour de France 2019:<\/strong><\/p>\n<p>6 lipca &#8211; etap 1: Bruksela &#8211; Bruksela (192 km)<\/p>\n<p>7 lipca &#8211; etap 2: Bruksela &#8211; Bruksela (27 km, jazda dru\u017cynowa na czas)<\/p>\n<p>8 lipca &#8211; etap 3: Binche &#8211; \u00c9pernay (214)<\/p>\n<p>9 lipca &#8211; etap 4: Reims &#8211; Nancy (215 km)<\/p>\n<p>10 lipca &#8211; etap 5: Saint-Di\u00e9-des-Vosges &#8211; Colmar (169 km)<\/p>\n<p>11 lipca &#8211; etap 6: Mulhouse &#8211; Planche des Belles Filles (157 km)<\/p>\n<p>12 lipca &#8211; etap 7: Belfort &#8211; Chalon-sur-Sa\u00f4ne (230 km)<\/p>\n<p>13 lipca &#8211; etap 8: M\u00e2con &#8211; Saint-\u00c9tienne (199 km)<\/p>\n<p>14 lipca &#8211; etap 9: Saint-\u00c9tienne &#8211; Brioude (170 km)<\/p>\n<p>15 lipca &#8211; etap 10: Saint-Flour &#8211; Albi (218 km)<\/p>\n<p>17 lipca &#8211; etap 11: Albi &#8211; Tuluza (167 km)<\/p>\n<p>18 lipca &#8211; etap 12: Tuluza &#8211; Bagn\u00e8res-de-Bigorre (202 km)<\/p>\n<p>19 lipca &#8211; etap 13: Pau &#8211; Pau (27 km, jazda indywidualna na czas)<\/p>\n<p>20 lipca &#8211; etap 14: Tarbes &#8211; Col du Tourmalet (117 km)<\/p>\n<p>21 lipca &#8211; etap 15: Limoux &#8211; Prat-d\u2019Albis (Foix) (185 km)<\/p>\n<p>23 lipca &#8211; etap 16: N\u00eemes &#8211; N\u00eemes (177 km)<\/p>\n<p>24 lipca &#8211; etap 17: Pont-du-Gard &#8211; Gap (206 km)<\/p>\n<p>25 lipca &#8211; etap 18: Embrun &#8211; Valloire (207 km)<\/p>\n<p>26 lipca &#8211; etap 19: Saint-Jean-de-Maurienne &#8211; Tignes (123 km)<\/p>\n<p>27 lipca &#8211; etap 20: Albertville &#8211; Val Thorens (131 km)<\/p>\n<p>28 lipca &#8211; etap 21: Rambouillet \u2013 Pola Elizejskie (127 km)<\/p>\n<p>&nbsp;<\/p>\n","protected":false},"excerpt":{"rendered":"<p>Kibice z wra\u017cenia robili wielkie oczy, a kolarze od samego patrzenia mogli poczu\u0107 b\u00f3l w mi\u0119\u015bniach. W Pary\u017cu zaprezentowano przysz\u0142oroczn\u0105 [&hellip;]<\/p>\n","protected":false},"author":76,"featured_media":8044,"comment_status":"open","ping_status":"open","sticky":false,"template":"","format":"standard","meta":{"footnotes":""},"categories":[300],"tags":[],"global-categories":[],"class_list":["post-8048","post","type-post","status-publish","format-standard","has-post-thumbnail","hentry","category-tour-de-france-2019"],"yoast_head":"<!-- This site is optimized with the Yoast SEO Premium plugin v25.3 (Yoast SEO v25.9) - https:\/\/yoast.com\/wordpress\/plugins\/seo\/ -->\n<title>Na to wszyscy czekali! Pi\u0119kna i mordercza trasa Tour de France! - \u0160koda We Love Cycling - Poland<\/title>\n<meta name=\"robots\" content=\"index, follow, max-snippet:-1, max-image-preview:large, max-video-preview:-1\" \/>\n<link rel=\"canonical\" href=\"https:\/\/www.welovecycling.com\/pl\/2018\/10\/26\/na-to-wszyscy-czekali-piekna-i-mordercza-trasa-tour-de-france\/\" \/>\n<meta property=\"og:locale\" content=\"pl_PL\" \/>\n<meta property=\"og:type\" content=\"article\" \/>\n<meta property=\"og:title\" content=\"Na to wszyscy czekali! Pi\u0119kna i mordercza trasa Tour de France!\" \/>\n<meta property=\"og:description\" content=\"Kibice z wra\u017cenia robili wielkie oczy, a kolarze od samego patrzenia mogli poczu\u0107 b\u00f3l w mi\u0119\u015bniach. W Pary\u017cu zaprezentowano przysz\u0142oroczn\u0105 [&hellip;]\" \/>\n<meta property=\"og:url\" content=\"https:\/\/www.welovecycling.com\/pl\/2018\/10\/26\/na-to-wszyscy-czekali-piekna-i-mordercza-trasa-tour-de-france\/\" \/>\n<meta property=\"og:site_name\" content=\"\u0160koda We Love Cycling - Poland\" \/>\n<meta property=\"article:published_time\" content=\"2018-10-26T11:44:07+00:00\" \/>\n<meta property=\"og:image\" content=\"https:\/\/d2p6e6u75xmxt8.cloudfront.net\/5\/2018\/10\/8dce7.jpg\" \/>\n\t<meta property=\"og:image:width\" content=\"1000\" \/>\n\t<meta property=\"og:image:height\" content=\"666\" \/>\n\t<meta property=\"og:image:type\" content=\"image\/jpeg\" \/>\n<meta name=\"author\" content=\"piotrboczkowski\" \/>\n<meta name=\"twitter:card\" content=\"summary_large_image\" \/>\n<meta name=\"twitter:label1\" content=\"Written by\" \/>\n\t<meta name=\"twitter:data1\" content=\"Piotr Jawor\" \/>\n\t<meta name=\"twitter:label2\" content=\"Est. reading time\" \/>\n\t<meta name=\"twitter:data2\" content=\"6\" \/>\n<script type=\"application\/ld+json\" class=\"yoast-schema-graph\">{\"@context\":\"https:\/\/schema.org\",\"@graph\":[{\"@type\":\"WebPage\",\"@id\":\"https:\/\/www.welovecycling.com\/pl\/2018\/10\/26\/na-to-wszyscy-czekali-piekna-i-mordercza-trasa-tour-de-france\/\",\"url\":\"https:\/\/www.welovecycling.com\/pl\/2018\/10\/26\/na-to-wszyscy-czekali-piekna-i-mordercza-trasa-tour-de-france\/\",\"name\":\"Na to wszyscy czekali! Pi\u0119kna i mordercza trasa Tour de France! - \u0160koda We Love Cycling - Poland\",\"isPartOf\":{\"@id\":\"https:\/\/www.welovecycling.com\/pl\/#website\"},\"primaryImageOfPage\":{\"@id\":\"https:\/\/www.welovecycling.com\/pl\/2018\/10\/26\/na-to-wszyscy-czekali-piekna-i-mordercza-trasa-tour-de-france\/#primaryimage\"},\"image\":{\"@id\":\"https:\/\/www.welovecycling.com\/pl\/2018\/10\/26\/na-to-wszyscy-czekali-piekna-i-mordercza-trasa-tour-de-france\/#primaryimage\"},\"thumbnailUrl\":\"https:\/\/d2p6e6u75xmxt8.cloudfront.net\/5\/2018\/10\/8dce7.jpg\",\"datePublished\":\"2018-10-26T11:44:07+00:00\",\"author\":{\"@id\":\"https:\/\/www.welovecycling.com\/pl\/#\/schema\/person\/0dba2d39da943db9df3fd8f4687e7f23\"},\"breadcrumb\":{\"@id\":\"https:\/\/www.welovecycling.com\/pl\/2018\/10\/26\/na-to-wszyscy-czekali-piekna-i-mordercza-trasa-tour-de-france\/#breadcrumb\"},\"inLanguage\":\"pl-PL\",\"potentialAction\":[{\"@type\":\"ReadAction\",\"target\":[\"https:\/\/www.welovecycling.com\/pl\/2018\/10\/26\/na-to-wszyscy-czekali-piekna-i-mordercza-trasa-tour-de-france\/\"]}]},{\"@type\":\"ImageObject\",\"inLanguage\":\"pl-PL\",\"@id\":\"https:\/\/www.welovecycling.com\/pl\/2018\/10\/26\/na-to-wszyscy-czekali-piekna-i-mordercza-trasa-tour-de-france\/#primaryimage\",\"url\":\"https:\/\/d2p6e6u75xmxt8.cloudfront.net\/5\/2018\/10\/8dce7.jpg\",\"contentUrl\":\"https:\/\/d2p6e6u75xmxt8.cloudfront.net\/5\/2018\/10\/8dce7.jpg\",\"width\":1000,\"height\":666},{\"@type\":\"BreadcrumbList\",\"@id\":\"https:\/\/www.welovecycling.com\/pl\/2018\/10\/26\/na-to-wszyscy-czekali-piekna-i-mordercza-trasa-tour-de-france\/#breadcrumb\",\"itemListElement\":[{\"@type\":\"ListItem\",\"position\":1,\"name\":\"Home\",\"item\":\"https:\/\/www.welovecycling.com\/pl\/\"},{\"@type\":\"ListItem\",\"position\":2,\"name\":\"Na to wszyscy czekali! Pi\u0119kna i mordercza trasa Tour de France!\"}]},{\"@type\":\"WebSite\",\"@id\":\"https:\/\/www.welovecycling.com\/pl\/#website\",\"url\":\"https:\/\/www.welovecycling.com\/pl\/\",\"name\":\"\u0160koda We Love Cycling - Poland\",\"description\":\"\",\"potentialAction\":[{\"@type\":\"SearchAction\",\"target\":{\"@type\":\"EntryPoint\",\"urlTemplate\":\"https:\/\/www.welovecycling.com\/pl\/?s={search_term_string}\"},\"query-input\":{\"@type\":\"PropertyValueSpecification\",\"valueRequired\":true,\"valueName\":\"search_term_string\"}}],\"inLanguage\":\"pl-PL\"},{\"@type\":\"Person\",\"@id\":\"https:\/\/www.welovecycling.com\/pl\/#\/schema\/person\/0dba2d39da943db9df3fd8f4687e7f23\",\"name\":\"piotrboczkowski\",\"image\":{\"@type\":\"ImageObject\",\"inLanguage\":\"pl-PL\",\"@id\":\"https:\/\/www.welovecycling.com\/pl\/#\/schema\/person\/image\/\",\"url\":\"https:\/\/secure.gravatar.com\/avatar\/533caccae14752e03a2ce2d3fd62d1b98b93e1393c3195c27819e53344ca1ace?s=96&d=mm&r=g\",\"contentUrl\":\"https:\/\/secure.gravatar.com\/avatar\/533caccae14752e03a2ce2d3fd62d1b98b93e1393c3195c27819e53344ca1ace?s=96&d=mm&r=g\",\"caption\":\"piotrboczkowski\"},\"url\":\"https:\/\/www.welovecycling.com\/pl\/author\/piotrboczkowski\/\"}]}<\/script>\n<!-- \/ Yoast SEO Premium plugin. -->","yoast_head_json":{"title":"Na to wszyscy czekali! Pi\u0119kna i mordercza trasa Tour de France! - \u0160koda We Love Cycling - Poland","robots":{"index":"index","follow":"follow","max-snippet":"max-snippet:-1","max-image-preview":"max-image-preview:large","max-video-preview":"max-video-preview:-1"},"canonical":"https:\/\/www.welovecycling.com\/pl\/2018\/10\/26\/na-to-wszyscy-czekali-piekna-i-mordercza-trasa-tour-de-france\/","og_locale":"pl_PL","og_type":"article","og_title":"Na to wszyscy czekali! Pi\u0119kna i mordercza trasa Tour de France!","og_description":"Kibice z wra\u017cenia robili wielkie oczy, a kolarze od samego patrzenia mogli poczu\u0107 b\u00f3l w mi\u0119\u015bniach. W Pary\u017cu zaprezentowano przysz\u0142oroczn\u0105 [&hellip;]","og_url":"https:\/\/www.welovecycling.com\/pl\/2018\/10\/26\/na-to-wszyscy-czekali-piekna-i-mordercza-trasa-tour-de-france\/","og_site_name":"\u0160koda We Love Cycling - Poland","article_published_time":"2018-10-26T11:44:07+00:00","og_image":[{"width":1000,"height":666,"url":"https:\/\/d2p6e6u75xmxt8.cloudfront.net\/5\/2018\/10\/8dce7.jpg","type":"image\/jpeg"}],"author":"piotrboczkowski","twitter_card":"summary_large_image","twitter_misc":{"Written by":"Piotr Jawor","Est. reading time":"6"},"schema":{"@context":"https:\/\/schema.org","@graph":[{"@type":"WebPage","@id":"https:\/\/www.welovecycling.com\/pl\/2018\/10\/26\/na-to-wszyscy-czekali-piekna-i-mordercza-trasa-tour-de-france\/","url":"https:\/\/www.welovecycling.com\/pl\/2018\/10\/26\/na-to-wszyscy-czekali-piekna-i-mordercza-trasa-tour-de-france\/","name":"Na to wszyscy czekali! Pi\u0119kna i mordercza trasa Tour de France! - \u0160koda We Love Cycling - Poland","isPartOf":{"@id":"https:\/\/www.welovecycling.com\/pl\/#website"},"primaryImageOfPage":{"@id":"https:\/\/www.welovecycling.com\/pl\/2018\/10\/26\/na-to-wszyscy-czekali-piekna-i-mordercza-trasa-tour-de-france\/#primaryimage"},"image":{"@id":"https:\/\/www.welovecycling.com\/pl\/2018\/10\/26\/na-to-wszyscy-czekali-piekna-i-mordercza-trasa-tour-de-france\/#primaryimage"},"thumbnailUrl":"https:\/\/d2p6e6u75xmxt8.cloudfront.net\/5\/2018\/10\/8dce7.jpg","datePublished":"2018-10-26T11:44:07+00:00","author":{"@id":"https:\/\/www.welovecycling.com\/pl\/#\/schema\/person\/0dba2d39da943db9df3fd8f4687e7f23"},"breadcrumb":{"@id":"https:\/\/www.welovecycling.com\/pl\/2018\/10\/26\/na-to-wszyscy-czekali-piekna-i-mordercza-trasa-tour-de-france\/#breadcrumb"},"inLanguage":"pl-PL","potentialAction":[{"@type":"ReadAction","target":["https:\/\/www.welovecycling.com\/pl\/2018\/10\/26\/na-to-wszyscy-czekali-piekna-i-mordercza-trasa-tour-de-france\/"]}]},{"@type":"ImageObject","inLanguage":"pl-PL","@id":"https:\/\/www.welovecycling.com\/pl\/2018\/10\/26\/na-to-wszyscy-czekali-piekna-i-mordercza-trasa-tour-de-france\/#primaryimage","url":"https:\/\/d2p6e6u75xmxt8.cloudfront.net\/5\/2018\/10\/8dce7.jpg","contentUrl":"https:\/\/d2p6e6u75xmxt8.cloudfront.net\/5\/2018\/10\/8dce7.jpg","width":1000,"height":666},{"@type":"BreadcrumbList","@id":"https:\/\/www.welovecycling.com\/pl\/2018\/10\/26\/na-to-wszyscy-czekali-piekna-i-mordercza-trasa-tour-de-france\/#breadcrumb","itemListElement":[{"@type":"ListItem","position":1,"name":"Home","item":"https:\/\/www.welovecycling.com\/pl\/"},{"@type":"ListItem","position":2,"name":"Na to wszyscy czekali! Pi\u0119kna i mordercza trasa Tour de France!"}]},{"@type":"WebSite","@id":"https:\/\/www.welovecycling.com\/pl\/#website","url":"https:\/\/www.welovecycling.com\/pl\/","name":"\u0160koda We Love Cycling - Poland","description":"","potentialAction":[{"@type":"SearchAction","target":{"@type":"EntryPoint","urlTemplate":"https:\/\/www.welovecycling.com\/pl\/?s={search_term_string}"},"query-input":{"@type":"PropertyValueSpecification","valueRequired":true,"valueName":"search_term_string"}}],"inLanguage":"pl-PL"},{"@type":"Person","@id":"https:\/\/www.welovecycling.com\/pl\/#\/schema\/person\/0dba2d39da943db9df3fd8f4687e7f23","name":"piotrboczkowski","image":{"@type":"ImageObject","inLanguage":"pl-PL","@id":"https:\/\/www.welovecycling.com\/pl\/#\/schema\/person\/image\/","url":"https:\/\/secure.gravatar.com\/avatar\/533caccae14752e03a2ce2d3fd62d1b98b93e1393c3195c27819e53344ca1ace?s=96&d=mm&r=g","contentUrl":"https:\/\/secure.gravatar.com\/avatar\/533caccae14752e03a2ce2d3fd62d1b98b93e1393c3195c27819e53344ca1ace?s=96&d=mm&r=g","caption":"piotrboczkowski"},"url":"https:\/\/www.welovecycling.com\/pl\/author\/piotrboczkowski\/"}]}},"_links":{"self":[{"href":"https:\/\/www.welovecycling.com\/pl\/wp-json\/wp\/v2\/posts\/8048","targetHints":{"allow":["GET"]}}],"collection":[{"href":"https:\/\/www.welovecycling.com\/pl\/wp-json\/wp\/v2\/posts"}],"about":[{"href":"https:\/\/www.welovecycling.com\/pl\/wp-json\/wp\/v2\/types\/post"}],"author":[{"embeddable":true,"href":"https:\/\/www.welovecycling.com\/pl\/wp-json\/wp\/v2\/users\/76"}],"replies":[{"embeddable":true,"href":"https:\/\/www.welovecycling.com\/pl\/wp-json\/wp\/v2\/comments?post=8048"}],"version-history":[{"count":1,"href":"https:\/\/www.welovecycling.com\/pl\/wp-json\/wp\/v2\/posts\/8048\/revisions"}],"predecessor-version":[{"id":8049,"href":"https:\/\/www.welovecycling.com\/pl\/wp-json\/wp\/v2\/posts\/8048\/revisions\/8049"}],"wp:featuredmedia":[{"embeddable":true,"href":"https:\/\/www.welovecycling.com\/pl\/wp-json\/wp\/v2\/media\/8044"}],"wp:attachment":[{"href":"https:\/\/www.welovecycling.com\/pl\/wp-json\/wp\/v2\/media?parent=8048"}],"wp:term":[{"taxonomy":"category","embeddable":true,"href":"https:\/\/www.welovecycling.com\/pl\/wp-json\/wp\/v2\/categories?post=8048"},{"taxonomy":"post_tag","embeddable":true,"href":"https:\/\/www.welovecycling.com\/pl\/wp-json\/wp\/v2\/tags?post=8048"},{"taxonomy":"global-categories","embeddable":true,"href":"https:\/\/www.welovecycling.com\/pl\/wp-json\/wp\/v2\/global-categories?post=8048"}],"curies":[{"name":"wp","href":"https:\/\/api.w.org\/{rel}","templated":true}]}}