{"id":8035,"date":"2018-10-25T20:38:15","date_gmt":"2018-10-25T20:38:15","guid":{"rendered":"https:\/\/www.welovecycling.com\/pl\/?p=8035"},"modified":"2018-10-26T07:47:06","modified_gmt":"2018-10-26T07:47:06","slug":"zaskakujace-pochodzenie-jazdy-na-czas","status":"publish","type":"post","link":"https:\/\/www.welovecycling.com\/pl\/2018\/10\/25\/zaskakujace-pochodzenie-jazdy-na-czas\/","title":{"rendered":"Zaskakuj\u0105ce pochodzenie jazdy na czas"},"content":{"rendered":"<p><strong>Z pocz\u0105tkiem XX wieku rowery by\u0142y ju\u017c na tyle og\u00f3lnodost\u0119pne, \u017ce stanowi\u0142y dla Brytyjczyk\u00f3w najta\u0144szy i najszybszy \u015brodek transportu w \u015bwiecie praktycznie pozbawionym jeszcze samochod\u00f3w.<\/strong><\/p>\n<p>Prawie natychmiast zacz\u0119\u0142y si\u0119 pojawia\u0107 spore grupy m\u0142odych m\u0119\u017cczyzn \u015bcigaj\u0105cych si\u0119 po ulicach miast i wiejskich drogach. Wsie wystawia\u0142y tablice informuj\u0105ce o zbli\u017caj\u0105cych si\u0119 wy\u015bcigach, kt\u00f3re nieraz przyci\u0105ga\u0142y nawet 100 kolarzy gotowych p\u0119dzi\u0107 przez piaszczyste drogi z pe\u0142n\u0105 pr\u0119dko\u015bci\u0105. Zwr\u00f3\u0107cie tylko uwag\u0119 na rozmach wydarzenia kolarskiego z roku 1916:<\/p>\n<div class=\"embed-controller-wrapper\">\n<div class=\"embed-wrapper\"><iframe title=\"Women Cyclists&#039; Rally (1916) | BFI National Archive\" width=\"500\" height=\"281\" data-src=\"https:\/\/www.youtube.com\/embed\/m-khuXN9GKA?feature=oembed\" frameborder=\"0\" allow=\"accelerometer; autoplay; clipboard-write; encrypted-media; gyroscope; picture-in-picture; web-share\" referrerpolicy=\"strict-origin-when-cross-origin\" allowfullscreen><\/iframe><\/div>\n<\/div>\n<p>Ca\u0142e to zamieszanie przyci\u0105ga\u0142o zar\u00f3wno kibic\u00f3w, jak i przedstawicieli w\u0142adzy, kt\u00f3rzy otrzymywali coraz wi\u0119cej obywatelskich skarg na \u201ezagro\u017cenie dla je\u017ad\u017ac\u00f3w konnych\u201d. O dziwo, <u>ten konflikt<\/u> nie rozwi\u0105za\u0142 si\u0119 do dzisiaj.<\/p>\n<p>W p\u00f3\u017anej epoce wiktoria\u0144skiej policja zdecydowanie wola\u0142a kara\u0107 cyklist\u00f3w ni\u017c je\u017ad\u017ac\u00f3w konnych ze wzgl\u0119du na uto\u017csamiany wtedy z rowerami bunt polityczny klasy robotniczej. Poza tym posiadaczami koni oraz samochod\u00f3w byli wtedy ludzie o wiele lepiej sytuowani finansowo.<\/p>\n<p>\u017beby zapobiec kolejnym konfliktom z w\u0142adzami, grupa brytyjskich klub\u00f3w kolarskich utworzy\u0142a w 1922 roku Rad\u0119 \u2013 Road Racing Council \u2013 aby wprowadzi\u0107 zasady reguluj\u0105ce t\u0119 dyscyplin\u0119. W roku 1937 ruch samochodowy na drogach publicznych by\u0142 ju\u017c na tyle intensywny, \u017ce zorganizowanie 100-osobowego wy\u015bcigu kolarskiego sta\u0142o si\u0119 jeszcze trudniejsze i bardziej niebezpieczne ni\u017c dotychczas. Z uwagi na te zagro\u017cenia Rada zmieni\u0142a sw\u00f3j profil oraz nazw\u0119 \u2013 na Road Time Trials Council.<\/p>\n<lite-youtube videoid=YAUHxx3EcAY params=\"enablejsapi=1\" style=\"background-image: url('https:\/\/i.ytimg.com\/vi_webp\/YAUHxx3EcAY\/maxresdefault.webp');\"><\/lite-youtube>\n<p><em>Wy\u015bcig Bath Road 100 \u2013 kolarze \u015bcigaj\u0105 si\u0119 na otwartych drogach<\/em><\/p>\n<p>Rada RTTC wpad\u0142a na pomys\u0142, \u017ce je\u015bli tylko jeden kolarz naraz rozpoczyna\u0142by wy\u015bcig, droga by\u0142aby mniej zakorkowana i bardziej dost\u0119pna dla innych pojazd\u00f3w. Ka\u017cdemu uczestnikowi mierzono by czas i przydzielano miejsce na li\u015bcie lider\u00f3w. Jazda na czas odnios\u0142a ogromny sukces w\u015br\u00f3d brytyjskich fan\u00f3w rower\u00f3w.<\/p>\n<p>Taka forma sportu sta\u0142a si\u0119 na tyle popularna, \u017ce zosta\u0142a zaadaptowana na potrzeby zawod\u00f3w z udzia\u0142em motocykli oraz <u>wy\u015bcig\u00f3w samochod\u00f3w rajdowych<\/u>. Jazda na czas przetrwa\u0142a w kolarstwie do dzisiaj jako cz\u0119\u015b\u0107 takich wydarze\u0144 sportowych jak Le Tour de France. Pami\u0119tajmy wi\u0119c, ogl\u0105daj\u0105c nast\u0119pne zmagania znanych kolarzy, \u017ce jazda na czas powsta\u0142a z potrzeby odpowiedzialnego dzielenia si\u0119 drog\u0105.<\/p>\n<lite-youtube videoid=fjKANS89SiE params=\"enablejsapi=1\" style=\"background-image: url('https:\/\/i.ytimg.com\/vi_webp\/fjKANS89SiE\/maxresdefault.webp');\"><\/lite-youtube>\n","protected":false},"excerpt":{"rendered":"<p>Z pocz\u0105tkiem XX wieku rowery by\u0142y ju\u017c na tyle og\u00f3lnodost\u0119pne, \u017ce stanowi\u0142y dla Brytyjczyk\u00f3w najta\u0144szy i najszybszy \u015brodek transportu w [&hellip;]<\/p>\n","protected":false},"author":76,"featured_media":8036,"comment_status":"open","ping_status":"open","sticky":false,"template":"","format":"standard","meta":{"footnotes":""},"categories":[6],"tags":[],"global-categories":[],"class_list":["post-8035","post","type-post","status-publish","format-standard","has-post-thumbnail","hentry","category-kolarstwo-szosowe"],"yoast_head":"<!-- This site is optimized with the Yoast SEO Premium plugin v25.3 (Yoast SEO v25.9) - https:\/\/yoast.com\/wordpress\/plugins\/seo\/ -->\n<title>Zaskakuj\u0105ce pochodzenie jazdy na czas - \u0160koda We Love Cycling - Poland<\/title>\n<meta name=\"robots\" content=\"index, follow, max-snippet:-1, max-image-preview:large, max-video-preview:-1\" \/>\n<link rel=\"canonical\" href=\"https:\/\/www.welovecycling.com\/pl\/2018\/10\/25\/zaskakujace-pochodzenie-jazdy-na-czas\/\" \/>\n<meta property=\"og:locale\" content=\"pl_PL\" \/>\n<meta property=\"og:type\" content=\"article\" \/>\n<meta property=\"og:title\" content=\"Zaskakuj\u0105ce pochodzenie jazdy na czas\" \/>\n<meta property=\"og:description\" content=\"Z pocz\u0105tkiem XX wieku rowery by\u0142y ju\u017c na tyle og\u00f3lnodost\u0119pne, \u017ce stanowi\u0142y dla Brytyjczyk\u00f3w najta\u0144szy i najszybszy \u015brodek transportu w [&hellip;]\" \/>\n<meta property=\"og:url\" content=\"https:\/\/www.welovecycling.com\/pl\/2018\/10\/25\/zaskakujace-pochodzenie-jazdy-na-czas\/\" \/>\n<meta property=\"og:site_name\" content=\"\u0160koda We Love Cycling - Poland\" \/>\n<meta property=\"article:published_time\" content=\"2018-10-25T20:38:15+00:00\" \/>\n<meta property=\"article:modified_time\" content=\"2018-10-26T07:47:06+00:00\" \/>\n<meta property=\"og:image\" content=\"https:\/\/d2p6e6u75xmxt8.cloudfront.net\/5\/2018\/10\/cover1-1-1024x447.jpg\" \/>\n\t<meta property=\"og:image:width\" content=\"1024\" \/>\n\t<meta property=\"og:image:height\" content=\"447\" \/>\n\t<meta property=\"og:image:type\" content=\"image\/jpeg\" \/>\n<meta name=\"author\" content=\"piotrboczkowski\" \/>\n<meta name=\"twitter:card\" content=\"summary_large_image\" \/>\n<meta name=\"twitter:label1\" content=\"Written by\" \/>\n\t<meta name=\"twitter:data1\" content=\"Christopher Ashley\" \/>\n\t<meta name=\"twitter:label2\" content=\"Est. reading time\" \/>\n\t<meta name=\"twitter:data2\" content=\"5\" \/>\n<script type=\"application\/ld+json\" class=\"yoast-schema-graph\">{\"@context\":\"https:\/\/schema.org\",\"@graph\":[{\"@type\":\"WebPage\",\"@id\":\"https:\/\/www.welovecycling.com\/pl\/2018\/10\/25\/zaskakujace-pochodzenie-jazdy-na-czas\/\",\"url\":\"https:\/\/www.welovecycling.com\/pl\/2018\/10\/25\/zaskakujace-pochodzenie-jazdy-na-czas\/\",\"name\":\"Zaskakuj\u0105ce pochodzenie jazdy na czas - \u0160koda We Love Cycling - Poland\",\"isPartOf\":{\"@id\":\"https:\/\/www.welovecycling.com\/pl\/#website\"},\"primaryImageOfPage\":{\"@id\":\"https:\/\/www.welovecycling.com\/pl\/2018\/10\/25\/zaskakujace-pochodzenie-jazdy-na-czas\/#primaryimage\"},\"image\":{\"@id\":\"https:\/\/www.welovecycling.com\/pl\/2018\/10\/25\/zaskakujace-pochodzenie-jazdy-na-czas\/#primaryimage\"},\"thumbnailUrl\":\"https:\/\/d2p6e6u75xmxt8.cloudfront.net\/5\/2018\/10\/cover1-1-1024x447.jpg\",\"datePublished\":\"2018-10-25T20:38:15+00:00\",\"dateModified\":\"2018-10-26T07:47:06+00:00\",\"author\":{\"@id\":\"https:\/\/www.welovecycling.com\/pl\/#\/schema\/person\/0dba2d39da943db9df3fd8f4687e7f23\"},\"breadcrumb\":{\"@id\":\"https:\/\/www.welovecycling.com\/pl\/2018\/10\/25\/zaskakujace-pochodzenie-jazdy-na-czas\/#breadcrumb\"},\"inLanguage\":\"pl-PL\",\"potentialAction\":[{\"@type\":\"ReadAction\",\"target\":[\"https:\/\/www.welovecycling.com\/pl\/2018\/10\/25\/zaskakujace-pochodzenie-jazdy-na-czas\/\"]}]},{\"@type\":\"ImageObject\",\"inLanguage\":\"pl-PL\",\"@id\":\"https:\/\/www.welovecycling.com\/pl\/2018\/10\/25\/zaskakujace-pochodzenie-jazdy-na-czas\/#primaryimage\",\"url\":\"https:\/\/d2p6e6u75xmxt8.cloudfront.net\/5\/2018\/10\/cover1-1-1024x447.jpg\",\"contentUrl\":\"https:\/\/d2p6e6u75xmxt8.cloudfront.net\/5\/2018\/10\/cover1-1-1024x447.jpg\",\"width\":1024,\"height\":447},{\"@type\":\"BreadcrumbList\",\"@id\":\"https:\/\/www.welovecycling.com\/pl\/2018\/10\/25\/zaskakujace-pochodzenie-jazdy-na-czas\/#breadcrumb\",\"itemListElement\":[{\"@type\":\"ListItem\",\"position\":1,\"name\":\"Home\",\"item\":\"https:\/\/www.welovecycling.com\/pl\/\"},{\"@type\":\"ListItem\",\"position\":2,\"name\":\"Zaskakuj\u0105ce pochodzenie jazdy na czas\"}]},{\"@type\":\"WebSite\",\"@id\":\"https:\/\/www.welovecycling.com\/pl\/#website\",\"url\":\"https:\/\/www.welovecycling.com\/pl\/\",\"name\":\"\u0160koda We Love Cycling - Poland\",\"description\":\"\",\"potentialAction\":[{\"@type\":\"SearchAction\",\"target\":{\"@type\":\"EntryPoint\",\"urlTemplate\":\"https:\/\/www.welovecycling.com\/pl\/?s={search_term_string}\"},\"query-input\":{\"@type\":\"PropertyValueSpecification\",\"valueRequired\":true,\"valueName\":\"search_term_string\"}}],\"inLanguage\":\"pl-PL\"},{\"@type\":\"Person\",\"@id\":\"https:\/\/www.welovecycling.com\/pl\/#\/schema\/person\/0dba2d39da943db9df3fd8f4687e7f23\",\"name\":\"piotrboczkowski\",\"image\":{\"@type\":\"ImageObject\",\"inLanguage\":\"pl-PL\",\"@id\":\"https:\/\/www.welovecycling.com\/pl\/#\/schema\/person\/image\/\",\"url\":\"https:\/\/secure.gravatar.com\/avatar\/533caccae14752e03a2ce2d3fd62d1b98b93e1393c3195c27819e53344ca1ace?s=96&d=mm&r=g\",\"contentUrl\":\"https:\/\/secure.gravatar.com\/avatar\/533caccae14752e03a2ce2d3fd62d1b98b93e1393c3195c27819e53344ca1ace?s=96&d=mm&r=g\",\"caption\":\"piotrboczkowski\"},\"url\":\"https:\/\/www.welovecycling.com\/pl\/author\/piotrboczkowski\/\"}]}<\/script>\n<!-- \/ Yoast SEO Premium plugin. -->","yoast_head_json":{"title":"Zaskakuj\u0105ce pochodzenie jazdy na czas - \u0160koda We Love Cycling - Poland","robots":{"index":"index","follow":"follow","max-snippet":"max-snippet:-1","max-image-preview":"max-image-preview:large","max-video-preview":"max-video-preview:-1"},"canonical":"https:\/\/www.welovecycling.com\/pl\/2018\/10\/25\/zaskakujace-pochodzenie-jazdy-na-czas\/","og_locale":"pl_PL","og_type":"article","og_title":"Zaskakuj\u0105ce pochodzenie jazdy na czas","og_description":"Z pocz\u0105tkiem XX wieku rowery by\u0142y ju\u017c na tyle og\u00f3lnodost\u0119pne, \u017ce stanowi\u0142y dla Brytyjczyk\u00f3w najta\u0144szy i najszybszy \u015brodek transportu w [&hellip;]","og_url":"https:\/\/www.welovecycling.com\/pl\/2018\/10\/25\/zaskakujace-pochodzenie-jazdy-na-czas\/","og_site_name":"\u0160koda We Love Cycling - Poland","article_published_time":"2018-10-25T20:38:15+00:00","article_modified_time":"2018-10-26T07:47:06+00:00","og_image":[{"width":1024,"height":447,"url":"https:\/\/d2p6e6u75xmxt8.cloudfront.net\/5\/2018\/10\/cover1-1-1024x447.jpg","type":"image\/jpeg"}],"author":"piotrboczkowski","twitter_card":"summary_large_image","twitter_misc":{"Written by":"Christopher Ashley","Est. reading time":"5"},"schema":{"@context":"https:\/\/schema.org","@graph":[{"@type":"WebPage","@id":"https:\/\/www.welovecycling.com\/pl\/2018\/10\/25\/zaskakujace-pochodzenie-jazdy-na-czas\/","url":"https:\/\/www.welovecycling.com\/pl\/2018\/10\/25\/zaskakujace-pochodzenie-jazdy-na-czas\/","name":"Zaskakuj\u0105ce pochodzenie jazdy na czas - \u0160koda We Love Cycling - Poland","isPartOf":{"@id":"https:\/\/www.welovecycling.com\/pl\/#website"},"primaryImageOfPage":{"@id":"https:\/\/www.welovecycling.com\/pl\/2018\/10\/25\/zaskakujace-pochodzenie-jazdy-na-czas\/#primaryimage"},"image":{"@id":"https:\/\/www.welovecycling.com\/pl\/2018\/10\/25\/zaskakujace-pochodzenie-jazdy-na-czas\/#primaryimage"},"thumbnailUrl":"https:\/\/d2p6e6u75xmxt8.cloudfront.net\/5\/2018\/10\/cover1-1-1024x447.jpg","datePublished":"2018-10-25T20:38:15+00:00","dateModified":"2018-10-26T07:47:06+00:00","author":{"@id":"https:\/\/www.welovecycling.com\/pl\/#\/schema\/person\/0dba2d39da943db9df3fd8f4687e7f23"},"breadcrumb":{"@id":"https:\/\/www.welovecycling.com\/pl\/2018\/10\/25\/zaskakujace-pochodzenie-jazdy-na-czas\/#breadcrumb"},"inLanguage":"pl-PL","potentialAction":[{"@type":"ReadAction","target":["https:\/\/www.welovecycling.com\/pl\/2018\/10\/25\/zaskakujace-pochodzenie-jazdy-na-czas\/"]}]},{"@type":"ImageObject","inLanguage":"pl-PL","@id":"https:\/\/www.welovecycling.com\/pl\/2018\/10\/25\/zaskakujace-pochodzenie-jazdy-na-czas\/#primaryimage","url":"https:\/\/d2p6e6u75xmxt8.cloudfront.net\/5\/2018\/10\/cover1-1-1024x447.jpg","contentUrl":"https:\/\/d2p6e6u75xmxt8.cloudfront.net\/5\/2018\/10\/cover1-1-1024x447.jpg","width":1024,"height":447},{"@type":"BreadcrumbList","@id":"https:\/\/www.welovecycling.com\/pl\/2018\/10\/25\/zaskakujace-pochodzenie-jazdy-na-czas\/#breadcrumb","itemListElement":[{"@type":"ListItem","position":1,"name":"Home","item":"https:\/\/www.welovecycling.com\/pl\/"},{"@type":"ListItem","position":2,"name":"Zaskakuj\u0105ce pochodzenie jazdy na czas"}]},{"@type":"WebSite","@id":"https:\/\/www.welovecycling.com\/pl\/#website","url":"https:\/\/www.welovecycling.com\/pl\/","name":"\u0160koda We Love Cycling - Poland","description":"","potentialAction":[{"@type":"SearchAction","target":{"@type":"EntryPoint","urlTemplate":"https:\/\/www.welovecycling.com\/pl\/?s={search_term_string}"},"query-input":{"@type":"PropertyValueSpecification","valueRequired":true,"valueName":"search_term_string"}}],"inLanguage":"pl-PL"},{"@type":"Person","@id":"https:\/\/www.welovecycling.com\/pl\/#\/schema\/person\/0dba2d39da943db9df3fd8f4687e7f23","name":"piotrboczkowski","image":{"@type":"ImageObject","inLanguage":"pl-PL","@id":"https:\/\/www.welovecycling.com\/pl\/#\/schema\/person\/image\/","url":"https:\/\/secure.gravatar.com\/avatar\/533caccae14752e03a2ce2d3fd62d1b98b93e1393c3195c27819e53344ca1ace?s=96&d=mm&r=g","contentUrl":"https:\/\/secure.gravatar.com\/avatar\/533caccae14752e03a2ce2d3fd62d1b98b93e1393c3195c27819e53344ca1ace?s=96&d=mm&r=g","caption":"piotrboczkowski"},"url":"https:\/\/www.welovecycling.com\/pl\/author\/piotrboczkowski\/"}]}},"_links":{"self":[{"href":"https:\/\/www.welovecycling.com\/pl\/wp-json\/wp\/v2\/posts\/8035","targetHints":{"allow":["GET"]}}],"collection":[{"href":"https:\/\/www.welovecycling.com\/pl\/wp-json\/wp\/v2\/posts"}],"about":[{"href":"https:\/\/www.welovecycling.com\/pl\/wp-json\/wp\/v2\/types\/post"}],"author":[{"embeddable":true,"href":"https:\/\/www.welovecycling.com\/pl\/wp-json\/wp\/v2\/users\/76"}],"replies":[{"embeddable":true,"href":"https:\/\/www.welovecycling.com\/pl\/wp-json\/wp\/v2\/comments?post=8035"}],"version-history":[{"count":1,"href":"https:\/\/www.welovecycling.com\/pl\/wp-json\/wp\/v2\/posts\/8035\/revisions"}],"predecessor-version":[{"id":8040,"href":"https:\/\/www.welovecycling.com\/pl\/wp-json\/wp\/v2\/posts\/8035\/revisions\/8040"}],"wp:featuredmedia":[{"embeddable":true,"href":"https:\/\/www.welovecycling.com\/pl\/wp-json\/wp\/v2\/media\/8036"}],"wp:attachment":[{"href":"https:\/\/www.welovecycling.com\/pl\/wp-json\/wp\/v2\/media?parent=8035"}],"wp:term":[{"taxonomy":"category","embeddable":true,"href":"https:\/\/www.welovecycling.com\/pl\/wp-json\/wp\/v2\/categories?post=8035"},{"taxonomy":"post_tag","embeddable":true,"href":"https:\/\/www.welovecycling.com\/pl\/wp-json\/wp\/v2\/tags?post=8035"},{"taxonomy":"global-categories","embeddable":true,"href":"https:\/\/www.welovecycling.com\/pl\/wp-json\/wp\/v2\/global-categories?post=8035"}],"curies":[{"name":"wp","href":"https:\/\/api.w.org\/{rel}","templated":true}]}}