{"id":8023,"date":"2018-10-24T16:42:06","date_gmt":"2018-10-24T16:42:06","guid":{"rendered":"https:\/\/www.welovecycling.com\/pl\/?p=8023"},"modified":"2018-10-24T16:42:06","modified_gmt":"2018-10-24T16:42:06","slug":"wywiad-z-najlepszymi-konstruktorami-rowerow-co-powinni-wybierac-amatorzy","status":"publish","type":"post","link":"https:\/\/www.welovecycling.com\/pl\/2018\/10\/24\/wywiad-z-najlepszymi-konstruktorami-rowerow-co-powinni-wybierac-amatorzy\/","title":{"rendered":"Wywiad z najlepszymi konstruktorami rower\u00f3w.  Co powinni wybiera\u0107 amatorzy?"},"content":{"rendered":"<p><strong>Decyzja o zostaniu kim\u015b, kto konstruuje na zam\u00f3wienie rowery, nie jest prosta. Potrzeba samozaparcia i wytrzyma\u0142o\u015bci, by wyrobi\u0107 sobie mark\u0119 w \u015bwiecie zdominowanym przez korporacje i ich armie in\u017cynier\u00f3w i projektant\u00f3w oraz jeszcze wi\u0119ksze armie ekspert\u00f3w od marketingu i sprzeda\u017cy. S\u0105 jednak jeszcze ludzie, kt\u00f3rzy odnosz\u0105 sukces niezale\u017cnie od tego \u2013 ludzie, kt\u00f3rych praca jest doceniana przez kolarzy z ca\u0142ego \u015bwiata. Porozmawiali\u015bmy z trojgiem z nich, aby wyja\u015bni\u0107, dlaczego tak wiele os\u00f3b uwa\u017ca rower zrobiony na zam\u00f3wienie za niepor\u00f3wnywalnie lepszy od takiego z fabryki. Zapytali\u015bmy o to trzech geniuszy w tej dziedzinie, kt\u00f3rym uda\u0142o si\u0119 wybi\u0107. Przed Wami Doriano De Rosa, Richard Sachs i Julie Ann Pedalino.<\/strong><\/p>\n<p><span style=\"font-size: 18pt;\"><strong>Wyb\u00f3r high-endowego roweru<\/strong><\/span><\/p>\n<p><strong>Ka\u017cdy amator ma przewa\u017cnie do wyboru dwa modele topowych rower\u00f3w. Mo\u017ce si\u0119 zdecydowa\u0107 na Pinarello, Ridley, Argon 18 lub ka\u017cd\u0105 inn\u0105 mark\u0119 albo mo\u017ce si\u0119 skontaktowa\u0107 z kim\u015b, kto robi rowery na zam\u00f3wienie \u2013 na przyk\u0142ad z Wami. \u017baden amator nie uczestniczy w World Tour, a raczej w weekendowych wycieczkach ze znajomymi \u2013 kt\u00f3ra z tych opcji b\u0119dzie lepsza z perspektywy komfortu i osi\u0105g\u00f3w? Czym dok\u0142adnie wyr\u00f3\u017cnia si\u0119 rower zrobiony na zam\u00f3wienie?<\/strong><\/p>\n<p><strong>Doriano De Rosa:<\/strong> <em>Wydaje mi si\u0119, \u017ce amatorzy powinni rozwa\u017cy\u0107 nabycie roweru zrobionego specjalnie dla nich\u2026 Takiego, kt\u00f3ry jest zaprojektowany i zbudowany pod konkretn\u0105 osob\u0119, z ram\u0105 o konstrukcji dostosowanej do konkretnej sylwetki. Na takim sprz\u0119cie mo\u017cna wygodnie zje\u017cd\u017ca\u0107 ze wzg\u00f3rza przez d\u0142ugie godziny, zachowuj\u0105c przy tym ca\u0142kowit\u0105 kontrol\u0119.<\/em><\/p>\n<p><em>Z rowerem maj\u0105 kontakt trzy cz\u0119\u015bci cia\u0142a: d\u0142onie, stopy i po\u015bladki. Rower styka si\u0119 z pod\u0142o\u017cem w dw\u00f3ch punktach \u2013 o ile oba ko\u0142a s\u0105 na ziemi.<\/em><\/p>\n<div id='gallery-1' class='gallery galleryid-8023 gallery-columns-2 gallery-size-medium'><figure class='gallery-item'>\n\t\t\t<div class='gallery-icon landscape'>\n\t\t\t\t<a href='https:\/\/d2p6e6u75xmxt8.cloudfront.net\/5\/2018\/10\/23795872_1727557580652947_5297098135392071859_n.jpg'><img loading=\"lazy\" decoding=\"async\" width=\"300\" height=\"300\" src=\"https:\/\/d2p6e6u75xmxt8.cloudfront.net\/5\/2018\/10\/23795872_1727557580652947_5297098135392071859_n-300x300.jpg\" class=\"attachment-medium size-medium\" alt=\"\" srcset=\"https:\/\/d2p6e6u75xmxt8.cloudfront.net\/5\/2018\/10\/23795872_1727557580652947_5297098135392071859_n-300x300.jpg 300w, https:\/\/d2p6e6u75xmxt8.cloudfront.net\/5\/2018\/10\/23795872_1727557580652947_5297098135392071859_n-150x150.jpg 150w, https:\/\/d2p6e6u75xmxt8.cloudfront.net\/5\/2018\/10\/23795872_1727557580652947_5297098135392071859_n-768x768.jpg 768w, https:\/\/d2p6e6u75xmxt8.cloudfront.net\/5\/2018\/10\/23795872_1727557580652947_5297098135392071859_n.jpg 960w\" sizes=\"auto, (max-width: 300px) 100vw, 300px\" \/><\/a>\n\t\t\t<\/div><\/figure><figure class='gallery-item'>\n\t\t\t<div class='gallery-icon portrait'>\n\t\t\t\t<a href='https:\/\/d2p6e6u75xmxt8.cloudfront.net\/5\/2018\/10\/26239502_1801658889909482_7976330629891472445_n.jpg'><img loading=\"lazy\" decoding=\"async\" width=\"225\" height=\"300\" src=\"https:\/\/d2p6e6u75xmxt8.cloudfront.net\/5\/2018\/10\/26239502_1801658889909482_7976330629891472445_n-225x300.jpg\" class=\"attachment-medium size-medium\" alt=\"\" srcset=\"https:\/\/d2p6e6u75xmxt8.cloudfront.net\/5\/2018\/10\/26239502_1801658889909482_7976330629891472445_n-225x300.jpg 225w, https:\/\/d2p6e6u75xmxt8.cloudfront.net\/5\/2018\/10\/26239502_1801658889909482_7976330629891472445_n.jpg 720w\" sizes=\"auto, (max-width: 225px) 100vw, 225px\" \/><\/a>\n\t\t\t<\/div><\/figure>\n\t\t<\/div>\n\n<p><em>Konstrukcja roweru zrobionego na zam\u00f3wienie zak\u0142ada zbalansowanie trzech cz\u0119\u015bci cia\u0142a pomi\u0119dzy ko\u0142ami. Rowery produkowane masowo musz\u0105 uwzgl\u0119dnia\u0107 r\u00f3\u017cne typy sylwetki i budowy cia\u0142a oraz najcz\u0119\u015bciej pracuj\u0105ce miejsca. W efekcie to nasz kolarz amator musi si\u0119 dostosowa\u0107 do sprz\u0119tu. <\/em><\/p>\n<p><strong>Richard Sachs<\/strong>: <em>To zbyt og\u00f3lne pytanie, by da\u0107 na nie wyczerpuj\u0105c\u0105 odpowied\u017a. Wed\u0142ug mnie amator powinien kupi\u0107 taki rower, kt\u00f3ry mu si\u0119 podoba, spe\u0142niaj\u0105cy wszystkie wymagania, osi\u0105galny cenowo i \u0142atwy w utrzymaniu, najlepiej od osoby zaufanej i pewnej. Mo\u017ce to by\u0107 w lokalnym sklepie z rowerami, a mo\u017ce to by\u0107 r\u00f3wnie\u017c od znajomego konstruktora.<\/em><\/p>\n<p><a href=\"https:\/\/www.instagram.com\/p\/Bff-cxCDD3k\/?utm_source=ig_embed\">https:\/\/www.instagram.com\/p\/Bff-cxCDD3k\/?utm_source=ig_embed<\/a><\/p>\n<p><strong>Julie Ann Pedalino:<\/strong> <em>Wydaje mi si\u0119, \u017ce g\u0142\u00f3wn\u0105 r\u00f3\u017cnic\u0105 mi\u0119dzy dobrej jako\u015bci fabrycznym rowerem a takim robionym na zam\u00f3wienie jest mo\u017cliwo\u015b\u0107 personalizacji. <\/em><\/p>\n<p><em>W\u015br\u00f3d znajomych i pracuj\u0105cych ze mn\u0105 kolarzy amator\u00f3w mam wielu takich, kt\u00f3rzy maj\u0105 problem ze znalezieniem sobie jakiegokolwiek roweru, nie m\u00f3wi\u0105c o jakich\u015b wyczynowych szos\u00f3wkach. Odkry\u0142am, \u017ce moi klienci pragn\u0105 \u0142adnych przedmiot\u00f3w. <\/em><\/p>\n<p><em>Istnieje mn\u00f3stwo typ\u00f3w kolarzy i styl\u00f3w jazdy\u2026 Rower zrobiony na zam\u00f3wienie pozwala na posiadanie sprz\u0119tu zrobionego specjalnie dla konkretnej osoby, niezale\u017cnie od tego, ile kilometr\u00f3w pokonuje tygodniowo czy jak szybko chce lub mo\u017ce si\u0119 na nim porusza\u0107.<\/em><\/p>\n<div id='gallery-2' class='gallery galleryid-8023 gallery-columns-3 gallery-size-medium'><figure class='gallery-item'>\n\t\t\t<div class='gallery-icon landscape'>\n\t\t\t\t<a href='https:\/\/d2p6e6u75xmxt8.cloudfront.net\/5\/2018\/10\/27972598_1696623660395396_3168746484269206786_n.jpg'><img loading=\"lazy\" decoding=\"async\" width=\"300\" height=\"300\" src=\"https:\/\/d2p6e6u75xmxt8.cloudfront.net\/5\/2018\/10\/27972598_1696623660395396_3168746484269206786_n-300x300.jpg\" class=\"attachment-medium size-medium\" alt=\"\" srcset=\"https:\/\/d2p6e6u75xmxt8.cloudfront.net\/5\/2018\/10\/27972598_1696623660395396_3168746484269206786_n-300x300.jpg 300w, https:\/\/d2p6e6u75xmxt8.cloudfront.net\/5\/2018\/10\/27972598_1696623660395396_3168746484269206786_n-150x150.jpg 150w, https:\/\/d2p6e6u75xmxt8.cloudfront.net\/5\/2018\/10\/27972598_1696623660395396_3168746484269206786_n-768x768.jpg 768w, https:\/\/d2p6e6u75xmxt8.cloudfront.net\/5\/2018\/10\/27972598_1696623660395396_3168746484269206786_n.jpg 960w\" sizes=\"auto, (max-width: 300px) 100vw, 300px\" \/><\/a>\n\t\t\t<\/div><\/figure><figure class='gallery-item'>\n\t\t\t<div class='gallery-icon landscape'>\n\t\t\t\t<a href='https:\/\/d2p6e6u75xmxt8.cloudfront.net\/5\/2018\/10\/27972287_1696623740395388_5082868828241343421_n.jpg'><img loading=\"lazy\" decoding=\"async\" width=\"300\" height=\"300\" src=\"https:\/\/d2p6e6u75xmxt8.cloudfront.net\/5\/2018\/10\/27972287_1696623740395388_5082868828241343421_n-300x300.jpg\" class=\"attachment-medium size-medium\" alt=\"\" srcset=\"https:\/\/d2p6e6u75xmxt8.cloudfront.net\/5\/2018\/10\/27972287_1696623740395388_5082868828241343421_n-300x300.jpg 300w, https:\/\/d2p6e6u75xmxt8.cloudfront.net\/5\/2018\/10\/27972287_1696623740395388_5082868828241343421_n-150x150.jpg 150w, https:\/\/d2p6e6u75xmxt8.cloudfront.net\/5\/2018\/10\/27972287_1696623740395388_5082868828241343421_n-768x768.jpg 768w, https:\/\/d2p6e6u75xmxt8.cloudfront.net\/5\/2018\/10\/27972287_1696623740395388_5082868828241343421_n.jpg 960w\" sizes=\"auto, (max-width: 300px) 100vw, 300px\" \/><\/a>\n\t\t\t<\/div><\/figure><figure class='gallery-item'>\n\t\t\t<div class='gallery-icon landscape'>\n\t\t\t\t<a href='https:\/\/d2p6e6u75xmxt8.cloudfront.net\/5\/2018\/10\/27972136_1696623623728733_1569101236254930481_n.jpg'><img loading=\"lazy\" decoding=\"async\" width=\"300\" height=\"300\" src=\"https:\/\/d2p6e6u75xmxt8.cloudfront.net\/5\/2018\/10\/27972136_1696623623728733_1569101236254930481_n-300x300.jpg\" class=\"attachment-medium size-medium\" alt=\"\" srcset=\"https:\/\/d2p6e6u75xmxt8.cloudfront.net\/5\/2018\/10\/27972136_1696623623728733_1569101236254930481_n-300x300.jpg 300w, https:\/\/d2p6e6u75xmxt8.cloudfront.net\/5\/2018\/10\/27972136_1696623623728733_1569101236254930481_n-150x150.jpg 150w, https:\/\/d2p6e6u75xmxt8.cloudfront.net\/5\/2018\/10\/27972136_1696623623728733_1569101236254930481_n-768x768.jpg 768w, https:\/\/d2p6e6u75xmxt8.cloudfront.net\/5\/2018\/10\/27972136_1696623623728733_1569101236254930481_n.jpg 960w\" sizes=\"auto, (max-width: 300px) 100vw, 300px\" \/><\/a>\n\t\t\t<\/div><\/figure>\n\t\t<\/div>\n\n<p><strong>Jaka\u015b rada dla amator\u00f3w, kt\u00f3rzy chc\u0105 zam\u00f3wi\u0107 taki rower?<\/strong><\/p>\n<p><strong>Doriano De Rosa:<\/strong> <em>Moja rada brzmi: skontaktujcie si\u0119 z wybranymi przez siebie konstruktorami, przeanalizujcie ich styl pracy i filozofi\u0119, a na ko\u0144cu wybierzcie takiego, kt\u00f3ry najbardziej Wam odpowiada.<\/em><\/p>\n<p><strong>Richard Sachs:<\/strong> <em>Popieram przedm\u00f3wc\u0119. Nie nabywa si\u0119 w tym przypadku produktu, a raczej do\u015bwiadczenie i pewn\u0105 wi\u0119\u017a.<\/em><\/p>\n<p><strong>Julie Ann Pedalino:<\/strong> <em>Ka\u017cdemu, kto chcia\u0142by mie\u0107 rower zrobiony na zam\u00f3wienie, doradzam dok\u0142adne przestudiowanie tematu i znalezienie konstruktora, z kt\u00f3rym mo\u017cna z\u0142apa\u0107 wsp\u00f3lny j\u0119zyk. Komunikacja jest bardzo istotn\u0105 cz\u0119\u015bci\u0105 procesu budowania roweru, wi\u0119c wa\u017cne jest, by znale\u017a\u0107 kogo\u015b, kto zrozumie potrzeby swojego klienta i si\u0119 do nich dostosuje.<\/em><\/p>\n<p><a href=\"https:\/\/d2p6e6u75xmxt8.cloudfront.net\/5\/2018\/10\/melissa.png\"><img loading=\"lazy\" decoding=\"async\" class=\"aligncenter wp-image-8031 size-full\" src=\"https:\/\/d2p6e6u75xmxt8.cloudfront.net\/5\/2018\/10\/melissa.png\" alt=\"\" width=\"750\" height=\"500\" srcset=\"https:\/\/d2p6e6u75xmxt8.cloudfront.net\/5\/2018\/10\/melissa.png 750w, https:\/\/d2p6e6u75xmxt8.cloudfront.net\/5\/2018\/10\/melissa-300x200.png 300w, https:\/\/d2p6e6u75xmxt8.cloudfront.net\/5\/2018\/10\/melissa-272x182.png 272w\" sizes=\"auto, (max-width: 750px) 100vw, 750px\" \/><\/a><\/p>\n<p><strong>W kwestii cz\u0119\u015bci rowerowych \u2013 wielu konstruktor\u00f3w decyduje si\u0119 na widelce z w\u0142\u00f3kna w\u0119glowego oraz sztyce, mostki i kierownice wykonane z tego materia\u0142u. A co wybieracie Wy i dlaczego?<\/strong><\/p>\n<p><strong>Doriano De Rosa:<\/strong> <em>Zazwyczaj rekomendujemy taki sprz\u0119t, kt\u00f3ry spe\u0142ni potrzeby klienta. Nasze zestawy ram zawieraj\u0105 sam\u0105 ram\u0119 oraz widelec, sztyc\u0119 i \u0142o\u017cyska sterowe. Widelce, kt\u00f3rych u\u017cywamy, to zwykle modele Falz carbon od Daria Pegorettiego. Podobaj\u0105 si\u0119 nam ze wzgl\u0119du na kszta\u0142t i wyb\u00f3r pomi\u0119dzy dwoma rodzajami rur sterowych. <\/em><\/p>\n<p><em>U\u017cywamy r\u00f3wnie\u017c tytanowych sztyc, kt\u00f3re s\u0105 niezawodne ze wzgl\u0119du na swoj\u0105 wytrzyma\u0142o\u015b\u0107. <\/em><\/p>\n<p><strong>Richard Sachs:<\/strong> <em>Ja robi\u0119 swoje w\u0142asne widelce, a potem u\u017cywam cz\u0119\u015bci Cinelli: \u0142o\u017cysk, kierownicy, sztyc w ju\u017c gotowych rowerach.<\/em><\/p>\n<p><a href=\"https:\/\/d2p6e6u75xmxt8.cloudfront.net\/5\/2018\/10\/DOTlXUIU8AAnDt8-1920x1280.jpg\"><img loading=\"lazy\" decoding=\"async\" class=\"size-large wp-image-8030 aligncenter\" src=\"https:\/\/d2p6e6u75xmxt8.cloudfront.net\/5\/2018\/10\/DOTlXUIU8AAnDt8-1920x1280-1024x683.jpg\" alt=\"\" width=\"1024\" height=\"683\" srcset=\"https:\/\/d2p6e6u75xmxt8.cloudfront.net\/5\/2018\/10\/DOTlXUIU8AAnDt8-1920x1280-1024x683.jpg 1024w, https:\/\/d2p6e6u75xmxt8.cloudfront.net\/5\/2018\/10\/DOTlXUIU8AAnDt8-1920x1280-300x200.jpg 300w, https:\/\/d2p6e6u75xmxt8.cloudfront.net\/5\/2018\/10\/DOTlXUIU8AAnDt8-1920x1280-768x512.jpg 768w, https:\/\/d2p6e6u75xmxt8.cloudfront.net\/5\/2018\/10\/DOTlXUIU8AAnDt8-1920x1280.jpg 1920w, https:\/\/d2p6e6u75xmxt8.cloudfront.net\/5\/2018\/10\/DOTlXUIU8AAnDt8-1920x1280-272x182.jpg 272w, https:\/\/d2p6e6u75xmxt8.cloudfront.net\/5\/2018\/10\/DOTlXUIU8AAnDt8-1920x1280-1920x1280.jpg 1920w\" sizes=\"auto, (max-width: 1024px) 100vw, 1024px\" \/><\/a><\/p>\n<p><strong>Julie Ann Pedalino:<\/strong> <em>Podczas sk\u0142adania roweru wyznacznikiem doboru cz\u0119\u015bci jest w du\u017cej mierze efekt ko\u0144cowy. Je\u017celi u\u017cycie w konstrukcji widelca lub kierownicy z w\u0142\u00f3kna w\u0119glowego ma sens w danym przypadku, nie waham si\u0119 z decyzj\u0105. Zwykle do ka\u017cdego nowego projektu podchodz\u0119 indywidualnie, rozwa\u017cam u\u017cycie cz\u0119\u015bci w zale\u017cno\u015bci od ca\u0142ej konstrukcji. <\/em><\/p>\n<p><strong>A co z mechanicznymi cz\u0119\u015bciami, zestawami? Czy macie jakie\u015b swoje preferencje, czy raczej zgadzacie si\u0119 na to, czego za\u017cyczy sobie klient?<\/strong><\/p>\n<p><strong>Doriano De Rosa:<\/strong> <em>Moje ulubione s\u0105 z firmy Campagnolo Mechanical Super Record.<\/em><\/p>\n<p><a href=\"https:\/\/d2p6e6u75xmxt8.cloudfront.net\/5\/2018\/10\/22045818_1653221984753174_4447370099573160994_n.jpg\"><img loading=\"lazy\" decoding=\"async\" class=\"size-full wp-image-8024 aligncenter\" src=\"https:\/\/d2p6e6u75xmxt8.cloudfront.net\/5\/2018\/10\/22045818_1653221984753174_4447370099573160994_n.jpg\" alt=\"\" width=\"960\" height=\"720\" srcset=\"https:\/\/d2p6e6u75xmxt8.cloudfront.net\/5\/2018\/10\/22045818_1653221984753174_4447370099573160994_n.jpg 960w, https:\/\/d2p6e6u75xmxt8.cloudfront.net\/5\/2018\/10\/22045818_1653221984753174_4447370099573160994_n-300x225.jpg 300w, https:\/\/d2p6e6u75xmxt8.cloudfront.net\/5\/2018\/10\/22045818_1653221984753174_4447370099573160994_n-768x576.jpg 768w\" sizes=\"auto, (max-width: 960px) 100vw, 960px\" \/><\/a><\/p>\n<p><strong>Richard Sachs:<\/strong> <em>Same mechaniczne cz\u0119\u015bci, \u017cadnej elektroniki.<\/em><\/p>\n<p><strong>Julie Ann Pedalino:<\/strong> <em>Oczywi\u015bcie, \u017ce mam swoje ulubione cz\u0119\u015bci, zw\u0142aszcza z ma\u0142ych firm, kt\u00f3re skupiaj\u0105 si\u0119 na wygl\u0105dzie i jako\u015bci ko\u0144cowego produktu. Polecam tak\u017ce te cz\u0119\u015bci, kt\u00f3re sama przetestowa\u0142am w terenie. Pomijaj\u0105c jednak moje wybory \u2013 je\u015bli klient ma konkretny pomys\u0142 na rower, to zdecydowanie staram si\u0119 go zrealizowa\u0107, wtr\u0105caj\u0105c swoj\u0105 opini\u0119 tylko w razie konieczno\u015bci. <\/em><\/p>\n<p><strong>Dzisiejszy przemys\u0142 rowerowy oferuje na tyle szeroki wyb\u00f3r r\u00f3\u017cnych cz\u0119\u015bci i rower\u00f3w, \u017ce przeci\u0119tny amator mo\u017ce si\u0119 \u0142atwo pogubi\u0107 w g\u0105szczu informacji o tych produktach. \u0141atwo r\u00f3wnie\u017c skusi\u0107 si\u0119 na nowy sprz\u0119t wykonany z w\u0142\u00f3kna w\u0119glowego, je\u015bli widzimy na takowym naszych ulubionych zawodnik\u00f3w sezon po sezonie.<\/strong><\/p>\n<p><strong>Decydowanie si\u0119 na model, kt\u00f3ry jest po prostu o 500 g l\u017cejszy, nie jest dobr\u0105 drog\u0105. To jest w\u0142a\u015bnie czas dla konstruktor\u00f3w rower\u00f3w\u2026 Mo\u017ce warto odezwa\u0107 si\u0119 do kt\u00f3rego\u015b z okolicy przed podj\u0119ciem jakiejkolwiek decyzji o zakupie sprz\u0119tu?<\/strong><\/p>\n","protected":false},"excerpt":{"rendered":"<p>Decyzja o zostaniu kim\u015b, kto konstruuje na zam\u00f3wienie rowery, nie jest prosta. Potrzeba samozaparcia i wytrzyma\u0142o\u015bci, by wyrobi\u0107 sobie mark\u0119 [&hellip;]<\/p>\n","protected":false},"author":76,"featured_media":8032,"comment_status":"open","ping_status":"open","sticky":false,"template":"","format":"standard","meta":{"footnotes":""},"categories":[6],"tags":[],"global-categories":[],"class_list":["post-8023","post","type-post","status-publish","format-standard","has-post-thumbnail","hentry","category-kolarstwo-szosowe"],"yoast_head":"<!-- This site is optimized with the Yoast SEO Premium plugin v25.3 (Yoast SEO v25.9) - https:\/\/yoast.com\/wordpress\/plugins\/seo\/ -->\n<title>Wywiad z najlepszymi konstruktorami rower\u00f3w. Co powinni wybiera\u0107 amatorzy? - \u0160koda We Love Cycling - Poland<\/title>\n<meta name=\"robots\" content=\"index, follow, max-snippet:-1, max-image-preview:large, max-video-preview:-1\" \/>\n<link rel=\"canonical\" href=\"https:\/\/www.welovecycling.com\/pl\/2018\/10\/24\/wywiad-z-najlepszymi-konstruktorami-rowerow-co-powinni-wybierac-amatorzy\/\" \/>\n<meta property=\"og:locale\" content=\"pl_PL\" \/>\n<meta property=\"og:type\" content=\"article\" \/>\n<meta property=\"og:title\" content=\"Wywiad z najlepszymi konstruktorami rower\u00f3w. Co powinni wybiera\u0107 amatorzy?\" \/>\n<meta property=\"og:description\" content=\"Decyzja o zostaniu kim\u015b, kto konstruuje na zam\u00f3wienie rowery, nie jest prosta. Potrzeba samozaparcia i wytrzyma\u0142o\u015bci, by wyrobi\u0107 sobie mark\u0119 [&hellip;]\" \/>\n<meta property=\"og:url\" content=\"https:\/\/www.welovecycling.com\/pl\/2018\/10\/24\/wywiad-z-najlepszymi-konstruktorami-rowerow-co-powinni-wybierac-amatorzy\/\" \/>\n<meta property=\"og:site_name\" content=\"\u0160koda We Love Cycling - Poland\" \/>\n<meta property=\"article:published_time\" content=\"2018-10-24T16:42:06+00:00\" \/>\n<meta property=\"og:image\" content=\"https:\/\/d2p6e6u75xmxt8.cloudfront.net\/5\/2018\/10\/pedalinocover-1024x450.jpg\" \/>\n\t<meta property=\"og:image:width\" content=\"1024\" \/>\n\t<meta property=\"og:image:height\" content=\"450\" \/>\n\t<meta property=\"og:image:type\" content=\"image\/jpeg\" \/>\n<meta name=\"author\" content=\"piotrboczkowski\" \/>\n<meta name=\"twitter:card\" content=\"summary_large_image\" \/>\n<meta name=\"twitter:label1\" content=\"Written by\" \/>\n\t<meta name=\"twitter:data1\" content=\"Jonathan Bouchard (Polska \u00e0 v\u00e9lo)\" \/>\n\t<meta name=\"twitter:label2\" content=\"Est. reading time\" \/>\n\t<meta name=\"twitter:data2\" content=\"8\" \/>\n<script type=\"application\/ld+json\" class=\"yoast-schema-graph\">{\"@context\":\"https:\/\/schema.org\",\"@graph\":[{\"@type\":\"WebPage\",\"@id\":\"https:\/\/www.welovecycling.com\/pl\/2018\/10\/24\/wywiad-z-najlepszymi-konstruktorami-rowerow-co-powinni-wybierac-amatorzy\/\",\"url\":\"https:\/\/www.welovecycling.com\/pl\/2018\/10\/24\/wywiad-z-najlepszymi-konstruktorami-rowerow-co-powinni-wybierac-amatorzy\/\",\"name\":\"Wywiad z najlepszymi konstruktorami rower\u00f3w. Co powinni wybiera\u0107 amatorzy? - \u0160koda We Love Cycling - Poland\",\"isPartOf\":{\"@id\":\"https:\/\/www.welovecycling.com\/pl\/#website\"},\"primaryImageOfPage\":{\"@id\":\"https:\/\/www.welovecycling.com\/pl\/2018\/10\/24\/wywiad-z-najlepszymi-konstruktorami-rowerow-co-powinni-wybierac-amatorzy\/#primaryimage\"},\"image\":{\"@id\":\"https:\/\/www.welovecycling.com\/pl\/2018\/10\/24\/wywiad-z-najlepszymi-konstruktorami-rowerow-co-powinni-wybierac-amatorzy\/#primaryimage\"},\"thumbnailUrl\":\"https:\/\/d2p6e6u75xmxt8.cloudfront.net\/5\/2018\/10\/pedalinocover-1024x450.jpg\",\"datePublished\":\"2018-10-24T16:42:06+00:00\",\"author\":{\"@id\":\"https:\/\/www.welovecycling.com\/pl\/#\/schema\/person\/0dba2d39da943db9df3fd8f4687e7f23\"},\"breadcrumb\":{\"@id\":\"https:\/\/www.welovecycling.com\/pl\/2018\/10\/24\/wywiad-z-najlepszymi-konstruktorami-rowerow-co-powinni-wybierac-amatorzy\/#breadcrumb\"},\"inLanguage\":\"pl-PL\",\"potentialAction\":[{\"@type\":\"ReadAction\",\"target\":[\"https:\/\/www.welovecycling.com\/pl\/2018\/10\/24\/wywiad-z-najlepszymi-konstruktorami-rowerow-co-powinni-wybierac-amatorzy\/\"]}]},{\"@type\":\"ImageObject\",\"inLanguage\":\"pl-PL\",\"@id\":\"https:\/\/www.welovecycling.com\/pl\/2018\/10\/24\/wywiad-z-najlepszymi-konstruktorami-rowerow-co-powinni-wybierac-amatorzy\/#primaryimage\",\"url\":\"https:\/\/d2p6e6u75xmxt8.cloudfront.net\/5\/2018\/10\/pedalinocover-1024x450.jpg\",\"contentUrl\":\"https:\/\/d2p6e6u75xmxt8.cloudfront.net\/5\/2018\/10\/pedalinocover-1024x450.jpg\",\"width\":1024,\"height\":450},{\"@type\":\"BreadcrumbList\",\"@id\":\"https:\/\/www.welovecycling.com\/pl\/2018\/10\/24\/wywiad-z-najlepszymi-konstruktorami-rowerow-co-powinni-wybierac-amatorzy\/#breadcrumb\",\"itemListElement\":[{\"@type\":\"ListItem\",\"position\":1,\"name\":\"Home\",\"item\":\"https:\/\/www.welovecycling.com\/pl\/\"},{\"@type\":\"ListItem\",\"position\":2,\"name\":\"Wywiad z najlepszymi konstruktorami rower\u00f3w. Co powinni wybiera\u0107 amatorzy?\"}]},{\"@type\":\"WebSite\",\"@id\":\"https:\/\/www.welovecycling.com\/pl\/#website\",\"url\":\"https:\/\/www.welovecycling.com\/pl\/\",\"name\":\"\u0160koda We Love Cycling - Poland\",\"description\":\"\",\"potentialAction\":[{\"@type\":\"SearchAction\",\"target\":{\"@type\":\"EntryPoint\",\"urlTemplate\":\"https:\/\/www.welovecycling.com\/pl\/?s={search_term_string}\"},\"query-input\":{\"@type\":\"PropertyValueSpecification\",\"valueRequired\":true,\"valueName\":\"search_term_string\"}}],\"inLanguage\":\"pl-PL\"},{\"@type\":\"Person\",\"@id\":\"https:\/\/www.welovecycling.com\/pl\/#\/schema\/person\/0dba2d39da943db9df3fd8f4687e7f23\",\"name\":\"piotrboczkowski\",\"image\":{\"@type\":\"ImageObject\",\"inLanguage\":\"pl-PL\",\"@id\":\"https:\/\/www.welovecycling.com\/pl\/#\/schema\/person\/image\/\",\"url\":\"https:\/\/secure.gravatar.com\/avatar\/533caccae14752e03a2ce2d3fd62d1b98b93e1393c3195c27819e53344ca1ace?s=96&d=mm&r=g\",\"contentUrl\":\"https:\/\/secure.gravatar.com\/avatar\/533caccae14752e03a2ce2d3fd62d1b98b93e1393c3195c27819e53344ca1ace?s=96&d=mm&r=g\",\"caption\":\"piotrboczkowski\"},\"url\":\"https:\/\/www.welovecycling.com\/pl\/author\/piotrboczkowski\/\"}]}<\/script>\n<!-- \/ Yoast SEO Premium plugin. -->","yoast_head_json":{"title":"Wywiad z najlepszymi konstruktorami rower\u00f3w. Co powinni wybiera\u0107 amatorzy? - \u0160koda We Love Cycling - Poland","robots":{"index":"index","follow":"follow","max-snippet":"max-snippet:-1","max-image-preview":"max-image-preview:large","max-video-preview":"max-video-preview:-1"},"canonical":"https:\/\/www.welovecycling.com\/pl\/2018\/10\/24\/wywiad-z-najlepszymi-konstruktorami-rowerow-co-powinni-wybierac-amatorzy\/","og_locale":"pl_PL","og_type":"article","og_title":"Wywiad z najlepszymi konstruktorami rower\u00f3w. Co powinni wybiera\u0107 amatorzy?","og_description":"Decyzja o zostaniu kim\u015b, kto konstruuje na zam\u00f3wienie rowery, nie jest prosta. Potrzeba samozaparcia i wytrzyma\u0142o\u015bci, by wyrobi\u0107 sobie mark\u0119 [&hellip;]","og_url":"https:\/\/www.welovecycling.com\/pl\/2018\/10\/24\/wywiad-z-najlepszymi-konstruktorami-rowerow-co-powinni-wybierac-amatorzy\/","og_site_name":"\u0160koda We Love Cycling - Poland","article_published_time":"2018-10-24T16:42:06+00:00","og_image":[{"width":1024,"height":450,"url":"https:\/\/d2p6e6u75xmxt8.cloudfront.net\/5\/2018\/10\/pedalinocover-1024x450.jpg","type":"image\/jpeg"}],"author":"piotrboczkowski","twitter_card":"summary_large_image","twitter_misc":{"Written by":"Jonathan Bouchard (Polska \u00e0 v\u00e9lo)","Est. reading time":"8"},"schema":{"@context":"https:\/\/schema.org","@graph":[{"@type":"WebPage","@id":"https:\/\/www.welovecycling.com\/pl\/2018\/10\/24\/wywiad-z-najlepszymi-konstruktorami-rowerow-co-powinni-wybierac-amatorzy\/","url":"https:\/\/www.welovecycling.com\/pl\/2018\/10\/24\/wywiad-z-najlepszymi-konstruktorami-rowerow-co-powinni-wybierac-amatorzy\/","name":"Wywiad z najlepszymi konstruktorami rower\u00f3w. Co powinni wybiera\u0107 amatorzy? - \u0160koda We Love Cycling - Poland","isPartOf":{"@id":"https:\/\/www.welovecycling.com\/pl\/#website"},"primaryImageOfPage":{"@id":"https:\/\/www.welovecycling.com\/pl\/2018\/10\/24\/wywiad-z-najlepszymi-konstruktorami-rowerow-co-powinni-wybierac-amatorzy\/#primaryimage"},"image":{"@id":"https:\/\/www.welovecycling.com\/pl\/2018\/10\/24\/wywiad-z-najlepszymi-konstruktorami-rowerow-co-powinni-wybierac-amatorzy\/#primaryimage"},"thumbnailUrl":"https:\/\/d2p6e6u75xmxt8.cloudfront.net\/5\/2018\/10\/pedalinocover-1024x450.jpg","datePublished":"2018-10-24T16:42:06+00:00","author":{"@id":"https:\/\/www.welovecycling.com\/pl\/#\/schema\/person\/0dba2d39da943db9df3fd8f4687e7f23"},"breadcrumb":{"@id":"https:\/\/www.welovecycling.com\/pl\/2018\/10\/24\/wywiad-z-najlepszymi-konstruktorami-rowerow-co-powinni-wybierac-amatorzy\/#breadcrumb"},"inLanguage":"pl-PL","potentialAction":[{"@type":"ReadAction","target":["https:\/\/www.welovecycling.com\/pl\/2018\/10\/24\/wywiad-z-najlepszymi-konstruktorami-rowerow-co-powinni-wybierac-amatorzy\/"]}]},{"@type":"ImageObject","inLanguage":"pl-PL","@id":"https:\/\/www.welovecycling.com\/pl\/2018\/10\/24\/wywiad-z-najlepszymi-konstruktorami-rowerow-co-powinni-wybierac-amatorzy\/#primaryimage","url":"https:\/\/d2p6e6u75xmxt8.cloudfront.net\/5\/2018\/10\/pedalinocover-1024x450.jpg","contentUrl":"https:\/\/d2p6e6u75xmxt8.cloudfront.net\/5\/2018\/10\/pedalinocover-1024x450.jpg","width":1024,"height":450},{"@type":"BreadcrumbList","@id":"https:\/\/www.welovecycling.com\/pl\/2018\/10\/24\/wywiad-z-najlepszymi-konstruktorami-rowerow-co-powinni-wybierac-amatorzy\/#breadcrumb","itemListElement":[{"@type":"ListItem","position":1,"name":"Home","item":"https:\/\/www.welovecycling.com\/pl\/"},{"@type":"ListItem","position":2,"name":"Wywiad z najlepszymi konstruktorami rower\u00f3w. Co powinni wybiera\u0107 amatorzy?"}]},{"@type":"WebSite","@id":"https:\/\/www.welovecycling.com\/pl\/#website","url":"https:\/\/www.welovecycling.com\/pl\/","name":"\u0160koda We Love Cycling - Poland","description":"","potentialAction":[{"@type":"SearchAction","target":{"@type":"EntryPoint","urlTemplate":"https:\/\/www.welovecycling.com\/pl\/?s={search_term_string}"},"query-input":{"@type":"PropertyValueSpecification","valueRequired":true,"valueName":"search_term_string"}}],"inLanguage":"pl-PL"},{"@type":"Person","@id":"https:\/\/www.welovecycling.com\/pl\/#\/schema\/person\/0dba2d39da943db9df3fd8f4687e7f23","name":"piotrboczkowski","image":{"@type":"ImageObject","inLanguage":"pl-PL","@id":"https:\/\/www.welovecycling.com\/pl\/#\/schema\/person\/image\/","url":"https:\/\/secure.gravatar.com\/avatar\/533caccae14752e03a2ce2d3fd62d1b98b93e1393c3195c27819e53344ca1ace?s=96&d=mm&r=g","contentUrl":"https:\/\/secure.gravatar.com\/avatar\/533caccae14752e03a2ce2d3fd62d1b98b93e1393c3195c27819e53344ca1ace?s=96&d=mm&r=g","caption":"piotrboczkowski"},"url":"https:\/\/www.welovecycling.com\/pl\/author\/piotrboczkowski\/"}]}},"_links":{"self":[{"href":"https:\/\/www.welovecycling.com\/pl\/wp-json\/wp\/v2\/posts\/8023","targetHints":{"allow":["GET"]}}],"collection":[{"href":"https:\/\/www.welovecycling.com\/pl\/wp-json\/wp\/v2\/posts"}],"about":[{"href":"https:\/\/www.welovecycling.com\/pl\/wp-json\/wp\/v2\/types\/post"}],"author":[{"embeddable":true,"href":"https:\/\/www.welovecycling.com\/pl\/wp-json\/wp\/v2\/users\/76"}],"replies":[{"embeddable":true,"href":"https:\/\/www.welovecycling.com\/pl\/wp-json\/wp\/v2\/comments?post=8023"}],"version-history":[{"count":1,"href":"https:\/\/www.welovecycling.com\/pl\/wp-json\/wp\/v2\/posts\/8023\/revisions"}],"predecessor-version":[{"id":8034,"href":"https:\/\/www.welovecycling.com\/pl\/wp-json\/wp\/v2\/posts\/8023\/revisions\/8034"}],"wp:featuredmedia":[{"embeddable":true,"href":"https:\/\/www.welovecycling.com\/pl\/wp-json\/wp\/v2\/media\/8032"}],"wp:attachment":[{"href":"https:\/\/www.welovecycling.com\/pl\/wp-json\/wp\/v2\/media?parent=8023"}],"wp:term":[{"taxonomy":"category","embeddable":true,"href":"https:\/\/www.welovecycling.com\/pl\/wp-json\/wp\/v2\/categories?post=8023"},{"taxonomy":"post_tag","embeddable":true,"href":"https:\/\/www.welovecycling.com\/pl\/wp-json\/wp\/v2\/tags?post=8023"},{"taxonomy":"global-categories","embeddable":true,"href":"https:\/\/www.welovecycling.com\/pl\/wp-json\/wp\/v2\/global-categories?post=8023"}],"curies":[{"name":"wp","href":"https:\/\/api.w.org\/{rel}","templated":true}]}}