{"id":8011,"date":"2018-10-23T15:32:10","date_gmt":"2018-10-23T15:32:10","guid":{"rendered":"https:\/\/www.welovecycling.com\/pl\/?p=8011"},"modified":"2018-10-23T15:32:10","modified_gmt":"2018-10-23T15:32:10","slug":"tour-de-france-2019-odkrylo-pierwsze-karty-co-dalej","status":"publish","type":"post","link":"https:\/\/www.welovecycling.com\/pl\/2018\/10\/23\/tour-de-france-2019-odkrylo-pierwsze-karty-co-dalej\/","title":{"rendered":"Tour de France 2019 odkry\u0142o pierwsze karty! Co dalej?"},"content":{"rendered":"<p><strong>Za kilkadziesi\u0105t godzin wielka uczta \u015bwiatowego kolarstwa, ale organizatorzy ju\u017c zaserwowali przystawki&#8230; W czwartek poznamy tras\u0119 Tour de France 2019, ale odkryto ju\u017c karty zwi\u0105zane z Grand Depart, czyli Wielkim Otwarciem, kt\u00f3re tym razem odb\u0119dzie si\u0119 w Belgii.<\/strong><\/p>\n<p>Gdy w 1954 r. Wielka P\u0119tla startowa\u0142a z Amsterdamu, cz\u0119\u015b\u0107 Francuz\u00f3w nie kry\u0142a oburzenia. W ko\u0144cu ten wy\u015bcig to per\u0142a Francji, rozpoznawalno\u015bci\u0105 por\u00f3wnywalna z tamtejszym winem i serami. A czy kto\u015b zgodzi\u0142by si\u0119 przenie\u015b\u0107 winiarnie lub serownie, cho\u0107by na moment, za granic\u0119?<\/p>\n<p>Organizatorzy jednak zaryzykowali i okaza\u0142o si\u0119 to strza\u0142em w dziesi\u0105tk\u0119. Dlatego w\u0142a\u015bnie Tour de France 2019 po raz kolejny rozpocznie si\u0119 w Brukseli.<\/p>\n<p>&#8211; To wielkie wyr\u00f3\u017cnienie i jestem pewny, \u017ce Belgowie b\u0119d\u0105 \u015bwi\u0119towali je w \u015bwietnym stylu. To r\u00f3wnie\u017c okazja, aby zaprezentowa\u0107 nasze pi\u0119kne i go\u015bcinne miasto, bo trasa b\u0119dzie prowadzi\u0142a przez miejsca zapieraj\u0105ce dech w piersiach. Ciesz\u0119 si\u0119, \u017ce obejrz\u0105 to miliardy ludzi na ca\u0142ej Ziemi. To idealne t\u0142o dla najlepszych zawodnik\u00f3w \u015bwiata \u2013 podkre\u015bla Alain Courtois, radny Brukseli, kt\u00f3ry w stolicy Belgii odpowiedzialny jest za sport.<\/p>\n<p><strong>Uhonorowanie legendy<\/strong><\/p>\n<p>Tour de France pewnie nie zajrza\u0142by do Brukseli, gdyby nie Eddy Merckx, absolutna legenda Wielkie P\u0119tli. Wy\u015bcig wygrywa\u0142 pi\u0119ciokrotnie (w latach 1969 \u2013 1972 i w 1974 r.), jest te\u017c rekordzist\u0105 pod wzgl\u0119dem zwyci\u0119stw etapowych (96) i jako jedyny zawodnik w historii, w trakcie jednego wy\u015bcigu wygra\u0142 klasyfikacj\u0119 generaln\u0105, punktow\u0105, sprintersk\u0105 oraz g\u00f3rsk\u0105 (w 1969 r.).<\/p>\n<p>I to w\u0142a\u015bnie w przysz\u0142ym roku minie 50 lat od pierwszego triumfu Belga w Wielkiej P\u0119tli, wi\u0119c ten jubileusz b\u0119dzie m\u00f3g\u0142 \u015bwi\u0119towa\u0107 mi\u0119dzy rodakami podczas Grand Depart.<\/p>\n<figure id=\"attachment_8012\" aria-describedby=\"caption-attachment-8012\" style=\"width: 1024px\" class=\"wp-caption alignnone\"><a href=\"https:\/\/d2p6e6u75xmxt8.cloudfront.net\/5\/2018\/10\/3fd7f.jpg\"><img loading=\"lazy\" decoding=\"async\" class=\"size-large wp-image-8012\" src=\"https:\/\/d2p6e6u75xmxt8.cloudfront.net\/5\/2018\/10\/3fd7f-1024x353.jpg\" alt=\"https:\/\/www.letour.fr\/en\/grand-depart-2019\" width=\"1024\" height=\"353\" srcset=\"https:\/\/d2p6e6u75xmxt8.cloudfront.net\/5\/2018\/10\/3fd7f-1024x353.jpg 1024w, https:\/\/d2p6e6u75xmxt8.cloudfront.net\/5\/2018\/10\/3fd7f-300x104.jpg 300w, https:\/\/d2p6e6u75xmxt8.cloudfront.net\/5\/2018\/10\/3fd7f-768x265.jpg 768w, https:\/\/d2p6e6u75xmxt8.cloudfront.net\/5\/2018\/10\/3fd7f-1920x662.jpg 1920w, https:\/\/d2p6e6u75xmxt8.cloudfront.net\/5\/2018\/10\/3fd7f.jpg 2000w, https:\/\/d2p6e6u75xmxt8.cloudfront.net\/5\/2018\/10\/3fd7f-1920x662.jpg 1920w\" sizes=\"auto, (max-width: 1024px) 100vw, 1024px\" \/><\/a><figcaption id=\"caption-attachment-8012\" class=\"wp-caption-text\">\u24d2https:\/\/www.letour.fr\/en\/grand-depart-2019<\/figcaption><\/figure>\n<p>\u2013<em> Start Tour de France 2019 w Brukseli to minimum, jakie mogli\u015bmy zrobi\u0107 dla uhonorowania tego wielkiego zawodnika. Eddy Merckx by\u0142 wyj\u0105tkowym kolarzem, a dzi\u015b jest po prostu legend\u0105<\/em> \u2013 podkre\u015bla Christian Prudhomme, dyrektor Wielkiej P\u0119tli.<\/p>\n<p>Okazji do wzniesienia lampki szampana b\u0119dzie jednak wi\u0119cej, bo w przysz\u0142ym roku minie dok\u0142adnie 100 lat, odk\u0105d lider Tour de France zacz\u0105\u0142 zak\u0142ada\u0107 koszulk\u0119 w \u017c\u00f3\u0142tym kolorze.<\/p>\n<p><strong>Strza\u0142a, kapliczka, ogromny atom<\/strong><\/p>\n<p>Wielka P\u0119tla rozpocznie si\u0119 6 lipca, oczywi\u015bcie z brukselskiego rynku. Zawodnicy pojad\u0105 na wsch\u00f3d przez Muur van Geraardsbergen, g\u00f3r\u0119, kt\u00f3r\u0105 zna ka\u017cdy fan kolarstwa z Wy\u015bcigu Dooko\u0142a Flandrii. Cz\u0119\u015bciowo brukowany podjazd z charakterystyczn\u0105 kapliczk\u0105 stanie si\u0119 zapewne jedn\u0105 z ikon Grand Depart. Nast\u0119pnie kolarze pojad\u0105 do Charleroi, najwi\u0119kszego miasta Walonii (st\u0105d co roku startuje jednodniowy klasyk Strza\u0142a Walo\u0144ska) i tam zawr\u00f3c\u0105 do Brukseli. \u0141\u0105cznie etap b\u0119dzie liczy\u0142 192 km.<\/p>\n<div id='gallery-1' class='gallery galleryid-8011 gallery-columns-2 gallery-size-full'><figure class='gallery-item'>\n\t\t\t<div class='gallery-icon landscape'>\n\t\t\t\t<a href='https:\/\/d2p6e6u75xmxt8.cloudfront.net\/5\/2018\/10\/bb4bf.jpg'><img loading=\"lazy\" decoding=\"async\" width=\"472\" height=\"472\" src=\"https:\/\/d2p6e6u75xmxt8.cloudfront.net\/5\/2018\/10\/bb4bf.jpg\" class=\"attachment-full size-full\" alt=\"\" aria-describedby=\"gallery-1-8015\" srcset=\"https:\/\/d2p6e6u75xmxt8.cloudfront.net\/5\/2018\/10\/bb4bf.jpg 472w, https:\/\/d2p6e6u75xmxt8.cloudfront.net\/5\/2018\/10\/bb4bf-150x150.jpg 150w, https:\/\/d2p6e6u75xmxt8.cloudfront.net\/5\/2018\/10\/bb4bf-300x300.jpg 300w\" sizes=\"auto, (max-width: 472px) 100vw, 472px\" \/><\/a>\n\t\t\t<\/div>\n\t\t\t\t<figcaption class='wp-caption-text gallery-caption' id='gallery-1-8015'>\n\t\t\t\thttps:\/\/www.letour.fr\/en\/grand-depart-2019\n\t\t\t\t<\/figcaption><\/figure><figure class='gallery-item'>\n\t\t\t<div class='gallery-icon landscape'>\n\t\t\t\t<a href='https:\/\/d2p6e6u75xmxt8.cloudfront.net\/5\/2018\/10\/2775e.jpg'><img loading=\"lazy\" decoding=\"async\" width=\"472\" height=\"472\" src=\"https:\/\/d2p6e6u75xmxt8.cloudfront.net\/5\/2018\/10\/2775e.jpg\" class=\"attachment-full size-full\" alt=\"\" aria-describedby=\"gallery-1-8014\" srcset=\"https:\/\/d2p6e6u75xmxt8.cloudfront.net\/5\/2018\/10\/2775e.jpg 472w, https:\/\/d2p6e6u75xmxt8.cloudfront.net\/5\/2018\/10\/2775e-150x150.jpg 150w, https:\/\/d2p6e6u75xmxt8.cloudfront.net\/5\/2018\/10\/2775e-300x300.jpg 300w\" sizes=\"auto, (max-width: 472px) 100vw, 472px\" \/><\/a>\n\t\t\t<\/div>\n\t\t\t\t<figcaption class='wp-caption-text gallery-caption' id='gallery-1-8014'>\n\t\t\t\thttps:\/\/www.letour.fr\/en\/grand-depart-2019\n\t\t\t\t<\/figcaption><\/figure>\n\t\t<\/div>\n\n<p>Nazajutrz zostanie rozegrana jazda dru\u017cynowa na czas (28 km). Zawodnicy wystartuj\u0105 sprzed Pa\u0142acu Kr\u00f3lewskiego w Brukseli, a finisz zaplanowano w pobli\u017cu Atomium, monumentalnego kryszta\u0142u \u017celaza, powi\u0119kszonego\u2026 165 miliard\u00f3w razy (ma 103 metry wysoko\u015bci i wa\u017cy 2400 ton.). Zosta\u0142 on zbudowany z okazji z EXPO 1958 i sta\u0142 si\u0119 jednym z najbardziej rozpoznawalnych miejsc w Brukseli. To w\u0142a\u015bnie u podn\u00f3\u017ca ogromnych dziewi\u0119ciu kul, kolarze po\u017cegnaj\u0105 si\u0119 z Belgi\u0105 i na kolejne etapy przenios\u0105 do Francji.<\/p>\n<p>&#8211; <em>Goszczenie Tour de France to zaszczyt dla Brukseli, ale tak\u017ce ca\u0142ej Belgii, kt\u00f3ra wychowa\u0142a wielu \u015bwietnych zawodnik\u00f3w. Wy\u015bcig przejedzie przez 19 region\u00f3w, a to wielka gratka dla fan\u00f3w kolarstwa oraz ca\u0142ej bran\u017cy hotelarsko-gastronomicznej<\/em> \u2013 podkre\u015bla Rudi Vervoort, prezydent Regionu Bruksela.<\/p>\n<p><strong>Co z reszt\u0105 trasy? Odpowied\u017a w czwartek<\/strong><\/p>\n<p>Ale co dalej? Kt\u00f3rymi trasami kolarze b\u0119d\u0105 \u015bci\u0105gali si\u0119 we Francji? Z jakimi zmierz\u0105 si\u0119 g\u00f3rami? Kt\u00f3rych kibic\u00f3w zaszczyc\u0105 swoj\u0105 obecno\u015bci\u0105? Przeciek\u00f3w i plotek na ten temat jest wiele, ale wszystkiego dowiemy si\u0119 ju\u017c w czwartek, podczas oficjalnej gali, na kt\u00f3rej zostanie zaprezentowana ca\u0142a trasa Tour de France 2019!<\/p>\n","protected":false},"excerpt":{"rendered":"<p>Za kilkadziesi\u0105t godzin wielka uczta \u015bwiatowego kolarstwa, ale organizatorzy ju\u017c zaserwowali przystawki&#8230; W czwartek poznamy tras\u0119 Tour de France 2019, [&hellip;]<\/p>\n","protected":false},"author":76,"featured_media":8012,"comment_status":"open","ping_status":"open","sticky":false,"template":"","format":"standard","meta":{"footnotes":""},"categories":[300],"tags":[],"global-categories":[],"class_list":["post-8011","post","type-post","status-publish","format-standard","has-post-thumbnail","hentry","category-tour-de-france-2019"],"yoast_head":"<!-- This site is optimized with the Yoast SEO Premium plugin v25.3 (Yoast SEO v25.9) - https:\/\/yoast.com\/wordpress\/plugins\/seo\/ -->\n<title>Tour de France 2019 odkry\u0142o pierwsze karty! Co dalej? - \u0160koda We Love Cycling - Poland<\/title>\n<meta name=\"robots\" content=\"index, follow, max-snippet:-1, max-image-preview:large, max-video-preview:-1\" \/>\n<link rel=\"canonical\" href=\"https:\/\/www.welovecycling.com\/pl\/2018\/10\/23\/tour-de-france-2019-odkrylo-pierwsze-karty-co-dalej\/\" \/>\n<meta property=\"og:locale\" content=\"pl_PL\" \/>\n<meta property=\"og:type\" content=\"article\" \/>\n<meta property=\"og:title\" content=\"Tour de France 2019 odkry\u0142o pierwsze karty! Co dalej?\" \/>\n<meta property=\"og:description\" content=\"Za kilkadziesi\u0105t godzin wielka uczta \u015bwiatowego kolarstwa, ale organizatorzy ju\u017c zaserwowali przystawki&#8230; W czwartek poznamy tras\u0119 Tour de France 2019, [&hellip;]\" \/>\n<meta property=\"og:url\" content=\"https:\/\/www.welovecycling.com\/pl\/2018\/10\/23\/tour-de-france-2019-odkrylo-pierwsze-karty-co-dalej\/\" \/>\n<meta property=\"og:site_name\" content=\"\u0160koda We Love Cycling - Poland\" \/>\n<meta property=\"article:published_time\" content=\"2018-10-23T15:32:10+00:00\" \/>\n<meta property=\"og:image\" content=\"https:\/\/d2p6e6u75xmxt8.cloudfront.net\/5\/2018\/10\/3fd7f.jpg\" \/>\n\t<meta property=\"og:image:width\" content=\"2000\" \/>\n\t<meta property=\"og:image:height\" content=\"690\" \/>\n\t<meta property=\"og:image:type\" content=\"image\/jpeg\" \/>\n<meta name=\"author\" content=\"piotrboczkowski\" \/>\n<meta name=\"twitter:card\" content=\"summary_large_image\" \/>\n<meta name=\"twitter:label1\" content=\"Written by\" \/>\n\t<meta name=\"twitter:data1\" content=\"Piotr Jawor\" \/>\n\t<meta name=\"twitter:label2\" content=\"Est. reading time\" \/>\n\t<meta name=\"twitter:data2\" content=\"4\" \/>\n<script type=\"application\/ld+json\" class=\"yoast-schema-graph\">{\"@context\":\"https:\/\/schema.org\",\"@graph\":[{\"@type\":\"WebPage\",\"@id\":\"https:\/\/www.welovecycling.com\/pl\/2018\/10\/23\/tour-de-france-2019-odkrylo-pierwsze-karty-co-dalej\/\",\"url\":\"https:\/\/www.welovecycling.com\/pl\/2018\/10\/23\/tour-de-france-2019-odkrylo-pierwsze-karty-co-dalej\/\",\"name\":\"Tour de France 2019 odkry\u0142o pierwsze karty! Co dalej? - \u0160koda We Love Cycling - Poland\",\"isPartOf\":{\"@id\":\"https:\/\/www.welovecycling.com\/pl\/#website\"},\"primaryImageOfPage\":{\"@id\":\"https:\/\/www.welovecycling.com\/pl\/2018\/10\/23\/tour-de-france-2019-odkrylo-pierwsze-karty-co-dalej\/#primaryimage\"},\"image\":{\"@id\":\"https:\/\/www.welovecycling.com\/pl\/2018\/10\/23\/tour-de-france-2019-odkrylo-pierwsze-karty-co-dalej\/#primaryimage\"},\"thumbnailUrl\":\"https:\/\/d2p6e6u75xmxt8.cloudfront.net\/5\/2018\/10\/3fd7f.jpg\",\"datePublished\":\"2018-10-23T15:32:10+00:00\",\"author\":{\"@id\":\"https:\/\/www.welovecycling.com\/pl\/#\/schema\/person\/0dba2d39da943db9df3fd8f4687e7f23\"},\"breadcrumb\":{\"@id\":\"https:\/\/www.welovecycling.com\/pl\/2018\/10\/23\/tour-de-france-2019-odkrylo-pierwsze-karty-co-dalej\/#breadcrumb\"},\"inLanguage\":\"pl-PL\",\"potentialAction\":[{\"@type\":\"ReadAction\",\"target\":[\"https:\/\/www.welovecycling.com\/pl\/2018\/10\/23\/tour-de-france-2019-odkrylo-pierwsze-karty-co-dalej\/\"]}]},{\"@type\":\"ImageObject\",\"inLanguage\":\"pl-PL\",\"@id\":\"https:\/\/www.welovecycling.com\/pl\/2018\/10\/23\/tour-de-france-2019-odkrylo-pierwsze-karty-co-dalej\/#primaryimage\",\"url\":\"https:\/\/d2p6e6u75xmxt8.cloudfront.net\/5\/2018\/10\/3fd7f.jpg\",\"contentUrl\":\"https:\/\/d2p6e6u75xmxt8.cloudfront.net\/5\/2018\/10\/3fd7f.jpg\",\"width\":2000,\"height\":690,\"caption\":\"https:\/\/www.letour.fr\/en\/grand-depart-2019\"},{\"@type\":\"BreadcrumbList\",\"@id\":\"https:\/\/www.welovecycling.com\/pl\/2018\/10\/23\/tour-de-france-2019-odkrylo-pierwsze-karty-co-dalej\/#breadcrumb\",\"itemListElement\":[{\"@type\":\"ListItem\",\"position\":1,\"name\":\"Home\",\"item\":\"https:\/\/www.welovecycling.com\/pl\/\"},{\"@type\":\"ListItem\",\"position\":2,\"name\":\"Tour de France 2019 odkry\u0142o pierwsze karty! Co dalej?\"}]},{\"@type\":\"WebSite\",\"@id\":\"https:\/\/www.welovecycling.com\/pl\/#website\",\"url\":\"https:\/\/www.welovecycling.com\/pl\/\",\"name\":\"\u0160koda We Love Cycling - Poland\",\"description\":\"\",\"potentialAction\":[{\"@type\":\"SearchAction\",\"target\":{\"@type\":\"EntryPoint\",\"urlTemplate\":\"https:\/\/www.welovecycling.com\/pl\/?s={search_term_string}\"},\"query-input\":{\"@type\":\"PropertyValueSpecification\",\"valueRequired\":true,\"valueName\":\"search_term_string\"}}],\"inLanguage\":\"pl-PL\"},{\"@type\":\"Person\",\"@id\":\"https:\/\/www.welovecycling.com\/pl\/#\/schema\/person\/0dba2d39da943db9df3fd8f4687e7f23\",\"name\":\"piotrboczkowski\",\"image\":{\"@type\":\"ImageObject\",\"inLanguage\":\"pl-PL\",\"@id\":\"https:\/\/www.welovecycling.com\/pl\/#\/schema\/person\/image\/\",\"url\":\"https:\/\/secure.gravatar.com\/avatar\/533caccae14752e03a2ce2d3fd62d1b98b93e1393c3195c27819e53344ca1ace?s=96&d=mm&r=g\",\"contentUrl\":\"https:\/\/secure.gravatar.com\/avatar\/533caccae14752e03a2ce2d3fd62d1b98b93e1393c3195c27819e53344ca1ace?s=96&d=mm&r=g\",\"caption\":\"piotrboczkowski\"},\"url\":\"https:\/\/www.welovecycling.com\/pl\/author\/piotrboczkowski\/\"}]}<\/script>\n<!-- \/ Yoast SEO Premium plugin. -->","yoast_head_json":{"title":"Tour de France 2019 odkry\u0142o pierwsze karty! Co dalej? - \u0160koda We Love Cycling - Poland","robots":{"index":"index","follow":"follow","max-snippet":"max-snippet:-1","max-image-preview":"max-image-preview:large","max-video-preview":"max-video-preview:-1"},"canonical":"https:\/\/www.welovecycling.com\/pl\/2018\/10\/23\/tour-de-france-2019-odkrylo-pierwsze-karty-co-dalej\/","og_locale":"pl_PL","og_type":"article","og_title":"Tour de France 2019 odkry\u0142o pierwsze karty! Co dalej?","og_description":"Za kilkadziesi\u0105t godzin wielka uczta \u015bwiatowego kolarstwa, ale organizatorzy ju\u017c zaserwowali przystawki&#8230; W czwartek poznamy tras\u0119 Tour de France 2019, [&hellip;]","og_url":"https:\/\/www.welovecycling.com\/pl\/2018\/10\/23\/tour-de-france-2019-odkrylo-pierwsze-karty-co-dalej\/","og_site_name":"\u0160koda We Love Cycling - Poland","article_published_time":"2018-10-23T15:32:10+00:00","og_image":[{"width":2000,"height":690,"url":"https:\/\/d2p6e6u75xmxt8.cloudfront.net\/5\/2018\/10\/3fd7f.jpg","type":"image\/jpeg"}],"author":"piotrboczkowski","twitter_card":"summary_large_image","twitter_misc":{"Written by":"Piotr Jawor","Est. reading time":"4"},"schema":{"@context":"https:\/\/schema.org","@graph":[{"@type":"WebPage","@id":"https:\/\/www.welovecycling.com\/pl\/2018\/10\/23\/tour-de-france-2019-odkrylo-pierwsze-karty-co-dalej\/","url":"https:\/\/www.welovecycling.com\/pl\/2018\/10\/23\/tour-de-france-2019-odkrylo-pierwsze-karty-co-dalej\/","name":"Tour de France 2019 odkry\u0142o pierwsze karty! Co dalej? - \u0160koda We Love Cycling - Poland","isPartOf":{"@id":"https:\/\/www.welovecycling.com\/pl\/#website"},"primaryImageOfPage":{"@id":"https:\/\/www.welovecycling.com\/pl\/2018\/10\/23\/tour-de-france-2019-odkrylo-pierwsze-karty-co-dalej\/#primaryimage"},"image":{"@id":"https:\/\/www.welovecycling.com\/pl\/2018\/10\/23\/tour-de-france-2019-odkrylo-pierwsze-karty-co-dalej\/#primaryimage"},"thumbnailUrl":"https:\/\/d2p6e6u75xmxt8.cloudfront.net\/5\/2018\/10\/3fd7f.jpg","datePublished":"2018-10-23T15:32:10+00:00","author":{"@id":"https:\/\/www.welovecycling.com\/pl\/#\/schema\/person\/0dba2d39da943db9df3fd8f4687e7f23"},"breadcrumb":{"@id":"https:\/\/www.welovecycling.com\/pl\/2018\/10\/23\/tour-de-france-2019-odkrylo-pierwsze-karty-co-dalej\/#breadcrumb"},"inLanguage":"pl-PL","potentialAction":[{"@type":"ReadAction","target":["https:\/\/www.welovecycling.com\/pl\/2018\/10\/23\/tour-de-france-2019-odkrylo-pierwsze-karty-co-dalej\/"]}]},{"@type":"ImageObject","inLanguage":"pl-PL","@id":"https:\/\/www.welovecycling.com\/pl\/2018\/10\/23\/tour-de-france-2019-odkrylo-pierwsze-karty-co-dalej\/#primaryimage","url":"https:\/\/d2p6e6u75xmxt8.cloudfront.net\/5\/2018\/10\/3fd7f.jpg","contentUrl":"https:\/\/d2p6e6u75xmxt8.cloudfront.net\/5\/2018\/10\/3fd7f.jpg","width":2000,"height":690,"caption":"https:\/\/www.letour.fr\/en\/grand-depart-2019"},{"@type":"BreadcrumbList","@id":"https:\/\/www.welovecycling.com\/pl\/2018\/10\/23\/tour-de-france-2019-odkrylo-pierwsze-karty-co-dalej\/#breadcrumb","itemListElement":[{"@type":"ListItem","position":1,"name":"Home","item":"https:\/\/www.welovecycling.com\/pl\/"},{"@type":"ListItem","position":2,"name":"Tour de France 2019 odkry\u0142o pierwsze karty! Co dalej?"}]},{"@type":"WebSite","@id":"https:\/\/www.welovecycling.com\/pl\/#website","url":"https:\/\/www.welovecycling.com\/pl\/","name":"\u0160koda We Love Cycling - Poland","description":"","potentialAction":[{"@type":"SearchAction","target":{"@type":"EntryPoint","urlTemplate":"https:\/\/www.welovecycling.com\/pl\/?s={search_term_string}"},"query-input":{"@type":"PropertyValueSpecification","valueRequired":true,"valueName":"search_term_string"}}],"inLanguage":"pl-PL"},{"@type":"Person","@id":"https:\/\/www.welovecycling.com\/pl\/#\/schema\/person\/0dba2d39da943db9df3fd8f4687e7f23","name":"piotrboczkowski","image":{"@type":"ImageObject","inLanguage":"pl-PL","@id":"https:\/\/www.welovecycling.com\/pl\/#\/schema\/person\/image\/","url":"https:\/\/secure.gravatar.com\/avatar\/533caccae14752e03a2ce2d3fd62d1b98b93e1393c3195c27819e53344ca1ace?s=96&d=mm&r=g","contentUrl":"https:\/\/secure.gravatar.com\/avatar\/533caccae14752e03a2ce2d3fd62d1b98b93e1393c3195c27819e53344ca1ace?s=96&d=mm&r=g","caption":"piotrboczkowski"},"url":"https:\/\/www.welovecycling.com\/pl\/author\/piotrboczkowski\/"}]}},"_links":{"self":[{"href":"https:\/\/www.welovecycling.com\/pl\/wp-json\/wp\/v2\/posts\/8011","targetHints":{"allow":["GET"]}}],"collection":[{"href":"https:\/\/www.welovecycling.com\/pl\/wp-json\/wp\/v2\/posts"}],"about":[{"href":"https:\/\/www.welovecycling.com\/pl\/wp-json\/wp\/v2\/types\/post"}],"author":[{"embeddable":true,"href":"https:\/\/www.welovecycling.com\/pl\/wp-json\/wp\/v2\/users\/76"}],"replies":[{"embeddable":true,"href":"https:\/\/www.welovecycling.com\/pl\/wp-json\/wp\/v2\/comments?post=8011"}],"version-history":[{"count":2,"href":"https:\/\/www.welovecycling.com\/pl\/wp-json\/wp\/v2\/posts\/8011\/revisions"}],"predecessor-version":[{"id":8018,"href":"https:\/\/www.welovecycling.com\/pl\/wp-json\/wp\/v2\/posts\/8011\/revisions\/8018"}],"wp:featuredmedia":[{"embeddable":true,"href":"https:\/\/www.welovecycling.com\/pl\/wp-json\/wp\/v2\/media\/8012"}],"wp:attachment":[{"href":"https:\/\/www.welovecycling.com\/pl\/wp-json\/wp\/v2\/media?parent=8011"}],"wp:term":[{"taxonomy":"category","embeddable":true,"href":"https:\/\/www.welovecycling.com\/pl\/wp-json\/wp\/v2\/categories?post=8011"},{"taxonomy":"post_tag","embeddable":true,"href":"https:\/\/www.welovecycling.com\/pl\/wp-json\/wp\/v2\/tags?post=8011"},{"taxonomy":"global-categories","embeddable":true,"href":"https:\/\/www.welovecycling.com\/pl\/wp-json\/wp\/v2\/global-categories?post=8011"}],"curies":[{"name":"wp","href":"https:\/\/api.w.org\/{rel}","templated":true}]}}